{"id":121548,"date":"2023-02-25T07:50:22","date_gmt":"2023-02-25T10:50:22","guid":{"rendered":"https:\/\/folhapopular.info\/?p=121548"},"modified":"2023-02-25T07:51:57","modified_gmt":"2023-02-25T10:51:57","slug":"dia-do-campo-pro-milho-reune-produtores-e-entidades-em-teutonia","status":"publish","type":"post","link":"https:\/\/folhapopular.info\/index.php\/2023\/02\/25\/dia-do-campo-pro-milho-reune-produtores-e-entidades-em-teutonia\/","title":{"rendered":"Dia do Campo Pr\u00f3-Milho re\u00fane produtores e entidades em Teut\u00f4nia"},"content":{"rendered":"\n<p>Cerca de 100 pessoas, entre agricultores, t\u00e9cnicos, representantes de entidades e lideran\u00e7as estiveram reunidos nesta sexta-feira (24\/2) na propriedade de Leni e Nelson Fries, na localidade de Linha Wink, em Teut\u00f4nia. O grupo composto por pessoas de mais de 15 munic\u00edpios, esteve presente para o Dia de Campo do Pr\u00f3-Milho \u2013 pol\u00edtica p\u00fablica do Governo do Estado. A proposta tem o objetivo de incentivar e coordenar a\u00e7\u00f5es para aumentem a produ\u00e7\u00e3o e a qualidade do milho no Rio Grande do Sul.<\/p>\n\n\n\n<p>O momento \u00e9 organizado pela Secretaria Estadual de Agricultura, Pecu\u00e1ria, Produ\u00e7\u00e3o Sustent\u00e1vel e Irriga\u00e7\u00e3o (Seapi) e pela Emater\/RS-Ascar.<\/p>\n\n\n\n<p>Em cinco esta\u00e7\u00f5es de trabalho foram discutidos temas como: perdas na colheita e regulagem de colhedora, sistemas de irriga\u00e7\u00e3o, manejo da lavoura e rota\u00e7\u00e3o de culturas, tecnologias de aplica\u00e7\u00e3o e defensivos agr\u00edcolas e seguran\u00e7a alimentar com base no uso do milho.<\/p>\n\n\n\n<p>O extensionista da Emater\/RS-Ascar, Alano Tonin, apresentou alternativas para minimizar as perdas da colheita. \u201cA ideia geral \u00e9 qualificar a cadeia produtiva como um todo, ampliando a produ\u00e7\u00e3o de milho no Estado que, hoje, ainda \u00e9 inferior a demanda\u201d, destacou.<\/p>\n\n\n\n<p>Filho do anfitri\u00e3o da tarde, o extensionista da Emater\/RS-Ascar, Carlos Fries, foi o respons\u00e1vel pela esta\u00e7\u00e3o de manejo de lavoura e rota\u00e7\u00e3o de culturas. Destacou que a condu\u00e7\u00e3o da lavoura at\u00e9 chegar ao est\u00e1gio atual, a colheita de 160 sacas de milho por hectare, \u00e9 um processo que tem in\u00edcio h\u00e1 cerca de 10 anos, com an\u00e1lises permanentes de solo e corre\u00e7\u00e3o de fertilidade, \u201csomado a outros processos, como a rota\u00e7\u00e3o de culturas (a fam\u00edlia tamb\u00e9m adota o trigo e a soja), antecipa\u00e7\u00e3o da \u00e9poca do plantio e mesmo o manejo adequado de pragas, com redu\u00e7\u00e3o do n\u00famero de aplica\u00e7\u00f5es\u201d, salienta.<\/p>\n\n\n\n<p>Para Nelson Fries, a oportunidade de poder trocar informa\u00e7\u00f5es com outros agricultores, em eventos do tipo, \u00e9 algo que merece destaque. \u201cA gente sempre tem o que aprender, mesmo tendo bastante experi\u00eancia no assunto\u201d, afirma.<\/p>\n\n\n\n<p>\u201cPara se ter uma ideia, a aduba\u00e7\u00e3o que utilizamos no local foi para um cen\u00e1rio ideal, sem defici\u00eancia h\u00eddrica, em que estim\u00e1vamos uma colheita de 180 sacos por hectare\u201d, avalia. \u201cAssim, 160 sacos para esse ano \u00e9 espetacular\u201d, pontua.&nbsp;<\/p>\n\n\n\n<p>Em um cen\u00e1rio ideal, ser\u00e1 poss\u00edvel colher 200 sacos de milho, 80 de trigo e 80 de soja por hectare, segundo estimativas da fam\u00edlia. Para Fries, o trabalho consiste em minimizar perdas. \u201cDe que adianta eu ter uma boa produtividade se durante a colheita eu perco uma saca de gr\u00e3o por hectare\u201d, questiona.<\/p>\n\n\n\n<p>Cada saca custa, em m\u00e9dia, cerca de R$ 90,00 para o produtor. J\u00e1 a irriga\u00e7\u00e3o \u00e9 um excelente caminho para uma estabilidade de produ\u00e7\u00e3o, mesmo em anos adversos, de seca. \u201cClaro, tendo possibilidade de acesso \u00e0 \u00e1gua na propriedade\u201d, frisa.&nbsp;&nbsp;<\/p>\n\n\n\n<p>Para seu Nelson, a oportunidade de poder trocar informa\u00e7\u00f5es com outros agricultores, em eventos do tipo, \u00e9 algo que merece destaque. \u201cA gente sempre tem o que aprender, mesmo tendo bastante experi\u00eancia no assunto\u201d, afirma.<\/p>\n\n\n\n<p>Com quase cinco d\u00e9cadas trabalhando no cultivo de gr\u00e3os, o produtor comenta que as diversas tecnologias existentes hoje em dia s\u00e3o um caminho para a qualifica\u00e7\u00e3o. Ele sorri ao afirmar que, aos 71 anos, a responsabilidade da lavoura estar agora com Carlos. <\/p>\n\n\n\n<p>Entre as lideran\u00e7as presentes no encontro estiveram o gerente regional e o supervisor da Emater\/RS-Ascar, Cristiano Laste e \u00c1lvaro Mallmann, a secret\u00e1ria municipal de Agricultura, L\u00eddia Dhein, e o representante do Sindicato dos Trabalhadores Rurais (STR), Ademir Cord, al\u00e9m de outros integrantes das prefeituras envolvidas. <\/p>\n\n\n\n<p>O Dia de Campo teve o apoio da Prefeitura de Teut\u00f4nia, da C\u00e2mara Setorial do Milho, da cooperativa Sicredi e das empresas Samaq e Agroner Irriga\u00e7\u00e3o. Os extensionistas \u00c1lvaro Trierweiler, Michael Serpa, Ana C\u00e2ndida Barth, Marlova Pretto, Alano Tonin e Marcelo Brandoli tamb\u00e9m contribu\u00edram nas esta\u00e7\u00f5es.&nbsp;<\/p>\n","protected":false},"excerpt":{"rendered":"<p>Cerca de 100 pessoas, entre agricultores, t\u00e9cnicos, representantes de entidades e lideran\u00e7as estiveram reunidos nesta sexta-feira (24\/2) na propriedade de Leni e Nelson Fries, na localidade de Linha Wink, em Teut\u00f4nia. O grupo composto por pessoas de mais de 15 munic\u00edpios, esteve presente para o Dia de Campo do Pr\u00f3-Milho \u2013 pol\u00edtica p\u00fablica do Governo [&hellip;]<\/p>\n","protected":false},"author":8,"featured_media":121588,"comment_status":"open","ping_status":"open","sticky":false,"template":"","format":"standard","meta":{"pmpro_default_level":"","_jetpack_memberships_contains_paid_content":false,"footnotes":""},"categories":[2,3],"tags":[10968,173,6567,7979,26],"class_list":{"0":"post-121548","1":"post","2":"type-post","3":"status-publish","4":"format-standard","5":"has-post-thumbnail","7":"category-featured","8":"category-geral","9":"tag-campo-pro-milho","10":"tag-emater","11":"tag-milho","12":"tag-produtor","13":"tag-teutonia","14":"pmpro-has-access"},"yoast_head":"<!-- This site is optimized with the Yoast SEO plugin v27.5 - https:\/\/yoast.com\/product\/yoast-seo-wordpress\/ -->\n<title>Dia do Campo Pr\u00f3-Milho re\u00fane produtores e entidades em Teut\u00f4nia - Folha Popular<\/title>\n<meta name=\"robots\" content=\"index, follow, max-snippet:-1, max-image-preview:large, max-video-preview:-1\" \/>\n<link rel=\"canonical\" href=\"https:\/\/folhapopular.info\/index.php\/2023\/02\/25\/dia-do-campo-pro-milho-reune-produtores-e-entidades-em-teutonia\/\" \/>\n<meta property=\"og:locale\" content=\"pt_BR\" \/>\n<meta property=\"og:type\" content=\"article\" \/>\n<meta property=\"og:title\" content=\"Dia do Campo Pr\u00f3-Milho re\u00fane produtores e entidades em Teut\u00f4nia - Folha Popular\" \/>\n<meta property=\"og:description\" content=\"Cerca de 100 pessoas, entre agricultores, t\u00e9cnicos, representantes de entidades e lideran\u00e7as estiveram reunidos nesta sexta-feira (24\/2) na propriedade de Leni e Nelson Fries, na localidade de Linha Wink, em Teut\u00f4nia. O grupo composto por pessoas de mais de 15 munic\u00edpios, esteve presente para o Dia de Campo do Pr\u00f3-Milho \u2013 pol\u00edtica p\u00fablica do Governo [&hellip;]\" \/>\n<meta property=\"og:url\" content=\"https:\/\/folhapopular.info\/index.php\/2023\/02\/25\/dia-do-campo-pro-milho-reune-produtores-e-entidades-em-teutonia\/\" \/>\n<meta property=\"og:site_name\" content=\"Folha Popular\" \/>\n<meta property=\"article:published_time\" content=\"2023-02-25T10:50:22+00:00\" \/>\n<meta property=\"article:modified_time\" content=\"2023-02-25T10:51:57+00:00\" \/>\n<meta property=\"og:image\" content=\"http:\/\/folhapopular.info\/wp-content\/uploads\/2023\/02\/dia_campo_teutonia_milho_pos-5-scaled-e1677322266877.jpg\" \/>\n\t<meta property=\"og:image:width\" content=\"1200\" \/>\n\t<meta property=\"og:image:height\" content=\"800\" \/>\n\t<meta property=\"og:image:type\" content=\"image\/jpeg\" \/>\n<meta name=\"author\" content=\"Reda\u00e7\u00e3o Folha Popular\" \/>\n<meta name=\"twitter:card\" content=\"summary_large_image\" \/>\n<meta name=\"twitter:label1\" content=\"Escrito por\" \/>\n\t<meta name=\"twitter:data1\" content=\"Reda\u00e7\u00e3o Folha Popular\" \/>\n\t<meta name=\"twitter:label2\" content=\"Est. tempo de leitura\" \/>\n\t<meta name=\"twitter:data2\" content=\"4 minutos\" \/>\n<script type=\"application\/ld+json\" class=\"yoast-schema-graph\">{\"@context\":\"https:\\\/\\\/schema.org\",\"@graph\":[{\"@type\":\"Article\",\"@id\":\"https:\\\/\\\/folhapopular.info\\\/index.php\\\/2023\\\/02\\\/25\\\/dia-do-campo-pro-milho-reune-produtores-e-entidades-em-teutonia\\\/#article\",\"isPartOf\":{\"@id\":\"https:\\\/\\\/folhapopular.info\\\/index.php\\\/2023\\\/02\\\/25\\\/dia-do-campo-pro-milho-reune-produtores-e-entidades-em-teutonia\\\/\"},\"author\":{\"name\":\"Reda\u00e7\u00e3o Folha Popular\",\"@id\":\"https:\\\/\\\/folhapopular.info\\\/#\\\/schema\\\/person\\\/2814e8a0df7643585a9ca38bc6eb9d4b\"},\"headline\":\"Dia do Campo Pr\u00f3-Milho re\u00fane produtores e entidades em Teut\u00f4nia\",\"datePublished\":\"2023-02-25T10:50:22+00:00\",\"dateModified\":\"2023-02-25T10:51:57+00:00\",\"mainEntityOfPage\":{\"@id\":\"https:\\\/\\\/folhapopular.info\\\/index.php\\\/2023\\\/02\\\/25\\\/dia-do-campo-pro-milho-reune-produtores-e-entidades-em-teutonia\\\/\"},\"wordCount\":682,\"commentCount\":0,\"image\":{\"@id\":\"https:\\\/\\\/folhapopular.info\\\/index.php\\\/2023\\\/02\\\/25\\\/dia-do-campo-pro-milho-reune-produtores-e-entidades-em-teutonia\\\/#primaryimage\"},\"thumbnailUrl\":\"https:\\\/\\\/folhapopular.info\\\/wp-content\\\/uploads\\\/2023\\\/02\\\/dia_campo_teutonia_milho_pos-5-scaled-e1677322266877.jpg\",\"keywords\":[\"Campo Pr\u00f3-Milho\",\"Emater\",\"milho\",\"Produtor\",\"Teut\u00f4nia\"],\"articleSection\":[\"Destaques\",\"Geral\"],\"inLanguage\":\"pt-BR\",\"potentialAction\":[{\"@type\":\"CommentAction\",\"name\":\"Comment\",\"target\":[\"https:\\\/\\\/folhapopular.info\\\/index.php\\\/2023\\\/02\\\/25\\\/dia-do-campo-pro-milho-reune-produtores-e-entidades-em-teutonia\\\/#respond\"]}]},{\"@type\":\"WebPage\",\"@id\":\"https:\\\/\\\/folhapopular.info\\\/index.php\\\/2023\\\/02\\\/25\\\/dia-do-campo-pro-milho-reune-produtores-e-entidades-em-teutonia\\\/\",\"url\":\"https:\\\/\\\/folhapopular.info\\\/index.php\\\/2023\\\/02\\\/25\\\/dia-do-campo-pro-milho-reune-produtores-e-entidades-em-teutonia\\\/\",\"name\":\"Dia do Campo Pr\u00f3-Milho re\u00fane produtores e entidades em Teut\u00f4nia - Folha Popular\",\"isPartOf\":{\"@id\":\"https:\\\/\\\/folhapopular.info\\\/#website\"},\"primaryImageOfPage\":{\"@id\":\"https:\\\/\\\/folhapopular.info\\\/index.php\\\/2023\\\/02\\\/25\\\/dia-do-campo-pro-milho-reune-produtores-e-entidades-em-teutonia\\\/#primaryimage\"},\"image\":{\"@id\":\"https:\\\/\\\/folhapopular.info\\\/index.php\\\/2023\\\/02\\\/25\\\/dia-do-campo-pro-milho-reune-produtores-e-entidades-em-teutonia\\\/#primaryimage\"},\"thumbnailUrl\":\"https:\\\/\\\/folhapopular.info\\\/wp-content\\\/uploads\\\/2023\\\/02\\\/dia_campo_teutonia_milho_pos-5-scaled-e1677322266877.jpg\",\"datePublished\":\"2023-02-25T10:50:22+00:00\",\"dateModified\":\"2023-02-25T10:51:57+00:00\",\"author\":{\"@id\":\"https:\\\/\\\/folhapopular.info\\\/#\\\/schema\\\/person\\\/2814e8a0df7643585a9ca38bc6eb9d4b\"},\"breadcrumb\":{\"@id\":\"https:\\\/\\\/folhapopular.info\\\/index.php\\\/2023\\\/02\\\/25\\\/dia-do-campo-pro-milho-reune-produtores-e-entidades-em-teutonia\\\/#breadcrumb\"},\"inLanguage\":\"pt-BR\",\"potentialAction\":[{\"@type\":\"ReadAction\",\"target\":[\"https:\\\/\\\/folhapopular.info\\\/index.php\\\/2023\\\/02\\\/25\\\/dia-do-campo-pro-milho-reune-produtores-e-entidades-em-teutonia\\\/\"]}]},{\"@type\":\"ImageObject\",\"inLanguage\":\"pt-BR\",\"@id\":\"https:\\\/\\\/folhapopular.info\\\/index.php\\\/2023\\\/02\\\/25\\\/dia-do-campo-pro-milho-reune-produtores-e-entidades-em-teutonia\\\/#primaryimage\",\"url\":\"https:\\\/\\\/folhapopular.info\\\/wp-content\\\/uploads\\\/2023\\\/02\\\/dia_campo_teutonia_milho_pos-5-scaled-e1677322266877.jpg\",\"contentUrl\":\"https:\\\/\\\/folhapopular.info\\\/wp-content\\\/uploads\\\/2023\\\/02\\\/dia_campo_teutonia_milho_pos-5-scaled-e1677322266877.jpg\",\"width\":1200,\"height\":800,\"caption\":\"Cr\u00e9dito: Divulga\u00e7\u00e3o\"},{\"@type\":\"BreadcrumbList\",\"@id\":\"https:\\\/\\\/folhapopular.info\\\/index.php\\\/2023\\\/02\\\/25\\\/dia-do-campo-pro-milho-reune-produtores-e-entidades-em-teutonia\\\/#breadcrumb\",\"itemListElement\":[{\"@type\":\"ListItem\",\"position\":1,\"name\":\"In\u00edcio\",\"item\":\"https:\\\/\\\/folhapopular.info\\\/\"},{\"@type\":\"ListItem\",\"position\":2,\"name\":\"Dia do Campo Pr\u00f3-Milho re\u00fane produtores e entidades em Teut\u00f4nia\"}]},{\"@type\":\"WebSite\",\"@id\":\"https:\\\/\\\/folhapopular.info\\\/#website\",\"url\":\"https:\\\/\\\/folhapopular.info\\\/\",\"name\":\"Folha Popular\",\"description\":\"Onde voc\u00ea tem vez e voz\",\"potentialAction\":[{\"@type\":\"SearchAction\",\"target\":{\"@type\":\"EntryPoint\",\"urlTemplate\":\"https:\\\/\\\/folhapopular.info\\\/?s={search_term_string}\"},\"query-input\":{\"@type\":\"PropertyValueSpecification\",\"valueRequired\":true,\"valueName\":\"search_term_string\"}}],\"inLanguage\":\"pt-BR\"},{\"@type\":\"Person\",\"@id\":\"https:\\\/\\\/folhapopular.info\\\/#\\\/schema\\\/person\\\/2814e8a0df7643585a9ca38bc6eb9d4b\",\"name\":\"Reda\u00e7\u00e3o Folha Popular\",\"image\":{\"@type\":\"ImageObject\",\"inLanguage\":\"pt-BR\",\"@id\":\"https:\\\/\\\/folhapopular.info\\\/wp-content\\\/uploads\\\/2026\\\/04\\\/Folha-1.webp\",\"url\":\"https:\\\/\\\/folhapopular.info\\\/wp-content\\\/uploads\\\/2026\\\/04\\\/Folha-1.webp\",\"contentUrl\":\"https:\\\/\\\/folhapopular.info\\\/wp-content\\\/uploads\\\/2026\\\/04\\\/Folha-1.webp\",\"caption\":\"Reda\u00e7\u00e3o Folha Popular\"},\"url\":\"https:\\\/\\\/folhapopular.info\\\/index.php\\\/author\\\/redacao\\\/\"}]}<\/script>\n<!-- \/ Yoast SEO plugin. -->","yoast_head_json":{"title":"Dia do Campo Pr\u00f3-Milho re\u00fane produtores e entidades em Teut\u00f4nia - Folha Popular","robots":{"index":"index","follow":"follow","max-snippet":"max-snippet:-1","max-image-preview":"max-image-preview:large","max-video-preview":"max-video-preview:-1"},"canonical":"https:\/\/folhapopular.info\/index.php\/2023\/02\/25\/dia-do-campo-pro-milho-reune-produtores-e-entidades-em-teutonia\/","og_locale":"pt_BR","og_type":"article","og_title":"Dia do Campo Pr\u00f3-Milho re\u00fane produtores e entidades em Teut\u00f4nia - Folha Popular","og_description":"Cerca de 100 pessoas, entre agricultores, t\u00e9cnicos, representantes de entidades e lideran\u00e7as estiveram reunidos nesta sexta-feira (24\/2) na propriedade de Leni e Nelson Fries, na localidade de Linha Wink, em Teut\u00f4nia. O grupo composto por pessoas de mais de 15 munic\u00edpios, esteve presente para o Dia de Campo do Pr\u00f3-Milho \u2013 pol\u00edtica p\u00fablica do Governo [&hellip;]","og_url":"https:\/\/folhapopular.info\/index.php\/2023\/02\/25\/dia-do-campo-pro-milho-reune-produtores-e-entidades-em-teutonia\/","og_site_name":"Folha Popular","article_published_time":"2023-02-25T10:50:22+00:00","article_modified_time":"2023-02-25T10:51:57+00:00","og_image":[{"width":1200,"height":800,"url":"http:\/\/folhapopular.info\/wp-content\/uploads\/2023\/02\/dia_campo_teutonia_milho_pos-5-scaled-e1677322266877.jpg","type":"image\/jpeg"}],"author":"Reda\u00e7\u00e3o Folha Popular","twitter_card":"summary_large_image","twitter_misc":{"Escrito por":"Reda\u00e7\u00e3o Folha Popular","Est. tempo de leitura":"4 minutos"},"schema":{"@context":"https:\/\/schema.org","@graph":[{"@type":"Article","@id":"https:\/\/folhapopular.info\/index.php\/2023\/02\/25\/dia-do-campo-pro-milho-reune-produtores-e-entidades-em-teutonia\/#article","isPartOf":{"@id":"https:\/\/folhapopular.info\/index.php\/2023\/02\/25\/dia-do-campo-pro-milho-reune-produtores-e-entidades-em-teutonia\/"},"author":{"name":"Reda\u00e7\u00e3o Folha Popular","@id":"https:\/\/folhapopular.info\/#\/schema\/person\/2814e8a0df7643585a9ca38bc6eb9d4b"},"headline":"Dia do Campo Pr\u00f3-Milho re\u00fane produtores e entidades em Teut\u00f4nia","datePublished":"2023-02-25T10:50:22+00:00","dateModified":"2023-02-25T10:51:57+00:00","mainEntityOfPage":{"@id":"https:\/\/folhapopular.info\/index.php\/2023\/02\/25\/dia-do-campo-pro-milho-reune-produtores-e-entidades-em-teutonia\/"},"wordCount":682,"commentCount":0,"image":{"@id":"https:\/\/folhapopular.info\/index.php\/2023\/02\/25\/dia-do-campo-pro-milho-reune-produtores-e-entidades-em-teutonia\/#primaryimage"},"thumbnailUrl":"https:\/\/folhapopular.info\/wp-content\/uploads\/2023\/02\/dia_campo_teutonia_milho_pos-5-scaled-e1677322266877.jpg","keywords":["Campo Pr\u00f3-Milho","Emater","milho","Produtor","Teut\u00f4nia"],"articleSection":["Destaques","Geral"],"inLanguage":"pt-BR","potentialAction":[{"@type":"CommentAction","name":"Comment","target":["https:\/\/folhapopular.info\/index.php\/2023\/02\/25\/dia-do-campo-pro-milho-reune-produtores-e-entidades-em-teutonia\/#respond"]}]},{"@type":"WebPage","@id":"https:\/\/folhapopular.info\/index.php\/2023\/02\/25\/dia-do-campo-pro-milho-reune-produtores-e-entidades-em-teutonia\/","url":"https:\/\/folhapopular.info\/index.php\/2023\/02\/25\/dia-do-campo-pro-milho-reune-produtores-e-entidades-em-teutonia\/","name":"Dia do Campo Pr\u00f3-Milho re\u00fane produtores e entidades em Teut\u00f4nia - Folha Popular","isPartOf":{"@id":"https:\/\/folhapopular.info\/#website"},"primaryImageOfPage":{"@id":"https:\/\/folhapopular.info\/index.php\/2023\/02\/25\/dia-do-campo-pro-milho-reune-produtores-e-entidades-em-teutonia\/#primaryimage"},"image":{"@id":"https:\/\/folhapopular.info\/index.php\/2023\/02\/25\/dia-do-campo-pro-milho-reune-produtores-e-entidades-em-teutonia\/#primaryimage"},"thumbnailUrl":"https:\/\/folhapopular.info\/wp-content\/uploads\/2023\/02\/dia_campo_teutonia_milho_pos-5-scaled-e1677322266877.jpg","datePublished":"2023-02-25T10:50:22+00:00","dateModified":"2023-02-25T10:51:57+00:00","author":{"@id":"https:\/\/folhapopular.info\/#\/schema\/person\/2814e8a0df7643585a9ca38bc6eb9d4b"},"breadcrumb":{"@id":"https:\/\/folhapopular.info\/index.php\/2023\/02\/25\/dia-do-campo-pro-milho-reune-produtores-e-entidades-em-teutonia\/#breadcrumb"},"inLanguage":"pt-BR","potentialAction":[{"@type":"ReadAction","target":["https:\/\/folhapopular.info\/index.php\/2023\/02\/25\/dia-do-campo-pro-milho-reune-produtores-e-entidades-em-teutonia\/"]}]},{"@type":"ImageObject","inLanguage":"pt-BR","@id":"https:\/\/folhapopular.info\/index.php\/2023\/02\/25\/dia-do-campo-pro-milho-reune-produtores-e-entidades-em-teutonia\/#primaryimage","url":"https:\/\/folhapopular.info\/wp-content\/uploads\/2023\/02\/dia_campo_teutonia_milho_pos-5-scaled-e1677322266877.jpg","contentUrl":"https:\/\/folhapopular.info\/wp-content\/uploads\/2023\/02\/dia_campo_teutonia_milho_pos-5-scaled-e1677322266877.jpg","width":1200,"height":800,"caption":"Cr\u00e9dito: Divulga\u00e7\u00e3o"},{"@type":"BreadcrumbList","@id":"https:\/\/folhapopular.info\/index.php\/2023\/02\/25\/dia-do-campo-pro-milho-reune-produtores-e-entidades-em-teutonia\/#breadcrumb","itemListElement":[{"@type":"ListItem","position":1,"name":"In\u00edcio","item":"https:\/\/folhapopular.info\/"},{"@type":"ListItem","position":2,"name":"Dia do Campo Pr\u00f3-Milho re\u00fane produtores e entidades em Teut\u00f4nia"}]},{"@type":"WebSite","@id":"https:\/\/folhapopular.info\/#website","url":"https:\/\/folhapopular.info\/","name":"Folha Popular","description":"Onde voc\u00ea tem vez e voz","potentialAction":[{"@type":"SearchAction","target":{"@type":"EntryPoint","urlTemplate":"https:\/\/folhapopular.info\/?s={search_term_string}"},"query-input":{"@type":"PropertyValueSpecification","valueRequired":true,"valueName":"search_term_string"}}],"inLanguage":"pt-BR"},{"@type":"Person","@id":"https:\/\/folhapopular.info\/#\/schema\/person\/2814e8a0df7643585a9ca38bc6eb9d4b","name":"Reda\u00e7\u00e3o Folha Popular","image":{"@type":"ImageObject","inLanguage":"pt-BR","@id":"https:\/\/folhapopular.info\/wp-content\/uploads\/2026\/04\/Folha-1.webp","url":"https:\/\/folhapopular.info\/wp-content\/uploads\/2026\/04\/Folha-1.webp","contentUrl":"https:\/\/folhapopular.info\/wp-content\/uploads\/2026\/04\/Folha-1.webp","caption":"Reda\u00e7\u00e3o Folha Popular"},"url":"https:\/\/folhapopular.info\/index.php\/author\/redacao\/"}]}},"jetpack_featured_media_url":"https:\/\/folhapopular.info\/wp-content\/uploads\/2023\/02\/dia_campo_teutonia_milho_pos-5-scaled-e1677322266877.jpg","jetpack_sharing_enabled":true,"amp_enabled":true,"_links":{"self":[{"href":"https:\/\/folhapopular.info\/index.php\/wp-json\/wp\/v2\/posts\/121548","targetHints":{"allow":["GET"]}}],"collection":[{"href":"https:\/\/folhapopular.info\/index.php\/wp-json\/wp\/v2\/posts"}],"about":[{"href":"https:\/\/folhapopular.info\/index.php\/wp-json\/wp\/v2\/types\/post"}],"author":[{"embeddable":true,"href":"https:\/\/folhapopular.info\/index.php\/wp-json\/wp\/v2\/users\/8"}],"replies":[{"embeddable":true,"href":"https:\/\/folhapopular.info\/index.php\/wp-json\/wp\/v2\/comments?post=121548"}],"version-history":[{"count":0,"href":"https:\/\/folhapopular.info\/index.php\/wp-json\/wp\/v2\/posts\/121548\/revisions"}],"wp:featuredmedia":[{"embeddable":true,"href":"https:\/\/folhapopular.info\/index.php\/wp-json\/wp\/v2\/media\/121588"}],"wp:attachment":[{"href":"https:\/\/folhapopular.info\/index.php\/wp-json\/wp\/v2\/media?parent=121548"}],"wp:term":[{"taxonomy":"category","embeddable":true,"href":"https:\/\/folhapopular.info\/index.php\/wp-json\/wp\/v2\/categories?post=121548"},{"taxonomy":"post_tag","embeddable":true,"href":"https:\/\/folhapopular.info\/index.php\/wp-json\/wp\/v2\/tags?post=121548"}],"curies":[{"name":"wp","href":"https:\/\/api.w.org\/{rel}","templated":true}]}}