{"id":121909,"date":"2023-02-28T16:37:14","date_gmt":"2023-02-28T19:37:14","guid":{"rendered":"https:\/\/folhapopular.info\/?p=121909"},"modified":"2023-02-28T16:47:30","modified_gmt":"2023-02-28T19:47:30","slug":"morre-carmen-regina-ex-prefeita-de-lajeado","status":"publish","type":"post","link":"https:\/\/folhapopular.info\/index.php\/2023\/02\/28\/morre-carmen-regina-ex-prefeita-de-lajeado\/","title":{"rendered":"Morre Carmen Regina, ex-prefeita de Lajeado"},"content":{"rendered":"\n<p>Faleceu nesta ter\u00e7a-feira (28\/2) Carmen Regina Pereira Cardoso, ex-prefeita de Lajeado. Carmen foi vereadora do munic\u00edpio de 1989 a 2004, sendo a primeira mulher a assumir a presid\u00eancia do Legislativo lajeadense. De 2005 a 2012, exerceu dois mandatos como prefeita pelo antigo Partido Progressista. A ex-governante completaria 80 anos em novembro. Em 2022, Carmen recebeu o t\u00edtulo de cidad\u00e3 lajeadense durante <a href=\"https:\/\/folhapopular.info\/index.php\/2022\/07\/21\/em-reconhecimento-jose-zagonel-recebe-titulo-de-cidadao-lajeadense\/\">sess\u00e3o da C\u00e2mara de Vereadores<\/a>.<\/p>\n\n\n\n<p>&#8220;Fica o agradecimento \u00e0 prefeita Carmen por toda a dedica\u00e7\u00e3o e comprometimento com o desenvolvimento de nossa cidade e nossa solidariedade a familiares e amigos neste momento de dor. Que seu exemplo e pioneirismo sigam sendo uma inspira\u00e7\u00e3o para mulheres na vida p\u00fablica&#8221;, diz a nota da Prefeitura de Lajeado no Instagram.<\/p>\n\n\n\n<p>Em <a href=\"https:\/\/www.instagram.com\/p\/CpN0ASkLqx7\/\">sua rede social<\/a>, o atual prefeito Marcelo Caumo lamentou a morte da colega de partido:<\/p>\n\n\n\n<p><em>Que not\u00edcia triste chega de Santa Catarina&#8230; Recebi uma inesperada liga\u00e7\u00e3o do Mozart, nosso l\u00edder de governo, que comunicou a passagem da nossa sempre prefeita Carmen Regina. Dona Carmen sempre foi uma refer\u00eancia. Sua humanidade, seu amor por Lajeado e sua dedica\u00e7\u00e3o \u00e0 nossa comunidade foram exemplares. Servi junto dela como procurador, com muito orgulho, em um tempo que aprendi muito com uma verdadeira l\u00edder.<\/em><\/p>\n\n\n\n<p><em>Ela estava sempre por dentro dos principais assuntos da vida p\u00fablica do munic\u00edpio, mesmo depois de ter encerrado sua carreira na pol\u00edtica. Come\u00e7ou como vereadora, foi a primeira mulher presidente da C\u00e2mara de Vereadores e foi tamb\u00e9m a primeira mulher prefeita de Lajeado, eleita para dois mandatos. Ela fez hist\u00f3ria com a fibra e a coragem que sempre demonstrou. Foi professora com orgulho, sabia passar bons conselhos e seu ponto de vista era peculiar, com um olho cl\u00ednico e percep\u00e7\u00e3o pol\u00edtica apurad\u00edssima.<\/em><\/p>\n\n\n\n<p><em>Que Deus possa consolar a fam\u00edlia, sempre t\u00e3o presente, e os amigos neste momento de dor, e que seu grande legado sirva de consolo para que atravessem este momento de dor. Em sua homenagem, o munic\u00edpio de Lajeado decreta luto oficial de tr\u00eas dias. Muito obrigado por tudo, Dona Carmen!<\/em><\/p>\n\n\n\n<p>Carmen faleceu na Praia da Pinheira, em Santa Catarina, e a causa da morte ainda n\u00e3o foi divulgada. Ela deixa quatro filhos.\u00a0O munic\u00edpio declarou tr\u00eas dias de luto oficial (Decreto Municipal n\u00ba 13.236\/2023).<\/p>\n","protected":false},"excerpt":{"rendered":"<p>Faleceu nesta ter\u00e7a-feira (28\/2) Carmen Regina Pereira Cardoso, ex-prefeita de Lajeado. Carmen foi vereadora do munic\u00edpio de 1989 a 2004, sendo a primeira mulher a assumir a presid\u00eancia do Legislativo lajeadense. De 2005 a 2012, exerceu dois mandatos como prefeita pelo antigo Partido Progressista. A ex-governante completaria 80 anos em novembro. Em 2022, Carmen recebeu [&hellip;]<\/p>\n","protected":false},"author":8,"featured_media":121911,"comment_status":"open","ping_status":"open","sticky":false,"template":"","format":"standard","meta":{"pmpro_default_level":"","_jetpack_memberships_contains_paid_content":false,"footnotes":""},"categories":[2,11024],"tags":[11023,11022,27,5083],"class_list":{"0":"post-121909","1":"post","2":"type-post","3":"status-publish","4":"format-standard","5":"has-post-thumbnail","7":"category-featured","8":"category-obituario","9":"tag-camara-de-vereadores-de-lajeado","10":"tag-carmen-regina-pereira-cardoso","11":"tag-lajeado","12":"tag-prefeitura-de-lajeado","13":"pmpro-has-access"},"yoast_head":"<!-- This site is optimized with the Yoast SEO plugin v27.5 - https:\/\/yoast.com\/product\/yoast-seo-wordpress\/ -->\n<title>Morre Carmen Regina, ex-prefeita de Lajeado - Folha Popular<\/title>\n<meta name=\"robots\" content=\"index, follow, max-snippet:-1, max-image-preview:large, max-video-preview:-1\" \/>\n<link rel=\"canonical\" href=\"https:\/\/folhapopular.info\/index.php\/2023\/02\/28\/morre-carmen-regina-ex-prefeita-de-lajeado\/\" \/>\n<meta property=\"og:locale\" content=\"pt_BR\" \/>\n<meta property=\"og:type\" content=\"article\" \/>\n<meta property=\"og:title\" content=\"Morre Carmen Regina, ex-prefeita de Lajeado - Folha Popular\" \/>\n<meta property=\"og:description\" content=\"Faleceu nesta ter\u00e7a-feira (28\/2) Carmen Regina Pereira Cardoso, ex-prefeita de Lajeado. Carmen foi vereadora do munic\u00edpio de 1989 a 2004, sendo a primeira mulher a assumir a presid\u00eancia do Legislativo lajeadense. De 2005 a 2012, exerceu dois mandatos como prefeita pelo antigo Partido Progressista. A ex-governante completaria 80 anos em novembro. Em 2022, Carmen recebeu [&hellip;]\" \/>\n<meta property=\"og:url\" content=\"https:\/\/folhapopular.info\/index.php\/2023\/02\/28\/morre-carmen-regina-ex-prefeita-de-lajeado\/\" \/>\n<meta property=\"og:site_name\" content=\"Folha Popular\" \/>\n<meta property=\"article:published_time\" content=\"2023-02-28T19:37:14+00:00\" \/>\n<meta property=\"article:modified_time\" content=\"2023-02-28T19:47:30+00:00\" \/>\n<meta property=\"og:image\" content=\"http:\/\/folhapopular.info\/wp-content\/uploads\/2023\/02\/244660530_1827825694091892_124610800810995335_n-e1677612881456.jpg\" \/>\n\t<meta property=\"og:image:width\" content=\"511\" \/>\n\t<meta property=\"og:image:height\" content=\"383\" \/>\n\t<meta property=\"og:image:type\" content=\"image\/jpeg\" \/>\n<meta name=\"author\" content=\"Reda\u00e7\u00e3o Folha Popular\" \/>\n<meta name=\"twitter:card\" content=\"summary_large_image\" \/>\n<meta name=\"twitter:label1\" content=\"Escrito por\" \/>\n\t<meta name=\"twitter:data1\" content=\"Reda\u00e7\u00e3o Folha Popular\" \/>\n\t<meta name=\"twitter:label2\" content=\"Est. tempo de leitura\" \/>\n\t<meta name=\"twitter:data2\" content=\"3 minutos\" \/>\n<script type=\"application\/ld+json\" class=\"yoast-schema-graph\">{\"@context\":\"https:\\\/\\\/schema.org\",\"@graph\":[{\"@type\":\"Article\",\"@id\":\"https:\\\/\\\/folhapopular.info\\\/index.php\\\/2023\\\/02\\\/28\\\/morre-carmen-regina-ex-prefeita-de-lajeado\\\/#article\",\"isPartOf\":{\"@id\":\"https:\\\/\\\/folhapopular.info\\\/index.php\\\/2023\\\/02\\\/28\\\/morre-carmen-regina-ex-prefeita-de-lajeado\\\/\"},\"author\":{\"name\":\"Reda\u00e7\u00e3o Folha Popular\",\"@id\":\"https:\\\/\\\/folhapopular.info\\\/#\\\/schema\\\/person\\\/2814e8a0df7643585a9ca38bc6eb9d4b\"},\"headline\":\"Morre Carmen Regina, ex-prefeita de Lajeado\",\"datePublished\":\"2023-02-28T19:37:14+00:00\",\"dateModified\":\"2023-02-28T19:47:30+00:00\",\"mainEntityOfPage\":{\"@id\":\"https:\\\/\\\/folhapopular.info\\\/index.php\\\/2023\\\/02\\\/28\\\/morre-carmen-regina-ex-prefeita-de-lajeado\\\/\"},\"wordCount\":394,\"commentCount\":0,\"image\":{\"@id\":\"https:\\\/\\\/folhapopular.info\\\/index.php\\\/2023\\\/02\\\/28\\\/morre-carmen-regina-ex-prefeita-de-lajeado\\\/#primaryimage\"},\"thumbnailUrl\":\"https:\\\/\\\/folhapopular.info\\\/wp-content\\\/uploads\\\/2023\\\/02\\\/244660530_1827825694091892_124610800810995335_n-e1677612881456.jpg\",\"keywords\":[\"c\u00e2mara de vereadores de lajeado\",\"carmen regina pereira cardoso\",\"Lajeado\",\"Prefeitura de Lajeado\"],\"articleSection\":[\"Destaques\",\"Obitu\u00e1rio\"],\"inLanguage\":\"pt-BR\",\"potentialAction\":[{\"@type\":\"CommentAction\",\"name\":\"Comment\",\"target\":[\"https:\\\/\\\/folhapopular.info\\\/index.php\\\/2023\\\/02\\\/28\\\/morre-carmen-regina-ex-prefeita-de-lajeado\\\/#respond\"]}]},{\"@type\":\"WebPage\",\"@id\":\"https:\\\/\\\/folhapopular.info\\\/index.php\\\/2023\\\/02\\\/28\\\/morre-carmen-regina-ex-prefeita-de-lajeado\\\/\",\"url\":\"https:\\\/\\\/folhapopular.info\\\/index.php\\\/2023\\\/02\\\/28\\\/morre-carmen-regina-ex-prefeita-de-lajeado\\\/\",\"name\":\"Morre Carmen Regina, ex-prefeita de Lajeado - Folha Popular\",\"isPartOf\":{\"@id\":\"https:\\\/\\\/folhapopular.info\\\/#website\"},\"primaryImageOfPage\":{\"@id\":\"https:\\\/\\\/folhapopular.info\\\/index.php\\\/2023\\\/02\\\/28\\\/morre-carmen-regina-ex-prefeita-de-lajeado\\\/#primaryimage\"},\"image\":{\"@id\":\"https:\\\/\\\/folhapopular.info\\\/index.php\\\/2023\\\/02\\\/28\\\/morre-carmen-regina-ex-prefeita-de-lajeado\\\/#primaryimage\"},\"thumbnailUrl\":\"https:\\\/\\\/folhapopular.info\\\/wp-content\\\/uploads\\\/2023\\\/02\\\/244660530_1827825694091892_124610800810995335_n-e1677612881456.jpg\",\"datePublished\":\"2023-02-28T19:37:14+00:00\",\"dateModified\":\"2023-02-28T19:47:30+00:00\",\"author\":{\"@id\":\"https:\\\/\\\/folhapopular.info\\\/#\\\/schema\\\/person\\\/2814e8a0df7643585a9ca38bc6eb9d4b\"},\"breadcrumb\":{\"@id\":\"https:\\\/\\\/folhapopular.info\\\/index.php\\\/2023\\\/02\\\/28\\\/morre-carmen-regina-ex-prefeita-de-lajeado\\\/#breadcrumb\"},\"inLanguage\":\"pt-BR\",\"potentialAction\":[{\"@type\":\"ReadAction\",\"target\":[\"https:\\\/\\\/folhapopular.info\\\/index.php\\\/2023\\\/02\\\/28\\\/morre-carmen-regina-ex-prefeita-de-lajeado\\\/\"]}]},{\"@type\":\"ImageObject\",\"inLanguage\":\"pt-BR\",\"@id\":\"https:\\\/\\\/folhapopular.info\\\/index.php\\\/2023\\\/02\\\/28\\\/morre-carmen-regina-ex-prefeita-de-lajeado\\\/#primaryimage\",\"url\":\"https:\\\/\\\/folhapopular.info\\\/wp-content\\\/uploads\\\/2023\\\/02\\\/244660530_1827825694091892_124610800810995335_n-e1677612881456.jpg\",\"contentUrl\":\"https:\\\/\\\/folhapopular.info\\\/wp-content\\\/uploads\\\/2023\\\/02\\\/244660530_1827825694091892_124610800810995335_n-e1677612881456.jpg\",\"width\":511,\"height\":383,\"caption\":\"Ex-governante estava em praia em Santa Catarina quando faleceu. Cr\u00e9ditos: Arquivo Pessoal\\\/divulga\u00e7\u00e3o\"},{\"@type\":\"BreadcrumbList\",\"@id\":\"https:\\\/\\\/folhapopular.info\\\/index.php\\\/2023\\\/02\\\/28\\\/morre-carmen-regina-ex-prefeita-de-lajeado\\\/#breadcrumb\",\"itemListElement\":[{\"@type\":\"ListItem\",\"position\":1,\"name\":\"In\u00edcio\",\"item\":\"https:\\\/\\\/folhapopular.info\\\/\"},{\"@type\":\"ListItem\",\"position\":2,\"name\":\"Morre Carmen Regina, ex-prefeita de Lajeado\"}]},{\"@type\":\"WebSite\",\"@id\":\"https:\\\/\\\/folhapopular.info\\\/#website\",\"url\":\"https:\\\/\\\/folhapopular.info\\\/\",\"name\":\"Folha Popular\",\"description\":\"Onde voc\u00ea tem vez e voz\",\"potentialAction\":[{\"@type\":\"SearchAction\",\"target\":{\"@type\":\"EntryPoint\",\"urlTemplate\":\"https:\\\/\\\/folhapopular.info\\\/?s={search_term_string}\"},\"query-input\":{\"@type\":\"PropertyValueSpecification\",\"valueRequired\":true,\"valueName\":\"search_term_string\"}}],\"inLanguage\":\"pt-BR\"},{\"@type\":\"Person\",\"@id\":\"https:\\\/\\\/folhapopular.info\\\/#\\\/schema\\\/person\\\/2814e8a0df7643585a9ca38bc6eb9d4b\",\"name\":\"Reda\u00e7\u00e3o Folha Popular\",\"image\":{\"@type\":\"ImageObject\",\"inLanguage\":\"pt-BR\",\"@id\":\"https:\\\/\\\/folhapopular.info\\\/wp-content\\\/uploads\\\/2026\\\/04\\\/Folha-1.webp\",\"url\":\"https:\\\/\\\/folhapopular.info\\\/wp-content\\\/uploads\\\/2026\\\/04\\\/Folha-1.webp\",\"contentUrl\":\"https:\\\/\\\/folhapopular.info\\\/wp-content\\\/uploads\\\/2026\\\/04\\\/Folha-1.webp\",\"caption\":\"Reda\u00e7\u00e3o Folha Popular\"},\"url\":\"https:\\\/\\\/folhapopular.info\\\/index.php\\\/author\\\/redacao\\\/\"}]}<\/script>\n<!-- \/ Yoast SEO plugin. -->","yoast_head_json":{"title":"Morre Carmen Regina, ex-prefeita de Lajeado - Folha Popular","robots":{"index":"index","follow":"follow","max-snippet":"max-snippet:-1","max-image-preview":"max-image-preview:large","max-video-preview":"max-video-preview:-1"},"canonical":"https:\/\/folhapopular.info\/index.php\/2023\/02\/28\/morre-carmen-regina-ex-prefeita-de-lajeado\/","og_locale":"pt_BR","og_type":"article","og_title":"Morre Carmen Regina, ex-prefeita de Lajeado - Folha Popular","og_description":"Faleceu nesta ter\u00e7a-feira (28\/2) Carmen Regina Pereira Cardoso, ex-prefeita de Lajeado. Carmen foi vereadora do munic\u00edpio de 1989 a 2004, sendo a primeira mulher a assumir a presid\u00eancia do Legislativo lajeadense. De 2005 a 2012, exerceu dois mandatos como prefeita pelo antigo Partido Progressista. A ex-governante completaria 80 anos em novembro. Em 2022, Carmen recebeu [&hellip;]","og_url":"https:\/\/folhapopular.info\/index.php\/2023\/02\/28\/morre-carmen-regina-ex-prefeita-de-lajeado\/","og_site_name":"Folha Popular","article_published_time":"2023-02-28T19:37:14+00:00","article_modified_time":"2023-02-28T19:47:30+00:00","og_image":[{"width":511,"height":383,"url":"http:\/\/folhapopular.info\/wp-content\/uploads\/2023\/02\/244660530_1827825694091892_124610800810995335_n-e1677612881456.jpg","type":"image\/jpeg"}],"author":"Reda\u00e7\u00e3o Folha Popular","twitter_card":"summary_large_image","twitter_misc":{"Escrito por":"Reda\u00e7\u00e3o Folha Popular","Est. tempo de leitura":"3 minutos"},"schema":{"@context":"https:\/\/schema.org","@graph":[{"@type":"Article","@id":"https:\/\/folhapopular.info\/index.php\/2023\/02\/28\/morre-carmen-regina-ex-prefeita-de-lajeado\/#article","isPartOf":{"@id":"https:\/\/folhapopular.info\/index.php\/2023\/02\/28\/morre-carmen-regina-ex-prefeita-de-lajeado\/"},"author":{"name":"Reda\u00e7\u00e3o Folha Popular","@id":"https:\/\/folhapopular.info\/#\/schema\/person\/2814e8a0df7643585a9ca38bc6eb9d4b"},"headline":"Morre Carmen Regina, ex-prefeita de Lajeado","datePublished":"2023-02-28T19:37:14+00:00","dateModified":"2023-02-28T19:47:30+00:00","mainEntityOfPage":{"@id":"https:\/\/folhapopular.info\/index.php\/2023\/02\/28\/morre-carmen-regina-ex-prefeita-de-lajeado\/"},"wordCount":394,"commentCount":0,"image":{"@id":"https:\/\/folhapopular.info\/index.php\/2023\/02\/28\/morre-carmen-regina-ex-prefeita-de-lajeado\/#primaryimage"},"thumbnailUrl":"https:\/\/folhapopular.info\/wp-content\/uploads\/2023\/02\/244660530_1827825694091892_124610800810995335_n-e1677612881456.jpg","keywords":["c\u00e2mara de vereadores de lajeado","carmen regina pereira cardoso","Lajeado","Prefeitura de Lajeado"],"articleSection":["Destaques","Obitu\u00e1rio"],"inLanguage":"pt-BR","potentialAction":[{"@type":"CommentAction","name":"Comment","target":["https:\/\/folhapopular.info\/index.php\/2023\/02\/28\/morre-carmen-regina-ex-prefeita-de-lajeado\/#respond"]}]},{"@type":"WebPage","@id":"https:\/\/folhapopular.info\/index.php\/2023\/02\/28\/morre-carmen-regina-ex-prefeita-de-lajeado\/","url":"https:\/\/folhapopular.info\/index.php\/2023\/02\/28\/morre-carmen-regina-ex-prefeita-de-lajeado\/","name":"Morre Carmen Regina, ex-prefeita de Lajeado - Folha Popular","isPartOf":{"@id":"https:\/\/folhapopular.info\/#website"},"primaryImageOfPage":{"@id":"https:\/\/folhapopular.info\/index.php\/2023\/02\/28\/morre-carmen-regina-ex-prefeita-de-lajeado\/#primaryimage"},"image":{"@id":"https:\/\/folhapopular.info\/index.php\/2023\/02\/28\/morre-carmen-regina-ex-prefeita-de-lajeado\/#primaryimage"},"thumbnailUrl":"https:\/\/folhapopular.info\/wp-content\/uploads\/2023\/02\/244660530_1827825694091892_124610800810995335_n-e1677612881456.jpg","datePublished":"2023-02-28T19:37:14+00:00","dateModified":"2023-02-28T19:47:30+00:00","author":{"@id":"https:\/\/folhapopular.info\/#\/schema\/person\/2814e8a0df7643585a9ca38bc6eb9d4b"},"breadcrumb":{"@id":"https:\/\/folhapopular.info\/index.php\/2023\/02\/28\/morre-carmen-regina-ex-prefeita-de-lajeado\/#breadcrumb"},"inLanguage":"pt-BR","potentialAction":[{"@type":"ReadAction","target":["https:\/\/folhapopular.info\/index.php\/2023\/02\/28\/morre-carmen-regina-ex-prefeita-de-lajeado\/"]}]},{"@type":"ImageObject","inLanguage":"pt-BR","@id":"https:\/\/folhapopular.info\/index.php\/2023\/02\/28\/morre-carmen-regina-ex-prefeita-de-lajeado\/#primaryimage","url":"https:\/\/folhapopular.info\/wp-content\/uploads\/2023\/02\/244660530_1827825694091892_124610800810995335_n-e1677612881456.jpg","contentUrl":"https:\/\/folhapopular.info\/wp-content\/uploads\/2023\/02\/244660530_1827825694091892_124610800810995335_n-e1677612881456.jpg","width":511,"height":383,"caption":"Ex-governante estava em praia em Santa Catarina quando faleceu. Cr\u00e9ditos: Arquivo Pessoal\/divulga\u00e7\u00e3o"},{"@type":"BreadcrumbList","@id":"https:\/\/folhapopular.info\/index.php\/2023\/02\/28\/morre-carmen-regina-ex-prefeita-de-lajeado\/#breadcrumb","itemListElement":[{"@type":"ListItem","position":1,"name":"In\u00edcio","item":"https:\/\/folhapopular.info\/"},{"@type":"ListItem","position":2,"name":"Morre Carmen Regina, ex-prefeita de Lajeado"}]},{"@type":"WebSite","@id":"https:\/\/folhapopular.info\/#website","url":"https:\/\/folhapopular.info\/","name":"Folha Popular","description":"Onde voc\u00ea tem vez e voz","potentialAction":[{"@type":"SearchAction","target":{"@type":"EntryPoint","urlTemplate":"https:\/\/folhapopular.info\/?s={search_term_string}"},"query-input":{"@type":"PropertyValueSpecification","valueRequired":true,"valueName":"search_term_string"}}],"inLanguage":"pt-BR"},{"@type":"Person","@id":"https:\/\/folhapopular.info\/#\/schema\/person\/2814e8a0df7643585a9ca38bc6eb9d4b","name":"Reda\u00e7\u00e3o Folha Popular","image":{"@type":"ImageObject","inLanguage":"pt-BR","@id":"https:\/\/folhapopular.info\/wp-content\/uploads\/2026\/04\/Folha-1.webp","url":"https:\/\/folhapopular.info\/wp-content\/uploads\/2026\/04\/Folha-1.webp","contentUrl":"https:\/\/folhapopular.info\/wp-content\/uploads\/2026\/04\/Folha-1.webp","caption":"Reda\u00e7\u00e3o Folha Popular"},"url":"https:\/\/folhapopular.info\/index.php\/author\/redacao\/"}]}},"jetpack_featured_media_url":"https:\/\/folhapopular.info\/wp-content\/uploads\/2023\/02\/244660530_1827825694091892_124610800810995335_n-e1677612881456.jpg","jetpack_sharing_enabled":true,"amp_enabled":true,"_links":{"self":[{"href":"https:\/\/folhapopular.info\/index.php\/wp-json\/wp\/v2\/posts\/121909","targetHints":{"allow":["GET"]}}],"collection":[{"href":"https:\/\/folhapopular.info\/index.php\/wp-json\/wp\/v2\/posts"}],"about":[{"href":"https:\/\/folhapopular.info\/index.php\/wp-json\/wp\/v2\/types\/post"}],"author":[{"embeddable":true,"href":"https:\/\/folhapopular.info\/index.php\/wp-json\/wp\/v2\/users\/8"}],"replies":[{"embeddable":true,"href":"https:\/\/folhapopular.info\/index.php\/wp-json\/wp\/v2\/comments?post=121909"}],"version-history":[{"count":0,"href":"https:\/\/folhapopular.info\/index.php\/wp-json\/wp\/v2\/posts\/121909\/revisions"}],"wp:featuredmedia":[{"embeddable":true,"href":"https:\/\/folhapopular.info\/index.php\/wp-json\/wp\/v2\/media\/121911"}],"wp:attachment":[{"href":"https:\/\/folhapopular.info\/index.php\/wp-json\/wp\/v2\/media?parent=121909"}],"wp:term":[{"taxonomy":"category","embeddable":true,"href":"https:\/\/folhapopular.info\/index.php\/wp-json\/wp\/v2\/categories?post=121909"},{"taxonomy":"post_tag","embeddable":true,"href":"https:\/\/folhapopular.info\/index.php\/wp-json\/wp\/v2\/tags?post=121909"}],"curies":[{"name":"wp","href":"https:\/\/api.w.org\/{rel}","templated":true}]}}