{"id":121996,"date":"2023-03-01T14:33:20","date_gmt":"2023-03-01T17:33:20","guid":{"rendered":"https:\/\/folhapopular.info\/?p=121996"},"modified":"2023-03-01T14:33:24","modified_gmt":"2023-03-01T17:33:24","slug":"forum-das-entidades-de-lajeado-realiza-primeira-reuniao-de-2023","status":"publish","type":"post","link":"https:\/\/folhapopular.info\/index.php\/2023\/03\/01\/forum-das-entidades-de-lajeado-realiza-primeira-reuniao-de-2023\/","title":{"rendered":"<strong>F\u00f3rum das Entidades de Lajeado realiza primeira reuni\u00e3o de 2023<\/strong>"},"content":{"rendered":"\n<p>O F\u00f3rum das Entidades Empresariais de Lajeado (Feel) realizou nesta quarta-feira (1\u00ba) a primeira reuni\u00e3o de 2023. O encontro ocorreu na Associa\u00e7\u00e3o Comercial e Industrial de Lajeado (Acil) e foi coordenado pelos representantes das tr\u00eas entidades \u00e0 frente do Feel em 2022: Delegacia do Conselho Regional de Engenharia e Agronomia (Crea-RS) em Lajeado, Sindicato do Com\u00e9rcio Varejista do Vale do Taquari (Sindilojas VT) e Delegacia Regional do Sindicato dos Concession\u00e1rios e Distribuidores de Ve\u00edculos (Sincodiv-RS).<\/p>\n\n\n\n<p>Entre os v\u00e1rios temas debatidos esteve o projeto de eleva\u00e7\u00e3o da Rua Bento Rosa, visando deix\u00e1-la acima das cotas das enchentes. A inten\u00e7\u00e3o \u00e9 apresentar o projeto \u00e0 CCR ViaSul, atrav\u00e9s do Conselho de Usu\u00e1rios da BR-386, em reuni\u00e3o na pr\u00f3xima semana na sede da empresa, em Porto Alegre. A apresenta\u00e7\u00e3o ser\u00e1 feita pelo presidente da C\u00e2mara de Ind\u00fastria, Com\u00e9rcio e Servi\u00e7os (CIC) do Vale do Taquari, Ivandro Carlos Rosa, que tem assento no referido Conselho.<\/p>\n\n\n\n<p>Tamb\u00e9m foi relembrado o trabalho do F\u00f3rum no ano passado referente \u00e0 an\u00e1lise e contribui\u00e7\u00f5es para o plano de mobilidade urbana do munic\u00edpio. Conforme combinado, o grupo convidar\u00e1 o prefeito Marcelo Caumo para conhecer o projeto antes de o mesmo ser enviado para a C\u00e2mara de Vereadores. Na mesma reuni\u00e3o a ser marcada com o chefe do Executivo, os representantes do F\u00f3rum querem conhecer tamb\u00e9m a \u00edntegra do projeto que prev\u00ea a revitaliza\u00e7\u00e3o da Rua J\u00falio de Castilhos.<\/p>\n\n\n\n<p>O grupo debateu ainda sobre Projeto de Lei n\u00ba 99\/2022, que est\u00e1 no Legislativo lajeadense e trata da inspe\u00e7\u00e3o predial no munic\u00edpio. O plano prev\u00ea que a cada cinco anos todas as edifica\u00e7\u00f5es devem passar por avalia\u00e7\u00e3o da estrutura f\u00edsica, el\u00e9trica e fachadas. Para analisar da melhor maneira o teor do projeto, os representantes criaram um grupo de trabalho, que ser\u00e1 coordenado pelo inspetor-chefe do Crea em Lajeado, Eduardo Kroth.<\/p>\n\n\n\n<h2 class=\"wp-block-heading\"><strong>Coordena\u00e7\u00e3o 2023<\/strong><\/h2>\n\n\n\n<p>Conforme o regimento do Feel, a coordena\u00e7\u00e3o do grupo segue de forma tripartite. Apresentaram-se como volunt\u00e1rias a liderar as atividades em 2023 a C\u00e2mara de Dirigentes Lojistas (CDL) de Lajeado, a <em>Junior Chamber International<\/em> (JCI) de Lajeado e a Sociedade dos Engenheiros e Arquitetos do Vale do Taquari (Seavat).<\/p>\n","protected":false},"excerpt":{"rendered":"<p>O F\u00f3rum das Entidades Empresariais de Lajeado (Feel) realizou nesta quarta-feira (1\u00ba) a primeira reuni\u00e3o de 2023. O encontro ocorreu na Associa\u00e7\u00e3o Comercial e Industrial de Lajeado (Acil) e foi coordenado pelos representantes das tr\u00eas entidades \u00e0 frente do Feel em 2022: Delegacia do Conselho Regional de Engenharia e Agronomia (Crea-RS) em Lajeado, Sindicato do [&hellip;]<\/p>\n","protected":false},"author":8,"featured_media":121999,"comment_status":"open","ping_status":"open","sticky":false,"template":"","format":"standard","meta":{"pmpro_default_level":"","_jetpack_memberships_contains_paid_content":false,"footnotes":""},"categories":[2,10991],"tags":[214,722,11040,11038,11037,11041,27,11039,5704],"class_list":{"0":"post-121996","1":"post","2":"type-post","3":"status-publish","4":"format-standard","5":"has-post-thumbnail","7":"category-featured","8":"category-economia","9":"tag-acil","10":"tag-cdl-lajeado","11":"tag-crea-rs","12":"tag-forum-das-entidades-de-lajeado","13":"tag-forum-das-entidades-empresariais-de-lajeado","14":"tag-jci-lajeado","15":"tag-lajeado","16":"tag-sincodiv-rs","17":"tag-sindilojas-vt-2","18":"pmpro-has-access"},"yoast_head":"<!-- This site is optimized with the Yoast SEO plugin v27.5 - https:\/\/yoast.com\/product\/yoast-seo-wordpress\/ -->\n<title>F\u00f3rum das Entidades de Lajeado realiza primeira reuni\u00e3o de 2023 - Folha Popular<\/title>\n<meta name=\"robots\" content=\"index, follow, max-snippet:-1, max-image-preview:large, max-video-preview:-1\" \/>\n<link rel=\"canonical\" href=\"https:\/\/folhapopular.info\/index.php\/2023\/03\/01\/forum-das-entidades-de-lajeado-realiza-primeira-reuniao-de-2023\/\" \/>\n<meta property=\"og:locale\" content=\"pt_BR\" \/>\n<meta property=\"og:type\" content=\"article\" \/>\n<meta property=\"og:title\" content=\"F\u00f3rum das Entidades de Lajeado realiza primeira reuni\u00e3o de 2023 - Folha Popular\" \/>\n<meta property=\"og:description\" content=\"O F\u00f3rum das Entidades Empresariais de Lajeado (Feel) realizou nesta quarta-feira (1\u00ba) a primeira reuni\u00e3o de 2023. O encontro ocorreu na Associa\u00e7\u00e3o Comercial e Industrial de Lajeado (Acil) e foi coordenado pelos representantes das tr\u00eas entidades \u00e0 frente do Feel em 2022: Delegacia do Conselho Regional de Engenharia e Agronomia (Crea-RS) em Lajeado, Sindicato do [&hellip;]\" \/>\n<meta property=\"og:url\" content=\"https:\/\/folhapopular.info\/index.php\/2023\/03\/01\/forum-das-entidades-de-lajeado-realiza-primeira-reuniao-de-2023\/\" \/>\n<meta property=\"og:site_name\" content=\"Folha Popular\" \/>\n<meta property=\"article:published_time\" content=\"2023-03-01T17:33:20+00:00\" \/>\n<meta property=\"article:modified_time\" content=\"2023-03-01T17:33:24+00:00\" \/>\n<meta property=\"og:image\" content=\"http:\/\/folhapopular.info\/wp-content\/uploads\/2023\/03\/419083_1049273_img_1566-scaled.jpg\" \/>\n\t<meta property=\"og:image:width\" content=\"2560\" \/>\n\t<meta property=\"og:image:height\" content=\"1707\" \/>\n\t<meta property=\"og:image:type\" content=\"image\/jpeg\" \/>\n<meta name=\"author\" content=\"Reda\u00e7\u00e3o Folha Popular\" \/>\n<meta name=\"twitter:card\" content=\"summary_large_image\" \/>\n<meta name=\"twitter:label1\" content=\"Escrito por\" \/>\n\t<meta name=\"twitter:data1\" content=\"Reda\u00e7\u00e3o Folha Popular\" \/>\n\t<meta name=\"twitter:label2\" content=\"Est. tempo de leitura\" \/>\n\t<meta name=\"twitter:data2\" content=\"2 minutos\" \/>\n<script type=\"application\/ld+json\" class=\"yoast-schema-graph\">{\"@context\":\"https:\\\/\\\/schema.org\",\"@graph\":[{\"@type\":\"Article\",\"@id\":\"https:\\\/\\\/folhapopular.info\\\/index.php\\\/2023\\\/03\\\/01\\\/forum-das-entidades-de-lajeado-realiza-primeira-reuniao-de-2023\\\/#article\",\"isPartOf\":{\"@id\":\"https:\\\/\\\/folhapopular.info\\\/index.php\\\/2023\\\/03\\\/01\\\/forum-das-entidades-de-lajeado-realiza-primeira-reuniao-de-2023\\\/\"},\"author\":{\"name\":\"Reda\u00e7\u00e3o Folha Popular\",\"@id\":\"https:\\\/\\\/folhapopular.info\\\/#\\\/schema\\\/person\\\/2814e8a0df7643585a9ca38bc6eb9d4b\"},\"headline\":\"F\u00f3rum das Entidades de Lajeado realiza primeira reuni\u00e3o de 2023\",\"datePublished\":\"2023-03-01T17:33:20+00:00\",\"dateModified\":\"2023-03-01T17:33:24+00:00\",\"mainEntityOfPage\":{\"@id\":\"https:\\\/\\\/folhapopular.info\\\/index.php\\\/2023\\\/03\\\/01\\\/forum-das-entidades-de-lajeado-realiza-primeira-reuniao-de-2023\\\/\"},\"wordCount\":392,\"commentCount\":0,\"image\":{\"@id\":\"https:\\\/\\\/folhapopular.info\\\/index.php\\\/2023\\\/03\\\/01\\\/forum-das-entidades-de-lajeado-realiza-primeira-reuniao-de-2023\\\/#primaryimage\"},\"thumbnailUrl\":\"https:\\\/\\\/folhapopular.info\\\/wp-content\\\/uploads\\\/2023\\\/03\\\/419083_1049273_img_1566-scaled.jpg\",\"keywords\":[\"Acil\",\"CDL Lajeado\",\"crea-rs\",\"f\u00f3rum das entidades de lajeado\",\"f\u00f3rum das entidades empresariais de lajeado\",\"jci lajeado\",\"Lajeado\",\"sincodiv-rs\",\"Sindilojas VT\"],\"articleSection\":[\"Destaques\",\"Economia\"],\"inLanguage\":\"pt-BR\",\"potentialAction\":[{\"@type\":\"CommentAction\",\"name\":\"Comment\",\"target\":[\"https:\\\/\\\/folhapopular.info\\\/index.php\\\/2023\\\/03\\\/01\\\/forum-das-entidades-de-lajeado-realiza-primeira-reuniao-de-2023\\\/#respond\"]}]},{\"@type\":\"WebPage\",\"@id\":\"https:\\\/\\\/folhapopular.info\\\/index.php\\\/2023\\\/03\\\/01\\\/forum-das-entidades-de-lajeado-realiza-primeira-reuniao-de-2023\\\/\",\"url\":\"https:\\\/\\\/folhapopular.info\\\/index.php\\\/2023\\\/03\\\/01\\\/forum-das-entidades-de-lajeado-realiza-primeira-reuniao-de-2023\\\/\",\"name\":\"F\u00f3rum das Entidades de Lajeado realiza primeira reuni\u00e3o de 2023 - Folha Popular\",\"isPartOf\":{\"@id\":\"https:\\\/\\\/folhapopular.info\\\/#website\"},\"primaryImageOfPage\":{\"@id\":\"https:\\\/\\\/folhapopular.info\\\/index.php\\\/2023\\\/03\\\/01\\\/forum-das-entidades-de-lajeado-realiza-primeira-reuniao-de-2023\\\/#primaryimage\"},\"image\":{\"@id\":\"https:\\\/\\\/folhapopular.info\\\/index.php\\\/2023\\\/03\\\/01\\\/forum-das-entidades-de-lajeado-realiza-primeira-reuniao-de-2023\\\/#primaryimage\"},\"thumbnailUrl\":\"https:\\\/\\\/folhapopular.info\\\/wp-content\\\/uploads\\\/2023\\\/03\\\/419083_1049273_img_1566-scaled.jpg\",\"datePublished\":\"2023-03-01T17:33:20+00:00\",\"dateModified\":\"2023-03-01T17:33:24+00:00\",\"author\":{\"@id\":\"https:\\\/\\\/folhapopular.info\\\/#\\\/schema\\\/person\\\/2814e8a0df7643585a9ca38bc6eb9d4b\"},\"breadcrumb\":{\"@id\":\"https:\\\/\\\/folhapopular.info\\\/index.php\\\/2023\\\/03\\\/01\\\/forum-das-entidades-de-lajeado-realiza-primeira-reuniao-de-2023\\\/#breadcrumb\"},\"inLanguage\":\"pt-BR\",\"potentialAction\":[{\"@type\":\"ReadAction\",\"target\":[\"https:\\\/\\\/folhapopular.info\\\/index.php\\\/2023\\\/03\\\/01\\\/forum-das-entidades-de-lajeado-realiza-primeira-reuniao-de-2023\\\/\"]}]},{\"@type\":\"ImageObject\",\"inLanguage\":\"pt-BR\",\"@id\":\"https:\\\/\\\/folhapopular.info\\\/index.php\\\/2023\\\/03\\\/01\\\/forum-das-entidades-de-lajeado-realiza-primeira-reuniao-de-2023\\\/#primaryimage\",\"url\":\"https:\\\/\\\/folhapopular.info\\\/wp-content\\\/uploads\\\/2023\\\/03\\\/419083_1049273_img_1566-scaled.jpg\",\"contentUrl\":\"https:\\\/\\\/folhapopular.info\\\/wp-content\\\/uploads\\\/2023\\\/03\\\/419083_1049273_img_1566-scaled.jpg\",\"width\":2560,\"height\":1707,\"caption\":\"Grupo esteve reunido na manh\u00e3 desta quarta-feira na Acil. Cr\u00e9ditos: Lucas Santos\\\/Acil\"},{\"@type\":\"BreadcrumbList\",\"@id\":\"https:\\\/\\\/folhapopular.info\\\/index.php\\\/2023\\\/03\\\/01\\\/forum-das-entidades-de-lajeado-realiza-primeira-reuniao-de-2023\\\/#breadcrumb\",\"itemListElement\":[{\"@type\":\"ListItem\",\"position\":1,\"name\":\"In\u00edcio\",\"item\":\"https:\\\/\\\/folhapopular.info\\\/\"},{\"@type\":\"ListItem\",\"position\":2,\"name\":\"F\u00f3rum das Entidades de Lajeado realiza primeira reuni\u00e3o de 2023\"}]},{\"@type\":\"WebSite\",\"@id\":\"https:\\\/\\\/folhapopular.info\\\/#website\",\"url\":\"https:\\\/\\\/folhapopular.info\\\/\",\"name\":\"Folha Popular\",\"description\":\"Onde voc\u00ea tem vez e voz\",\"potentialAction\":[{\"@type\":\"SearchAction\",\"target\":{\"@type\":\"EntryPoint\",\"urlTemplate\":\"https:\\\/\\\/folhapopular.info\\\/?s={search_term_string}\"},\"query-input\":{\"@type\":\"PropertyValueSpecification\",\"valueRequired\":true,\"valueName\":\"search_term_string\"}}],\"inLanguage\":\"pt-BR\"},{\"@type\":\"Person\",\"@id\":\"https:\\\/\\\/folhapopular.info\\\/#\\\/schema\\\/person\\\/2814e8a0df7643585a9ca38bc6eb9d4b\",\"name\":\"Reda\u00e7\u00e3o Folha Popular\",\"image\":{\"@type\":\"ImageObject\",\"inLanguage\":\"pt-BR\",\"@id\":\"https:\\\/\\\/folhapopular.info\\\/wp-content\\\/uploads\\\/2026\\\/04\\\/Folha-1.webp\",\"url\":\"https:\\\/\\\/folhapopular.info\\\/wp-content\\\/uploads\\\/2026\\\/04\\\/Folha-1.webp\",\"contentUrl\":\"https:\\\/\\\/folhapopular.info\\\/wp-content\\\/uploads\\\/2026\\\/04\\\/Folha-1.webp\",\"caption\":\"Reda\u00e7\u00e3o Folha Popular\"},\"url\":\"https:\\\/\\\/folhapopular.info\\\/index.php\\\/author\\\/redacao\\\/\"}]}<\/script>\n<!-- \/ Yoast SEO plugin. -->","yoast_head_json":{"title":"F\u00f3rum das Entidades de Lajeado realiza primeira reuni\u00e3o de 2023 - Folha Popular","robots":{"index":"index","follow":"follow","max-snippet":"max-snippet:-1","max-image-preview":"max-image-preview:large","max-video-preview":"max-video-preview:-1"},"canonical":"https:\/\/folhapopular.info\/index.php\/2023\/03\/01\/forum-das-entidades-de-lajeado-realiza-primeira-reuniao-de-2023\/","og_locale":"pt_BR","og_type":"article","og_title":"F\u00f3rum das Entidades de Lajeado realiza primeira reuni\u00e3o de 2023 - Folha Popular","og_description":"O F\u00f3rum das Entidades Empresariais de Lajeado (Feel) realizou nesta quarta-feira (1\u00ba) a primeira reuni\u00e3o de 2023. O encontro ocorreu na Associa\u00e7\u00e3o Comercial e Industrial de Lajeado (Acil) e foi coordenado pelos representantes das tr\u00eas entidades \u00e0 frente do Feel em 2022: Delegacia do Conselho Regional de Engenharia e Agronomia (Crea-RS) em Lajeado, Sindicato do [&hellip;]","og_url":"https:\/\/folhapopular.info\/index.php\/2023\/03\/01\/forum-das-entidades-de-lajeado-realiza-primeira-reuniao-de-2023\/","og_site_name":"Folha Popular","article_published_time":"2023-03-01T17:33:20+00:00","article_modified_time":"2023-03-01T17:33:24+00:00","og_image":[{"width":2560,"height":1707,"url":"http:\/\/folhapopular.info\/wp-content\/uploads\/2023\/03\/419083_1049273_img_1566-scaled.jpg","type":"image\/jpeg"}],"author":"Reda\u00e7\u00e3o Folha Popular","twitter_card":"summary_large_image","twitter_misc":{"Escrito por":"Reda\u00e7\u00e3o Folha Popular","Est. tempo de leitura":"2 minutos"},"schema":{"@context":"https:\/\/schema.org","@graph":[{"@type":"Article","@id":"https:\/\/folhapopular.info\/index.php\/2023\/03\/01\/forum-das-entidades-de-lajeado-realiza-primeira-reuniao-de-2023\/#article","isPartOf":{"@id":"https:\/\/folhapopular.info\/index.php\/2023\/03\/01\/forum-das-entidades-de-lajeado-realiza-primeira-reuniao-de-2023\/"},"author":{"name":"Reda\u00e7\u00e3o Folha Popular","@id":"https:\/\/folhapopular.info\/#\/schema\/person\/2814e8a0df7643585a9ca38bc6eb9d4b"},"headline":"F\u00f3rum das Entidades de Lajeado realiza primeira reuni\u00e3o de 2023","datePublished":"2023-03-01T17:33:20+00:00","dateModified":"2023-03-01T17:33:24+00:00","mainEntityOfPage":{"@id":"https:\/\/folhapopular.info\/index.php\/2023\/03\/01\/forum-das-entidades-de-lajeado-realiza-primeira-reuniao-de-2023\/"},"wordCount":392,"commentCount":0,"image":{"@id":"https:\/\/folhapopular.info\/index.php\/2023\/03\/01\/forum-das-entidades-de-lajeado-realiza-primeira-reuniao-de-2023\/#primaryimage"},"thumbnailUrl":"https:\/\/folhapopular.info\/wp-content\/uploads\/2023\/03\/419083_1049273_img_1566-scaled.jpg","keywords":["Acil","CDL Lajeado","crea-rs","f\u00f3rum das entidades de lajeado","f\u00f3rum das entidades empresariais de lajeado","jci lajeado","Lajeado","sincodiv-rs","Sindilojas VT"],"articleSection":["Destaques","Economia"],"inLanguage":"pt-BR","potentialAction":[{"@type":"CommentAction","name":"Comment","target":["https:\/\/folhapopular.info\/index.php\/2023\/03\/01\/forum-das-entidades-de-lajeado-realiza-primeira-reuniao-de-2023\/#respond"]}]},{"@type":"WebPage","@id":"https:\/\/folhapopular.info\/index.php\/2023\/03\/01\/forum-das-entidades-de-lajeado-realiza-primeira-reuniao-de-2023\/","url":"https:\/\/folhapopular.info\/index.php\/2023\/03\/01\/forum-das-entidades-de-lajeado-realiza-primeira-reuniao-de-2023\/","name":"F\u00f3rum das Entidades de Lajeado realiza primeira reuni\u00e3o de 2023 - Folha Popular","isPartOf":{"@id":"https:\/\/folhapopular.info\/#website"},"primaryImageOfPage":{"@id":"https:\/\/folhapopular.info\/index.php\/2023\/03\/01\/forum-das-entidades-de-lajeado-realiza-primeira-reuniao-de-2023\/#primaryimage"},"image":{"@id":"https:\/\/folhapopular.info\/index.php\/2023\/03\/01\/forum-das-entidades-de-lajeado-realiza-primeira-reuniao-de-2023\/#primaryimage"},"thumbnailUrl":"https:\/\/folhapopular.info\/wp-content\/uploads\/2023\/03\/419083_1049273_img_1566-scaled.jpg","datePublished":"2023-03-01T17:33:20+00:00","dateModified":"2023-03-01T17:33:24+00:00","author":{"@id":"https:\/\/folhapopular.info\/#\/schema\/person\/2814e8a0df7643585a9ca38bc6eb9d4b"},"breadcrumb":{"@id":"https:\/\/folhapopular.info\/index.php\/2023\/03\/01\/forum-das-entidades-de-lajeado-realiza-primeira-reuniao-de-2023\/#breadcrumb"},"inLanguage":"pt-BR","potentialAction":[{"@type":"ReadAction","target":["https:\/\/folhapopular.info\/index.php\/2023\/03\/01\/forum-das-entidades-de-lajeado-realiza-primeira-reuniao-de-2023\/"]}]},{"@type":"ImageObject","inLanguage":"pt-BR","@id":"https:\/\/folhapopular.info\/index.php\/2023\/03\/01\/forum-das-entidades-de-lajeado-realiza-primeira-reuniao-de-2023\/#primaryimage","url":"https:\/\/folhapopular.info\/wp-content\/uploads\/2023\/03\/419083_1049273_img_1566-scaled.jpg","contentUrl":"https:\/\/folhapopular.info\/wp-content\/uploads\/2023\/03\/419083_1049273_img_1566-scaled.jpg","width":2560,"height":1707,"caption":"Grupo esteve reunido na manh\u00e3 desta quarta-feira na Acil. Cr\u00e9ditos: Lucas Santos\/Acil"},{"@type":"BreadcrumbList","@id":"https:\/\/folhapopular.info\/index.php\/2023\/03\/01\/forum-das-entidades-de-lajeado-realiza-primeira-reuniao-de-2023\/#breadcrumb","itemListElement":[{"@type":"ListItem","position":1,"name":"In\u00edcio","item":"https:\/\/folhapopular.info\/"},{"@type":"ListItem","position":2,"name":"F\u00f3rum das Entidades de Lajeado realiza primeira reuni\u00e3o de 2023"}]},{"@type":"WebSite","@id":"https:\/\/folhapopular.info\/#website","url":"https:\/\/folhapopular.info\/","name":"Folha Popular","description":"Onde voc\u00ea tem vez e voz","potentialAction":[{"@type":"SearchAction","target":{"@type":"EntryPoint","urlTemplate":"https:\/\/folhapopular.info\/?s={search_term_string}"},"query-input":{"@type":"PropertyValueSpecification","valueRequired":true,"valueName":"search_term_string"}}],"inLanguage":"pt-BR"},{"@type":"Person","@id":"https:\/\/folhapopular.info\/#\/schema\/person\/2814e8a0df7643585a9ca38bc6eb9d4b","name":"Reda\u00e7\u00e3o Folha Popular","image":{"@type":"ImageObject","inLanguage":"pt-BR","@id":"https:\/\/folhapopular.info\/wp-content\/uploads\/2026\/04\/Folha-1.webp","url":"https:\/\/folhapopular.info\/wp-content\/uploads\/2026\/04\/Folha-1.webp","contentUrl":"https:\/\/folhapopular.info\/wp-content\/uploads\/2026\/04\/Folha-1.webp","caption":"Reda\u00e7\u00e3o Folha Popular"},"url":"https:\/\/folhapopular.info\/index.php\/author\/redacao\/"}]}},"jetpack_featured_media_url":"https:\/\/folhapopular.info\/wp-content\/uploads\/2023\/03\/419083_1049273_img_1566-scaled.jpg","jetpack_sharing_enabled":true,"amp_enabled":true,"_links":{"self":[{"href":"https:\/\/folhapopular.info\/index.php\/wp-json\/wp\/v2\/posts\/121996","targetHints":{"allow":["GET"]}}],"collection":[{"href":"https:\/\/folhapopular.info\/index.php\/wp-json\/wp\/v2\/posts"}],"about":[{"href":"https:\/\/folhapopular.info\/index.php\/wp-json\/wp\/v2\/types\/post"}],"author":[{"embeddable":true,"href":"https:\/\/folhapopular.info\/index.php\/wp-json\/wp\/v2\/users\/8"}],"replies":[{"embeddable":true,"href":"https:\/\/folhapopular.info\/index.php\/wp-json\/wp\/v2\/comments?post=121996"}],"version-history":[{"count":0,"href":"https:\/\/folhapopular.info\/index.php\/wp-json\/wp\/v2\/posts\/121996\/revisions"}],"wp:featuredmedia":[{"embeddable":true,"href":"https:\/\/folhapopular.info\/index.php\/wp-json\/wp\/v2\/media\/121999"}],"wp:attachment":[{"href":"https:\/\/folhapopular.info\/index.php\/wp-json\/wp\/v2\/media?parent=121996"}],"wp:term":[{"taxonomy":"category","embeddable":true,"href":"https:\/\/folhapopular.info\/index.php\/wp-json\/wp\/v2\/categories?post=121996"},{"taxonomy":"post_tag","embeddable":true,"href":"https:\/\/folhapopular.info\/index.php\/wp-json\/wp\/v2\/tags?post=121996"}],"curies":[{"name":"wp","href":"https:\/\/api.w.org\/{rel}","templated":true}]}}