{"id":122193,"date":"2023-03-04T08:51:24","date_gmt":"2023-03-04T11:51:24","guid":{"rendered":"https:\/\/folhapopular.info\/?p=122193"},"modified":"2023-03-04T08:56:25","modified_gmt":"2023-03-04T11:56:25","slug":"grupo-de-amigos-viaja-do-sul-ao-nordeste-de-moto","status":"publish","type":"post","link":"https:\/\/folhapopular.info\/index.php\/2023\/03\/04\/grupo-de-amigos-viaja-do-sul-ao-nordeste-de-moto\/","title":{"rendered":"<strong>Grupo de amigos viaja do Sul ao Nordeste de moto<\/strong>"},"content":{"rendered":"\n<p>Existe o ditado \u201cuma aventura est\u00e1 sempre pronta para ser vivida\u201d, e o grupo de quatro amigos, Rodrigo Brackmann, Andr\u00e9ia Becker, Diogo Rafael M\u00fcller e Diana Regina Wagner faz jus \u00e0 frase. Em 2020, durante uma roda de chimarr\u00e3o eles decidiram fazer uma viagem ao Nordeste de uma forma um pouco diferente do c\u00f4modo \u2013 o percurso seria feito de moto.<\/p>\n\n\n\n<p>Em 2021, a pandemia do coronav\u00edrus impediu os motoqueiros de realizarem a viagem. Somente no ano passado, ap\u00f3s dois anos de planejamento, conversas e pesquisas, a turma conseguiu ir. \u201cNo in\u00edcio era uma brincadeira e acabou virando um sonho\u201d, confessam.<\/p>\n\n\n\n<p>Integrantes do Moto Amigos Teut\u00f4nia (MATE), o grupo ouviu falar dos Fazedores de Chuva, durante um encontro de motos. Consiste em um site com diversos desafios, entre eles o Desafio Rodovi\u00e1rio, em que os participantes devem percorrer \u201cde cabo a rabo\u201d uma das quatro rodovias que atravessam estados no Brasil.<\/p>\n\n\n\n<p>Eles percorreram a BR-101, de Touros\/RN a S\u00e3o Jos\u00e9 do Norte\/RS, passando 12 estados. E a BR-116, conhecida como Rodovia da Morte, com in\u00edcio em Fortaleza\/CE e fim em Jaguar\u00e3o\/RS, transitando 10 estados.<\/p>\n\n\n\n<p>Ao todo foram 14 os estados visitados pelos viajantes. S\u00e3o eles: Rio Grande do Sul, Santa Catarina, Paran\u00e1, S\u00e3o Paulo, Rio de Janeiro, Minas Gerais, Bahia, Pernambuco, Cear\u00e1, Rio Grande do Norte, Para\u00edba, Alagoas, Sergipe e Esp\u00edrito Santo.<\/p>\n\n\n\n<p>Tamb\u00e9m visitaram as praias de: Fortaleza\/CE, Natal\/RN, Jo\u00e3o Pessoa\/PB e Porto de Galinhas\/PE. Foram 9.827,6 quil\u00f4metros rodados em 22 dias.<\/p>\n\n\n\n<h2 class=\"wp-block-heading\"><strong>Tra\u00e7ando rotas<\/strong><\/h2>\n\n\n\n<p>Pela dist\u00e2ncia das viagens foi preciso elaborar as rotas, delimitar pontos de parada, postos de combust\u00edveis, hot\u00e9is, pontos tur\u00edsticos, entre outros. Os motoqueiros tamb\u00e9m adquiriram equipamentos para as motos e para si. \u201cColocamos como prioridade essa viagem, nos privamos de algumas coisas para realizar esse sonho e poder curtir cada momento\u201d, exp\u00f5em.<\/p>\n\n\n\n<h2 class=\"wp-block-heading\"><strong>Viv\u00eancia para compartilhar<\/strong><\/h2>\n\n\n\n<p>Os amigos j\u00e1 haviam percorrido a regi\u00e3o sul diversas vezes, mas nenhuma delas em uma viagem de longo prazo. Eles pretendem realizar mais aventuras como essa e j\u00e1 t\u00eam planos: Ushuaia, Argentina, \u00e9 o pr\u00f3ximo destino. \u201cCome\u00e7amos tamb\u00e9m o desafio de conhecer todas as 497 cidades do Rio Grande do Sul\u201d, revelam.<\/p>\n\n\n\n<p>O grupo classifica a experi\u00eancia como \u201cum misto de sensa\u00e7\u00f5es e sentimentos\u201d. Conforme os viajantes, no decorrer de quase um m\u00eas inteiro, eles passaram por momentos em que a emo\u00e7\u00e3o de estar na estrada ajudava a ignorar as dores de estar muito tempo em cima da moto, apesar de, \u00e0s vezes, o cansa\u00e7o falar mais alto. \u201cNem todos os dias foram perfeitos e de alegrias. O medo, a ansiedade e a inseguran\u00e7a tamb\u00e9m se fizeram presente. Cruzamos por trechos perigosos, o cora\u00e7\u00e3o pulsava mais forte e as pernas tremiam, mas conseguimos\u201d, confessam.<\/p>\n\n\n\n<p>As diferentes pessoas e intera\u00e7\u00f5es positivas marcaram a viagem. A admira\u00e7\u00e3o pelas motos e pela aventura do grupo foram alvo por onde passavam. \u201cPessoas que nem conhec\u00edamos curtiam e comentavam as nossas publica\u00e7\u00f5es e <em>stories<\/em>, nos dando for\u00e7as para continuar e vibrando com cada conquista nossa\u201d, contam.<\/p>\n\n\n\n<h2 class=\"wp-block-heading\">\u201c<strong>Qualquer um pode fazer, <\/strong><strong>mas poucos o fazem<\/strong><strong>\u201d<\/strong><\/h2>\n\n\n\n<p>Trechos bloqueados e desvios imprevistos, chuvas quase todos os dias, tr\u00e2nsito intenso e caminh\u00f5es foram alguns dos desafios do grupo no decorrer do trajeto. Um dos mais dif\u00edceis foi o cansa\u00e7o e a dor no corpo depois de horas e dias na mesma posi\u00e7\u00e3o. \u201cIn\u00fameras vezes, quando pens\u00e1vamos no que est\u00e1vamos fazendo, nos d\u00e1vamos conta de que era loucura, mas seria uma experi\u00eancia \u00fanica e vivemos momentos \u00fanicos, e como diz o lema \u2018qualquer um pode fazer, mas poucos o fazem\u2019\u201d, pontuam.<\/p>\n\n\n\n<h2 class=\"wp-block-heading\"><strong>Teut\u00f4nia Moto Fest<\/strong><\/h2>\n\n\n\n<p>Os quatro amigos estiveram presente na 4\u00aa Teut\u00f4nia Moto Fest, assim como nas tr\u00eas edi\u00e7\u00f5es anteriores. Eles dizem que participam para conhecer pessoas, fazer novas amizades, compartilhar hist\u00f3rias. \u201cSomos apaixonados pela vida em duas rodas\u201d, declaram.<\/p>\n\n\n\n<figure class=\"wp-block-image size-full is-resized\"><img loading=\"lazy\" decoding=\"async\" src=\"https:\/\/folhapopular.info\/wp-content\/uploads\/2023\/03\/MOTOFEST.jpeg\" alt=\"\" class=\"wp-image-122195\" width=\"542\" height=\"396\"\/><figcaption class=\"wp-element-caption\"><strong>Grupo esteve presente na 4\u00aa Teut\u00f4nia Moto Fest \/ Cr\u00e9dito: Andr\u00e9ia Becker \/ Divulga\u00e7\u00e3o<\/strong><\/figcaption><\/figure>\n\n\n\n<p>Apesar de o clima n\u00e3o ter colaborado, acreditam ter sido um grande evento, bem organizado e estruturado. \u201cComo participantes do Moto Amigos j\u00e1 participamos de v\u00e1rios encontros de motociclistas no Rio Grande do Sul, e em muitos s\u00f3 ouvimos falar bem da Teut\u00f4nia Moto Fest\u201d, finalizam.<\/p>\n\n\n\n<p>O evento recebeu neste ano mais de 20 mil pessoas nos tr\u00eas dias de programa\u00e7\u00f5es. Conforme o organizador da festa, Cristiano Schwarz, a estrutura do evento n\u00e3o foi afetada pelo tempo, mas impactou na presen\u00e7a dos motociclistas que fazem \u201cbate e volta\u201d no s\u00e1bado. \u201cEstamos satisfeitos, temos s\u00f3 a agradecer o apoio da municipalidade, das pessoas que contribuem para o sucesso do evento\u201d, reconhece.<\/p>\n","protected":false},"excerpt":{"rendered":"<p>Existe o ditado \u201cuma aventura est\u00e1 sempre pronta para ser vivida\u201d, e o grupo de quatro amigos, Rodrigo Brackmann, Andr\u00e9ia Becker, Diogo Rafael M\u00fcller e Diana Regina Wagner faz jus \u00e0 frase. Em 2020, durante uma roda de chimarr\u00e3o eles decidiram fazer uma viagem ao Nordeste de uma forma um pouco diferente do c\u00f4modo \u2013 [&hellip;]<\/p>\n","protected":false},"author":636,"featured_media":122194,"comment_status":"open","ping_status":"open","sticky":false,"template":"","format":"standard","meta":{"pmpro_default_level":"","_jetpack_memberships_contains_paid_content":false,"footnotes":""},"categories":[2,10999,6],"tags":[11074,5160,389,11075,11006,11073,26,8713,5024],"class_list":{"0":"post-122193","1":"post","2":"type-post","3":"status-publish","4":"format-standard","5":"has-post-thumbnail","7":"category-featured","8":"category-entretenimento","9":"category-inclusive","10":"tag-amigos","11":"tag-grupo","12":"tag-moto","13":"tag-moto-amigos-teutonia","14":"tag-motoqueiros","15":"tag-sul","16":"tag-teutonia","17":"tag-teutonia-moto-fest","18":"tag-viagem","19":"pmpro-has-access"},"yoast_head":"<!-- This site is optimized with the Yoast SEO plugin v27.5 - https:\/\/yoast.com\/product\/yoast-seo-wordpress\/ -->\n<title>Grupo de amigos viaja do Sul ao Nordeste de moto - Folha Popular<\/title>\n<meta name=\"robots\" content=\"index, follow, max-snippet:-1, max-image-preview:large, max-video-preview:-1\" \/>\n<link rel=\"canonical\" href=\"https:\/\/folhapopular.info\/index.php\/2023\/03\/04\/grupo-de-amigos-viaja-do-sul-ao-nordeste-de-moto\/\" \/>\n<meta property=\"og:locale\" content=\"pt_BR\" \/>\n<meta property=\"og:type\" content=\"article\" \/>\n<meta property=\"og:title\" content=\"Grupo de amigos viaja do Sul ao Nordeste de moto - Folha Popular\" \/>\n<meta property=\"og:description\" content=\"Existe o ditado \u201cuma aventura est\u00e1 sempre pronta para ser vivida\u201d, e o grupo de quatro amigos, Rodrigo Brackmann, Andr\u00e9ia Becker, Diogo Rafael M\u00fcller e Diana Regina Wagner faz jus \u00e0 frase. Em 2020, durante uma roda de chimarr\u00e3o eles decidiram fazer uma viagem ao Nordeste de uma forma um pouco diferente do c\u00f4modo \u2013 [&hellip;]\" \/>\n<meta property=\"og:url\" content=\"https:\/\/folhapopular.info\/index.php\/2023\/03\/04\/grupo-de-amigos-viaja-do-sul-ao-nordeste-de-moto\/\" \/>\n<meta property=\"og:site_name\" content=\"Folha Popular\" \/>\n<meta property=\"article:published_time\" content=\"2023-03-04T11:51:24+00:00\" \/>\n<meta property=\"article:modified_time\" content=\"2023-03-04T11:56:25+00:00\" \/>\n<meta property=\"og:image\" content=\"http:\/\/folhapopular.info\/wp-content\/uploads\/2023\/03\/EXPEDICAO-e1677930549930.jpeg\" \/>\n\t<meta property=\"og:image:width\" content=\"1200\" \/>\n\t<meta property=\"og:image:height\" content=\"786\" \/>\n\t<meta property=\"og:image:type\" content=\"image\/jpeg\" \/>\n<meta name=\"author\" content=\"Keila Gr\u00e4ff Anhaia\" \/>\n<meta name=\"twitter:card\" content=\"summary_large_image\" \/>\n<meta name=\"twitter:label1\" content=\"Escrito por\" \/>\n\t<meta name=\"twitter:data1\" content=\"Keila Gr\u00e4ff Anhaia\" \/>\n\t<meta name=\"twitter:label2\" content=\"Est. tempo de leitura\" \/>\n\t<meta name=\"twitter:data2\" content=\"5 minutos\" \/>\n<script type=\"application\/ld+json\" class=\"yoast-schema-graph\">{\"@context\":\"https:\\\/\\\/schema.org\",\"@graph\":[{\"@type\":\"Article\",\"@id\":\"https:\\\/\\\/folhapopular.info\\\/index.php\\\/2023\\\/03\\\/04\\\/grupo-de-amigos-viaja-do-sul-ao-nordeste-de-moto\\\/#article\",\"isPartOf\":{\"@id\":\"https:\\\/\\\/folhapopular.info\\\/index.php\\\/2023\\\/03\\\/04\\\/grupo-de-amigos-viaja-do-sul-ao-nordeste-de-moto\\\/\"},\"author\":{\"name\":\"Keila Gr\u00e4ff Anhaia\",\"@id\":\"https:\\\/\\\/folhapopular.info\\\/#\\\/schema\\\/person\\\/9a5695747e1046d5fac310c552cf6260\"},\"headline\":\"Grupo de amigos viaja do Sul ao Nordeste de moto\",\"datePublished\":\"2023-03-04T11:51:24+00:00\",\"dateModified\":\"2023-03-04T11:56:25+00:00\",\"mainEntityOfPage\":{\"@id\":\"https:\\\/\\\/folhapopular.info\\\/index.php\\\/2023\\\/03\\\/04\\\/grupo-de-amigos-viaja-do-sul-ao-nordeste-de-moto\\\/\"},\"wordCount\":817,\"commentCount\":0,\"image\":{\"@id\":\"https:\\\/\\\/folhapopular.info\\\/index.php\\\/2023\\\/03\\\/04\\\/grupo-de-amigos-viaja-do-sul-ao-nordeste-de-moto\\\/#primaryimage\"},\"thumbnailUrl\":\"https:\\\/\\\/folhapopular.info\\\/wp-content\\\/uploads\\\/2023\\\/03\\\/EXPEDICAO-e1677930549930.jpeg\",\"keywords\":[\"Amigos\",\"grupo\",\"Moto\",\"Moto Amigos Teut\u00f4nia\",\"Motoqueiros\",\"Sul\",\"Teut\u00f4nia\",\"Teut\u00f4nia Moto Fest\",\"VIagem\"],\"articleSection\":[\"Destaques\",\"Entretenimento\",\"Inclusive\"],\"inLanguage\":\"pt-BR\",\"potentialAction\":[{\"@type\":\"CommentAction\",\"name\":\"Comment\",\"target\":[\"https:\\\/\\\/folhapopular.info\\\/index.php\\\/2023\\\/03\\\/04\\\/grupo-de-amigos-viaja-do-sul-ao-nordeste-de-moto\\\/#respond\"]}]},{\"@type\":\"WebPage\",\"@id\":\"https:\\\/\\\/folhapopular.info\\\/index.php\\\/2023\\\/03\\\/04\\\/grupo-de-amigos-viaja-do-sul-ao-nordeste-de-moto\\\/\",\"url\":\"https:\\\/\\\/folhapopular.info\\\/index.php\\\/2023\\\/03\\\/04\\\/grupo-de-amigos-viaja-do-sul-ao-nordeste-de-moto\\\/\",\"name\":\"Grupo de amigos viaja do Sul ao Nordeste de moto - Folha Popular\",\"isPartOf\":{\"@id\":\"https:\\\/\\\/folhapopular.info\\\/#website\"},\"primaryImageOfPage\":{\"@id\":\"https:\\\/\\\/folhapopular.info\\\/index.php\\\/2023\\\/03\\\/04\\\/grupo-de-amigos-viaja-do-sul-ao-nordeste-de-moto\\\/#primaryimage\"},\"image\":{\"@id\":\"https:\\\/\\\/folhapopular.info\\\/index.php\\\/2023\\\/03\\\/04\\\/grupo-de-amigos-viaja-do-sul-ao-nordeste-de-moto\\\/#primaryimage\"},\"thumbnailUrl\":\"https:\\\/\\\/folhapopular.info\\\/wp-content\\\/uploads\\\/2023\\\/03\\\/EXPEDICAO-e1677930549930.jpeg\",\"datePublished\":\"2023-03-04T11:51:24+00:00\",\"dateModified\":\"2023-03-04T11:56:25+00:00\",\"author\":{\"@id\":\"https:\\\/\\\/folhapopular.info\\\/#\\\/schema\\\/person\\\/9a5695747e1046d5fac310c552cf6260\"},\"breadcrumb\":{\"@id\":\"https:\\\/\\\/folhapopular.info\\\/index.php\\\/2023\\\/03\\\/04\\\/grupo-de-amigos-viaja-do-sul-ao-nordeste-de-moto\\\/#breadcrumb\"},\"inLanguage\":\"pt-BR\",\"potentialAction\":[{\"@type\":\"ReadAction\",\"target\":[\"https:\\\/\\\/folhapopular.info\\\/index.php\\\/2023\\\/03\\\/04\\\/grupo-de-amigos-viaja-do-sul-ao-nordeste-de-moto\\\/\"]}]},{\"@type\":\"ImageObject\",\"inLanguage\":\"pt-BR\",\"@id\":\"https:\\\/\\\/folhapopular.info\\\/index.php\\\/2023\\\/03\\\/04\\\/grupo-de-amigos-viaja-do-sul-ao-nordeste-de-moto\\\/#primaryimage\",\"url\":\"https:\\\/\\\/folhapopular.info\\\/wp-content\\\/uploads\\\/2023\\\/03\\\/EXPEDICAO-e1677930549930.jpeg\",\"contentUrl\":\"https:\\\/\\\/folhapopular.info\\\/wp-content\\\/uploads\\\/2023\\\/03\\\/EXPEDICAO-e1677930549930.jpeg\",\"width\":1200,\"height\":786,\"caption\":\"Motoqueiros j\u00e1 percorreram mais de 10 estados juntos \\\/ Cr\u00e9dito: Andr\u00e9ia Becker \\\/ Divulga\u00e7\u00e3o\"},{\"@type\":\"BreadcrumbList\",\"@id\":\"https:\\\/\\\/folhapopular.info\\\/index.php\\\/2023\\\/03\\\/04\\\/grupo-de-amigos-viaja-do-sul-ao-nordeste-de-moto\\\/#breadcrumb\",\"itemListElement\":[{\"@type\":\"ListItem\",\"position\":1,\"name\":\"In\u00edcio\",\"item\":\"https:\\\/\\\/folhapopular.info\\\/\"},{\"@type\":\"ListItem\",\"position\":2,\"name\":\"Grupo de amigos viaja do Sul ao Nordeste de moto\"}]},{\"@type\":\"WebSite\",\"@id\":\"https:\\\/\\\/folhapopular.info\\\/#website\",\"url\":\"https:\\\/\\\/folhapopular.info\\\/\",\"name\":\"Folha Popular\",\"description\":\"Onde voc\u00ea tem vez e voz\",\"potentialAction\":[{\"@type\":\"SearchAction\",\"target\":{\"@type\":\"EntryPoint\",\"urlTemplate\":\"https:\\\/\\\/folhapopular.info\\\/?s={search_term_string}\"},\"query-input\":{\"@type\":\"PropertyValueSpecification\",\"valueRequired\":true,\"valueName\":\"search_term_string\"}}],\"inLanguage\":\"pt-BR\"},{\"@type\":\"Person\",\"@id\":\"https:\\\/\\\/folhapopular.info\\\/#\\\/schema\\\/person\\\/9a5695747e1046d5fac310c552cf6260\",\"name\":\"Keila Gr\u00e4ff Anhaia\",\"image\":{\"@type\":\"ImageObject\",\"inLanguage\":\"pt-BR\",\"@id\":\"https:\\\/\\\/secure.gravatar.com\\\/avatar\\\/498ef5bfb389bc7ded562ad94f835a056e934ab779eb2a595c461a735cf74fba?s=96&d=mm&r=g\",\"url\":\"https:\\\/\\\/secure.gravatar.com\\\/avatar\\\/498ef5bfb389bc7ded562ad94f835a056e934ab779eb2a595c461a735cf74fba?s=96&d=mm&r=g\",\"contentUrl\":\"https:\\\/\\\/secure.gravatar.com\\\/avatar\\\/498ef5bfb389bc7ded562ad94f835a056e934ab779eb2a595c461a735cf74fba?s=96&d=mm&r=g\",\"caption\":\"Keila Gr\u00e4ff Anhaia\"},\"url\":\"https:\\\/\\\/folhapopular.info\\\/index.php\\\/author\\\/graffkeilagmail-com\\\/\"}]}<\/script>\n<!-- \/ Yoast SEO plugin. -->","yoast_head_json":{"title":"Grupo de amigos viaja do Sul ao Nordeste de moto - Folha Popular","robots":{"index":"index","follow":"follow","max-snippet":"max-snippet:-1","max-image-preview":"max-image-preview:large","max-video-preview":"max-video-preview:-1"},"canonical":"https:\/\/folhapopular.info\/index.php\/2023\/03\/04\/grupo-de-amigos-viaja-do-sul-ao-nordeste-de-moto\/","og_locale":"pt_BR","og_type":"article","og_title":"Grupo de amigos viaja do Sul ao Nordeste de moto - Folha Popular","og_description":"Existe o ditado \u201cuma aventura est\u00e1 sempre pronta para ser vivida\u201d, e o grupo de quatro amigos, Rodrigo Brackmann, Andr\u00e9ia Becker, Diogo Rafael M\u00fcller e Diana Regina Wagner faz jus \u00e0 frase. Em 2020, durante uma roda de chimarr\u00e3o eles decidiram fazer uma viagem ao Nordeste de uma forma um pouco diferente do c\u00f4modo \u2013 [&hellip;]","og_url":"https:\/\/folhapopular.info\/index.php\/2023\/03\/04\/grupo-de-amigos-viaja-do-sul-ao-nordeste-de-moto\/","og_site_name":"Folha Popular","article_published_time":"2023-03-04T11:51:24+00:00","article_modified_time":"2023-03-04T11:56:25+00:00","og_image":[{"width":1200,"height":786,"url":"http:\/\/folhapopular.info\/wp-content\/uploads\/2023\/03\/EXPEDICAO-e1677930549930.jpeg","type":"image\/jpeg"}],"author":"Keila Gr\u00e4ff Anhaia","twitter_card":"summary_large_image","twitter_misc":{"Escrito por":"Keila Gr\u00e4ff Anhaia","Est. tempo de leitura":"5 minutos"},"schema":{"@context":"https:\/\/schema.org","@graph":[{"@type":"Article","@id":"https:\/\/folhapopular.info\/index.php\/2023\/03\/04\/grupo-de-amigos-viaja-do-sul-ao-nordeste-de-moto\/#article","isPartOf":{"@id":"https:\/\/folhapopular.info\/index.php\/2023\/03\/04\/grupo-de-amigos-viaja-do-sul-ao-nordeste-de-moto\/"},"author":{"name":"Keila Gr\u00e4ff Anhaia","@id":"https:\/\/folhapopular.info\/#\/schema\/person\/9a5695747e1046d5fac310c552cf6260"},"headline":"Grupo de amigos viaja do Sul ao Nordeste de moto","datePublished":"2023-03-04T11:51:24+00:00","dateModified":"2023-03-04T11:56:25+00:00","mainEntityOfPage":{"@id":"https:\/\/folhapopular.info\/index.php\/2023\/03\/04\/grupo-de-amigos-viaja-do-sul-ao-nordeste-de-moto\/"},"wordCount":817,"commentCount":0,"image":{"@id":"https:\/\/folhapopular.info\/index.php\/2023\/03\/04\/grupo-de-amigos-viaja-do-sul-ao-nordeste-de-moto\/#primaryimage"},"thumbnailUrl":"https:\/\/folhapopular.info\/wp-content\/uploads\/2023\/03\/EXPEDICAO-e1677930549930.jpeg","keywords":["Amigos","grupo","Moto","Moto Amigos Teut\u00f4nia","Motoqueiros","Sul","Teut\u00f4nia","Teut\u00f4nia Moto Fest","VIagem"],"articleSection":["Destaques","Entretenimento","Inclusive"],"inLanguage":"pt-BR","potentialAction":[{"@type":"CommentAction","name":"Comment","target":["https:\/\/folhapopular.info\/index.php\/2023\/03\/04\/grupo-de-amigos-viaja-do-sul-ao-nordeste-de-moto\/#respond"]}]},{"@type":"WebPage","@id":"https:\/\/folhapopular.info\/index.php\/2023\/03\/04\/grupo-de-amigos-viaja-do-sul-ao-nordeste-de-moto\/","url":"https:\/\/folhapopular.info\/index.php\/2023\/03\/04\/grupo-de-amigos-viaja-do-sul-ao-nordeste-de-moto\/","name":"Grupo de amigos viaja do Sul ao Nordeste de moto - Folha Popular","isPartOf":{"@id":"https:\/\/folhapopular.info\/#website"},"primaryImageOfPage":{"@id":"https:\/\/folhapopular.info\/index.php\/2023\/03\/04\/grupo-de-amigos-viaja-do-sul-ao-nordeste-de-moto\/#primaryimage"},"image":{"@id":"https:\/\/folhapopular.info\/index.php\/2023\/03\/04\/grupo-de-amigos-viaja-do-sul-ao-nordeste-de-moto\/#primaryimage"},"thumbnailUrl":"https:\/\/folhapopular.info\/wp-content\/uploads\/2023\/03\/EXPEDICAO-e1677930549930.jpeg","datePublished":"2023-03-04T11:51:24+00:00","dateModified":"2023-03-04T11:56:25+00:00","author":{"@id":"https:\/\/folhapopular.info\/#\/schema\/person\/9a5695747e1046d5fac310c552cf6260"},"breadcrumb":{"@id":"https:\/\/folhapopular.info\/index.php\/2023\/03\/04\/grupo-de-amigos-viaja-do-sul-ao-nordeste-de-moto\/#breadcrumb"},"inLanguage":"pt-BR","potentialAction":[{"@type":"ReadAction","target":["https:\/\/folhapopular.info\/index.php\/2023\/03\/04\/grupo-de-amigos-viaja-do-sul-ao-nordeste-de-moto\/"]}]},{"@type":"ImageObject","inLanguage":"pt-BR","@id":"https:\/\/folhapopular.info\/index.php\/2023\/03\/04\/grupo-de-amigos-viaja-do-sul-ao-nordeste-de-moto\/#primaryimage","url":"https:\/\/folhapopular.info\/wp-content\/uploads\/2023\/03\/EXPEDICAO-e1677930549930.jpeg","contentUrl":"https:\/\/folhapopular.info\/wp-content\/uploads\/2023\/03\/EXPEDICAO-e1677930549930.jpeg","width":1200,"height":786,"caption":"Motoqueiros j\u00e1 percorreram mais de 10 estados juntos \/ Cr\u00e9dito: Andr\u00e9ia Becker \/ Divulga\u00e7\u00e3o"},{"@type":"BreadcrumbList","@id":"https:\/\/folhapopular.info\/index.php\/2023\/03\/04\/grupo-de-amigos-viaja-do-sul-ao-nordeste-de-moto\/#breadcrumb","itemListElement":[{"@type":"ListItem","position":1,"name":"In\u00edcio","item":"https:\/\/folhapopular.info\/"},{"@type":"ListItem","position":2,"name":"Grupo de amigos viaja do Sul ao Nordeste de moto"}]},{"@type":"WebSite","@id":"https:\/\/folhapopular.info\/#website","url":"https:\/\/folhapopular.info\/","name":"Folha Popular","description":"Onde voc\u00ea tem vez e voz","potentialAction":[{"@type":"SearchAction","target":{"@type":"EntryPoint","urlTemplate":"https:\/\/folhapopular.info\/?s={search_term_string}"},"query-input":{"@type":"PropertyValueSpecification","valueRequired":true,"valueName":"search_term_string"}}],"inLanguage":"pt-BR"},{"@type":"Person","@id":"https:\/\/folhapopular.info\/#\/schema\/person\/9a5695747e1046d5fac310c552cf6260","name":"Keila Gr\u00e4ff Anhaia","image":{"@type":"ImageObject","inLanguage":"pt-BR","@id":"https:\/\/secure.gravatar.com\/avatar\/498ef5bfb389bc7ded562ad94f835a056e934ab779eb2a595c461a735cf74fba?s=96&d=mm&r=g","url":"https:\/\/secure.gravatar.com\/avatar\/498ef5bfb389bc7ded562ad94f835a056e934ab779eb2a595c461a735cf74fba?s=96&d=mm&r=g","contentUrl":"https:\/\/secure.gravatar.com\/avatar\/498ef5bfb389bc7ded562ad94f835a056e934ab779eb2a595c461a735cf74fba?s=96&d=mm&r=g","caption":"Keila Gr\u00e4ff Anhaia"},"url":"https:\/\/folhapopular.info\/index.php\/author\/graffkeilagmail-com\/"}]}},"jetpack_featured_media_url":"https:\/\/folhapopular.info\/wp-content\/uploads\/2023\/03\/EXPEDICAO-e1677930549930.jpeg","jetpack_sharing_enabled":true,"amp_enabled":true,"_links":{"self":[{"href":"https:\/\/folhapopular.info\/index.php\/wp-json\/wp\/v2\/posts\/122193","targetHints":{"allow":["GET"]}}],"collection":[{"href":"https:\/\/folhapopular.info\/index.php\/wp-json\/wp\/v2\/posts"}],"about":[{"href":"https:\/\/folhapopular.info\/index.php\/wp-json\/wp\/v2\/types\/post"}],"author":[{"embeddable":true,"href":"https:\/\/folhapopular.info\/index.php\/wp-json\/wp\/v2\/users\/636"}],"replies":[{"embeddable":true,"href":"https:\/\/folhapopular.info\/index.php\/wp-json\/wp\/v2\/comments?post=122193"}],"version-history":[{"count":0,"href":"https:\/\/folhapopular.info\/index.php\/wp-json\/wp\/v2\/posts\/122193\/revisions"}],"wp:featuredmedia":[{"embeddable":true,"href":"https:\/\/folhapopular.info\/index.php\/wp-json\/wp\/v2\/media\/122194"}],"wp:attachment":[{"href":"https:\/\/folhapopular.info\/index.php\/wp-json\/wp\/v2\/media?parent=122193"}],"wp:term":[{"taxonomy":"category","embeddable":true,"href":"https:\/\/folhapopular.info\/index.php\/wp-json\/wp\/v2\/categories?post=122193"},{"taxonomy":"post_tag","embeddable":true,"href":"https:\/\/folhapopular.info\/index.php\/wp-json\/wp\/v2\/tags?post=122193"}],"curies":[{"name":"wp","href":"https:\/\/api.w.org\/{rel}","templated":true}]}}