{"id":122206,"date":"2023-03-04T10:35:00","date_gmt":"2023-03-04T13:35:00","guid":{"rendered":"https:\/\/folhapopular.info\/?p=122206"},"modified":"2023-03-04T09:32:26","modified_gmt":"2023-03-04T12:32:26","slug":"6a-forquetinha-expofest-acontece-em-abril","status":"publish","type":"post","link":"https:\/\/folhapopular.info\/index.php\/2023\/03\/04\/6a-forquetinha-expofest-acontece-em-abril\/","title":{"rendered":"6\u00aa Forquetinha Expofest acontece em abril"},"content":{"rendered":"\n<p>Aconteceu na noite de quarta-feira (1\u00ba\/3), o lan\u00e7amento da 6\u00aa Forquetinha Expofest 2023. O evento contou com a presen\u00e7a de autoridades do G8, vereadores, convidados e as soberanas do munic\u00edpio. A maior curiosidade ficou por conta do an\u00fancio dos shows.<\/p>\n\n\n\n<p>Leandro Kremer, vice-presidente da feira, anunciou a programa\u00e7\u00e3o. Entre as atra\u00e7\u00f5es musicais est\u00e3o as Bandas S\u00e9timo Sentido, Knecus, Wilceu Pause, Brilha Som, Banda Rosas e Os Atuais. Kremer ainda salientou demais encontros que acontecer\u00e3o durante a programa\u00e7\u00e3o, al\u00e9m de atra\u00e7\u00f5es culturais e gastron\u00f4micas.<\/p>\n\n\n\n<p>O vice-prefeito e presidente da Festa, Grasiani Galli come\u00e7ou os pronunciamentos falando da expectativa de receberem em torno de 20 mil visitantes durante os quatro dias. Tamb\u00e9m salientou que ser\u00e3o mais de 80 expositores e n\u00e3o haver\u00e1 cobran\u00e7a de ingresso.<\/p>\n\n\n\n<p>O anfitri\u00e3o da noite, prefeito Paulo Grunewald, terminou o protocolo agradecendo o emprenho da comiss\u00e3o e tamb\u00e9m convidando a todos para a festa.<\/p>\n\n\n\n<p>A Expofest, acontecer\u00e1 dias 20, 21, 22 e 23 de abril no Parque Christoph Bauer, em Forquetinha. A realiza\u00e7\u00e3o \u00e9 do Centro de Cultura Alem\u00e3 de Forquetinha, com o apoio da Prefeitura.<\/p>\n","protected":false},"excerpt":{"rendered":"<p>Aconteceu na noite de quarta-feira (1\u00ba\/3), o lan\u00e7amento da 6\u00aa Forquetinha Expofest 2023. O evento contou com a presen\u00e7a de autoridades do G8, vereadores, convidados e as soberanas do munic\u00edpio. A maior curiosidade ficou por conta do an\u00fancio dos shows. Leandro Kremer, vice-presidente da feira, anunciou a programa\u00e7\u00e3o. Entre as atra\u00e7\u00f5es musicais est\u00e3o as Bandas [&hellip;]<\/p>\n","protected":false},"author":591,"featured_media":122207,"comment_status":"open","ping_status":"open","sticky":false,"template":"","format":"standard","meta":{"pmpro_default_level":"","_jetpack_memberships_contains_paid_content":false,"footnotes":""},"categories":[2,10999,6],"tags":[9913,6466,11067,2434,11077,94],"class_list":{"0":"post-122206","1":"post","2":"type-post","3":"status-publish","4":"format-standard","5":"has-post-thumbnail","7":"category-featured","8":"category-entretenimento","9":"category-inclusive","10":"tag-6a-edicao","11":"tag-evento","12":"tag-expofest","13":"tag-forquetinha","14":"tag-g8","15":"tag-soberanas","16":"pmpro-has-access"},"yoast_head":"<!-- This site is optimized with the Yoast SEO plugin v27.5 - https:\/\/yoast.com\/product\/yoast-seo-wordpress\/ -->\n<title>6\u00aa Forquetinha Expofest acontece em abril - Folha Popular<\/title>\n<meta name=\"robots\" content=\"index, follow, max-snippet:-1, max-image-preview:large, max-video-preview:-1\" \/>\n<link rel=\"canonical\" href=\"https:\/\/folhapopular.info\/index.php\/2023\/03\/04\/6a-forquetinha-expofest-acontece-em-abril\/\" \/>\n<meta property=\"og:locale\" content=\"pt_BR\" \/>\n<meta property=\"og:type\" content=\"article\" \/>\n<meta property=\"og:title\" content=\"6\u00aa Forquetinha Expofest acontece em abril - Folha Popular\" \/>\n<meta property=\"og:description\" content=\"Aconteceu na noite de quarta-feira (1\u00ba\/3), o lan\u00e7amento da 6\u00aa Forquetinha Expofest 2023. O evento contou com a presen\u00e7a de autoridades do G8, vereadores, convidados e as soberanas do munic\u00edpio. A maior curiosidade ficou por conta do an\u00fancio dos shows. Leandro Kremer, vice-presidente da feira, anunciou a programa\u00e7\u00e3o. Entre as atra\u00e7\u00f5es musicais est\u00e3o as Bandas [&hellip;]\" \/>\n<meta property=\"og:url\" content=\"https:\/\/folhapopular.info\/index.php\/2023\/03\/04\/6a-forquetinha-expofest-acontece-em-abril\/\" \/>\n<meta property=\"og:site_name\" content=\"Folha Popular\" \/>\n<meta property=\"article:published_time\" content=\"2023-03-04T13:35:00+00:00\" \/>\n<meta property=\"og:image\" content=\"https:\/\/folhapopular.info\/wp-content\/uploads\/2023\/03\/WhatsApp-Image-2023-03-03-at-17.08.34-1-e1677933059708.jpeg\" \/>\n\t<meta property=\"og:image:width\" content=\"1064\" \/>\n\t<meta property=\"og:image:height\" content=\"708\" \/>\n\t<meta property=\"og:image:type\" content=\"image\/jpeg\" \/>\n<meta name=\"author\" content=\"Marcos Vin\u00edcius Bilhar\" \/>\n<meta name=\"twitter:card\" content=\"summary_large_image\" \/>\n<meta name=\"twitter:label1\" content=\"Escrito por\" \/>\n\t<meta name=\"twitter:data1\" content=\"Marcos Vin\u00edcius Bilhar\" \/>\n\t<meta name=\"twitter:label2\" content=\"Est. tempo de leitura\" \/>\n\t<meta name=\"twitter:data2\" content=\"1 minuto\" \/>\n<script type=\"application\/ld+json\" class=\"yoast-schema-graph\">{\"@context\":\"https:\\\/\\\/schema.org\",\"@graph\":[{\"@type\":\"Article\",\"@id\":\"https:\\\/\\\/folhapopular.info\\\/index.php\\\/2023\\\/03\\\/04\\\/6a-forquetinha-expofest-acontece-em-abril\\\/#article\",\"isPartOf\":{\"@id\":\"https:\\\/\\\/folhapopular.info\\\/index.php\\\/2023\\\/03\\\/04\\\/6a-forquetinha-expofest-acontece-em-abril\\\/\"},\"author\":{\"name\":\"Marcos Vin\u00edcius Bilhar\",\"@id\":\"https:\\\/\\\/folhapopular.info\\\/#\\\/schema\\\/person\\\/d5775ed8ef9756d0e063ce0e0d622ef6\"},\"headline\":\"6\u00aa Forquetinha Expofest acontece em abril\",\"datePublished\":\"2023-03-04T13:35:00+00:00\",\"mainEntityOfPage\":{\"@id\":\"https:\\\/\\\/folhapopular.info\\\/index.php\\\/2023\\\/03\\\/04\\\/6a-forquetinha-expofest-acontece-em-abril\\\/\"},\"wordCount\":195,\"commentCount\":0,\"image\":{\"@id\":\"https:\\\/\\\/folhapopular.info\\\/index.php\\\/2023\\\/03\\\/04\\\/6a-forquetinha-expofest-acontece-em-abril\\\/#primaryimage\"},\"thumbnailUrl\":\"https:\\\/\\\/folhapopular.info\\\/wp-content\\\/uploads\\\/2023\\\/03\\\/WhatsApp-Image-2023-03-03-at-17.08.34-1-e1677933059708.jpeg\",\"keywords\":[\"6\u00aa edi\u00e7\u00e3o\",\"Evento\",\"Expofest\",\"Forquetinha\",\"G8\",\"Soberanas\"],\"articleSection\":[\"Destaques\",\"Entretenimento\",\"Inclusive\"],\"inLanguage\":\"pt-BR\",\"potentialAction\":[{\"@type\":\"CommentAction\",\"name\":\"Comment\",\"target\":[\"https:\\\/\\\/folhapopular.info\\\/index.php\\\/2023\\\/03\\\/04\\\/6a-forquetinha-expofest-acontece-em-abril\\\/#respond\"]}]},{\"@type\":\"WebPage\",\"@id\":\"https:\\\/\\\/folhapopular.info\\\/index.php\\\/2023\\\/03\\\/04\\\/6a-forquetinha-expofest-acontece-em-abril\\\/\",\"url\":\"https:\\\/\\\/folhapopular.info\\\/index.php\\\/2023\\\/03\\\/04\\\/6a-forquetinha-expofest-acontece-em-abril\\\/\",\"name\":\"6\u00aa Forquetinha Expofest acontece em abril - Folha Popular\",\"isPartOf\":{\"@id\":\"https:\\\/\\\/folhapopular.info\\\/#website\"},\"primaryImageOfPage\":{\"@id\":\"https:\\\/\\\/folhapopular.info\\\/index.php\\\/2023\\\/03\\\/04\\\/6a-forquetinha-expofest-acontece-em-abril\\\/#primaryimage\"},\"image\":{\"@id\":\"https:\\\/\\\/folhapopular.info\\\/index.php\\\/2023\\\/03\\\/04\\\/6a-forquetinha-expofest-acontece-em-abril\\\/#primaryimage\"},\"thumbnailUrl\":\"https:\\\/\\\/folhapopular.info\\\/wp-content\\\/uploads\\\/2023\\\/03\\\/WhatsApp-Image-2023-03-03-at-17.08.34-1-e1677933059708.jpeg\",\"datePublished\":\"2023-03-04T13:35:00+00:00\",\"author\":{\"@id\":\"https:\\\/\\\/folhapopular.info\\\/#\\\/schema\\\/person\\\/d5775ed8ef9756d0e063ce0e0d622ef6\"},\"breadcrumb\":{\"@id\":\"https:\\\/\\\/folhapopular.info\\\/index.php\\\/2023\\\/03\\\/04\\\/6a-forquetinha-expofest-acontece-em-abril\\\/#breadcrumb\"},\"inLanguage\":\"pt-BR\",\"potentialAction\":[{\"@type\":\"ReadAction\",\"target\":[\"https:\\\/\\\/folhapopular.info\\\/index.php\\\/2023\\\/03\\\/04\\\/6a-forquetinha-expofest-acontece-em-abril\\\/\"]}]},{\"@type\":\"ImageObject\",\"inLanguage\":\"pt-BR\",\"@id\":\"https:\\\/\\\/folhapopular.info\\\/index.php\\\/2023\\\/03\\\/04\\\/6a-forquetinha-expofest-acontece-em-abril\\\/#primaryimage\",\"url\":\"https:\\\/\\\/folhapopular.info\\\/wp-content\\\/uploads\\\/2023\\\/03\\\/WhatsApp-Image-2023-03-03-at-17.08.34-1-e1677933059708.jpeg\",\"contentUrl\":\"https:\\\/\\\/folhapopular.info\\\/wp-content\\\/uploads\\\/2023\\\/03\\\/WhatsApp-Image-2023-03-03-at-17.08.34-1-e1677933059708.jpeg\",\"width\":1064,\"height\":708,\"caption\":\"Soberanas convidam para a 6\u00ba edi\u00e7\u00e3o da festa \\\/ Cr\u00e9dito: Marcos Vin\u00edcius Bilhar\"},{\"@type\":\"BreadcrumbList\",\"@id\":\"https:\\\/\\\/folhapopular.info\\\/index.php\\\/2023\\\/03\\\/04\\\/6a-forquetinha-expofest-acontece-em-abril\\\/#breadcrumb\",\"itemListElement\":[{\"@type\":\"ListItem\",\"position\":1,\"name\":\"In\u00edcio\",\"item\":\"https:\\\/\\\/folhapopular.info\\\/\"},{\"@type\":\"ListItem\",\"position\":2,\"name\":\"6\u00aa Forquetinha Expofest acontece em abril\"}]},{\"@type\":\"WebSite\",\"@id\":\"https:\\\/\\\/folhapopular.info\\\/#website\",\"url\":\"https:\\\/\\\/folhapopular.info\\\/\",\"name\":\"Folha Popular\",\"description\":\"Onde voc\u00ea tem vez e voz\",\"potentialAction\":[{\"@type\":\"SearchAction\",\"target\":{\"@type\":\"EntryPoint\",\"urlTemplate\":\"https:\\\/\\\/folhapopular.info\\\/?s={search_term_string}\"},\"query-input\":{\"@type\":\"PropertyValueSpecification\",\"valueRequired\":true,\"valueName\":\"search_term_string\"}}],\"inLanguage\":\"pt-BR\"},{\"@type\":\"Person\",\"@id\":\"https:\\\/\\\/folhapopular.info\\\/#\\\/schema\\\/person\\\/d5775ed8ef9756d0e063ce0e0d622ef6\",\"name\":\"Marcos Vin\u00edcius Bilhar\",\"image\":{\"@type\":\"ImageObject\",\"inLanguage\":\"pt-BR\",\"@id\":\"https:\\\/\\\/secure.gravatar.com\\\/avatar\\\/6c44b5941169423203ed2408d1c47a2e0ba31d152a11a420026ca41ffd589d80?s=96&d=mm&r=g\",\"url\":\"https:\\\/\\\/secure.gravatar.com\\\/avatar\\\/6c44b5941169423203ed2408d1c47a2e0ba31d152a11a420026ca41ffd589d80?s=96&d=mm&r=g\",\"contentUrl\":\"https:\\\/\\\/secure.gravatar.com\\\/avatar\\\/6c44b5941169423203ed2408d1c47a2e0ba31d152a11a420026ca41ffd589d80?s=96&d=mm&r=g\",\"caption\":\"Marcos Vin\u00edcius Bilhar\"},\"url\":\"https:\\\/\\\/folhapopular.info\\\/index.php\\\/author\\\/bilhar-vinigmail-com\\\/\"}]}<\/script>\n<!-- \/ Yoast SEO plugin. -->","yoast_head_json":{"title":"6\u00aa Forquetinha Expofest acontece em abril - Folha Popular","robots":{"index":"index","follow":"follow","max-snippet":"max-snippet:-1","max-image-preview":"max-image-preview:large","max-video-preview":"max-video-preview:-1"},"canonical":"https:\/\/folhapopular.info\/index.php\/2023\/03\/04\/6a-forquetinha-expofest-acontece-em-abril\/","og_locale":"pt_BR","og_type":"article","og_title":"6\u00aa Forquetinha Expofest acontece em abril - Folha Popular","og_description":"Aconteceu na noite de quarta-feira (1\u00ba\/3), o lan\u00e7amento da 6\u00aa Forquetinha Expofest 2023. O evento contou com a presen\u00e7a de autoridades do G8, vereadores, convidados e as soberanas do munic\u00edpio. A maior curiosidade ficou por conta do an\u00fancio dos shows. Leandro Kremer, vice-presidente da feira, anunciou a programa\u00e7\u00e3o. Entre as atra\u00e7\u00f5es musicais est\u00e3o as Bandas [&hellip;]","og_url":"https:\/\/folhapopular.info\/index.php\/2023\/03\/04\/6a-forquetinha-expofest-acontece-em-abril\/","og_site_name":"Folha Popular","article_published_time":"2023-03-04T13:35:00+00:00","og_image":[{"width":1064,"height":708,"url":"https:\/\/folhapopular.info\/wp-content\/uploads\/2023\/03\/WhatsApp-Image-2023-03-03-at-17.08.34-1-e1677933059708.jpeg","type":"image\/jpeg"}],"author":"Marcos Vin\u00edcius Bilhar","twitter_card":"summary_large_image","twitter_misc":{"Escrito por":"Marcos Vin\u00edcius Bilhar","Est. tempo de leitura":"1 minuto"},"schema":{"@context":"https:\/\/schema.org","@graph":[{"@type":"Article","@id":"https:\/\/folhapopular.info\/index.php\/2023\/03\/04\/6a-forquetinha-expofest-acontece-em-abril\/#article","isPartOf":{"@id":"https:\/\/folhapopular.info\/index.php\/2023\/03\/04\/6a-forquetinha-expofest-acontece-em-abril\/"},"author":{"name":"Marcos Vin\u00edcius Bilhar","@id":"https:\/\/folhapopular.info\/#\/schema\/person\/d5775ed8ef9756d0e063ce0e0d622ef6"},"headline":"6\u00aa Forquetinha Expofest acontece em abril","datePublished":"2023-03-04T13:35:00+00:00","mainEntityOfPage":{"@id":"https:\/\/folhapopular.info\/index.php\/2023\/03\/04\/6a-forquetinha-expofest-acontece-em-abril\/"},"wordCount":195,"commentCount":0,"image":{"@id":"https:\/\/folhapopular.info\/index.php\/2023\/03\/04\/6a-forquetinha-expofest-acontece-em-abril\/#primaryimage"},"thumbnailUrl":"https:\/\/folhapopular.info\/wp-content\/uploads\/2023\/03\/WhatsApp-Image-2023-03-03-at-17.08.34-1-e1677933059708.jpeg","keywords":["6\u00aa edi\u00e7\u00e3o","Evento","Expofest","Forquetinha","G8","Soberanas"],"articleSection":["Destaques","Entretenimento","Inclusive"],"inLanguage":"pt-BR","potentialAction":[{"@type":"CommentAction","name":"Comment","target":["https:\/\/folhapopular.info\/index.php\/2023\/03\/04\/6a-forquetinha-expofest-acontece-em-abril\/#respond"]}]},{"@type":"WebPage","@id":"https:\/\/folhapopular.info\/index.php\/2023\/03\/04\/6a-forquetinha-expofest-acontece-em-abril\/","url":"https:\/\/folhapopular.info\/index.php\/2023\/03\/04\/6a-forquetinha-expofest-acontece-em-abril\/","name":"6\u00aa Forquetinha Expofest acontece em abril - Folha Popular","isPartOf":{"@id":"https:\/\/folhapopular.info\/#website"},"primaryImageOfPage":{"@id":"https:\/\/folhapopular.info\/index.php\/2023\/03\/04\/6a-forquetinha-expofest-acontece-em-abril\/#primaryimage"},"image":{"@id":"https:\/\/folhapopular.info\/index.php\/2023\/03\/04\/6a-forquetinha-expofest-acontece-em-abril\/#primaryimage"},"thumbnailUrl":"https:\/\/folhapopular.info\/wp-content\/uploads\/2023\/03\/WhatsApp-Image-2023-03-03-at-17.08.34-1-e1677933059708.jpeg","datePublished":"2023-03-04T13:35:00+00:00","author":{"@id":"https:\/\/folhapopular.info\/#\/schema\/person\/d5775ed8ef9756d0e063ce0e0d622ef6"},"breadcrumb":{"@id":"https:\/\/folhapopular.info\/index.php\/2023\/03\/04\/6a-forquetinha-expofest-acontece-em-abril\/#breadcrumb"},"inLanguage":"pt-BR","potentialAction":[{"@type":"ReadAction","target":["https:\/\/folhapopular.info\/index.php\/2023\/03\/04\/6a-forquetinha-expofest-acontece-em-abril\/"]}]},{"@type":"ImageObject","inLanguage":"pt-BR","@id":"https:\/\/folhapopular.info\/index.php\/2023\/03\/04\/6a-forquetinha-expofest-acontece-em-abril\/#primaryimage","url":"https:\/\/folhapopular.info\/wp-content\/uploads\/2023\/03\/WhatsApp-Image-2023-03-03-at-17.08.34-1-e1677933059708.jpeg","contentUrl":"https:\/\/folhapopular.info\/wp-content\/uploads\/2023\/03\/WhatsApp-Image-2023-03-03-at-17.08.34-1-e1677933059708.jpeg","width":1064,"height":708,"caption":"Soberanas convidam para a 6\u00ba edi\u00e7\u00e3o da festa \/ Cr\u00e9dito: Marcos Vin\u00edcius Bilhar"},{"@type":"BreadcrumbList","@id":"https:\/\/folhapopular.info\/index.php\/2023\/03\/04\/6a-forquetinha-expofest-acontece-em-abril\/#breadcrumb","itemListElement":[{"@type":"ListItem","position":1,"name":"In\u00edcio","item":"https:\/\/folhapopular.info\/"},{"@type":"ListItem","position":2,"name":"6\u00aa Forquetinha Expofest acontece em abril"}]},{"@type":"WebSite","@id":"https:\/\/folhapopular.info\/#website","url":"https:\/\/folhapopular.info\/","name":"Folha Popular","description":"Onde voc\u00ea tem vez e voz","potentialAction":[{"@type":"SearchAction","target":{"@type":"EntryPoint","urlTemplate":"https:\/\/folhapopular.info\/?s={search_term_string}"},"query-input":{"@type":"PropertyValueSpecification","valueRequired":true,"valueName":"search_term_string"}}],"inLanguage":"pt-BR"},{"@type":"Person","@id":"https:\/\/folhapopular.info\/#\/schema\/person\/d5775ed8ef9756d0e063ce0e0d622ef6","name":"Marcos Vin\u00edcius Bilhar","image":{"@type":"ImageObject","inLanguage":"pt-BR","@id":"https:\/\/secure.gravatar.com\/avatar\/6c44b5941169423203ed2408d1c47a2e0ba31d152a11a420026ca41ffd589d80?s=96&d=mm&r=g","url":"https:\/\/secure.gravatar.com\/avatar\/6c44b5941169423203ed2408d1c47a2e0ba31d152a11a420026ca41ffd589d80?s=96&d=mm&r=g","contentUrl":"https:\/\/secure.gravatar.com\/avatar\/6c44b5941169423203ed2408d1c47a2e0ba31d152a11a420026ca41ffd589d80?s=96&d=mm&r=g","caption":"Marcos Vin\u00edcius Bilhar"},"url":"https:\/\/folhapopular.info\/index.php\/author\/bilhar-vinigmail-com\/"}]}},"jetpack_featured_media_url":"https:\/\/folhapopular.info\/wp-content\/uploads\/2023\/03\/WhatsApp-Image-2023-03-03-at-17.08.34-1-e1677933059708.jpeg","jetpack_sharing_enabled":true,"amp_enabled":true,"_links":{"self":[{"href":"https:\/\/folhapopular.info\/index.php\/wp-json\/wp\/v2\/posts\/122206","targetHints":{"allow":["GET"]}}],"collection":[{"href":"https:\/\/folhapopular.info\/index.php\/wp-json\/wp\/v2\/posts"}],"about":[{"href":"https:\/\/folhapopular.info\/index.php\/wp-json\/wp\/v2\/types\/post"}],"author":[{"embeddable":true,"href":"https:\/\/folhapopular.info\/index.php\/wp-json\/wp\/v2\/users\/591"}],"replies":[{"embeddable":true,"href":"https:\/\/folhapopular.info\/index.php\/wp-json\/wp\/v2\/comments?post=122206"}],"version-history":[{"count":0,"href":"https:\/\/folhapopular.info\/index.php\/wp-json\/wp\/v2\/posts\/122206\/revisions"}],"wp:featuredmedia":[{"embeddable":true,"href":"https:\/\/folhapopular.info\/index.php\/wp-json\/wp\/v2\/media\/122207"}],"wp:attachment":[{"href":"https:\/\/folhapopular.info\/index.php\/wp-json\/wp\/v2\/media?parent=122206"}],"wp:term":[{"taxonomy":"category","embeddable":true,"href":"https:\/\/folhapopular.info\/index.php\/wp-json\/wp\/v2\/categories?post=122206"},{"taxonomy":"post_tag","embeddable":true,"href":"https:\/\/folhapopular.info\/index.php\/wp-json\/wp\/v2\/tags?post=122206"}],"curies":[{"name":"wp","href":"https:\/\/api.w.org\/{rel}","templated":true}]}}