{"id":122325,"date":"2023-03-04T19:45:00","date_gmt":"2023-03-04T22:45:00","guid":{"rendered":"https:\/\/folhapopular.info\/?p=122325"},"modified":"2023-03-04T20:53:42","modified_gmt":"2023-03-04T23:53:42","slug":"localidade-de-teutonia-tambem-sente-efeitos-do-temporal-deste-sabado","status":"publish","type":"post","link":"https:\/\/folhapopular.info\/index.php\/2023\/03\/04\/localidade-de-teutonia-tambem-sente-efeitos-do-temporal-deste-sabado\/","title":{"rendered":"Localidade de Teut\u00f4nia tamb\u00e9m sente efeitos do temporal deste s\u00e1bado"},"content":{"rendered":"\n<p>A localidade de Pontes Filho &#8211; zona rural de Teut\u00f4nia &#8211; tamb\u00e9m foi atingida por intensa chuva no fim da tarde deste s\u00e1bado (4\/3). O empres\u00e1rio El\u00e9rcio Nelso Berstein registrou 90 mil\u00edmetros de chuva em um intervalo de uma hora &#8211; entre 16h e 17h &#8211; nas imedia\u00e7\u00f5es de sua empresa, a Deni Molduras de concreto.<\/p>\n\n\n\n<p>A enxurrada resultou em ac\u00famulo de \u00e1gua na estrada, invadiu p\u00e1tios, gramados e atingiu a empresa. &#8220;O vizinho avisou e consegui evitar estragos. Arranquei as grades das bocas de lobo. Vou ter que pedir para a prefeitura abrir valetas e canos&#8221;, refor\u00e7ou.<\/p>\n\n\n\n<div class=\"wp-block-jetpack-slideshow aligncenter\" data-effect=\"slide\"><div class=\"wp-block-jetpack-slideshow_container swiper-container\"><ul class=\"wp-block-jetpack-slideshow_swiper-wrapper swiper-wrapper\"><li class=\"wp-block-jetpack-slideshow_slide swiper-slide\"><figure><img loading=\"lazy\" decoding=\"async\" width=\"667\" height=\"1024\" alt=\"\" class=\"wp-block-jetpack-slideshow_image wp-image-122328\" data-id=\"122328\" src=\"https:\/\/folhapopular.info\/wp-content\/uploads\/2023\/03\/WhatsApp-Image-2023-03-04-at-20.15.41.jpeg\" srcset=\"https:\/\/folhapopular.info\/wp-content\/uploads\/2023\/03\/WhatsApp-Image-2023-03-04-at-20.15.41.jpeg 667w, https:\/\/folhapopular.info\/wp-content\/uploads\/2023\/03\/WhatsApp-Image-2023-03-04-at-20.15.41-195x300.jpeg 195w\" sizes=\"(max-width: 667px) 100vw, 667px\" \/><figcaption class=\"wp-block-jetpack-slideshow_caption gallery-caption\">Estrada em Pontes Filho se transformou em &#8220;arroio&#8221; pelo intenso volume de \u00e1gua \/\/ Cr\u00e9dito: Reprodu\u00e7\u00e3o<\/figcaption><\/figure><\/li><li class=\"wp-block-jetpack-slideshow_slide swiper-slide\"><figure><img loading=\"lazy\" decoding=\"async\" width=\"657\" height=\"1024\" alt=\"\" class=\"wp-block-jetpack-slideshow_image wp-image-122329\" data-id=\"122329\" src=\"https:\/\/folhapopular.info\/wp-content\/uploads\/2023\/03\/WhatsApp-Image-2023-03-04-at-20.13.33.jpeg\" srcset=\"https:\/\/folhapopular.info\/wp-content\/uploads\/2023\/03\/WhatsApp-Image-2023-03-04-at-20.13.33.jpeg 657w, https:\/\/folhapopular.info\/wp-content\/uploads\/2023\/03\/WhatsApp-Image-2023-03-04-at-20.13.33-192x300.jpeg 192w\" sizes=\"(max-width: 657px) 100vw, 657px\" \/><figcaption class=\"wp-block-jetpack-slideshow_caption gallery-caption\">Valetas precisar\u00e3o passar por manuten\u00e7\u00e3o \/\/ Cr\u00e9dito: Reprodu\u00e7\u00e3o<\/figcaption><\/figure><\/li><li class=\"wp-block-jetpack-slideshow_slide swiper-slide\"><figure><img loading=\"lazy\" decoding=\"async\" width=\"679\" height=\"1024\" alt=\"\" class=\"wp-block-jetpack-slideshow_image wp-image-122330\" data-id=\"122330\" src=\"https:\/\/folhapopular.info\/wp-content\/uploads\/2023\/03\/WhatsApp-Image-2023-03-04-at-20.08.22.jpeg\" srcset=\"https:\/\/folhapopular.info\/wp-content\/uploads\/2023\/03\/WhatsApp-Image-2023-03-04-at-20.08.22.jpeg 679w, https:\/\/folhapopular.info\/wp-content\/uploads\/2023\/03\/WhatsApp-Image-2023-03-04-at-20.08.22-199x300.jpeg 199w\" sizes=\"(max-width: 679px) 100vw, 679px\" \/><figcaption class=\"wp-block-jetpack-slideshow_caption gallery-caption\">Estrada em Pontes Filho se transformou em &#8220;arroio&#8221; pelo intenso volume de \u00e1gua \/\/ Cr\u00e9dito: Reprodu\u00e7\u00e3o<\/figcaption><\/figure><\/li><\/ul><a class=\"wp-block-jetpack-slideshow_button-prev swiper-button-prev swiper-button-white\" role=\"button\"><\/a><a class=\"wp-block-jetpack-slideshow_button-next swiper-button-next swiper-button-white\" role=\"button\"><\/a><a aria-label=\"Pause Slideshow\" class=\"wp-block-jetpack-slideshow_button-pause\" role=\"button\"><\/a><div class=\"wp-block-jetpack-slideshow_pagination swiper-pagination swiper-pagination-white\"><\/div><\/div><\/div>\n","protected":false},"excerpt":{"rendered":"<p>A localidade de Pontes Filho &#8211; zona rural de Teut\u00f4nia &#8211; tamb\u00e9m foi atingida por intensa chuva no fim da tarde deste s\u00e1bado (4\/3). O empres\u00e1rio El\u00e9rcio Nelso Berstein registrou 90 mil\u00edmetros de chuva em um intervalo de uma hora &#8211; entre 16h e 17h &#8211; nas imedia\u00e7\u00f5es de sua empresa, a Deni Molduras de [&hellip;]<\/p>\n","protected":false},"author":7,"featured_media":122327,"comment_status":"open","ping_status":"open","sticky":false,"template":"","format":"standard","meta":{"pmpro_default_level":"","_jetpack_memberships_contains_paid_content":false,"footnotes":""},"categories":[2,3,7],"tags":[1840,26],"class_list":{"0":"post-122325","1":"post","2":"type-post","3":"status-publish","4":"format-standard","5":"has-post-thumbnail","7":"category-featured","8":"category-geral","9":"category-seguranca","10":"tag-enxurrada","11":"tag-teutonia","12":"pmpro-has-access"},"yoast_head":"<!-- This site is optimized with the Yoast SEO plugin v27.5 - https:\/\/yoast.com\/product\/yoast-seo-wordpress\/ -->\n<title>Localidade de Teut\u00f4nia tamb\u00e9m sente efeitos do temporal deste s\u00e1bado - Folha Popular<\/title>\n<meta name=\"robots\" content=\"index, follow, max-snippet:-1, max-image-preview:large, max-video-preview:-1\" \/>\n<link rel=\"canonical\" href=\"https:\/\/folhapopular.info\/index.php\/2023\/03\/04\/localidade-de-teutonia-tambem-sente-efeitos-do-temporal-deste-sabado\/\" \/>\n<meta property=\"og:locale\" content=\"pt_BR\" \/>\n<meta property=\"og:type\" content=\"article\" \/>\n<meta property=\"og:title\" content=\"Localidade de Teut\u00f4nia tamb\u00e9m sente efeitos do temporal deste s\u00e1bado - Folha Popular\" \/>\n<meta property=\"og:description\" content=\"A localidade de Pontes Filho &#8211; zona rural de Teut\u00f4nia &#8211; tamb\u00e9m foi atingida por intensa chuva no fim da tarde deste s\u00e1bado (4\/3). O empres\u00e1rio El\u00e9rcio Nelso Berstein registrou 90 mil\u00edmetros de chuva em um intervalo de uma hora &#8211; entre 16h e 17h &#8211; nas imedia\u00e7\u00f5es de sua empresa, a Deni Molduras de [&hellip;]\" \/>\n<meta property=\"og:url\" content=\"https:\/\/folhapopular.info\/index.php\/2023\/03\/04\/localidade-de-teutonia-tambem-sente-efeitos-do-temporal-deste-sabado\/\" \/>\n<meta property=\"og:site_name\" content=\"Folha Popular\" \/>\n<meta property=\"article:published_time\" content=\"2023-03-04T22:45:00+00:00\" \/>\n<meta property=\"article:modified_time\" content=\"2023-03-04T23:53:42+00:00\" \/>\n<meta property=\"og:image\" content=\"http:\/\/folhapopular.info\/wp-content\/uploads\/2023\/03\/WhatsApp-Image-2023-03-04-at-20.18.45.jpeg\" \/>\n\t<meta property=\"og:image:width\" content=\"1022\" \/>\n\t<meta property=\"og:image:height\" content=\"1024\" \/>\n\t<meta property=\"og:image:type\" content=\"image\/jpeg\" \/>\n<meta name=\"author\" content=\"Lucas Leandro Brune\" \/>\n<meta name=\"twitter:card\" content=\"summary_large_image\" \/>\n<meta name=\"twitter:label1\" content=\"Escrito por\" \/>\n\t<meta name=\"twitter:data1\" content=\"Lucas Leandro Brune\" \/>\n\t<meta name=\"twitter:label2\" content=\"Est. tempo de leitura\" \/>\n\t<meta name=\"twitter:data2\" content=\"2 minutos\" \/>\n<script type=\"application\/ld+json\" class=\"yoast-schema-graph\">{\"@context\":\"https:\\\/\\\/schema.org\",\"@graph\":[{\"@type\":\"Article\",\"@id\":\"https:\\\/\\\/folhapopular.info\\\/index.php\\\/2023\\\/03\\\/04\\\/localidade-de-teutonia-tambem-sente-efeitos-do-temporal-deste-sabado\\\/#article\",\"isPartOf\":{\"@id\":\"https:\\\/\\\/folhapopular.info\\\/index.php\\\/2023\\\/03\\\/04\\\/localidade-de-teutonia-tambem-sente-efeitos-do-temporal-deste-sabado\\\/\"},\"author\":{\"name\":\"Lucas Leandro Brune\",\"@id\":\"https:\\\/\\\/folhapopular.info\\\/#\\\/schema\\\/person\\\/533a15f60cd49e81ab3a90b4ca33cb36\"},\"headline\":\"Localidade de Teut\u00f4nia tamb\u00e9m sente efeitos do temporal deste s\u00e1bado\",\"datePublished\":\"2023-03-04T22:45:00+00:00\",\"dateModified\":\"2023-03-04T23:53:42+00:00\",\"mainEntityOfPage\":{\"@id\":\"https:\\\/\\\/folhapopular.info\\\/index.php\\\/2023\\\/03\\\/04\\\/localidade-de-teutonia-tambem-sente-efeitos-do-temporal-deste-sabado\\\/\"},\"wordCount\":164,\"commentCount\":0,\"image\":{\"@id\":\"https:\\\/\\\/folhapopular.info\\\/index.php\\\/2023\\\/03\\\/04\\\/localidade-de-teutonia-tambem-sente-efeitos-do-temporal-deste-sabado\\\/#primaryimage\"},\"thumbnailUrl\":\"https:\\\/\\\/folhapopular.info\\\/wp-content\\\/uploads\\\/2023\\\/03\\\/WhatsApp-Image-2023-03-04-at-20.18.45.jpeg\",\"keywords\":[\"enxurrada\",\"Teut\u00f4nia\"],\"articleSection\":[\"Destaques\",\"Geral\",\"Seguran\u00e7a\"],\"inLanguage\":\"pt-BR\",\"potentialAction\":[{\"@type\":\"CommentAction\",\"name\":\"Comment\",\"target\":[\"https:\\\/\\\/folhapopular.info\\\/index.php\\\/2023\\\/03\\\/04\\\/localidade-de-teutonia-tambem-sente-efeitos-do-temporal-deste-sabado\\\/#respond\"]}]},{\"@type\":\"WebPage\",\"@id\":\"https:\\\/\\\/folhapopular.info\\\/index.php\\\/2023\\\/03\\\/04\\\/localidade-de-teutonia-tambem-sente-efeitos-do-temporal-deste-sabado\\\/\",\"url\":\"https:\\\/\\\/folhapopular.info\\\/index.php\\\/2023\\\/03\\\/04\\\/localidade-de-teutonia-tambem-sente-efeitos-do-temporal-deste-sabado\\\/\",\"name\":\"Localidade de Teut\u00f4nia tamb\u00e9m sente efeitos do temporal deste s\u00e1bado - Folha Popular\",\"isPartOf\":{\"@id\":\"https:\\\/\\\/folhapopular.info\\\/#website\"},\"primaryImageOfPage\":{\"@id\":\"https:\\\/\\\/folhapopular.info\\\/index.php\\\/2023\\\/03\\\/04\\\/localidade-de-teutonia-tambem-sente-efeitos-do-temporal-deste-sabado\\\/#primaryimage\"},\"image\":{\"@id\":\"https:\\\/\\\/folhapopular.info\\\/index.php\\\/2023\\\/03\\\/04\\\/localidade-de-teutonia-tambem-sente-efeitos-do-temporal-deste-sabado\\\/#primaryimage\"},\"thumbnailUrl\":\"https:\\\/\\\/folhapopular.info\\\/wp-content\\\/uploads\\\/2023\\\/03\\\/WhatsApp-Image-2023-03-04-at-20.18.45.jpeg\",\"datePublished\":\"2023-03-04T22:45:00+00:00\",\"dateModified\":\"2023-03-04T23:53:42+00:00\",\"author\":{\"@id\":\"https:\\\/\\\/folhapopular.info\\\/#\\\/schema\\\/person\\\/533a15f60cd49e81ab3a90b4ca33cb36\"},\"breadcrumb\":{\"@id\":\"https:\\\/\\\/folhapopular.info\\\/index.php\\\/2023\\\/03\\\/04\\\/localidade-de-teutonia-tambem-sente-efeitos-do-temporal-deste-sabado\\\/#breadcrumb\"},\"inLanguage\":\"pt-BR\",\"potentialAction\":[{\"@type\":\"ReadAction\",\"target\":[\"https:\\\/\\\/folhapopular.info\\\/index.php\\\/2023\\\/03\\\/04\\\/localidade-de-teutonia-tambem-sente-efeitos-do-temporal-deste-sabado\\\/\"]}]},{\"@type\":\"ImageObject\",\"inLanguage\":\"pt-BR\",\"@id\":\"https:\\\/\\\/folhapopular.info\\\/index.php\\\/2023\\\/03\\\/04\\\/localidade-de-teutonia-tambem-sente-efeitos-do-temporal-deste-sabado\\\/#primaryimage\",\"url\":\"https:\\\/\\\/folhapopular.info\\\/wp-content\\\/uploads\\\/2023\\\/03\\\/WhatsApp-Image-2023-03-04-at-20.18.45.jpeg\",\"contentUrl\":\"https:\\\/\\\/folhapopular.info\\\/wp-content\\\/uploads\\\/2023\\\/03\\\/WhatsApp-Image-2023-03-04-at-20.18.45.jpeg\",\"width\":1022,\"height\":1024,\"caption\":\"Empresa Deni Molduras foi atingida pela \u00e1gua \\\/\\\/ Cr\u00e9dito: Reprodu\u00e7\u00e3o\"},{\"@type\":\"BreadcrumbList\",\"@id\":\"https:\\\/\\\/folhapopular.info\\\/index.php\\\/2023\\\/03\\\/04\\\/localidade-de-teutonia-tambem-sente-efeitos-do-temporal-deste-sabado\\\/#breadcrumb\",\"itemListElement\":[{\"@type\":\"ListItem\",\"position\":1,\"name\":\"In\u00edcio\",\"item\":\"https:\\\/\\\/folhapopular.info\\\/\"},{\"@type\":\"ListItem\",\"position\":2,\"name\":\"Localidade de Teut\u00f4nia tamb\u00e9m sente efeitos do temporal deste s\u00e1bado\"}]},{\"@type\":\"WebSite\",\"@id\":\"https:\\\/\\\/folhapopular.info\\\/#website\",\"url\":\"https:\\\/\\\/folhapopular.info\\\/\",\"name\":\"Folha Popular\",\"description\":\"Onde voc\u00ea tem vez e voz\",\"potentialAction\":[{\"@type\":\"SearchAction\",\"target\":{\"@type\":\"EntryPoint\",\"urlTemplate\":\"https:\\\/\\\/folhapopular.info\\\/?s={search_term_string}\"},\"query-input\":{\"@type\":\"PropertyValueSpecification\",\"valueRequired\":true,\"valueName\":\"search_term_string\"}}],\"inLanguage\":\"pt-BR\"},{\"@type\":\"Person\",\"@id\":\"https:\\\/\\\/folhapopular.info\\\/#\\\/schema\\\/person\\\/533a15f60cd49e81ab3a90b4ca33cb36\",\"name\":\"Lucas Leandro Brune\",\"image\":{\"@type\":\"ImageObject\",\"inLanguage\":\"pt-BR\",\"@id\":\"https:\\\/\\\/folhapopular.info\\\/wp-content\\\/uploads\\\/2026\\\/04\\\/LUCAS-1-1.webp\",\"url\":\"https:\\\/\\\/folhapopular.info\\\/wp-content\\\/uploads\\\/2026\\\/04\\\/LUCAS-1-1.webp\",\"contentUrl\":\"https:\\\/\\\/folhapopular.info\\\/wp-content\\\/uploads\\\/2026\\\/04\\\/LUCAS-1-1.webp\",\"caption\":\"Lucas Leandro Brune\"},\"description\":\"Jornalista Profissional Diplomado MTB\\\/RS 14.333\",\"url\":\"https:\\\/\\\/folhapopular.info\\\/index.php\\\/author\\\/lucas-brune\\\/\"}]}<\/script>\n<!-- \/ Yoast SEO plugin. -->","yoast_head_json":{"title":"Localidade de Teut\u00f4nia tamb\u00e9m sente efeitos do temporal deste s\u00e1bado - Folha Popular","robots":{"index":"index","follow":"follow","max-snippet":"max-snippet:-1","max-image-preview":"max-image-preview:large","max-video-preview":"max-video-preview:-1"},"canonical":"https:\/\/folhapopular.info\/index.php\/2023\/03\/04\/localidade-de-teutonia-tambem-sente-efeitos-do-temporal-deste-sabado\/","og_locale":"pt_BR","og_type":"article","og_title":"Localidade de Teut\u00f4nia tamb\u00e9m sente efeitos do temporal deste s\u00e1bado - Folha Popular","og_description":"A localidade de Pontes Filho &#8211; zona rural de Teut\u00f4nia &#8211; tamb\u00e9m foi atingida por intensa chuva no fim da tarde deste s\u00e1bado (4\/3). O empres\u00e1rio El\u00e9rcio Nelso Berstein registrou 90 mil\u00edmetros de chuva em um intervalo de uma hora &#8211; entre 16h e 17h &#8211; nas imedia\u00e7\u00f5es de sua empresa, a Deni Molduras de [&hellip;]","og_url":"https:\/\/folhapopular.info\/index.php\/2023\/03\/04\/localidade-de-teutonia-tambem-sente-efeitos-do-temporal-deste-sabado\/","og_site_name":"Folha Popular","article_published_time":"2023-03-04T22:45:00+00:00","article_modified_time":"2023-03-04T23:53:42+00:00","og_image":[{"width":1022,"height":1024,"url":"http:\/\/folhapopular.info\/wp-content\/uploads\/2023\/03\/WhatsApp-Image-2023-03-04-at-20.18.45.jpeg","type":"image\/jpeg"}],"author":"Lucas Leandro Brune","twitter_card":"summary_large_image","twitter_misc":{"Escrito por":"Lucas Leandro Brune","Est. tempo de leitura":"2 minutos"},"schema":{"@context":"https:\/\/schema.org","@graph":[{"@type":"Article","@id":"https:\/\/folhapopular.info\/index.php\/2023\/03\/04\/localidade-de-teutonia-tambem-sente-efeitos-do-temporal-deste-sabado\/#article","isPartOf":{"@id":"https:\/\/folhapopular.info\/index.php\/2023\/03\/04\/localidade-de-teutonia-tambem-sente-efeitos-do-temporal-deste-sabado\/"},"author":{"name":"Lucas Leandro Brune","@id":"https:\/\/folhapopular.info\/#\/schema\/person\/533a15f60cd49e81ab3a90b4ca33cb36"},"headline":"Localidade de Teut\u00f4nia tamb\u00e9m sente efeitos do temporal deste s\u00e1bado","datePublished":"2023-03-04T22:45:00+00:00","dateModified":"2023-03-04T23:53:42+00:00","mainEntityOfPage":{"@id":"https:\/\/folhapopular.info\/index.php\/2023\/03\/04\/localidade-de-teutonia-tambem-sente-efeitos-do-temporal-deste-sabado\/"},"wordCount":164,"commentCount":0,"image":{"@id":"https:\/\/folhapopular.info\/index.php\/2023\/03\/04\/localidade-de-teutonia-tambem-sente-efeitos-do-temporal-deste-sabado\/#primaryimage"},"thumbnailUrl":"https:\/\/folhapopular.info\/wp-content\/uploads\/2023\/03\/WhatsApp-Image-2023-03-04-at-20.18.45.jpeg","keywords":["enxurrada","Teut\u00f4nia"],"articleSection":["Destaques","Geral","Seguran\u00e7a"],"inLanguage":"pt-BR","potentialAction":[{"@type":"CommentAction","name":"Comment","target":["https:\/\/folhapopular.info\/index.php\/2023\/03\/04\/localidade-de-teutonia-tambem-sente-efeitos-do-temporal-deste-sabado\/#respond"]}]},{"@type":"WebPage","@id":"https:\/\/folhapopular.info\/index.php\/2023\/03\/04\/localidade-de-teutonia-tambem-sente-efeitos-do-temporal-deste-sabado\/","url":"https:\/\/folhapopular.info\/index.php\/2023\/03\/04\/localidade-de-teutonia-tambem-sente-efeitos-do-temporal-deste-sabado\/","name":"Localidade de Teut\u00f4nia tamb\u00e9m sente efeitos do temporal deste s\u00e1bado - Folha Popular","isPartOf":{"@id":"https:\/\/folhapopular.info\/#website"},"primaryImageOfPage":{"@id":"https:\/\/folhapopular.info\/index.php\/2023\/03\/04\/localidade-de-teutonia-tambem-sente-efeitos-do-temporal-deste-sabado\/#primaryimage"},"image":{"@id":"https:\/\/folhapopular.info\/index.php\/2023\/03\/04\/localidade-de-teutonia-tambem-sente-efeitos-do-temporal-deste-sabado\/#primaryimage"},"thumbnailUrl":"https:\/\/folhapopular.info\/wp-content\/uploads\/2023\/03\/WhatsApp-Image-2023-03-04-at-20.18.45.jpeg","datePublished":"2023-03-04T22:45:00+00:00","dateModified":"2023-03-04T23:53:42+00:00","author":{"@id":"https:\/\/folhapopular.info\/#\/schema\/person\/533a15f60cd49e81ab3a90b4ca33cb36"},"breadcrumb":{"@id":"https:\/\/folhapopular.info\/index.php\/2023\/03\/04\/localidade-de-teutonia-tambem-sente-efeitos-do-temporal-deste-sabado\/#breadcrumb"},"inLanguage":"pt-BR","potentialAction":[{"@type":"ReadAction","target":["https:\/\/folhapopular.info\/index.php\/2023\/03\/04\/localidade-de-teutonia-tambem-sente-efeitos-do-temporal-deste-sabado\/"]}]},{"@type":"ImageObject","inLanguage":"pt-BR","@id":"https:\/\/folhapopular.info\/index.php\/2023\/03\/04\/localidade-de-teutonia-tambem-sente-efeitos-do-temporal-deste-sabado\/#primaryimage","url":"https:\/\/folhapopular.info\/wp-content\/uploads\/2023\/03\/WhatsApp-Image-2023-03-04-at-20.18.45.jpeg","contentUrl":"https:\/\/folhapopular.info\/wp-content\/uploads\/2023\/03\/WhatsApp-Image-2023-03-04-at-20.18.45.jpeg","width":1022,"height":1024,"caption":"Empresa Deni Molduras foi atingida pela \u00e1gua \/\/ Cr\u00e9dito: Reprodu\u00e7\u00e3o"},{"@type":"BreadcrumbList","@id":"https:\/\/folhapopular.info\/index.php\/2023\/03\/04\/localidade-de-teutonia-tambem-sente-efeitos-do-temporal-deste-sabado\/#breadcrumb","itemListElement":[{"@type":"ListItem","position":1,"name":"In\u00edcio","item":"https:\/\/folhapopular.info\/"},{"@type":"ListItem","position":2,"name":"Localidade de Teut\u00f4nia tamb\u00e9m sente efeitos do temporal deste s\u00e1bado"}]},{"@type":"WebSite","@id":"https:\/\/folhapopular.info\/#website","url":"https:\/\/folhapopular.info\/","name":"Folha Popular","description":"Onde voc\u00ea tem vez e voz","potentialAction":[{"@type":"SearchAction","target":{"@type":"EntryPoint","urlTemplate":"https:\/\/folhapopular.info\/?s={search_term_string}"},"query-input":{"@type":"PropertyValueSpecification","valueRequired":true,"valueName":"search_term_string"}}],"inLanguage":"pt-BR"},{"@type":"Person","@id":"https:\/\/folhapopular.info\/#\/schema\/person\/533a15f60cd49e81ab3a90b4ca33cb36","name":"Lucas Leandro Brune","image":{"@type":"ImageObject","inLanguage":"pt-BR","@id":"https:\/\/folhapopular.info\/wp-content\/uploads\/2026\/04\/LUCAS-1-1.webp","url":"https:\/\/folhapopular.info\/wp-content\/uploads\/2026\/04\/LUCAS-1-1.webp","contentUrl":"https:\/\/folhapopular.info\/wp-content\/uploads\/2026\/04\/LUCAS-1-1.webp","caption":"Lucas Leandro Brune"},"description":"Jornalista Profissional Diplomado MTB\/RS 14.333","url":"https:\/\/folhapopular.info\/index.php\/author\/lucas-brune\/"}]}},"jetpack_featured_media_url":"https:\/\/folhapopular.info\/wp-content\/uploads\/2023\/03\/WhatsApp-Image-2023-03-04-at-20.18.45.jpeg","jetpack_sharing_enabled":true,"amp_enabled":true,"_links":{"self":[{"href":"https:\/\/folhapopular.info\/index.php\/wp-json\/wp\/v2\/posts\/122325","targetHints":{"allow":["GET"]}}],"collection":[{"href":"https:\/\/folhapopular.info\/index.php\/wp-json\/wp\/v2\/posts"}],"about":[{"href":"https:\/\/folhapopular.info\/index.php\/wp-json\/wp\/v2\/types\/post"}],"author":[{"embeddable":true,"href":"https:\/\/folhapopular.info\/index.php\/wp-json\/wp\/v2\/users\/7"}],"replies":[{"embeddable":true,"href":"https:\/\/folhapopular.info\/index.php\/wp-json\/wp\/v2\/comments?post=122325"}],"version-history":[{"count":0,"href":"https:\/\/folhapopular.info\/index.php\/wp-json\/wp\/v2\/posts\/122325\/revisions"}],"wp:featuredmedia":[{"embeddable":true,"href":"https:\/\/folhapopular.info\/index.php\/wp-json\/wp\/v2\/media\/122327"}],"wp:attachment":[{"href":"https:\/\/folhapopular.info\/index.php\/wp-json\/wp\/v2\/media?parent=122325"}],"wp:term":[{"taxonomy":"category","embeddable":true,"href":"https:\/\/folhapopular.info\/index.php\/wp-json\/wp\/v2\/categories?post=122325"},{"taxonomy":"post_tag","embeddable":true,"href":"https:\/\/folhapopular.info\/index.php\/wp-json\/wp\/v2\/tags?post=122325"}],"curies":[{"name":"wp","href":"https:\/\/api.w.org\/{rel}","templated":true}]}}