{"id":122391,"date":"2023-03-06T14:04:53","date_gmt":"2023-03-06T17:04:53","guid":{"rendered":"https:\/\/folhapopular.info\/?p=122391"},"modified":"2023-03-06T14:47:32","modified_gmt":"2023-03-06T17:47:32","slug":"poco-das-antas-retoma-confeccao-de-carteiras-de-identidade","status":"publish","type":"post","link":"https:\/\/folhapopular.info\/index.php\/2023\/03\/06\/poco-das-antas-retoma-confeccao-de-carteiras-de-identidade\/","title":{"rendered":"Po\u00e7o das Antas retoma confec\u00e7\u00e3o de carteiras de identidade"},"content":{"rendered":"\n<p>Po\u00e7o das Antas retoma a partir de 15 de mar\u00e7o a oferta do servi\u00e7o de confec\u00e7\u00e3o de carteiras de identidade na Prefeitura, junto \u00e0 sala da Secretaria de Educa\u00e7\u00e3o, Cultura, Desporto e Turismo. O servi\u00e7o ser\u00e1 realizado nas quartas-feiras pela manh\u00e3, e ocorrem mediante agendamento pr\u00e9vio, que deve ser feito pelo (51) 3773-1122 ou (51) 99263-9740 (WhatsApp). <\/p>\n\n\n\n<p>Al\u00e9m dos obrigat\u00f3rios, h\u00e1 documentos que podem ser inclu\u00eddos de forma opcional na Carteira de Identidade: CPF, CNH, PIS\/PASEP, Cart\u00e3o Nacional de Sa\u00fade, Identidade Profissional e T\u00edtulo de Eleitor. Para isso, \u00e9 obrigat\u00f3rio apresentar os originais no momento da confec\u00e7\u00e3o da carteira. No caso de situa\u00e7\u00f5es especiais, mais informa\u00e7\u00f5es podem ser obtidas no momento do agendamento.<\/p>\n\n\n\n<h2 class=\"wp-block-heading\"><strong>Documentos e custos<\/strong><\/h2>\n\n\n\n<p>Em rela\u00e7\u00e3o aos documentos obrigat\u00f3rios, solteiros devem apresentar a Certid\u00e3o de Nascimento original, e para casados solicita-se a Certid\u00e3o de Casamento original. Para a primeira via \u00e9 obrigat\u00f3ria a apresenta\u00e7\u00e3o do CPF.<\/p>\n\n\n\n<p>H\u00e1 dois casos em que a confec\u00e7\u00e3o do documento \u00e9 isenta de taxa: quando for solicitada a primeira via e para pessoas com 65 anos ou mais e v\u00edtimas de roubo (mediante apresenta\u00e7\u00e3o de Boletim de Ocorr\u00eancia). Para o encaminhamento da segunda via, o valor da taxa \u00e9 de R$ 86,66.<\/p>\n","protected":false},"excerpt":{"rendered":"<p>Po\u00e7o das Antas retoma a partir de 15 de mar\u00e7o a oferta do servi\u00e7o de confec\u00e7\u00e3o de carteiras de identidade na Prefeitura, junto \u00e0 sala da Secretaria de Educa\u00e7\u00e3o, Cultura, Desporto e Turismo. O servi\u00e7o ser\u00e1 realizado nas quartas-feiras pela manh\u00e3, e ocorrem mediante agendamento pr\u00e9vio, que deve ser feito pelo (51) 3773-1122 ou (51) [&hellip;]<\/p>\n","protected":false},"author":8,"featured_media":122392,"comment_status":"open","ping_status":"open","sticky":false,"template":"","format":"standard","meta":{"pmpro_default_level":"","_jetpack_memberships_contains_paid_content":false,"footnotes":""},"categories":[2,3,11091],"tags":[1454,40],"class_list":{"0":"post-122391","1":"post","2":"type-post","3":"status-publish","4":"format-standard","5":"has-post-thumbnail","7":"category-featured","8":"category-geral","9":"category-servicos","10":"tag-carteira-de-identidade","11":"tag-poco-das-antas","12":"pmpro-has-access"},"yoast_head":"<!-- This site is optimized with the Yoast SEO plugin v27.5 - https:\/\/yoast.com\/product\/yoast-seo-wordpress\/ -->\n<title>Po\u00e7o das Antas retoma confec\u00e7\u00e3o de carteiras de identidade - Folha Popular<\/title>\n<meta name=\"robots\" content=\"index, follow, max-snippet:-1, max-image-preview:large, max-video-preview:-1\" \/>\n<link rel=\"canonical\" href=\"https:\/\/folhapopular.info\/index.php\/2023\/03\/06\/poco-das-antas-retoma-confeccao-de-carteiras-de-identidade\/\" \/>\n<meta property=\"og:locale\" content=\"pt_BR\" \/>\n<meta property=\"og:type\" content=\"article\" \/>\n<meta property=\"og:title\" content=\"Po\u00e7o das Antas retoma confec\u00e7\u00e3o de carteiras de identidade - Folha Popular\" \/>\n<meta property=\"og:description\" content=\"Po\u00e7o das Antas retoma a partir de 15 de mar\u00e7o a oferta do servi\u00e7o de confec\u00e7\u00e3o de carteiras de identidade na Prefeitura, junto \u00e0 sala da Secretaria de Educa\u00e7\u00e3o, Cultura, Desporto e Turismo. O servi\u00e7o ser\u00e1 realizado nas quartas-feiras pela manh\u00e3, e ocorrem mediante agendamento pr\u00e9vio, que deve ser feito pelo (51) 3773-1122 ou (51) [&hellip;]\" \/>\n<meta property=\"og:url\" content=\"https:\/\/folhapopular.info\/index.php\/2023\/03\/06\/poco-das-antas-retoma-confeccao-de-carteiras-de-identidade\/\" \/>\n<meta property=\"og:site_name\" content=\"Folha Popular\" \/>\n<meta property=\"article:published_time\" content=\"2023-03-06T17:04:53+00:00\" \/>\n<meta property=\"article:modified_time\" content=\"2023-03-06T17:47:32+00:00\" \/>\n<meta property=\"og:image\" content=\"http:\/\/folhapopular.info\/wp-content\/uploads\/2023\/03\/eec8570c-5992-46ba-a03c-06d7a607aa59.png\" \/>\n\t<meta property=\"og:image:width\" content=\"768\" \/>\n\t<meta property=\"og:image:height\" content=\"460\" \/>\n\t<meta property=\"og:image:type\" content=\"image\/png\" \/>\n<meta name=\"author\" content=\"Reda\u00e7\u00e3o Folha Popular\" \/>\n<meta name=\"twitter:card\" content=\"summary_large_image\" \/>\n<meta name=\"twitter:label1\" content=\"Escrito por\" \/>\n\t<meta name=\"twitter:data1\" content=\"Reda\u00e7\u00e3o Folha Popular\" \/>\n\t<meta name=\"twitter:label2\" content=\"Est. tempo de leitura\" \/>\n\t<meta name=\"twitter:data2\" content=\"2 minutos\" \/>\n<script type=\"application\/ld+json\" class=\"yoast-schema-graph\">{\"@context\":\"https:\\\/\\\/schema.org\",\"@graph\":[{\"@type\":\"Article\",\"@id\":\"https:\\\/\\\/folhapopular.info\\\/index.php\\\/2023\\\/03\\\/06\\\/poco-das-antas-retoma-confeccao-de-carteiras-de-identidade\\\/#article\",\"isPartOf\":{\"@id\":\"https:\\\/\\\/folhapopular.info\\\/index.php\\\/2023\\\/03\\\/06\\\/poco-das-antas-retoma-confeccao-de-carteiras-de-identidade\\\/\"},\"author\":{\"name\":\"Reda\u00e7\u00e3o Folha Popular\",\"@id\":\"https:\\\/\\\/folhapopular.info\\\/#\\\/schema\\\/person\\\/2814e8a0df7643585a9ca38bc6eb9d4b\"},\"headline\":\"Po\u00e7o das Antas retoma confec\u00e7\u00e3o de carteiras de identidade\",\"datePublished\":\"2023-03-06T17:04:53+00:00\",\"dateModified\":\"2023-03-06T17:47:32+00:00\",\"mainEntityOfPage\":{\"@id\":\"https:\\\/\\\/folhapopular.info\\\/index.php\\\/2023\\\/03\\\/06\\\/poco-das-antas-retoma-confeccao-de-carteiras-de-identidade\\\/\"},\"wordCount\":228,\"commentCount\":0,\"image\":{\"@id\":\"https:\\\/\\\/folhapopular.info\\\/index.php\\\/2023\\\/03\\\/06\\\/poco-das-antas-retoma-confeccao-de-carteiras-de-identidade\\\/#primaryimage\"},\"thumbnailUrl\":\"https:\\\/\\\/folhapopular.info\\\/wp-content\\\/uploads\\\/2023\\\/03\\\/eec8570c-5992-46ba-a03c-06d7a607aa59.png\",\"keywords\":[\"Carteira de Identidade\",\"Po\u00e7o das Antas\"],\"articleSection\":[\"Destaques\",\"Geral\",\"Servi\u00e7os\"],\"inLanguage\":\"pt-BR\",\"potentialAction\":[{\"@type\":\"CommentAction\",\"name\":\"Comment\",\"target\":[\"https:\\\/\\\/folhapopular.info\\\/index.php\\\/2023\\\/03\\\/06\\\/poco-das-antas-retoma-confeccao-de-carteiras-de-identidade\\\/#respond\"]}]},{\"@type\":\"WebPage\",\"@id\":\"https:\\\/\\\/folhapopular.info\\\/index.php\\\/2023\\\/03\\\/06\\\/poco-das-antas-retoma-confeccao-de-carteiras-de-identidade\\\/\",\"url\":\"https:\\\/\\\/folhapopular.info\\\/index.php\\\/2023\\\/03\\\/06\\\/poco-das-antas-retoma-confeccao-de-carteiras-de-identidade\\\/\",\"name\":\"Po\u00e7o das Antas retoma confec\u00e7\u00e3o de carteiras de identidade - Folha Popular\",\"isPartOf\":{\"@id\":\"https:\\\/\\\/folhapopular.info\\\/#website\"},\"primaryImageOfPage\":{\"@id\":\"https:\\\/\\\/folhapopular.info\\\/index.php\\\/2023\\\/03\\\/06\\\/poco-das-antas-retoma-confeccao-de-carteiras-de-identidade\\\/#primaryimage\"},\"image\":{\"@id\":\"https:\\\/\\\/folhapopular.info\\\/index.php\\\/2023\\\/03\\\/06\\\/poco-das-antas-retoma-confeccao-de-carteiras-de-identidade\\\/#primaryimage\"},\"thumbnailUrl\":\"https:\\\/\\\/folhapopular.info\\\/wp-content\\\/uploads\\\/2023\\\/03\\\/eec8570c-5992-46ba-a03c-06d7a607aa59.png\",\"datePublished\":\"2023-03-06T17:04:53+00:00\",\"dateModified\":\"2023-03-06T17:47:32+00:00\",\"author\":{\"@id\":\"https:\\\/\\\/folhapopular.info\\\/#\\\/schema\\\/person\\\/2814e8a0df7643585a9ca38bc6eb9d4b\"},\"breadcrumb\":{\"@id\":\"https:\\\/\\\/folhapopular.info\\\/index.php\\\/2023\\\/03\\\/06\\\/poco-das-antas-retoma-confeccao-de-carteiras-de-identidade\\\/#breadcrumb\"},\"inLanguage\":\"pt-BR\",\"potentialAction\":[{\"@type\":\"ReadAction\",\"target\":[\"https:\\\/\\\/folhapopular.info\\\/index.php\\\/2023\\\/03\\\/06\\\/poco-das-antas-retoma-confeccao-de-carteiras-de-identidade\\\/\"]}]},{\"@type\":\"ImageObject\",\"inLanguage\":\"pt-BR\",\"@id\":\"https:\\\/\\\/folhapopular.info\\\/index.php\\\/2023\\\/03\\\/06\\\/poco-das-antas-retoma-confeccao-de-carteiras-de-identidade\\\/#primaryimage\",\"url\":\"https:\\\/\\\/folhapopular.info\\\/wp-content\\\/uploads\\\/2023\\\/03\\\/eec8570c-5992-46ba-a03c-06d7a607aa59.png\",\"contentUrl\":\"https:\\\/\\\/folhapopular.info\\\/wp-content\\\/uploads\\\/2023\\\/03\\\/eec8570c-5992-46ba-a03c-06d7a607aa59.png\",\"width\":768,\"height\":460,\"caption\":\"Cr\u00e9ditos: Secretaria-Geral\\\/divulga\u00e7\u00e3o\"},{\"@type\":\"BreadcrumbList\",\"@id\":\"https:\\\/\\\/folhapopular.info\\\/index.php\\\/2023\\\/03\\\/06\\\/poco-das-antas-retoma-confeccao-de-carteiras-de-identidade\\\/#breadcrumb\",\"itemListElement\":[{\"@type\":\"ListItem\",\"position\":1,\"name\":\"In\u00edcio\",\"item\":\"https:\\\/\\\/folhapopular.info\\\/\"},{\"@type\":\"ListItem\",\"position\":2,\"name\":\"Po\u00e7o das Antas retoma confec\u00e7\u00e3o de carteiras de identidade\"}]},{\"@type\":\"WebSite\",\"@id\":\"https:\\\/\\\/folhapopular.info\\\/#website\",\"url\":\"https:\\\/\\\/folhapopular.info\\\/\",\"name\":\"Folha Popular\",\"description\":\"Onde voc\u00ea tem vez e voz\",\"potentialAction\":[{\"@type\":\"SearchAction\",\"target\":{\"@type\":\"EntryPoint\",\"urlTemplate\":\"https:\\\/\\\/folhapopular.info\\\/?s={search_term_string}\"},\"query-input\":{\"@type\":\"PropertyValueSpecification\",\"valueRequired\":true,\"valueName\":\"search_term_string\"}}],\"inLanguage\":\"pt-BR\"},{\"@type\":\"Person\",\"@id\":\"https:\\\/\\\/folhapopular.info\\\/#\\\/schema\\\/person\\\/2814e8a0df7643585a9ca38bc6eb9d4b\",\"name\":\"Reda\u00e7\u00e3o Folha Popular\",\"image\":{\"@type\":\"ImageObject\",\"inLanguage\":\"pt-BR\",\"@id\":\"https:\\\/\\\/folhapopular.info\\\/wp-content\\\/uploads\\\/2026\\\/04\\\/Folha-1.webp\",\"url\":\"https:\\\/\\\/folhapopular.info\\\/wp-content\\\/uploads\\\/2026\\\/04\\\/Folha-1.webp\",\"contentUrl\":\"https:\\\/\\\/folhapopular.info\\\/wp-content\\\/uploads\\\/2026\\\/04\\\/Folha-1.webp\",\"caption\":\"Reda\u00e7\u00e3o Folha Popular\"},\"url\":\"https:\\\/\\\/folhapopular.info\\\/index.php\\\/author\\\/redacao\\\/\"}]}<\/script>\n<!-- \/ Yoast SEO plugin. -->","yoast_head_json":{"title":"Po\u00e7o das Antas retoma confec\u00e7\u00e3o de carteiras de identidade - Folha Popular","robots":{"index":"index","follow":"follow","max-snippet":"max-snippet:-1","max-image-preview":"max-image-preview:large","max-video-preview":"max-video-preview:-1"},"canonical":"https:\/\/folhapopular.info\/index.php\/2023\/03\/06\/poco-das-antas-retoma-confeccao-de-carteiras-de-identidade\/","og_locale":"pt_BR","og_type":"article","og_title":"Po\u00e7o das Antas retoma confec\u00e7\u00e3o de carteiras de identidade - Folha Popular","og_description":"Po\u00e7o das Antas retoma a partir de 15 de mar\u00e7o a oferta do servi\u00e7o de confec\u00e7\u00e3o de carteiras de identidade na Prefeitura, junto \u00e0 sala da Secretaria de Educa\u00e7\u00e3o, Cultura, Desporto e Turismo. O servi\u00e7o ser\u00e1 realizado nas quartas-feiras pela manh\u00e3, e ocorrem mediante agendamento pr\u00e9vio, que deve ser feito pelo (51) 3773-1122 ou (51) [&hellip;]","og_url":"https:\/\/folhapopular.info\/index.php\/2023\/03\/06\/poco-das-antas-retoma-confeccao-de-carteiras-de-identidade\/","og_site_name":"Folha Popular","article_published_time":"2023-03-06T17:04:53+00:00","article_modified_time":"2023-03-06T17:47:32+00:00","og_image":[{"width":768,"height":460,"url":"http:\/\/folhapopular.info\/wp-content\/uploads\/2023\/03\/eec8570c-5992-46ba-a03c-06d7a607aa59.png","type":"image\/png"}],"author":"Reda\u00e7\u00e3o Folha Popular","twitter_card":"summary_large_image","twitter_misc":{"Escrito por":"Reda\u00e7\u00e3o Folha Popular","Est. tempo de leitura":"2 minutos"},"schema":{"@context":"https:\/\/schema.org","@graph":[{"@type":"Article","@id":"https:\/\/folhapopular.info\/index.php\/2023\/03\/06\/poco-das-antas-retoma-confeccao-de-carteiras-de-identidade\/#article","isPartOf":{"@id":"https:\/\/folhapopular.info\/index.php\/2023\/03\/06\/poco-das-antas-retoma-confeccao-de-carteiras-de-identidade\/"},"author":{"name":"Reda\u00e7\u00e3o Folha Popular","@id":"https:\/\/folhapopular.info\/#\/schema\/person\/2814e8a0df7643585a9ca38bc6eb9d4b"},"headline":"Po\u00e7o das Antas retoma confec\u00e7\u00e3o de carteiras de identidade","datePublished":"2023-03-06T17:04:53+00:00","dateModified":"2023-03-06T17:47:32+00:00","mainEntityOfPage":{"@id":"https:\/\/folhapopular.info\/index.php\/2023\/03\/06\/poco-das-antas-retoma-confeccao-de-carteiras-de-identidade\/"},"wordCount":228,"commentCount":0,"image":{"@id":"https:\/\/folhapopular.info\/index.php\/2023\/03\/06\/poco-das-antas-retoma-confeccao-de-carteiras-de-identidade\/#primaryimage"},"thumbnailUrl":"https:\/\/folhapopular.info\/wp-content\/uploads\/2023\/03\/eec8570c-5992-46ba-a03c-06d7a607aa59.png","keywords":["Carteira de Identidade","Po\u00e7o das Antas"],"articleSection":["Destaques","Geral","Servi\u00e7os"],"inLanguage":"pt-BR","potentialAction":[{"@type":"CommentAction","name":"Comment","target":["https:\/\/folhapopular.info\/index.php\/2023\/03\/06\/poco-das-antas-retoma-confeccao-de-carteiras-de-identidade\/#respond"]}]},{"@type":"WebPage","@id":"https:\/\/folhapopular.info\/index.php\/2023\/03\/06\/poco-das-antas-retoma-confeccao-de-carteiras-de-identidade\/","url":"https:\/\/folhapopular.info\/index.php\/2023\/03\/06\/poco-das-antas-retoma-confeccao-de-carteiras-de-identidade\/","name":"Po\u00e7o das Antas retoma confec\u00e7\u00e3o de carteiras de identidade - Folha Popular","isPartOf":{"@id":"https:\/\/folhapopular.info\/#website"},"primaryImageOfPage":{"@id":"https:\/\/folhapopular.info\/index.php\/2023\/03\/06\/poco-das-antas-retoma-confeccao-de-carteiras-de-identidade\/#primaryimage"},"image":{"@id":"https:\/\/folhapopular.info\/index.php\/2023\/03\/06\/poco-das-antas-retoma-confeccao-de-carteiras-de-identidade\/#primaryimage"},"thumbnailUrl":"https:\/\/folhapopular.info\/wp-content\/uploads\/2023\/03\/eec8570c-5992-46ba-a03c-06d7a607aa59.png","datePublished":"2023-03-06T17:04:53+00:00","dateModified":"2023-03-06T17:47:32+00:00","author":{"@id":"https:\/\/folhapopular.info\/#\/schema\/person\/2814e8a0df7643585a9ca38bc6eb9d4b"},"breadcrumb":{"@id":"https:\/\/folhapopular.info\/index.php\/2023\/03\/06\/poco-das-antas-retoma-confeccao-de-carteiras-de-identidade\/#breadcrumb"},"inLanguage":"pt-BR","potentialAction":[{"@type":"ReadAction","target":["https:\/\/folhapopular.info\/index.php\/2023\/03\/06\/poco-das-antas-retoma-confeccao-de-carteiras-de-identidade\/"]}]},{"@type":"ImageObject","inLanguage":"pt-BR","@id":"https:\/\/folhapopular.info\/index.php\/2023\/03\/06\/poco-das-antas-retoma-confeccao-de-carteiras-de-identidade\/#primaryimage","url":"https:\/\/folhapopular.info\/wp-content\/uploads\/2023\/03\/eec8570c-5992-46ba-a03c-06d7a607aa59.png","contentUrl":"https:\/\/folhapopular.info\/wp-content\/uploads\/2023\/03\/eec8570c-5992-46ba-a03c-06d7a607aa59.png","width":768,"height":460,"caption":"Cr\u00e9ditos: Secretaria-Geral\/divulga\u00e7\u00e3o"},{"@type":"BreadcrumbList","@id":"https:\/\/folhapopular.info\/index.php\/2023\/03\/06\/poco-das-antas-retoma-confeccao-de-carteiras-de-identidade\/#breadcrumb","itemListElement":[{"@type":"ListItem","position":1,"name":"In\u00edcio","item":"https:\/\/folhapopular.info\/"},{"@type":"ListItem","position":2,"name":"Po\u00e7o das Antas retoma confec\u00e7\u00e3o de carteiras de identidade"}]},{"@type":"WebSite","@id":"https:\/\/folhapopular.info\/#website","url":"https:\/\/folhapopular.info\/","name":"Folha Popular","description":"Onde voc\u00ea tem vez e voz","potentialAction":[{"@type":"SearchAction","target":{"@type":"EntryPoint","urlTemplate":"https:\/\/folhapopular.info\/?s={search_term_string}"},"query-input":{"@type":"PropertyValueSpecification","valueRequired":true,"valueName":"search_term_string"}}],"inLanguage":"pt-BR"},{"@type":"Person","@id":"https:\/\/folhapopular.info\/#\/schema\/person\/2814e8a0df7643585a9ca38bc6eb9d4b","name":"Reda\u00e7\u00e3o Folha Popular","image":{"@type":"ImageObject","inLanguage":"pt-BR","@id":"https:\/\/folhapopular.info\/wp-content\/uploads\/2026\/04\/Folha-1.webp","url":"https:\/\/folhapopular.info\/wp-content\/uploads\/2026\/04\/Folha-1.webp","contentUrl":"https:\/\/folhapopular.info\/wp-content\/uploads\/2026\/04\/Folha-1.webp","caption":"Reda\u00e7\u00e3o Folha Popular"},"url":"https:\/\/folhapopular.info\/index.php\/author\/redacao\/"}]}},"jetpack_featured_media_url":"https:\/\/folhapopular.info\/wp-content\/uploads\/2023\/03\/eec8570c-5992-46ba-a03c-06d7a607aa59.png","jetpack_sharing_enabled":true,"amp_enabled":true,"_links":{"self":[{"href":"https:\/\/folhapopular.info\/index.php\/wp-json\/wp\/v2\/posts\/122391","targetHints":{"allow":["GET"]}}],"collection":[{"href":"https:\/\/folhapopular.info\/index.php\/wp-json\/wp\/v2\/posts"}],"about":[{"href":"https:\/\/folhapopular.info\/index.php\/wp-json\/wp\/v2\/types\/post"}],"author":[{"embeddable":true,"href":"https:\/\/folhapopular.info\/index.php\/wp-json\/wp\/v2\/users\/8"}],"replies":[{"embeddable":true,"href":"https:\/\/folhapopular.info\/index.php\/wp-json\/wp\/v2\/comments?post=122391"}],"version-history":[{"count":0,"href":"https:\/\/folhapopular.info\/index.php\/wp-json\/wp\/v2\/posts\/122391\/revisions"}],"wp:featuredmedia":[{"embeddable":true,"href":"https:\/\/folhapopular.info\/index.php\/wp-json\/wp\/v2\/media\/122392"}],"wp:attachment":[{"href":"https:\/\/folhapopular.info\/index.php\/wp-json\/wp\/v2\/media?parent=122391"}],"wp:term":[{"taxonomy":"category","embeddable":true,"href":"https:\/\/folhapopular.info\/index.php\/wp-json\/wp\/v2\/categories?post=122391"},{"taxonomy":"post_tag","embeddable":true,"href":"https:\/\/folhapopular.info\/index.php\/wp-json\/wp\/v2\/tags?post=122391"}],"curies":[{"name":"wp","href":"https:\/\/api.w.org\/{rel}","templated":true}]}}