{"id":122430,"date":"2023-03-06T16:20:39","date_gmt":"2023-03-06T19:20:39","guid":{"rendered":"https:\/\/folhapopular.info\/?p=122430"},"modified":"2023-03-06T16:20:59","modified_gmt":"2023-03-06T19:20:59","slug":"carteira-de-transporte-intermunicipal-do-idoso-pode-ser-encaminhada-no-cras","status":"publish","type":"post","link":"https:\/\/folhapopular.info\/index.php\/2023\/03\/06\/carteira-de-transporte-intermunicipal-do-idoso-pode-ser-encaminhada-no-cras\/","title":{"rendered":"Carteira\u00a0de\u00a0Transporte Intermunicipal do Idoso\u00a0pode ser encaminhada no CRAS"},"content":{"rendered":"\n<p>A Carteira de Transporte Intermunicipal de Idosos para os mun\u00edcipes de Imigrante pode ser encaminhada no Centro de Refer\u00eancia da Assist\u00eancia Social (CRAS) do munic\u00edpio. O servi\u00e7o pode ser feito por pessoas a partir dos 65 anos e com renda de at\u00e9 tr\u00eas sal\u00e1rios m\u00ednimos. Conforme o coordenador do Centro, Andr\u00e9 Parleze, a carteira proporciona um desconto de 40% nas viagens intermunicipais.<\/p>\n\n\n\n<h2 class=\"wp-block-heading\"><strong>Documentos necess\u00e1rios:<\/strong><\/h2>\n\n\n\n<ul class=\"wp-block-list\">\n<li>&#8211; Uma foto 3&#215;4;<\/li>\n\n\n\n<li>&#8211; C\u00f3pia da identidade e CPF<\/li>\n\n\n\n<li>&#8211; Demonstrativo de cr\u00e9dito de benef\u00edcio (banco) ou contracheque (estatut\u00e1rios). <\/li>\n<\/ul>\n\n\n\n<p>Mais informa\u00e7\u00f5es podem ser obtidas pelo telefone (51) 3754-1220, ou diretamente no Cras, na Rua Guilherme Ernesto Lagemann, 516, em hor\u00e1rio de expediente.<\/p>\n","protected":false},"excerpt":{"rendered":"<p>A Carteira de Transporte Intermunicipal de Idosos para os mun\u00edcipes de Imigrante pode ser encaminhada no Centro de Refer\u00eancia da Assist\u00eancia Social (CRAS) do munic\u00edpio. O servi\u00e7o pode ser feito por pessoas a partir dos 65 anos e com renda de at\u00e9 tr\u00eas sal\u00e1rios m\u00ednimos. Conforme o coordenador do Centro, Andr\u00e9 Parleze, a carteira proporciona [&hellip;]<\/p>\n","protected":false},"author":8,"featured_media":122438,"comment_status":"open","ping_status":"open","sticky":false,"template":"","format":"standard","meta":{"pmpro_default_level":"","_jetpack_memberships_contains_paid_content":false,"footnotes":""},"categories":[3,11091],"tags":[51,599,34,393],"class_list":{"0":"post-122430","1":"post","2":"type-post","3":"status-publish","4":"format-standard","5":"has-post-thumbnail","7":"category-geral","8":"category-servicos","9":"tag-cras","10":"tag-idosos","11":"tag-imigrante","12":"tag-transporte","13":"pmpro-has-access"},"yoast_head":"<!-- This site is optimized with the Yoast SEO plugin v27.5 - https:\/\/yoast.com\/product\/yoast-seo-wordpress\/ -->\n<title>Carteira\u00a0de\u00a0Transporte Intermunicipal do Idoso\u00a0pode ser encaminhada no CRAS - Folha Popular<\/title>\n<meta name=\"robots\" content=\"index, follow, max-snippet:-1, max-image-preview:large, max-video-preview:-1\" \/>\n<link rel=\"canonical\" href=\"https:\/\/folhapopular.info\/index.php\/2023\/03\/06\/carteira-de-transporte-intermunicipal-do-idoso-pode-ser-encaminhada-no-cras\/\" \/>\n<meta property=\"og:locale\" content=\"pt_BR\" \/>\n<meta property=\"og:type\" content=\"article\" \/>\n<meta property=\"og:title\" content=\"Carteira\u00a0de\u00a0Transporte Intermunicipal do Idoso\u00a0pode ser encaminhada no CRAS - Folha Popular\" \/>\n<meta property=\"og:description\" content=\"A Carteira de Transporte Intermunicipal de Idosos para os mun\u00edcipes de Imigrante pode ser encaminhada no Centro de Refer\u00eancia da Assist\u00eancia Social (CRAS) do munic\u00edpio. O servi\u00e7o pode ser feito por pessoas a partir dos 65 anos e com renda de at\u00e9 tr\u00eas sal\u00e1rios m\u00ednimos. Conforme o coordenador do Centro, Andr\u00e9 Parleze, a carteira proporciona [&hellip;]\" \/>\n<meta property=\"og:url\" content=\"https:\/\/folhapopular.info\/index.php\/2023\/03\/06\/carteira-de-transporte-intermunicipal-do-idoso-pode-ser-encaminhada-no-cras\/\" \/>\n<meta property=\"og:site_name\" content=\"Folha Popular\" \/>\n<meta property=\"article:published_time\" content=\"2023-03-06T19:20:39+00:00\" \/>\n<meta property=\"article:modified_time\" content=\"2023-03-06T19:20:59+00:00\" \/>\n<meta property=\"og:image\" content=\"http:\/\/folhapopular.info\/wp-content\/uploads\/2023\/03\/02072015161108dsc_1346.jpg\" \/>\n\t<meta property=\"og:image:width\" content=\"640\" \/>\n\t<meta property=\"og:image:height\" content=\"426\" \/>\n\t<meta property=\"og:image:type\" content=\"image\/jpeg\" \/>\n<meta name=\"author\" content=\"Reda\u00e7\u00e3o Folha Popular\" \/>\n<meta name=\"twitter:card\" content=\"summary_large_image\" \/>\n<meta name=\"twitter:label1\" content=\"Escrito por\" \/>\n\t<meta name=\"twitter:data1\" content=\"Reda\u00e7\u00e3o Folha Popular\" \/>\n\t<meta name=\"twitter:label2\" content=\"Est. tempo de leitura\" \/>\n\t<meta name=\"twitter:data2\" content=\"1 minuto\" \/>\n<script type=\"application\/ld+json\" class=\"yoast-schema-graph\">{\"@context\":\"https:\\\/\\\/schema.org\",\"@graph\":[{\"@type\":\"Article\",\"@id\":\"https:\\\/\\\/folhapopular.info\\\/index.php\\\/2023\\\/03\\\/06\\\/carteira-de-transporte-intermunicipal-do-idoso-pode-ser-encaminhada-no-cras\\\/#article\",\"isPartOf\":{\"@id\":\"https:\\\/\\\/folhapopular.info\\\/index.php\\\/2023\\\/03\\\/06\\\/carteira-de-transporte-intermunicipal-do-idoso-pode-ser-encaminhada-no-cras\\\/\"},\"author\":{\"name\":\"Reda\u00e7\u00e3o Folha Popular\",\"@id\":\"https:\\\/\\\/folhapopular.info\\\/#\\\/schema\\\/person\\\/2814e8a0df7643585a9ca38bc6eb9d4b\"},\"headline\":\"Carteira\u00a0de\u00a0Transporte Intermunicipal do Idoso\u00a0pode ser encaminhada no CRAS\",\"datePublished\":\"2023-03-06T19:20:39+00:00\",\"dateModified\":\"2023-03-06T19:20:59+00:00\",\"mainEntityOfPage\":{\"@id\":\"https:\\\/\\\/folhapopular.info\\\/index.php\\\/2023\\\/03\\\/06\\\/carteira-de-transporte-intermunicipal-do-idoso-pode-ser-encaminhada-no-cras\\\/\"},\"wordCount\":129,\"commentCount\":0,\"image\":{\"@id\":\"https:\\\/\\\/folhapopular.info\\\/index.php\\\/2023\\\/03\\\/06\\\/carteira-de-transporte-intermunicipal-do-idoso-pode-ser-encaminhada-no-cras\\\/#primaryimage\"},\"thumbnailUrl\":\"https:\\\/\\\/folhapopular.info\\\/wp-content\\\/uploads\\\/2023\\\/03\\\/02072015161108dsc_1346.jpg\",\"keywords\":[\"CRAS\",\"Idosos\",\"Imigrante\",\"Transporte\"],\"articleSection\":[\"Geral\",\"Servi\u00e7os\"],\"inLanguage\":\"pt-BR\",\"potentialAction\":[{\"@type\":\"CommentAction\",\"name\":\"Comment\",\"target\":[\"https:\\\/\\\/folhapopular.info\\\/index.php\\\/2023\\\/03\\\/06\\\/carteira-de-transporte-intermunicipal-do-idoso-pode-ser-encaminhada-no-cras\\\/#respond\"]}]},{\"@type\":\"WebPage\",\"@id\":\"https:\\\/\\\/folhapopular.info\\\/index.php\\\/2023\\\/03\\\/06\\\/carteira-de-transporte-intermunicipal-do-idoso-pode-ser-encaminhada-no-cras\\\/\",\"url\":\"https:\\\/\\\/folhapopular.info\\\/index.php\\\/2023\\\/03\\\/06\\\/carteira-de-transporte-intermunicipal-do-idoso-pode-ser-encaminhada-no-cras\\\/\",\"name\":\"Carteira\u00a0de\u00a0Transporte Intermunicipal do Idoso\u00a0pode ser encaminhada no CRAS - Folha Popular\",\"isPartOf\":{\"@id\":\"https:\\\/\\\/folhapopular.info\\\/#website\"},\"primaryImageOfPage\":{\"@id\":\"https:\\\/\\\/folhapopular.info\\\/index.php\\\/2023\\\/03\\\/06\\\/carteira-de-transporte-intermunicipal-do-idoso-pode-ser-encaminhada-no-cras\\\/#primaryimage\"},\"image\":{\"@id\":\"https:\\\/\\\/folhapopular.info\\\/index.php\\\/2023\\\/03\\\/06\\\/carteira-de-transporte-intermunicipal-do-idoso-pode-ser-encaminhada-no-cras\\\/#primaryimage\"},\"thumbnailUrl\":\"https:\\\/\\\/folhapopular.info\\\/wp-content\\\/uploads\\\/2023\\\/03\\\/02072015161108dsc_1346.jpg\",\"datePublished\":\"2023-03-06T19:20:39+00:00\",\"dateModified\":\"2023-03-06T19:20:59+00:00\",\"author\":{\"@id\":\"https:\\\/\\\/folhapopular.info\\\/#\\\/schema\\\/person\\\/2814e8a0df7643585a9ca38bc6eb9d4b\"},\"breadcrumb\":{\"@id\":\"https:\\\/\\\/folhapopular.info\\\/index.php\\\/2023\\\/03\\\/06\\\/carteira-de-transporte-intermunicipal-do-idoso-pode-ser-encaminhada-no-cras\\\/#breadcrumb\"},\"inLanguage\":\"pt-BR\",\"potentialAction\":[{\"@type\":\"ReadAction\",\"target\":[\"https:\\\/\\\/folhapopular.info\\\/index.php\\\/2023\\\/03\\\/06\\\/carteira-de-transporte-intermunicipal-do-idoso-pode-ser-encaminhada-no-cras\\\/\"]}]},{\"@type\":\"ImageObject\",\"inLanguage\":\"pt-BR\",\"@id\":\"https:\\\/\\\/folhapopular.info\\\/index.php\\\/2023\\\/03\\\/06\\\/carteira-de-transporte-intermunicipal-do-idoso-pode-ser-encaminhada-no-cras\\\/#primaryimage\",\"url\":\"https:\\\/\\\/folhapopular.info\\\/wp-content\\\/uploads\\\/2023\\\/03\\\/02072015161108dsc_1346.jpg\",\"contentUrl\":\"https:\\\/\\\/folhapopular.info\\\/wp-content\\\/uploads\\\/2023\\\/03\\\/02072015161108dsc_1346.jpg\",\"width\":640,\"height\":426,\"caption\":\"Cr\u00e9dito: Divulga\u00e7\u00e3o\"},{\"@type\":\"BreadcrumbList\",\"@id\":\"https:\\\/\\\/folhapopular.info\\\/index.php\\\/2023\\\/03\\\/06\\\/carteira-de-transporte-intermunicipal-do-idoso-pode-ser-encaminhada-no-cras\\\/#breadcrumb\",\"itemListElement\":[{\"@type\":\"ListItem\",\"position\":1,\"name\":\"In\u00edcio\",\"item\":\"https:\\\/\\\/folhapopular.info\\\/\"},{\"@type\":\"ListItem\",\"position\":2,\"name\":\"Carteira\u00a0de\u00a0Transporte Intermunicipal do Idoso\u00a0pode ser encaminhada no CRAS\"}]},{\"@type\":\"WebSite\",\"@id\":\"https:\\\/\\\/folhapopular.info\\\/#website\",\"url\":\"https:\\\/\\\/folhapopular.info\\\/\",\"name\":\"Folha Popular\",\"description\":\"Onde voc\u00ea tem vez e voz\",\"potentialAction\":[{\"@type\":\"SearchAction\",\"target\":{\"@type\":\"EntryPoint\",\"urlTemplate\":\"https:\\\/\\\/folhapopular.info\\\/?s={search_term_string}\"},\"query-input\":{\"@type\":\"PropertyValueSpecification\",\"valueRequired\":true,\"valueName\":\"search_term_string\"}}],\"inLanguage\":\"pt-BR\"},{\"@type\":\"Person\",\"@id\":\"https:\\\/\\\/folhapopular.info\\\/#\\\/schema\\\/person\\\/2814e8a0df7643585a9ca38bc6eb9d4b\",\"name\":\"Reda\u00e7\u00e3o Folha Popular\",\"image\":{\"@type\":\"ImageObject\",\"inLanguage\":\"pt-BR\",\"@id\":\"https:\\\/\\\/folhapopular.info\\\/wp-content\\\/uploads\\\/2026\\\/04\\\/Folha-1.webp\",\"url\":\"https:\\\/\\\/folhapopular.info\\\/wp-content\\\/uploads\\\/2026\\\/04\\\/Folha-1.webp\",\"contentUrl\":\"https:\\\/\\\/folhapopular.info\\\/wp-content\\\/uploads\\\/2026\\\/04\\\/Folha-1.webp\",\"caption\":\"Reda\u00e7\u00e3o Folha Popular\"},\"url\":\"https:\\\/\\\/folhapopular.info\\\/index.php\\\/author\\\/redacao\\\/\"}]}<\/script>\n<!-- \/ Yoast SEO plugin. -->","yoast_head_json":{"title":"Carteira\u00a0de\u00a0Transporte Intermunicipal do Idoso\u00a0pode ser encaminhada no CRAS - Folha Popular","robots":{"index":"index","follow":"follow","max-snippet":"max-snippet:-1","max-image-preview":"max-image-preview:large","max-video-preview":"max-video-preview:-1"},"canonical":"https:\/\/folhapopular.info\/index.php\/2023\/03\/06\/carteira-de-transporte-intermunicipal-do-idoso-pode-ser-encaminhada-no-cras\/","og_locale":"pt_BR","og_type":"article","og_title":"Carteira\u00a0de\u00a0Transporte Intermunicipal do Idoso\u00a0pode ser encaminhada no CRAS - Folha Popular","og_description":"A Carteira de Transporte Intermunicipal de Idosos para os mun\u00edcipes de Imigrante pode ser encaminhada no Centro de Refer\u00eancia da Assist\u00eancia Social (CRAS) do munic\u00edpio. O servi\u00e7o pode ser feito por pessoas a partir dos 65 anos e com renda de at\u00e9 tr\u00eas sal\u00e1rios m\u00ednimos. Conforme o coordenador do Centro, Andr\u00e9 Parleze, a carteira proporciona [&hellip;]","og_url":"https:\/\/folhapopular.info\/index.php\/2023\/03\/06\/carteira-de-transporte-intermunicipal-do-idoso-pode-ser-encaminhada-no-cras\/","og_site_name":"Folha Popular","article_published_time":"2023-03-06T19:20:39+00:00","article_modified_time":"2023-03-06T19:20:59+00:00","og_image":[{"width":640,"height":426,"url":"http:\/\/folhapopular.info\/wp-content\/uploads\/2023\/03\/02072015161108dsc_1346.jpg","type":"image\/jpeg"}],"author":"Reda\u00e7\u00e3o Folha Popular","twitter_card":"summary_large_image","twitter_misc":{"Escrito por":"Reda\u00e7\u00e3o Folha Popular","Est. tempo de leitura":"1 minuto"},"schema":{"@context":"https:\/\/schema.org","@graph":[{"@type":"Article","@id":"https:\/\/folhapopular.info\/index.php\/2023\/03\/06\/carteira-de-transporte-intermunicipal-do-idoso-pode-ser-encaminhada-no-cras\/#article","isPartOf":{"@id":"https:\/\/folhapopular.info\/index.php\/2023\/03\/06\/carteira-de-transporte-intermunicipal-do-idoso-pode-ser-encaminhada-no-cras\/"},"author":{"name":"Reda\u00e7\u00e3o Folha Popular","@id":"https:\/\/folhapopular.info\/#\/schema\/person\/2814e8a0df7643585a9ca38bc6eb9d4b"},"headline":"Carteira\u00a0de\u00a0Transporte Intermunicipal do Idoso\u00a0pode ser encaminhada no CRAS","datePublished":"2023-03-06T19:20:39+00:00","dateModified":"2023-03-06T19:20:59+00:00","mainEntityOfPage":{"@id":"https:\/\/folhapopular.info\/index.php\/2023\/03\/06\/carteira-de-transporte-intermunicipal-do-idoso-pode-ser-encaminhada-no-cras\/"},"wordCount":129,"commentCount":0,"image":{"@id":"https:\/\/folhapopular.info\/index.php\/2023\/03\/06\/carteira-de-transporte-intermunicipal-do-idoso-pode-ser-encaminhada-no-cras\/#primaryimage"},"thumbnailUrl":"https:\/\/folhapopular.info\/wp-content\/uploads\/2023\/03\/02072015161108dsc_1346.jpg","keywords":["CRAS","Idosos","Imigrante","Transporte"],"articleSection":["Geral","Servi\u00e7os"],"inLanguage":"pt-BR","potentialAction":[{"@type":"CommentAction","name":"Comment","target":["https:\/\/folhapopular.info\/index.php\/2023\/03\/06\/carteira-de-transporte-intermunicipal-do-idoso-pode-ser-encaminhada-no-cras\/#respond"]}]},{"@type":"WebPage","@id":"https:\/\/folhapopular.info\/index.php\/2023\/03\/06\/carteira-de-transporte-intermunicipal-do-idoso-pode-ser-encaminhada-no-cras\/","url":"https:\/\/folhapopular.info\/index.php\/2023\/03\/06\/carteira-de-transporte-intermunicipal-do-idoso-pode-ser-encaminhada-no-cras\/","name":"Carteira\u00a0de\u00a0Transporte Intermunicipal do Idoso\u00a0pode ser encaminhada no CRAS - Folha Popular","isPartOf":{"@id":"https:\/\/folhapopular.info\/#website"},"primaryImageOfPage":{"@id":"https:\/\/folhapopular.info\/index.php\/2023\/03\/06\/carteira-de-transporte-intermunicipal-do-idoso-pode-ser-encaminhada-no-cras\/#primaryimage"},"image":{"@id":"https:\/\/folhapopular.info\/index.php\/2023\/03\/06\/carteira-de-transporte-intermunicipal-do-idoso-pode-ser-encaminhada-no-cras\/#primaryimage"},"thumbnailUrl":"https:\/\/folhapopular.info\/wp-content\/uploads\/2023\/03\/02072015161108dsc_1346.jpg","datePublished":"2023-03-06T19:20:39+00:00","dateModified":"2023-03-06T19:20:59+00:00","author":{"@id":"https:\/\/folhapopular.info\/#\/schema\/person\/2814e8a0df7643585a9ca38bc6eb9d4b"},"breadcrumb":{"@id":"https:\/\/folhapopular.info\/index.php\/2023\/03\/06\/carteira-de-transporte-intermunicipal-do-idoso-pode-ser-encaminhada-no-cras\/#breadcrumb"},"inLanguage":"pt-BR","potentialAction":[{"@type":"ReadAction","target":["https:\/\/folhapopular.info\/index.php\/2023\/03\/06\/carteira-de-transporte-intermunicipal-do-idoso-pode-ser-encaminhada-no-cras\/"]}]},{"@type":"ImageObject","inLanguage":"pt-BR","@id":"https:\/\/folhapopular.info\/index.php\/2023\/03\/06\/carteira-de-transporte-intermunicipal-do-idoso-pode-ser-encaminhada-no-cras\/#primaryimage","url":"https:\/\/folhapopular.info\/wp-content\/uploads\/2023\/03\/02072015161108dsc_1346.jpg","contentUrl":"https:\/\/folhapopular.info\/wp-content\/uploads\/2023\/03\/02072015161108dsc_1346.jpg","width":640,"height":426,"caption":"Cr\u00e9dito: Divulga\u00e7\u00e3o"},{"@type":"BreadcrumbList","@id":"https:\/\/folhapopular.info\/index.php\/2023\/03\/06\/carteira-de-transporte-intermunicipal-do-idoso-pode-ser-encaminhada-no-cras\/#breadcrumb","itemListElement":[{"@type":"ListItem","position":1,"name":"In\u00edcio","item":"https:\/\/folhapopular.info\/"},{"@type":"ListItem","position":2,"name":"Carteira\u00a0de\u00a0Transporte Intermunicipal do Idoso\u00a0pode ser encaminhada no CRAS"}]},{"@type":"WebSite","@id":"https:\/\/folhapopular.info\/#website","url":"https:\/\/folhapopular.info\/","name":"Folha Popular","description":"Onde voc\u00ea tem vez e voz","potentialAction":[{"@type":"SearchAction","target":{"@type":"EntryPoint","urlTemplate":"https:\/\/folhapopular.info\/?s={search_term_string}"},"query-input":{"@type":"PropertyValueSpecification","valueRequired":true,"valueName":"search_term_string"}}],"inLanguage":"pt-BR"},{"@type":"Person","@id":"https:\/\/folhapopular.info\/#\/schema\/person\/2814e8a0df7643585a9ca38bc6eb9d4b","name":"Reda\u00e7\u00e3o Folha Popular","image":{"@type":"ImageObject","inLanguage":"pt-BR","@id":"https:\/\/folhapopular.info\/wp-content\/uploads\/2026\/04\/Folha-1.webp","url":"https:\/\/folhapopular.info\/wp-content\/uploads\/2026\/04\/Folha-1.webp","contentUrl":"https:\/\/folhapopular.info\/wp-content\/uploads\/2026\/04\/Folha-1.webp","caption":"Reda\u00e7\u00e3o Folha Popular"},"url":"https:\/\/folhapopular.info\/index.php\/author\/redacao\/"}]}},"jetpack_featured_media_url":"https:\/\/folhapopular.info\/wp-content\/uploads\/2023\/03\/02072015161108dsc_1346.jpg","jetpack_sharing_enabled":true,"amp_enabled":true,"_links":{"self":[{"href":"https:\/\/folhapopular.info\/index.php\/wp-json\/wp\/v2\/posts\/122430","targetHints":{"allow":["GET"]}}],"collection":[{"href":"https:\/\/folhapopular.info\/index.php\/wp-json\/wp\/v2\/posts"}],"about":[{"href":"https:\/\/folhapopular.info\/index.php\/wp-json\/wp\/v2\/types\/post"}],"author":[{"embeddable":true,"href":"https:\/\/folhapopular.info\/index.php\/wp-json\/wp\/v2\/users\/8"}],"replies":[{"embeddable":true,"href":"https:\/\/folhapopular.info\/index.php\/wp-json\/wp\/v2\/comments?post=122430"}],"version-history":[{"count":0,"href":"https:\/\/folhapopular.info\/index.php\/wp-json\/wp\/v2\/posts\/122430\/revisions"}],"wp:featuredmedia":[{"embeddable":true,"href":"https:\/\/folhapopular.info\/index.php\/wp-json\/wp\/v2\/media\/122438"}],"wp:attachment":[{"href":"https:\/\/folhapopular.info\/index.php\/wp-json\/wp\/v2\/media?parent=122430"}],"wp:term":[{"taxonomy":"category","embeddable":true,"href":"https:\/\/folhapopular.info\/index.php\/wp-json\/wp\/v2\/categories?post=122430"},{"taxonomy":"post_tag","embeddable":true,"href":"https:\/\/folhapopular.info\/index.php\/wp-json\/wp\/v2\/tags?post=122430"}],"curies":[{"name":"wp","href":"https:\/\/api.w.org\/{rel}","templated":true}]}}