{"id":122466,"date":"2023-03-08T15:43:28","date_gmt":"2023-03-08T18:43:28","guid":{"rendered":"https:\/\/folhapopular.info\/?p=122466"},"modified":"2023-03-08T15:43:30","modified_gmt":"2023-03-08T18:43:30","slug":"nova-corte-de-soberanas-de-imigrante-estreia-em-31-de-marco","status":"publish","type":"post","link":"https:\/\/folhapopular.info\/index.php\/2023\/03\/08\/nova-corte-de-soberanas-de-imigrante-estreia-em-31-de-marco\/","title":{"rendered":"Nova corte de soberanas de Imigrante estreia em 31 de mar\u00e7o"},"content":{"rendered":"\n<p>A nova corte de soberanas de Imigrante estreia o reinado nos dias 31\/3 e 1\u00ba\/4, durante as celebra\u00e7\u00f5es da Paix\u00e3o de Cristo no munic\u00edpio. A rainha Thamires M\u00f6llmann (16) e a primeira e segunda princesas, Bruna Telk (18) e Fernanda Possebon (26) ganharam o concurso de Escolha das Soberanas, que culminou na noite de sexta-feira (3\/3) no gin\u00e1sio Arnoldo Guilherme Rex.<\/p>\n\n\n\n<p>Centenas de pessoas lotaram o local para torcer pelas nove candidatas ao trono. O evento marcou ainda a despedida da antiga corte, que permaneceu no posto por seis anos consecutivos. Ap\u00f3s um m\u00eas de intensas prepara\u00e7\u00f5es envolvendo entrevista individual, prova cultural, teste de v\u00eddeo, passarela, beleza e simpatia, as jovens realizaram na ocasi\u00e3o a \u00faltima prova do concurso \u2013 o desfile.<\/p>\n\n\n\n<p>Elas precisaram cumprir uma s\u00e9rie de requisitos, que foram avaliados pelos seis jurados do concurso: a primeira-dama e secret\u00e1ria de Sa\u00fade de Santa Clara do Sul, Iara Kohlrausch, a rainha da corte de soberanas de Teut\u00f4nia, Fernanda Kolling, a empres\u00e1ria e ex-soberana da ExpoCruzeiro, Tatiane Herrmann, o prefeito de Estrela, Elmar Schneider e o presidente da Assembleia Legislativa, deputado estadual Vilmar Zanchin.<\/p>\n\n\n\n<p>Representante do Esporte Clube Arroio da Seca, Thamires foi eleita a rainha do munic\u00edpio e recebeu R$ 3 mil. A primeira princesa, Bruna, recebeu apoio de Nessy Materiais de Constru\u00e7\u00e3o e Sartori Transportes. J\u00e1 Fernanda, eleita a segunda princesa, concorreu pelo Esporte Clube Canarinho. Ambas receberam R$ 1,5 mil cada.<\/p>\n\n\n\n<h2 class=\"wp-block-heading\"><strong>Homenagens<\/strong><\/h2>\n\n\n\n<p>Antes da nota final sobre quais das candidatas integrariam a corte para os pr\u00f3ximos dois anos, a programa\u00e7\u00e3o contou, tamb\u00e9m, com o desfile das passadas soberanas do Munic\u00edpio desde sua emancipa\u00e7\u00e3o. Antes de passar as coroas \u00e0s novas soberanas, a rainha P\u00e2mela Kaplan, a primeira princesa Rafaela Carminatti e a segunda princesa Vit\u00f3ria Lopes fizeram seu discurso final. <\/p>\n\n\n\n<p>A bailarina, core\u00f3grafa e fot\u00f3grafa Ang\u00e9lica Pott, respons\u00e1vel pela consultoria \u00e0s jovens, tamb\u00e9m foi homenageada por suas atividades. Segundo ela, as nove meninas estavam muito bem preparadas. &#8220;Fiquei muito feliz em ouvir isso delas, porque significa que alcancei o que me propus a fazer. Saber que toquei no cora\u00e7\u00e3o destas jovens e que pude, de alguma forma, colaborar no seu desenvolvimento \u00e9 extremamente gratificante, n\u00e3o h\u00e1 dinheiro que compre&#8221;, revela.<\/p>\n\n\n\n<p>Ang\u00e9lica conta ainda que v\u00e1rias das candidatas manifestou o desejo de concorrer novamente. &#8220;O que mostra que n\u00e3o sa\u00edram traumatizadas, mas sim viram a oportunidade como algo positivo na vida delas. Trabalhei desde o in\u00edcio essa ideia com elas &#8211; n\u00e3o era uma disputa, e sim um caminho a percorrer de m\u00e3os dadas, at\u00e9 porque as soberanas eleitas precisam ser c\u00famplices, estar unidas&#8221;, completa.<\/p>\n\n\n\n<p>Por fim, a consultora cita que as tr\u00eas jovens eleitas t\u00eam muita maturidade, postura e se comunicam muito bem. &#8220;Inclusive a rainha, que tem apenas 16 anos. \u00c9 claro que ainda evoluir\u00e3o durante o reinado, mas h\u00e1 o sentimento de uni\u00e3o, de grupo e de pertencimento&#8221;, finaliza.<\/p>\n\n\n\n<h2 class=\"wp-block-heading\"><strong>Amadurecimento<\/strong><\/h2>\n\n\n\n<p>Para Thamires, todo o processo foi gratificante. \u201cAs pessoas viram s\u00f3 o desfile, mas teve muito mais por tr\u00e1s, nos preparamos demais, com v\u00e1rios treinos em apenas um m\u00eas. Estou muito feliz, amadureci muito nesse processo. Sabemos que teremos um compromisso com Imigrante, mas mesmo assim estamos muito felizes\u201d, completa.<\/p>\n\n\n\n<p>Fernanda conta que sempre gostou de acompanhar os concursos de soberanas e de misses, e que este \u00e9 um sonho realizado. \u201cAprendi muito nesse tempo e levarei todas em meu cora\u00e7\u00e3o. Na hora que eu fui anunciada como segunda princesa, eu n\u00e3o acreditei, acho que foi tanto tempo sonhando com isso que quando aconteceu, a ficha n\u00e3o caiu, foi um mar de emo\u00e7\u00f5es. Sem palavras para descrever esse momento, ainda custa acreditar que eu ganhei. Me preparei muito para esse momento, minha forma\u00e7\u00e3o em comunica\u00e7\u00e3o me ajudou muito, consigo me expressar melhor e n\u00e3o ter vergonha de conversar com as pessoas\u201d, comemora.<\/p>\n\n\n\n<p>Ela aponta que, durante o preparo, pode se conectar com todas as meninas, e que a amizade ser\u00e1 importante durante o reinado. \u201cFoi um m\u00eas intenso, tivemos aulas de postura, de caminhada, v\u00e1rios ensaios e prepara\u00e7\u00e3o para o v\u00eddeo e prova cultural, e a nossa preparadora, Ang\u00e9lica Pott, foi essencial, nos deixando mais calmas e tirando nossas d\u00favidas\u201d, lembra.<\/p>\n\n\n\n<p>Bruna tamb\u00e9m compartilhava o mesmo ide\u00e1rio de Fernanda. \u201cPara mim foi muito gratificante e importante ter ganhado, pois esse era meu sonho desde pequena. Na hora da revela\u00e7\u00e3o, quando meu nome foi mencionado, foi uma mistura de emo\u00e7\u00f5es, sentimentos e incredulidade. Acredito que tenho as melhores pessoas ao meu lado para representar nosso belo munic\u00edpio. Desde o come\u00e7o da prepara\u00e7\u00e3o, vi uma grande evolu\u00e7\u00e3o em como me porto, sento e falo. Foi um grande amadurecimento\u201d, revela.<\/p>\n","protected":false},"excerpt":{"rendered":"<p>A nova corte de soberanas de Imigrante estreia o reinado nos dias 31\/3 e 1\u00ba\/4, durante as celebra\u00e7\u00f5es da Paix\u00e3o de Cristo no munic\u00edpio. A rainha Thamires M\u00f6llmann (16) e a primeira e segunda princesas, Bruna Telk (18) e Fernanda Possebon (26) ganharam o concurso de Escolha das Soberanas, que culminou na noite de sexta-feira [&hellip;]<\/p>\n","protected":false},"author":639,"featured_media":122467,"comment_status":"open","ping_status":"open","sticky":false,"template":"","format":"standard","meta":{"pmpro_default_level":"","_jetpack_memberships_contains_paid_content":false,"footnotes":""},"categories":[2,6,10997],"tags":[11104,6333,11105,11106,11109,34,11107,11108],"class_list":{"0":"post-122466","1":"post","2":"type-post","3":"status-publish","4":"format-standard","5":"has-post-thumbnail","7":"category-featured","8":"category-inclusive","9":"category-variedades","10":"tag-corte-de-soberanas","11":"tag-elmar-schneider","12":"tag-escolha-da-corte-de-soberanas","13":"tag-fernanda-kolling","14":"tag-iara-kohlrausch","15":"tag-imigrante","16":"tag-tatiane-herrmann","17":"tag-vilmar-zanchin","18":"pmpro-has-access"},"yoast_head":"<!-- This site is optimized with the Yoast SEO plugin v27.4 - https:\/\/yoast.com\/product\/yoast-seo-wordpress\/ -->\n<title>Nova corte de soberanas de Imigrante estreia em 31 de mar\u00e7o - Folha Popular<\/title>\n<meta name=\"robots\" content=\"index, follow, max-snippet:-1, max-image-preview:large, max-video-preview:-1\" \/>\n<link rel=\"canonical\" href=\"https:\/\/folhapopular.info\/index.php\/2023\/03\/08\/nova-corte-de-soberanas-de-imigrante-estreia-em-31-de-marco\/\" \/>\n<meta property=\"og:locale\" content=\"pt_BR\" \/>\n<meta property=\"og:type\" content=\"article\" \/>\n<meta property=\"og:title\" content=\"Nova corte de soberanas de Imigrante estreia em 31 de mar\u00e7o - Folha Popular\" \/>\n<meta property=\"og:description\" content=\"A nova corte de soberanas de Imigrante estreia o reinado nos dias 31\/3 e 1\u00ba\/4, durante as celebra\u00e7\u00f5es da Paix\u00e3o de Cristo no munic\u00edpio. A rainha Thamires M\u00f6llmann (16) e a primeira e segunda princesas, Bruna Telk (18) e Fernanda Possebon (26) ganharam o concurso de Escolha das Soberanas, que culminou na noite de sexta-feira [&hellip;]\" \/>\n<meta property=\"og:url\" content=\"https:\/\/folhapopular.info\/index.php\/2023\/03\/08\/nova-corte-de-soberanas-de-imigrante-estreia-em-31-de-marco\/\" \/>\n<meta property=\"og:site_name\" content=\"Folha Popular\" \/>\n<meta property=\"article:published_time\" content=\"2023-03-08T18:43:28+00:00\" \/>\n<meta property=\"article:modified_time\" content=\"2023-03-08T18:43:30+00:00\" \/>\n<meta property=\"og:image\" content=\"http:\/\/folhapopular.info\/wp-content\/uploads\/2023\/03\/2023_03_03_IMIGRANTE_Soberanas-2023_CLS-scaled.jpg\" \/>\n\t<meta property=\"og:image:width\" content=\"2560\" \/>\n\t<meta property=\"og:image:height\" content=\"1711\" \/>\n\t<meta property=\"og:image:type\" content=\"image\/jpeg\" \/>\n<meta name=\"author\" content=\"Camille Lenz da Silva\" \/>\n<meta name=\"twitter:card\" content=\"summary_large_image\" \/>\n<meta name=\"twitter:label1\" content=\"Escrito por\" \/>\n\t<meta name=\"twitter:data1\" content=\"Camille Lenz da Silva\" \/>\n\t<meta name=\"twitter:label2\" content=\"Est. tempo de leitura\" \/>\n\t<meta name=\"twitter:data2\" content=\"5 minutos\" \/>\n<script type=\"application\/ld+json\" class=\"yoast-schema-graph\">{\"@context\":\"https:\\\/\\\/schema.org\",\"@graph\":[{\"@type\":\"Article\",\"@id\":\"https:\\\/\\\/folhapopular.info\\\/index.php\\\/2023\\\/03\\\/08\\\/nova-corte-de-soberanas-de-imigrante-estreia-em-31-de-marco\\\/#article\",\"isPartOf\":{\"@id\":\"https:\\\/\\\/folhapopular.info\\\/index.php\\\/2023\\\/03\\\/08\\\/nova-corte-de-soberanas-de-imigrante-estreia-em-31-de-marco\\\/\"},\"author\":{\"name\":\"Camille Lenz da Silva\",\"@id\":\"https:\\\/\\\/folhapopular.info\\\/#\\\/schema\\\/person\\\/f0b811f932ef2505faf473ffaef49df5\"},\"headline\":\"Nova corte de soberanas de Imigrante estreia em 31 de mar\u00e7o\",\"datePublished\":\"2023-03-08T18:43:28+00:00\",\"dateModified\":\"2023-03-08T18:43:30+00:00\",\"mainEntityOfPage\":{\"@id\":\"https:\\\/\\\/folhapopular.info\\\/index.php\\\/2023\\\/03\\\/08\\\/nova-corte-de-soberanas-de-imigrante-estreia-em-31-de-marco\\\/\"},\"wordCount\":827,\"commentCount\":0,\"image\":{\"@id\":\"https:\\\/\\\/folhapopular.info\\\/index.php\\\/2023\\\/03\\\/08\\\/nova-corte-de-soberanas-de-imigrante-estreia-em-31-de-marco\\\/#primaryimage\"},\"thumbnailUrl\":\"https:\\\/\\\/folhapopular.info\\\/wp-content\\\/uploads\\\/2023\\\/03\\\/2023_03_03_IMIGRANTE_Soberanas-2023_CLS-scaled.jpg\",\"keywords\":[\"corte de soberanas\",\"Elmar Schneider\",\"escolha da corte de soberanas\",\"fernanda kolling\",\"iara kohlrausch\",\"Imigrante\",\"tatiane herrmann\",\"vilmar zanchin\"],\"articleSection\":[\"Destaques\",\"Inclusive\",\"Variedades\"],\"inLanguage\":\"pt-BR\",\"potentialAction\":[{\"@type\":\"CommentAction\",\"name\":\"Comment\",\"target\":[\"https:\\\/\\\/folhapopular.info\\\/index.php\\\/2023\\\/03\\\/08\\\/nova-corte-de-soberanas-de-imigrante-estreia-em-31-de-marco\\\/#respond\"]}]},{\"@type\":\"WebPage\",\"@id\":\"https:\\\/\\\/folhapopular.info\\\/index.php\\\/2023\\\/03\\\/08\\\/nova-corte-de-soberanas-de-imigrante-estreia-em-31-de-marco\\\/\",\"url\":\"https:\\\/\\\/folhapopular.info\\\/index.php\\\/2023\\\/03\\\/08\\\/nova-corte-de-soberanas-de-imigrante-estreia-em-31-de-marco\\\/\",\"name\":\"Nova corte de soberanas de Imigrante estreia em 31 de mar\u00e7o - Folha Popular\",\"isPartOf\":{\"@id\":\"https:\\\/\\\/folhapopular.info\\\/#website\"},\"primaryImageOfPage\":{\"@id\":\"https:\\\/\\\/folhapopular.info\\\/index.php\\\/2023\\\/03\\\/08\\\/nova-corte-de-soberanas-de-imigrante-estreia-em-31-de-marco\\\/#primaryimage\"},\"image\":{\"@id\":\"https:\\\/\\\/folhapopular.info\\\/index.php\\\/2023\\\/03\\\/08\\\/nova-corte-de-soberanas-de-imigrante-estreia-em-31-de-marco\\\/#primaryimage\"},\"thumbnailUrl\":\"https:\\\/\\\/folhapopular.info\\\/wp-content\\\/uploads\\\/2023\\\/03\\\/2023_03_03_IMIGRANTE_Soberanas-2023_CLS-scaled.jpg\",\"datePublished\":\"2023-03-08T18:43:28+00:00\",\"dateModified\":\"2023-03-08T18:43:30+00:00\",\"author\":{\"@id\":\"https:\\\/\\\/folhapopular.info\\\/#\\\/schema\\\/person\\\/f0b811f932ef2505faf473ffaef49df5\"},\"breadcrumb\":{\"@id\":\"https:\\\/\\\/folhapopular.info\\\/index.php\\\/2023\\\/03\\\/08\\\/nova-corte-de-soberanas-de-imigrante-estreia-em-31-de-marco\\\/#breadcrumb\"},\"inLanguage\":\"pt-BR\",\"potentialAction\":[{\"@type\":\"ReadAction\",\"target\":[\"https:\\\/\\\/folhapopular.info\\\/index.php\\\/2023\\\/03\\\/08\\\/nova-corte-de-soberanas-de-imigrante-estreia-em-31-de-marco\\\/\"]}]},{\"@type\":\"ImageObject\",\"inLanguage\":\"pt-BR\",\"@id\":\"https:\\\/\\\/folhapopular.info\\\/index.php\\\/2023\\\/03\\\/08\\\/nova-corte-de-soberanas-de-imigrante-estreia-em-31-de-marco\\\/#primaryimage\",\"url\":\"https:\\\/\\\/folhapopular.info\\\/wp-content\\\/uploads\\\/2023\\\/03\\\/2023_03_03_IMIGRANTE_Soberanas-2023_CLS-scaled.jpg\",\"contentUrl\":\"https:\\\/\\\/folhapopular.info\\\/wp-content\\\/uploads\\\/2023\\\/03\\\/2023_03_03_IMIGRANTE_Soberanas-2023_CLS-scaled.jpg\",\"width\":2560,\"height\":1711,\"caption\":\"Bruna Telk (e), Thamires M\u00f6llmann (c) e Fernanda Possebon reinar\u00e3o pelos pr\u00f3ximos dois anos. Cr\u00e9ditos: Camille Lenz da Silva\"},{\"@type\":\"BreadcrumbList\",\"@id\":\"https:\\\/\\\/folhapopular.info\\\/index.php\\\/2023\\\/03\\\/08\\\/nova-corte-de-soberanas-de-imigrante-estreia-em-31-de-marco\\\/#breadcrumb\",\"itemListElement\":[{\"@type\":\"ListItem\",\"position\":1,\"name\":\"In\u00edcio\",\"item\":\"https:\\\/\\\/folhapopular.info\\\/\"},{\"@type\":\"ListItem\",\"position\":2,\"name\":\"Nova corte de soberanas de Imigrante estreia em 31 de mar\u00e7o\"}]},{\"@type\":\"WebSite\",\"@id\":\"https:\\\/\\\/folhapopular.info\\\/#website\",\"url\":\"https:\\\/\\\/folhapopular.info\\\/\",\"name\":\"Folha Popular\",\"description\":\"Onde voc\u00ea tem vez e voz\",\"potentialAction\":[{\"@type\":\"SearchAction\",\"target\":{\"@type\":\"EntryPoint\",\"urlTemplate\":\"https:\\\/\\\/folhapopular.info\\\/?s={search_term_string}\"},\"query-input\":{\"@type\":\"PropertyValueSpecification\",\"valueRequired\":true,\"valueName\":\"search_term_string\"}}],\"inLanguage\":\"pt-BR\"},{\"@type\":\"Person\",\"@id\":\"https:\\\/\\\/folhapopular.info\\\/#\\\/schema\\\/person\\\/f0b811f932ef2505faf473ffaef49df5\",\"name\":\"Camille Lenz da Silva\",\"image\":{\"@type\":\"ImageObject\",\"inLanguage\":\"pt-BR\",\"@id\":\"https:\\\/\\\/secure.gravatar.com\\\/avatar\\\/50be826d73ca259ec0e0a88a407f5de800c576c46cfdc57e50ef28551e216fff?s=96&d=mm&r=g\",\"url\":\"https:\\\/\\\/secure.gravatar.com\\\/avatar\\\/50be826d73ca259ec0e0a88a407f5de800c576c46cfdc57e50ef28551e216fff?s=96&d=mm&r=g\",\"contentUrl\":\"https:\\\/\\\/secure.gravatar.com\\\/avatar\\\/50be826d73ca259ec0e0a88a407f5de800c576c46cfdc57e50ef28551e216fff?s=96&d=mm&r=g\",\"caption\":\"Camille Lenz da Silva\"},\"url\":\"https:\\\/\\\/folhapopular.info\\\/index.php\\\/author\\\/camillelenzgmail-com\\\/\"}]}<\/script>\n<!-- \/ Yoast SEO plugin. -->","yoast_head_json":{"title":"Nova corte de soberanas de Imigrante estreia em 31 de mar\u00e7o - Folha Popular","robots":{"index":"index","follow":"follow","max-snippet":"max-snippet:-1","max-image-preview":"max-image-preview:large","max-video-preview":"max-video-preview:-1"},"canonical":"https:\/\/folhapopular.info\/index.php\/2023\/03\/08\/nova-corte-de-soberanas-de-imigrante-estreia-em-31-de-marco\/","og_locale":"pt_BR","og_type":"article","og_title":"Nova corte de soberanas de Imigrante estreia em 31 de mar\u00e7o - Folha Popular","og_description":"A nova corte de soberanas de Imigrante estreia o reinado nos dias 31\/3 e 1\u00ba\/4, durante as celebra\u00e7\u00f5es da Paix\u00e3o de Cristo no munic\u00edpio. A rainha Thamires M\u00f6llmann (16) e a primeira e segunda princesas, Bruna Telk (18) e Fernanda Possebon (26) ganharam o concurso de Escolha das Soberanas, que culminou na noite de sexta-feira [&hellip;]","og_url":"https:\/\/folhapopular.info\/index.php\/2023\/03\/08\/nova-corte-de-soberanas-de-imigrante-estreia-em-31-de-marco\/","og_site_name":"Folha Popular","article_published_time":"2023-03-08T18:43:28+00:00","article_modified_time":"2023-03-08T18:43:30+00:00","og_image":[{"width":2560,"height":1711,"url":"http:\/\/folhapopular.info\/wp-content\/uploads\/2023\/03\/2023_03_03_IMIGRANTE_Soberanas-2023_CLS-scaled.jpg","type":"image\/jpeg"}],"author":"Camille Lenz da Silva","twitter_card":"summary_large_image","twitter_misc":{"Escrito por":"Camille Lenz da Silva","Est. tempo de leitura":"5 minutos"},"schema":{"@context":"https:\/\/schema.org","@graph":[{"@type":"Article","@id":"https:\/\/folhapopular.info\/index.php\/2023\/03\/08\/nova-corte-de-soberanas-de-imigrante-estreia-em-31-de-marco\/#article","isPartOf":{"@id":"https:\/\/folhapopular.info\/index.php\/2023\/03\/08\/nova-corte-de-soberanas-de-imigrante-estreia-em-31-de-marco\/"},"author":{"name":"Camille Lenz da Silva","@id":"https:\/\/folhapopular.info\/#\/schema\/person\/f0b811f932ef2505faf473ffaef49df5"},"headline":"Nova corte de soberanas de Imigrante estreia em 31 de mar\u00e7o","datePublished":"2023-03-08T18:43:28+00:00","dateModified":"2023-03-08T18:43:30+00:00","mainEntityOfPage":{"@id":"https:\/\/folhapopular.info\/index.php\/2023\/03\/08\/nova-corte-de-soberanas-de-imigrante-estreia-em-31-de-marco\/"},"wordCount":827,"commentCount":0,"image":{"@id":"https:\/\/folhapopular.info\/index.php\/2023\/03\/08\/nova-corte-de-soberanas-de-imigrante-estreia-em-31-de-marco\/#primaryimage"},"thumbnailUrl":"https:\/\/folhapopular.info\/wp-content\/uploads\/2023\/03\/2023_03_03_IMIGRANTE_Soberanas-2023_CLS-scaled.jpg","keywords":["corte de soberanas","Elmar Schneider","escolha da corte de soberanas","fernanda kolling","iara kohlrausch","Imigrante","tatiane herrmann","vilmar zanchin"],"articleSection":["Destaques","Inclusive","Variedades"],"inLanguage":"pt-BR","potentialAction":[{"@type":"CommentAction","name":"Comment","target":["https:\/\/folhapopular.info\/index.php\/2023\/03\/08\/nova-corte-de-soberanas-de-imigrante-estreia-em-31-de-marco\/#respond"]}]},{"@type":"WebPage","@id":"https:\/\/folhapopular.info\/index.php\/2023\/03\/08\/nova-corte-de-soberanas-de-imigrante-estreia-em-31-de-marco\/","url":"https:\/\/folhapopular.info\/index.php\/2023\/03\/08\/nova-corte-de-soberanas-de-imigrante-estreia-em-31-de-marco\/","name":"Nova corte de soberanas de Imigrante estreia em 31 de mar\u00e7o - Folha Popular","isPartOf":{"@id":"https:\/\/folhapopular.info\/#website"},"primaryImageOfPage":{"@id":"https:\/\/folhapopular.info\/index.php\/2023\/03\/08\/nova-corte-de-soberanas-de-imigrante-estreia-em-31-de-marco\/#primaryimage"},"image":{"@id":"https:\/\/folhapopular.info\/index.php\/2023\/03\/08\/nova-corte-de-soberanas-de-imigrante-estreia-em-31-de-marco\/#primaryimage"},"thumbnailUrl":"https:\/\/folhapopular.info\/wp-content\/uploads\/2023\/03\/2023_03_03_IMIGRANTE_Soberanas-2023_CLS-scaled.jpg","datePublished":"2023-03-08T18:43:28+00:00","dateModified":"2023-03-08T18:43:30+00:00","author":{"@id":"https:\/\/folhapopular.info\/#\/schema\/person\/f0b811f932ef2505faf473ffaef49df5"},"breadcrumb":{"@id":"https:\/\/folhapopular.info\/index.php\/2023\/03\/08\/nova-corte-de-soberanas-de-imigrante-estreia-em-31-de-marco\/#breadcrumb"},"inLanguage":"pt-BR","potentialAction":[{"@type":"ReadAction","target":["https:\/\/folhapopular.info\/index.php\/2023\/03\/08\/nova-corte-de-soberanas-de-imigrante-estreia-em-31-de-marco\/"]}]},{"@type":"ImageObject","inLanguage":"pt-BR","@id":"https:\/\/folhapopular.info\/index.php\/2023\/03\/08\/nova-corte-de-soberanas-de-imigrante-estreia-em-31-de-marco\/#primaryimage","url":"https:\/\/folhapopular.info\/wp-content\/uploads\/2023\/03\/2023_03_03_IMIGRANTE_Soberanas-2023_CLS-scaled.jpg","contentUrl":"https:\/\/folhapopular.info\/wp-content\/uploads\/2023\/03\/2023_03_03_IMIGRANTE_Soberanas-2023_CLS-scaled.jpg","width":2560,"height":1711,"caption":"Bruna Telk (e), Thamires M\u00f6llmann (c) e Fernanda Possebon reinar\u00e3o pelos pr\u00f3ximos dois anos. Cr\u00e9ditos: Camille Lenz da Silva"},{"@type":"BreadcrumbList","@id":"https:\/\/folhapopular.info\/index.php\/2023\/03\/08\/nova-corte-de-soberanas-de-imigrante-estreia-em-31-de-marco\/#breadcrumb","itemListElement":[{"@type":"ListItem","position":1,"name":"In\u00edcio","item":"https:\/\/folhapopular.info\/"},{"@type":"ListItem","position":2,"name":"Nova corte de soberanas de Imigrante estreia em 31 de mar\u00e7o"}]},{"@type":"WebSite","@id":"https:\/\/folhapopular.info\/#website","url":"https:\/\/folhapopular.info\/","name":"Folha Popular","description":"Onde voc\u00ea tem vez e voz","potentialAction":[{"@type":"SearchAction","target":{"@type":"EntryPoint","urlTemplate":"https:\/\/folhapopular.info\/?s={search_term_string}"},"query-input":{"@type":"PropertyValueSpecification","valueRequired":true,"valueName":"search_term_string"}}],"inLanguage":"pt-BR"},{"@type":"Person","@id":"https:\/\/folhapopular.info\/#\/schema\/person\/f0b811f932ef2505faf473ffaef49df5","name":"Camille Lenz da Silva","image":{"@type":"ImageObject","inLanguage":"pt-BR","@id":"https:\/\/secure.gravatar.com\/avatar\/50be826d73ca259ec0e0a88a407f5de800c576c46cfdc57e50ef28551e216fff?s=96&d=mm&r=g","url":"https:\/\/secure.gravatar.com\/avatar\/50be826d73ca259ec0e0a88a407f5de800c576c46cfdc57e50ef28551e216fff?s=96&d=mm&r=g","contentUrl":"https:\/\/secure.gravatar.com\/avatar\/50be826d73ca259ec0e0a88a407f5de800c576c46cfdc57e50ef28551e216fff?s=96&d=mm&r=g","caption":"Camille Lenz da Silva"},"url":"https:\/\/folhapopular.info\/index.php\/author\/camillelenzgmail-com\/"}]}},"jetpack_featured_media_url":"https:\/\/folhapopular.info\/wp-content\/uploads\/2023\/03\/2023_03_03_IMIGRANTE_Soberanas-2023_CLS-scaled.jpg","jetpack_sharing_enabled":true,"amp_enabled":true,"_links":{"self":[{"href":"https:\/\/folhapopular.info\/index.php\/wp-json\/wp\/v2\/posts\/122466","targetHints":{"allow":["GET"]}}],"collection":[{"href":"https:\/\/folhapopular.info\/index.php\/wp-json\/wp\/v2\/posts"}],"about":[{"href":"https:\/\/folhapopular.info\/index.php\/wp-json\/wp\/v2\/types\/post"}],"author":[{"embeddable":true,"href":"https:\/\/folhapopular.info\/index.php\/wp-json\/wp\/v2\/users\/639"}],"replies":[{"embeddable":true,"href":"https:\/\/folhapopular.info\/index.php\/wp-json\/wp\/v2\/comments?post=122466"}],"version-history":[{"count":2,"href":"https:\/\/folhapopular.info\/index.php\/wp-json\/wp\/v2\/posts\/122466\/revisions"}],"predecessor-version":[{"id":122602,"href":"https:\/\/folhapopular.info\/index.php\/wp-json\/wp\/v2\/posts\/122466\/revisions\/122602"}],"wp:featuredmedia":[{"embeddable":true,"href":"https:\/\/folhapopular.info\/index.php\/wp-json\/wp\/v2\/media\/122467"}],"wp:attachment":[{"href":"https:\/\/folhapopular.info\/index.php\/wp-json\/wp\/v2\/media?parent=122466"}],"wp:term":[{"taxonomy":"category","embeddable":true,"href":"https:\/\/folhapopular.info\/index.php\/wp-json\/wp\/v2\/categories?post=122466"},{"taxonomy":"post_tag","embeddable":true,"href":"https:\/\/folhapopular.info\/index.php\/wp-json\/wp\/v2\/tags?post=122466"}],"curies":[{"name":"wp","href":"https:\/\/api.w.org\/{rel}","templated":true}]}}