{"id":122578,"date":"2023-03-08T14:56:56","date_gmt":"2023-03-08T17:56:56","guid":{"rendered":"https:\/\/folhapopular.info\/?p=122578"},"modified":"2023-03-08T14:58:57","modified_gmt":"2023-03-08T17:58:57","slug":"forcas-de-seguranca-sao-homenageadas-por-reducao-de-homicidios-em-lajeado","status":"publish","type":"post","link":"https:\/\/folhapopular.info\/index.php\/2023\/03\/08\/forcas-de-seguranca-sao-homenageadas-por-reducao-de-homicidios-em-lajeado\/","title":{"rendered":"For\u00e7as de seguran\u00e7a s\u00e3o homenageadas por redu\u00e7\u00e3o de homic\u00eddios em Lajeado"},"content":{"rendered":"\n<p>Autoridades das for\u00e7as de seguran\u00e7a de Lajeado receberam, nesta quarta-feira (8\/3), uma homenagem do Executivo pela redu\u00e7\u00e3o do n\u00famero de homic\u00eddios registrados no munic\u00edpio em2022. O ato ocorreu no gabinete do prefeito Marcelo Caumo, onde foram entregues placas a autoridades e institui\u00e7\u00f5es.<\/p>\n\n\n\n<p>Conforme o secret\u00e1rio de Seguran\u00e7a P\u00fablica de Lajeado, Paulo Locatelli, a m\u00e9dia do n\u00famero de homic\u00eddios dolosos na \u00faltima d\u00e9cada em Lajeado \u00e9 de 16,6 por ano. &#8220;Em 2014, por exemplo, Lajeado registrou 30 casos. Em 2019, ano em que foi lan\u00e7ado o Pacto Lajeado pela Paz, registramos 20 homic\u00eddios. Desde ent\u00e3o, estes n\u00fameros t\u00eam reduzido, com oito homic\u00eddios em 2021 e sete no ano passado&#8221; relatou. Locatelli salientou que, nos \u00faltimos dois anos, os n\u00fameros ficaram abaixo de 10, o que n\u00e3o ocorria desde 2009.<\/p>\n\n\n\n<figure class=\"wp-block-image size-large\"><img loading=\"lazy\" decoding=\"async\" width=\"2560\" height=\"1440\" src=\"https:\/\/folhapopular.info\/wp-content\/uploads\/2023\/03\/homicidios-em-Lajeado-edited-1-scaled.jpg\" alt=\"\" class=\"wp-image-122586\" srcset=\"https:\/\/folhapopular.info\/wp-content\/uploads\/2023\/03\/homicidios-em-Lajeado-edited-1-scaled.jpg 2560w, https:\/\/folhapopular.info\/wp-content\/uploads\/2023\/03\/homicidios-em-Lajeado-edited-1-300x169.jpg 300w, https:\/\/folhapopular.info\/wp-content\/uploads\/2023\/03\/homicidios-em-Lajeado-edited-1-1024x576.jpg 1024w, https:\/\/folhapopular.info\/wp-content\/uploads\/2023\/03\/homicidios-em-Lajeado-edited-1-768x432.jpg 768w, https:\/\/folhapopular.info\/wp-content\/uploads\/2023\/03\/homicidios-em-Lajeado-edited-1-1536x864.jpg 1536w, https:\/\/folhapopular.info\/wp-content\/uploads\/2023\/03\/homicidios-em-Lajeado-edited-1-2048x1152.jpg 2048w, https:\/\/folhapopular.info\/wp-content\/uploads\/2023\/03\/homicidios-em-Lajeado-edited-1-696x392.jpg 696w, https:\/\/folhapopular.info\/wp-content\/uploads\/2023\/03\/homicidios-em-Lajeado-edited-1-1068x601.jpg 1068w, https:\/\/folhapopular.info\/wp-content\/uploads\/2023\/03\/homicidios-em-Lajeado-edited-1-1920x1080.jpg 1920w\" sizes=\"auto, (max-width: 2560px) 100vw, 2560px\" \/><figcaption class=\"wp-element-caption\">Homic\u00eddios dolosos em Lajeado, de 2002 a 2022. Cr\u00e9ditos: Prefeitura de Lajeado\/divulga\u00e7\u00e3o<\/figcaption><\/figure>\n\n\n\n<p>O prefeito Marcelo Caumo destacou a integra\u00e7\u00e3o entre as for\u00e7as de seguran\u00e7a, Poder Judici\u00e1rio e Minist\u00e9rio P\u00fablico como principal contribuinte para a redu\u00e7\u00e3o do n\u00famero de homic\u00eddios. De forma un\u00e2nime, as autoridades de seguran\u00e7a que se manifestaram tamb\u00e9m apontaram a integra\u00e7\u00e3o como a chave para chegar a este resultado. A redu\u00e7\u00e3o foi, inclusive, elogiada pelo governador do Estado, Eduardo Leite, quando em janeiro deste ano apresentou um balan\u00e7o das a\u00e7\u00f5es do programa RS Seguro.<\/p>\n\n\n\n<h2 class=\"wp-block-heading\"><strong>Homenagens<\/strong><\/h2>\n\n\n\n<p>A distin\u00e7\u00e3o foi entregue ao delegado de Pol\u00edcia Civil de Lajeado, M\u00e1rcio de Abreu Moreno, \u00e0 delegada diretora da 19\u00aa Delegacia de Pol\u00edcia Regional de Lajeado, Shana Luft Hartz, \u00e0 delegada penitenci\u00e1ria regional da 8\u00aa Regi\u00e3o da Susepe, Samantha Lopes de Moraes Longo e ao tenente-coronel comandante do 22\u00ba BPM da Brigada Militar, Alessandro Augusto Bernardes dos Santos. Tamb\u00e9m foram agraciados com a homenagem os seguintes \u00f3rg\u00e3os de seguran\u00e7a: Delegacia de Pol\u00edcia Civil de Lajeado, 19\u00aa Delegacia de Pol\u00edcia Regional de Lajeado, 8\u00aa Delegacia Penitenci\u00e1ria Regional da Susepe e 22\u00ba Batalh\u00e3o de Pol\u00edcia Militar da Brigada Militar.<\/p>\n\n\n\n<figure class=\"wp-block-image size-large is-resized\"><img loading=\"lazy\" decoding=\"async\" src=\"https:\/\/folhapopular.info\/wp-content\/uploads\/2023\/03\/Geral-com-homenageados-e-demais-autoridades-1024x683.jpg\" alt=\"\" class=\"wp-image-122582\" width=\"1024\" height=\"683\" srcset=\"https:\/\/folhapopular.info\/wp-content\/uploads\/2023\/03\/Geral-com-homenageados-e-demais-autoridades-1024x683.jpg 1024w, https:\/\/folhapopular.info\/wp-content\/uploads\/2023\/03\/Geral-com-homenageados-e-demais-autoridades-300x200.jpg 300w, https:\/\/folhapopular.info\/wp-content\/uploads\/2023\/03\/Geral-com-homenageados-e-demais-autoridades-768x512.jpg 768w, https:\/\/folhapopular.info\/wp-content\/uploads\/2023\/03\/Geral-com-homenageados-e-demais-autoridades-1536x1024.jpg 1536w, https:\/\/folhapopular.info\/wp-content\/uploads\/2023\/03\/Geral-com-homenageados-e-demais-autoridades-2048x1365.jpg 2048w, https:\/\/folhapopular.info\/wp-content\/uploads\/2023\/03\/Geral-com-homenageados-e-demais-autoridades-696x464.jpg 696w, https:\/\/folhapopular.info\/wp-content\/uploads\/2023\/03\/Geral-com-homenageados-e-demais-autoridades-1068x712.jpg 1068w, https:\/\/folhapopular.info\/wp-content\/uploads\/2023\/03\/Geral-com-homenageados-e-demais-autoridades-1920x1280.jpg 1920w\" sizes=\"auto, (max-width: 1024px) 100vw, 1024px\" \/><figcaption class=\"wp-element-caption\">Prefeito Marcelo Caumo e vice-prefeita Glaucia Schumacher com os homenageados. Cr\u00e9ditos: Rafael Scheeren Gr\u00fcn\/AI Lajeado<\/figcaption><\/figure>\n","protected":false},"excerpt":{"rendered":"<p>Autoridades das for\u00e7as de seguran\u00e7a de Lajeado receberam, nesta quarta-feira (8\/3), uma homenagem do Executivo pela redu\u00e7\u00e3o do n\u00famero de homic\u00eddios registrados no munic\u00edpio em2022. O ato ocorreu no gabinete do prefeito Marcelo Caumo, onde foram entregues placas a autoridades e institui\u00e7\u00f5es. Conforme o secret\u00e1rio de Seguran\u00e7a P\u00fablica de Lajeado, Paulo Locatelli, a m\u00e9dia do [&hellip;]<\/p>\n","protected":false},"author":8,"featured_media":122588,"comment_status":"open","ping_status":"open","sticky":false,"template":"","format":"standard","meta":{"pmpro_default_level":"","_jetpack_memberships_contains_paid_content":false,"footnotes":""},"categories":[2,10982,7],"tags":[5619,27,558,2457,4284,2229,180,269],"class_list":{"0":"post-122578","1":"post","2":"type-post","3":"status-publish","4":"format-standard","5":"has-post-thumbnail","7":"category-featured","8":"category-policia","9":"category-seguranca","10":"tag-homicidios","11":"tag-lajeado","12":"tag-marcelo-caumo","13":"tag-ministerio-publico","14":"tag-pacto-pela-paz","15":"tag-poder-judiciario","16":"tag-seguranca","17":"tag-seguranca-publica","18":"pmpro-has-access"},"yoast_head":"<!-- This site is optimized with the Yoast SEO plugin v27.5 - https:\/\/yoast.com\/product\/yoast-seo-wordpress\/ -->\n<title>For\u00e7as de seguran\u00e7a s\u00e3o homenageadas por redu\u00e7\u00e3o de homic\u00eddios em Lajeado - Folha Popular<\/title>\n<meta name=\"robots\" content=\"index, follow, max-snippet:-1, max-image-preview:large, max-video-preview:-1\" \/>\n<link rel=\"canonical\" href=\"https:\/\/folhapopular.info\/index.php\/2023\/03\/08\/forcas-de-seguranca-sao-homenageadas-por-reducao-de-homicidios-em-lajeado\/\" \/>\n<meta property=\"og:locale\" content=\"pt_BR\" \/>\n<meta property=\"og:type\" content=\"article\" \/>\n<meta property=\"og:title\" content=\"For\u00e7as de seguran\u00e7a s\u00e3o homenageadas por redu\u00e7\u00e3o de homic\u00eddios em Lajeado - Folha Popular\" \/>\n<meta property=\"og:description\" content=\"Autoridades das for\u00e7as de seguran\u00e7a de Lajeado receberam, nesta quarta-feira (8\/3), uma homenagem do Executivo pela redu\u00e7\u00e3o do n\u00famero de homic\u00eddios registrados no munic\u00edpio em2022. O ato ocorreu no gabinete do prefeito Marcelo Caumo, onde foram entregues placas a autoridades e institui\u00e7\u00f5es. Conforme o secret\u00e1rio de Seguran\u00e7a P\u00fablica de Lajeado, Paulo Locatelli, a m\u00e9dia do [&hellip;]\" \/>\n<meta property=\"og:url\" content=\"https:\/\/folhapopular.info\/index.php\/2023\/03\/08\/forcas-de-seguranca-sao-homenageadas-por-reducao-de-homicidios-em-lajeado\/\" \/>\n<meta property=\"og:site_name\" content=\"Folha Popular\" \/>\n<meta property=\"article:published_time\" content=\"2023-03-08T17:56:56+00:00\" \/>\n<meta property=\"article:modified_time\" content=\"2023-03-08T17:58:57+00:00\" \/>\n<meta property=\"og:image\" content=\"http:\/\/folhapopular.info\/wp-content\/uploads\/2023\/03\/Geral-da-mesa-scaled-e1678298328392.jpg\" \/>\n\t<meta property=\"og:image:width\" content=\"2560\" \/>\n\t<meta property=\"og:image:height\" content=\"1331\" \/>\n\t<meta property=\"og:image:type\" content=\"image\/jpeg\" \/>\n<meta name=\"author\" content=\"Reda\u00e7\u00e3o Folha Popular\" \/>\n<meta name=\"twitter:card\" content=\"summary_large_image\" \/>\n<meta name=\"twitter:label1\" content=\"Escrito por\" \/>\n\t<meta name=\"twitter:data1\" content=\"Reda\u00e7\u00e3o Folha Popular\" \/>\n\t<meta name=\"twitter:label2\" content=\"Est. tempo de leitura\" \/>\n\t<meta name=\"twitter:data2\" content=\"3 minutos\" \/>\n<script type=\"application\/ld+json\" class=\"yoast-schema-graph\">{\"@context\":\"https:\\\/\\\/schema.org\",\"@graph\":[{\"@type\":\"Article\",\"@id\":\"https:\\\/\\\/folhapopular.info\\\/index.php\\\/2023\\\/03\\\/08\\\/forcas-de-seguranca-sao-homenageadas-por-reducao-de-homicidios-em-lajeado\\\/#article\",\"isPartOf\":{\"@id\":\"https:\\\/\\\/folhapopular.info\\\/index.php\\\/2023\\\/03\\\/08\\\/forcas-de-seguranca-sao-homenageadas-por-reducao-de-homicidios-em-lajeado\\\/\"},\"author\":{\"name\":\"Reda\u00e7\u00e3o Folha Popular\",\"@id\":\"https:\\\/\\\/folhapopular.info\\\/#\\\/schema\\\/person\\\/2814e8a0df7643585a9ca38bc6eb9d4b\"},\"headline\":\"For\u00e7as de seguran\u00e7a s\u00e3o homenageadas por redu\u00e7\u00e3o de homic\u00eddios em Lajeado\",\"datePublished\":\"2023-03-08T17:56:56+00:00\",\"dateModified\":\"2023-03-08T17:58:57+00:00\",\"mainEntityOfPage\":{\"@id\":\"https:\\\/\\\/folhapopular.info\\\/index.php\\\/2023\\\/03\\\/08\\\/forcas-de-seguranca-sao-homenageadas-por-reducao-de-homicidios-em-lajeado\\\/\"},\"wordCount\":382,\"commentCount\":0,\"image\":{\"@id\":\"https:\\\/\\\/folhapopular.info\\\/index.php\\\/2023\\\/03\\\/08\\\/forcas-de-seguranca-sao-homenageadas-por-reducao-de-homicidios-em-lajeado\\\/#primaryimage\"},\"thumbnailUrl\":\"https:\\\/\\\/folhapopular.info\\\/wp-content\\\/uploads\\\/2023\\\/03\\\/Geral-da-mesa-scaled-e1678298328392.jpg\",\"keywords\":[\"homic\u00eddios\",\"Lajeado\",\"Marcelo Caumo\",\"Minist\u00e9rio P\u00fablico\",\"Pacto pela Paz\",\"Poder Judici\u00e1rio\",\"Seguran\u00e7a\",\"Seguran\u00e7a P\u00fablica\"],\"articleSection\":[\"Destaques\",\"Pol\u00edcia\",\"Seguran\u00e7a\"],\"inLanguage\":\"pt-BR\",\"potentialAction\":[{\"@type\":\"CommentAction\",\"name\":\"Comment\",\"target\":[\"https:\\\/\\\/folhapopular.info\\\/index.php\\\/2023\\\/03\\\/08\\\/forcas-de-seguranca-sao-homenageadas-por-reducao-de-homicidios-em-lajeado\\\/#respond\"]}]},{\"@type\":\"WebPage\",\"@id\":\"https:\\\/\\\/folhapopular.info\\\/index.php\\\/2023\\\/03\\\/08\\\/forcas-de-seguranca-sao-homenageadas-por-reducao-de-homicidios-em-lajeado\\\/\",\"url\":\"https:\\\/\\\/folhapopular.info\\\/index.php\\\/2023\\\/03\\\/08\\\/forcas-de-seguranca-sao-homenageadas-por-reducao-de-homicidios-em-lajeado\\\/\",\"name\":\"For\u00e7as de seguran\u00e7a s\u00e3o homenageadas por redu\u00e7\u00e3o de homic\u00eddios em Lajeado - Folha Popular\",\"isPartOf\":{\"@id\":\"https:\\\/\\\/folhapopular.info\\\/#website\"},\"primaryImageOfPage\":{\"@id\":\"https:\\\/\\\/folhapopular.info\\\/index.php\\\/2023\\\/03\\\/08\\\/forcas-de-seguranca-sao-homenageadas-por-reducao-de-homicidios-em-lajeado\\\/#primaryimage\"},\"image\":{\"@id\":\"https:\\\/\\\/folhapopular.info\\\/index.php\\\/2023\\\/03\\\/08\\\/forcas-de-seguranca-sao-homenageadas-por-reducao-de-homicidios-em-lajeado\\\/#primaryimage\"},\"thumbnailUrl\":\"https:\\\/\\\/folhapopular.info\\\/wp-content\\\/uploads\\\/2023\\\/03\\\/Geral-da-mesa-scaled-e1678298328392.jpg\",\"datePublished\":\"2023-03-08T17:56:56+00:00\",\"dateModified\":\"2023-03-08T17:58:57+00:00\",\"author\":{\"@id\":\"https:\\\/\\\/folhapopular.info\\\/#\\\/schema\\\/person\\\/2814e8a0df7643585a9ca38bc6eb9d4b\"},\"breadcrumb\":{\"@id\":\"https:\\\/\\\/folhapopular.info\\\/index.php\\\/2023\\\/03\\\/08\\\/forcas-de-seguranca-sao-homenageadas-por-reducao-de-homicidios-em-lajeado\\\/#breadcrumb\"},\"inLanguage\":\"pt-BR\",\"potentialAction\":[{\"@type\":\"ReadAction\",\"target\":[\"https:\\\/\\\/folhapopular.info\\\/index.php\\\/2023\\\/03\\\/08\\\/forcas-de-seguranca-sao-homenageadas-por-reducao-de-homicidios-em-lajeado\\\/\"]}]},{\"@type\":\"ImageObject\",\"inLanguage\":\"pt-BR\",\"@id\":\"https:\\\/\\\/folhapopular.info\\\/index.php\\\/2023\\\/03\\\/08\\\/forcas-de-seguranca-sao-homenageadas-por-reducao-de-homicidios-em-lajeado\\\/#primaryimage\",\"url\":\"https:\\\/\\\/folhapopular.info\\\/wp-content\\\/uploads\\\/2023\\\/03\\\/Geral-da-mesa-scaled-e1678298328392.jpg\",\"contentUrl\":\"https:\\\/\\\/folhapopular.info\\\/wp-content\\\/uploads\\\/2023\\\/03\\\/Geral-da-mesa-scaled-e1678298328392.jpg\",\"width\":2560,\"height\":1331,\"caption\":\"Ato ocorreu na manh\u00e3 desta quarta-feira no gabinete do prefeito. Cr\u00e9ditos: Rafael Scheeren Gr\u00fcn\\\/AI Lajeado\"},{\"@type\":\"BreadcrumbList\",\"@id\":\"https:\\\/\\\/folhapopular.info\\\/index.php\\\/2023\\\/03\\\/08\\\/forcas-de-seguranca-sao-homenageadas-por-reducao-de-homicidios-em-lajeado\\\/#breadcrumb\",\"itemListElement\":[{\"@type\":\"ListItem\",\"position\":1,\"name\":\"In\u00edcio\",\"item\":\"https:\\\/\\\/folhapopular.info\\\/\"},{\"@type\":\"ListItem\",\"position\":2,\"name\":\"For\u00e7as de seguran\u00e7a s\u00e3o homenageadas por redu\u00e7\u00e3o de homic\u00eddios em Lajeado\"}]},{\"@type\":\"WebSite\",\"@id\":\"https:\\\/\\\/folhapopular.info\\\/#website\",\"url\":\"https:\\\/\\\/folhapopular.info\\\/\",\"name\":\"Folha Popular\",\"description\":\"Onde voc\u00ea tem vez e voz\",\"potentialAction\":[{\"@type\":\"SearchAction\",\"target\":{\"@type\":\"EntryPoint\",\"urlTemplate\":\"https:\\\/\\\/folhapopular.info\\\/?s={search_term_string}\"},\"query-input\":{\"@type\":\"PropertyValueSpecification\",\"valueRequired\":true,\"valueName\":\"search_term_string\"}}],\"inLanguage\":\"pt-BR\"},{\"@type\":\"Person\",\"@id\":\"https:\\\/\\\/folhapopular.info\\\/#\\\/schema\\\/person\\\/2814e8a0df7643585a9ca38bc6eb9d4b\",\"name\":\"Reda\u00e7\u00e3o Folha Popular\",\"image\":{\"@type\":\"ImageObject\",\"inLanguage\":\"pt-BR\",\"@id\":\"https:\\\/\\\/folhapopular.info\\\/wp-content\\\/uploads\\\/2026\\\/04\\\/Folha-1.webp\",\"url\":\"https:\\\/\\\/folhapopular.info\\\/wp-content\\\/uploads\\\/2026\\\/04\\\/Folha-1.webp\",\"contentUrl\":\"https:\\\/\\\/folhapopular.info\\\/wp-content\\\/uploads\\\/2026\\\/04\\\/Folha-1.webp\",\"caption\":\"Reda\u00e7\u00e3o Folha Popular\"},\"url\":\"https:\\\/\\\/folhapopular.info\\\/index.php\\\/author\\\/redacao\\\/\"}]}<\/script>\n<!-- \/ Yoast SEO plugin. -->","yoast_head_json":{"title":"For\u00e7as de seguran\u00e7a s\u00e3o homenageadas por redu\u00e7\u00e3o de homic\u00eddios em Lajeado - Folha Popular","robots":{"index":"index","follow":"follow","max-snippet":"max-snippet:-1","max-image-preview":"max-image-preview:large","max-video-preview":"max-video-preview:-1"},"canonical":"https:\/\/folhapopular.info\/index.php\/2023\/03\/08\/forcas-de-seguranca-sao-homenageadas-por-reducao-de-homicidios-em-lajeado\/","og_locale":"pt_BR","og_type":"article","og_title":"For\u00e7as de seguran\u00e7a s\u00e3o homenageadas por redu\u00e7\u00e3o de homic\u00eddios em Lajeado - Folha Popular","og_description":"Autoridades das for\u00e7as de seguran\u00e7a de Lajeado receberam, nesta quarta-feira (8\/3), uma homenagem do Executivo pela redu\u00e7\u00e3o do n\u00famero de homic\u00eddios registrados no munic\u00edpio em2022. O ato ocorreu no gabinete do prefeito Marcelo Caumo, onde foram entregues placas a autoridades e institui\u00e7\u00f5es. Conforme o secret\u00e1rio de Seguran\u00e7a P\u00fablica de Lajeado, Paulo Locatelli, a m\u00e9dia do [&hellip;]","og_url":"https:\/\/folhapopular.info\/index.php\/2023\/03\/08\/forcas-de-seguranca-sao-homenageadas-por-reducao-de-homicidios-em-lajeado\/","og_site_name":"Folha Popular","article_published_time":"2023-03-08T17:56:56+00:00","article_modified_time":"2023-03-08T17:58:57+00:00","og_image":[{"width":2560,"height":1331,"url":"http:\/\/folhapopular.info\/wp-content\/uploads\/2023\/03\/Geral-da-mesa-scaled-e1678298328392.jpg","type":"image\/jpeg"}],"author":"Reda\u00e7\u00e3o Folha Popular","twitter_card":"summary_large_image","twitter_misc":{"Escrito por":"Reda\u00e7\u00e3o Folha Popular","Est. tempo de leitura":"3 minutos"},"schema":{"@context":"https:\/\/schema.org","@graph":[{"@type":"Article","@id":"https:\/\/folhapopular.info\/index.php\/2023\/03\/08\/forcas-de-seguranca-sao-homenageadas-por-reducao-de-homicidios-em-lajeado\/#article","isPartOf":{"@id":"https:\/\/folhapopular.info\/index.php\/2023\/03\/08\/forcas-de-seguranca-sao-homenageadas-por-reducao-de-homicidios-em-lajeado\/"},"author":{"name":"Reda\u00e7\u00e3o Folha Popular","@id":"https:\/\/folhapopular.info\/#\/schema\/person\/2814e8a0df7643585a9ca38bc6eb9d4b"},"headline":"For\u00e7as de seguran\u00e7a s\u00e3o homenageadas por redu\u00e7\u00e3o de homic\u00eddios em Lajeado","datePublished":"2023-03-08T17:56:56+00:00","dateModified":"2023-03-08T17:58:57+00:00","mainEntityOfPage":{"@id":"https:\/\/folhapopular.info\/index.php\/2023\/03\/08\/forcas-de-seguranca-sao-homenageadas-por-reducao-de-homicidios-em-lajeado\/"},"wordCount":382,"commentCount":0,"image":{"@id":"https:\/\/folhapopular.info\/index.php\/2023\/03\/08\/forcas-de-seguranca-sao-homenageadas-por-reducao-de-homicidios-em-lajeado\/#primaryimage"},"thumbnailUrl":"https:\/\/folhapopular.info\/wp-content\/uploads\/2023\/03\/Geral-da-mesa-scaled-e1678298328392.jpg","keywords":["homic\u00eddios","Lajeado","Marcelo Caumo","Minist\u00e9rio P\u00fablico","Pacto pela Paz","Poder Judici\u00e1rio","Seguran\u00e7a","Seguran\u00e7a P\u00fablica"],"articleSection":["Destaques","Pol\u00edcia","Seguran\u00e7a"],"inLanguage":"pt-BR","potentialAction":[{"@type":"CommentAction","name":"Comment","target":["https:\/\/folhapopular.info\/index.php\/2023\/03\/08\/forcas-de-seguranca-sao-homenageadas-por-reducao-de-homicidios-em-lajeado\/#respond"]}]},{"@type":"WebPage","@id":"https:\/\/folhapopular.info\/index.php\/2023\/03\/08\/forcas-de-seguranca-sao-homenageadas-por-reducao-de-homicidios-em-lajeado\/","url":"https:\/\/folhapopular.info\/index.php\/2023\/03\/08\/forcas-de-seguranca-sao-homenageadas-por-reducao-de-homicidios-em-lajeado\/","name":"For\u00e7as de seguran\u00e7a s\u00e3o homenageadas por redu\u00e7\u00e3o de homic\u00eddios em Lajeado - Folha Popular","isPartOf":{"@id":"https:\/\/folhapopular.info\/#website"},"primaryImageOfPage":{"@id":"https:\/\/folhapopular.info\/index.php\/2023\/03\/08\/forcas-de-seguranca-sao-homenageadas-por-reducao-de-homicidios-em-lajeado\/#primaryimage"},"image":{"@id":"https:\/\/folhapopular.info\/index.php\/2023\/03\/08\/forcas-de-seguranca-sao-homenageadas-por-reducao-de-homicidios-em-lajeado\/#primaryimage"},"thumbnailUrl":"https:\/\/folhapopular.info\/wp-content\/uploads\/2023\/03\/Geral-da-mesa-scaled-e1678298328392.jpg","datePublished":"2023-03-08T17:56:56+00:00","dateModified":"2023-03-08T17:58:57+00:00","author":{"@id":"https:\/\/folhapopular.info\/#\/schema\/person\/2814e8a0df7643585a9ca38bc6eb9d4b"},"breadcrumb":{"@id":"https:\/\/folhapopular.info\/index.php\/2023\/03\/08\/forcas-de-seguranca-sao-homenageadas-por-reducao-de-homicidios-em-lajeado\/#breadcrumb"},"inLanguage":"pt-BR","potentialAction":[{"@type":"ReadAction","target":["https:\/\/folhapopular.info\/index.php\/2023\/03\/08\/forcas-de-seguranca-sao-homenageadas-por-reducao-de-homicidios-em-lajeado\/"]}]},{"@type":"ImageObject","inLanguage":"pt-BR","@id":"https:\/\/folhapopular.info\/index.php\/2023\/03\/08\/forcas-de-seguranca-sao-homenageadas-por-reducao-de-homicidios-em-lajeado\/#primaryimage","url":"https:\/\/folhapopular.info\/wp-content\/uploads\/2023\/03\/Geral-da-mesa-scaled-e1678298328392.jpg","contentUrl":"https:\/\/folhapopular.info\/wp-content\/uploads\/2023\/03\/Geral-da-mesa-scaled-e1678298328392.jpg","width":2560,"height":1331,"caption":"Ato ocorreu na manh\u00e3 desta quarta-feira no gabinete do prefeito. Cr\u00e9ditos: Rafael Scheeren Gr\u00fcn\/AI Lajeado"},{"@type":"BreadcrumbList","@id":"https:\/\/folhapopular.info\/index.php\/2023\/03\/08\/forcas-de-seguranca-sao-homenageadas-por-reducao-de-homicidios-em-lajeado\/#breadcrumb","itemListElement":[{"@type":"ListItem","position":1,"name":"In\u00edcio","item":"https:\/\/folhapopular.info\/"},{"@type":"ListItem","position":2,"name":"For\u00e7as de seguran\u00e7a s\u00e3o homenageadas por redu\u00e7\u00e3o de homic\u00eddios em Lajeado"}]},{"@type":"WebSite","@id":"https:\/\/folhapopular.info\/#website","url":"https:\/\/folhapopular.info\/","name":"Folha Popular","description":"Onde voc\u00ea tem vez e voz","potentialAction":[{"@type":"SearchAction","target":{"@type":"EntryPoint","urlTemplate":"https:\/\/folhapopular.info\/?s={search_term_string}"},"query-input":{"@type":"PropertyValueSpecification","valueRequired":true,"valueName":"search_term_string"}}],"inLanguage":"pt-BR"},{"@type":"Person","@id":"https:\/\/folhapopular.info\/#\/schema\/person\/2814e8a0df7643585a9ca38bc6eb9d4b","name":"Reda\u00e7\u00e3o Folha Popular","image":{"@type":"ImageObject","inLanguage":"pt-BR","@id":"https:\/\/folhapopular.info\/wp-content\/uploads\/2026\/04\/Folha-1.webp","url":"https:\/\/folhapopular.info\/wp-content\/uploads\/2026\/04\/Folha-1.webp","contentUrl":"https:\/\/folhapopular.info\/wp-content\/uploads\/2026\/04\/Folha-1.webp","caption":"Reda\u00e7\u00e3o Folha Popular"},"url":"https:\/\/folhapopular.info\/index.php\/author\/redacao\/"}]}},"jetpack_featured_media_url":"https:\/\/folhapopular.info\/wp-content\/uploads\/2023\/03\/Geral-da-mesa-scaled-e1678298328392.jpg","jetpack_sharing_enabled":true,"amp_enabled":true,"_links":{"self":[{"href":"https:\/\/folhapopular.info\/index.php\/wp-json\/wp\/v2\/posts\/122578","targetHints":{"allow":["GET"]}}],"collection":[{"href":"https:\/\/folhapopular.info\/index.php\/wp-json\/wp\/v2\/posts"}],"about":[{"href":"https:\/\/folhapopular.info\/index.php\/wp-json\/wp\/v2\/types\/post"}],"author":[{"embeddable":true,"href":"https:\/\/folhapopular.info\/index.php\/wp-json\/wp\/v2\/users\/8"}],"replies":[{"embeddable":true,"href":"https:\/\/folhapopular.info\/index.php\/wp-json\/wp\/v2\/comments?post=122578"}],"version-history":[{"count":0,"href":"https:\/\/folhapopular.info\/index.php\/wp-json\/wp\/v2\/posts\/122578\/revisions"}],"wp:featuredmedia":[{"embeddable":true,"href":"https:\/\/folhapopular.info\/index.php\/wp-json\/wp\/v2\/media\/122588"}],"wp:attachment":[{"href":"https:\/\/folhapopular.info\/index.php\/wp-json\/wp\/v2\/media?parent=122578"}],"wp:term":[{"taxonomy":"category","embeddable":true,"href":"https:\/\/folhapopular.info\/index.php\/wp-json\/wp\/v2\/categories?post=122578"},{"taxonomy":"post_tag","embeddable":true,"href":"https:\/\/folhapopular.info\/index.php\/wp-json\/wp\/v2\/tags?post=122578"}],"curies":[{"name":"wp","href":"https:\/\/api.w.org\/{rel}","templated":true}]}}