{"id":122623,"date":"2023-03-09T14:18:59","date_gmt":"2023-03-09T17:18:59","guid":{"rendered":"https:\/\/folhapopular.info\/?p=122623"},"modified":"2023-03-09T14:19:02","modified_gmt":"2023-03-09T17:19:02","slug":"guardioes-ambientais-mirins-de-lajeado-tem-inscricoes-prorrogadas-ate-31-de-marco","status":"publish","type":"post","link":"https:\/\/folhapopular.info\/index.php\/2023\/03\/09\/guardioes-ambientais-mirins-de-lajeado-tem-inscricoes-prorrogadas-ate-31-de-marco\/","title":{"rendered":"Guardi\u00f5es Ambientais Mirins de Lajeado tem inscri\u00e7\u00f5es prorrogadas at\u00e9\u00a031 de mar\u00e7o"},"content":{"rendered":"\n<p>O Projeto Guardi\u00f5es Ambientais Mirins (GAM), gerido pelo Centro de Educa\u00e7\u00e3o Ambiental (CEA) de Lajeado, em parceria com a Secretaria da Educa\u00e7\u00e3o (SED), teve as suas <a href=\"https:\/\/folhapopular.info\/index.php\/2023\/01\/18\/inscricoes-abertas-para-projeto-guardioes-mirins-em-lajeado\/\">inscri\u00e7\u00f5es prorrogadas<\/a> at\u00e9\u00a0o dia 31 de mar\u00e7o. O programa \u00e9 destinado a estudantes de 10 a 12 anos matriculados nas escolas do munic\u00edpio. <\/p>\n\n\n\n<p>&nbsp;As inscri\u00e7\u00f5es devem ser feitas presencialmente no Centro de Educa\u00e7\u00e3o Ambiental, localizado no Jardim Bot\u00e2nico de Lajeado (Av. Carlos Spohr Filho, 3.655 &#8211; em frente \u00e0 UPA). Confira os documentos necess\u00e1rios:<\/p>\n\n\n\n<p>&#8211; Documentos de identifica\u00e7\u00e3o dos pais ou respons\u00e1veis e do estudante no dia da inscri\u00e7\u00e3o, no Centro de Educa\u00e7\u00e3o Ambiental<\/p>\n\n\n\n<p>&#8211; Comprovante de matr\u00edcula do aluno da rede de ensino<\/p>\n\n\n\n<p>Os hor\u00e1rios de atendimento s\u00e3o de segunda\u00a0a\u00a0quinta-feira, das 8h \u00e0s 11h30 e das 13h30 \u00e0s 16h45, e\u00a0sexta-feira, das 8h \u00e0s 14h. Mais informa\u00e7\u00f5es podem ser obtidas pelo telefone\u00a0<a>(51) 3982-1099<\/a>.<\/p>\n\n\n\n<h2 class=\"wp-block-heading\"><strong>Encontros do projeto:<\/strong><\/h2>\n\n\n\n<p>&#8211; Turma da manh\u00e3:&nbsp;ter\u00e7as-feiras das 8h30 \u00e0s 11h<\/p>\n\n\n\n<p>&#8211; Turma da tarde: quintas-feiras das 13h30 \u00e0s 16h<\/p>\n\n\n\n<h2 class=\"wp-block-heading\"><strong>Conhe\u00e7a mais sobre o projeto<\/strong><\/h2>\n\n\n\n<p>O GAM \u00e9 um projeto de educa\u00e7\u00e3o ambiental com atividades pr\u00e1ticas e te\u00f3ricas que envolve os alunos no contraturno escolar em atividades de temas diversos, como mudan\u00e7as clim\u00e1ticas, biodiversidade, compostagem, energias renov\u00e1veis, fauna, preserva\u00e7\u00e3o de florestas e agroecologia, entre outras. Os temas escolhidos est\u00e3o dentro dos 17 Objetivos de Desenvolvimento Sustent\u00e1vel (ODS) da Organiza\u00e7\u00e3o das Na\u00e7\u00f5es Unidas (ONU), que a partir deste ano passam a nortear as atividades desenvolvidas.<\/p>\n\n\n\n<p>Durante os encontros semanais, os guardi\u00f5es mirins&nbsp;ter\u00e3o a oportunidade de conhecer a\u00e7\u00f5es do munic\u00edpio relacionadas ao meio ambiente, desenvolver projetos ambientais e pensar em solu\u00e7\u00f5es para a resolu\u00e7\u00e3o dos atuais problemas ambientais com base na ci\u00eancia. A maior parte das atividades do projeto ocorrem ao ar livre, em sua maioria, no Jardim Bot\u00e2nico de Lajeado. Eventualmente ocorrem visitas a outros locais, como o Aterro Sanit\u00e1rio e o Canil Municipal. Ao final do ano, os alunos que tiverem frequ\u00eancia m\u00ednima de 75% se formam como Guardi\u00f5es Ambientais Mirins.<\/p>\n\n\n\n<p>O objetivo do projeto \u00e9 formar cidad\u00e3os conscientes e cientificamente informados sobre as quest\u00f5es ambientais.<\/p>\n","protected":false},"excerpt":{"rendered":"<p>O Projeto Guardi\u00f5es Ambientais Mirins (GAM), gerido pelo Centro de Educa\u00e7\u00e3o Ambiental (CEA) de Lajeado, em parceria com a Secretaria da Educa\u00e7\u00e3o (SED), teve as suas inscri\u00e7\u00f5es prorrogadas at\u00e9\u00a0o dia 31 de mar\u00e7o. O programa \u00e9 destinado a estudantes de 10 a 12 anos matriculados nas escolas do munic\u00edpio. &nbsp;As inscri\u00e7\u00f5es devem ser feitas presencialmente [&hellip;]<\/p>\n","protected":false},"author":8,"featured_media":122657,"comment_status":"open","ping_status":"open","sticky":false,"template":"","format":"standard","meta":{"pmpro_default_level":"","_jetpack_memberships_contains_paid_content":false,"footnotes":""},"categories":[2,10988,3,11025],"tags":[11138,8274,946,27,6250,3806],"class_list":{"0":"post-122623","1":"post","2":"type-post","3":"status-publish","4":"format-standard","5":"has-post-thumbnail","7":"category-featured","8":"category-educacao","9":"category-geral","10":"category-meio-ambiente","11":"tag-cea","12":"tag-guardioes-ambientais-mirins","13":"tag-inscricoes","14":"tag-lajeado","15":"tag-projetos","16":"tag-secretaria-de-educacao","17":"pmpro-has-access"},"yoast_head":"<!-- This site is optimized with the Yoast SEO plugin v27.5 - https:\/\/yoast.com\/product\/yoast-seo-wordpress\/ -->\n<title>Guardi\u00f5es Ambientais Mirins de Lajeado tem inscri\u00e7\u00f5es prorrogadas at\u00e9\u00a031 de mar\u00e7o - Folha Popular<\/title>\n<meta name=\"robots\" content=\"index, follow, max-snippet:-1, max-image-preview:large, max-video-preview:-1\" \/>\n<link rel=\"canonical\" href=\"https:\/\/folhapopular.info\/index.php\/2023\/03\/09\/guardioes-ambientais-mirins-de-lajeado-tem-inscricoes-prorrogadas-ate-31-de-marco\/\" \/>\n<meta property=\"og:locale\" content=\"pt_BR\" \/>\n<meta property=\"og:type\" content=\"article\" \/>\n<meta property=\"og:title\" content=\"Guardi\u00f5es Ambientais Mirins de Lajeado tem inscri\u00e7\u00f5es prorrogadas at\u00e9\u00a031 de mar\u00e7o - Folha Popular\" \/>\n<meta property=\"og:description\" content=\"O Projeto Guardi\u00f5es Ambientais Mirins (GAM), gerido pelo Centro de Educa\u00e7\u00e3o Ambiental (CEA) de Lajeado, em parceria com a Secretaria da Educa\u00e7\u00e3o (SED), teve as suas inscri\u00e7\u00f5es prorrogadas at\u00e9\u00a0o dia 31 de mar\u00e7o. O programa \u00e9 destinado a estudantes de 10 a 12 anos matriculados nas escolas do munic\u00edpio. &nbsp;As inscri\u00e7\u00f5es devem ser feitas presencialmente [&hellip;]\" \/>\n<meta property=\"og:url\" content=\"https:\/\/folhapopular.info\/index.php\/2023\/03\/09\/guardioes-ambientais-mirins-de-lajeado-tem-inscricoes-prorrogadas-ate-31-de-marco\/\" \/>\n<meta property=\"og:site_name\" content=\"Folha Popular\" \/>\n<meta property=\"article:published_time\" content=\"2023-03-09T17:18:59+00:00\" \/>\n<meta property=\"article:modified_time\" content=\"2023-03-09T17:19:02+00:00\" \/>\n<meta property=\"og:image\" content=\"http:\/\/folhapopular.info\/wp-content\/uploads\/2023\/03\/Guardioes-Mirins-no-plantio-de-mudas-na-Av.-Ipe-foto-Pietra-Darde-768x513-1.jpg\" \/>\n\t<meta property=\"og:image:width\" content=\"768\" \/>\n\t<meta property=\"og:image:height\" content=\"513\" \/>\n\t<meta property=\"og:image:type\" content=\"image\/jpeg\" \/>\n<meta name=\"author\" content=\"Reda\u00e7\u00e3o Folha Popular\" \/>\n<meta name=\"twitter:card\" content=\"summary_large_image\" \/>\n<meta name=\"twitter:label1\" content=\"Escrito por\" \/>\n\t<meta name=\"twitter:data1\" content=\"Reda\u00e7\u00e3o Folha Popular\" \/>\n\t<meta name=\"twitter:label2\" content=\"Est. tempo de leitura\" \/>\n\t<meta name=\"twitter:data2\" content=\"2 minutos\" \/>\n<script type=\"application\/ld+json\" class=\"yoast-schema-graph\">{\"@context\":\"https:\\\/\\\/schema.org\",\"@graph\":[{\"@type\":\"Article\",\"@id\":\"https:\\\/\\\/folhapopular.info\\\/index.php\\\/2023\\\/03\\\/09\\\/guardioes-ambientais-mirins-de-lajeado-tem-inscricoes-prorrogadas-ate-31-de-marco\\\/#article\",\"isPartOf\":{\"@id\":\"https:\\\/\\\/folhapopular.info\\\/index.php\\\/2023\\\/03\\\/09\\\/guardioes-ambientais-mirins-de-lajeado-tem-inscricoes-prorrogadas-ate-31-de-marco\\\/\"},\"author\":{\"name\":\"Reda\u00e7\u00e3o Folha Popular\",\"@id\":\"https:\\\/\\\/folhapopular.info\\\/#\\\/schema\\\/person\\\/2814e8a0df7643585a9ca38bc6eb9d4b\"},\"headline\":\"Guardi\u00f5es Ambientais Mirins de Lajeado tem inscri\u00e7\u00f5es prorrogadas at\u00e9\u00a031 de mar\u00e7o\",\"datePublished\":\"2023-03-09T17:18:59+00:00\",\"dateModified\":\"2023-03-09T17:19:02+00:00\",\"mainEntityOfPage\":{\"@id\":\"https:\\\/\\\/folhapopular.info\\\/index.php\\\/2023\\\/03\\\/09\\\/guardioes-ambientais-mirins-de-lajeado-tem-inscricoes-prorrogadas-ate-31-de-marco\\\/\"},\"wordCount\":393,\"commentCount\":0,\"image\":{\"@id\":\"https:\\\/\\\/folhapopular.info\\\/index.php\\\/2023\\\/03\\\/09\\\/guardioes-ambientais-mirins-de-lajeado-tem-inscricoes-prorrogadas-ate-31-de-marco\\\/#primaryimage\"},\"thumbnailUrl\":\"https:\\\/\\\/folhapopular.info\\\/wp-content\\\/uploads\\\/2023\\\/03\\\/Guardioes-Mirins-no-plantio-de-mudas-na-Av.-Ipe-foto-Pietra-Darde-768x513-1.jpg\",\"keywords\":[\"CEA\",\"Guardi\u00f5es Ambientais Mirins\",\"Inscri\u00e7\u00f5es\",\"Lajeado\",\"Projetos\",\"Secretaria de Educa\u00e7\u00e3o\"],\"articleSection\":[\"Destaques\",\"Educa\u00e7\u00e3o\",\"Geral\",\"Meio Ambiente\"],\"inLanguage\":\"pt-BR\",\"potentialAction\":[{\"@type\":\"CommentAction\",\"name\":\"Comment\",\"target\":[\"https:\\\/\\\/folhapopular.info\\\/index.php\\\/2023\\\/03\\\/09\\\/guardioes-ambientais-mirins-de-lajeado-tem-inscricoes-prorrogadas-ate-31-de-marco\\\/#respond\"]}]},{\"@type\":\"WebPage\",\"@id\":\"https:\\\/\\\/folhapopular.info\\\/index.php\\\/2023\\\/03\\\/09\\\/guardioes-ambientais-mirins-de-lajeado-tem-inscricoes-prorrogadas-ate-31-de-marco\\\/\",\"url\":\"https:\\\/\\\/folhapopular.info\\\/index.php\\\/2023\\\/03\\\/09\\\/guardioes-ambientais-mirins-de-lajeado-tem-inscricoes-prorrogadas-ate-31-de-marco\\\/\",\"name\":\"Guardi\u00f5es Ambientais Mirins de Lajeado tem inscri\u00e7\u00f5es prorrogadas at\u00e9\u00a031 de mar\u00e7o - Folha Popular\",\"isPartOf\":{\"@id\":\"https:\\\/\\\/folhapopular.info\\\/#website\"},\"primaryImageOfPage\":{\"@id\":\"https:\\\/\\\/folhapopular.info\\\/index.php\\\/2023\\\/03\\\/09\\\/guardioes-ambientais-mirins-de-lajeado-tem-inscricoes-prorrogadas-ate-31-de-marco\\\/#primaryimage\"},\"image\":{\"@id\":\"https:\\\/\\\/folhapopular.info\\\/index.php\\\/2023\\\/03\\\/09\\\/guardioes-ambientais-mirins-de-lajeado-tem-inscricoes-prorrogadas-ate-31-de-marco\\\/#primaryimage\"},\"thumbnailUrl\":\"https:\\\/\\\/folhapopular.info\\\/wp-content\\\/uploads\\\/2023\\\/03\\\/Guardioes-Mirins-no-plantio-de-mudas-na-Av.-Ipe-foto-Pietra-Darde-768x513-1.jpg\",\"datePublished\":\"2023-03-09T17:18:59+00:00\",\"dateModified\":\"2023-03-09T17:19:02+00:00\",\"author\":{\"@id\":\"https:\\\/\\\/folhapopular.info\\\/#\\\/schema\\\/person\\\/2814e8a0df7643585a9ca38bc6eb9d4b\"},\"breadcrumb\":{\"@id\":\"https:\\\/\\\/folhapopular.info\\\/index.php\\\/2023\\\/03\\\/09\\\/guardioes-ambientais-mirins-de-lajeado-tem-inscricoes-prorrogadas-ate-31-de-marco\\\/#breadcrumb\"},\"inLanguage\":\"pt-BR\",\"potentialAction\":[{\"@type\":\"ReadAction\",\"target\":[\"https:\\\/\\\/folhapopular.info\\\/index.php\\\/2023\\\/03\\\/09\\\/guardioes-ambientais-mirins-de-lajeado-tem-inscricoes-prorrogadas-ate-31-de-marco\\\/\"]}]},{\"@type\":\"ImageObject\",\"inLanguage\":\"pt-BR\",\"@id\":\"https:\\\/\\\/folhapopular.info\\\/index.php\\\/2023\\\/03\\\/09\\\/guardioes-ambientais-mirins-de-lajeado-tem-inscricoes-prorrogadas-ate-31-de-marco\\\/#primaryimage\",\"url\":\"https:\\\/\\\/folhapopular.info\\\/wp-content\\\/uploads\\\/2023\\\/03\\\/Guardioes-Mirins-no-plantio-de-mudas-na-Av.-Ipe-foto-Pietra-Darde-768x513-1.jpg\",\"contentUrl\":\"https:\\\/\\\/folhapopular.info\\\/wp-content\\\/uploads\\\/2023\\\/03\\\/Guardioes-Mirins-no-plantio-de-mudas-na-Av.-Ipe-foto-Pietra-Darde-768x513-1.jpg\",\"width\":768,\"height\":513,\"caption\":\"O programa \u00e9 destinado a estudantes de 10 a 12 anos matriculados nas escolas do munic\u00edpio \\\/ Cr\u00e9dito: Pietra Darde \\\/ Divulga\u00e7\u00e3o\"},{\"@type\":\"BreadcrumbList\",\"@id\":\"https:\\\/\\\/folhapopular.info\\\/index.php\\\/2023\\\/03\\\/09\\\/guardioes-ambientais-mirins-de-lajeado-tem-inscricoes-prorrogadas-ate-31-de-marco\\\/#breadcrumb\",\"itemListElement\":[{\"@type\":\"ListItem\",\"position\":1,\"name\":\"In\u00edcio\",\"item\":\"https:\\\/\\\/folhapopular.info\\\/\"},{\"@type\":\"ListItem\",\"position\":2,\"name\":\"Guardi\u00f5es Ambientais Mirins de Lajeado tem inscri\u00e7\u00f5es prorrogadas at\u00e9\u00a031 de mar\u00e7o\"}]},{\"@type\":\"WebSite\",\"@id\":\"https:\\\/\\\/folhapopular.info\\\/#website\",\"url\":\"https:\\\/\\\/folhapopular.info\\\/\",\"name\":\"Folha Popular\",\"description\":\"Onde voc\u00ea tem vez e voz\",\"potentialAction\":[{\"@type\":\"SearchAction\",\"target\":{\"@type\":\"EntryPoint\",\"urlTemplate\":\"https:\\\/\\\/folhapopular.info\\\/?s={search_term_string}\"},\"query-input\":{\"@type\":\"PropertyValueSpecification\",\"valueRequired\":true,\"valueName\":\"search_term_string\"}}],\"inLanguage\":\"pt-BR\"},{\"@type\":\"Person\",\"@id\":\"https:\\\/\\\/folhapopular.info\\\/#\\\/schema\\\/person\\\/2814e8a0df7643585a9ca38bc6eb9d4b\",\"name\":\"Reda\u00e7\u00e3o Folha Popular\",\"image\":{\"@type\":\"ImageObject\",\"inLanguage\":\"pt-BR\",\"@id\":\"https:\\\/\\\/folhapopular.info\\\/wp-content\\\/uploads\\\/2026\\\/04\\\/Folha-1.webp\",\"url\":\"https:\\\/\\\/folhapopular.info\\\/wp-content\\\/uploads\\\/2026\\\/04\\\/Folha-1.webp\",\"contentUrl\":\"https:\\\/\\\/folhapopular.info\\\/wp-content\\\/uploads\\\/2026\\\/04\\\/Folha-1.webp\",\"caption\":\"Reda\u00e7\u00e3o Folha Popular\"},\"url\":\"https:\\\/\\\/folhapopular.info\\\/index.php\\\/author\\\/redacao\\\/\"}]}<\/script>\n<!-- \/ Yoast SEO plugin. -->","yoast_head_json":{"title":"Guardi\u00f5es Ambientais Mirins de Lajeado tem inscri\u00e7\u00f5es prorrogadas at\u00e9\u00a031 de mar\u00e7o - Folha Popular","robots":{"index":"index","follow":"follow","max-snippet":"max-snippet:-1","max-image-preview":"max-image-preview:large","max-video-preview":"max-video-preview:-1"},"canonical":"https:\/\/folhapopular.info\/index.php\/2023\/03\/09\/guardioes-ambientais-mirins-de-lajeado-tem-inscricoes-prorrogadas-ate-31-de-marco\/","og_locale":"pt_BR","og_type":"article","og_title":"Guardi\u00f5es Ambientais Mirins de Lajeado tem inscri\u00e7\u00f5es prorrogadas at\u00e9\u00a031 de mar\u00e7o - Folha Popular","og_description":"O Projeto Guardi\u00f5es Ambientais Mirins (GAM), gerido pelo Centro de Educa\u00e7\u00e3o Ambiental (CEA) de Lajeado, em parceria com a Secretaria da Educa\u00e7\u00e3o (SED), teve as suas inscri\u00e7\u00f5es prorrogadas at\u00e9\u00a0o dia 31 de mar\u00e7o. O programa \u00e9 destinado a estudantes de 10 a 12 anos matriculados nas escolas do munic\u00edpio. &nbsp;As inscri\u00e7\u00f5es devem ser feitas presencialmente [&hellip;]","og_url":"https:\/\/folhapopular.info\/index.php\/2023\/03\/09\/guardioes-ambientais-mirins-de-lajeado-tem-inscricoes-prorrogadas-ate-31-de-marco\/","og_site_name":"Folha Popular","article_published_time":"2023-03-09T17:18:59+00:00","article_modified_time":"2023-03-09T17:19:02+00:00","og_image":[{"width":768,"height":513,"url":"http:\/\/folhapopular.info\/wp-content\/uploads\/2023\/03\/Guardioes-Mirins-no-plantio-de-mudas-na-Av.-Ipe-foto-Pietra-Darde-768x513-1.jpg","type":"image\/jpeg"}],"author":"Reda\u00e7\u00e3o Folha Popular","twitter_card":"summary_large_image","twitter_misc":{"Escrito por":"Reda\u00e7\u00e3o Folha Popular","Est. tempo de leitura":"2 minutos"},"schema":{"@context":"https:\/\/schema.org","@graph":[{"@type":"Article","@id":"https:\/\/folhapopular.info\/index.php\/2023\/03\/09\/guardioes-ambientais-mirins-de-lajeado-tem-inscricoes-prorrogadas-ate-31-de-marco\/#article","isPartOf":{"@id":"https:\/\/folhapopular.info\/index.php\/2023\/03\/09\/guardioes-ambientais-mirins-de-lajeado-tem-inscricoes-prorrogadas-ate-31-de-marco\/"},"author":{"name":"Reda\u00e7\u00e3o Folha Popular","@id":"https:\/\/folhapopular.info\/#\/schema\/person\/2814e8a0df7643585a9ca38bc6eb9d4b"},"headline":"Guardi\u00f5es Ambientais Mirins de Lajeado tem inscri\u00e7\u00f5es prorrogadas at\u00e9\u00a031 de mar\u00e7o","datePublished":"2023-03-09T17:18:59+00:00","dateModified":"2023-03-09T17:19:02+00:00","mainEntityOfPage":{"@id":"https:\/\/folhapopular.info\/index.php\/2023\/03\/09\/guardioes-ambientais-mirins-de-lajeado-tem-inscricoes-prorrogadas-ate-31-de-marco\/"},"wordCount":393,"commentCount":0,"image":{"@id":"https:\/\/folhapopular.info\/index.php\/2023\/03\/09\/guardioes-ambientais-mirins-de-lajeado-tem-inscricoes-prorrogadas-ate-31-de-marco\/#primaryimage"},"thumbnailUrl":"https:\/\/folhapopular.info\/wp-content\/uploads\/2023\/03\/Guardioes-Mirins-no-plantio-de-mudas-na-Av.-Ipe-foto-Pietra-Darde-768x513-1.jpg","keywords":["CEA","Guardi\u00f5es Ambientais Mirins","Inscri\u00e7\u00f5es","Lajeado","Projetos","Secretaria de Educa\u00e7\u00e3o"],"articleSection":["Destaques","Educa\u00e7\u00e3o","Geral","Meio Ambiente"],"inLanguage":"pt-BR","potentialAction":[{"@type":"CommentAction","name":"Comment","target":["https:\/\/folhapopular.info\/index.php\/2023\/03\/09\/guardioes-ambientais-mirins-de-lajeado-tem-inscricoes-prorrogadas-ate-31-de-marco\/#respond"]}]},{"@type":"WebPage","@id":"https:\/\/folhapopular.info\/index.php\/2023\/03\/09\/guardioes-ambientais-mirins-de-lajeado-tem-inscricoes-prorrogadas-ate-31-de-marco\/","url":"https:\/\/folhapopular.info\/index.php\/2023\/03\/09\/guardioes-ambientais-mirins-de-lajeado-tem-inscricoes-prorrogadas-ate-31-de-marco\/","name":"Guardi\u00f5es Ambientais Mirins de Lajeado tem inscri\u00e7\u00f5es prorrogadas at\u00e9\u00a031 de mar\u00e7o - Folha Popular","isPartOf":{"@id":"https:\/\/folhapopular.info\/#website"},"primaryImageOfPage":{"@id":"https:\/\/folhapopular.info\/index.php\/2023\/03\/09\/guardioes-ambientais-mirins-de-lajeado-tem-inscricoes-prorrogadas-ate-31-de-marco\/#primaryimage"},"image":{"@id":"https:\/\/folhapopular.info\/index.php\/2023\/03\/09\/guardioes-ambientais-mirins-de-lajeado-tem-inscricoes-prorrogadas-ate-31-de-marco\/#primaryimage"},"thumbnailUrl":"https:\/\/folhapopular.info\/wp-content\/uploads\/2023\/03\/Guardioes-Mirins-no-plantio-de-mudas-na-Av.-Ipe-foto-Pietra-Darde-768x513-1.jpg","datePublished":"2023-03-09T17:18:59+00:00","dateModified":"2023-03-09T17:19:02+00:00","author":{"@id":"https:\/\/folhapopular.info\/#\/schema\/person\/2814e8a0df7643585a9ca38bc6eb9d4b"},"breadcrumb":{"@id":"https:\/\/folhapopular.info\/index.php\/2023\/03\/09\/guardioes-ambientais-mirins-de-lajeado-tem-inscricoes-prorrogadas-ate-31-de-marco\/#breadcrumb"},"inLanguage":"pt-BR","potentialAction":[{"@type":"ReadAction","target":["https:\/\/folhapopular.info\/index.php\/2023\/03\/09\/guardioes-ambientais-mirins-de-lajeado-tem-inscricoes-prorrogadas-ate-31-de-marco\/"]}]},{"@type":"ImageObject","inLanguage":"pt-BR","@id":"https:\/\/folhapopular.info\/index.php\/2023\/03\/09\/guardioes-ambientais-mirins-de-lajeado-tem-inscricoes-prorrogadas-ate-31-de-marco\/#primaryimage","url":"https:\/\/folhapopular.info\/wp-content\/uploads\/2023\/03\/Guardioes-Mirins-no-plantio-de-mudas-na-Av.-Ipe-foto-Pietra-Darde-768x513-1.jpg","contentUrl":"https:\/\/folhapopular.info\/wp-content\/uploads\/2023\/03\/Guardioes-Mirins-no-plantio-de-mudas-na-Av.-Ipe-foto-Pietra-Darde-768x513-1.jpg","width":768,"height":513,"caption":"O programa \u00e9 destinado a estudantes de 10 a 12 anos matriculados nas escolas do munic\u00edpio \/ Cr\u00e9dito: Pietra Darde \/ Divulga\u00e7\u00e3o"},{"@type":"BreadcrumbList","@id":"https:\/\/folhapopular.info\/index.php\/2023\/03\/09\/guardioes-ambientais-mirins-de-lajeado-tem-inscricoes-prorrogadas-ate-31-de-marco\/#breadcrumb","itemListElement":[{"@type":"ListItem","position":1,"name":"In\u00edcio","item":"https:\/\/folhapopular.info\/"},{"@type":"ListItem","position":2,"name":"Guardi\u00f5es Ambientais Mirins de Lajeado tem inscri\u00e7\u00f5es prorrogadas at\u00e9\u00a031 de mar\u00e7o"}]},{"@type":"WebSite","@id":"https:\/\/folhapopular.info\/#website","url":"https:\/\/folhapopular.info\/","name":"Folha Popular","description":"Onde voc\u00ea tem vez e voz","potentialAction":[{"@type":"SearchAction","target":{"@type":"EntryPoint","urlTemplate":"https:\/\/folhapopular.info\/?s={search_term_string}"},"query-input":{"@type":"PropertyValueSpecification","valueRequired":true,"valueName":"search_term_string"}}],"inLanguage":"pt-BR"},{"@type":"Person","@id":"https:\/\/folhapopular.info\/#\/schema\/person\/2814e8a0df7643585a9ca38bc6eb9d4b","name":"Reda\u00e7\u00e3o Folha Popular","image":{"@type":"ImageObject","inLanguage":"pt-BR","@id":"https:\/\/folhapopular.info\/wp-content\/uploads\/2026\/04\/Folha-1.webp","url":"https:\/\/folhapopular.info\/wp-content\/uploads\/2026\/04\/Folha-1.webp","contentUrl":"https:\/\/folhapopular.info\/wp-content\/uploads\/2026\/04\/Folha-1.webp","caption":"Reda\u00e7\u00e3o Folha Popular"},"url":"https:\/\/folhapopular.info\/index.php\/author\/redacao\/"}]}},"jetpack_featured_media_url":"https:\/\/folhapopular.info\/wp-content\/uploads\/2023\/03\/Guardioes-Mirins-no-plantio-de-mudas-na-Av.-Ipe-foto-Pietra-Darde-768x513-1.jpg","jetpack_sharing_enabled":true,"amp_enabled":true,"_links":{"self":[{"href":"https:\/\/folhapopular.info\/index.php\/wp-json\/wp\/v2\/posts\/122623","targetHints":{"allow":["GET"]}}],"collection":[{"href":"https:\/\/folhapopular.info\/index.php\/wp-json\/wp\/v2\/posts"}],"about":[{"href":"https:\/\/folhapopular.info\/index.php\/wp-json\/wp\/v2\/types\/post"}],"author":[{"embeddable":true,"href":"https:\/\/folhapopular.info\/index.php\/wp-json\/wp\/v2\/users\/8"}],"replies":[{"embeddable":true,"href":"https:\/\/folhapopular.info\/index.php\/wp-json\/wp\/v2\/comments?post=122623"}],"version-history":[{"count":0,"href":"https:\/\/folhapopular.info\/index.php\/wp-json\/wp\/v2\/posts\/122623\/revisions"}],"wp:featuredmedia":[{"embeddable":true,"href":"https:\/\/folhapopular.info\/index.php\/wp-json\/wp\/v2\/media\/122657"}],"wp:attachment":[{"href":"https:\/\/folhapopular.info\/index.php\/wp-json\/wp\/v2\/media?parent=122623"}],"wp:term":[{"taxonomy":"category","embeddable":true,"href":"https:\/\/folhapopular.info\/index.php\/wp-json\/wp\/v2\/categories?post=122623"},{"taxonomy":"post_tag","embeddable":true,"href":"https:\/\/folhapopular.info\/index.php\/wp-json\/wp\/v2\/tags?post=122623"}],"curies":[{"name":"wp","href":"https:\/\/api.w.org\/{rel}","templated":true}]}}