{"id":122633,"date":"2023-03-09T09:18:50","date_gmt":"2023-03-09T12:18:50","guid":{"rendered":"https:\/\/folhapopular.info\/?p=122633"},"modified":"2023-03-09T09:36:46","modified_gmt":"2023-03-09T12:36:46","slug":"prefeitura-de-lajeado-lanca-edital-lajeado-mais-esporte","status":"publish","type":"post","link":"https:\/\/folhapopular.info\/index.php\/2023\/03\/09\/prefeitura-de-lajeado-lanca-edital-lajeado-mais-esporte\/","title":{"rendered":"<strong>Prefeitura de Lajeado lan\u00e7a edital Lajeado Mais Esporte<\/strong>"},"content":{"rendered":"\n<p>A Prefeitura de Lajeado, por meio da Secretaria de Cultura, Esporte e Lazer (Secel), lan\u00e7ou o edital de chamamento p\u00fablico do Projeto Lajeado Mais Esporte para entidades esportivas nas modalidades de atletismo, basquete, canoagem, futebol de campo, futsal e patina\u00e7\u00e3o. Podem participar as Organiza\u00e7\u00f5es da Sociedade Civil (OSC) sem fins lucrativos.<\/p>\n\n\n\n<p>O objetivo do edital \u00e9 a sele\u00e7\u00e3o de projetos que busquem oferecer atividades desportivas de forma abrangente \u00e0 comunidade de Lajeado e do Vale do Taquari. O projeto visa o atendimento de crian\u00e7as e adolescentes em diversos bairros no munic\u00edpio, incentivando a frequ\u00eancia escolar, o conv\u00edvio social e a participa\u00e7\u00e3o de pessoas portadoras de necessidades especiais. As atividades devem, obrigatoriamente, ser desenvolvidas em Lajeado.<\/p>\n\n\n\n<p>Os projetos ser\u00e3o executados no prazo de 20 meses, e devem atender crian\u00e7as e adolescentes de 7 a 17 anos de idade, de ambos os sexos, nas diferentes modalidades esportivas de participa\u00e7\u00e3o.<\/p>\n\n\n\n<h2 class=\"wp-block-heading\"><strong>Sobre o edital<\/strong><\/h2>\n\n\n\n<p>O valor total previsto para a realiza\u00e7\u00e3o do Projeto Lajeado Mais Esporte \u00e9 de R$ 752 mil, divididos entre as modalidades, conforme segue:<br>&#8211; Futebol de Campo: R$ 140 mil<br>&#8211; Futsal: R$ 140 mil<br>&#8211; Basquetebol: R$ 140 mil<br>&#8211; Voleibol: R$ 80 mil<br>&#8211; Canoagem: R$ 72 mil<br>&#8211; Atletismo: R$ 90 mil<br>&#8211; Patina\u00e7\u00e3o: R$ 90 mil<br><br>Para mais informa\u00e7\u00f5es, os interessados podem entrar em contato com a Secel pelo telefone (51) 3982-1140 ou WhatsApp (51) 98049-9339. O edital completo pode ser conferido <a href=\"https:\/\/www.lajeado.rs.gov.br\/arquivos\/download_anexo\/_public_documentacao_licitacao_2023_Edital_de_Chamamento_P%C3%BAblico_n%C2%BA_01.2023_20230303090319.pdf\" target=\"_blank\" rel=\"noreferrer noopener\">clicando aqui<\/a>.<\/p>\n\n\n\n<figure class=\"wp-block-image size-large is-resized\"><img loading=\"lazy\" decoding=\"async\" src=\"https:\/\/folhapopular.info\/wp-content\/uploads\/2023\/03\/Edital-1024x1024.jpeg\" alt=\"\" class=\"wp-image-122636\" width=\"525\" height=\"518\"\/><figcaption class=\"wp-element-caption\">Cr\u00e9ditos: Divulga\u00e7\u00e3o<\/figcaption><\/figure>\n","protected":false},"excerpt":{"rendered":"<p>A Prefeitura de Lajeado, por meio da Secretaria de Cultura, Esporte e Lazer (Secel), lan\u00e7ou o edital de chamamento p\u00fablico do Projeto Lajeado Mais Esporte para entidades esportivas nas modalidades de atletismo, basquete, canoagem, futebol de campo, futsal e patina\u00e7\u00e3o. Podem participar as Organiza\u00e7\u00f5es da Sociedade Civil (OSC) sem fins lucrativos. O objetivo do edital [&hellip;]<\/p>\n","protected":false},"author":8,"featured_media":122638,"comment_status":"open","ping_status":"open","sticky":false,"template":"","format":"standard","meta":{"pmpro_default_level":"","_jetpack_memberships_contains_paid_content":false,"footnotes":""},"categories":[2,3,10997],"tags":[80,1041,137,6956,31,27,11132,276,398],"class_list":{"0":"post-122633","1":"post","2":"type-post","3":"status-publish","4":"format-standard","5":"has-post-thumbnail","7":"category-featured","8":"category-geral","9":"category-variedades","10":"tag-atletismo","11":"tag-canoagem","12":"tag-esporte","13":"tag-futebol-de-campo","14":"tag-futsal","15":"tag-lajeado","16":"tag-lajeado-mais-esporte","17":"tag-patinacao","18":"tag-volei","19":"pmpro-has-access"},"yoast_head":"<!-- This site is optimized with the Yoast SEO plugin v27.5 - https:\/\/yoast.com\/product\/yoast-seo-wordpress\/ -->\n<title>Prefeitura de Lajeado lan\u00e7a edital Lajeado Mais Esporte - Folha Popular<\/title>\n<meta name=\"robots\" content=\"index, follow, max-snippet:-1, max-image-preview:large, max-video-preview:-1\" \/>\n<link rel=\"canonical\" href=\"https:\/\/folhapopular.info\/index.php\/2023\/03\/09\/prefeitura-de-lajeado-lanca-edital-lajeado-mais-esporte\/\" \/>\n<meta property=\"og:locale\" content=\"pt_BR\" \/>\n<meta property=\"og:type\" content=\"article\" \/>\n<meta property=\"og:title\" content=\"Prefeitura de Lajeado lan\u00e7a edital Lajeado Mais Esporte - Folha Popular\" \/>\n<meta property=\"og:description\" content=\"A Prefeitura de Lajeado, por meio da Secretaria de Cultura, Esporte e Lazer (Secel), lan\u00e7ou o edital de chamamento p\u00fablico do Projeto Lajeado Mais Esporte para entidades esportivas nas modalidades de atletismo, basquete, canoagem, futebol de campo, futsal e patina\u00e7\u00e3o. Podem participar as Organiza\u00e7\u00f5es da Sociedade Civil (OSC) sem fins lucrativos. O objetivo do edital [&hellip;]\" \/>\n<meta property=\"og:url\" content=\"https:\/\/folhapopular.info\/index.php\/2023\/03\/09\/prefeitura-de-lajeado-lanca-edital-lajeado-mais-esporte\/\" \/>\n<meta property=\"og:site_name\" content=\"Folha Popular\" \/>\n<meta property=\"article:published_time\" content=\"2023-03-09T12:18:50+00:00\" \/>\n<meta property=\"article:modified_time\" content=\"2023-03-09T12:36:46+00:00\" \/>\n<meta property=\"og:image\" content=\"http:\/\/folhapopular.info\/wp-content\/uploads\/2023\/03\/pexels-robo-michalec-5723865-scaled.jpg\" \/>\n\t<meta property=\"og:image:width\" content=\"2560\" \/>\n\t<meta property=\"og:image:height\" content=\"1707\" \/>\n\t<meta property=\"og:image:type\" content=\"image\/jpeg\" \/>\n<meta name=\"author\" content=\"Reda\u00e7\u00e3o Folha Popular\" \/>\n<meta name=\"twitter:card\" content=\"summary_large_image\" \/>\n<meta name=\"twitter:label1\" content=\"Escrito por\" \/>\n\t<meta name=\"twitter:data1\" content=\"Reda\u00e7\u00e3o Folha Popular\" \/>\n\t<meta name=\"twitter:label2\" content=\"Est. tempo de leitura\" \/>\n\t<meta name=\"twitter:data2\" content=\"2 minutos\" \/>\n<script type=\"application\/ld+json\" class=\"yoast-schema-graph\">{\"@context\":\"https:\\\/\\\/schema.org\",\"@graph\":[{\"@type\":\"Article\",\"@id\":\"https:\\\/\\\/folhapopular.info\\\/index.php\\\/2023\\\/03\\\/09\\\/prefeitura-de-lajeado-lanca-edital-lajeado-mais-esporte\\\/#article\",\"isPartOf\":{\"@id\":\"https:\\\/\\\/folhapopular.info\\\/index.php\\\/2023\\\/03\\\/09\\\/prefeitura-de-lajeado-lanca-edital-lajeado-mais-esporte\\\/\"},\"author\":{\"name\":\"Reda\u00e7\u00e3o Folha Popular\",\"@id\":\"https:\\\/\\\/folhapopular.info\\\/#\\\/schema\\\/person\\\/2814e8a0df7643585a9ca38bc6eb9d4b\"},\"headline\":\"Prefeitura de Lajeado lan\u00e7a edital Lajeado Mais Esporte\",\"datePublished\":\"2023-03-09T12:18:50+00:00\",\"dateModified\":\"2023-03-09T12:36:46+00:00\",\"mainEntityOfPage\":{\"@id\":\"https:\\\/\\\/folhapopular.info\\\/index.php\\\/2023\\\/03\\\/09\\\/prefeitura-de-lajeado-lanca-edital-lajeado-mais-esporte\\\/\"},\"wordCount\":245,\"commentCount\":0,\"image\":{\"@id\":\"https:\\\/\\\/folhapopular.info\\\/index.php\\\/2023\\\/03\\\/09\\\/prefeitura-de-lajeado-lanca-edital-lajeado-mais-esporte\\\/#primaryimage\"},\"thumbnailUrl\":\"https:\\\/\\\/folhapopular.info\\\/wp-content\\\/uploads\\\/2023\\\/03\\\/pexels-robo-michalec-5723865-scaled.jpg\",\"keywords\":[\"Atletismo\",\"canoagem\",\"Esporte\",\"Futebol de campo\",\"Futsal\",\"Lajeado\",\"lajeado mais esporte\",\"Patina\u00e7\u00e3o\",\"V\u00f4lei\"],\"articleSection\":[\"Destaques\",\"Geral\",\"Variedades\"],\"inLanguage\":\"pt-BR\",\"potentialAction\":[{\"@type\":\"CommentAction\",\"name\":\"Comment\",\"target\":[\"https:\\\/\\\/folhapopular.info\\\/index.php\\\/2023\\\/03\\\/09\\\/prefeitura-de-lajeado-lanca-edital-lajeado-mais-esporte\\\/#respond\"]}]},{\"@type\":\"WebPage\",\"@id\":\"https:\\\/\\\/folhapopular.info\\\/index.php\\\/2023\\\/03\\\/09\\\/prefeitura-de-lajeado-lanca-edital-lajeado-mais-esporte\\\/\",\"url\":\"https:\\\/\\\/folhapopular.info\\\/index.php\\\/2023\\\/03\\\/09\\\/prefeitura-de-lajeado-lanca-edital-lajeado-mais-esporte\\\/\",\"name\":\"Prefeitura de Lajeado lan\u00e7a edital Lajeado Mais Esporte - Folha Popular\",\"isPartOf\":{\"@id\":\"https:\\\/\\\/folhapopular.info\\\/#website\"},\"primaryImageOfPage\":{\"@id\":\"https:\\\/\\\/folhapopular.info\\\/index.php\\\/2023\\\/03\\\/09\\\/prefeitura-de-lajeado-lanca-edital-lajeado-mais-esporte\\\/#primaryimage\"},\"image\":{\"@id\":\"https:\\\/\\\/folhapopular.info\\\/index.php\\\/2023\\\/03\\\/09\\\/prefeitura-de-lajeado-lanca-edital-lajeado-mais-esporte\\\/#primaryimage\"},\"thumbnailUrl\":\"https:\\\/\\\/folhapopular.info\\\/wp-content\\\/uploads\\\/2023\\\/03\\\/pexels-robo-michalec-5723865-scaled.jpg\",\"datePublished\":\"2023-03-09T12:18:50+00:00\",\"dateModified\":\"2023-03-09T12:36:46+00:00\",\"author\":{\"@id\":\"https:\\\/\\\/folhapopular.info\\\/#\\\/schema\\\/person\\\/2814e8a0df7643585a9ca38bc6eb9d4b\"},\"breadcrumb\":{\"@id\":\"https:\\\/\\\/folhapopular.info\\\/index.php\\\/2023\\\/03\\\/09\\\/prefeitura-de-lajeado-lanca-edital-lajeado-mais-esporte\\\/#breadcrumb\"},\"inLanguage\":\"pt-BR\",\"potentialAction\":[{\"@type\":\"ReadAction\",\"target\":[\"https:\\\/\\\/folhapopular.info\\\/index.php\\\/2023\\\/03\\\/09\\\/prefeitura-de-lajeado-lanca-edital-lajeado-mais-esporte\\\/\"]}]},{\"@type\":\"ImageObject\",\"inLanguage\":\"pt-BR\",\"@id\":\"https:\\\/\\\/folhapopular.info\\\/index.php\\\/2023\\\/03\\\/09\\\/prefeitura-de-lajeado-lanca-edital-lajeado-mais-esporte\\\/#primaryimage\",\"url\":\"https:\\\/\\\/folhapopular.info\\\/wp-content\\\/uploads\\\/2023\\\/03\\\/pexels-robo-michalec-5723865-scaled.jpg\",\"contentUrl\":\"https:\\\/\\\/folhapopular.info\\\/wp-content\\\/uploads\\\/2023\\\/03\\\/pexels-robo-michalec-5723865-scaled.jpg\",\"width\":2560,\"height\":1707,\"caption\":\"Dentre as modalidades est\u00e1 o futebol de campo. Cr\u00e9ditos: Robo Michalec\\\/Pexels\"},{\"@type\":\"BreadcrumbList\",\"@id\":\"https:\\\/\\\/folhapopular.info\\\/index.php\\\/2023\\\/03\\\/09\\\/prefeitura-de-lajeado-lanca-edital-lajeado-mais-esporte\\\/#breadcrumb\",\"itemListElement\":[{\"@type\":\"ListItem\",\"position\":1,\"name\":\"In\u00edcio\",\"item\":\"https:\\\/\\\/folhapopular.info\\\/\"},{\"@type\":\"ListItem\",\"position\":2,\"name\":\"Prefeitura de Lajeado lan\u00e7a edital Lajeado Mais Esporte\"}]},{\"@type\":\"WebSite\",\"@id\":\"https:\\\/\\\/folhapopular.info\\\/#website\",\"url\":\"https:\\\/\\\/folhapopular.info\\\/\",\"name\":\"Folha Popular\",\"description\":\"Onde voc\u00ea tem vez e voz\",\"potentialAction\":[{\"@type\":\"SearchAction\",\"target\":{\"@type\":\"EntryPoint\",\"urlTemplate\":\"https:\\\/\\\/folhapopular.info\\\/?s={search_term_string}\"},\"query-input\":{\"@type\":\"PropertyValueSpecification\",\"valueRequired\":true,\"valueName\":\"search_term_string\"}}],\"inLanguage\":\"pt-BR\"},{\"@type\":\"Person\",\"@id\":\"https:\\\/\\\/folhapopular.info\\\/#\\\/schema\\\/person\\\/2814e8a0df7643585a9ca38bc6eb9d4b\",\"name\":\"Reda\u00e7\u00e3o Folha Popular\",\"image\":{\"@type\":\"ImageObject\",\"inLanguage\":\"pt-BR\",\"@id\":\"https:\\\/\\\/folhapopular.info\\\/wp-content\\\/uploads\\\/2026\\\/04\\\/Folha-1.webp\",\"url\":\"https:\\\/\\\/folhapopular.info\\\/wp-content\\\/uploads\\\/2026\\\/04\\\/Folha-1.webp\",\"contentUrl\":\"https:\\\/\\\/folhapopular.info\\\/wp-content\\\/uploads\\\/2026\\\/04\\\/Folha-1.webp\",\"caption\":\"Reda\u00e7\u00e3o Folha Popular\"},\"url\":\"https:\\\/\\\/folhapopular.info\\\/index.php\\\/author\\\/redacao\\\/\"}]}<\/script>\n<!-- \/ Yoast SEO plugin. -->","yoast_head_json":{"title":"Prefeitura de Lajeado lan\u00e7a edital Lajeado Mais Esporte - Folha Popular","robots":{"index":"index","follow":"follow","max-snippet":"max-snippet:-1","max-image-preview":"max-image-preview:large","max-video-preview":"max-video-preview:-1"},"canonical":"https:\/\/folhapopular.info\/index.php\/2023\/03\/09\/prefeitura-de-lajeado-lanca-edital-lajeado-mais-esporte\/","og_locale":"pt_BR","og_type":"article","og_title":"Prefeitura de Lajeado lan\u00e7a edital Lajeado Mais Esporte - Folha Popular","og_description":"A Prefeitura de Lajeado, por meio da Secretaria de Cultura, Esporte e Lazer (Secel), lan\u00e7ou o edital de chamamento p\u00fablico do Projeto Lajeado Mais Esporte para entidades esportivas nas modalidades de atletismo, basquete, canoagem, futebol de campo, futsal e patina\u00e7\u00e3o. Podem participar as Organiza\u00e7\u00f5es da Sociedade Civil (OSC) sem fins lucrativos. O objetivo do edital [&hellip;]","og_url":"https:\/\/folhapopular.info\/index.php\/2023\/03\/09\/prefeitura-de-lajeado-lanca-edital-lajeado-mais-esporte\/","og_site_name":"Folha Popular","article_published_time":"2023-03-09T12:18:50+00:00","article_modified_time":"2023-03-09T12:36:46+00:00","og_image":[{"width":2560,"height":1707,"url":"http:\/\/folhapopular.info\/wp-content\/uploads\/2023\/03\/pexels-robo-michalec-5723865-scaled.jpg","type":"image\/jpeg"}],"author":"Reda\u00e7\u00e3o Folha Popular","twitter_card":"summary_large_image","twitter_misc":{"Escrito por":"Reda\u00e7\u00e3o Folha Popular","Est. tempo de leitura":"2 minutos"},"schema":{"@context":"https:\/\/schema.org","@graph":[{"@type":"Article","@id":"https:\/\/folhapopular.info\/index.php\/2023\/03\/09\/prefeitura-de-lajeado-lanca-edital-lajeado-mais-esporte\/#article","isPartOf":{"@id":"https:\/\/folhapopular.info\/index.php\/2023\/03\/09\/prefeitura-de-lajeado-lanca-edital-lajeado-mais-esporte\/"},"author":{"name":"Reda\u00e7\u00e3o Folha Popular","@id":"https:\/\/folhapopular.info\/#\/schema\/person\/2814e8a0df7643585a9ca38bc6eb9d4b"},"headline":"Prefeitura de Lajeado lan\u00e7a edital Lajeado Mais Esporte","datePublished":"2023-03-09T12:18:50+00:00","dateModified":"2023-03-09T12:36:46+00:00","mainEntityOfPage":{"@id":"https:\/\/folhapopular.info\/index.php\/2023\/03\/09\/prefeitura-de-lajeado-lanca-edital-lajeado-mais-esporte\/"},"wordCount":245,"commentCount":0,"image":{"@id":"https:\/\/folhapopular.info\/index.php\/2023\/03\/09\/prefeitura-de-lajeado-lanca-edital-lajeado-mais-esporte\/#primaryimage"},"thumbnailUrl":"https:\/\/folhapopular.info\/wp-content\/uploads\/2023\/03\/pexels-robo-michalec-5723865-scaled.jpg","keywords":["Atletismo","canoagem","Esporte","Futebol de campo","Futsal","Lajeado","lajeado mais esporte","Patina\u00e7\u00e3o","V\u00f4lei"],"articleSection":["Destaques","Geral","Variedades"],"inLanguage":"pt-BR","potentialAction":[{"@type":"CommentAction","name":"Comment","target":["https:\/\/folhapopular.info\/index.php\/2023\/03\/09\/prefeitura-de-lajeado-lanca-edital-lajeado-mais-esporte\/#respond"]}]},{"@type":"WebPage","@id":"https:\/\/folhapopular.info\/index.php\/2023\/03\/09\/prefeitura-de-lajeado-lanca-edital-lajeado-mais-esporte\/","url":"https:\/\/folhapopular.info\/index.php\/2023\/03\/09\/prefeitura-de-lajeado-lanca-edital-lajeado-mais-esporte\/","name":"Prefeitura de Lajeado lan\u00e7a edital Lajeado Mais Esporte - Folha Popular","isPartOf":{"@id":"https:\/\/folhapopular.info\/#website"},"primaryImageOfPage":{"@id":"https:\/\/folhapopular.info\/index.php\/2023\/03\/09\/prefeitura-de-lajeado-lanca-edital-lajeado-mais-esporte\/#primaryimage"},"image":{"@id":"https:\/\/folhapopular.info\/index.php\/2023\/03\/09\/prefeitura-de-lajeado-lanca-edital-lajeado-mais-esporte\/#primaryimage"},"thumbnailUrl":"https:\/\/folhapopular.info\/wp-content\/uploads\/2023\/03\/pexels-robo-michalec-5723865-scaled.jpg","datePublished":"2023-03-09T12:18:50+00:00","dateModified":"2023-03-09T12:36:46+00:00","author":{"@id":"https:\/\/folhapopular.info\/#\/schema\/person\/2814e8a0df7643585a9ca38bc6eb9d4b"},"breadcrumb":{"@id":"https:\/\/folhapopular.info\/index.php\/2023\/03\/09\/prefeitura-de-lajeado-lanca-edital-lajeado-mais-esporte\/#breadcrumb"},"inLanguage":"pt-BR","potentialAction":[{"@type":"ReadAction","target":["https:\/\/folhapopular.info\/index.php\/2023\/03\/09\/prefeitura-de-lajeado-lanca-edital-lajeado-mais-esporte\/"]}]},{"@type":"ImageObject","inLanguage":"pt-BR","@id":"https:\/\/folhapopular.info\/index.php\/2023\/03\/09\/prefeitura-de-lajeado-lanca-edital-lajeado-mais-esporte\/#primaryimage","url":"https:\/\/folhapopular.info\/wp-content\/uploads\/2023\/03\/pexels-robo-michalec-5723865-scaled.jpg","contentUrl":"https:\/\/folhapopular.info\/wp-content\/uploads\/2023\/03\/pexels-robo-michalec-5723865-scaled.jpg","width":2560,"height":1707,"caption":"Dentre as modalidades est\u00e1 o futebol de campo. Cr\u00e9ditos: Robo Michalec\/Pexels"},{"@type":"BreadcrumbList","@id":"https:\/\/folhapopular.info\/index.php\/2023\/03\/09\/prefeitura-de-lajeado-lanca-edital-lajeado-mais-esporte\/#breadcrumb","itemListElement":[{"@type":"ListItem","position":1,"name":"In\u00edcio","item":"https:\/\/folhapopular.info\/"},{"@type":"ListItem","position":2,"name":"Prefeitura de Lajeado lan\u00e7a edital Lajeado Mais Esporte"}]},{"@type":"WebSite","@id":"https:\/\/folhapopular.info\/#website","url":"https:\/\/folhapopular.info\/","name":"Folha Popular","description":"Onde voc\u00ea tem vez e voz","potentialAction":[{"@type":"SearchAction","target":{"@type":"EntryPoint","urlTemplate":"https:\/\/folhapopular.info\/?s={search_term_string}"},"query-input":{"@type":"PropertyValueSpecification","valueRequired":true,"valueName":"search_term_string"}}],"inLanguage":"pt-BR"},{"@type":"Person","@id":"https:\/\/folhapopular.info\/#\/schema\/person\/2814e8a0df7643585a9ca38bc6eb9d4b","name":"Reda\u00e7\u00e3o Folha Popular","image":{"@type":"ImageObject","inLanguage":"pt-BR","@id":"https:\/\/folhapopular.info\/wp-content\/uploads\/2026\/04\/Folha-1.webp","url":"https:\/\/folhapopular.info\/wp-content\/uploads\/2026\/04\/Folha-1.webp","contentUrl":"https:\/\/folhapopular.info\/wp-content\/uploads\/2026\/04\/Folha-1.webp","caption":"Reda\u00e7\u00e3o Folha Popular"},"url":"https:\/\/folhapopular.info\/index.php\/author\/redacao\/"}]}},"jetpack_featured_media_url":"https:\/\/folhapopular.info\/wp-content\/uploads\/2023\/03\/pexels-robo-michalec-5723865-scaled.jpg","jetpack_sharing_enabled":true,"amp_enabled":true,"_links":{"self":[{"href":"https:\/\/folhapopular.info\/index.php\/wp-json\/wp\/v2\/posts\/122633","targetHints":{"allow":["GET"]}}],"collection":[{"href":"https:\/\/folhapopular.info\/index.php\/wp-json\/wp\/v2\/posts"}],"about":[{"href":"https:\/\/folhapopular.info\/index.php\/wp-json\/wp\/v2\/types\/post"}],"author":[{"embeddable":true,"href":"https:\/\/folhapopular.info\/index.php\/wp-json\/wp\/v2\/users\/8"}],"replies":[{"embeddable":true,"href":"https:\/\/folhapopular.info\/index.php\/wp-json\/wp\/v2\/comments?post=122633"}],"version-history":[{"count":0,"href":"https:\/\/folhapopular.info\/index.php\/wp-json\/wp\/v2\/posts\/122633\/revisions"}],"wp:featuredmedia":[{"embeddable":true,"href":"https:\/\/folhapopular.info\/index.php\/wp-json\/wp\/v2\/media\/122638"}],"wp:attachment":[{"href":"https:\/\/folhapopular.info\/index.php\/wp-json\/wp\/v2\/media?parent=122633"}],"wp:term":[{"taxonomy":"category","embeddable":true,"href":"https:\/\/folhapopular.info\/index.php\/wp-json\/wp\/v2\/categories?post=122633"},{"taxonomy":"post_tag","embeddable":true,"href":"https:\/\/folhapopular.info\/index.php\/wp-json\/wp\/v2\/tags?post=122633"}],"curies":[{"name":"wp","href":"https:\/\/api.w.org\/{rel}","templated":true}]}}