{"id":122769,"date":"2023-03-11T09:10:00","date_gmt":"2023-03-11T12:10:00","guid":{"rendered":"https:\/\/folhapopular.info\/?p=122769"},"modified":"2023-03-11T07:40:47","modified_gmt":"2023-03-11T10:40:47","slug":"coletivo-mais-uma-busca-trazer-tematicas-femininas-por-meio-de-manifestacoes","status":"publish","type":"post","link":"https:\/\/folhapopular.info\/index.php\/2023\/03\/11\/coletivo-mais-uma-busca-trazer-tematicas-femininas-por-meio-de-manifestacoes\/","title":{"rendered":"Coletivo Mais Uma busca trazer tem\u00e1ticas femininas por meio de manifesta\u00e7\u00f5es"},"content":{"rendered":"\n<p>Sororidade, resist\u00eancia e luta s\u00e3o palavras que cercam o Coletivo Mais Uma. Criado por Let\u00edcia de Abreu Gomes e Rose Schweig Lopes, o movimento surgiu em 2016 com o intuito de colocar as mulheres em di\u00e1logo constante sobre pautas acerca do g\u00eanero.<\/p>\n\n\n\n<p>Conforme a idealizadora Let\u00edcia, apesar dos avan\u00e7os sociais, as mulheres ainda sofrem diversas viola\u00e7\u00f5es de direito, as quais n\u00e3o permitem uma vida digna e o exerc\u00edcio pleno da cidadania. \u201cQueremos mostrar que existimos e resistimos, n\u00e3o apenas enquanto coletivo, mas enquanto mulheres e essa \u00e9 nossa forma de marcar presen\u00e7a no m\u00eas de mar\u00e7o\u201d, afirma.<\/p>\n\n\n\n<p>Dentre as diversas a\u00e7\u00f5es realizadas est\u00e1 a Caminhada, promovida com o intuito de chamar a aten\u00e7\u00e3o para as diferentes formas de viol\u00eancias voltadas \u00e0s mulheres e meninas. Neste s\u00e1bado (11\/3), o grupo organizar\u00e1 um Ped\u00e1gio Solid\u00e1rio em prol da Casa de Passagem do Vale do Taquari, na sinaleira do Bairro Languiru.<\/p>\n\n\n\n<p>No domingo (19\/3), ser\u00e1 realizada a Caminhada pelo fim da viol\u00eancia contra as mulheres. O encontro ser\u00e1 \u00e0s 15h30 na Associa\u00e7\u00e3o da \u00c1gua, com in\u00edcio \u00e0s 16h pela Avenida 1 Leste e t\u00e9rmino na Prefeitura com Sarau Cultural pelo fim da viol\u00eancia. A divulga\u00e7\u00e3o est\u00e1 sendo feita nas redes sociais, homens tamb\u00e9m s\u00e3o chamados a participar. \u201cEles tamb\u00e9m precisam estar junto no combate \u00e0 viol\u00eancia\u201d, pontua.<\/p>\n\n\n\n<p>A \u00faltima caminhada promovida tinha como tema o combate ao estupro e aconteceu durante a pandemia. Participaram cerca de 80 pessoas. A ativista espera alcan\u00e7ar ao menos o mesmo n\u00famero novamente.<\/p>\n\n\n\n<h2 class=\"wp-block-heading\"><strong>Necessidade de representa\u00e7\u00e3o<\/strong><\/h2>\n\n\n\n<p>O movimento que faz a comunica\u00e7\u00e3o entre a mulheres e suas causas surgiu ap\u00f3s a apresenta\u00e7\u00e3o do espet\u00e1culo do teatro \u201cAs M\u00e3os de Eur\u00eddice\u201d, sobre viol\u00eancia dom\u00e9stica. Ap\u00f3s a pe\u00e7a, houve um debate sobre o tema. Let\u00edcia, Rose e uma antiga participante da causa, decidiram criar um grupo onde fosse poss\u00edvel debater as pautas feministas no contexto social e pol\u00edtico, e planejar a\u00e7\u00f5es. O grupo tamb\u00e9m percebeu n\u00e3o haver mulheres feministas organizando na cidade o debate de pautas das lutas femininas na busca por equidade.<\/p>\n\n\n\n<p>Aos poucos, foi se moldando como Coletivo e, ao menos desde 2019, a equipe se empenha em organizar a\u00e7\u00f5es. \u201cA pandemia impediu um pouco a evolu\u00e7\u00e3o do projeto, mas estamos retomando\u201d, exp\u00f5e.<\/p>\n\n\n\n<p>Atualmente o Coletivo possui dois grupos, um mais presente no WhatsApp com 44 integrantes, focados em debates sociais e pol\u00edticos. O outro organiza e forma a linha de frente das a\u00e7\u00f5es. A segunda turma \u00e9 formada por oito mulheres. \u201cEstamos sempre tentando trazer as outras para junto de n\u00f3s, mas entendemos que muitas ainda t\u00eam empecilhos impedindo\u201d, revela.<\/p>\n\n\n\n<h2 class=\"wp-block-heading\"><strong>O Coletivo Mais Uma<\/strong><\/h2>\n\n\n\n<p>Inicialmente o grupo come\u00e7ou como \u201cFeministas de Teut\u00f4nia\u201d, Let\u00edcia criou uma p\u00e1gina no Facebook chamada \u201cMais Uma Feminista\u201d e convidou outras mulheres para administrarem. \u201cPrimeiro pensei no nome porque me sentia mais uma lutando e falando. Quando resolvemos debater um nome para o Coletivo, entre v\u00e1rias op\u00e7\u00f5es, uma integrante sugeriu utilizar o nome da p\u00e1gina, e pela decis\u00e3o da maioria, acatamos\u201d, conta.<\/p>\n\n\n\n<p>A ativista ainda compartilha que o nome significa que apesar de o movimento ser \u201ccoletivo\u201d, as individualidades de cada uma, bem como suas hist\u00f3rias e batalhas, s\u00e3o respeitadas e cada uma \u00e9 \u201cmais uma\u201d sobrevivente que conta sua hist\u00f3ria. \u201cTodas as mulheres j\u00e1 sofreram alguma viol\u00eancia de g\u00eanero ao longo da vida. \u00c9 \u2018mais uma\u2019 junto \u00e0s outras para lutar, que n\u00e3o se cala e levanta a voz\u201d, conclui.<\/p>\n\n\n\n<p>Acompanhe o movimento no <a href=\"https:\/\/instagram.com\/coletivomaisuma?igshid=YmMyMTA2M2Y=\">instagram<\/a>.<\/p>\n\n\n\n<figure class=\"wp-block-image size-full is-resized\"><img loading=\"lazy\" decoding=\"async\" src=\"https:\/\/folhapopular.info\/wp-content\/uploads\/2023\/03\/SECUNDARIA.jpeg\" alt=\"\" class=\"wp-image-122771\" width=\"798\" height=\"686\" srcset=\"https:\/\/folhapopular.info\/wp-content\/uploads\/2023\/03\/SECUNDARIA.jpeg 720w, https:\/\/folhapopular.info\/wp-content\/uploads\/2023\/03\/SECUNDARIA-300x258.jpeg 300w, https:\/\/folhapopular.info\/wp-content\/uploads\/2023\/03\/SECUNDARIA-696x598.jpeg 696w\" sizes=\"auto, (max-width: 798px) 100vw, 798px\" \/><figcaption class=\"wp-element-caption\"><strong>Secundo a idealizadora Let\u00edcia, a presen\u00e7a dos homens tamb\u00e9m \u00e9 importante na luta contra a viol\u00eancia<\/strong> <strong>\/ Cr\u00e9dito: Divulga\u00e7\u00e3o<\/strong><\/figcaption><\/figure>\n","protected":false},"excerpt":{"rendered":"<p>Sororidade, resist\u00eancia e luta s\u00e3o palavras que cercam o Coletivo Mais Uma. Criado por Let\u00edcia de Abreu Gomes e Rose Schweig Lopes, o movimento surgiu em 2016 com o intuito de colocar as mulheres em di\u00e1logo constante sobre pautas acerca do g\u00eanero. Conforme a idealizadora Let\u00edcia, apesar dos avan\u00e7os sociais, as mulheres ainda sofrem diversas [&hellip;]<\/p>\n","protected":false},"author":636,"featured_media":122770,"comment_status":"open","ping_status":"open","sticky":false,"template":"","format":"standard","meta":{"pmpro_default_level":"","_jetpack_memberships_contains_paid_content":false,"footnotes":""},"categories":[10998,2,6],"tags":[2082,11154,7237,7415,2779,10334,1269,4924,26],"class_list":{"0":"post-122769","1":"post","2":"type-post","3":"status-publish","4":"format-standard","5":"has-post-thumbnail","7":"category-comportamento","8":"category-featured","9":"category-inclusive","10":"tag-acoes","11":"tag-coletivo-mais-uma","12":"tag-feminismo","13":"tag-luta","14":"tag-manifestacoes","15":"tag-movimento","16":"tag-mulheres","17":"tag-resistencia","18":"tag-teutonia","19":"pmpro-has-access"},"yoast_head":"<!-- This site is optimized with the Yoast SEO plugin v27.5 - https:\/\/yoast.com\/product\/yoast-seo-wordpress\/ -->\n<title>Coletivo Mais Uma busca trazer tem\u00e1ticas femininas por meio de manifesta\u00e7\u00f5es - Folha Popular<\/title>\n<meta name=\"robots\" content=\"index, follow, max-snippet:-1, max-image-preview:large, max-video-preview:-1\" \/>\n<link rel=\"canonical\" href=\"https:\/\/folhapopular.info\/index.php\/2023\/03\/11\/coletivo-mais-uma-busca-trazer-tematicas-femininas-por-meio-de-manifestacoes\/\" \/>\n<meta property=\"og:locale\" content=\"pt_BR\" \/>\n<meta property=\"og:type\" content=\"article\" \/>\n<meta property=\"og:title\" content=\"Coletivo Mais Uma busca trazer tem\u00e1ticas femininas por meio de manifesta\u00e7\u00f5es - Folha Popular\" \/>\n<meta property=\"og:description\" content=\"Sororidade, resist\u00eancia e luta s\u00e3o palavras que cercam o Coletivo Mais Uma. Criado por Let\u00edcia de Abreu Gomes e Rose Schweig Lopes, o movimento surgiu em 2016 com o intuito de colocar as mulheres em di\u00e1logo constante sobre pautas acerca do g\u00eanero. Conforme a idealizadora Let\u00edcia, apesar dos avan\u00e7os sociais, as mulheres ainda sofrem diversas [&hellip;]\" \/>\n<meta property=\"og:url\" content=\"https:\/\/folhapopular.info\/index.php\/2023\/03\/11\/coletivo-mais-uma-busca-trazer-tematicas-femininas-por-meio-de-manifestacoes\/\" \/>\n<meta property=\"og:site_name\" content=\"Folha Popular\" \/>\n<meta property=\"article:published_time\" content=\"2023-03-11T12:10:00+00:00\" \/>\n<meta property=\"og:image\" content=\"https:\/\/folhapopular.info\/wp-content\/uploads\/2023\/03\/PRINCIPAL-e1678489193279.jpeg\" \/>\n\t<meta property=\"og:image:width\" content=\"719\" \/>\n\t<meta property=\"og:image:height\" content=\"356\" \/>\n\t<meta property=\"og:image:type\" content=\"image\/jpeg\" \/>\n<meta name=\"author\" content=\"Keila Gr\u00e4ff Anhaia\" \/>\n<meta name=\"twitter:card\" content=\"summary_large_image\" \/>\n<meta name=\"twitter:label1\" content=\"Escrito por\" \/>\n\t<meta name=\"twitter:data1\" content=\"Keila Gr\u00e4ff Anhaia\" \/>\n\t<meta name=\"twitter:label2\" content=\"Est. tempo de leitura\" \/>\n\t<meta name=\"twitter:data2\" content=\"4 minutos\" \/>\n<script type=\"application\/ld+json\" class=\"yoast-schema-graph\">{\"@context\":\"https:\\\/\\\/schema.org\",\"@graph\":[{\"@type\":\"Article\",\"@id\":\"https:\\\/\\\/folhapopular.info\\\/index.php\\\/2023\\\/03\\\/11\\\/coletivo-mais-uma-busca-trazer-tematicas-femininas-por-meio-de-manifestacoes\\\/#article\",\"isPartOf\":{\"@id\":\"https:\\\/\\\/folhapopular.info\\\/index.php\\\/2023\\\/03\\\/11\\\/coletivo-mais-uma-busca-trazer-tematicas-femininas-por-meio-de-manifestacoes\\\/\"},\"author\":{\"name\":\"Keila Gr\u00e4ff Anhaia\",\"@id\":\"https:\\\/\\\/folhapopular.info\\\/#\\\/schema\\\/person\\\/9a5695747e1046d5fac310c552cf6260\"},\"headline\":\"Coletivo Mais Uma busca trazer tem\u00e1ticas femininas por meio de manifesta\u00e7\u00f5es\",\"datePublished\":\"2023-03-11T12:10:00+00:00\",\"mainEntityOfPage\":{\"@id\":\"https:\\\/\\\/folhapopular.info\\\/index.php\\\/2023\\\/03\\\/11\\\/coletivo-mais-uma-busca-trazer-tematicas-femininas-por-meio-de-manifestacoes\\\/\"},\"wordCount\":657,\"commentCount\":0,\"image\":{\"@id\":\"https:\\\/\\\/folhapopular.info\\\/index.php\\\/2023\\\/03\\\/11\\\/coletivo-mais-uma-busca-trazer-tematicas-femininas-por-meio-de-manifestacoes\\\/#primaryimage\"},\"thumbnailUrl\":\"https:\\\/\\\/folhapopular.info\\\/wp-content\\\/uploads\\\/2023\\\/03\\\/PRINCIPAL-e1678489193279.jpeg\",\"keywords\":[\"A\u00e7\u00f5es\",\"Coletivo Mais Uma\",\"Feminismo\",\"Luta\",\"Manifesta\u00e7\u00f5es\",\"Movimento\",\"Mulheres\",\"resist\u00eancia\",\"Teut\u00f4nia\"],\"articleSection\":[\"Comportamento\",\"Destaques\",\"Inclusive\"],\"inLanguage\":\"pt-BR\",\"potentialAction\":[{\"@type\":\"CommentAction\",\"name\":\"Comment\",\"target\":[\"https:\\\/\\\/folhapopular.info\\\/index.php\\\/2023\\\/03\\\/11\\\/coletivo-mais-uma-busca-trazer-tematicas-femininas-por-meio-de-manifestacoes\\\/#respond\"]}]},{\"@type\":\"WebPage\",\"@id\":\"https:\\\/\\\/folhapopular.info\\\/index.php\\\/2023\\\/03\\\/11\\\/coletivo-mais-uma-busca-trazer-tematicas-femininas-por-meio-de-manifestacoes\\\/\",\"url\":\"https:\\\/\\\/folhapopular.info\\\/index.php\\\/2023\\\/03\\\/11\\\/coletivo-mais-uma-busca-trazer-tematicas-femininas-por-meio-de-manifestacoes\\\/\",\"name\":\"Coletivo Mais Uma busca trazer tem\u00e1ticas femininas por meio de manifesta\u00e7\u00f5es - Folha Popular\",\"isPartOf\":{\"@id\":\"https:\\\/\\\/folhapopular.info\\\/#website\"},\"primaryImageOfPage\":{\"@id\":\"https:\\\/\\\/folhapopular.info\\\/index.php\\\/2023\\\/03\\\/11\\\/coletivo-mais-uma-busca-trazer-tematicas-femininas-por-meio-de-manifestacoes\\\/#primaryimage\"},\"image\":{\"@id\":\"https:\\\/\\\/folhapopular.info\\\/index.php\\\/2023\\\/03\\\/11\\\/coletivo-mais-uma-busca-trazer-tematicas-femininas-por-meio-de-manifestacoes\\\/#primaryimage\"},\"thumbnailUrl\":\"https:\\\/\\\/folhapopular.info\\\/wp-content\\\/uploads\\\/2023\\\/03\\\/PRINCIPAL-e1678489193279.jpeg\",\"datePublished\":\"2023-03-11T12:10:00+00:00\",\"author\":{\"@id\":\"https:\\\/\\\/folhapopular.info\\\/#\\\/schema\\\/person\\\/9a5695747e1046d5fac310c552cf6260\"},\"breadcrumb\":{\"@id\":\"https:\\\/\\\/folhapopular.info\\\/index.php\\\/2023\\\/03\\\/11\\\/coletivo-mais-uma-busca-trazer-tematicas-femininas-por-meio-de-manifestacoes\\\/#breadcrumb\"},\"inLanguage\":\"pt-BR\",\"potentialAction\":[{\"@type\":\"ReadAction\",\"target\":[\"https:\\\/\\\/folhapopular.info\\\/index.php\\\/2023\\\/03\\\/11\\\/coletivo-mais-uma-busca-trazer-tematicas-femininas-por-meio-de-manifestacoes\\\/\"]}]},{\"@type\":\"ImageObject\",\"inLanguage\":\"pt-BR\",\"@id\":\"https:\\\/\\\/folhapopular.info\\\/index.php\\\/2023\\\/03\\\/11\\\/coletivo-mais-uma-busca-trazer-tematicas-femininas-por-meio-de-manifestacoes\\\/#primaryimage\",\"url\":\"https:\\\/\\\/folhapopular.info\\\/wp-content\\\/uploads\\\/2023\\\/03\\\/PRINCIPAL-e1678489193279.jpeg\",\"contentUrl\":\"https:\\\/\\\/folhapopular.info\\\/wp-content\\\/uploads\\\/2023\\\/03\\\/PRINCIPAL-e1678489193279.jpeg\",\"width\":719,\"height\":356,\"caption\":\"A \u00faltima caminhada tinha como tema o combate ao estupro e aconteceu em 2020, durante a pandemia \\\/ Cr\u00e9dito: Divulga\u00e7\u00e3o\"},{\"@type\":\"BreadcrumbList\",\"@id\":\"https:\\\/\\\/folhapopular.info\\\/index.php\\\/2023\\\/03\\\/11\\\/coletivo-mais-uma-busca-trazer-tematicas-femininas-por-meio-de-manifestacoes\\\/#breadcrumb\",\"itemListElement\":[{\"@type\":\"ListItem\",\"position\":1,\"name\":\"In\u00edcio\",\"item\":\"https:\\\/\\\/folhapopular.info\\\/\"},{\"@type\":\"ListItem\",\"position\":2,\"name\":\"Coletivo Mais Uma busca trazer tem\u00e1ticas femininas por meio de manifesta\u00e7\u00f5es\"}]},{\"@type\":\"WebSite\",\"@id\":\"https:\\\/\\\/folhapopular.info\\\/#website\",\"url\":\"https:\\\/\\\/folhapopular.info\\\/\",\"name\":\"Folha Popular\",\"description\":\"Onde voc\u00ea tem vez e voz\",\"potentialAction\":[{\"@type\":\"SearchAction\",\"target\":{\"@type\":\"EntryPoint\",\"urlTemplate\":\"https:\\\/\\\/folhapopular.info\\\/?s={search_term_string}\"},\"query-input\":{\"@type\":\"PropertyValueSpecification\",\"valueRequired\":true,\"valueName\":\"search_term_string\"}}],\"inLanguage\":\"pt-BR\"},{\"@type\":\"Person\",\"@id\":\"https:\\\/\\\/folhapopular.info\\\/#\\\/schema\\\/person\\\/9a5695747e1046d5fac310c552cf6260\",\"name\":\"Keila Gr\u00e4ff Anhaia\",\"image\":{\"@type\":\"ImageObject\",\"inLanguage\":\"pt-BR\",\"@id\":\"https:\\\/\\\/secure.gravatar.com\\\/avatar\\\/498ef5bfb389bc7ded562ad94f835a056e934ab779eb2a595c461a735cf74fba?s=96&d=mm&r=g\",\"url\":\"https:\\\/\\\/secure.gravatar.com\\\/avatar\\\/498ef5bfb389bc7ded562ad94f835a056e934ab779eb2a595c461a735cf74fba?s=96&d=mm&r=g\",\"contentUrl\":\"https:\\\/\\\/secure.gravatar.com\\\/avatar\\\/498ef5bfb389bc7ded562ad94f835a056e934ab779eb2a595c461a735cf74fba?s=96&d=mm&r=g\",\"caption\":\"Keila Gr\u00e4ff Anhaia\"},\"url\":\"https:\\\/\\\/folhapopular.info\\\/index.php\\\/author\\\/graffkeilagmail-com\\\/\"}]}<\/script>\n<!-- \/ Yoast SEO plugin. -->","yoast_head_json":{"title":"Coletivo Mais Uma busca trazer tem\u00e1ticas femininas por meio de manifesta\u00e7\u00f5es - Folha Popular","robots":{"index":"index","follow":"follow","max-snippet":"max-snippet:-1","max-image-preview":"max-image-preview:large","max-video-preview":"max-video-preview:-1"},"canonical":"https:\/\/folhapopular.info\/index.php\/2023\/03\/11\/coletivo-mais-uma-busca-trazer-tematicas-femininas-por-meio-de-manifestacoes\/","og_locale":"pt_BR","og_type":"article","og_title":"Coletivo Mais Uma busca trazer tem\u00e1ticas femininas por meio de manifesta\u00e7\u00f5es - Folha Popular","og_description":"Sororidade, resist\u00eancia e luta s\u00e3o palavras que cercam o Coletivo Mais Uma. Criado por Let\u00edcia de Abreu Gomes e Rose Schweig Lopes, o movimento surgiu em 2016 com o intuito de colocar as mulheres em di\u00e1logo constante sobre pautas acerca do g\u00eanero. Conforme a idealizadora Let\u00edcia, apesar dos avan\u00e7os sociais, as mulheres ainda sofrem diversas [&hellip;]","og_url":"https:\/\/folhapopular.info\/index.php\/2023\/03\/11\/coletivo-mais-uma-busca-trazer-tematicas-femininas-por-meio-de-manifestacoes\/","og_site_name":"Folha Popular","article_published_time":"2023-03-11T12:10:00+00:00","og_image":[{"width":719,"height":356,"url":"https:\/\/folhapopular.info\/wp-content\/uploads\/2023\/03\/PRINCIPAL-e1678489193279.jpeg","type":"image\/jpeg"}],"author":"Keila Gr\u00e4ff Anhaia","twitter_card":"summary_large_image","twitter_misc":{"Escrito por":"Keila Gr\u00e4ff Anhaia","Est. tempo de leitura":"4 minutos"},"schema":{"@context":"https:\/\/schema.org","@graph":[{"@type":"Article","@id":"https:\/\/folhapopular.info\/index.php\/2023\/03\/11\/coletivo-mais-uma-busca-trazer-tematicas-femininas-por-meio-de-manifestacoes\/#article","isPartOf":{"@id":"https:\/\/folhapopular.info\/index.php\/2023\/03\/11\/coletivo-mais-uma-busca-trazer-tematicas-femininas-por-meio-de-manifestacoes\/"},"author":{"name":"Keila Gr\u00e4ff Anhaia","@id":"https:\/\/folhapopular.info\/#\/schema\/person\/9a5695747e1046d5fac310c552cf6260"},"headline":"Coletivo Mais Uma busca trazer tem\u00e1ticas femininas por meio de manifesta\u00e7\u00f5es","datePublished":"2023-03-11T12:10:00+00:00","mainEntityOfPage":{"@id":"https:\/\/folhapopular.info\/index.php\/2023\/03\/11\/coletivo-mais-uma-busca-trazer-tematicas-femininas-por-meio-de-manifestacoes\/"},"wordCount":657,"commentCount":0,"image":{"@id":"https:\/\/folhapopular.info\/index.php\/2023\/03\/11\/coletivo-mais-uma-busca-trazer-tematicas-femininas-por-meio-de-manifestacoes\/#primaryimage"},"thumbnailUrl":"https:\/\/folhapopular.info\/wp-content\/uploads\/2023\/03\/PRINCIPAL-e1678489193279.jpeg","keywords":["A\u00e7\u00f5es","Coletivo Mais Uma","Feminismo","Luta","Manifesta\u00e7\u00f5es","Movimento","Mulheres","resist\u00eancia","Teut\u00f4nia"],"articleSection":["Comportamento","Destaques","Inclusive"],"inLanguage":"pt-BR","potentialAction":[{"@type":"CommentAction","name":"Comment","target":["https:\/\/folhapopular.info\/index.php\/2023\/03\/11\/coletivo-mais-uma-busca-trazer-tematicas-femininas-por-meio-de-manifestacoes\/#respond"]}]},{"@type":"WebPage","@id":"https:\/\/folhapopular.info\/index.php\/2023\/03\/11\/coletivo-mais-uma-busca-trazer-tematicas-femininas-por-meio-de-manifestacoes\/","url":"https:\/\/folhapopular.info\/index.php\/2023\/03\/11\/coletivo-mais-uma-busca-trazer-tematicas-femininas-por-meio-de-manifestacoes\/","name":"Coletivo Mais Uma busca trazer tem\u00e1ticas femininas por meio de manifesta\u00e7\u00f5es - Folha Popular","isPartOf":{"@id":"https:\/\/folhapopular.info\/#website"},"primaryImageOfPage":{"@id":"https:\/\/folhapopular.info\/index.php\/2023\/03\/11\/coletivo-mais-uma-busca-trazer-tematicas-femininas-por-meio-de-manifestacoes\/#primaryimage"},"image":{"@id":"https:\/\/folhapopular.info\/index.php\/2023\/03\/11\/coletivo-mais-uma-busca-trazer-tematicas-femininas-por-meio-de-manifestacoes\/#primaryimage"},"thumbnailUrl":"https:\/\/folhapopular.info\/wp-content\/uploads\/2023\/03\/PRINCIPAL-e1678489193279.jpeg","datePublished":"2023-03-11T12:10:00+00:00","author":{"@id":"https:\/\/folhapopular.info\/#\/schema\/person\/9a5695747e1046d5fac310c552cf6260"},"breadcrumb":{"@id":"https:\/\/folhapopular.info\/index.php\/2023\/03\/11\/coletivo-mais-uma-busca-trazer-tematicas-femininas-por-meio-de-manifestacoes\/#breadcrumb"},"inLanguage":"pt-BR","potentialAction":[{"@type":"ReadAction","target":["https:\/\/folhapopular.info\/index.php\/2023\/03\/11\/coletivo-mais-uma-busca-trazer-tematicas-femininas-por-meio-de-manifestacoes\/"]}]},{"@type":"ImageObject","inLanguage":"pt-BR","@id":"https:\/\/folhapopular.info\/index.php\/2023\/03\/11\/coletivo-mais-uma-busca-trazer-tematicas-femininas-por-meio-de-manifestacoes\/#primaryimage","url":"https:\/\/folhapopular.info\/wp-content\/uploads\/2023\/03\/PRINCIPAL-e1678489193279.jpeg","contentUrl":"https:\/\/folhapopular.info\/wp-content\/uploads\/2023\/03\/PRINCIPAL-e1678489193279.jpeg","width":719,"height":356,"caption":"A \u00faltima caminhada tinha como tema o combate ao estupro e aconteceu em 2020, durante a pandemia \/ Cr\u00e9dito: Divulga\u00e7\u00e3o"},{"@type":"BreadcrumbList","@id":"https:\/\/folhapopular.info\/index.php\/2023\/03\/11\/coletivo-mais-uma-busca-trazer-tematicas-femininas-por-meio-de-manifestacoes\/#breadcrumb","itemListElement":[{"@type":"ListItem","position":1,"name":"In\u00edcio","item":"https:\/\/folhapopular.info\/"},{"@type":"ListItem","position":2,"name":"Coletivo Mais Uma busca trazer tem\u00e1ticas femininas por meio de manifesta\u00e7\u00f5es"}]},{"@type":"WebSite","@id":"https:\/\/folhapopular.info\/#website","url":"https:\/\/folhapopular.info\/","name":"Folha Popular","description":"Onde voc\u00ea tem vez e voz","potentialAction":[{"@type":"SearchAction","target":{"@type":"EntryPoint","urlTemplate":"https:\/\/folhapopular.info\/?s={search_term_string}"},"query-input":{"@type":"PropertyValueSpecification","valueRequired":true,"valueName":"search_term_string"}}],"inLanguage":"pt-BR"},{"@type":"Person","@id":"https:\/\/folhapopular.info\/#\/schema\/person\/9a5695747e1046d5fac310c552cf6260","name":"Keila Gr\u00e4ff Anhaia","image":{"@type":"ImageObject","inLanguage":"pt-BR","@id":"https:\/\/secure.gravatar.com\/avatar\/498ef5bfb389bc7ded562ad94f835a056e934ab779eb2a595c461a735cf74fba?s=96&d=mm&r=g","url":"https:\/\/secure.gravatar.com\/avatar\/498ef5bfb389bc7ded562ad94f835a056e934ab779eb2a595c461a735cf74fba?s=96&d=mm&r=g","contentUrl":"https:\/\/secure.gravatar.com\/avatar\/498ef5bfb389bc7ded562ad94f835a056e934ab779eb2a595c461a735cf74fba?s=96&d=mm&r=g","caption":"Keila Gr\u00e4ff Anhaia"},"url":"https:\/\/folhapopular.info\/index.php\/author\/graffkeilagmail-com\/"}]}},"jetpack_featured_media_url":"https:\/\/folhapopular.info\/wp-content\/uploads\/2023\/03\/PRINCIPAL-e1678489193279.jpeg","jetpack_sharing_enabled":true,"amp_enabled":true,"_links":{"self":[{"href":"https:\/\/folhapopular.info\/index.php\/wp-json\/wp\/v2\/posts\/122769","targetHints":{"allow":["GET"]}}],"collection":[{"href":"https:\/\/folhapopular.info\/index.php\/wp-json\/wp\/v2\/posts"}],"about":[{"href":"https:\/\/folhapopular.info\/index.php\/wp-json\/wp\/v2\/types\/post"}],"author":[{"embeddable":true,"href":"https:\/\/folhapopular.info\/index.php\/wp-json\/wp\/v2\/users\/636"}],"replies":[{"embeddable":true,"href":"https:\/\/folhapopular.info\/index.php\/wp-json\/wp\/v2\/comments?post=122769"}],"version-history":[{"count":0,"href":"https:\/\/folhapopular.info\/index.php\/wp-json\/wp\/v2\/posts\/122769\/revisions"}],"wp:featuredmedia":[{"embeddable":true,"href":"https:\/\/folhapopular.info\/index.php\/wp-json\/wp\/v2\/media\/122770"}],"wp:attachment":[{"href":"https:\/\/folhapopular.info\/index.php\/wp-json\/wp\/v2\/media?parent=122769"}],"wp:term":[{"taxonomy":"category","embeddable":true,"href":"https:\/\/folhapopular.info\/index.php\/wp-json\/wp\/v2\/categories?post=122769"},{"taxonomy":"post_tag","embeddable":true,"href":"https:\/\/folhapopular.info\/index.php\/wp-json\/wp\/v2\/tags?post=122769"}],"curies":[{"name":"wp","href":"https:\/\/api.w.org\/{rel}","templated":true}]}}