{"id":122776,"date":"2023-03-11T12:55:22","date_gmt":"2023-03-11T15:55:22","guid":{"rendered":"https:\/\/folhapopular.info\/?p=122776"},"modified":"2023-03-11T12:55:26","modified_gmt":"2023-03-11T15:55:26","slug":"projeto-teutonia-cultural-e-oficialmente-lancado","status":"publish","type":"post","link":"https:\/\/folhapopular.info\/index.php\/2023\/03\/11\/projeto-teutonia-cultural-e-oficialmente-lancado\/","title":{"rendered":"Projeto Teut\u00f4nia Cultural \u00e9 oficialmente lan\u00e7ado"},"content":{"rendered":"\n<p><a href=\"https:\/\/folhapopular.info\/index.php\/2022\/10\/28\/estao-abertas-as-inscricoes-para-as-oficinas-do-projeto-teutonia-cultural\/\">Ap\u00f3s meio ano de atividades<\/a>, foi lan\u00e7ado oficialmente nesta sexta-feira (10\/3) o projeto Teut\u00f4nia Cultural. A iniciativa do Governo Municipal tem o intuito de incentivar a cultura e proporcionar atividades para todos os p\u00fablicos, desde crian\u00e7as a idosos, com 28 op\u00e7\u00f5es de oficinas. O valor anual do projeto ser\u00e1 de R$ 602.807,04, al\u00e9m da compra de instrumentos musicais.<\/p>\n\n\n\n<p>Na ocasi\u00e3o, foram apresentados os professores das oficinas, anunciada a reformula\u00e7\u00e3o do Conselho Municipal de Cultura e lan\u00e7ada a nova denomina\u00e7\u00e3o da Orquestra Jovem, que passar\u00e1 a ser chamada de Orquestra Henrique \u00dcebel, em homenagem ao legado cultural deixado pelo m\u00fasico, mais conhecido como Homem Orquestra. <\/p>\n\n\n\n<p>Na oportunidade, a subsecret\u00e1ria de Juventude, Cultura, Esporte e Lazer, Glaci Dickel, assumiu oficialmente a chefia da pasta. Ela agradeceu o apoio de toda a equipe, da vice-prefeita Aline R\u00f6hrig Kohl e do prefeito Celso Alo\u00edsio Forneck. &#8220;Se n\u00e3o trabalharmos em conjunto, n\u00e3o temos resultado. Foi uma trajet\u00f3ria longa de um ano e meio de trabalho, mas valeu a pena. Sei que temos uma equipe muito boa, com professores, em sua maioria, graduados, e que tenho certeza que acrescentar\u00e3o muito para o Munic\u00edpio&#8221;, enaltece.<\/p>\n\n\n\n<figure class=\"wp-block-image size-large is-resized\"><img loading=\"lazy\" decoding=\"async\" src=\"https:\/\/folhapopular.info\/wp-content\/uploads\/2023\/03\/DSC_0207-1024x684.jpg\" alt=\"\" class=\"wp-image-122847\" width=\"687\" height=\"459\" srcset=\"https:\/\/folhapopular.info\/wp-content\/uploads\/2023\/03\/DSC_0207-1024x684.jpg 1024w, https:\/\/folhapopular.info\/wp-content\/uploads\/2023\/03\/DSC_0207-300x201.jpg 300w, https:\/\/folhapopular.info\/wp-content\/uploads\/2023\/03\/DSC_0207-768x513.jpg 768w, https:\/\/folhapopular.info\/wp-content\/uploads\/2023\/03\/DSC_0207-1536x1027.jpg 1536w, https:\/\/folhapopular.info\/wp-content\/uploads\/2023\/03\/DSC_0207-2048x1369.jpg 2048w, https:\/\/folhapopular.info\/wp-content\/uploads\/2023\/03\/DSC_0207-696x465.jpg 696w, https:\/\/folhapopular.info\/wp-content\/uploads\/2023\/03\/DSC_0207-1068x714.jpg 1068w, https:\/\/folhapopular.info\/wp-content\/uploads\/2023\/03\/DSC_0207-1920x1283.jpg 1920w\" sizes=\"auto, (max-width: 687px) 100vw, 687px\" \/><figcaption class=\"wp-element-caption\">Secret\u00e1ria Glaci Dickel se emocionou ao relatar a trajet\u00f3ria do projeto. Cr\u00e9ditos: Camille Lenz da Silva<\/figcaption><\/figure>\n\n\n\n<p>Para Forneck, quando o projeto \u00e9 lan\u00e7ado, parece que o processo foi simples. &#8220;Mas tivemos muito cuidado para fazer todo ele dentro da legalidade, para que pudesse ser duradouro. Como professor de Ensinos Sociais, me sinto muito honrado por poder implementar esse projeto t\u00e3o grande. Tenho convic\u00e7\u00e3o de que a cultura muda as pessoas, afirma o car\u00e1ter e as torna mais soci\u00e1veis. Desejo que os professores tenham muito sucesso e que os alunos de hoje possam, no futuro, dar aulas neste mesmo projeto&#8221;, ressalta.<\/p>\n\n\n\n<figure class=\"wp-block-image size-large is-resized\"><img loading=\"lazy\" decoding=\"async\" src=\"https:\/\/folhapopular.info\/wp-content\/uploads\/2023\/03\/DSC_0234-1024x684.jpg\" alt=\"\" class=\"wp-image-122848\" width=\"690\" height=\"461\" srcset=\"https:\/\/folhapopular.info\/wp-content\/uploads\/2023\/03\/DSC_0234-1024x684.jpg 1024w, https:\/\/folhapopular.info\/wp-content\/uploads\/2023\/03\/DSC_0234-300x201.jpg 300w, https:\/\/folhapopular.info\/wp-content\/uploads\/2023\/03\/DSC_0234-768x513.jpg 768w, https:\/\/folhapopular.info\/wp-content\/uploads\/2023\/03\/DSC_0234-1536x1027.jpg 1536w, https:\/\/folhapopular.info\/wp-content\/uploads\/2023\/03\/DSC_0234-2048x1369.jpg 2048w, https:\/\/folhapopular.info\/wp-content\/uploads\/2023\/03\/DSC_0234-696x465.jpg 696w, https:\/\/folhapopular.info\/wp-content\/uploads\/2023\/03\/DSC_0234-1068x714.jpg 1068w, https:\/\/folhapopular.info\/wp-content\/uploads\/2023\/03\/DSC_0234-1920x1283.jpg 1920w\" sizes=\"auto, (max-width: 690px) 100vw, 690px\" \/><figcaption class=\"wp-element-caption\">Prefeito de Teut\u00f4nia enalteceu o trabalho realizado pela equipe. Cr\u00e9ditos: Camille Lenz da Silva<\/figcaption><\/figure>\n\n\n\n<h2 class=\"wp-block-heading\"><strong>Altera\u00e7\u00e3o nominal<\/strong><\/h2>\n\n\n\n<p>A lei 5947\/2023, que institui a Orquestra Henrique \u00dcebel, foi aprovada em 7 de mar\u00e7o pelos vereadores teutonienses. A Orquestra tem como objetivo difundir a arte musical, incentivar o m\u00fasico pr\u00e9-profissional, estimular o seu desenvolvimento e diversificar a sua forma\u00e7\u00e3o, facilitar o acesso e proporcionar que crian\u00e7as, jovens, adultos e idosos participem da atividade.<\/p>\n\n\n\n<p>O grupo realizar\u00e1 apresenta\u00e7\u00f5es em eventos p\u00fablicos e privados e ofertar\u00e1 cursos e participa\u00e7\u00f5es art\u00edsticas em espet\u00e1culos, grava\u00e7\u00f5es audiovisuais, entre outras a\u00e7\u00f5es. O maestro ser\u00e1 o professor Lucas Eduardo Grave.<\/p>\n\n\n\n<p>O neto do Homem Orquestra, Airton \u00dcebel, participou da cerim\u00f4nia de lan\u00e7amento. &#8220;Em 2010 criei o Instituto Henrique \u00dcebel, e desde ent\u00e3o \u00e9 a primeira vez que sinto algo diferente acontecendo na cultura de Teut\u00f4nia. Acredito muito neste projeto, tanto \u00e9 que aceitei participar dele. Parab\u00e9ns a todos que se empenharam, estou muito orgulhoso. \u00c9 um projeto grandioso e um diferencial para Teut\u00f4nia&#8221;, ressalta.<\/p>\n\n\n\n<figure class=\"wp-block-image size-large is-resized\"><img loading=\"lazy\" decoding=\"async\" src=\"https:\/\/folhapopular.info\/wp-content\/uploads\/2023\/03\/DSC_0240-1024x684.png\" alt=\"\" class=\"wp-image-122849\" width=\"678\" height=\"453\" srcset=\"https:\/\/folhapopular.info\/wp-content\/uploads\/2023\/03\/DSC_0240-1024x684.png 1024w, https:\/\/folhapopular.info\/wp-content\/uploads\/2023\/03\/DSC_0240-300x201.png 300w, https:\/\/folhapopular.info\/wp-content\/uploads\/2023\/03\/DSC_0240-768x513.png 768w, https:\/\/folhapopular.info\/wp-content\/uploads\/2023\/03\/DSC_0240-1536x1027.png 1536w, https:\/\/folhapopular.info\/wp-content\/uploads\/2023\/03\/DSC_0240-2048x1369.png 2048w, https:\/\/folhapopular.info\/wp-content\/uploads\/2023\/03\/DSC_0240-696x465.png 696w, https:\/\/folhapopular.info\/wp-content\/uploads\/2023\/03\/DSC_0240-1068x714.png 1068w, https:\/\/folhapopular.info\/wp-content\/uploads\/2023\/03\/DSC_0240-1920x1283.png 1920w\" sizes=\"auto, (max-width: 678px) 100vw, 678px\" \/><figcaption class=\"wp-element-caption\">Neto do Homem Orquestra, Airton \u00dcebel, agradeceu a homenagem. Cr\u00e9ditos: Camille Lenz da Silva<\/figcaption><\/figure>\n\n\n\n<h2 class=\"wp-block-heading\"><strong>Reformula\u00e7\u00e3o<\/strong><\/h2>\n\n\n\n<p>Tamb\u00e9m na oportunidade foi anunciada a reformula\u00e7\u00e3o do Conselho Municipal de Cultura de Teut\u00f4nia. Os novos representantes ser\u00e3o os respons\u00e1veis por pensar em estrat\u00e9gias e pol\u00edticas p\u00fablicas voltadas \u00e0 \u00e1rea cultural do munic\u00edpio.<\/p>\n\n\n\n<figure class=\"wp-block-image size-large is-resized\"><img loading=\"lazy\" decoding=\"async\" src=\"https:\/\/folhapopular.info\/wp-content\/uploads\/2023\/03\/DSC_0251-1024x684.png\" alt=\"\" class=\"wp-image-122850\" width=\"680\" height=\"454\" srcset=\"https:\/\/folhapopular.info\/wp-content\/uploads\/2023\/03\/DSC_0251-1024x684.png 1024w, https:\/\/folhapopular.info\/wp-content\/uploads\/2023\/03\/DSC_0251-300x201.png 300w, https:\/\/folhapopular.info\/wp-content\/uploads\/2023\/03\/DSC_0251-768x513.png 768w, https:\/\/folhapopular.info\/wp-content\/uploads\/2023\/03\/DSC_0251-1536x1027.png 1536w, https:\/\/folhapopular.info\/wp-content\/uploads\/2023\/03\/DSC_0251-2048x1369.png 2048w, https:\/\/folhapopular.info\/wp-content\/uploads\/2023\/03\/DSC_0251-696x465.png 696w, https:\/\/folhapopular.info\/wp-content\/uploads\/2023\/03\/DSC_0251-1068x714.png 1068w, https:\/\/folhapopular.info\/wp-content\/uploads\/2023\/03\/DSC_0251-1920x1283.png 1920w\" sizes=\"auto, (max-width: 680px) 100vw, 680px\" \/><figcaption class=\"wp-element-caption\">Novos conselheiros municipais de Cultura foram apresentados. Cr\u00e9ditos: Camille Lenz da Silva<\/figcaption><\/figure>\n\n\n\n<p>Desta forma, os membros titulares s\u00e3o: Claudia Cristina R\u00f6hrig, Lucas Josu\u00e9 Wickert, Leandra Gomes Gon\u00e7alves, Glaci Kunzler Dickel, C\u00e9sar Klein, Carlos Agmar Peixoto, Nalva Stum, Fernando Mariga, J\u00falia Renata D\u00f6rr, Bruno Ruschel, Lucas Eduardo Grave, Arlete Becker Delwing Campos, Rosita Schneider e Nelsi Maria Mieth.<\/p>\n\n\n\n<h2 class=\"wp-block-heading\"><strong>Oficinas<\/strong><\/h2>\n\n\n\n<p>O Teut\u00f4nia cultural busca atender estudantes da rede escolar da cidade e mun\u00edcipes em geral. As oficinas s\u00e3o ministradas nos educand\u00e1rios no contraturno escolar, em salas disponibilizadas pelas comunidades ou locadas pelo Munic\u00edpio.<\/p>\n\n\n\n<p>Por meio do projeto s\u00e3o ofertadas as oficinas de violino, violoncelo, flauta transversal, flauta soprano, clarinete, saxofone, trompete, trombone, teclado, acordeon, viol\u00e3o, guitarra, baixo el\u00e9trico, bateria, teatro e cinema, dan\u00e7as alem\u00e3s, Coral Municipal de Teut\u00f4nia, Coral Municipal Anos Dourados, Coral Municipal Infantojuvenil e Orquestra Jovem. <\/p>\n\n\n\n<p>Os interessados em participar podem entrar em contato com a equipe da Secretaria de Juventude, Cultura, Esporte e Lazer, na sala 17 do Centro Administrativo, das 7h30 \u00e0s 11h30 e das 13h \u00e0s 17h, ou atrav\u00e9s do telefone 3762-7700, ramal 188. Confira as op\u00e7\u00f5es:<\/p>\n\n\n\n<h3 class=\"wp-block-heading\"><strong>Oficinas instrumentais<\/strong><\/h3>\n\n\n\n<ul class=\"wp-block-list\">\n<li>Acordeon<br>Professor: Marco Osterkamp<br>Local: Comunidade Cat\u00f3lica de Languiru<br>Quando: Ter\u00e7a-feira \/ 8h \u00e0s 12h \u2013 13h \u00e0s 17h<br><\/li>\n\n\n\n<li>Bateria<br>Professor: Pedro Boettcher<br>Local: S\u00ednodo<br>Quando: Quinta-feira e Sexta-feira \/ 8h \u00e0s 12<br><\/li>\n\n\n\n<li>Baixo El\u00e9trico<br>Professor: Lucas Welp<br>Local: S\u00ednodo<br>Quando: Segunda-feira \/ 8h \u00e0s 12h \u2013 13h \u00e0s 17h<br><\/li>\n\n\n\n<li>Clarinete<br>Professor: Charles Gregory<br>Local: Comunidade Evang\u00e9lica Martin Luther<br>Quando: Quinta-feira \/ 8h \u00e0s 12h \u2013 13h \u00e0s 17h<br><\/li>\n\n\n\n<li>Flauta Transversal<br>Professora: Ana Carolina Bueno<br>Local: S\u00ednodo<br>Quando: Ter\u00e7a-feira \/ 10h \u00e0s 18h<br><\/li>\n\n\n\n<li>Flauta Soprano<br>Professor: Pedro Schaeffer<br>Local: Escola Alfredo Schneider<br>Quando: Ter\u00e7a-feira \/ 7h30 \u00e0s 11h30 \u2013 13h \u00e0s 17h<br><\/li>\n\n\n\n<li>Guitarra<br>Professor: Lucas Welp<br>Local: S\u00ednodo<br>Quando: Segunda-feira \/ 8h \u00e0s 12h \u2013 13h \u00e0s 17h<br><\/li>\n\n\n\n<li>Teclado<br>Professor: Jorge Meirer<br>Local: S\u00ednodo<br>Quando: Segunda e Quinta-feira \/ 17h \u00e0s 21h<br><\/li>\n\n\n\n<li>Trombone<br>Professor: Charles Gregory<br>Local: Comunidade Evang\u00e9lica Martin Luther<br>Quando: Quinta-feira \/ 8h \u00e0s 12h \u2013 13h \u00e0s 17h<br><\/li>\n\n\n\n<li>Trompete<br>Professor: Charles Gregory<br>Local: Comunidade Evang\u00e9lica Martin Luther<br>Quando: Quinta-feira \/ 8h \u00e0s 12h \u2013 13h \u00e0s 17h<br><\/li>\n\n\n\n<li>Saxofone Alto e Tenor<br>Professor: Cristiano Ludwig<br>Local: S\u00ednodo<br>Quando: Ter\u00e7a-feira \/ 10 \u00e0s 18h<br><\/li>\n\n\n\n<li>Viol\u00e3o<br>Professores: Arthur Wiebusch, Jorge Meirer e Pedro Schaeffer<br>Local: Escola Alfredo Schneider, S\u00ednodo e Siticalte<br>Quando: Ter\u00e7a-feira e Quarta-feira<br><\/li>\n\n\n\n<li>Violino e Violoncelo<br>Professora: Cristine Vasconcellos<br>Local: Siticalte<br>Quando: Quarta-feira e Sexta-feira \/ 15h \u00e0s 18h \u2013 8h \u00e0s 12h \u2013 13h \u00e0s 18h<br><\/li>\n\n\n\n<li>Orquestra Henrique Uebel<br>Professor: Lucas Eduardo Grave<br>Local: S\u00ednodo<br>Quando: S\u00e1bado \/ 9h \u00e0s 11h<\/li>\n<\/ul>\n\n\n\n<h3 class=\"wp-block-heading\"><strong>Oficinas culturais<\/strong><\/h3>\n\n\n\n<ul class=\"wp-block-list\">\n<li>Bandinha Circulante<br>Professor: Airton Grave<br>Local: Comunidades e eventos<br>Quando: Conforme demanda<br><\/li>\n\n\n\n<li>Capoeira<br>Professores: Reginaldo Pinheiro Pereira e Dirlei Broenstrup<br>Local: CT M\u00e3o de Pedra<br>Quando: Ter\u00e7a-feira \/ 13h \u00e0s 15h<br><\/li>\n\n\n\n<li>Coral Municipal Anos Dourados<br>Professor: Martin Altevogt<br>Local: S\u00ednodo<br>Quando: Ter\u00e7a-feira \/ 8h30<br><\/li>\n\n\n\n<li>Coral Municipal de Teut\u00f4nia<br>Professor: Martin Altevogt<br>Local: S\u00ednodo<br>Quando: Segunda-feira \/ 18h30<br><\/li>\n\n\n\n<li>Coral Municipal Infantojuvenil<br>Professor: Marlon Gausmann<br>Local: Siticalte<br>Quando: S\u00e1bado \/ 8h30 \u00e0s 10h<br><\/li>\n\n\n\n<li>Resgate Cultural<br>Professor: Airton Grave<br>Local: Comunidades e eventos<br>Quando: Conforme demanda<\/li>\n<\/ul>\n\n\n\n<h3 class=\"wp-block-heading\"><strong>Oficinas art\u00edsticas<\/strong><\/h3>\n\n\n\n<ul class=\"wp-block-list\">\n<li>Artesanato<br>Professora: Ros\u00e2ngela dos Santos Duarte<br>Local: Comunidades<br>Quando: Segunda a sexta-feira \/ Manh\u00e3 e tarde<br><\/li>\n\n\n\n<li>Dan\u00e7as Alem\u00e3s<br>Professores: Evanilson de Moraes e Tatiani Fiegenbaum Richter<br>Local: Comunidade Evang\u00e9lica Martin Luther e Escola Alfredo Schneider<br>Quando: Ter\u00e7a-feira e Quarta-feira \/ 9h \u00e0s 11h &#8211; 15h<br><\/li>\n\n\n\n<li>Dan\u00e7as Gauchescas<br>Em licita\u00e7\u00e3o<br><\/li>\n\n\n\n<li>Desenho<br>Professora: Cristina Carvalho Pott<br>Local: Siticalte, Comunidade Cat\u00f3lica Cristo Rei e no bairro Teut\u00f4nia<br>Quando: Segunda-feira, Ter\u00e7a-feira e Quarta-feira<br><\/li>\n\n\n\n<li>Pintura \u00d3leo Sobre Tela<br>Professor: Silvio Roberto de Farias<br>Local: Bairro Teut\u00f4nia<br>Quando: Ter\u00e7a-feira e Quinta-feira<br><\/li>\n\n\n\n<li>Teatro &amp; Cinema<br>Professora: Candida Ang\u00e9li Kerber Tuti<br>Local: Siticalte e Comunidade Evang\u00e9lica Martin Luther<br>Quando: Segunda-feira<\/li>\n<\/ul>\n\n\n\n<p> <\/p>\n","protected":false},"excerpt":{"rendered":"<p>Ap\u00f3s meio ano de atividades, foi lan\u00e7ado oficialmente nesta sexta-feira (10\/3) o projeto Teut\u00f4nia Cultural. A iniciativa do Governo Municipal tem o intuito de incentivar a cultura e proporcionar atividades para todos os p\u00fablicos, desde crian\u00e7as a idosos, com 28 op\u00e7\u00f5es de oficinas. O valor anual do projeto ser\u00e1 de R$ 602.807,04, al\u00e9m da compra [&hellip;]<\/p>\n","protected":false},"author":639,"featured_media":122851,"comment_status":"open","ping_status":"open","sticky":false,"template":"","format":"standard","meta":{"pmpro_default_level":"","_jetpack_memberships_contains_paid_content":false,"footnotes":""},"categories":[10996,2,6],"tags":[11176,11173,344,11172,11174,4846,805,11171,11175,26,11170],"class_list":{"0":"post-122776","1":"post","2":"type-post","3":"status-publish","4":"format-standard","5":"has-post-thumbnail","7":"category-cultura","8":"category-featured","9":"category-inclusive","10":"tag-aloisio-forneck","11":"tag-conselho-municipal-de-cultura","12":"tag-cultura","13":"tag-henrique-uebel","14":"tag-homem-orquestra","15":"tag-musica-2","16":"tag-oficinas","17":"tag-orquestra-henrique-uebel","18":"tag-secretaria-de-juventude-cultura-esporte-e-lazer","19":"tag-teutonia","20":"tag-teutonia-cultural","21":"pmpro-has-access"},"yoast_head":"<!-- This site is optimized with the Yoast SEO plugin v27.4 - https:\/\/yoast.com\/product\/yoast-seo-wordpress\/ -->\n<title>Projeto Teut\u00f4nia Cultural \u00e9 oficialmente lan\u00e7ado - Folha Popular<\/title>\n<meta name=\"robots\" content=\"index, follow, max-snippet:-1, max-image-preview:large, max-video-preview:-1\" \/>\n<link rel=\"canonical\" href=\"https:\/\/folhapopular.info\/index.php\/2023\/03\/11\/projeto-teutonia-cultural-e-oficialmente-lancado\/\" \/>\n<meta property=\"og:locale\" content=\"pt_BR\" \/>\n<meta property=\"og:type\" content=\"article\" \/>\n<meta property=\"og:title\" content=\"Projeto Teut\u00f4nia Cultural \u00e9 oficialmente lan\u00e7ado - Folha Popular\" \/>\n<meta property=\"og:description\" content=\"Ap\u00f3s meio ano de atividades, foi lan\u00e7ado oficialmente nesta sexta-feira (10\/3) o projeto Teut\u00f4nia Cultural. A iniciativa do Governo Municipal tem o intuito de incentivar a cultura e proporcionar atividades para todos os p\u00fablicos, desde crian\u00e7as a idosos, com 28 op\u00e7\u00f5es de oficinas. O valor anual do projeto ser\u00e1 de R$ 602.807,04, al\u00e9m da compra [&hellip;]\" \/>\n<meta property=\"og:url\" content=\"https:\/\/folhapopular.info\/index.php\/2023\/03\/11\/projeto-teutonia-cultural-e-oficialmente-lancado\/\" \/>\n<meta property=\"og:site_name\" content=\"Folha Popular\" \/>\n<meta property=\"article:published_time\" content=\"2023-03-11T15:55:22+00:00\" \/>\n<meta property=\"article:modified_time\" content=\"2023-03-11T15:55:26+00:00\" \/>\n<meta property=\"og:image\" content=\"http:\/\/folhapopular.info\/wp-content\/uploads\/2023\/03\/DSC_0257-scaled.jpg\" \/>\n\t<meta property=\"og:image:width\" content=\"2560\" \/>\n\t<meta property=\"og:image:height\" content=\"1711\" \/>\n\t<meta property=\"og:image:type\" content=\"image\/jpeg\" \/>\n<meta name=\"author\" content=\"Camille Lenz da Silva\" \/>\n<meta name=\"twitter:card\" content=\"summary_large_image\" \/>\n<meta name=\"twitter:label1\" content=\"Escrito por\" \/>\n\t<meta name=\"twitter:data1\" content=\"Camille Lenz da Silva\" \/>\n\t<meta name=\"twitter:label2\" content=\"Est. tempo de leitura\" \/>\n\t<meta name=\"twitter:data2\" content=\"7 minutos\" \/>\n<script type=\"application\/ld+json\" class=\"yoast-schema-graph\">{\"@context\":\"https:\\\/\\\/schema.org\",\"@graph\":[{\"@type\":\"Article\",\"@id\":\"https:\\\/\\\/folhapopular.info\\\/index.php\\\/2023\\\/03\\\/11\\\/projeto-teutonia-cultural-e-oficialmente-lancado\\\/#article\",\"isPartOf\":{\"@id\":\"https:\\\/\\\/folhapopular.info\\\/index.php\\\/2023\\\/03\\\/11\\\/projeto-teutonia-cultural-e-oficialmente-lancado\\\/\"},\"author\":{\"name\":\"Camille Lenz da Silva\",\"@id\":\"https:\\\/\\\/folhapopular.info\\\/#\\\/schema\\\/person\\\/f0b811f932ef2505faf473ffaef49df5\"},\"headline\":\"Projeto Teut\u00f4nia Cultural \u00e9 oficialmente lan\u00e7ado\",\"datePublished\":\"2023-03-11T15:55:22+00:00\",\"dateModified\":\"2023-03-11T15:55:26+00:00\",\"mainEntityOfPage\":{\"@id\":\"https:\\\/\\\/folhapopular.info\\\/index.php\\\/2023\\\/03\\\/11\\\/projeto-teutonia-cultural-e-oficialmente-lancado\\\/\"},\"wordCount\":1125,\"commentCount\":0,\"image\":{\"@id\":\"https:\\\/\\\/folhapopular.info\\\/index.php\\\/2023\\\/03\\\/11\\\/projeto-teutonia-cultural-e-oficialmente-lancado\\\/#primaryimage\"},\"thumbnailUrl\":\"https:\\\/\\\/folhapopular.info\\\/wp-content\\\/uploads\\\/2023\\\/03\\\/DSC_0257-scaled.jpg\",\"keywords\":[\"alo\u00edsio forneck\",\"conselho municipal de cultura\",\"Cultura\",\"henrique \u00fcebel\",\"homem orquestra\",\"M\u00fasica\",\"Oficinas\",\"Orquestra Henrique \u00fcebel\",\"secretaria de juventude cultura esporte e lazer\",\"Teut\u00f4nia\",\"teut\u00f4nia cultural\"],\"articleSection\":[\"Cultura\",\"Destaques\",\"Inclusive\"],\"inLanguage\":\"pt-BR\",\"potentialAction\":[{\"@type\":\"CommentAction\",\"name\":\"Comment\",\"target\":[\"https:\\\/\\\/folhapopular.info\\\/index.php\\\/2023\\\/03\\\/11\\\/projeto-teutonia-cultural-e-oficialmente-lancado\\\/#respond\"]}]},{\"@type\":\"WebPage\",\"@id\":\"https:\\\/\\\/folhapopular.info\\\/index.php\\\/2023\\\/03\\\/11\\\/projeto-teutonia-cultural-e-oficialmente-lancado\\\/\",\"url\":\"https:\\\/\\\/folhapopular.info\\\/index.php\\\/2023\\\/03\\\/11\\\/projeto-teutonia-cultural-e-oficialmente-lancado\\\/\",\"name\":\"Projeto Teut\u00f4nia Cultural \u00e9 oficialmente lan\u00e7ado - Folha Popular\",\"isPartOf\":{\"@id\":\"https:\\\/\\\/folhapopular.info\\\/#website\"},\"primaryImageOfPage\":{\"@id\":\"https:\\\/\\\/folhapopular.info\\\/index.php\\\/2023\\\/03\\\/11\\\/projeto-teutonia-cultural-e-oficialmente-lancado\\\/#primaryimage\"},\"image\":{\"@id\":\"https:\\\/\\\/folhapopular.info\\\/index.php\\\/2023\\\/03\\\/11\\\/projeto-teutonia-cultural-e-oficialmente-lancado\\\/#primaryimage\"},\"thumbnailUrl\":\"https:\\\/\\\/folhapopular.info\\\/wp-content\\\/uploads\\\/2023\\\/03\\\/DSC_0257-scaled.jpg\",\"datePublished\":\"2023-03-11T15:55:22+00:00\",\"dateModified\":\"2023-03-11T15:55:26+00:00\",\"author\":{\"@id\":\"https:\\\/\\\/folhapopular.info\\\/#\\\/schema\\\/person\\\/f0b811f932ef2505faf473ffaef49df5\"},\"breadcrumb\":{\"@id\":\"https:\\\/\\\/folhapopular.info\\\/index.php\\\/2023\\\/03\\\/11\\\/projeto-teutonia-cultural-e-oficialmente-lancado\\\/#breadcrumb\"},\"inLanguage\":\"pt-BR\",\"potentialAction\":[{\"@type\":\"ReadAction\",\"target\":[\"https:\\\/\\\/folhapopular.info\\\/index.php\\\/2023\\\/03\\\/11\\\/projeto-teutonia-cultural-e-oficialmente-lancado\\\/\"]}]},{\"@type\":\"ImageObject\",\"inLanguage\":\"pt-BR\",\"@id\":\"https:\\\/\\\/folhapopular.info\\\/index.php\\\/2023\\\/03\\\/11\\\/projeto-teutonia-cultural-e-oficialmente-lancado\\\/#primaryimage\",\"url\":\"https:\\\/\\\/folhapopular.info\\\/wp-content\\\/uploads\\\/2023\\\/03\\\/DSC_0257-scaled.jpg\",\"contentUrl\":\"https:\\\/\\\/folhapopular.info\\\/wp-content\\\/uploads\\\/2023\\\/03\\\/DSC_0257-scaled.jpg\",\"width\":2560,\"height\":1711,\"caption\":\"Professores ministram as 28 oficinas oferecidas no projeto. Cr\u00e9ditos: Camille Lenz da Silva\"},{\"@type\":\"BreadcrumbList\",\"@id\":\"https:\\\/\\\/folhapopular.info\\\/index.php\\\/2023\\\/03\\\/11\\\/projeto-teutonia-cultural-e-oficialmente-lancado\\\/#breadcrumb\",\"itemListElement\":[{\"@type\":\"ListItem\",\"position\":1,\"name\":\"In\u00edcio\",\"item\":\"https:\\\/\\\/folhapopular.info\\\/\"},{\"@type\":\"ListItem\",\"position\":2,\"name\":\"Projeto Teut\u00f4nia Cultural \u00e9 oficialmente lan\u00e7ado\"}]},{\"@type\":\"WebSite\",\"@id\":\"https:\\\/\\\/folhapopular.info\\\/#website\",\"url\":\"https:\\\/\\\/folhapopular.info\\\/\",\"name\":\"Folha Popular\",\"description\":\"Onde voc\u00ea tem vez e voz\",\"potentialAction\":[{\"@type\":\"SearchAction\",\"target\":{\"@type\":\"EntryPoint\",\"urlTemplate\":\"https:\\\/\\\/folhapopular.info\\\/?s={search_term_string}\"},\"query-input\":{\"@type\":\"PropertyValueSpecification\",\"valueRequired\":true,\"valueName\":\"search_term_string\"}}],\"inLanguage\":\"pt-BR\"},{\"@type\":\"Person\",\"@id\":\"https:\\\/\\\/folhapopular.info\\\/#\\\/schema\\\/person\\\/f0b811f932ef2505faf473ffaef49df5\",\"name\":\"Camille Lenz da Silva\",\"image\":{\"@type\":\"ImageObject\",\"inLanguage\":\"pt-BR\",\"@id\":\"https:\\\/\\\/secure.gravatar.com\\\/avatar\\\/50be826d73ca259ec0e0a88a407f5de800c576c46cfdc57e50ef28551e216fff?s=96&d=mm&r=g\",\"url\":\"https:\\\/\\\/secure.gravatar.com\\\/avatar\\\/50be826d73ca259ec0e0a88a407f5de800c576c46cfdc57e50ef28551e216fff?s=96&d=mm&r=g\",\"contentUrl\":\"https:\\\/\\\/secure.gravatar.com\\\/avatar\\\/50be826d73ca259ec0e0a88a407f5de800c576c46cfdc57e50ef28551e216fff?s=96&d=mm&r=g\",\"caption\":\"Camille Lenz da Silva\"},\"url\":\"https:\\\/\\\/folhapopular.info\\\/index.php\\\/author\\\/camillelenzgmail-com\\\/\"}]}<\/script>\n<!-- \/ Yoast SEO plugin. -->","yoast_head_json":{"title":"Projeto Teut\u00f4nia Cultural \u00e9 oficialmente lan\u00e7ado - Folha Popular","robots":{"index":"index","follow":"follow","max-snippet":"max-snippet:-1","max-image-preview":"max-image-preview:large","max-video-preview":"max-video-preview:-1"},"canonical":"https:\/\/folhapopular.info\/index.php\/2023\/03\/11\/projeto-teutonia-cultural-e-oficialmente-lancado\/","og_locale":"pt_BR","og_type":"article","og_title":"Projeto Teut\u00f4nia Cultural \u00e9 oficialmente lan\u00e7ado - Folha Popular","og_description":"Ap\u00f3s meio ano de atividades, foi lan\u00e7ado oficialmente nesta sexta-feira (10\/3) o projeto Teut\u00f4nia Cultural. A iniciativa do Governo Municipal tem o intuito de incentivar a cultura e proporcionar atividades para todos os p\u00fablicos, desde crian\u00e7as a idosos, com 28 op\u00e7\u00f5es de oficinas. O valor anual do projeto ser\u00e1 de R$ 602.807,04, al\u00e9m da compra [&hellip;]","og_url":"https:\/\/folhapopular.info\/index.php\/2023\/03\/11\/projeto-teutonia-cultural-e-oficialmente-lancado\/","og_site_name":"Folha Popular","article_published_time":"2023-03-11T15:55:22+00:00","article_modified_time":"2023-03-11T15:55:26+00:00","og_image":[{"width":2560,"height":1711,"url":"http:\/\/folhapopular.info\/wp-content\/uploads\/2023\/03\/DSC_0257-scaled.jpg","type":"image\/jpeg"}],"author":"Camille Lenz da Silva","twitter_card":"summary_large_image","twitter_misc":{"Escrito por":"Camille Lenz da Silva","Est. tempo de leitura":"7 minutos"},"schema":{"@context":"https:\/\/schema.org","@graph":[{"@type":"Article","@id":"https:\/\/folhapopular.info\/index.php\/2023\/03\/11\/projeto-teutonia-cultural-e-oficialmente-lancado\/#article","isPartOf":{"@id":"https:\/\/folhapopular.info\/index.php\/2023\/03\/11\/projeto-teutonia-cultural-e-oficialmente-lancado\/"},"author":{"name":"Camille Lenz da Silva","@id":"https:\/\/folhapopular.info\/#\/schema\/person\/f0b811f932ef2505faf473ffaef49df5"},"headline":"Projeto Teut\u00f4nia Cultural \u00e9 oficialmente lan\u00e7ado","datePublished":"2023-03-11T15:55:22+00:00","dateModified":"2023-03-11T15:55:26+00:00","mainEntityOfPage":{"@id":"https:\/\/folhapopular.info\/index.php\/2023\/03\/11\/projeto-teutonia-cultural-e-oficialmente-lancado\/"},"wordCount":1125,"commentCount":0,"image":{"@id":"https:\/\/folhapopular.info\/index.php\/2023\/03\/11\/projeto-teutonia-cultural-e-oficialmente-lancado\/#primaryimage"},"thumbnailUrl":"https:\/\/folhapopular.info\/wp-content\/uploads\/2023\/03\/DSC_0257-scaled.jpg","keywords":["alo\u00edsio forneck","conselho municipal de cultura","Cultura","henrique \u00fcebel","homem orquestra","M\u00fasica","Oficinas","Orquestra Henrique \u00fcebel","secretaria de juventude cultura esporte e lazer","Teut\u00f4nia","teut\u00f4nia cultural"],"articleSection":["Cultura","Destaques","Inclusive"],"inLanguage":"pt-BR","potentialAction":[{"@type":"CommentAction","name":"Comment","target":["https:\/\/folhapopular.info\/index.php\/2023\/03\/11\/projeto-teutonia-cultural-e-oficialmente-lancado\/#respond"]}]},{"@type":"WebPage","@id":"https:\/\/folhapopular.info\/index.php\/2023\/03\/11\/projeto-teutonia-cultural-e-oficialmente-lancado\/","url":"https:\/\/folhapopular.info\/index.php\/2023\/03\/11\/projeto-teutonia-cultural-e-oficialmente-lancado\/","name":"Projeto Teut\u00f4nia Cultural \u00e9 oficialmente lan\u00e7ado - Folha Popular","isPartOf":{"@id":"https:\/\/folhapopular.info\/#website"},"primaryImageOfPage":{"@id":"https:\/\/folhapopular.info\/index.php\/2023\/03\/11\/projeto-teutonia-cultural-e-oficialmente-lancado\/#primaryimage"},"image":{"@id":"https:\/\/folhapopular.info\/index.php\/2023\/03\/11\/projeto-teutonia-cultural-e-oficialmente-lancado\/#primaryimage"},"thumbnailUrl":"https:\/\/folhapopular.info\/wp-content\/uploads\/2023\/03\/DSC_0257-scaled.jpg","datePublished":"2023-03-11T15:55:22+00:00","dateModified":"2023-03-11T15:55:26+00:00","author":{"@id":"https:\/\/folhapopular.info\/#\/schema\/person\/f0b811f932ef2505faf473ffaef49df5"},"breadcrumb":{"@id":"https:\/\/folhapopular.info\/index.php\/2023\/03\/11\/projeto-teutonia-cultural-e-oficialmente-lancado\/#breadcrumb"},"inLanguage":"pt-BR","potentialAction":[{"@type":"ReadAction","target":["https:\/\/folhapopular.info\/index.php\/2023\/03\/11\/projeto-teutonia-cultural-e-oficialmente-lancado\/"]}]},{"@type":"ImageObject","inLanguage":"pt-BR","@id":"https:\/\/folhapopular.info\/index.php\/2023\/03\/11\/projeto-teutonia-cultural-e-oficialmente-lancado\/#primaryimage","url":"https:\/\/folhapopular.info\/wp-content\/uploads\/2023\/03\/DSC_0257-scaled.jpg","contentUrl":"https:\/\/folhapopular.info\/wp-content\/uploads\/2023\/03\/DSC_0257-scaled.jpg","width":2560,"height":1711,"caption":"Professores ministram as 28 oficinas oferecidas no projeto. Cr\u00e9ditos: Camille Lenz da Silva"},{"@type":"BreadcrumbList","@id":"https:\/\/folhapopular.info\/index.php\/2023\/03\/11\/projeto-teutonia-cultural-e-oficialmente-lancado\/#breadcrumb","itemListElement":[{"@type":"ListItem","position":1,"name":"In\u00edcio","item":"https:\/\/folhapopular.info\/"},{"@type":"ListItem","position":2,"name":"Projeto Teut\u00f4nia Cultural \u00e9 oficialmente lan\u00e7ado"}]},{"@type":"WebSite","@id":"https:\/\/folhapopular.info\/#website","url":"https:\/\/folhapopular.info\/","name":"Folha Popular","description":"Onde voc\u00ea tem vez e voz","potentialAction":[{"@type":"SearchAction","target":{"@type":"EntryPoint","urlTemplate":"https:\/\/folhapopular.info\/?s={search_term_string}"},"query-input":{"@type":"PropertyValueSpecification","valueRequired":true,"valueName":"search_term_string"}}],"inLanguage":"pt-BR"},{"@type":"Person","@id":"https:\/\/folhapopular.info\/#\/schema\/person\/f0b811f932ef2505faf473ffaef49df5","name":"Camille Lenz da Silva","image":{"@type":"ImageObject","inLanguage":"pt-BR","@id":"https:\/\/secure.gravatar.com\/avatar\/50be826d73ca259ec0e0a88a407f5de800c576c46cfdc57e50ef28551e216fff?s=96&d=mm&r=g","url":"https:\/\/secure.gravatar.com\/avatar\/50be826d73ca259ec0e0a88a407f5de800c576c46cfdc57e50ef28551e216fff?s=96&d=mm&r=g","contentUrl":"https:\/\/secure.gravatar.com\/avatar\/50be826d73ca259ec0e0a88a407f5de800c576c46cfdc57e50ef28551e216fff?s=96&d=mm&r=g","caption":"Camille Lenz da Silva"},"url":"https:\/\/folhapopular.info\/index.php\/author\/camillelenzgmail-com\/"}]}},"jetpack_featured_media_url":"https:\/\/folhapopular.info\/wp-content\/uploads\/2023\/03\/DSC_0257-scaled.jpg","jetpack_sharing_enabled":true,"amp_enabled":true,"_links":{"self":[{"href":"https:\/\/folhapopular.info\/index.php\/wp-json\/wp\/v2\/posts\/122776","targetHints":{"allow":["GET"]}}],"collection":[{"href":"https:\/\/folhapopular.info\/index.php\/wp-json\/wp\/v2\/posts"}],"about":[{"href":"https:\/\/folhapopular.info\/index.php\/wp-json\/wp\/v2\/types\/post"}],"author":[{"embeddable":true,"href":"https:\/\/folhapopular.info\/index.php\/wp-json\/wp\/v2\/users\/639"}],"replies":[{"embeddable":true,"href":"https:\/\/folhapopular.info\/index.php\/wp-json\/wp\/v2\/comments?post=122776"}],"version-history":[{"count":0,"href":"https:\/\/folhapopular.info\/index.php\/wp-json\/wp\/v2\/posts\/122776\/revisions"}],"wp:featuredmedia":[{"embeddable":true,"href":"https:\/\/folhapopular.info\/index.php\/wp-json\/wp\/v2\/media\/122851"}],"wp:attachment":[{"href":"https:\/\/folhapopular.info\/index.php\/wp-json\/wp\/v2\/media?parent=122776"}],"wp:term":[{"taxonomy":"category","embeddable":true,"href":"https:\/\/folhapopular.info\/index.php\/wp-json\/wp\/v2\/categories?post=122776"},{"taxonomy":"post_tag","embeddable":true,"href":"https:\/\/folhapopular.info\/index.php\/wp-json\/wp\/v2\/tags?post=122776"}],"curies":[{"name":"wp","href":"https:\/\/api.w.org\/{rel}","templated":true}]}}