{"id":123138,"date":"2023-03-14T16:57:01","date_gmt":"2023-03-14T19:57:01","guid":{"rendered":"https:\/\/folhapopular.info\/?p=123138"},"modified":"2023-03-14T16:57:53","modified_gmt":"2023-03-14T19:57:53","slug":"prefeitura-de-lajeado-promove-encontro-para-debater-lajeado-mais-esporte","status":"publish","type":"post","link":"https:\/\/folhapopular.info\/index.php\/2023\/03\/14\/prefeitura-de-lajeado-promove-encontro-para-debater-lajeado-mais-esporte\/","title":{"rendered":"Prefeitura de Lajeado promove encontro para debater \u201cLajeado Mais Esporte\u201d"},"content":{"rendered":"\n<p>A Prefeitura de Lajeado, por meio da Secretaria de Cultura, Esporte e Lazer (Secel), realiza o encontro \u201cTira D\u00favidas\u201d para esclarecer d\u00favidas sobre o chamamento p\u00fablico<a href=\"https:\/\/folhapopular.info\/index.php\/2023\/03\/09\/prefeitura-de-lajeado-lanca-edital-lajeado-mais-esporte\/\" target=\"_blank\" rel=\"noreferrer noopener\"> \u201cLajeado Mais Esporte\u201d<\/a>. Podem participar entidades esportivas sem fins lucrativos nas modalidades de atletismo, basquete, canoagem, futebol de campo, futsal, v\u00f4lei e patina\u00e7\u00e3o. O encontro ocorre nesta sexta-feira, 17\/03, no Sal\u00e3o de Eventos da Prefeitura, \u00e0s 10h.<\/p>\n\n\n\n<p>O objetivo do edital \u00e9 fazer a sele\u00e7\u00e3o de projetos que t\u00eam como finalidade oferecer atividades desportivas de forma abrangente \u00e0 comunidade de Lajeado e Vale do Taquari, atendendo crian\u00e7as e adolescentes em diversos bairros no munic\u00edpio, incentivando a frequ\u00eancia escolar, o conv\u00edvio social e a participa\u00e7\u00e3o de pessoas portadoras de necessidades especiais. As atividades devem ser, obrigatoriamente, desenvolvidas no munic\u00edpio de Lajeado.<\/p>\n\n\n\n<p>Os projetos ser\u00e3o executados no prazo de 20 meses, atender crian\u00e7as e adolescentes de sete a 17 anos, de ambos os sexos, nas diferentes modalidades esportivas de participa\u00e7\u00e3o (futebol de campo, futsal, basquete, v\u00f4lei, atletismo, canoagem).<\/p>\n\n\n\n<p><strong>O valor total previsto para a realiza\u00e7\u00e3o do Projeto Lajeado Mais Esporte \u00e9 de R$ 752 mil, sendo:<\/strong><\/p>\n\n\n\n<p>&#8211; Futebol de Campo \u2013 R$ 140 mil<\/p>\n\n\n\n<p>&#8211; Futsal \u2013 R$ 140 mil<\/p>\n\n\n\n<p>&#8211; Basquete \u2013 R$ 140 mil<\/p>\n\n\n\n<p>&#8211; V\u00f4lei \u2013 R$ 80 mil<\/p>\n\n\n\n<p>&#8211; Canoagem \u2013 R$ 72 mil<\/p>\n\n\n\n<p>&#8211; Atletismo \u2013 R$ 90 mil<\/p>\n\n\n\n<p>&#8211; Patina\u00e7\u00e3o \u2013 R$ 90 mil<\/p>\n","protected":false},"excerpt":{"rendered":"<p>A Prefeitura de Lajeado, por meio da Secretaria de Cultura, Esporte e Lazer (Secel), realiza o encontro \u201cTira D\u00favidas\u201d para esclarecer d\u00favidas sobre o chamamento p\u00fablico \u201cLajeado Mais Esporte\u201d. Podem participar entidades esportivas sem fins lucrativos nas modalidades de atletismo, basquete, canoagem, futebol de campo, futsal, v\u00f4lei e patina\u00e7\u00e3o. O encontro ocorre nesta sexta-feira, 17\/03, [&hellip;]<\/p>\n","protected":false},"author":8,"featured_media":123139,"comment_status":"open","ping_status":"open","sticky":false,"template":"","format":"standard","meta":{"pmpro_default_level":"","_jetpack_memberships_contains_paid_content":false,"footnotes":""},"categories":[5],"tags":[27,11132,1712],"class_list":{"0":"post-123138","1":"post","2":"type-post","3":"status-publish","4":"format-standard","5":"has-post-thumbnail","7":"category-esportes","8":"tag-lajeado","9":"tag-lajeado-mais-esporte","10":"tag-projeto","11":"pmpro-has-access"},"yoast_head":"<!-- This site is optimized with the Yoast SEO plugin v27.5 - https:\/\/yoast.com\/product\/yoast-seo-wordpress\/ -->\n<title>Prefeitura de Lajeado promove encontro para debater \u201cLajeado Mais Esporte\u201d - Folha Popular<\/title>\n<meta name=\"description\" content=\"Os projetos ser\u00e3o executados no prazo de 20 meses, atender crian\u00e7as e adolescentes de sete a 17 anos, nas diferentes modalidades\" \/>\n<meta name=\"robots\" content=\"index, follow, max-snippet:-1, max-image-preview:large, max-video-preview:-1\" \/>\n<link rel=\"canonical\" href=\"https:\/\/folhapopular.info\/index.php\/2023\/03\/14\/prefeitura-de-lajeado-promove-encontro-para-debater-lajeado-mais-esporte\/\" \/>\n<meta property=\"og:locale\" content=\"pt_BR\" \/>\n<meta property=\"og:type\" content=\"article\" \/>\n<meta property=\"og:title\" content=\"Prefeitura de Lajeado promove encontro para debater \u201cLajeado Mais Esporte\u201d - Folha Popular\" \/>\n<meta property=\"og:description\" content=\"Os projetos ser\u00e3o executados no prazo de 20 meses, atender crian\u00e7as e adolescentes de sete a 17 anos, nas diferentes modalidades\" \/>\n<meta property=\"og:url\" content=\"https:\/\/folhapopular.info\/index.php\/2023\/03\/14\/prefeitura-de-lajeado-promove-encontro-para-debater-lajeado-mais-esporte\/\" \/>\n<meta property=\"og:site_name\" content=\"Folha Popular\" \/>\n<meta property=\"article:published_time\" content=\"2023-03-14T19:57:01+00:00\" \/>\n<meta property=\"article:modified_time\" content=\"2023-03-14T19:57:53+00:00\" \/>\n<meta property=\"og:image\" content=\"http:\/\/folhapopular.info\/wp-content\/uploads\/2023\/03\/Post-Duvidas-arte-Final-2-1.png\" \/>\n\t<meta property=\"og:image:width\" content=\"1080\" \/>\n\t<meta property=\"og:image:height\" content=\"1080\" \/>\n\t<meta property=\"og:image:type\" content=\"image\/png\" \/>\n<meta name=\"author\" content=\"Reda\u00e7\u00e3o Folha Popular\" \/>\n<meta name=\"twitter:card\" content=\"summary_large_image\" \/>\n<meta name=\"twitter:label1\" content=\"Escrito por\" \/>\n\t<meta name=\"twitter:data1\" content=\"Reda\u00e7\u00e3o Folha Popular\" \/>\n\t<meta name=\"twitter:label2\" content=\"Est. tempo de leitura\" \/>\n\t<meta name=\"twitter:data2\" content=\"2 minutos\" \/>\n<script type=\"application\/ld+json\" class=\"yoast-schema-graph\">{\"@context\":\"https:\\\/\\\/schema.org\",\"@graph\":[{\"@type\":\"Article\",\"@id\":\"https:\\\/\\\/folhapopular.info\\\/index.php\\\/2023\\\/03\\\/14\\\/prefeitura-de-lajeado-promove-encontro-para-debater-lajeado-mais-esporte\\\/#article\",\"isPartOf\":{\"@id\":\"https:\\\/\\\/folhapopular.info\\\/index.php\\\/2023\\\/03\\\/14\\\/prefeitura-de-lajeado-promove-encontro-para-debater-lajeado-mais-esporte\\\/\"},\"author\":{\"name\":\"Reda\u00e7\u00e3o Folha Popular\",\"@id\":\"https:\\\/\\\/folhapopular.info\\\/#\\\/schema\\\/person\\\/2814e8a0df7643585a9ca38bc6eb9d4b\"},\"headline\":\"Prefeitura de Lajeado promove encontro para debater \u201cLajeado Mais Esporte\u201d\",\"datePublished\":\"2023-03-14T19:57:01+00:00\",\"dateModified\":\"2023-03-14T19:57:53+00:00\",\"mainEntityOfPage\":{\"@id\":\"https:\\\/\\\/folhapopular.info\\\/index.php\\\/2023\\\/03\\\/14\\\/prefeitura-de-lajeado-promove-encontro-para-debater-lajeado-mais-esporte\\\/\"},\"wordCount\":234,\"commentCount\":0,\"image\":{\"@id\":\"https:\\\/\\\/folhapopular.info\\\/index.php\\\/2023\\\/03\\\/14\\\/prefeitura-de-lajeado-promove-encontro-para-debater-lajeado-mais-esporte\\\/#primaryimage\"},\"thumbnailUrl\":\"https:\\\/\\\/folhapopular.info\\\/wp-content\\\/uploads\\\/2023\\\/03\\\/Post-Duvidas-arte-Final-2-1.png\",\"keywords\":[\"Lajeado\",\"lajeado mais esporte\",\"Projeto\"],\"articleSection\":[\"Esportes\"],\"inLanguage\":\"pt-BR\",\"potentialAction\":[{\"@type\":\"CommentAction\",\"name\":\"Comment\",\"target\":[\"https:\\\/\\\/folhapopular.info\\\/index.php\\\/2023\\\/03\\\/14\\\/prefeitura-de-lajeado-promove-encontro-para-debater-lajeado-mais-esporte\\\/#respond\"]}]},{\"@type\":\"WebPage\",\"@id\":\"https:\\\/\\\/folhapopular.info\\\/index.php\\\/2023\\\/03\\\/14\\\/prefeitura-de-lajeado-promove-encontro-para-debater-lajeado-mais-esporte\\\/\",\"url\":\"https:\\\/\\\/folhapopular.info\\\/index.php\\\/2023\\\/03\\\/14\\\/prefeitura-de-lajeado-promove-encontro-para-debater-lajeado-mais-esporte\\\/\",\"name\":\"Prefeitura de Lajeado promove encontro para debater \u201cLajeado Mais Esporte\u201d - Folha Popular\",\"isPartOf\":{\"@id\":\"https:\\\/\\\/folhapopular.info\\\/#website\"},\"primaryImageOfPage\":{\"@id\":\"https:\\\/\\\/folhapopular.info\\\/index.php\\\/2023\\\/03\\\/14\\\/prefeitura-de-lajeado-promove-encontro-para-debater-lajeado-mais-esporte\\\/#primaryimage\"},\"image\":{\"@id\":\"https:\\\/\\\/folhapopular.info\\\/index.php\\\/2023\\\/03\\\/14\\\/prefeitura-de-lajeado-promove-encontro-para-debater-lajeado-mais-esporte\\\/#primaryimage\"},\"thumbnailUrl\":\"https:\\\/\\\/folhapopular.info\\\/wp-content\\\/uploads\\\/2023\\\/03\\\/Post-Duvidas-arte-Final-2-1.png\",\"datePublished\":\"2023-03-14T19:57:01+00:00\",\"dateModified\":\"2023-03-14T19:57:53+00:00\",\"author\":{\"@id\":\"https:\\\/\\\/folhapopular.info\\\/#\\\/schema\\\/person\\\/2814e8a0df7643585a9ca38bc6eb9d4b\"},\"description\":\"Os projetos ser\u00e3o executados no prazo de 20 meses, atender crian\u00e7as e adolescentes de sete a 17 anos, nas diferentes modalidades\",\"breadcrumb\":{\"@id\":\"https:\\\/\\\/folhapopular.info\\\/index.php\\\/2023\\\/03\\\/14\\\/prefeitura-de-lajeado-promove-encontro-para-debater-lajeado-mais-esporte\\\/#breadcrumb\"},\"inLanguage\":\"pt-BR\",\"potentialAction\":[{\"@type\":\"ReadAction\",\"target\":[\"https:\\\/\\\/folhapopular.info\\\/index.php\\\/2023\\\/03\\\/14\\\/prefeitura-de-lajeado-promove-encontro-para-debater-lajeado-mais-esporte\\\/\"]}]},{\"@type\":\"ImageObject\",\"inLanguage\":\"pt-BR\",\"@id\":\"https:\\\/\\\/folhapopular.info\\\/index.php\\\/2023\\\/03\\\/14\\\/prefeitura-de-lajeado-promove-encontro-para-debater-lajeado-mais-esporte\\\/#primaryimage\",\"url\":\"https:\\\/\\\/folhapopular.info\\\/wp-content\\\/uploads\\\/2023\\\/03\\\/Post-Duvidas-arte-Final-2-1.png\",\"contentUrl\":\"https:\\\/\\\/folhapopular.info\\\/wp-content\\\/uploads\\\/2023\\\/03\\\/Post-Duvidas-arte-Final-2-1.png\",\"width\":1080,\"height\":1080,\"caption\":\"Encontro ser\u00e1 realizado no Sal\u00e3o de Eventos da Prefeitura, \u00e0s 10h Cr\u00e9dito: AI\"},{\"@type\":\"BreadcrumbList\",\"@id\":\"https:\\\/\\\/folhapopular.info\\\/index.php\\\/2023\\\/03\\\/14\\\/prefeitura-de-lajeado-promove-encontro-para-debater-lajeado-mais-esporte\\\/#breadcrumb\",\"itemListElement\":[{\"@type\":\"ListItem\",\"position\":1,\"name\":\"In\u00edcio\",\"item\":\"https:\\\/\\\/folhapopular.info\\\/\"},{\"@type\":\"ListItem\",\"position\":2,\"name\":\"Prefeitura de Lajeado promove encontro para debater \u201cLajeado Mais Esporte\u201d\"}]},{\"@type\":\"WebSite\",\"@id\":\"https:\\\/\\\/folhapopular.info\\\/#website\",\"url\":\"https:\\\/\\\/folhapopular.info\\\/\",\"name\":\"Folha Popular\",\"description\":\"Onde voc\u00ea tem vez e voz\",\"potentialAction\":[{\"@type\":\"SearchAction\",\"target\":{\"@type\":\"EntryPoint\",\"urlTemplate\":\"https:\\\/\\\/folhapopular.info\\\/?s={search_term_string}\"},\"query-input\":{\"@type\":\"PropertyValueSpecification\",\"valueRequired\":true,\"valueName\":\"search_term_string\"}}],\"inLanguage\":\"pt-BR\"},{\"@type\":\"Person\",\"@id\":\"https:\\\/\\\/folhapopular.info\\\/#\\\/schema\\\/person\\\/2814e8a0df7643585a9ca38bc6eb9d4b\",\"name\":\"Reda\u00e7\u00e3o Folha Popular\",\"image\":{\"@type\":\"ImageObject\",\"inLanguage\":\"pt-BR\",\"@id\":\"https:\\\/\\\/folhapopular.info\\\/wp-content\\\/uploads\\\/2026\\\/04\\\/Folha-1.webp\",\"url\":\"https:\\\/\\\/folhapopular.info\\\/wp-content\\\/uploads\\\/2026\\\/04\\\/Folha-1.webp\",\"contentUrl\":\"https:\\\/\\\/folhapopular.info\\\/wp-content\\\/uploads\\\/2026\\\/04\\\/Folha-1.webp\",\"caption\":\"Reda\u00e7\u00e3o Folha Popular\"},\"url\":\"https:\\\/\\\/folhapopular.info\\\/index.php\\\/author\\\/redacao\\\/\"}]}<\/script>\n<!-- \/ Yoast SEO plugin. -->","yoast_head_json":{"title":"Prefeitura de Lajeado promove encontro para debater \u201cLajeado Mais Esporte\u201d - Folha Popular","description":"Os projetos ser\u00e3o executados no prazo de 20 meses, atender crian\u00e7as e adolescentes de sete a 17 anos, nas diferentes modalidades","robots":{"index":"index","follow":"follow","max-snippet":"max-snippet:-1","max-image-preview":"max-image-preview:large","max-video-preview":"max-video-preview:-1"},"canonical":"https:\/\/folhapopular.info\/index.php\/2023\/03\/14\/prefeitura-de-lajeado-promove-encontro-para-debater-lajeado-mais-esporte\/","og_locale":"pt_BR","og_type":"article","og_title":"Prefeitura de Lajeado promove encontro para debater \u201cLajeado Mais Esporte\u201d - Folha Popular","og_description":"Os projetos ser\u00e3o executados no prazo de 20 meses, atender crian\u00e7as e adolescentes de sete a 17 anos, nas diferentes modalidades","og_url":"https:\/\/folhapopular.info\/index.php\/2023\/03\/14\/prefeitura-de-lajeado-promove-encontro-para-debater-lajeado-mais-esporte\/","og_site_name":"Folha Popular","article_published_time":"2023-03-14T19:57:01+00:00","article_modified_time":"2023-03-14T19:57:53+00:00","og_image":[{"width":1080,"height":1080,"url":"http:\/\/folhapopular.info\/wp-content\/uploads\/2023\/03\/Post-Duvidas-arte-Final-2-1.png","type":"image\/png"}],"author":"Reda\u00e7\u00e3o Folha Popular","twitter_card":"summary_large_image","twitter_misc":{"Escrito por":"Reda\u00e7\u00e3o Folha Popular","Est. tempo de leitura":"2 minutos"},"schema":{"@context":"https:\/\/schema.org","@graph":[{"@type":"Article","@id":"https:\/\/folhapopular.info\/index.php\/2023\/03\/14\/prefeitura-de-lajeado-promove-encontro-para-debater-lajeado-mais-esporte\/#article","isPartOf":{"@id":"https:\/\/folhapopular.info\/index.php\/2023\/03\/14\/prefeitura-de-lajeado-promove-encontro-para-debater-lajeado-mais-esporte\/"},"author":{"name":"Reda\u00e7\u00e3o Folha Popular","@id":"https:\/\/folhapopular.info\/#\/schema\/person\/2814e8a0df7643585a9ca38bc6eb9d4b"},"headline":"Prefeitura de Lajeado promove encontro para debater \u201cLajeado Mais Esporte\u201d","datePublished":"2023-03-14T19:57:01+00:00","dateModified":"2023-03-14T19:57:53+00:00","mainEntityOfPage":{"@id":"https:\/\/folhapopular.info\/index.php\/2023\/03\/14\/prefeitura-de-lajeado-promove-encontro-para-debater-lajeado-mais-esporte\/"},"wordCount":234,"commentCount":0,"image":{"@id":"https:\/\/folhapopular.info\/index.php\/2023\/03\/14\/prefeitura-de-lajeado-promove-encontro-para-debater-lajeado-mais-esporte\/#primaryimage"},"thumbnailUrl":"https:\/\/folhapopular.info\/wp-content\/uploads\/2023\/03\/Post-Duvidas-arte-Final-2-1.png","keywords":["Lajeado","lajeado mais esporte","Projeto"],"articleSection":["Esportes"],"inLanguage":"pt-BR","potentialAction":[{"@type":"CommentAction","name":"Comment","target":["https:\/\/folhapopular.info\/index.php\/2023\/03\/14\/prefeitura-de-lajeado-promove-encontro-para-debater-lajeado-mais-esporte\/#respond"]}]},{"@type":"WebPage","@id":"https:\/\/folhapopular.info\/index.php\/2023\/03\/14\/prefeitura-de-lajeado-promove-encontro-para-debater-lajeado-mais-esporte\/","url":"https:\/\/folhapopular.info\/index.php\/2023\/03\/14\/prefeitura-de-lajeado-promove-encontro-para-debater-lajeado-mais-esporte\/","name":"Prefeitura de Lajeado promove encontro para debater \u201cLajeado Mais Esporte\u201d - Folha Popular","isPartOf":{"@id":"https:\/\/folhapopular.info\/#website"},"primaryImageOfPage":{"@id":"https:\/\/folhapopular.info\/index.php\/2023\/03\/14\/prefeitura-de-lajeado-promove-encontro-para-debater-lajeado-mais-esporte\/#primaryimage"},"image":{"@id":"https:\/\/folhapopular.info\/index.php\/2023\/03\/14\/prefeitura-de-lajeado-promove-encontro-para-debater-lajeado-mais-esporte\/#primaryimage"},"thumbnailUrl":"https:\/\/folhapopular.info\/wp-content\/uploads\/2023\/03\/Post-Duvidas-arte-Final-2-1.png","datePublished":"2023-03-14T19:57:01+00:00","dateModified":"2023-03-14T19:57:53+00:00","author":{"@id":"https:\/\/folhapopular.info\/#\/schema\/person\/2814e8a0df7643585a9ca38bc6eb9d4b"},"description":"Os projetos ser\u00e3o executados no prazo de 20 meses, atender crian\u00e7as e adolescentes de sete a 17 anos, nas diferentes modalidades","breadcrumb":{"@id":"https:\/\/folhapopular.info\/index.php\/2023\/03\/14\/prefeitura-de-lajeado-promove-encontro-para-debater-lajeado-mais-esporte\/#breadcrumb"},"inLanguage":"pt-BR","potentialAction":[{"@type":"ReadAction","target":["https:\/\/folhapopular.info\/index.php\/2023\/03\/14\/prefeitura-de-lajeado-promove-encontro-para-debater-lajeado-mais-esporte\/"]}]},{"@type":"ImageObject","inLanguage":"pt-BR","@id":"https:\/\/folhapopular.info\/index.php\/2023\/03\/14\/prefeitura-de-lajeado-promove-encontro-para-debater-lajeado-mais-esporte\/#primaryimage","url":"https:\/\/folhapopular.info\/wp-content\/uploads\/2023\/03\/Post-Duvidas-arte-Final-2-1.png","contentUrl":"https:\/\/folhapopular.info\/wp-content\/uploads\/2023\/03\/Post-Duvidas-arte-Final-2-1.png","width":1080,"height":1080,"caption":"Encontro ser\u00e1 realizado no Sal\u00e3o de Eventos da Prefeitura, \u00e0s 10h Cr\u00e9dito: AI"},{"@type":"BreadcrumbList","@id":"https:\/\/folhapopular.info\/index.php\/2023\/03\/14\/prefeitura-de-lajeado-promove-encontro-para-debater-lajeado-mais-esporte\/#breadcrumb","itemListElement":[{"@type":"ListItem","position":1,"name":"In\u00edcio","item":"https:\/\/folhapopular.info\/"},{"@type":"ListItem","position":2,"name":"Prefeitura de Lajeado promove encontro para debater \u201cLajeado Mais Esporte\u201d"}]},{"@type":"WebSite","@id":"https:\/\/folhapopular.info\/#website","url":"https:\/\/folhapopular.info\/","name":"Folha Popular","description":"Onde voc\u00ea tem vez e voz","potentialAction":[{"@type":"SearchAction","target":{"@type":"EntryPoint","urlTemplate":"https:\/\/folhapopular.info\/?s={search_term_string}"},"query-input":{"@type":"PropertyValueSpecification","valueRequired":true,"valueName":"search_term_string"}}],"inLanguage":"pt-BR"},{"@type":"Person","@id":"https:\/\/folhapopular.info\/#\/schema\/person\/2814e8a0df7643585a9ca38bc6eb9d4b","name":"Reda\u00e7\u00e3o Folha Popular","image":{"@type":"ImageObject","inLanguage":"pt-BR","@id":"https:\/\/folhapopular.info\/wp-content\/uploads\/2026\/04\/Folha-1.webp","url":"https:\/\/folhapopular.info\/wp-content\/uploads\/2026\/04\/Folha-1.webp","contentUrl":"https:\/\/folhapopular.info\/wp-content\/uploads\/2026\/04\/Folha-1.webp","caption":"Reda\u00e7\u00e3o Folha Popular"},"url":"https:\/\/folhapopular.info\/index.php\/author\/redacao\/"}]}},"jetpack_featured_media_url":"https:\/\/folhapopular.info\/wp-content\/uploads\/2023\/03\/Post-Duvidas-arte-Final-2-1.png","jetpack_sharing_enabled":true,"amp_enabled":true,"_links":{"self":[{"href":"https:\/\/folhapopular.info\/index.php\/wp-json\/wp\/v2\/posts\/123138","targetHints":{"allow":["GET"]}}],"collection":[{"href":"https:\/\/folhapopular.info\/index.php\/wp-json\/wp\/v2\/posts"}],"about":[{"href":"https:\/\/folhapopular.info\/index.php\/wp-json\/wp\/v2\/types\/post"}],"author":[{"embeddable":true,"href":"https:\/\/folhapopular.info\/index.php\/wp-json\/wp\/v2\/users\/8"}],"replies":[{"embeddable":true,"href":"https:\/\/folhapopular.info\/index.php\/wp-json\/wp\/v2\/comments?post=123138"}],"version-history":[{"count":0,"href":"https:\/\/folhapopular.info\/index.php\/wp-json\/wp\/v2\/posts\/123138\/revisions"}],"wp:featuredmedia":[{"embeddable":true,"href":"https:\/\/folhapopular.info\/index.php\/wp-json\/wp\/v2\/media\/123139"}],"wp:attachment":[{"href":"https:\/\/folhapopular.info\/index.php\/wp-json\/wp\/v2\/media?parent=123138"}],"wp:term":[{"taxonomy":"category","embeddable":true,"href":"https:\/\/folhapopular.info\/index.php\/wp-json\/wp\/v2\/categories?post=123138"},{"taxonomy":"post_tag","embeddable":true,"href":"https:\/\/folhapopular.info\/index.php\/wp-json\/wp\/v2\/tags?post=123138"}],"curies":[{"name":"wp","href":"https:\/\/api.w.org\/{rel}","templated":true}]}}