{"id":123195,"date":"2023-03-15T10:04:39","date_gmt":"2023-03-15T13:04:39","guid":{"rendered":"https:\/\/folhapopular.info\/?p=123195"},"modified":"2023-03-15T10:04:43","modified_gmt":"2023-03-15T13:04:43","slug":"mulheres-compartilharam-historias-na-10a-edicao-do-dia-internacional-da-mulher","status":"publish","type":"post","link":"https:\/\/folhapopular.info\/index.php\/2023\/03\/15\/mulheres-compartilharam-historias-na-10a-edicao-do-dia-internacional-da-mulher\/","title":{"rendered":"Mulheres compartilharam hist\u00f3rias na 10\u00aa edi\u00e7\u00e3o do Dia Internacional da Mulher"},"content":{"rendered":"\n<p>O audit\u00f3rio de reuni\u00f5es da C\u00e2mara de Ind\u00fastria Com\u00e9rcio e Servi\u00e7os (CIC) de Teut\u00f4nia recebeu a 10\u00aa edi\u00e7\u00e3o Dia Internacional das Mulheres. A programa\u00e7\u00e3o aconteceu na ter\u00e7a-feira (14\/3) e reuniu mais de 150 mulheres, que puderam desfrutar de momentos de intera\u00e7\u00e3o com m\u00fasica, sorteios, palestras e coquetel.<\/p>\n\n\n\n<p>As atra\u00e7\u00f5es propiciaram uma noite de divers\u00e3o e empoderamento. Ao todo, 10 mulheres foram convidadas para compartilhar o seu melhor em pitchs de 5 minutos, trazendo qualquer tema relacionado \u00e0 sua hist\u00f3ria de vida e aprendizados. As palestrantes compartilharam viv\u00eancias, conquistas pessoais e profissionais, preconceitos de g\u00eanero, momentos de supera\u00e7\u00e3o, entre outros temas.<\/p>\n\n\n\n<p>O evento foi promovido pela CIC Teut\u00f4nia e pelo Programa Mais Elas do Grupo Popular. <\/p>\n\n\n\n<h2 class=\"wp-block-heading\"><strong>Palestrantes da noite<\/strong><\/h2>\n\n\n\n<p>Adriana Borgelt<\/p>\n\n\n\n<p>Carmine Brescovit<\/p>\n\n\n\n<p>C\u00edntia Schmidt<\/p>\n\n\n\n<p>Evania Schneider <\/p>\n\n\n\n<p>Gicele Mylius<\/p>\n\n\n\n<p>Mareli Vogel<\/p>\n\n\n\n<p>Margrit Grave<\/p>\n\n\n\n<p>Miriam Hepp Machado<\/p>\n\n\n\n<p>Pauline Klein Grave<\/p>\n\n\n\n<p>Raquel Feyh<\/p>\n","protected":false},"excerpt":{"rendered":"<p>O audit\u00f3rio de reuni\u00f5es da C\u00e2mara de Ind\u00fastria Com\u00e9rcio e Servi\u00e7os (CIC) de Teut\u00f4nia recebeu a 10\u00aa edi\u00e7\u00e3o Dia Internacional das Mulheres. A programa\u00e7\u00e3o aconteceu na ter\u00e7a-feira (14\/3) e reuniu mais de 150 mulheres, que puderam desfrutar de momentos de intera\u00e7\u00e3o com m\u00fasica, sorteios, palestras e coquetel. As atra\u00e7\u00f5es propiciaram uma noite de divers\u00e3o e [&hellip;]<\/p>\n","protected":false},"author":636,"featured_media":123203,"comment_status":"open","ping_status":"open","sticky":false,"template":"","format":"standard","meta":{"pmpro_default_level":"","_jetpack_memberships_contains_paid_content":false,"footnotes":""},"categories":[2,10999,6],"tags":[39,4227,369,7240,2454,1269,1402,11239,3693,26],"class_list":{"0":"post-123195","1":"post","2":"type-post","3":"status-publish","4":"format-standard","5":"has-post-thumbnail","7":"category-featured","8":"category-entretenimento","9":"category-inclusive","10":"tag-cic","11":"tag-dia-internacional-da-mulher","12":"tag-encontro","13":"tag-historia-de-vida","14":"tag-mais-elas","15":"tag-mulheres","16":"tag-palestras","17":"tag-preconceito-de-genero","18":"tag-reuniao","19":"tag-teutonia","20":"pmpro-has-access"},"yoast_head":"<!-- This site is optimized with the Yoast SEO plugin v27.5 - https:\/\/yoast.com\/product\/yoast-seo-wordpress\/ -->\n<title>Mulheres compartilharam hist\u00f3rias na 10\u00aa edi\u00e7\u00e3o do Dia Internacional da Mulher - Folha Popular<\/title>\n<meta name=\"robots\" content=\"index, follow, max-snippet:-1, max-image-preview:large, max-video-preview:-1\" \/>\n<link rel=\"canonical\" href=\"https:\/\/folhapopular.info\/index.php\/2023\/03\/15\/mulheres-compartilharam-historias-na-10a-edicao-do-dia-internacional-da-mulher\/\" \/>\n<meta property=\"og:locale\" content=\"pt_BR\" \/>\n<meta property=\"og:type\" content=\"article\" \/>\n<meta property=\"og:title\" content=\"Mulheres compartilharam hist\u00f3rias na 10\u00aa edi\u00e7\u00e3o do Dia Internacional da Mulher - Folha Popular\" \/>\n<meta property=\"og:description\" content=\"O audit\u00f3rio de reuni\u00f5es da C\u00e2mara de Ind\u00fastria Com\u00e9rcio e Servi\u00e7os (CIC) de Teut\u00f4nia recebeu a 10\u00aa edi\u00e7\u00e3o Dia Internacional das Mulheres. A programa\u00e7\u00e3o aconteceu na ter\u00e7a-feira (14\/3) e reuniu mais de 150 mulheres, que puderam desfrutar de momentos de intera\u00e7\u00e3o com m\u00fasica, sorteios, palestras e coquetel. As atra\u00e7\u00f5es propiciaram uma noite de divers\u00e3o e [&hellip;]\" \/>\n<meta property=\"og:url\" content=\"https:\/\/folhapopular.info\/index.php\/2023\/03\/15\/mulheres-compartilharam-historias-na-10a-edicao-do-dia-internacional-da-mulher\/\" \/>\n<meta property=\"og:site_name\" content=\"Folha Popular\" \/>\n<meta property=\"article:published_time\" content=\"2023-03-15T13:04:39+00:00\" \/>\n<meta property=\"article:modified_time\" content=\"2023-03-15T13:04:43+00:00\" \/>\n<meta property=\"og:image\" content=\"http:\/\/folhapopular.info\/wp-content\/uploads\/2023\/03\/WhatsApp-Image-2023-03-15-at-10.00.19-1.jpeg\" \/>\n\t<meta property=\"og:image:width\" content=\"1024\" \/>\n\t<meta property=\"og:image:height\" content=\"576\" \/>\n\t<meta property=\"og:image:type\" content=\"image\/jpeg\" \/>\n<meta name=\"author\" content=\"Keila Gr\u00e4ff Anhaia\" \/>\n<meta name=\"twitter:card\" content=\"summary_large_image\" \/>\n<meta name=\"twitter:label1\" content=\"Escrito por\" \/>\n\t<meta name=\"twitter:data1\" content=\"Keila Gr\u00e4ff Anhaia\" \/>\n\t<meta name=\"twitter:label2\" content=\"Est. tempo de leitura\" \/>\n\t<meta name=\"twitter:data2\" content=\"1 minuto\" \/>\n<script type=\"application\/ld+json\" class=\"yoast-schema-graph\">{\"@context\":\"https:\\\/\\\/schema.org\",\"@graph\":[{\"@type\":\"Article\",\"@id\":\"https:\\\/\\\/folhapopular.info\\\/index.php\\\/2023\\\/03\\\/15\\\/mulheres-compartilharam-historias-na-10a-edicao-do-dia-internacional-da-mulher\\\/#article\",\"isPartOf\":{\"@id\":\"https:\\\/\\\/folhapopular.info\\\/index.php\\\/2023\\\/03\\\/15\\\/mulheres-compartilharam-historias-na-10a-edicao-do-dia-internacional-da-mulher\\\/\"},\"author\":{\"name\":\"Keila Gr\u00e4ff Anhaia\",\"@id\":\"https:\\\/\\\/folhapopular.info\\\/#\\\/schema\\\/person\\\/9a5695747e1046d5fac310c552cf6260\"},\"headline\":\"Mulheres compartilharam hist\u00f3rias na 10\u00aa edi\u00e7\u00e3o do Dia Internacional da Mulher\",\"datePublished\":\"2023-03-15T13:04:39+00:00\",\"dateModified\":\"2023-03-15T13:04:43+00:00\",\"mainEntityOfPage\":{\"@id\":\"https:\\\/\\\/folhapopular.info\\\/index.php\\\/2023\\\/03\\\/15\\\/mulheres-compartilharam-historias-na-10a-edicao-do-dia-internacional-da-mulher\\\/\"},\"wordCount\":166,\"commentCount\":0,\"image\":{\"@id\":\"https:\\\/\\\/folhapopular.info\\\/index.php\\\/2023\\\/03\\\/15\\\/mulheres-compartilharam-historias-na-10a-edicao-do-dia-internacional-da-mulher\\\/#primaryimage\"},\"thumbnailUrl\":\"https:\\\/\\\/folhapopular.info\\\/wp-content\\\/uploads\\\/2023\\\/03\\\/WhatsApp-Image-2023-03-15-at-10.00.19-1.jpeg\",\"keywords\":[\"CIC\",\"Dia Internacional da Mulher\",\"Encontro\",\"Hist\u00f3ria de vida\",\"mais elas\",\"Mulheres\",\"palestras\",\"Preconceito de g\u00eanero\",\"reuni\u00e3o\",\"Teut\u00f4nia\"],\"articleSection\":[\"Destaques\",\"Entretenimento\",\"Inclusive\"],\"inLanguage\":\"pt-BR\",\"potentialAction\":[{\"@type\":\"CommentAction\",\"name\":\"Comment\",\"target\":[\"https:\\\/\\\/folhapopular.info\\\/index.php\\\/2023\\\/03\\\/15\\\/mulheres-compartilharam-historias-na-10a-edicao-do-dia-internacional-da-mulher\\\/#respond\"]}]},{\"@type\":\"WebPage\",\"@id\":\"https:\\\/\\\/folhapopular.info\\\/index.php\\\/2023\\\/03\\\/15\\\/mulheres-compartilharam-historias-na-10a-edicao-do-dia-internacional-da-mulher\\\/\",\"url\":\"https:\\\/\\\/folhapopular.info\\\/index.php\\\/2023\\\/03\\\/15\\\/mulheres-compartilharam-historias-na-10a-edicao-do-dia-internacional-da-mulher\\\/\",\"name\":\"Mulheres compartilharam hist\u00f3rias na 10\u00aa edi\u00e7\u00e3o do Dia Internacional da Mulher - Folha Popular\",\"isPartOf\":{\"@id\":\"https:\\\/\\\/folhapopular.info\\\/#website\"},\"primaryImageOfPage\":{\"@id\":\"https:\\\/\\\/folhapopular.info\\\/index.php\\\/2023\\\/03\\\/15\\\/mulheres-compartilharam-historias-na-10a-edicao-do-dia-internacional-da-mulher\\\/#primaryimage\"},\"image\":{\"@id\":\"https:\\\/\\\/folhapopular.info\\\/index.php\\\/2023\\\/03\\\/15\\\/mulheres-compartilharam-historias-na-10a-edicao-do-dia-internacional-da-mulher\\\/#primaryimage\"},\"thumbnailUrl\":\"https:\\\/\\\/folhapopular.info\\\/wp-content\\\/uploads\\\/2023\\\/03\\\/WhatsApp-Image-2023-03-15-at-10.00.19-1.jpeg\",\"datePublished\":\"2023-03-15T13:04:39+00:00\",\"dateModified\":\"2023-03-15T13:04:43+00:00\",\"author\":{\"@id\":\"https:\\\/\\\/folhapopular.info\\\/#\\\/schema\\\/person\\\/9a5695747e1046d5fac310c552cf6260\"},\"breadcrumb\":{\"@id\":\"https:\\\/\\\/folhapopular.info\\\/index.php\\\/2023\\\/03\\\/15\\\/mulheres-compartilharam-historias-na-10a-edicao-do-dia-internacional-da-mulher\\\/#breadcrumb\"},\"inLanguage\":\"pt-BR\",\"potentialAction\":[{\"@type\":\"ReadAction\",\"target\":[\"https:\\\/\\\/folhapopular.info\\\/index.php\\\/2023\\\/03\\\/15\\\/mulheres-compartilharam-historias-na-10a-edicao-do-dia-internacional-da-mulher\\\/\"]}]},{\"@type\":\"ImageObject\",\"inLanguage\":\"pt-BR\",\"@id\":\"https:\\\/\\\/folhapopular.info\\\/index.php\\\/2023\\\/03\\\/15\\\/mulheres-compartilharam-historias-na-10a-edicao-do-dia-internacional-da-mulher\\\/#primaryimage\",\"url\":\"https:\\\/\\\/folhapopular.info\\\/wp-content\\\/uploads\\\/2023\\\/03\\\/WhatsApp-Image-2023-03-15-at-10.00.19-1.jpeg\",\"contentUrl\":\"https:\\\/\\\/folhapopular.info\\\/wp-content\\\/uploads\\\/2023\\\/03\\\/WhatsApp-Image-2023-03-15-at-10.00.19-1.jpeg\",\"width\":1024,\"height\":576,\"caption\":\"Momento ocorreu no sal\u00e3o de reuni\u00f5es da CIC Teut\u00f4nia \\\/ Cr\u00e9dito: Keila Gr\u00e4ff Anhaia\"},{\"@type\":\"BreadcrumbList\",\"@id\":\"https:\\\/\\\/folhapopular.info\\\/index.php\\\/2023\\\/03\\\/15\\\/mulheres-compartilharam-historias-na-10a-edicao-do-dia-internacional-da-mulher\\\/#breadcrumb\",\"itemListElement\":[{\"@type\":\"ListItem\",\"position\":1,\"name\":\"In\u00edcio\",\"item\":\"https:\\\/\\\/folhapopular.info\\\/\"},{\"@type\":\"ListItem\",\"position\":2,\"name\":\"Mulheres compartilharam hist\u00f3rias na 10\u00aa edi\u00e7\u00e3o do Dia Internacional da Mulher\"}]},{\"@type\":\"WebSite\",\"@id\":\"https:\\\/\\\/folhapopular.info\\\/#website\",\"url\":\"https:\\\/\\\/folhapopular.info\\\/\",\"name\":\"Folha Popular\",\"description\":\"Onde voc\u00ea tem vez e voz\",\"potentialAction\":[{\"@type\":\"SearchAction\",\"target\":{\"@type\":\"EntryPoint\",\"urlTemplate\":\"https:\\\/\\\/folhapopular.info\\\/?s={search_term_string}\"},\"query-input\":{\"@type\":\"PropertyValueSpecification\",\"valueRequired\":true,\"valueName\":\"search_term_string\"}}],\"inLanguage\":\"pt-BR\"},{\"@type\":\"Person\",\"@id\":\"https:\\\/\\\/folhapopular.info\\\/#\\\/schema\\\/person\\\/9a5695747e1046d5fac310c552cf6260\",\"name\":\"Keila Gr\u00e4ff Anhaia\",\"image\":{\"@type\":\"ImageObject\",\"inLanguage\":\"pt-BR\",\"@id\":\"https:\\\/\\\/secure.gravatar.com\\\/avatar\\\/498ef5bfb389bc7ded562ad94f835a056e934ab779eb2a595c461a735cf74fba?s=96&d=mm&r=g\",\"url\":\"https:\\\/\\\/secure.gravatar.com\\\/avatar\\\/498ef5bfb389bc7ded562ad94f835a056e934ab779eb2a595c461a735cf74fba?s=96&d=mm&r=g\",\"contentUrl\":\"https:\\\/\\\/secure.gravatar.com\\\/avatar\\\/498ef5bfb389bc7ded562ad94f835a056e934ab779eb2a595c461a735cf74fba?s=96&d=mm&r=g\",\"caption\":\"Keila Gr\u00e4ff Anhaia\"},\"url\":\"https:\\\/\\\/folhapopular.info\\\/index.php\\\/author\\\/graffkeilagmail-com\\\/\"}]}<\/script>\n<!-- \/ Yoast SEO plugin. -->","yoast_head_json":{"title":"Mulheres compartilharam hist\u00f3rias na 10\u00aa edi\u00e7\u00e3o do Dia Internacional da Mulher - Folha Popular","robots":{"index":"index","follow":"follow","max-snippet":"max-snippet:-1","max-image-preview":"max-image-preview:large","max-video-preview":"max-video-preview:-1"},"canonical":"https:\/\/folhapopular.info\/index.php\/2023\/03\/15\/mulheres-compartilharam-historias-na-10a-edicao-do-dia-internacional-da-mulher\/","og_locale":"pt_BR","og_type":"article","og_title":"Mulheres compartilharam hist\u00f3rias na 10\u00aa edi\u00e7\u00e3o do Dia Internacional da Mulher - Folha Popular","og_description":"O audit\u00f3rio de reuni\u00f5es da C\u00e2mara de Ind\u00fastria Com\u00e9rcio e Servi\u00e7os (CIC) de Teut\u00f4nia recebeu a 10\u00aa edi\u00e7\u00e3o Dia Internacional das Mulheres. A programa\u00e7\u00e3o aconteceu na ter\u00e7a-feira (14\/3) e reuniu mais de 150 mulheres, que puderam desfrutar de momentos de intera\u00e7\u00e3o com m\u00fasica, sorteios, palestras e coquetel. As atra\u00e7\u00f5es propiciaram uma noite de divers\u00e3o e [&hellip;]","og_url":"https:\/\/folhapopular.info\/index.php\/2023\/03\/15\/mulheres-compartilharam-historias-na-10a-edicao-do-dia-internacional-da-mulher\/","og_site_name":"Folha Popular","article_published_time":"2023-03-15T13:04:39+00:00","article_modified_time":"2023-03-15T13:04:43+00:00","og_image":[{"width":1024,"height":576,"url":"http:\/\/folhapopular.info\/wp-content\/uploads\/2023\/03\/WhatsApp-Image-2023-03-15-at-10.00.19-1.jpeg","type":"image\/jpeg"}],"author":"Keila Gr\u00e4ff Anhaia","twitter_card":"summary_large_image","twitter_misc":{"Escrito por":"Keila Gr\u00e4ff Anhaia","Est. tempo de leitura":"1 minuto"},"schema":{"@context":"https:\/\/schema.org","@graph":[{"@type":"Article","@id":"https:\/\/folhapopular.info\/index.php\/2023\/03\/15\/mulheres-compartilharam-historias-na-10a-edicao-do-dia-internacional-da-mulher\/#article","isPartOf":{"@id":"https:\/\/folhapopular.info\/index.php\/2023\/03\/15\/mulheres-compartilharam-historias-na-10a-edicao-do-dia-internacional-da-mulher\/"},"author":{"name":"Keila Gr\u00e4ff Anhaia","@id":"https:\/\/folhapopular.info\/#\/schema\/person\/9a5695747e1046d5fac310c552cf6260"},"headline":"Mulheres compartilharam hist\u00f3rias na 10\u00aa edi\u00e7\u00e3o do Dia Internacional da Mulher","datePublished":"2023-03-15T13:04:39+00:00","dateModified":"2023-03-15T13:04:43+00:00","mainEntityOfPage":{"@id":"https:\/\/folhapopular.info\/index.php\/2023\/03\/15\/mulheres-compartilharam-historias-na-10a-edicao-do-dia-internacional-da-mulher\/"},"wordCount":166,"commentCount":0,"image":{"@id":"https:\/\/folhapopular.info\/index.php\/2023\/03\/15\/mulheres-compartilharam-historias-na-10a-edicao-do-dia-internacional-da-mulher\/#primaryimage"},"thumbnailUrl":"https:\/\/folhapopular.info\/wp-content\/uploads\/2023\/03\/WhatsApp-Image-2023-03-15-at-10.00.19-1.jpeg","keywords":["CIC","Dia Internacional da Mulher","Encontro","Hist\u00f3ria de vida","mais elas","Mulheres","palestras","Preconceito de g\u00eanero","reuni\u00e3o","Teut\u00f4nia"],"articleSection":["Destaques","Entretenimento","Inclusive"],"inLanguage":"pt-BR","potentialAction":[{"@type":"CommentAction","name":"Comment","target":["https:\/\/folhapopular.info\/index.php\/2023\/03\/15\/mulheres-compartilharam-historias-na-10a-edicao-do-dia-internacional-da-mulher\/#respond"]}]},{"@type":"WebPage","@id":"https:\/\/folhapopular.info\/index.php\/2023\/03\/15\/mulheres-compartilharam-historias-na-10a-edicao-do-dia-internacional-da-mulher\/","url":"https:\/\/folhapopular.info\/index.php\/2023\/03\/15\/mulheres-compartilharam-historias-na-10a-edicao-do-dia-internacional-da-mulher\/","name":"Mulheres compartilharam hist\u00f3rias na 10\u00aa edi\u00e7\u00e3o do Dia Internacional da Mulher - Folha Popular","isPartOf":{"@id":"https:\/\/folhapopular.info\/#website"},"primaryImageOfPage":{"@id":"https:\/\/folhapopular.info\/index.php\/2023\/03\/15\/mulheres-compartilharam-historias-na-10a-edicao-do-dia-internacional-da-mulher\/#primaryimage"},"image":{"@id":"https:\/\/folhapopular.info\/index.php\/2023\/03\/15\/mulheres-compartilharam-historias-na-10a-edicao-do-dia-internacional-da-mulher\/#primaryimage"},"thumbnailUrl":"https:\/\/folhapopular.info\/wp-content\/uploads\/2023\/03\/WhatsApp-Image-2023-03-15-at-10.00.19-1.jpeg","datePublished":"2023-03-15T13:04:39+00:00","dateModified":"2023-03-15T13:04:43+00:00","author":{"@id":"https:\/\/folhapopular.info\/#\/schema\/person\/9a5695747e1046d5fac310c552cf6260"},"breadcrumb":{"@id":"https:\/\/folhapopular.info\/index.php\/2023\/03\/15\/mulheres-compartilharam-historias-na-10a-edicao-do-dia-internacional-da-mulher\/#breadcrumb"},"inLanguage":"pt-BR","potentialAction":[{"@type":"ReadAction","target":["https:\/\/folhapopular.info\/index.php\/2023\/03\/15\/mulheres-compartilharam-historias-na-10a-edicao-do-dia-internacional-da-mulher\/"]}]},{"@type":"ImageObject","inLanguage":"pt-BR","@id":"https:\/\/folhapopular.info\/index.php\/2023\/03\/15\/mulheres-compartilharam-historias-na-10a-edicao-do-dia-internacional-da-mulher\/#primaryimage","url":"https:\/\/folhapopular.info\/wp-content\/uploads\/2023\/03\/WhatsApp-Image-2023-03-15-at-10.00.19-1.jpeg","contentUrl":"https:\/\/folhapopular.info\/wp-content\/uploads\/2023\/03\/WhatsApp-Image-2023-03-15-at-10.00.19-1.jpeg","width":1024,"height":576,"caption":"Momento ocorreu no sal\u00e3o de reuni\u00f5es da CIC Teut\u00f4nia \/ Cr\u00e9dito: Keila Gr\u00e4ff Anhaia"},{"@type":"BreadcrumbList","@id":"https:\/\/folhapopular.info\/index.php\/2023\/03\/15\/mulheres-compartilharam-historias-na-10a-edicao-do-dia-internacional-da-mulher\/#breadcrumb","itemListElement":[{"@type":"ListItem","position":1,"name":"In\u00edcio","item":"https:\/\/folhapopular.info\/"},{"@type":"ListItem","position":2,"name":"Mulheres compartilharam hist\u00f3rias na 10\u00aa edi\u00e7\u00e3o do Dia Internacional da Mulher"}]},{"@type":"WebSite","@id":"https:\/\/folhapopular.info\/#website","url":"https:\/\/folhapopular.info\/","name":"Folha Popular","description":"Onde voc\u00ea tem vez e voz","potentialAction":[{"@type":"SearchAction","target":{"@type":"EntryPoint","urlTemplate":"https:\/\/folhapopular.info\/?s={search_term_string}"},"query-input":{"@type":"PropertyValueSpecification","valueRequired":true,"valueName":"search_term_string"}}],"inLanguage":"pt-BR"},{"@type":"Person","@id":"https:\/\/folhapopular.info\/#\/schema\/person\/9a5695747e1046d5fac310c552cf6260","name":"Keila Gr\u00e4ff Anhaia","image":{"@type":"ImageObject","inLanguage":"pt-BR","@id":"https:\/\/secure.gravatar.com\/avatar\/498ef5bfb389bc7ded562ad94f835a056e934ab779eb2a595c461a735cf74fba?s=96&d=mm&r=g","url":"https:\/\/secure.gravatar.com\/avatar\/498ef5bfb389bc7ded562ad94f835a056e934ab779eb2a595c461a735cf74fba?s=96&d=mm&r=g","contentUrl":"https:\/\/secure.gravatar.com\/avatar\/498ef5bfb389bc7ded562ad94f835a056e934ab779eb2a595c461a735cf74fba?s=96&d=mm&r=g","caption":"Keila Gr\u00e4ff Anhaia"},"url":"https:\/\/folhapopular.info\/index.php\/author\/graffkeilagmail-com\/"}]}},"jetpack_featured_media_url":"https:\/\/folhapopular.info\/wp-content\/uploads\/2023\/03\/WhatsApp-Image-2023-03-15-at-10.00.19-1.jpeg","jetpack_sharing_enabled":true,"amp_enabled":true,"_links":{"self":[{"href":"https:\/\/folhapopular.info\/index.php\/wp-json\/wp\/v2\/posts\/123195","targetHints":{"allow":["GET"]}}],"collection":[{"href":"https:\/\/folhapopular.info\/index.php\/wp-json\/wp\/v2\/posts"}],"about":[{"href":"https:\/\/folhapopular.info\/index.php\/wp-json\/wp\/v2\/types\/post"}],"author":[{"embeddable":true,"href":"https:\/\/folhapopular.info\/index.php\/wp-json\/wp\/v2\/users\/636"}],"replies":[{"embeddable":true,"href":"https:\/\/folhapopular.info\/index.php\/wp-json\/wp\/v2\/comments?post=123195"}],"version-history":[{"count":0,"href":"https:\/\/folhapopular.info\/index.php\/wp-json\/wp\/v2\/posts\/123195\/revisions"}],"wp:featuredmedia":[{"embeddable":true,"href":"https:\/\/folhapopular.info\/index.php\/wp-json\/wp\/v2\/media\/123203"}],"wp:attachment":[{"href":"https:\/\/folhapopular.info\/index.php\/wp-json\/wp\/v2\/media?parent=123195"}],"wp:term":[{"taxonomy":"category","embeddable":true,"href":"https:\/\/folhapopular.info\/index.php\/wp-json\/wp\/v2\/categories?post=123195"},{"taxonomy":"post_tag","embeddable":true,"href":"https:\/\/folhapopular.info\/index.php\/wp-json\/wp\/v2\/tags?post=123195"}],"curies":[{"name":"wp","href":"https:\/\/api.w.org\/{rel}","templated":true}]}}