{"id":123275,"date":"2023-03-16T08:16:04","date_gmt":"2023-03-16T11:16:04","guid":{"rendered":"https:\/\/folhapopular.info\/?p=123275"},"modified":"2023-03-16T08:16:38","modified_gmt":"2023-03-16T11:16:38","slug":"pro_move-varejo-apresenta-projeto-de-formacao-para-o-comercio","status":"publish","type":"post","link":"https:\/\/folhapopular.info\/index.php\/2023\/03\/16\/pro_move-varejo-apresenta-projeto-de-formacao-para-o-comercio\/","title":{"rendered":"Pro_Move Varejo apresenta projeto de forma\u00e7\u00e3o para o com\u00e9rcio"},"content":{"rendered":"\n<p>A C\u00e2mara de Dirigentes Lojistas (CDL) Lajeado realizou na ter\u00e7a-feira (14\/3) a reuni\u00e3o de diretoria mensal, na sede da entidade. O encontro teve a participa\u00e7\u00e3o de representantes do Sindilojas Vale do Taquari e a presen\u00e7a de lideran\u00e7as do Pro_Move Lajeado Varejo, que apresentaram o projeto \u201cMindset em Vendas: trilha de forma\u00e7\u00e3o para o com\u00e9rcio\u201d. \u00c9 uma iniciativa de inova\u00e7\u00e3o social, para dar oportunidade a jovens para desenvolver novas habilidades no setor.<\/p>\n\n\n\n<p>A apresenta\u00e7\u00e3o foi feita pela diretora de inova\u00e7\u00e3o do Governo de Lajeado e do Laborat\u00f3rio de Inova\u00e7\u00e3o Social e Governamental de Lajeado (Labil\u00e1), Mariela Portz, e pela diretora do Senac, Etiene Azambuja. O curso vai compreender uma forma\u00e7\u00e3o de 80 horas, de maio a outubro, tendo como p\u00fablico principal os estudantes. \u201cO objetivo social do projeto prev\u00ea abrir oportunidade de qualifica\u00e7\u00e3o para os jovens ingressarem no mercado de trabalho e, assim, entregar \u00e0s empresas profissionais preparados\u201d, destaca Etiene.<\/p>\n\n\n\n<p>A tarefa inicial \u00e9 a busca por padrinhos para as vagas do curso que ser\u00e3o oferecidas \u00e0 comunidade gratuitamente. \u201cAs empresas tamb\u00e9m podem contratar vagas para seus colaboradores iniciantes, mas em troca devem contratar uma vaga para a comunidade. Tamb\u00e9m as empresas apoiadoras ter\u00e3o acesso privilegiado aos curr\u00edculos dos participantes para contrata\u00e7\u00f5es futuras\u201d, explica Mariela. O investimento por vaga \u00e9 de R$ 750,00, o qual pode ser parcelado.<\/p>\n\n\n\n<p>Entre as empresas que j\u00e1 confirmaram participa\u00e7\u00e3o ao final do evento est\u00e3o a Imobili\u00e1ria Jackes. \u201cFicamos muito felizes. O foco agora \u00e9 buscar mais padrinhos para as vagas\u201d, ressalta Mariela. As aulas v\u00e3o acontecer no hor\u00e1rio da noite, sendo um encontro semanal, e distribu\u00eddas em cinco m\u00f3dulos: Marketing Digital, Loja F\u00edsica, Phygital &#8211; vendendo na pr\u00e1tica; Gest\u00e3o de venda e Conectando com o meu futuro. \u201cSomos o polo comercial do Vale do Taquari e precisamos de mais pessoas preparadas. \u00c9 uma iniciativa muito bem-vinda\u201d, afirma o presidente da CDL Lajeado, Aquiles Mallmann.<\/p>\n","protected":false},"excerpt":{"rendered":"<p>A C\u00e2mara de Dirigentes Lojistas (CDL) Lajeado realizou na ter\u00e7a-feira (14\/3) a reuni\u00e3o de diretoria mensal, na sede da entidade. O encontro teve a participa\u00e7\u00e3o de representantes do Sindilojas Vale do Taquari e a presen\u00e7a de lideran\u00e7as do Pro_Move Lajeado Varejo, que apresentaram o projeto \u201cMindset em Vendas: trilha de forma\u00e7\u00e3o para o com\u00e9rcio\u201d. \u00c9 [&hellip;]<\/p>\n","protected":false},"author":8,"featured_media":123277,"comment_status":"open","ping_status":"open","sticky":false,"template":"","format":"standard","meta":{"pmpro_default_level":"","_jetpack_memberships_contains_paid_content":false,"footnotes":""},"categories":[2,10991],"tags":[587,722,364,11255,27,5453],"class_list":{"0":"post-123275","1":"post","2":"type-post","3":"status-publish","4":"format-standard","5":"has-post-thumbnail","7":"category-featured","8":"category-economia","9":"tag-cdl","10":"tag-cdl-lajeado","11":"tag-curso","12":"tag-formacao-2","13":"tag-lajeado","14":"tag-pro_move","15":"pmpro-has-access"},"yoast_head":"<!-- This site is optimized with the Yoast SEO plugin v27.5 - https:\/\/yoast.com\/product\/yoast-seo-wordpress\/ -->\n<title>Pro_Move Varejo apresenta projeto de forma\u00e7\u00e3o para o com\u00e9rcio - Folha Popular<\/title>\n<meta name=\"description\" content=\"O curso vai compreender uma forma\u00e7\u00e3o de 80 horas, de maio a outubro, tendo como p\u00fablico principal os estudantes.\" \/>\n<meta name=\"robots\" content=\"index, follow, max-snippet:-1, max-image-preview:large, max-video-preview:-1\" \/>\n<link rel=\"canonical\" href=\"https:\/\/folhapopular.info\/index.php\/2023\/03\/16\/pro_move-varejo-apresenta-projeto-de-formacao-para-o-comercio\/\" \/>\n<meta property=\"og:locale\" content=\"pt_BR\" \/>\n<meta property=\"og:type\" content=\"article\" \/>\n<meta property=\"og:title\" content=\"Pro_Move Varejo apresenta projeto de forma\u00e7\u00e3o para o com\u00e9rcio - Folha Popular\" \/>\n<meta property=\"og:description\" content=\"O curso vai compreender uma forma\u00e7\u00e3o de 80 horas, de maio a outubro, tendo como p\u00fablico principal os estudantes.\" \/>\n<meta property=\"og:url\" content=\"https:\/\/folhapopular.info\/index.php\/2023\/03\/16\/pro_move-varejo-apresenta-projeto-de-formacao-para-o-comercio\/\" \/>\n<meta property=\"og:site_name\" content=\"Folha Popular\" \/>\n<meta property=\"article:published_time\" content=\"2023-03-16T11:16:04+00:00\" \/>\n<meta property=\"article:modified_time\" content=\"2023-03-16T11:16:38+00:00\" \/>\n<meta property=\"og:image\" content=\"http:\/\/folhapopular.info\/wp-content\/uploads\/2023\/03\/419701_1050869_reuniao_geral_web_.jpg\" \/>\n\t<meta property=\"og:image:width\" content=\"600\" \/>\n\t<meta property=\"og:image:height\" content=\"450\" \/>\n\t<meta property=\"og:image:type\" content=\"image\/jpeg\" \/>\n<meta name=\"author\" content=\"Reda\u00e7\u00e3o Folha Popular\" \/>\n<meta name=\"twitter:card\" content=\"summary_large_image\" \/>\n<meta name=\"twitter:label1\" content=\"Escrito por\" \/>\n\t<meta name=\"twitter:data1\" content=\"Reda\u00e7\u00e3o Folha Popular\" \/>\n\t<meta name=\"twitter:label2\" content=\"Est. tempo de leitura\" \/>\n\t<meta name=\"twitter:data2\" content=\"2 minutos\" \/>\n<script type=\"application\/ld+json\" class=\"yoast-schema-graph\">{\"@context\":\"https:\\\/\\\/schema.org\",\"@graph\":[{\"@type\":\"Article\",\"@id\":\"https:\\\/\\\/folhapopular.info\\\/index.php\\\/2023\\\/03\\\/16\\\/pro_move-varejo-apresenta-projeto-de-formacao-para-o-comercio\\\/#article\",\"isPartOf\":{\"@id\":\"https:\\\/\\\/folhapopular.info\\\/index.php\\\/2023\\\/03\\\/16\\\/pro_move-varejo-apresenta-projeto-de-formacao-para-o-comercio\\\/\"},\"author\":{\"name\":\"Reda\u00e7\u00e3o Folha Popular\",\"@id\":\"https:\\\/\\\/folhapopular.info\\\/#\\\/schema\\\/person\\\/2814e8a0df7643585a9ca38bc6eb9d4b\"},\"headline\":\"Pro_Move Varejo apresenta projeto de forma\u00e7\u00e3o para o com\u00e9rcio\",\"datePublished\":\"2023-03-16T11:16:04+00:00\",\"dateModified\":\"2023-03-16T11:16:38+00:00\",\"mainEntityOfPage\":{\"@id\":\"https:\\\/\\\/folhapopular.info\\\/index.php\\\/2023\\\/03\\\/16\\\/pro_move-varejo-apresenta-projeto-de-formacao-para-o-comercio\\\/\"},\"wordCount\":345,\"commentCount\":0,\"image\":{\"@id\":\"https:\\\/\\\/folhapopular.info\\\/index.php\\\/2023\\\/03\\\/16\\\/pro_move-varejo-apresenta-projeto-de-formacao-para-o-comercio\\\/#primaryimage\"},\"thumbnailUrl\":\"https:\\\/\\\/folhapopular.info\\\/wp-content\\\/uploads\\\/2023\\\/03\\\/419701_1050869_reuniao_geral_web_.jpg\",\"keywords\":[\"CDL\",\"CDL Lajeado\",\"Curso\",\"FORMA\u00c7\u00c3O\",\"Lajeado\",\"Pro_Move\"],\"articleSection\":[\"Destaques\",\"Economia\"],\"inLanguage\":\"pt-BR\",\"potentialAction\":[{\"@type\":\"CommentAction\",\"name\":\"Comment\",\"target\":[\"https:\\\/\\\/folhapopular.info\\\/index.php\\\/2023\\\/03\\\/16\\\/pro_move-varejo-apresenta-projeto-de-formacao-para-o-comercio\\\/#respond\"]}]},{\"@type\":\"WebPage\",\"@id\":\"https:\\\/\\\/folhapopular.info\\\/index.php\\\/2023\\\/03\\\/16\\\/pro_move-varejo-apresenta-projeto-de-formacao-para-o-comercio\\\/\",\"url\":\"https:\\\/\\\/folhapopular.info\\\/index.php\\\/2023\\\/03\\\/16\\\/pro_move-varejo-apresenta-projeto-de-formacao-para-o-comercio\\\/\",\"name\":\"Pro_Move Varejo apresenta projeto de forma\u00e7\u00e3o para o com\u00e9rcio - Folha Popular\",\"isPartOf\":{\"@id\":\"https:\\\/\\\/folhapopular.info\\\/#website\"},\"primaryImageOfPage\":{\"@id\":\"https:\\\/\\\/folhapopular.info\\\/index.php\\\/2023\\\/03\\\/16\\\/pro_move-varejo-apresenta-projeto-de-formacao-para-o-comercio\\\/#primaryimage\"},\"image\":{\"@id\":\"https:\\\/\\\/folhapopular.info\\\/index.php\\\/2023\\\/03\\\/16\\\/pro_move-varejo-apresenta-projeto-de-formacao-para-o-comercio\\\/#primaryimage\"},\"thumbnailUrl\":\"https:\\\/\\\/folhapopular.info\\\/wp-content\\\/uploads\\\/2023\\\/03\\\/419701_1050869_reuniao_geral_web_.jpg\",\"datePublished\":\"2023-03-16T11:16:04+00:00\",\"dateModified\":\"2023-03-16T11:16:38+00:00\",\"author\":{\"@id\":\"https:\\\/\\\/folhapopular.info\\\/#\\\/schema\\\/person\\\/2814e8a0df7643585a9ca38bc6eb9d4b\"},\"description\":\"O curso vai compreender uma forma\u00e7\u00e3o de 80 horas, de maio a outubro, tendo como p\u00fablico principal os estudantes.\",\"breadcrumb\":{\"@id\":\"https:\\\/\\\/folhapopular.info\\\/index.php\\\/2023\\\/03\\\/16\\\/pro_move-varejo-apresenta-projeto-de-formacao-para-o-comercio\\\/#breadcrumb\"},\"inLanguage\":\"pt-BR\",\"potentialAction\":[{\"@type\":\"ReadAction\",\"target\":[\"https:\\\/\\\/folhapopular.info\\\/index.php\\\/2023\\\/03\\\/16\\\/pro_move-varejo-apresenta-projeto-de-formacao-para-o-comercio\\\/\"]}]},{\"@type\":\"ImageObject\",\"inLanguage\":\"pt-BR\",\"@id\":\"https:\\\/\\\/folhapopular.info\\\/index.php\\\/2023\\\/03\\\/16\\\/pro_move-varejo-apresenta-projeto-de-formacao-para-o-comercio\\\/#primaryimage\",\"url\":\"https:\\\/\\\/folhapopular.info\\\/wp-content\\\/uploads\\\/2023\\\/03\\\/419701_1050869_reuniao_geral_web_.jpg\",\"contentUrl\":\"https:\\\/\\\/folhapopular.info\\\/wp-content\\\/uploads\\\/2023\\\/03\\\/419701_1050869_reuniao_geral_web_.jpg\",\"width\":600,\"height\":450,\"caption\":\"Encontro mensal contou com a presen\u00e7a de lideran\u00e7as do Sindilojas VT Cr\u00e9dito: Simone Rockenbach \\\/ AI\"},{\"@type\":\"BreadcrumbList\",\"@id\":\"https:\\\/\\\/folhapopular.info\\\/index.php\\\/2023\\\/03\\\/16\\\/pro_move-varejo-apresenta-projeto-de-formacao-para-o-comercio\\\/#breadcrumb\",\"itemListElement\":[{\"@type\":\"ListItem\",\"position\":1,\"name\":\"In\u00edcio\",\"item\":\"https:\\\/\\\/folhapopular.info\\\/\"},{\"@type\":\"ListItem\",\"position\":2,\"name\":\"Pro_Move Varejo apresenta projeto de forma\u00e7\u00e3o para o com\u00e9rcio\"}]},{\"@type\":\"WebSite\",\"@id\":\"https:\\\/\\\/folhapopular.info\\\/#website\",\"url\":\"https:\\\/\\\/folhapopular.info\\\/\",\"name\":\"Folha Popular\",\"description\":\"Onde voc\u00ea tem vez e voz\",\"potentialAction\":[{\"@type\":\"SearchAction\",\"target\":{\"@type\":\"EntryPoint\",\"urlTemplate\":\"https:\\\/\\\/folhapopular.info\\\/?s={search_term_string}\"},\"query-input\":{\"@type\":\"PropertyValueSpecification\",\"valueRequired\":true,\"valueName\":\"search_term_string\"}}],\"inLanguage\":\"pt-BR\"},{\"@type\":\"Person\",\"@id\":\"https:\\\/\\\/folhapopular.info\\\/#\\\/schema\\\/person\\\/2814e8a0df7643585a9ca38bc6eb9d4b\",\"name\":\"Reda\u00e7\u00e3o Folha Popular\",\"image\":{\"@type\":\"ImageObject\",\"inLanguage\":\"pt-BR\",\"@id\":\"https:\\\/\\\/folhapopular.info\\\/wp-content\\\/uploads\\\/2026\\\/04\\\/Folha-1.webp\",\"url\":\"https:\\\/\\\/folhapopular.info\\\/wp-content\\\/uploads\\\/2026\\\/04\\\/Folha-1.webp\",\"contentUrl\":\"https:\\\/\\\/folhapopular.info\\\/wp-content\\\/uploads\\\/2026\\\/04\\\/Folha-1.webp\",\"caption\":\"Reda\u00e7\u00e3o Folha Popular\"},\"url\":\"https:\\\/\\\/folhapopular.info\\\/index.php\\\/author\\\/redacao\\\/\"}]}<\/script>\n<!-- \/ Yoast SEO plugin. -->","yoast_head_json":{"title":"Pro_Move Varejo apresenta projeto de forma\u00e7\u00e3o para o com\u00e9rcio - Folha Popular","description":"O curso vai compreender uma forma\u00e7\u00e3o de 80 horas, de maio a outubro, tendo como p\u00fablico principal os estudantes.","robots":{"index":"index","follow":"follow","max-snippet":"max-snippet:-1","max-image-preview":"max-image-preview:large","max-video-preview":"max-video-preview:-1"},"canonical":"https:\/\/folhapopular.info\/index.php\/2023\/03\/16\/pro_move-varejo-apresenta-projeto-de-formacao-para-o-comercio\/","og_locale":"pt_BR","og_type":"article","og_title":"Pro_Move Varejo apresenta projeto de forma\u00e7\u00e3o para o com\u00e9rcio - Folha Popular","og_description":"O curso vai compreender uma forma\u00e7\u00e3o de 80 horas, de maio a outubro, tendo como p\u00fablico principal os estudantes.","og_url":"https:\/\/folhapopular.info\/index.php\/2023\/03\/16\/pro_move-varejo-apresenta-projeto-de-formacao-para-o-comercio\/","og_site_name":"Folha Popular","article_published_time":"2023-03-16T11:16:04+00:00","article_modified_time":"2023-03-16T11:16:38+00:00","og_image":[{"width":600,"height":450,"url":"http:\/\/folhapopular.info\/wp-content\/uploads\/2023\/03\/419701_1050869_reuniao_geral_web_.jpg","type":"image\/jpeg"}],"author":"Reda\u00e7\u00e3o Folha Popular","twitter_card":"summary_large_image","twitter_misc":{"Escrito por":"Reda\u00e7\u00e3o Folha Popular","Est. tempo de leitura":"2 minutos"},"schema":{"@context":"https:\/\/schema.org","@graph":[{"@type":"Article","@id":"https:\/\/folhapopular.info\/index.php\/2023\/03\/16\/pro_move-varejo-apresenta-projeto-de-formacao-para-o-comercio\/#article","isPartOf":{"@id":"https:\/\/folhapopular.info\/index.php\/2023\/03\/16\/pro_move-varejo-apresenta-projeto-de-formacao-para-o-comercio\/"},"author":{"name":"Reda\u00e7\u00e3o Folha Popular","@id":"https:\/\/folhapopular.info\/#\/schema\/person\/2814e8a0df7643585a9ca38bc6eb9d4b"},"headline":"Pro_Move Varejo apresenta projeto de forma\u00e7\u00e3o para o com\u00e9rcio","datePublished":"2023-03-16T11:16:04+00:00","dateModified":"2023-03-16T11:16:38+00:00","mainEntityOfPage":{"@id":"https:\/\/folhapopular.info\/index.php\/2023\/03\/16\/pro_move-varejo-apresenta-projeto-de-formacao-para-o-comercio\/"},"wordCount":345,"commentCount":0,"image":{"@id":"https:\/\/folhapopular.info\/index.php\/2023\/03\/16\/pro_move-varejo-apresenta-projeto-de-formacao-para-o-comercio\/#primaryimage"},"thumbnailUrl":"https:\/\/folhapopular.info\/wp-content\/uploads\/2023\/03\/419701_1050869_reuniao_geral_web_.jpg","keywords":["CDL","CDL Lajeado","Curso","FORMA\u00c7\u00c3O","Lajeado","Pro_Move"],"articleSection":["Destaques","Economia"],"inLanguage":"pt-BR","potentialAction":[{"@type":"CommentAction","name":"Comment","target":["https:\/\/folhapopular.info\/index.php\/2023\/03\/16\/pro_move-varejo-apresenta-projeto-de-formacao-para-o-comercio\/#respond"]}]},{"@type":"WebPage","@id":"https:\/\/folhapopular.info\/index.php\/2023\/03\/16\/pro_move-varejo-apresenta-projeto-de-formacao-para-o-comercio\/","url":"https:\/\/folhapopular.info\/index.php\/2023\/03\/16\/pro_move-varejo-apresenta-projeto-de-formacao-para-o-comercio\/","name":"Pro_Move Varejo apresenta projeto de forma\u00e7\u00e3o para o com\u00e9rcio - Folha Popular","isPartOf":{"@id":"https:\/\/folhapopular.info\/#website"},"primaryImageOfPage":{"@id":"https:\/\/folhapopular.info\/index.php\/2023\/03\/16\/pro_move-varejo-apresenta-projeto-de-formacao-para-o-comercio\/#primaryimage"},"image":{"@id":"https:\/\/folhapopular.info\/index.php\/2023\/03\/16\/pro_move-varejo-apresenta-projeto-de-formacao-para-o-comercio\/#primaryimage"},"thumbnailUrl":"https:\/\/folhapopular.info\/wp-content\/uploads\/2023\/03\/419701_1050869_reuniao_geral_web_.jpg","datePublished":"2023-03-16T11:16:04+00:00","dateModified":"2023-03-16T11:16:38+00:00","author":{"@id":"https:\/\/folhapopular.info\/#\/schema\/person\/2814e8a0df7643585a9ca38bc6eb9d4b"},"description":"O curso vai compreender uma forma\u00e7\u00e3o de 80 horas, de maio a outubro, tendo como p\u00fablico principal os estudantes.","breadcrumb":{"@id":"https:\/\/folhapopular.info\/index.php\/2023\/03\/16\/pro_move-varejo-apresenta-projeto-de-formacao-para-o-comercio\/#breadcrumb"},"inLanguage":"pt-BR","potentialAction":[{"@type":"ReadAction","target":["https:\/\/folhapopular.info\/index.php\/2023\/03\/16\/pro_move-varejo-apresenta-projeto-de-formacao-para-o-comercio\/"]}]},{"@type":"ImageObject","inLanguage":"pt-BR","@id":"https:\/\/folhapopular.info\/index.php\/2023\/03\/16\/pro_move-varejo-apresenta-projeto-de-formacao-para-o-comercio\/#primaryimage","url":"https:\/\/folhapopular.info\/wp-content\/uploads\/2023\/03\/419701_1050869_reuniao_geral_web_.jpg","contentUrl":"https:\/\/folhapopular.info\/wp-content\/uploads\/2023\/03\/419701_1050869_reuniao_geral_web_.jpg","width":600,"height":450,"caption":"Encontro mensal contou com a presen\u00e7a de lideran\u00e7as do Sindilojas VT Cr\u00e9dito: Simone Rockenbach \/ AI"},{"@type":"BreadcrumbList","@id":"https:\/\/folhapopular.info\/index.php\/2023\/03\/16\/pro_move-varejo-apresenta-projeto-de-formacao-para-o-comercio\/#breadcrumb","itemListElement":[{"@type":"ListItem","position":1,"name":"In\u00edcio","item":"https:\/\/folhapopular.info\/"},{"@type":"ListItem","position":2,"name":"Pro_Move Varejo apresenta projeto de forma\u00e7\u00e3o para o com\u00e9rcio"}]},{"@type":"WebSite","@id":"https:\/\/folhapopular.info\/#website","url":"https:\/\/folhapopular.info\/","name":"Folha Popular","description":"Onde voc\u00ea tem vez e voz","potentialAction":[{"@type":"SearchAction","target":{"@type":"EntryPoint","urlTemplate":"https:\/\/folhapopular.info\/?s={search_term_string}"},"query-input":{"@type":"PropertyValueSpecification","valueRequired":true,"valueName":"search_term_string"}}],"inLanguage":"pt-BR"},{"@type":"Person","@id":"https:\/\/folhapopular.info\/#\/schema\/person\/2814e8a0df7643585a9ca38bc6eb9d4b","name":"Reda\u00e7\u00e3o Folha Popular","image":{"@type":"ImageObject","inLanguage":"pt-BR","@id":"https:\/\/folhapopular.info\/wp-content\/uploads\/2026\/04\/Folha-1.webp","url":"https:\/\/folhapopular.info\/wp-content\/uploads\/2026\/04\/Folha-1.webp","contentUrl":"https:\/\/folhapopular.info\/wp-content\/uploads\/2026\/04\/Folha-1.webp","caption":"Reda\u00e7\u00e3o Folha Popular"},"url":"https:\/\/folhapopular.info\/index.php\/author\/redacao\/"}]}},"jetpack_featured_media_url":"https:\/\/folhapopular.info\/wp-content\/uploads\/2023\/03\/419701_1050869_reuniao_geral_web_.jpg","jetpack_sharing_enabled":true,"amp_enabled":true,"_links":{"self":[{"href":"https:\/\/folhapopular.info\/index.php\/wp-json\/wp\/v2\/posts\/123275","targetHints":{"allow":["GET"]}}],"collection":[{"href":"https:\/\/folhapopular.info\/index.php\/wp-json\/wp\/v2\/posts"}],"about":[{"href":"https:\/\/folhapopular.info\/index.php\/wp-json\/wp\/v2\/types\/post"}],"author":[{"embeddable":true,"href":"https:\/\/folhapopular.info\/index.php\/wp-json\/wp\/v2\/users\/8"}],"replies":[{"embeddable":true,"href":"https:\/\/folhapopular.info\/index.php\/wp-json\/wp\/v2\/comments?post=123275"}],"version-history":[{"count":0,"href":"https:\/\/folhapopular.info\/index.php\/wp-json\/wp\/v2\/posts\/123275\/revisions"}],"wp:featuredmedia":[{"embeddable":true,"href":"https:\/\/folhapopular.info\/index.php\/wp-json\/wp\/v2\/media\/123277"}],"wp:attachment":[{"href":"https:\/\/folhapopular.info\/index.php\/wp-json\/wp\/v2\/media?parent=123275"}],"wp:term":[{"taxonomy":"category","embeddable":true,"href":"https:\/\/folhapopular.info\/index.php\/wp-json\/wp\/v2\/categories?post=123275"},{"taxonomy":"post_tag","embeddable":true,"href":"https:\/\/folhapopular.info\/index.php\/wp-json\/wp\/v2\/tags?post=123275"}],"curies":[{"name":"wp","href":"https:\/\/api.w.org\/{rel}","templated":true}]}}