{"id":123448,"date":"2023-03-19T10:00:00","date_gmt":"2023-03-19T13:00:00","guid":{"rendered":"https:\/\/folhapopular.info\/?p=123448"},"modified":"2023-03-17T18:17:24","modified_gmt":"2023-03-17T21:17:24","slug":"quase-30-casos-de-mordidas-de-animais-ja-foram-registradas-neste-ano-em-teutonia","status":"publish","type":"post","link":"https:\/\/folhapopular.info\/index.php\/2023\/03\/19\/quase-30-casos-de-mordidas-de-animais-ja-foram-registradas-neste-ano-em-teutonia\/","title":{"rendered":"<strong>Quase 30 casos de mordidas de animais j\u00e1 foram registradas neste ano, em Teut\u00f4nia<\/strong>"},"content":{"rendered":"\n<p>Nas \u00faltimas semanas, o n\u00famero de relatos sobre mordidas de c\u00e3es aumentou em Teut\u00f4nia. Pessoas da comunidade reclamam que animais soltos pelos bairros, muitos de rua, est\u00e3o atacando. O fiscal da causa animal, Gustavo Nunes Aumond, informa que n\u00e3o recebeu den\u00fancias desses acontecimentos. Contudo, at\u00e9 quinta-feira (16\/3), 28 pessoas tiveram atendimento por conta de mordida animal no munic\u00edpio, de acordo com dados de atendimentos na rede de sa\u00fade.<\/p>\n\n\n\n<p>Mesmo sem den\u00fancias formalizadas, o fiscal diz que a maioria dos casos s\u00e3o de animais com tutela, ou seja, h\u00e1 imprud\u00eancia no cuidado em manter animal no p\u00e1tio. Quando h\u00e1 registro, \u00e9 feita a visita\u00e7\u00e3o <em>in loco<\/em>, em que o fiscal investiga sobre a tutela do animal, a fim de verificar a caderneta de vacina\u00e7\u00e3o.<\/p>\n\n\n\n<p>Nestes casos, o tutor \u00e9 notificado e responsabilizado. \u201cJ\u00e1 os animais soltos na rua sem tutela n\u00e3o h\u00e1 controle. A castra\u00e7\u00e3o seria a solu\u00e7\u00e3o imediata para o caso, visto que ela reduz a agressividade do animal e o controle populacional, evitando a procria\u00e7\u00e3o\u201d, destaca.<\/p>\n\n\n\n<h2 class=\"wp-block-heading\"><strong>O que acontece ap\u00f3s a mordida?<\/strong><\/h2>\n\n\n\n<p>Quando uma pessoa \u00e9 mordida por um animal, o ideal \u00e9 logo lavar o local e depois buscar por atendimento m\u00e9dico. Segundo a fiscal sanit\u00e1ria respons\u00e1vel pelo Laborat\u00f3rio de Entomologia da Vigil\u00e2ncia Ambiental em Sa\u00fade de Teut\u00f4nia, a m\u00e9dica veterin\u00e1ria Candice Schmidt, ap\u00f3s a consulta, a Vigil\u00e2ncia Sanit\u00e1ria recebe a notifica\u00e7\u00e3o para acompanhar o caso.<\/p>\n\n\n\n<p>Para diminuir esses ataques, ela orienta que a popula\u00e7\u00e3o evite se aproximar ou tentar contato com cachorros que est\u00e3o na rua, j\u00e1 que s\u00e3o as mordidas mais frequentes. \u201cEm animais no p\u00e1tio tamb\u00e9m pedimos para as pessoas n\u00e3o tentarem tocar ao passar, pois nunca se sabe se ele \u00e9 um bicho mais feroz\u201d, completa.<\/p>\n\n\n\n<p>Em alguns casos, a pessoa precisa receber a vacina antirr\u00e1bica. Quando feita a notifica\u00e7\u00e3o do caso e avalia\u00e7\u00e3o da necessidade do paciente receber a vacina e\/ou antirr\u00e1bico, existe um protocolo pr\u00e9-definido pelo Minist\u00e9rio da Sa\u00fade. \u00c9 com base nisso que o profissional de sa\u00fade deve se embasar. \u201cSe tiver a necessidade do paciente receber vacina ou soro, o caso \u00e9 encaminhado para o bi\u00f3logo da 16\u00aa Coordenadoria Regional de Sa\u00fade para avalia\u00e7\u00e3o.\u201d<br><br>Em Teut\u00f4nia, a vacina contra a raiva \u00e9 aplicada somente no Centro Avan\u00e7ado de Sa\u00fade do Bairro Canabarro, nas segundas e sextas-feiras, mediante agendamento. J\u00e1 o soro \u00e9 aplicado, exclusivamente, no Hospital Ouro Branco com termo de libera\u00e7\u00e3o. \u201cTodo esse processo de notifica\u00e7\u00e3o, avalia\u00e7\u00e3o, prescri\u00e7\u00e3o e aplica\u00e7\u00e3o de vacina e soro antirr\u00e1bico ocorre seguindo um instrutivo do Minist\u00e9rio da Sa\u00fade, e todos os documentos e etapas s\u00e3o entre a Unidade B\u00e1sica de Sa\u00fade\/Hospital, a Vigil\u00e2ncia Epidemiol\u00f3gica e a Coordenadoria de Sa\u00fade\u201d, ressalta.<\/p>\n\n\n\n<figure class=\"wp-block-image size-full\"><img loading=\"lazy\" decoding=\"async\" width=\"756\" height=\"1024\" src=\"https:\/\/folhapopular.info\/wp-content\/uploads\/2023\/03\/WhatsApp-Image-2023-03-17-at-08.58.29-1.jpeg\" alt=\"\" class=\"wp-image-123450\" srcset=\"https:\/\/folhapopular.info\/wp-content\/uploads\/2023\/03\/WhatsApp-Image-2023-03-17-at-08.58.29-1.jpeg 756w, https:\/\/folhapopular.info\/wp-content\/uploads\/2023\/03\/WhatsApp-Image-2023-03-17-at-08.58.29-1-221x300.jpeg 221w, https:\/\/folhapopular.info\/wp-content\/uploads\/2023\/03\/WhatsApp-Image-2023-03-17-at-08.58.29-1-696x943.jpeg 696w\" sizes=\"auto, (max-width: 756px) 100vw, 756px\" \/><figcaption class=\"wp-element-caption\">M\u00e9dica Veterin\u00e1ria, Candice Schmidt, explica quais s\u00e3o os protocolos da vigil\u00e2ncia nesses casos  Cr\u00e9dito: Arquivo pessoal<\/figcaption><\/figure>\n\n\n\n<h2 class=\"wp-block-heading\"><strong>Causa animal<\/strong><\/h2>\n\n\n\n<p><a><\/a> Conforme, o Presidente da Rede de Prote\u00e7\u00e3o Ambiental e Animais (Repraas), Vladimir da Silva, os casos chegam a entidade, e ela orienta o cidad\u00e3o da guarda e posse do animal, pois, segundo ele, se torna uma ocorr\u00eancia na esfera criminal e de sa\u00fade p\u00fablica. \u201cQuando se tem um animal \u00e9 preciso ter cuidado e manter em p\u00e1tio fechado, assim evita acidente.\u201d Ele ainda lembra que se o animal for sem dono, a v\u00edtima deve procurar a Vigil\u00e2ncia Sanit\u00e1ria, para que se tome as medidas pertinentes \u00e0 legisla\u00e7\u00e3o, pois tamb\u00e9m \u00e9 um caso de sa\u00fade p\u00fablica.<\/p>\n\n\n\n<p>J\u00e1 a vereadora Neide Jaqueline Schwarz, que atua na causa animal desde 2007, lamenta que al\u00e9m de tentar um lar para os animais, ou orientar que eles fiquem cercado com cuidados, n\u00e3o h\u00e1 muito que fazer. \u201cEnquanto n\u00e3o tivermos um espa\u00e7o adequado para podermos abrigar os c\u00e3es de rua e os que est\u00e3o em maus tratos, n\u00e3o temos solu\u00e7\u00e3o imediata\u201d, observa.<\/p>\n\n\n\n<p><\/p>\n","protected":false},"excerpt":{"rendered":"<p>Nas \u00faltimas semanas, o n\u00famero de relatos sobre mordidas de c\u00e3es aumentou em Teut\u00f4nia. Pessoas da comunidade reclamam que animais soltos pelos bairros, muitos de rua, est\u00e3o atacando. O fiscal da causa animal, Gustavo Nunes Aumond, informa que n\u00e3o recebeu den\u00fancias desses acontecimentos. Contudo, at\u00e9 quinta-feira (16\/3), 28 pessoas tiveram atendimento por conta de mordida [&hellip;]<\/p>\n","protected":false},"author":644,"featured_media":123449,"comment_status":"open","ping_status":"open","sticky":false,"template":"","format":"standard","meta":{"pmpro_default_level":"","_jetpack_memberships_contains_paid_content":false,"footnotes":""},"categories":[2,10986],"tags":[11310,4615,11311,11309,11304,11305,11306,26,11308],"class_list":{"0":"post-123448","1":"post","2":"type-post","3":"status-publish","4":"format-standard","5":"has-post-thumbnail","7":"category-featured","8":"category-saude","9":"tag-antirrabica","10":"tag-cao","11":"tag-dog","12":"tag-morder","13":"tag-mordida","14":"tag-mordida-de-cachorro","15":"tag-mordidas","16":"tag-teutonia","17":"tag-vacina-da-raiva","18":"pmpro-has-access"},"yoast_head":"<!-- This site is optimized with the Yoast SEO plugin v27.4 - https:\/\/yoast.com\/product\/yoast-seo-wordpress\/ -->\n<title>Quase 30 casos de mordidas de animais j\u00e1 foram registradas neste ano, em Teut\u00f4nia - Folha Popular<\/title>\n<meta name=\"description\" content=\"Pessoas que forem v\u00edtimas devem procurar ajuda nas unidades de sa\u00fade e, se poss\u00edvel, consultar a caderneta de vacina\u00e7\u00e3o do animal\" \/>\n<meta name=\"robots\" content=\"index, follow, max-snippet:-1, max-image-preview:large, max-video-preview:-1\" \/>\n<link rel=\"canonical\" href=\"https:\/\/folhapopular.info\/index.php\/2023\/03\/19\/quase-30-casos-de-mordidas-de-animais-ja-foram-registradas-neste-ano-em-teutonia\/\" \/>\n<meta property=\"og:locale\" content=\"pt_BR\" \/>\n<meta property=\"og:type\" content=\"article\" \/>\n<meta property=\"og:title\" content=\"Quase 30 casos de mordidas de animais j\u00e1 foram registradas neste ano, em Teut\u00f4nia - Folha Popular\" \/>\n<meta property=\"og:description\" content=\"Pessoas que forem v\u00edtimas devem procurar ajuda nas unidades de sa\u00fade e, se poss\u00edvel, consultar a caderneta de vacina\u00e7\u00e3o do animal\" \/>\n<meta property=\"og:url\" content=\"https:\/\/folhapopular.info\/index.php\/2023\/03\/19\/quase-30-casos-de-mordidas-de-animais-ja-foram-registradas-neste-ano-em-teutonia\/\" \/>\n<meta property=\"og:site_name\" content=\"Folha Popular\" \/>\n<meta property=\"article:published_time\" content=\"2023-03-19T13:00:00+00:00\" \/>\n<meta property=\"og:image\" content=\"https:\/\/folhapopular.info\/wp-content\/uploads\/2023\/03\/cachorro-cruel-mostrando-dentes-e-mordendo-a-mao-scaled.jpg\" \/>\n\t<meta property=\"og:image:width\" content=\"2560\" \/>\n\t<meta property=\"og:image:height\" content=\"1696\" \/>\n\t<meta property=\"og:image:type\" content=\"image\/jpeg\" \/>\n<meta name=\"author\" content=\"Eduarda Wenzel\" \/>\n<meta name=\"twitter:card\" content=\"summary_large_image\" \/>\n<meta name=\"twitter:label1\" content=\"Escrito por\" \/>\n\t<meta name=\"twitter:data1\" content=\"Eduarda Wenzel\" \/>\n\t<meta name=\"twitter:label2\" content=\"Est. tempo de leitura\" \/>\n\t<meta name=\"twitter:data2\" content=\"4 minutos\" \/>\n<script type=\"application\/ld+json\" class=\"yoast-schema-graph\">{\"@context\":\"https:\\\/\\\/schema.org\",\"@graph\":[{\"@type\":\"Article\",\"@id\":\"https:\\\/\\\/folhapopular.info\\\/index.php\\\/2023\\\/03\\\/19\\\/quase-30-casos-de-mordidas-de-animais-ja-foram-registradas-neste-ano-em-teutonia\\\/#article\",\"isPartOf\":{\"@id\":\"https:\\\/\\\/folhapopular.info\\\/index.php\\\/2023\\\/03\\\/19\\\/quase-30-casos-de-mordidas-de-animais-ja-foram-registradas-neste-ano-em-teutonia\\\/\"},\"author\":{\"name\":\"Eduarda Wenzel\",\"@id\":\"https:\\\/\\\/folhapopular.info\\\/#\\\/schema\\\/person\\\/56503b37bb37e34ad83486450c8dd536\"},\"headline\":\"Quase 30 casos de mordidas de animais j\u00e1 foram registradas neste ano, em Teut\u00f4nia\",\"datePublished\":\"2023-03-19T13:00:00+00:00\",\"mainEntityOfPage\":{\"@id\":\"https:\\\/\\\/folhapopular.info\\\/index.php\\\/2023\\\/03\\\/19\\\/quase-30-casos-de-mordidas-de-animais-ja-foram-registradas-neste-ano-em-teutonia\\\/\"},\"wordCount\":702,\"commentCount\":0,\"image\":{\"@id\":\"https:\\\/\\\/folhapopular.info\\\/index.php\\\/2023\\\/03\\\/19\\\/quase-30-casos-de-mordidas-de-animais-ja-foram-registradas-neste-ano-em-teutonia\\\/#primaryimage\"},\"thumbnailUrl\":\"https:\\\/\\\/folhapopular.info\\\/wp-content\\\/uploads\\\/2023\\\/03\\\/cachorro-cruel-mostrando-dentes-e-mordendo-a-mao-scaled.jpg\",\"keywords\":[\"antirr\u00e1bica\",\"c\u00e3o\",\"dog\",\"morder\",\"mordida\",\"mordida de cachorro\",\"mordidas\",\"Teut\u00f4nia\",\"vacina da raiva\"],\"articleSection\":[\"Destaques\",\"Sa\u00fade\"],\"inLanguage\":\"pt-BR\",\"potentialAction\":[{\"@type\":\"CommentAction\",\"name\":\"Comment\",\"target\":[\"https:\\\/\\\/folhapopular.info\\\/index.php\\\/2023\\\/03\\\/19\\\/quase-30-casos-de-mordidas-de-animais-ja-foram-registradas-neste-ano-em-teutonia\\\/#respond\"]}]},{\"@type\":\"WebPage\",\"@id\":\"https:\\\/\\\/folhapopular.info\\\/index.php\\\/2023\\\/03\\\/19\\\/quase-30-casos-de-mordidas-de-animais-ja-foram-registradas-neste-ano-em-teutonia\\\/\",\"url\":\"https:\\\/\\\/folhapopular.info\\\/index.php\\\/2023\\\/03\\\/19\\\/quase-30-casos-de-mordidas-de-animais-ja-foram-registradas-neste-ano-em-teutonia\\\/\",\"name\":\"Quase 30 casos de mordidas de animais j\u00e1 foram registradas neste ano, em Teut\u00f4nia - Folha Popular\",\"isPartOf\":{\"@id\":\"https:\\\/\\\/folhapopular.info\\\/#website\"},\"primaryImageOfPage\":{\"@id\":\"https:\\\/\\\/folhapopular.info\\\/index.php\\\/2023\\\/03\\\/19\\\/quase-30-casos-de-mordidas-de-animais-ja-foram-registradas-neste-ano-em-teutonia\\\/#primaryimage\"},\"image\":{\"@id\":\"https:\\\/\\\/folhapopular.info\\\/index.php\\\/2023\\\/03\\\/19\\\/quase-30-casos-de-mordidas-de-animais-ja-foram-registradas-neste-ano-em-teutonia\\\/#primaryimage\"},\"thumbnailUrl\":\"https:\\\/\\\/folhapopular.info\\\/wp-content\\\/uploads\\\/2023\\\/03\\\/cachorro-cruel-mostrando-dentes-e-mordendo-a-mao-scaled.jpg\",\"datePublished\":\"2023-03-19T13:00:00+00:00\",\"author\":{\"@id\":\"https:\\\/\\\/folhapopular.info\\\/#\\\/schema\\\/person\\\/56503b37bb37e34ad83486450c8dd536\"},\"description\":\"Pessoas que forem v\u00edtimas devem procurar ajuda nas unidades de sa\u00fade e, se poss\u00edvel, consultar a caderneta de vacina\u00e7\u00e3o do animal\",\"breadcrumb\":{\"@id\":\"https:\\\/\\\/folhapopular.info\\\/index.php\\\/2023\\\/03\\\/19\\\/quase-30-casos-de-mordidas-de-animais-ja-foram-registradas-neste-ano-em-teutonia\\\/#breadcrumb\"},\"inLanguage\":\"pt-BR\",\"potentialAction\":[{\"@type\":\"ReadAction\",\"target\":[\"https:\\\/\\\/folhapopular.info\\\/index.php\\\/2023\\\/03\\\/19\\\/quase-30-casos-de-mordidas-de-animais-ja-foram-registradas-neste-ano-em-teutonia\\\/\"]}]},{\"@type\":\"ImageObject\",\"inLanguage\":\"pt-BR\",\"@id\":\"https:\\\/\\\/folhapopular.info\\\/index.php\\\/2023\\\/03\\\/19\\\/quase-30-casos-de-mordidas-de-animais-ja-foram-registradas-neste-ano-em-teutonia\\\/#primaryimage\",\"url\":\"https:\\\/\\\/folhapopular.info\\\/wp-content\\\/uploads\\\/2023\\\/03\\\/cachorro-cruel-mostrando-dentes-e-mordendo-a-mao-scaled.jpg\",\"contentUrl\":\"https:\\\/\\\/folhapopular.info\\\/wp-content\\\/uploads\\\/2023\\\/03\\\/cachorro-cruel-mostrando-dentes-e-mordendo-a-mao-scaled.jpg\",\"width\":2560,\"height\":1696,\"caption\":\"Mordidas de cachorros, normalmente, s\u00e3o as mais frequentes Cr\u00e9dito: Freepick\"},{\"@type\":\"BreadcrumbList\",\"@id\":\"https:\\\/\\\/folhapopular.info\\\/index.php\\\/2023\\\/03\\\/19\\\/quase-30-casos-de-mordidas-de-animais-ja-foram-registradas-neste-ano-em-teutonia\\\/#breadcrumb\",\"itemListElement\":[{\"@type\":\"ListItem\",\"position\":1,\"name\":\"In\u00edcio\",\"item\":\"https:\\\/\\\/folhapopular.info\\\/\"},{\"@type\":\"ListItem\",\"position\":2,\"name\":\"Quase 30 casos de mordidas de animais j\u00e1 foram registradas neste ano, em Teut\u00f4nia\"}]},{\"@type\":\"WebSite\",\"@id\":\"https:\\\/\\\/folhapopular.info\\\/#website\",\"url\":\"https:\\\/\\\/folhapopular.info\\\/\",\"name\":\"Folha Popular\",\"description\":\"Onde voc\u00ea tem vez e voz\",\"potentialAction\":[{\"@type\":\"SearchAction\",\"target\":{\"@type\":\"EntryPoint\",\"urlTemplate\":\"https:\\\/\\\/folhapopular.info\\\/?s={search_term_string}\"},\"query-input\":{\"@type\":\"PropertyValueSpecification\",\"valueRequired\":true,\"valueName\":\"search_term_string\"}}],\"inLanguage\":\"pt-BR\"},{\"@type\":\"Person\",\"@id\":\"https:\\\/\\\/folhapopular.info\\\/#\\\/schema\\\/person\\\/56503b37bb37e34ad83486450c8dd536\",\"name\":\"Eduarda Wenzel\",\"image\":{\"@type\":\"ImageObject\",\"inLanguage\":\"pt-BR\",\"@id\":\"https:\\\/\\\/secure.gravatar.com\\\/avatar\\\/84a92258d5ebb7523b3978df951af09337f402d618cba5001aa8b2a2fc633090?s=96&d=mm&r=g\",\"url\":\"https:\\\/\\\/secure.gravatar.com\\\/avatar\\\/84a92258d5ebb7523b3978df951af09337f402d618cba5001aa8b2a2fc633090?s=96&d=mm&r=g\",\"contentUrl\":\"https:\\\/\\\/secure.gravatar.com\\\/avatar\\\/84a92258d5ebb7523b3978df951af09337f402d618cba5001aa8b2a2fc633090?s=96&d=mm&r=g\",\"caption\":\"Eduarda Wenzel\"},\"url\":\"https:\\\/\\\/folhapopular.info\\\/index.php\\\/author\\\/eduarda-wenzeluniverso-univates-br\\\/\"}]}<\/script>\n<!-- \/ Yoast SEO plugin. -->","yoast_head_json":{"title":"Quase 30 casos de mordidas de animais j\u00e1 foram registradas neste ano, em Teut\u00f4nia - Folha Popular","description":"Pessoas que forem v\u00edtimas devem procurar ajuda nas unidades de sa\u00fade e, se poss\u00edvel, consultar a caderneta de vacina\u00e7\u00e3o do animal","robots":{"index":"index","follow":"follow","max-snippet":"max-snippet:-1","max-image-preview":"max-image-preview:large","max-video-preview":"max-video-preview:-1"},"canonical":"https:\/\/folhapopular.info\/index.php\/2023\/03\/19\/quase-30-casos-de-mordidas-de-animais-ja-foram-registradas-neste-ano-em-teutonia\/","og_locale":"pt_BR","og_type":"article","og_title":"Quase 30 casos de mordidas de animais j\u00e1 foram registradas neste ano, em Teut\u00f4nia - Folha Popular","og_description":"Pessoas que forem v\u00edtimas devem procurar ajuda nas unidades de sa\u00fade e, se poss\u00edvel, consultar a caderneta de vacina\u00e7\u00e3o do animal","og_url":"https:\/\/folhapopular.info\/index.php\/2023\/03\/19\/quase-30-casos-de-mordidas-de-animais-ja-foram-registradas-neste-ano-em-teutonia\/","og_site_name":"Folha Popular","article_published_time":"2023-03-19T13:00:00+00:00","og_image":[{"width":2560,"height":1696,"url":"https:\/\/folhapopular.info\/wp-content\/uploads\/2023\/03\/cachorro-cruel-mostrando-dentes-e-mordendo-a-mao-scaled.jpg","type":"image\/jpeg"}],"author":"Eduarda Wenzel","twitter_card":"summary_large_image","twitter_misc":{"Escrito por":"Eduarda Wenzel","Est. tempo de leitura":"4 minutos"},"schema":{"@context":"https:\/\/schema.org","@graph":[{"@type":"Article","@id":"https:\/\/folhapopular.info\/index.php\/2023\/03\/19\/quase-30-casos-de-mordidas-de-animais-ja-foram-registradas-neste-ano-em-teutonia\/#article","isPartOf":{"@id":"https:\/\/folhapopular.info\/index.php\/2023\/03\/19\/quase-30-casos-de-mordidas-de-animais-ja-foram-registradas-neste-ano-em-teutonia\/"},"author":{"name":"Eduarda Wenzel","@id":"https:\/\/folhapopular.info\/#\/schema\/person\/56503b37bb37e34ad83486450c8dd536"},"headline":"Quase 30 casos de mordidas de animais j\u00e1 foram registradas neste ano, em Teut\u00f4nia","datePublished":"2023-03-19T13:00:00+00:00","mainEntityOfPage":{"@id":"https:\/\/folhapopular.info\/index.php\/2023\/03\/19\/quase-30-casos-de-mordidas-de-animais-ja-foram-registradas-neste-ano-em-teutonia\/"},"wordCount":702,"commentCount":0,"image":{"@id":"https:\/\/folhapopular.info\/index.php\/2023\/03\/19\/quase-30-casos-de-mordidas-de-animais-ja-foram-registradas-neste-ano-em-teutonia\/#primaryimage"},"thumbnailUrl":"https:\/\/folhapopular.info\/wp-content\/uploads\/2023\/03\/cachorro-cruel-mostrando-dentes-e-mordendo-a-mao-scaled.jpg","keywords":["antirr\u00e1bica","c\u00e3o","dog","morder","mordida","mordida de cachorro","mordidas","Teut\u00f4nia","vacina da raiva"],"articleSection":["Destaques","Sa\u00fade"],"inLanguage":"pt-BR","potentialAction":[{"@type":"CommentAction","name":"Comment","target":["https:\/\/folhapopular.info\/index.php\/2023\/03\/19\/quase-30-casos-de-mordidas-de-animais-ja-foram-registradas-neste-ano-em-teutonia\/#respond"]}]},{"@type":"WebPage","@id":"https:\/\/folhapopular.info\/index.php\/2023\/03\/19\/quase-30-casos-de-mordidas-de-animais-ja-foram-registradas-neste-ano-em-teutonia\/","url":"https:\/\/folhapopular.info\/index.php\/2023\/03\/19\/quase-30-casos-de-mordidas-de-animais-ja-foram-registradas-neste-ano-em-teutonia\/","name":"Quase 30 casos de mordidas de animais j\u00e1 foram registradas neste ano, em Teut\u00f4nia - Folha Popular","isPartOf":{"@id":"https:\/\/folhapopular.info\/#website"},"primaryImageOfPage":{"@id":"https:\/\/folhapopular.info\/index.php\/2023\/03\/19\/quase-30-casos-de-mordidas-de-animais-ja-foram-registradas-neste-ano-em-teutonia\/#primaryimage"},"image":{"@id":"https:\/\/folhapopular.info\/index.php\/2023\/03\/19\/quase-30-casos-de-mordidas-de-animais-ja-foram-registradas-neste-ano-em-teutonia\/#primaryimage"},"thumbnailUrl":"https:\/\/folhapopular.info\/wp-content\/uploads\/2023\/03\/cachorro-cruel-mostrando-dentes-e-mordendo-a-mao-scaled.jpg","datePublished":"2023-03-19T13:00:00+00:00","author":{"@id":"https:\/\/folhapopular.info\/#\/schema\/person\/56503b37bb37e34ad83486450c8dd536"},"description":"Pessoas que forem v\u00edtimas devem procurar ajuda nas unidades de sa\u00fade e, se poss\u00edvel, consultar a caderneta de vacina\u00e7\u00e3o do animal","breadcrumb":{"@id":"https:\/\/folhapopular.info\/index.php\/2023\/03\/19\/quase-30-casos-de-mordidas-de-animais-ja-foram-registradas-neste-ano-em-teutonia\/#breadcrumb"},"inLanguage":"pt-BR","potentialAction":[{"@type":"ReadAction","target":["https:\/\/folhapopular.info\/index.php\/2023\/03\/19\/quase-30-casos-de-mordidas-de-animais-ja-foram-registradas-neste-ano-em-teutonia\/"]}]},{"@type":"ImageObject","inLanguage":"pt-BR","@id":"https:\/\/folhapopular.info\/index.php\/2023\/03\/19\/quase-30-casos-de-mordidas-de-animais-ja-foram-registradas-neste-ano-em-teutonia\/#primaryimage","url":"https:\/\/folhapopular.info\/wp-content\/uploads\/2023\/03\/cachorro-cruel-mostrando-dentes-e-mordendo-a-mao-scaled.jpg","contentUrl":"https:\/\/folhapopular.info\/wp-content\/uploads\/2023\/03\/cachorro-cruel-mostrando-dentes-e-mordendo-a-mao-scaled.jpg","width":2560,"height":1696,"caption":"Mordidas de cachorros, normalmente, s\u00e3o as mais frequentes Cr\u00e9dito: Freepick"},{"@type":"BreadcrumbList","@id":"https:\/\/folhapopular.info\/index.php\/2023\/03\/19\/quase-30-casos-de-mordidas-de-animais-ja-foram-registradas-neste-ano-em-teutonia\/#breadcrumb","itemListElement":[{"@type":"ListItem","position":1,"name":"In\u00edcio","item":"https:\/\/folhapopular.info\/"},{"@type":"ListItem","position":2,"name":"Quase 30 casos de mordidas de animais j\u00e1 foram registradas neste ano, em Teut\u00f4nia"}]},{"@type":"WebSite","@id":"https:\/\/folhapopular.info\/#website","url":"https:\/\/folhapopular.info\/","name":"Folha Popular","description":"Onde voc\u00ea tem vez e voz","potentialAction":[{"@type":"SearchAction","target":{"@type":"EntryPoint","urlTemplate":"https:\/\/folhapopular.info\/?s={search_term_string}"},"query-input":{"@type":"PropertyValueSpecification","valueRequired":true,"valueName":"search_term_string"}}],"inLanguage":"pt-BR"},{"@type":"Person","@id":"https:\/\/folhapopular.info\/#\/schema\/person\/56503b37bb37e34ad83486450c8dd536","name":"Eduarda Wenzel","image":{"@type":"ImageObject","inLanguage":"pt-BR","@id":"https:\/\/secure.gravatar.com\/avatar\/84a92258d5ebb7523b3978df951af09337f402d618cba5001aa8b2a2fc633090?s=96&d=mm&r=g","url":"https:\/\/secure.gravatar.com\/avatar\/84a92258d5ebb7523b3978df951af09337f402d618cba5001aa8b2a2fc633090?s=96&d=mm&r=g","contentUrl":"https:\/\/secure.gravatar.com\/avatar\/84a92258d5ebb7523b3978df951af09337f402d618cba5001aa8b2a2fc633090?s=96&d=mm&r=g","caption":"Eduarda Wenzel"},"url":"https:\/\/folhapopular.info\/index.php\/author\/eduarda-wenzeluniverso-univates-br\/"}]}},"jetpack_featured_media_url":"https:\/\/folhapopular.info\/wp-content\/uploads\/2023\/03\/cachorro-cruel-mostrando-dentes-e-mordendo-a-mao-scaled.jpg","jetpack_sharing_enabled":true,"amp_enabled":true,"_links":{"self":[{"href":"https:\/\/folhapopular.info\/index.php\/wp-json\/wp\/v2\/posts\/123448","targetHints":{"allow":["GET"]}}],"collection":[{"href":"https:\/\/folhapopular.info\/index.php\/wp-json\/wp\/v2\/posts"}],"about":[{"href":"https:\/\/folhapopular.info\/index.php\/wp-json\/wp\/v2\/types\/post"}],"author":[{"embeddable":true,"href":"https:\/\/folhapopular.info\/index.php\/wp-json\/wp\/v2\/users\/644"}],"replies":[{"embeddable":true,"href":"https:\/\/folhapopular.info\/index.php\/wp-json\/wp\/v2\/comments?post=123448"}],"version-history":[{"count":0,"href":"https:\/\/folhapopular.info\/index.php\/wp-json\/wp\/v2\/posts\/123448\/revisions"}],"wp:featuredmedia":[{"embeddable":true,"href":"https:\/\/folhapopular.info\/index.php\/wp-json\/wp\/v2\/media\/123449"}],"wp:attachment":[{"href":"https:\/\/folhapopular.info\/index.php\/wp-json\/wp\/v2\/media?parent=123448"}],"wp:term":[{"taxonomy":"category","embeddable":true,"href":"https:\/\/folhapopular.info\/index.php\/wp-json\/wp\/v2\/categories?post=123448"},{"taxonomy":"post_tag","embeddable":true,"href":"https:\/\/folhapopular.info\/index.php\/wp-json\/wp\/v2\/tags?post=123448"}],"curies":[{"name":"wp","href":"https:\/\/api.w.org\/{rel}","templated":true}]}}