{"id":123747,"date":"2023-03-21T19:09:22","date_gmt":"2023-03-21T22:09:22","guid":{"rendered":"https:\/\/folhapopular.info\/?p=123747"},"modified":"2023-03-21T19:09:25","modified_gmt":"2023-03-21T22:09:25","slug":"campeoes-do-futsal-do-aberto-de-verao-da-languiru-serao-conhecidos-nesta-sexta-feira","status":"publish","type":"post","link":"https:\/\/folhapopular.info\/index.php\/2023\/03\/21\/campeoes-do-futsal-do-aberto-de-verao-da-languiru-serao-conhecidos-nesta-sexta-feira\/","title":{"rendered":"Campe\u00f5es do futsal do Aberto de Ver\u00e3o da Languiru ser\u00e3o conhecidos nesta sexta-feira"},"content":{"rendered":"\n<p>Mais uma edi\u00e7\u00e3o do Campeonato Aberto de Ver\u00e3o da Languiru chega ao fim. Nas pr\u00f3ximas duas semanas ser\u00e3o conhecidos os \u00faltimos campe\u00f5es. Nesta sexta-feira (24\/3) ser\u00e3o realizadas as finais da modalidade futsal. Ser\u00e3o dois jogos \u2013 feminino e masculino \u2013 \u00e0s 20h e \u00e0s 21h, respectivamente. Na categoria feminina, Malaguetas e Baile de Munique duelam pela ta\u00e7a da categoria. J\u00e1 no masculino, disputam o t\u00edtulo, Internacional de Santa Manoela e Esporte Clube Tupi.<\/p>\n\n\n\n<p>No futebol sete, na rodada passada, foram conhecidos os primeiros finalistas. Amigos do Lolo, Baixada do Sapo, Brochier e Saidera disputar\u00e3o t\u00edtulos em suas categorias.<\/p>\n\n\n\n<p>Nesta sexta-feira (24\/3) ocorrer\u00e3o as \u00faltimas semifinais. Os campe\u00f5es do futebol sete ser\u00e3o definidos no dia 31 de mar\u00e7o.<\/p>\n\n\n\n<p><strong><mark style=\"background-color:#fcb900\" class=\"has-inline-color\">ABERTO DE VER\u00c3O DA LANGUIRU<\/mark><\/strong><\/p>\n\n\n\n<p><strong>FUTSAL<\/strong><\/p>\n\n\n\n<p><strong>Finais \u2013 24\/3<\/strong><\/p>\n\n\n\n<p>20:00 Feminino Malaguetas x Baile de Munique<\/p>\n\n\n\n<p>21:00 Masculino Inter-SM x EC Tupi<\/p>\n\n\n\n<p><strong>FUTEBOL SETE<\/strong><\/p>\n\n\n\n<p><strong>Semifinais \u2013 17\/3<\/strong><\/p>\n\n\n\n<p>M\u00e1ster Amigos do Lolo 1&#215;1 Brochier P\u00eanaltis: 5&#215;4<\/p>\n\n\n\n<p>Veterano Baixado do Sapo 2&#215;1 CT Kliks<\/p>\n\n\n\n<p>Sub-21 Inter-SM 1&#215;1 Brochier P\u00eanaltis: 4&#215;5<\/p>\n\n\n\n<p>For\u00e7a Livre Medonhos 0x1 Saidera<\/p>\n\n\n\n<p><strong>Semifinais \u2013 24\/3<\/strong><\/p>\n\n\n\n<p>20:30 Veterano Rudibar x Taquariense<\/p>\n\n\n\n<p>21:30 Sub-21 Elite x Furac\u00e3o<\/p>\n\n\n\n<p>22:30 For\u00e7a Livre Celtic\/Canabarrense x Amigos do Gemeii Locatelli<\/p>\n","protected":false},"excerpt":{"rendered":"<p>Mais uma edi\u00e7\u00e3o do Campeonato Aberto de Ver\u00e3o da Languiru chega ao fim. Nas pr\u00f3ximas duas semanas ser\u00e3o conhecidos os \u00faltimos campe\u00f5es. Nesta sexta-feira (24\/3) ser\u00e3o realizadas as finais da modalidade futsal. Ser\u00e3o dois jogos \u2013 feminino e masculino \u2013 \u00e0s 20h e \u00e0s 21h, respectivamente. Na categoria feminina, Malaguetas e Baile de Munique duelam [&hellip;]<\/p>\n","protected":false},"author":601,"featured_media":123748,"comment_status":"open","ping_status":"open","sticky":false,"template":"","format":"standard","meta":{"pmpro_default_level":"","_jetpack_memberships_contains_paid_content":false,"footnotes":""},"categories":[5,6592,530],"tags":[8160,137,150,5254,406,1621],"class_list":{"0":"post-123747","1":"post","2":"type-post","3":"status-publish","4":"format-standard","5":"has-post-thumbnail","7":"category-esportes","8":"category-futebol-sete","9":"category-futsal","10":"tag-aberto-de-verao","11":"tag-esporte","12":"tag-finais","13":"tag-finalistas","14":"tag-languiru","15":"tag-mimi","16":"pmpro-has-access"},"yoast_head":"<!-- This site is optimized with the Yoast SEO plugin v27.5 - https:\/\/yoast.com\/product\/yoast-seo-wordpress\/ -->\n<title>Campe\u00f5es do futsal do Aberto de Ver\u00e3o da Languiru ser\u00e3o conhecidos nesta sexta-feira - Folha Popular<\/title>\n<meta name=\"robots\" content=\"index, follow, max-snippet:-1, max-image-preview:large, max-video-preview:-1\" \/>\n<link rel=\"canonical\" href=\"https:\/\/folhapopular.info\/index.php\/2023\/03\/21\/campeoes-do-futsal-do-aberto-de-verao-da-languiru-serao-conhecidos-nesta-sexta-feira\/\" \/>\n<meta property=\"og:locale\" content=\"pt_BR\" \/>\n<meta property=\"og:type\" content=\"article\" \/>\n<meta property=\"og:title\" content=\"Campe\u00f5es do futsal do Aberto de Ver\u00e3o da Languiru ser\u00e3o conhecidos nesta sexta-feira - Folha Popular\" \/>\n<meta property=\"og:description\" content=\"Mais uma edi\u00e7\u00e3o do Campeonato Aberto de Ver\u00e3o da Languiru chega ao fim. Nas pr\u00f3ximas duas semanas ser\u00e3o conhecidos os \u00faltimos campe\u00f5es. Nesta sexta-feira (24\/3) ser\u00e3o realizadas as finais da modalidade futsal. Ser\u00e3o dois jogos \u2013 feminino e masculino \u2013 \u00e0s 20h e \u00e0s 21h, respectivamente. Na categoria feminina, Malaguetas e Baile de Munique duelam [&hellip;]\" \/>\n<meta property=\"og:url\" content=\"https:\/\/folhapopular.info\/index.php\/2023\/03\/21\/campeoes-do-futsal-do-aberto-de-verao-da-languiru-serao-conhecidos-nesta-sexta-feira\/\" \/>\n<meta property=\"og:site_name\" content=\"Folha Popular\" \/>\n<meta property=\"article:published_time\" content=\"2023-03-21T22:09:22+00:00\" \/>\n<meta property=\"article:modified_time\" content=\"2023-03-21T22:09:25+00:00\" \/>\n<meta property=\"og:image\" content=\"http:\/\/folhapopular.info\/wp-content\/uploads\/2023\/03\/WhatsApp-Image-2023-03-21-at-08.05.21-e1679436516399.jpeg\" \/>\n\t<meta property=\"og:image:width\" content=\"1200\" \/>\n\t<meta property=\"og:image:height\" content=\"900\" \/>\n\t<meta property=\"og:image:type\" content=\"image\/jpeg\" \/>\n<meta name=\"author\" content=\"Carla Beckmann\" \/>\n<meta name=\"twitter:card\" content=\"summary_large_image\" \/>\n<meta name=\"twitter:label1\" content=\"Escrito por\" \/>\n\t<meta name=\"twitter:data1\" content=\"Carla Beckmann\" \/>\n\t<meta name=\"twitter:label2\" content=\"Est. tempo de leitura\" \/>\n\t<meta name=\"twitter:data2\" content=\"2 minutos\" \/>\n<script type=\"application\/ld+json\" class=\"yoast-schema-graph\">{\"@context\":\"https:\\\/\\\/schema.org\",\"@graph\":[{\"@type\":\"Article\",\"@id\":\"https:\\\/\\\/folhapopular.info\\\/index.php\\\/2023\\\/03\\\/21\\\/campeoes-do-futsal-do-aberto-de-verao-da-languiru-serao-conhecidos-nesta-sexta-feira\\\/#article\",\"isPartOf\":{\"@id\":\"https:\\\/\\\/folhapopular.info\\\/index.php\\\/2023\\\/03\\\/21\\\/campeoes-do-futsal-do-aberto-de-verao-da-languiru-serao-conhecidos-nesta-sexta-feira\\\/\"},\"author\":{\"name\":\"Carla Beckmann\",\"@id\":\"https:\\\/\\\/folhapopular.info\\\/#\\\/schema\\\/person\\\/c9138938e4781f3e1ca513f9bea5659c\"},\"headline\":\"Campe\u00f5es do futsal do Aberto de Ver\u00e3o da Languiru ser\u00e3o conhecidos nesta sexta-feira\",\"datePublished\":\"2023-03-21T22:09:22+00:00\",\"dateModified\":\"2023-03-21T22:09:25+00:00\",\"mainEntityOfPage\":{\"@id\":\"https:\\\/\\\/folhapopular.info\\\/index.php\\\/2023\\\/03\\\/21\\\/campeoes-do-futsal-do-aberto-de-verao-da-languiru-serao-conhecidos-nesta-sexta-feira\\\/\"},\"wordCount\":215,\"commentCount\":0,\"image\":{\"@id\":\"https:\\\/\\\/folhapopular.info\\\/index.php\\\/2023\\\/03\\\/21\\\/campeoes-do-futsal-do-aberto-de-verao-da-languiru-serao-conhecidos-nesta-sexta-feira\\\/#primaryimage\"},\"thumbnailUrl\":\"https:\\\/\\\/folhapopular.info\\\/wp-content\\\/uploads\\\/2023\\\/03\\\/WhatsApp-Image-2023-03-21-at-08.05.21-e1679436516399.jpeg\",\"keywords\":[\"Aberto de Ver\u00e3o\",\"Esporte\",\"finais\",\"finalistas\",\"Languiru\",\"Mimi\"],\"articleSection\":[\"Esportes\",\"Futebol Sete\",\"Futsal\"],\"inLanguage\":\"pt-BR\",\"potentialAction\":[{\"@type\":\"CommentAction\",\"name\":\"Comment\",\"target\":[\"https:\\\/\\\/folhapopular.info\\\/index.php\\\/2023\\\/03\\\/21\\\/campeoes-do-futsal-do-aberto-de-verao-da-languiru-serao-conhecidos-nesta-sexta-feira\\\/#respond\"]}]},{\"@type\":\"WebPage\",\"@id\":\"https:\\\/\\\/folhapopular.info\\\/index.php\\\/2023\\\/03\\\/21\\\/campeoes-do-futsal-do-aberto-de-verao-da-languiru-serao-conhecidos-nesta-sexta-feira\\\/\",\"url\":\"https:\\\/\\\/folhapopular.info\\\/index.php\\\/2023\\\/03\\\/21\\\/campeoes-do-futsal-do-aberto-de-verao-da-languiru-serao-conhecidos-nesta-sexta-feira\\\/\",\"name\":\"Campe\u00f5es do futsal do Aberto de Ver\u00e3o da Languiru ser\u00e3o conhecidos nesta sexta-feira - Folha Popular\",\"isPartOf\":{\"@id\":\"https:\\\/\\\/folhapopular.info\\\/#website\"},\"primaryImageOfPage\":{\"@id\":\"https:\\\/\\\/folhapopular.info\\\/index.php\\\/2023\\\/03\\\/21\\\/campeoes-do-futsal-do-aberto-de-verao-da-languiru-serao-conhecidos-nesta-sexta-feira\\\/#primaryimage\"},\"image\":{\"@id\":\"https:\\\/\\\/folhapopular.info\\\/index.php\\\/2023\\\/03\\\/21\\\/campeoes-do-futsal-do-aberto-de-verao-da-languiru-serao-conhecidos-nesta-sexta-feira\\\/#primaryimage\"},\"thumbnailUrl\":\"https:\\\/\\\/folhapopular.info\\\/wp-content\\\/uploads\\\/2023\\\/03\\\/WhatsApp-Image-2023-03-21-at-08.05.21-e1679436516399.jpeg\",\"datePublished\":\"2023-03-21T22:09:22+00:00\",\"dateModified\":\"2023-03-21T22:09:25+00:00\",\"author\":{\"@id\":\"https:\\\/\\\/folhapopular.info\\\/#\\\/schema\\\/person\\\/c9138938e4781f3e1ca513f9bea5659c\"},\"breadcrumb\":{\"@id\":\"https:\\\/\\\/folhapopular.info\\\/index.php\\\/2023\\\/03\\\/21\\\/campeoes-do-futsal-do-aberto-de-verao-da-languiru-serao-conhecidos-nesta-sexta-feira\\\/#breadcrumb\"},\"inLanguage\":\"pt-BR\",\"potentialAction\":[{\"@type\":\"ReadAction\",\"target\":[\"https:\\\/\\\/folhapopular.info\\\/index.php\\\/2023\\\/03\\\/21\\\/campeoes-do-futsal-do-aberto-de-verao-da-languiru-serao-conhecidos-nesta-sexta-feira\\\/\"]}]},{\"@type\":\"ImageObject\",\"inLanguage\":\"pt-BR\",\"@id\":\"https:\\\/\\\/folhapopular.info\\\/index.php\\\/2023\\\/03\\\/21\\\/campeoes-do-futsal-do-aberto-de-verao-da-languiru-serao-conhecidos-nesta-sexta-feira\\\/#primaryimage\",\"url\":\"https:\\\/\\\/folhapopular.info\\\/wp-content\\\/uploads\\\/2023\\\/03\\\/WhatsApp-Image-2023-03-21-at-08.05.21-e1679436516399.jpeg\",\"contentUrl\":\"https:\\\/\\\/folhapopular.info\\\/wp-content\\\/uploads\\\/2023\\\/03\\\/WhatsApp-Image-2023-03-21-at-08.05.21-e1679436516399.jpeg\",\"width\":1200,\"height\":900,\"caption\":\"Inter de Santa Manoela tenta o t\u00edtulo na categoria For\u00e7a Livre\"},{\"@type\":\"BreadcrumbList\",\"@id\":\"https:\\\/\\\/folhapopular.info\\\/index.php\\\/2023\\\/03\\\/21\\\/campeoes-do-futsal-do-aberto-de-verao-da-languiru-serao-conhecidos-nesta-sexta-feira\\\/#breadcrumb\",\"itemListElement\":[{\"@type\":\"ListItem\",\"position\":1,\"name\":\"In\u00edcio\",\"item\":\"https:\\\/\\\/folhapopular.info\\\/\"},{\"@type\":\"ListItem\",\"position\":2,\"name\":\"Campe\u00f5es do futsal do Aberto de Ver\u00e3o da Languiru ser\u00e3o conhecidos nesta sexta-feira\"}]},{\"@type\":\"WebSite\",\"@id\":\"https:\\\/\\\/folhapopular.info\\\/#website\",\"url\":\"https:\\\/\\\/folhapopular.info\\\/\",\"name\":\"Folha Popular\",\"description\":\"Onde voc\u00ea tem vez e voz\",\"potentialAction\":[{\"@type\":\"SearchAction\",\"target\":{\"@type\":\"EntryPoint\",\"urlTemplate\":\"https:\\\/\\\/folhapopular.info\\\/?s={search_term_string}\"},\"query-input\":{\"@type\":\"PropertyValueSpecification\",\"valueRequired\":true,\"valueName\":\"search_term_string\"}}],\"inLanguage\":\"pt-BR\"},{\"@type\":\"Person\",\"@id\":\"https:\\\/\\\/folhapopular.info\\\/#\\\/schema\\\/person\\\/c9138938e4781f3e1ca513f9bea5659c\",\"name\":\"Carla Beckmann\",\"image\":{\"@type\":\"ImageObject\",\"inLanguage\":\"pt-BR\",\"@id\":\"https:\\\/\\\/secure.gravatar.com\\\/avatar\\\/790078f6ade9f70c31db5a673b88c15df0904c2847c456b3599f72843ac11eb9?s=96&d=mm&r=g\",\"url\":\"https:\\\/\\\/secure.gravatar.com\\\/avatar\\\/790078f6ade9f70c31db5a673b88c15df0904c2847c456b3599f72843ac11eb9?s=96&d=mm&r=g\",\"contentUrl\":\"https:\\\/\\\/secure.gravatar.com\\\/avatar\\\/790078f6ade9f70c31db5a673b88c15df0904c2847c456b3599f72843ac11eb9?s=96&d=mm&r=g\",\"caption\":\"Carla Beckmann\"},\"url\":\"https:\\\/\\\/folhapopular.info\\\/index.php\\\/author\\\/carlabeckmann03gmail-com\\\/\"}]}<\/script>\n<!-- \/ Yoast SEO plugin. -->","yoast_head_json":{"title":"Campe\u00f5es do futsal do Aberto de Ver\u00e3o da Languiru ser\u00e3o conhecidos nesta sexta-feira - Folha Popular","robots":{"index":"index","follow":"follow","max-snippet":"max-snippet:-1","max-image-preview":"max-image-preview:large","max-video-preview":"max-video-preview:-1"},"canonical":"https:\/\/folhapopular.info\/index.php\/2023\/03\/21\/campeoes-do-futsal-do-aberto-de-verao-da-languiru-serao-conhecidos-nesta-sexta-feira\/","og_locale":"pt_BR","og_type":"article","og_title":"Campe\u00f5es do futsal do Aberto de Ver\u00e3o da Languiru ser\u00e3o conhecidos nesta sexta-feira - Folha Popular","og_description":"Mais uma edi\u00e7\u00e3o do Campeonato Aberto de Ver\u00e3o da Languiru chega ao fim. Nas pr\u00f3ximas duas semanas ser\u00e3o conhecidos os \u00faltimos campe\u00f5es. Nesta sexta-feira (24\/3) ser\u00e3o realizadas as finais da modalidade futsal. Ser\u00e3o dois jogos \u2013 feminino e masculino \u2013 \u00e0s 20h e \u00e0s 21h, respectivamente. Na categoria feminina, Malaguetas e Baile de Munique duelam [&hellip;]","og_url":"https:\/\/folhapopular.info\/index.php\/2023\/03\/21\/campeoes-do-futsal-do-aberto-de-verao-da-languiru-serao-conhecidos-nesta-sexta-feira\/","og_site_name":"Folha Popular","article_published_time":"2023-03-21T22:09:22+00:00","article_modified_time":"2023-03-21T22:09:25+00:00","og_image":[{"width":1200,"height":900,"url":"http:\/\/folhapopular.info\/wp-content\/uploads\/2023\/03\/WhatsApp-Image-2023-03-21-at-08.05.21-e1679436516399.jpeg","type":"image\/jpeg"}],"author":"Carla Beckmann","twitter_card":"summary_large_image","twitter_misc":{"Escrito por":"Carla Beckmann","Est. tempo de leitura":"2 minutos"},"schema":{"@context":"https:\/\/schema.org","@graph":[{"@type":"Article","@id":"https:\/\/folhapopular.info\/index.php\/2023\/03\/21\/campeoes-do-futsal-do-aberto-de-verao-da-languiru-serao-conhecidos-nesta-sexta-feira\/#article","isPartOf":{"@id":"https:\/\/folhapopular.info\/index.php\/2023\/03\/21\/campeoes-do-futsal-do-aberto-de-verao-da-languiru-serao-conhecidos-nesta-sexta-feira\/"},"author":{"name":"Carla Beckmann","@id":"https:\/\/folhapopular.info\/#\/schema\/person\/c9138938e4781f3e1ca513f9bea5659c"},"headline":"Campe\u00f5es do futsal do Aberto de Ver\u00e3o da Languiru ser\u00e3o conhecidos nesta sexta-feira","datePublished":"2023-03-21T22:09:22+00:00","dateModified":"2023-03-21T22:09:25+00:00","mainEntityOfPage":{"@id":"https:\/\/folhapopular.info\/index.php\/2023\/03\/21\/campeoes-do-futsal-do-aberto-de-verao-da-languiru-serao-conhecidos-nesta-sexta-feira\/"},"wordCount":215,"commentCount":0,"image":{"@id":"https:\/\/folhapopular.info\/index.php\/2023\/03\/21\/campeoes-do-futsal-do-aberto-de-verao-da-languiru-serao-conhecidos-nesta-sexta-feira\/#primaryimage"},"thumbnailUrl":"https:\/\/folhapopular.info\/wp-content\/uploads\/2023\/03\/WhatsApp-Image-2023-03-21-at-08.05.21-e1679436516399.jpeg","keywords":["Aberto de Ver\u00e3o","Esporte","finais","finalistas","Languiru","Mimi"],"articleSection":["Esportes","Futebol Sete","Futsal"],"inLanguage":"pt-BR","potentialAction":[{"@type":"CommentAction","name":"Comment","target":["https:\/\/folhapopular.info\/index.php\/2023\/03\/21\/campeoes-do-futsal-do-aberto-de-verao-da-languiru-serao-conhecidos-nesta-sexta-feira\/#respond"]}]},{"@type":"WebPage","@id":"https:\/\/folhapopular.info\/index.php\/2023\/03\/21\/campeoes-do-futsal-do-aberto-de-verao-da-languiru-serao-conhecidos-nesta-sexta-feira\/","url":"https:\/\/folhapopular.info\/index.php\/2023\/03\/21\/campeoes-do-futsal-do-aberto-de-verao-da-languiru-serao-conhecidos-nesta-sexta-feira\/","name":"Campe\u00f5es do futsal do Aberto de Ver\u00e3o da Languiru ser\u00e3o conhecidos nesta sexta-feira - Folha Popular","isPartOf":{"@id":"https:\/\/folhapopular.info\/#website"},"primaryImageOfPage":{"@id":"https:\/\/folhapopular.info\/index.php\/2023\/03\/21\/campeoes-do-futsal-do-aberto-de-verao-da-languiru-serao-conhecidos-nesta-sexta-feira\/#primaryimage"},"image":{"@id":"https:\/\/folhapopular.info\/index.php\/2023\/03\/21\/campeoes-do-futsal-do-aberto-de-verao-da-languiru-serao-conhecidos-nesta-sexta-feira\/#primaryimage"},"thumbnailUrl":"https:\/\/folhapopular.info\/wp-content\/uploads\/2023\/03\/WhatsApp-Image-2023-03-21-at-08.05.21-e1679436516399.jpeg","datePublished":"2023-03-21T22:09:22+00:00","dateModified":"2023-03-21T22:09:25+00:00","author":{"@id":"https:\/\/folhapopular.info\/#\/schema\/person\/c9138938e4781f3e1ca513f9bea5659c"},"breadcrumb":{"@id":"https:\/\/folhapopular.info\/index.php\/2023\/03\/21\/campeoes-do-futsal-do-aberto-de-verao-da-languiru-serao-conhecidos-nesta-sexta-feira\/#breadcrumb"},"inLanguage":"pt-BR","potentialAction":[{"@type":"ReadAction","target":["https:\/\/folhapopular.info\/index.php\/2023\/03\/21\/campeoes-do-futsal-do-aberto-de-verao-da-languiru-serao-conhecidos-nesta-sexta-feira\/"]}]},{"@type":"ImageObject","inLanguage":"pt-BR","@id":"https:\/\/folhapopular.info\/index.php\/2023\/03\/21\/campeoes-do-futsal-do-aberto-de-verao-da-languiru-serao-conhecidos-nesta-sexta-feira\/#primaryimage","url":"https:\/\/folhapopular.info\/wp-content\/uploads\/2023\/03\/WhatsApp-Image-2023-03-21-at-08.05.21-e1679436516399.jpeg","contentUrl":"https:\/\/folhapopular.info\/wp-content\/uploads\/2023\/03\/WhatsApp-Image-2023-03-21-at-08.05.21-e1679436516399.jpeg","width":1200,"height":900,"caption":"Inter de Santa Manoela tenta o t\u00edtulo na categoria For\u00e7a Livre"},{"@type":"BreadcrumbList","@id":"https:\/\/folhapopular.info\/index.php\/2023\/03\/21\/campeoes-do-futsal-do-aberto-de-verao-da-languiru-serao-conhecidos-nesta-sexta-feira\/#breadcrumb","itemListElement":[{"@type":"ListItem","position":1,"name":"In\u00edcio","item":"https:\/\/folhapopular.info\/"},{"@type":"ListItem","position":2,"name":"Campe\u00f5es do futsal do Aberto de Ver\u00e3o da Languiru ser\u00e3o conhecidos nesta sexta-feira"}]},{"@type":"WebSite","@id":"https:\/\/folhapopular.info\/#website","url":"https:\/\/folhapopular.info\/","name":"Folha Popular","description":"Onde voc\u00ea tem vez e voz","potentialAction":[{"@type":"SearchAction","target":{"@type":"EntryPoint","urlTemplate":"https:\/\/folhapopular.info\/?s={search_term_string}"},"query-input":{"@type":"PropertyValueSpecification","valueRequired":true,"valueName":"search_term_string"}}],"inLanguage":"pt-BR"},{"@type":"Person","@id":"https:\/\/folhapopular.info\/#\/schema\/person\/c9138938e4781f3e1ca513f9bea5659c","name":"Carla Beckmann","image":{"@type":"ImageObject","inLanguage":"pt-BR","@id":"https:\/\/secure.gravatar.com\/avatar\/790078f6ade9f70c31db5a673b88c15df0904c2847c456b3599f72843ac11eb9?s=96&d=mm&r=g","url":"https:\/\/secure.gravatar.com\/avatar\/790078f6ade9f70c31db5a673b88c15df0904c2847c456b3599f72843ac11eb9?s=96&d=mm&r=g","contentUrl":"https:\/\/secure.gravatar.com\/avatar\/790078f6ade9f70c31db5a673b88c15df0904c2847c456b3599f72843ac11eb9?s=96&d=mm&r=g","caption":"Carla Beckmann"},"url":"https:\/\/folhapopular.info\/index.php\/author\/carlabeckmann03gmail-com\/"}]}},"jetpack_featured_media_url":"https:\/\/folhapopular.info\/wp-content\/uploads\/2023\/03\/WhatsApp-Image-2023-03-21-at-08.05.21-e1679436516399.jpeg","jetpack_sharing_enabled":true,"amp_enabled":true,"_links":{"self":[{"href":"https:\/\/folhapopular.info\/index.php\/wp-json\/wp\/v2\/posts\/123747","targetHints":{"allow":["GET"]}}],"collection":[{"href":"https:\/\/folhapopular.info\/index.php\/wp-json\/wp\/v2\/posts"}],"about":[{"href":"https:\/\/folhapopular.info\/index.php\/wp-json\/wp\/v2\/types\/post"}],"author":[{"embeddable":true,"href":"https:\/\/folhapopular.info\/index.php\/wp-json\/wp\/v2\/users\/601"}],"replies":[{"embeddable":true,"href":"https:\/\/folhapopular.info\/index.php\/wp-json\/wp\/v2\/comments?post=123747"}],"version-history":[{"count":0,"href":"https:\/\/folhapopular.info\/index.php\/wp-json\/wp\/v2\/posts\/123747\/revisions"}],"wp:featuredmedia":[{"embeddable":true,"href":"https:\/\/folhapopular.info\/index.php\/wp-json\/wp\/v2\/media\/123748"}],"wp:attachment":[{"href":"https:\/\/folhapopular.info\/index.php\/wp-json\/wp\/v2\/media?parent=123747"}],"wp:term":[{"taxonomy":"category","embeddable":true,"href":"https:\/\/folhapopular.info\/index.php\/wp-json\/wp\/v2\/categories?post=123747"},{"taxonomy":"post_tag","embeddable":true,"href":"https:\/\/folhapopular.info\/index.php\/wp-json\/wp\/v2\/tags?post=123747"}],"curies":[{"name":"wp","href":"https:\/\/api.w.org\/{rel}","templated":true}]}}