{"id":123814,"date":"2023-03-22T11:52:00","date_gmt":"2023-03-22T14:52:00","guid":{"rendered":"https:\/\/folhapopular.info\/?p=123814"},"modified":"2023-03-23T17:08:04","modified_gmt":"2023-03-23T20:08:04","slug":"jovem-e-preso-por-trafico-de-drogas-na-br-386","status":"publish","type":"post","link":"https:\/\/folhapopular.info\/index.php\/2023\/03\/22\/jovem-e-preso-por-trafico-de-drogas-na-br-386\/","title":{"rendered":"Jovem \u00e9 preso por tr\u00e1fico de drogas na BR-386"},"content":{"rendered":"\n<p>No in\u00edcio da madrugada desta quarta-feira, policiais militares prenderam um indiv\u00edduo de 24 anos, por tr\u00e1fico de entorpecentes na BR 386. A Brigada Militar recebeu uma den\u00fancia, a qual relatava que o indiv\u00edduo estava se deslocando em um ve\u00edculo pela BR 386, transportando entorpecentes da capital para Lajeado.<br><br>Na abordagem, em revista pessoal, foi localizado com o indiv\u00edduo por\u00e7\u00f5es de maconha. Ele declarou aos policiais que em sua resid\u00eancia, localizada no Bairro S\u00e3o Crist\u00f3v\u00e3o, havia mais drogas. Com o consentimento do indiv\u00edduo, os policiais deslocaram at\u00e9 a resid\u00eancia e localizaram no quarto, 65 buchas de coca\u00edna e uma balan\u00e7a de previs\u00e3o.<br><br>Diante dos fatos foi dada voz de pris\u00e3o ao indiv\u00edduo e encaminhado a Delegacia de Pol\u00edcia de Lajeado para provid\u00eancias legais.<\/p>\n","protected":false},"excerpt":{"rendered":"<p>No in\u00edcio da madrugada desta quarta-feira, policiais militares prenderam um indiv\u00edduo de 24 anos, por tr\u00e1fico de entorpecentes na BR 386. A Brigada Militar recebeu uma den\u00fancia, a qual relatava que o indiv\u00edduo estava se deslocando em um ve\u00edculo pela BR 386, transportando entorpecentes da capital para Lajeado. Na abordagem, em revista pessoal, foi localizado [&hellip;]<\/p>\n","protected":false},"author":644,"featured_media":123815,"comment_status":"open","ping_status":"open","sticky":false,"template":"","format":"standard","meta":{"pmpro_default_level":"","_jetpack_memberships_contains_paid_content":false,"footnotes":""},"categories":[10982,7],"tags":[4130,3967,166,2515,106,772,3119,540],"class_list":{"0":"post-123814","1":"post","2":"type-post","3":"status-publish","4":"format-standard","5":"has-post-thumbnail","7":"category-policia","8":"category-seguranca","9":"tag-br-386-2","10":"tag-brigada","11":"tag-drogas","12":"tag-entorpecentes","13":"tag-policia","14":"tag-preso","15":"tag-rodovia","16":"tag-trafico","17":"pmpro-has-access"},"yoast_head":"<!-- This site is optimized with the Yoast SEO plugin v27.5 - https:\/\/yoast.com\/product\/yoast-seo-wordpress\/ -->\n<title>Jovem \u00e9 preso por tr\u00e1fico de drogas na BR-386 - Folha Popular<\/title>\n<meta name=\"description\" content=\"Diante dos fatos foi dada voz de pris\u00e3o ao indiv\u00edduo e encaminhado a Delegacia de Pol\u00edcia de Lajeado para provid\u00eancias legais.\" \/>\n<meta name=\"robots\" content=\"index, follow, max-snippet:-1, max-image-preview:large, max-video-preview:-1\" \/>\n<link rel=\"canonical\" href=\"https:\/\/folhapopular.info\/index.php\/2023\/03\/22\/jovem-e-preso-por-trafico-de-drogas-na-br-386\/\" \/>\n<meta property=\"og:locale\" content=\"pt_BR\" \/>\n<meta property=\"og:type\" content=\"article\" \/>\n<meta property=\"og:title\" content=\"Jovem \u00e9 preso por tr\u00e1fico de drogas na BR-386 - Folha Popular\" \/>\n<meta property=\"og:description\" content=\"Diante dos fatos foi dada voz de pris\u00e3o ao indiv\u00edduo e encaminhado a Delegacia de Pol\u00edcia de Lajeado para provid\u00eancias legais.\" \/>\n<meta property=\"og:url\" content=\"https:\/\/folhapopular.info\/index.php\/2023\/03\/22\/jovem-e-preso-por-trafico-de-drogas-na-br-386\/\" \/>\n<meta property=\"og:site_name\" content=\"Folha Popular\" \/>\n<meta property=\"article:published_time\" content=\"2023-03-22T14:52:00+00:00\" \/>\n<meta property=\"article:modified_time\" content=\"2023-03-23T20:08:04+00:00\" \/>\n<meta property=\"og:image\" content=\"http:\/\/folhapopular.info\/wp-content\/uploads\/2023\/03\/WhatsApp-Image-2023-03-22-at-11.39.43.jpeg\" \/>\n\t<meta property=\"og:image:width\" content=\"1280\" \/>\n\t<meta property=\"og:image:height\" content=\"842\" \/>\n\t<meta property=\"og:image:type\" content=\"image\/jpeg\" \/>\n<meta name=\"author\" content=\"Eduarda Wenzel\" \/>\n<meta name=\"twitter:card\" content=\"summary_large_image\" \/>\n<meta name=\"twitter:label1\" content=\"Escrito por\" \/>\n\t<meta name=\"twitter:data1\" content=\"Eduarda Wenzel\" \/>\n\t<meta name=\"twitter:label2\" content=\"Est. tempo de leitura\" \/>\n\t<meta name=\"twitter:data2\" content=\"1 minuto\" \/>\n<script type=\"application\/ld+json\" class=\"yoast-schema-graph\">{\"@context\":\"https:\\\/\\\/schema.org\",\"@graph\":[{\"@type\":\"Article\",\"@id\":\"https:\\\/\\\/folhapopular.info\\\/index.php\\\/2023\\\/03\\\/22\\\/jovem-e-preso-por-trafico-de-drogas-na-br-386\\\/#article\",\"isPartOf\":{\"@id\":\"https:\\\/\\\/folhapopular.info\\\/index.php\\\/2023\\\/03\\\/22\\\/jovem-e-preso-por-trafico-de-drogas-na-br-386\\\/\"},\"author\":{\"name\":\"Eduarda Wenzel\",\"@id\":\"https:\\\/\\\/folhapopular.info\\\/#\\\/schema\\\/person\\\/56503b37bb37e34ad83486450c8dd536\"},\"headline\":\"Jovem \u00e9 preso por tr\u00e1fico de drogas na BR-386\",\"datePublished\":\"2023-03-22T14:52:00+00:00\",\"dateModified\":\"2023-03-23T20:08:04+00:00\",\"mainEntityOfPage\":{\"@id\":\"https:\\\/\\\/folhapopular.info\\\/index.php\\\/2023\\\/03\\\/22\\\/jovem-e-preso-por-trafico-de-drogas-na-br-386\\\/\"},\"wordCount\":148,\"commentCount\":0,\"image\":{\"@id\":\"https:\\\/\\\/folhapopular.info\\\/index.php\\\/2023\\\/03\\\/22\\\/jovem-e-preso-por-trafico-de-drogas-na-br-386\\\/#primaryimage\"},\"thumbnailUrl\":\"https:\\\/\\\/folhapopular.info\\\/wp-content\\\/uploads\\\/2023\\\/03\\\/WhatsApp-Image-2023-03-22-at-11.39.43.jpeg\",\"keywords\":[\"BR 386\",\"Brigada\",\"Drogas\",\"Entorpecentes\",\"Pol\u00edcia\",\"Preso\",\"Rodovia\",\"tr\u00e1fico\"],\"articleSection\":[\"Pol\u00edcia\",\"Seguran\u00e7a\"],\"inLanguage\":\"pt-BR\",\"potentialAction\":[{\"@type\":\"CommentAction\",\"name\":\"Comment\",\"target\":[\"https:\\\/\\\/folhapopular.info\\\/index.php\\\/2023\\\/03\\\/22\\\/jovem-e-preso-por-trafico-de-drogas-na-br-386\\\/#respond\"]}]},{\"@type\":\"WebPage\",\"@id\":\"https:\\\/\\\/folhapopular.info\\\/index.php\\\/2023\\\/03\\\/22\\\/jovem-e-preso-por-trafico-de-drogas-na-br-386\\\/\",\"url\":\"https:\\\/\\\/folhapopular.info\\\/index.php\\\/2023\\\/03\\\/22\\\/jovem-e-preso-por-trafico-de-drogas-na-br-386\\\/\",\"name\":\"Jovem \u00e9 preso por tr\u00e1fico de drogas na BR-386 - Folha Popular\",\"isPartOf\":{\"@id\":\"https:\\\/\\\/folhapopular.info\\\/#website\"},\"primaryImageOfPage\":{\"@id\":\"https:\\\/\\\/folhapopular.info\\\/index.php\\\/2023\\\/03\\\/22\\\/jovem-e-preso-por-trafico-de-drogas-na-br-386\\\/#primaryimage\"},\"image\":{\"@id\":\"https:\\\/\\\/folhapopular.info\\\/index.php\\\/2023\\\/03\\\/22\\\/jovem-e-preso-por-trafico-de-drogas-na-br-386\\\/#primaryimage\"},\"thumbnailUrl\":\"https:\\\/\\\/folhapopular.info\\\/wp-content\\\/uploads\\\/2023\\\/03\\\/WhatsApp-Image-2023-03-22-at-11.39.43.jpeg\",\"datePublished\":\"2023-03-22T14:52:00+00:00\",\"dateModified\":\"2023-03-23T20:08:04+00:00\",\"author\":{\"@id\":\"https:\\\/\\\/folhapopular.info\\\/#\\\/schema\\\/person\\\/56503b37bb37e34ad83486450c8dd536\"},\"description\":\"Diante dos fatos foi dada voz de pris\u00e3o ao indiv\u00edduo e encaminhado a Delegacia de Pol\u00edcia de Lajeado para provid\u00eancias legais.\",\"breadcrumb\":{\"@id\":\"https:\\\/\\\/folhapopular.info\\\/index.php\\\/2023\\\/03\\\/22\\\/jovem-e-preso-por-trafico-de-drogas-na-br-386\\\/#breadcrumb\"},\"inLanguage\":\"pt-BR\",\"potentialAction\":[{\"@type\":\"ReadAction\",\"target\":[\"https:\\\/\\\/folhapopular.info\\\/index.php\\\/2023\\\/03\\\/22\\\/jovem-e-preso-por-trafico-de-drogas-na-br-386\\\/\"]}]},{\"@type\":\"ImageObject\",\"inLanguage\":\"pt-BR\",\"@id\":\"https:\\\/\\\/folhapopular.info\\\/index.php\\\/2023\\\/03\\\/22\\\/jovem-e-preso-por-trafico-de-drogas-na-br-386\\\/#primaryimage\",\"url\":\"https:\\\/\\\/folhapopular.info\\\/wp-content\\\/uploads\\\/2023\\\/03\\\/WhatsApp-Image-2023-03-22-at-11.39.43.jpeg\",\"contentUrl\":\"https:\\\/\\\/folhapopular.info\\\/wp-content\\\/uploads\\\/2023\\\/03\\\/WhatsApp-Image-2023-03-22-at-11.39.43.jpeg\",\"width\":1280,\"height\":842,\"caption\":\"Na abordagem, em revista pessoal, foi localizado com o indiv\u00edduo por\u00e7\u00f5es de maconha Cr\u00e9dito: Divulga\u00e7\u00e3o\"},{\"@type\":\"BreadcrumbList\",\"@id\":\"https:\\\/\\\/folhapopular.info\\\/index.php\\\/2023\\\/03\\\/22\\\/jovem-e-preso-por-trafico-de-drogas-na-br-386\\\/#breadcrumb\",\"itemListElement\":[{\"@type\":\"ListItem\",\"position\":1,\"name\":\"In\u00edcio\",\"item\":\"https:\\\/\\\/folhapopular.info\\\/\"},{\"@type\":\"ListItem\",\"position\":2,\"name\":\"Jovem \u00e9 preso por tr\u00e1fico de drogas na BR-386\"}]},{\"@type\":\"WebSite\",\"@id\":\"https:\\\/\\\/folhapopular.info\\\/#website\",\"url\":\"https:\\\/\\\/folhapopular.info\\\/\",\"name\":\"Folha Popular\",\"description\":\"Onde voc\u00ea tem vez e voz\",\"potentialAction\":[{\"@type\":\"SearchAction\",\"target\":{\"@type\":\"EntryPoint\",\"urlTemplate\":\"https:\\\/\\\/folhapopular.info\\\/?s={search_term_string}\"},\"query-input\":{\"@type\":\"PropertyValueSpecification\",\"valueRequired\":true,\"valueName\":\"search_term_string\"}}],\"inLanguage\":\"pt-BR\"},{\"@type\":\"Person\",\"@id\":\"https:\\\/\\\/folhapopular.info\\\/#\\\/schema\\\/person\\\/56503b37bb37e34ad83486450c8dd536\",\"name\":\"Eduarda Wenzel\",\"image\":{\"@type\":\"ImageObject\",\"inLanguage\":\"pt-BR\",\"@id\":\"https:\\\/\\\/secure.gravatar.com\\\/avatar\\\/84a92258d5ebb7523b3978df951af09337f402d618cba5001aa8b2a2fc633090?s=96&d=mm&r=g\",\"url\":\"https:\\\/\\\/secure.gravatar.com\\\/avatar\\\/84a92258d5ebb7523b3978df951af09337f402d618cba5001aa8b2a2fc633090?s=96&d=mm&r=g\",\"contentUrl\":\"https:\\\/\\\/secure.gravatar.com\\\/avatar\\\/84a92258d5ebb7523b3978df951af09337f402d618cba5001aa8b2a2fc633090?s=96&d=mm&r=g\",\"caption\":\"Eduarda Wenzel\"},\"url\":\"https:\\\/\\\/folhapopular.info\\\/index.php\\\/author\\\/eduarda-wenzeluniverso-univates-br\\\/\"}]}<\/script>\n<!-- \/ Yoast SEO plugin. -->","yoast_head_json":{"title":"Jovem \u00e9 preso por tr\u00e1fico de drogas na BR-386 - Folha Popular","description":"Diante dos fatos foi dada voz de pris\u00e3o ao indiv\u00edduo e encaminhado a Delegacia de Pol\u00edcia de Lajeado para provid\u00eancias legais.","robots":{"index":"index","follow":"follow","max-snippet":"max-snippet:-1","max-image-preview":"max-image-preview:large","max-video-preview":"max-video-preview:-1"},"canonical":"https:\/\/folhapopular.info\/index.php\/2023\/03\/22\/jovem-e-preso-por-trafico-de-drogas-na-br-386\/","og_locale":"pt_BR","og_type":"article","og_title":"Jovem \u00e9 preso por tr\u00e1fico de drogas na BR-386 - Folha Popular","og_description":"Diante dos fatos foi dada voz de pris\u00e3o ao indiv\u00edduo e encaminhado a Delegacia de Pol\u00edcia de Lajeado para provid\u00eancias legais.","og_url":"https:\/\/folhapopular.info\/index.php\/2023\/03\/22\/jovem-e-preso-por-trafico-de-drogas-na-br-386\/","og_site_name":"Folha Popular","article_published_time":"2023-03-22T14:52:00+00:00","article_modified_time":"2023-03-23T20:08:04+00:00","og_image":[{"width":1280,"height":842,"url":"http:\/\/folhapopular.info\/wp-content\/uploads\/2023\/03\/WhatsApp-Image-2023-03-22-at-11.39.43.jpeg","type":"image\/jpeg"}],"author":"Eduarda Wenzel","twitter_card":"summary_large_image","twitter_misc":{"Escrito por":"Eduarda Wenzel","Est. tempo de leitura":"1 minuto"},"schema":{"@context":"https:\/\/schema.org","@graph":[{"@type":"Article","@id":"https:\/\/folhapopular.info\/index.php\/2023\/03\/22\/jovem-e-preso-por-trafico-de-drogas-na-br-386\/#article","isPartOf":{"@id":"https:\/\/folhapopular.info\/index.php\/2023\/03\/22\/jovem-e-preso-por-trafico-de-drogas-na-br-386\/"},"author":{"name":"Eduarda Wenzel","@id":"https:\/\/folhapopular.info\/#\/schema\/person\/56503b37bb37e34ad83486450c8dd536"},"headline":"Jovem \u00e9 preso por tr\u00e1fico de drogas na BR-386","datePublished":"2023-03-22T14:52:00+00:00","dateModified":"2023-03-23T20:08:04+00:00","mainEntityOfPage":{"@id":"https:\/\/folhapopular.info\/index.php\/2023\/03\/22\/jovem-e-preso-por-trafico-de-drogas-na-br-386\/"},"wordCount":148,"commentCount":0,"image":{"@id":"https:\/\/folhapopular.info\/index.php\/2023\/03\/22\/jovem-e-preso-por-trafico-de-drogas-na-br-386\/#primaryimage"},"thumbnailUrl":"https:\/\/folhapopular.info\/wp-content\/uploads\/2023\/03\/WhatsApp-Image-2023-03-22-at-11.39.43.jpeg","keywords":["BR 386","Brigada","Drogas","Entorpecentes","Pol\u00edcia","Preso","Rodovia","tr\u00e1fico"],"articleSection":["Pol\u00edcia","Seguran\u00e7a"],"inLanguage":"pt-BR","potentialAction":[{"@type":"CommentAction","name":"Comment","target":["https:\/\/folhapopular.info\/index.php\/2023\/03\/22\/jovem-e-preso-por-trafico-de-drogas-na-br-386\/#respond"]}]},{"@type":"WebPage","@id":"https:\/\/folhapopular.info\/index.php\/2023\/03\/22\/jovem-e-preso-por-trafico-de-drogas-na-br-386\/","url":"https:\/\/folhapopular.info\/index.php\/2023\/03\/22\/jovem-e-preso-por-trafico-de-drogas-na-br-386\/","name":"Jovem \u00e9 preso por tr\u00e1fico de drogas na BR-386 - Folha Popular","isPartOf":{"@id":"https:\/\/folhapopular.info\/#website"},"primaryImageOfPage":{"@id":"https:\/\/folhapopular.info\/index.php\/2023\/03\/22\/jovem-e-preso-por-trafico-de-drogas-na-br-386\/#primaryimage"},"image":{"@id":"https:\/\/folhapopular.info\/index.php\/2023\/03\/22\/jovem-e-preso-por-trafico-de-drogas-na-br-386\/#primaryimage"},"thumbnailUrl":"https:\/\/folhapopular.info\/wp-content\/uploads\/2023\/03\/WhatsApp-Image-2023-03-22-at-11.39.43.jpeg","datePublished":"2023-03-22T14:52:00+00:00","dateModified":"2023-03-23T20:08:04+00:00","author":{"@id":"https:\/\/folhapopular.info\/#\/schema\/person\/56503b37bb37e34ad83486450c8dd536"},"description":"Diante dos fatos foi dada voz de pris\u00e3o ao indiv\u00edduo e encaminhado a Delegacia de Pol\u00edcia de Lajeado para provid\u00eancias legais.","breadcrumb":{"@id":"https:\/\/folhapopular.info\/index.php\/2023\/03\/22\/jovem-e-preso-por-trafico-de-drogas-na-br-386\/#breadcrumb"},"inLanguage":"pt-BR","potentialAction":[{"@type":"ReadAction","target":["https:\/\/folhapopular.info\/index.php\/2023\/03\/22\/jovem-e-preso-por-trafico-de-drogas-na-br-386\/"]}]},{"@type":"ImageObject","inLanguage":"pt-BR","@id":"https:\/\/folhapopular.info\/index.php\/2023\/03\/22\/jovem-e-preso-por-trafico-de-drogas-na-br-386\/#primaryimage","url":"https:\/\/folhapopular.info\/wp-content\/uploads\/2023\/03\/WhatsApp-Image-2023-03-22-at-11.39.43.jpeg","contentUrl":"https:\/\/folhapopular.info\/wp-content\/uploads\/2023\/03\/WhatsApp-Image-2023-03-22-at-11.39.43.jpeg","width":1280,"height":842,"caption":"Na abordagem, em revista pessoal, foi localizado com o indiv\u00edduo por\u00e7\u00f5es de maconha Cr\u00e9dito: Divulga\u00e7\u00e3o"},{"@type":"BreadcrumbList","@id":"https:\/\/folhapopular.info\/index.php\/2023\/03\/22\/jovem-e-preso-por-trafico-de-drogas-na-br-386\/#breadcrumb","itemListElement":[{"@type":"ListItem","position":1,"name":"In\u00edcio","item":"https:\/\/folhapopular.info\/"},{"@type":"ListItem","position":2,"name":"Jovem \u00e9 preso por tr\u00e1fico de drogas na BR-386"}]},{"@type":"WebSite","@id":"https:\/\/folhapopular.info\/#website","url":"https:\/\/folhapopular.info\/","name":"Folha Popular","description":"Onde voc\u00ea tem vez e voz","potentialAction":[{"@type":"SearchAction","target":{"@type":"EntryPoint","urlTemplate":"https:\/\/folhapopular.info\/?s={search_term_string}"},"query-input":{"@type":"PropertyValueSpecification","valueRequired":true,"valueName":"search_term_string"}}],"inLanguage":"pt-BR"},{"@type":"Person","@id":"https:\/\/folhapopular.info\/#\/schema\/person\/56503b37bb37e34ad83486450c8dd536","name":"Eduarda Wenzel","image":{"@type":"ImageObject","inLanguage":"pt-BR","@id":"https:\/\/secure.gravatar.com\/avatar\/84a92258d5ebb7523b3978df951af09337f402d618cba5001aa8b2a2fc633090?s=96&d=mm&r=g","url":"https:\/\/secure.gravatar.com\/avatar\/84a92258d5ebb7523b3978df951af09337f402d618cba5001aa8b2a2fc633090?s=96&d=mm&r=g","contentUrl":"https:\/\/secure.gravatar.com\/avatar\/84a92258d5ebb7523b3978df951af09337f402d618cba5001aa8b2a2fc633090?s=96&d=mm&r=g","caption":"Eduarda Wenzel"},"url":"https:\/\/folhapopular.info\/index.php\/author\/eduarda-wenzeluniverso-univates-br\/"}]}},"jetpack_featured_media_url":"https:\/\/folhapopular.info\/wp-content\/uploads\/2023\/03\/WhatsApp-Image-2023-03-22-at-11.39.43.jpeg","jetpack_sharing_enabled":true,"amp_enabled":true,"_links":{"self":[{"href":"https:\/\/folhapopular.info\/index.php\/wp-json\/wp\/v2\/posts\/123814","targetHints":{"allow":["GET"]}}],"collection":[{"href":"https:\/\/folhapopular.info\/index.php\/wp-json\/wp\/v2\/posts"}],"about":[{"href":"https:\/\/folhapopular.info\/index.php\/wp-json\/wp\/v2\/types\/post"}],"author":[{"embeddable":true,"href":"https:\/\/folhapopular.info\/index.php\/wp-json\/wp\/v2\/users\/644"}],"replies":[{"embeddable":true,"href":"https:\/\/folhapopular.info\/index.php\/wp-json\/wp\/v2\/comments?post=123814"}],"version-history":[{"count":0,"href":"https:\/\/folhapopular.info\/index.php\/wp-json\/wp\/v2\/posts\/123814\/revisions"}],"wp:featuredmedia":[{"embeddable":true,"href":"https:\/\/folhapopular.info\/index.php\/wp-json\/wp\/v2\/media\/123815"}],"wp:attachment":[{"href":"https:\/\/folhapopular.info\/index.php\/wp-json\/wp\/v2\/media?parent=123814"}],"wp:term":[{"taxonomy":"category","embeddable":true,"href":"https:\/\/folhapopular.info\/index.php\/wp-json\/wp\/v2\/categories?post=123814"},{"taxonomy":"post_tag","embeddable":true,"href":"https:\/\/folhapopular.info\/index.php\/wp-json\/wp\/v2\/tags?post=123814"}],"curies":[{"name":"wp","href":"https:\/\/api.w.org\/{rel}","templated":true}]}}