{"id":123829,"date":"2023-03-22T14:17:32","date_gmt":"2023-03-22T17:17:32","guid":{"rendered":"https:\/\/folhapopular.info\/?p=123829"},"modified":"2023-03-22T14:17:35","modified_gmt":"2023-03-22T17:17:35","slug":"professor-de-meditacao-lajeadense-lanca-projeto-desperteen","status":"publish","type":"post","link":"https:\/\/folhapopular.info\/index.php\/2023\/03\/22\/professor-de-meditacao-lajeadense-lanca-projeto-desperteen\/","title":{"rendered":"Professor de medita\u00e7\u00e3o lajeadense lan\u00e7a Projeto Desperteen"},"content":{"rendered":"\n<p>O instrutor de medita\u00e7\u00e3o lajeadense Jeferson Queiroz lan\u00e7a o Projeto Desperteen. O objetivo \u00e9 proporcionar aulas de medita\u00e7\u00e3o com oficinas de escrita, m\u00fasica, teatro, gastronomia, dan\u00e7a e yoga. Jovens de toda a regi\u00e3o s\u00e3o convidados a participar da programa\u00e7\u00e3o, que inicia no dia 13 de abril, \u00e0s 17h, em Lajeado.<\/p>\n\n\n\n<p>Cada aula contar\u00e1 com um aprendizado diferente, com o intuito de estimular diversas habilidades nos adolescentes. A medita\u00e7\u00e3o trabalhar\u00e1 corpo, fala e mente para ampliar o bem-estar psicol\u00f3gico e o foco do aluno. As oficinas proporcionar\u00e3o momentos de descontra\u00e7\u00e3o e aperfei\u00e7oamento de t\u00e9cnicas.<\/p>\n\n\n\n<p>Queiroz \u00e9 instrutor de medita\u00e7\u00e3o h\u00e1 20 anos. Ele destaca que a pr\u00e1tica ajuda a reduzir o estresse, depress\u00e3o e aumenta o foco para os estudos e a vida profissional.<\/p>\n\n\n\n<p>O instrutor contar\u00e1 com a participa\u00e7\u00e3o de m\u00fasicos, dan\u00e7arinos, jornalistas, profissionais de alimenta\u00e7\u00e3o consciente e teatro, que auxiliar\u00e3o nas oficinas de escrita criativa, sonoridade, alimenta\u00e7\u00e3o consciente, yoga, corpo em movimento, express\u00e3o visual e experi\u00eancias teatrais. Os profissionais ser\u00e3o apresentados aos alunos no dia de estreia do projeto.<\/p>\n\n\n\n<p>Ao todo ser\u00e3o 15 encontros. Todas as atividades de <em>mindfulness <\/em>(aten\u00e7\u00e3o plena &#8211; pr\u00e1tica de se concentrar completamente no presente) e medita\u00e7\u00e3o seguir\u00e3o protocolos baseados em evid\u00eancias cient\u00edficas para ajudar na redu\u00e7\u00e3o de ansiedade, estresse e depress\u00e3o, sem o objetivo de servir como cura ou terapia.<\/p>\n\n\n\n<p><strong>Vagas Sociais<\/strong><br>O Projeto Desperteen fornecer\u00e1 duas vagas sociais, dispon\u00edveis para a comunidade. O projeto escolher\u00e1 dois alunos por meio de triagem: pais e m\u00e3es ou alunos interessados podem entrar em contato com Jeferson pelo telefone (51) 98128-9409 para concorrer as vagas.<\/p>\n","protected":false},"excerpt":{"rendered":"<p>O instrutor de medita\u00e7\u00e3o lajeadense Jeferson Queiroz lan\u00e7a o Projeto Desperteen. O objetivo \u00e9 proporcionar aulas de medita\u00e7\u00e3o com oficinas de escrita, m\u00fasica, teatro, gastronomia, dan\u00e7a e yoga. Jovens de toda a regi\u00e3o s\u00e3o convidados a participar da programa\u00e7\u00e3o, que inicia no dia 13 de abril, \u00e0s 17h, em Lajeado. Cada aula contar\u00e1 com um [&hellip;]<\/p>\n","protected":false},"author":8,"featured_media":123831,"comment_status":"open","ping_status":"open","sticky":false,"template":"","format":"standard","meta":{"pmpro_default_level":"","_jetpack_memberships_contains_paid_content":false,"footnotes":""},"categories":[2,6],"tags":[5834,4651,27,1712,89,2084],"class_list":{"0":"post-123829","1":"post","2":"type-post","3":"status-publish","4":"format-standard","5":"has-post-thumbnail","7":"category-featured","8":"category-inclusive","9":"tag-bem-estar","10":"tag-jovens","11":"tag-lajeado","12":"tag-projeto","13":"tag-saude","14":"tag-yoga","15":"pmpro-has-access"},"yoast_head":"<!-- This site is optimized with the Yoast SEO plugin v27.5 - https:\/\/yoast.com\/product\/yoast-seo-wordpress\/ -->\n<title>Professor de medita\u00e7\u00e3o lajeadense lan\u00e7a Projeto Desperteen - Folha Popular<\/title>\n<meta name=\"robots\" content=\"index, follow, max-snippet:-1, max-image-preview:large, max-video-preview:-1\" \/>\n<link rel=\"canonical\" href=\"https:\/\/folhapopular.info\/index.php\/2023\/03\/22\/professor-de-meditacao-lajeadense-lanca-projeto-desperteen\/\" \/>\n<meta property=\"og:locale\" content=\"pt_BR\" \/>\n<meta property=\"og:type\" content=\"article\" \/>\n<meta property=\"og:title\" content=\"Professor de medita\u00e7\u00e3o lajeadense lan\u00e7a Projeto Desperteen - Folha Popular\" \/>\n<meta property=\"og:description\" content=\"O instrutor de medita\u00e7\u00e3o lajeadense Jeferson Queiroz lan\u00e7a o Projeto Desperteen. O objetivo \u00e9 proporcionar aulas de medita\u00e7\u00e3o com oficinas de escrita, m\u00fasica, teatro, gastronomia, dan\u00e7a e yoga. Jovens de toda a regi\u00e3o s\u00e3o convidados a participar da programa\u00e7\u00e3o, que inicia no dia 13 de abril, \u00e0s 17h, em Lajeado. Cada aula contar\u00e1 com um [&hellip;]\" \/>\n<meta property=\"og:url\" content=\"https:\/\/folhapopular.info\/index.php\/2023\/03\/22\/professor-de-meditacao-lajeadense-lanca-projeto-desperteen\/\" \/>\n<meta property=\"og:site_name\" content=\"Folha Popular\" \/>\n<meta property=\"article:published_time\" content=\"2023-03-22T17:17:32+00:00\" \/>\n<meta property=\"article:modified_time\" content=\"2023-03-22T17:17:35+00:00\" \/>\n<meta property=\"og:image\" content=\"http:\/\/folhapopular.info\/wp-content\/uploads\/2023\/03\/WhatsApp-Image-2023-03-22-at-10.00.08-e1679504971123.jpeg\" \/>\n\t<meta property=\"og:image:width\" content=\"768\" \/>\n\t<meta property=\"og:image:height\" content=\"491\" \/>\n\t<meta property=\"og:image:type\" content=\"image\/jpeg\" \/>\n<meta name=\"author\" content=\"Reda\u00e7\u00e3o Folha Popular\" \/>\n<meta name=\"twitter:card\" content=\"summary_large_image\" \/>\n<meta name=\"twitter:label1\" content=\"Escrito por\" \/>\n\t<meta name=\"twitter:data1\" content=\"Reda\u00e7\u00e3o Folha Popular\" \/>\n\t<meta name=\"twitter:label2\" content=\"Est. tempo de leitura\" \/>\n\t<meta name=\"twitter:data2\" content=\"2 minutos\" \/>\n<script type=\"application\/ld+json\" class=\"yoast-schema-graph\">{\"@context\":\"https:\\\/\\\/schema.org\",\"@graph\":[{\"@type\":\"Article\",\"@id\":\"https:\\\/\\\/folhapopular.info\\\/index.php\\\/2023\\\/03\\\/22\\\/professor-de-meditacao-lajeadense-lanca-projeto-desperteen\\\/#article\",\"isPartOf\":{\"@id\":\"https:\\\/\\\/folhapopular.info\\\/index.php\\\/2023\\\/03\\\/22\\\/professor-de-meditacao-lajeadense-lanca-projeto-desperteen\\\/\"},\"author\":{\"name\":\"Reda\u00e7\u00e3o Folha Popular\",\"@id\":\"https:\\\/\\\/folhapopular.info\\\/#\\\/schema\\\/person\\\/2814e8a0df7643585a9ca38bc6eb9d4b\"},\"headline\":\"Professor de medita\u00e7\u00e3o lajeadense lan\u00e7a Projeto Desperteen\",\"datePublished\":\"2023-03-22T17:17:32+00:00\",\"dateModified\":\"2023-03-22T17:17:35+00:00\",\"mainEntityOfPage\":{\"@id\":\"https:\\\/\\\/folhapopular.info\\\/index.php\\\/2023\\\/03\\\/22\\\/professor-de-meditacao-lajeadense-lanca-projeto-desperteen\\\/\"},\"wordCount\":298,\"commentCount\":0,\"image\":{\"@id\":\"https:\\\/\\\/folhapopular.info\\\/index.php\\\/2023\\\/03\\\/22\\\/professor-de-meditacao-lajeadense-lanca-projeto-desperteen\\\/#primaryimage\"},\"thumbnailUrl\":\"https:\\\/\\\/folhapopular.info\\\/wp-content\\\/uploads\\\/2023\\\/03\\\/WhatsApp-Image-2023-03-22-at-10.00.08-e1679504971123.jpeg\",\"keywords\":[\"bem-estar\",\"Jovens\",\"Lajeado\",\"Projeto\",\"Sa\u00fade\",\"Yoga\"],\"articleSection\":[\"Destaques\",\"Inclusive\"],\"inLanguage\":\"pt-BR\",\"potentialAction\":[{\"@type\":\"CommentAction\",\"name\":\"Comment\",\"target\":[\"https:\\\/\\\/folhapopular.info\\\/index.php\\\/2023\\\/03\\\/22\\\/professor-de-meditacao-lajeadense-lanca-projeto-desperteen\\\/#respond\"]}]},{\"@type\":\"WebPage\",\"@id\":\"https:\\\/\\\/folhapopular.info\\\/index.php\\\/2023\\\/03\\\/22\\\/professor-de-meditacao-lajeadense-lanca-projeto-desperteen\\\/\",\"url\":\"https:\\\/\\\/folhapopular.info\\\/index.php\\\/2023\\\/03\\\/22\\\/professor-de-meditacao-lajeadense-lanca-projeto-desperteen\\\/\",\"name\":\"Professor de medita\u00e7\u00e3o lajeadense lan\u00e7a Projeto Desperteen - Folha Popular\",\"isPartOf\":{\"@id\":\"https:\\\/\\\/folhapopular.info\\\/#website\"},\"primaryImageOfPage\":{\"@id\":\"https:\\\/\\\/folhapopular.info\\\/index.php\\\/2023\\\/03\\\/22\\\/professor-de-meditacao-lajeadense-lanca-projeto-desperteen\\\/#primaryimage\"},\"image\":{\"@id\":\"https:\\\/\\\/folhapopular.info\\\/index.php\\\/2023\\\/03\\\/22\\\/professor-de-meditacao-lajeadense-lanca-projeto-desperteen\\\/#primaryimage\"},\"thumbnailUrl\":\"https:\\\/\\\/folhapopular.info\\\/wp-content\\\/uploads\\\/2023\\\/03\\\/WhatsApp-Image-2023-03-22-at-10.00.08-e1679504971123.jpeg\",\"datePublished\":\"2023-03-22T17:17:32+00:00\",\"dateModified\":\"2023-03-22T17:17:35+00:00\",\"author\":{\"@id\":\"https:\\\/\\\/folhapopular.info\\\/#\\\/schema\\\/person\\\/2814e8a0df7643585a9ca38bc6eb9d4b\"},\"breadcrumb\":{\"@id\":\"https:\\\/\\\/folhapopular.info\\\/index.php\\\/2023\\\/03\\\/22\\\/professor-de-meditacao-lajeadense-lanca-projeto-desperteen\\\/#breadcrumb\"},\"inLanguage\":\"pt-BR\",\"potentialAction\":[{\"@type\":\"ReadAction\",\"target\":[\"https:\\\/\\\/folhapopular.info\\\/index.php\\\/2023\\\/03\\\/22\\\/professor-de-meditacao-lajeadense-lanca-projeto-desperteen\\\/\"]}]},{\"@type\":\"ImageObject\",\"inLanguage\":\"pt-BR\",\"@id\":\"https:\\\/\\\/folhapopular.info\\\/index.php\\\/2023\\\/03\\\/22\\\/professor-de-meditacao-lajeadense-lanca-projeto-desperteen\\\/#primaryimage\",\"url\":\"https:\\\/\\\/folhapopular.info\\\/wp-content\\\/uploads\\\/2023\\\/03\\\/WhatsApp-Image-2023-03-22-at-10.00.08-e1679504971123.jpeg\",\"contentUrl\":\"https:\\\/\\\/folhapopular.info\\\/wp-content\\\/uploads\\\/2023\\\/03\\\/WhatsApp-Image-2023-03-22-at-10.00.08-e1679504971123.jpeg\",\"width\":768,\"height\":491,\"caption\":\"Cr\u00e9dito: Jeferson Queiroz \\\/ Divulga\u00e7\u00e3o\"},{\"@type\":\"BreadcrumbList\",\"@id\":\"https:\\\/\\\/folhapopular.info\\\/index.php\\\/2023\\\/03\\\/22\\\/professor-de-meditacao-lajeadense-lanca-projeto-desperteen\\\/#breadcrumb\",\"itemListElement\":[{\"@type\":\"ListItem\",\"position\":1,\"name\":\"In\u00edcio\",\"item\":\"https:\\\/\\\/folhapopular.info\\\/\"},{\"@type\":\"ListItem\",\"position\":2,\"name\":\"Professor de medita\u00e7\u00e3o lajeadense lan\u00e7a Projeto Desperteen\"}]},{\"@type\":\"WebSite\",\"@id\":\"https:\\\/\\\/folhapopular.info\\\/#website\",\"url\":\"https:\\\/\\\/folhapopular.info\\\/\",\"name\":\"Folha Popular\",\"description\":\"Onde voc\u00ea tem vez e voz\",\"potentialAction\":[{\"@type\":\"SearchAction\",\"target\":{\"@type\":\"EntryPoint\",\"urlTemplate\":\"https:\\\/\\\/folhapopular.info\\\/?s={search_term_string}\"},\"query-input\":{\"@type\":\"PropertyValueSpecification\",\"valueRequired\":true,\"valueName\":\"search_term_string\"}}],\"inLanguage\":\"pt-BR\"},{\"@type\":\"Person\",\"@id\":\"https:\\\/\\\/folhapopular.info\\\/#\\\/schema\\\/person\\\/2814e8a0df7643585a9ca38bc6eb9d4b\",\"name\":\"Reda\u00e7\u00e3o Folha Popular\",\"image\":{\"@type\":\"ImageObject\",\"inLanguage\":\"pt-BR\",\"@id\":\"https:\\\/\\\/folhapopular.info\\\/wp-content\\\/uploads\\\/2026\\\/04\\\/Folha-1.webp\",\"url\":\"https:\\\/\\\/folhapopular.info\\\/wp-content\\\/uploads\\\/2026\\\/04\\\/Folha-1.webp\",\"contentUrl\":\"https:\\\/\\\/folhapopular.info\\\/wp-content\\\/uploads\\\/2026\\\/04\\\/Folha-1.webp\",\"caption\":\"Reda\u00e7\u00e3o Folha Popular\"},\"url\":\"https:\\\/\\\/folhapopular.info\\\/index.php\\\/author\\\/redacao\\\/\"}]}<\/script>\n<!-- \/ Yoast SEO plugin. -->","yoast_head_json":{"title":"Professor de medita\u00e7\u00e3o lajeadense lan\u00e7a Projeto Desperteen - Folha Popular","robots":{"index":"index","follow":"follow","max-snippet":"max-snippet:-1","max-image-preview":"max-image-preview:large","max-video-preview":"max-video-preview:-1"},"canonical":"https:\/\/folhapopular.info\/index.php\/2023\/03\/22\/professor-de-meditacao-lajeadense-lanca-projeto-desperteen\/","og_locale":"pt_BR","og_type":"article","og_title":"Professor de medita\u00e7\u00e3o lajeadense lan\u00e7a Projeto Desperteen - Folha Popular","og_description":"O instrutor de medita\u00e7\u00e3o lajeadense Jeferson Queiroz lan\u00e7a o Projeto Desperteen. O objetivo \u00e9 proporcionar aulas de medita\u00e7\u00e3o com oficinas de escrita, m\u00fasica, teatro, gastronomia, dan\u00e7a e yoga. Jovens de toda a regi\u00e3o s\u00e3o convidados a participar da programa\u00e7\u00e3o, que inicia no dia 13 de abril, \u00e0s 17h, em Lajeado. Cada aula contar\u00e1 com um [&hellip;]","og_url":"https:\/\/folhapopular.info\/index.php\/2023\/03\/22\/professor-de-meditacao-lajeadense-lanca-projeto-desperteen\/","og_site_name":"Folha Popular","article_published_time":"2023-03-22T17:17:32+00:00","article_modified_time":"2023-03-22T17:17:35+00:00","og_image":[{"width":768,"height":491,"url":"http:\/\/folhapopular.info\/wp-content\/uploads\/2023\/03\/WhatsApp-Image-2023-03-22-at-10.00.08-e1679504971123.jpeg","type":"image\/jpeg"}],"author":"Reda\u00e7\u00e3o Folha Popular","twitter_card":"summary_large_image","twitter_misc":{"Escrito por":"Reda\u00e7\u00e3o Folha Popular","Est. tempo de leitura":"2 minutos"},"schema":{"@context":"https:\/\/schema.org","@graph":[{"@type":"Article","@id":"https:\/\/folhapopular.info\/index.php\/2023\/03\/22\/professor-de-meditacao-lajeadense-lanca-projeto-desperteen\/#article","isPartOf":{"@id":"https:\/\/folhapopular.info\/index.php\/2023\/03\/22\/professor-de-meditacao-lajeadense-lanca-projeto-desperteen\/"},"author":{"name":"Reda\u00e7\u00e3o Folha Popular","@id":"https:\/\/folhapopular.info\/#\/schema\/person\/2814e8a0df7643585a9ca38bc6eb9d4b"},"headline":"Professor de medita\u00e7\u00e3o lajeadense lan\u00e7a Projeto Desperteen","datePublished":"2023-03-22T17:17:32+00:00","dateModified":"2023-03-22T17:17:35+00:00","mainEntityOfPage":{"@id":"https:\/\/folhapopular.info\/index.php\/2023\/03\/22\/professor-de-meditacao-lajeadense-lanca-projeto-desperteen\/"},"wordCount":298,"commentCount":0,"image":{"@id":"https:\/\/folhapopular.info\/index.php\/2023\/03\/22\/professor-de-meditacao-lajeadense-lanca-projeto-desperteen\/#primaryimage"},"thumbnailUrl":"https:\/\/folhapopular.info\/wp-content\/uploads\/2023\/03\/WhatsApp-Image-2023-03-22-at-10.00.08-e1679504971123.jpeg","keywords":["bem-estar","Jovens","Lajeado","Projeto","Sa\u00fade","Yoga"],"articleSection":["Destaques","Inclusive"],"inLanguage":"pt-BR","potentialAction":[{"@type":"CommentAction","name":"Comment","target":["https:\/\/folhapopular.info\/index.php\/2023\/03\/22\/professor-de-meditacao-lajeadense-lanca-projeto-desperteen\/#respond"]}]},{"@type":"WebPage","@id":"https:\/\/folhapopular.info\/index.php\/2023\/03\/22\/professor-de-meditacao-lajeadense-lanca-projeto-desperteen\/","url":"https:\/\/folhapopular.info\/index.php\/2023\/03\/22\/professor-de-meditacao-lajeadense-lanca-projeto-desperteen\/","name":"Professor de medita\u00e7\u00e3o lajeadense lan\u00e7a Projeto Desperteen - Folha Popular","isPartOf":{"@id":"https:\/\/folhapopular.info\/#website"},"primaryImageOfPage":{"@id":"https:\/\/folhapopular.info\/index.php\/2023\/03\/22\/professor-de-meditacao-lajeadense-lanca-projeto-desperteen\/#primaryimage"},"image":{"@id":"https:\/\/folhapopular.info\/index.php\/2023\/03\/22\/professor-de-meditacao-lajeadense-lanca-projeto-desperteen\/#primaryimage"},"thumbnailUrl":"https:\/\/folhapopular.info\/wp-content\/uploads\/2023\/03\/WhatsApp-Image-2023-03-22-at-10.00.08-e1679504971123.jpeg","datePublished":"2023-03-22T17:17:32+00:00","dateModified":"2023-03-22T17:17:35+00:00","author":{"@id":"https:\/\/folhapopular.info\/#\/schema\/person\/2814e8a0df7643585a9ca38bc6eb9d4b"},"breadcrumb":{"@id":"https:\/\/folhapopular.info\/index.php\/2023\/03\/22\/professor-de-meditacao-lajeadense-lanca-projeto-desperteen\/#breadcrumb"},"inLanguage":"pt-BR","potentialAction":[{"@type":"ReadAction","target":["https:\/\/folhapopular.info\/index.php\/2023\/03\/22\/professor-de-meditacao-lajeadense-lanca-projeto-desperteen\/"]}]},{"@type":"ImageObject","inLanguage":"pt-BR","@id":"https:\/\/folhapopular.info\/index.php\/2023\/03\/22\/professor-de-meditacao-lajeadense-lanca-projeto-desperteen\/#primaryimage","url":"https:\/\/folhapopular.info\/wp-content\/uploads\/2023\/03\/WhatsApp-Image-2023-03-22-at-10.00.08-e1679504971123.jpeg","contentUrl":"https:\/\/folhapopular.info\/wp-content\/uploads\/2023\/03\/WhatsApp-Image-2023-03-22-at-10.00.08-e1679504971123.jpeg","width":768,"height":491,"caption":"Cr\u00e9dito: Jeferson Queiroz \/ Divulga\u00e7\u00e3o"},{"@type":"BreadcrumbList","@id":"https:\/\/folhapopular.info\/index.php\/2023\/03\/22\/professor-de-meditacao-lajeadense-lanca-projeto-desperteen\/#breadcrumb","itemListElement":[{"@type":"ListItem","position":1,"name":"In\u00edcio","item":"https:\/\/folhapopular.info\/"},{"@type":"ListItem","position":2,"name":"Professor de medita\u00e7\u00e3o lajeadense lan\u00e7a Projeto Desperteen"}]},{"@type":"WebSite","@id":"https:\/\/folhapopular.info\/#website","url":"https:\/\/folhapopular.info\/","name":"Folha Popular","description":"Onde voc\u00ea tem vez e voz","potentialAction":[{"@type":"SearchAction","target":{"@type":"EntryPoint","urlTemplate":"https:\/\/folhapopular.info\/?s={search_term_string}"},"query-input":{"@type":"PropertyValueSpecification","valueRequired":true,"valueName":"search_term_string"}}],"inLanguage":"pt-BR"},{"@type":"Person","@id":"https:\/\/folhapopular.info\/#\/schema\/person\/2814e8a0df7643585a9ca38bc6eb9d4b","name":"Reda\u00e7\u00e3o Folha Popular","image":{"@type":"ImageObject","inLanguage":"pt-BR","@id":"https:\/\/folhapopular.info\/wp-content\/uploads\/2026\/04\/Folha-1.webp","url":"https:\/\/folhapopular.info\/wp-content\/uploads\/2026\/04\/Folha-1.webp","contentUrl":"https:\/\/folhapopular.info\/wp-content\/uploads\/2026\/04\/Folha-1.webp","caption":"Reda\u00e7\u00e3o Folha Popular"},"url":"https:\/\/folhapopular.info\/index.php\/author\/redacao\/"}]}},"jetpack_featured_media_url":"https:\/\/folhapopular.info\/wp-content\/uploads\/2023\/03\/WhatsApp-Image-2023-03-22-at-10.00.08-e1679504971123.jpeg","jetpack_sharing_enabled":true,"amp_enabled":true,"_links":{"self":[{"href":"https:\/\/folhapopular.info\/index.php\/wp-json\/wp\/v2\/posts\/123829","targetHints":{"allow":["GET"]}}],"collection":[{"href":"https:\/\/folhapopular.info\/index.php\/wp-json\/wp\/v2\/posts"}],"about":[{"href":"https:\/\/folhapopular.info\/index.php\/wp-json\/wp\/v2\/types\/post"}],"author":[{"embeddable":true,"href":"https:\/\/folhapopular.info\/index.php\/wp-json\/wp\/v2\/users\/8"}],"replies":[{"embeddable":true,"href":"https:\/\/folhapopular.info\/index.php\/wp-json\/wp\/v2\/comments?post=123829"}],"version-history":[{"count":0,"href":"https:\/\/folhapopular.info\/index.php\/wp-json\/wp\/v2\/posts\/123829\/revisions"}],"wp:featuredmedia":[{"embeddable":true,"href":"https:\/\/folhapopular.info\/index.php\/wp-json\/wp\/v2\/media\/123831"}],"wp:attachment":[{"href":"https:\/\/folhapopular.info\/index.php\/wp-json\/wp\/v2\/media?parent=123829"}],"wp:term":[{"taxonomy":"category","embeddable":true,"href":"https:\/\/folhapopular.info\/index.php\/wp-json\/wp\/v2\/categories?post=123829"},{"taxonomy":"post_tag","embeddable":true,"href":"https:\/\/folhapopular.info\/index.php\/wp-json\/wp\/v2\/tags?post=123829"}],"curies":[{"name":"wp","href":"https:\/\/api.w.org\/{rel}","templated":true}]}}