{"id":123908,"date":"2023-03-23T15:04:32","date_gmt":"2023-03-23T18:04:32","guid":{"rendered":"https:\/\/folhapopular.info\/?p=123908"},"modified":"2023-03-23T15:04:34","modified_gmt":"2023-03-23T18:04:34","slug":"pais-e-alunos-da-emee-de-colinas-assistem-palestra-sobre-uso-de-drogas","status":"publish","type":"post","link":"https:\/\/folhapopular.info\/index.php\/2023\/03\/23\/pais-e-alunos-da-emee-de-colinas-assistem-palestra-sobre-uso-de-drogas\/","title":{"rendered":"Pais e alunos da EMEE de Colinas assistem palestra sobre uso de drogas"},"content":{"rendered":"\n<p>Os pais e alunos do Ensino M\u00e9dio da Escola Estadual (EMEE) de Colinas participaram de uma palestra apresentada pela especialista e consultora em depend\u00eancia qu\u00edmica Paula Garibotti. O debate, intitulado &#8220;Prevenir antes que coisas ruins aconte\u00e7am&#8221;, aconteceu na ter\u00e7a-feira (21\/3), abordando a import\u00e2ncia do papel desempenhado pela fam\u00edlia na preven\u00e7\u00e3o do uso de drogas, por meio do apoio emocional, supervis\u00e3o e influ\u00eancia positiva.<\/p>\n\n\n\n<p>A profissional trouxe exemplos de ajuda e abordagens que os pais podem utilizar, como uma comunica\u00e7\u00e3o aberta e sincera com os filhos, de forma a permitir que estes se sintam confort\u00e1veis para discutir seus problemas e preocupa\u00e7\u00f5es e no oferecimento de ambientes seguros e acolhedores para que estes se expressem e pe\u00e7am ajuda quando necess\u00e1rio.<\/p>\n\n\n\n<p>Tamb\u00e9m falou sobre a import\u00e2ncia de ensinar sobre os efeitos das drogas e os riscos para a sa\u00fade f\u00edsica e mental, e consequ\u00eancias sociais e legais do uso. &#8220;\u00c9 importante que a fam\u00edlia seja um modelo de comportamento saud\u00e1vel, e que demonstre uma atitude cr\u00edtica e consciente em rela\u00e7\u00e3o ao uso de drogas&#8221;, pontuou.<\/p>\n\n\n\n<p>Paula tamb\u00e9m \u00e9 coordenadora da Cl\u00ednica Novo Come\u00e7o, de Encantado. O espa\u00e7o foi fundado por conta do problema pessoal da profissional com as drogas. At\u00e9 hoje, ajudou cerca de 1.300 pessoas a superarem a drogadi\u00e7\u00e3o. Tamb\u00e9m conduz, h\u00e1 mais de 10 anos, o Projeto Amor Exigente.<\/p>\n\n\n\n<figure class=\"wp-block-image size-full is-resized is-style-rounded\"><img loading=\"lazy\" decoding=\"async\" src=\"https:\/\/folhapopular.info\/wp-content\/uploads\/2023\/03\/palestra-com-Paula-garibotti2-2.jpeg\" alt=\"\" class=\"wp-image-123919\" width=\"249\" height=\"252\"\/><figcaption class=\"wp-element-caption\"><strong>Paula Garibotti<\/strong><\/figcaption><\/figure>\n\n\n\n<p>O encontro foi organizado por meio do Projeto Adolescer, da Secretaria de Sa\u00fade e Desenvolvimento Social de Colinas, e tem o objetivo de realizar mais atividades abordando o tema das drogas com os adolescentes.<\/p>\n","protected":false},"excerpt":{"rendered":"<p>Os pais e alunos do Ensino M\u00e9dio da Escola Estadual (EMEE) de Colinas participaram de uma palestra apresentada pela especialista e consultora em depend\u00eancia qu\u00edmica Paula Garibotti. O debate, intitulado &#8220;Prevenir antes que coisas ruins aconte\u00e7am&#8221;, aconteceu na ter\u00e7a-feira (21\/3), abordando a import\u00e2ncia do papel desempenhado pela fam\u00edlia na preven\u00e7\u00e3o do uso de drogas, por [&hellip;]<\/p>\n","protected":false},"author":8,"featured_media":123913,"comment_status":"open","ping_status":"open","sticky":false,"template":"","format":"standard","meta":{"pmpro_default_level":"","_jetpack_memberships_contains_paid_content":false,"footnotes":""},"categories":[2,10988,3],"tags":[5155,183,166,11385,7856,45,167],"class_list":{"0":"post-123908","1":"post","2":"type-post","3":"status-publish","4":"format-standard","5":"has-post-thumbnail","7":"category-featured","8":"category-educacao","9":"category-geral","10":"tag-alunos","11":"tag-colinas","12":"tag-drogas","13":"tag-emee","14":"tag-pais-2","15":"tag-palestra","16":"tag-prevencao","17":"pmpro-has-access"},"yoast_head":"<!-- This site is optimized with the Yoast SEO plugin v27.5 - https:\/\/yoast.com\/product\/yoast-seo-wordpress\/ -->\n<title>Pais e alunos da EMEE de Colinas assistem palestra sobre uso de drogas - Folha Popular<\/title>\n<meta name=\"robots\" content=\"index, follow, max-snippet:-1, max-image-preview:large, max-video-preview:-1\" \/>\n<link rel=\"canonical\" href=\"https:\/\/folhapopular.info\/index.php\/2023\/03\/23\/pais-e-alunos-da-emee-de-colinas-assistem-palestra-sobre-uso-de-drogas\/\" \/>\n<meta property=\"og:locale\" content=\"pt_BR\" \/>\n<meta property=\"og:type\" content=\"article\" \/>\n<meta property=\"og:title\" content=\"Pais e alunos da EMEE de Colinas assistem palestra sobre uso de drogas - Folha Popular\" \/>\n<meta property=\"og:description\" content=\"Os pais e alunos do Ensino M\u00e9dio da Escola Estadual (EMEE) de Colinas participaram de uma palestra apresentada pela especialista e consultora em depend\u00eancia qu\u00edmica Paula Garibotti. O debate, intitulado &#8220;Prevenir antes que coisas ruins aconte\u00e7am&#8221;, aconteceu na ter\u00e7a-feira (21\/3), abordando a import\u00e2ncia do papel desempenhado pela fam\u00edlia na preven\u00e7\u00e3o do uso de drogas, por [&hellip;]\" \/>\n<meta property=\"og:url\" content=\"https:\/\/folhapopular.info\/index.php\/2023\/03\/23\/pais-e-alunos-da-emee-de-colinas-assistem-palestra-sobre-uso-de-drogas\/\" \/>\n<meta property=\"og:site_name\" content=\"Folha Popular\" \/>\n<meta property=\"article:published_time\" content=\"2023-03-23T18:04:32+00:00\" \/>\n<meta property=\"article:modified_time\" content=\"2023-03-23T18:04:34+00:00\" \/>\n<meta property=\"og:image\" content=\"http:\/\/folhapopular.info\/wp-content\/uploads\/2023\/03\/pais-e-alunos-da-escola-estadual-de-Colinas-participaram-da-palestra-e1679594191703.jpeg\" \/>\n\t<meta property=\"og:image:width\" content=\"1200\" \/>\n\t<meta property=\"og:image:height\" content=\"793\" \/>\n\t<meta property=\"og:image:type\" content=\"image\/jpeg\" \/>\n<meta name=\"author\" content=\"Reda\u00e7\u00e3o Folha Popular\" \/>\n<meta name=\"twitter:card\" content=\"summary_large_image\" \/>\n<meta name=\"twitter:label1\" content=\"Escrito por\" \/>\n\t<meta name=\"twitter:data1\" content=\"Reda\u00e7\u00e3o Folha Popular\" \/>\n\t<meta name=\"twitter:label2\" content=\"Est. tempo de leitura\" \/>\n\t<meta name=\"twitter:data2\" content=\"2 minutos\" \/>\n<script type=\"application\/ld+json\" class=\"yoast-schema-graph\">{\"@context\":\"https:\\\/\\\/schema.org\",\"@graph\":[{\"@type\":\"Article\",\"@id\":\"https:\\\/\\\/folhapopular.info\\\/index.php\\\/2023\\\/03\\\/23\\\/pais-e-alunos-da-emee-de-colinas-assistem-palestra-sobre-uso-de-drogas\\\/#article\",\"isPartOf\":{\"@id\":\"https:\\\/\\\/folhapopular.info\\\/index.php\\\/2023\\\/03\\\/23\\\/pais-e-alunos-da-emee-de-colinas-assistem-palestra-sobre-uso-de-drogas\\\/\"},\"author\":{\"name\":\"Reda\u00e7\u00e3o Folha Popular\",\"@id\":\"https:\\\/\\\/folhapopular.info\\\/#\\\/schema\\\/person\\\/2814e8a0df7643585a9ca38bc6eb9d4b\"},\"headline\":\"Pais e alunos da EMEE de Colinas assistem palestra sobre uso de drogas\",\"datePublished\":\"2023-03-23T18:04:32+00:00\",\"dateModified\":\"2023-03-23T18:04:34+00:00\",\"mainEntityOfPage\":{\"@id\":\"https:\\\/\\\/folhapopular.info\\\/index.php\\\/2023\\\/03\\\/23\\\/pais-e-alunos-da-emee-de-colinas-assistem-palestra-sobre-uso-de-drogas\\\/\"},\"wordCount\":293,\"commentCount\":0,\"image\":{\"@id\":\"https:\\\/\\\/folhapopular.info\\\/index.php\\\/2023\\\/03\\\/23\\\/pais-e-alunos-da-emee-de-colinas-assistem-palestra-sobre-uso-de-drogas\\\/#primaryimage\"},\"thumbnailUrl\":\"https:\\\/\\\/folhapopular.info\\\/wp-content\\\/uploads\\\/2023\\\/03\\\/pais-e-alunos-da-escola-estadual-de-Colinas-participaram-da-palestra-e1679594191703.jpeg\",\"keywords\":[\"alunos\",\"Colinas\",\"Drogas\",\"EMEE\",\"Pais\",\"palestra\",\"Preven\u00e7\u00e3o\"],\"articleSection\":[\"Destaques\",\"Educa\u00e7\u00e3o\",\"Geral\"],\"inLanguage\":\"pt-BR\",\"potentialAction\":[{\"@type\":\"CommentAction\",\"name\":\"Comment\",\"target\":[\"https:\\\/\\\/folhapopular.info\\\/index.php\\\/2023\\\/03\\\/23\\\/pais-e-alunos-da-emee-de-colinas-assistem-palestra-sobre-uso-de-drogas\\\/#respond\"]}]},{\"@type\":\"WebPage\",\"@id\":\"https:\\\/\\\/folhapopular.info\\\/index.php\\\/2023\\\/03\\\/23\\\/pais-e-alunos-da-emee-de-colinas-assistem-palestra-sobre-uso-de-drogas\\\/\",\"url\":\"https:\\\/\\\/folhapopular.info\\\/index.php\\\/2023\\\/03\\\/23\\\/pais-e-alunos-da-emee-de-colinas-assistem-palestra-sobre-uso-de-drogas\\\/\",\"name\":\"Pais e alunos da EMEE de Colinas assistem palestra sobre uso de drogas - Folha Popular\",\"isPartOf\":{\"@id\":\"https:\\\/\\\/folhapopular.info\\\/#website\"},\"primaryImageOfPage\":{\"@id\":\"https:\\\/\\\/folhapopular.info\\\/index.php\\\/2023\\\/03\\\/23\\\/pais-e-alunos-da-emee-de-colinas-assistem-palestra-sobre-uso-de-drogas\\\/#primaryimage\"},\"image\":{\"@id\":\"https:\\\/\\\/folhapopular.info\\\/index.php\\\/2023\\\/03\\\/23\\\/pais-e-alunos-da-emee-de-colinas-assistem-palestra-sobre-uso-de-drogas\\\/#primaryimage\"},\"thumbnailUrl\":\"https:\\\/\\\/folhapopular.info\\\/wp-content\\\/uploads\\\/2023\\\/03\\\/pais-e-alunos-da-escola-estadual-de-Colinas-participaram-da-palestra-e1679594191703.jpeg\",\"datePublished\":\"2023-03-23T18:04:32+00:00\",\"dateModified\":\"2023-03-23T18:04:34+00:00\",\"author\":{\"@id\":\"https:\\\/\\\/folhapopular.info\\\/#\\\/schema\\\/person\\\/2814e8a0df7643585a9ca38bc6eb9d4b\"},\"breadcrumb\":{\"@id\":\"https:\\\/\\\/folhapopular.info\\\/index.php\\\/2023\\\/03\\\/23\\\/pais-e-alunos-da-emee-de-colinas-assistem-palestra-sobre-uso-de-drogas\\\/#breadcrumb\"},\"inLanguage\":\"pt-BR\",\"potentialAction\":[{\"@type\":\"ReadAction\",\"target\":[\"https:\\\/\\\/folhapopular.info\\\/index.php\\\/2023\\\/03\\\/23\\\/pais-e-alunos-da-emee-de-colinas-assistem-palestra-sobre-uso-de-drogas\\\/\"]}]},{\"@type\":\"ImageObject\",\"inLanguage\":\"pt-BR\",\"@id\":\"https:\\\/\\\/folhapopular.info\\\/index.php\\\/2023\\\/03\\\/23\\\/pais-e-alunos-da-emee-de-colinas-assistem-palestra-sobre-uso-de-drogas\\\/#primaryimage\",\"url\":\"https:\\\/\\\/folhapopular.info\\\/wp-content\\\/uploads\\\/2023\\\/03\\\/pais-e-alunos-da-escola-estadual-de-Colinas-participaram-da-palestra-e1679594191703.jpeg\",\"contentUrl\":\"https:\\\/\\\/folhapopular.info\\\/wp-content\\\/uploads\\\/2023\\\/03\\\/pais-e-alunos-da-escola-estadual-de-Colinas-participaram-da-palestra-e1679594191703.jpeg\",\"width\":1200,\"height\":793,\"caption\":\"Cr\u00e9dito: Divulga\u00e7\u00e3o\"},{\"@type\":\"BreadcrumbList\",\"@id\":\"https:\\\/\\\/folhapopular.info\\\/index.php\\\/2023\\\/03\\\/23\\\/pais-e-alunos-da-emee-de-colinas-assistem-palestra-sobre-uso-de-drogas\\\/#breadcrumb\",\"itemListElement\":[{\"@type\":\"ListItem\",\"position\":1,\"name\":\"In\u00edcio\",\"item\":\"https:\\\/\\\/folhapopular.info\\\/\"},{\"@type\":\"ListItem\",\"position\":2,\"name\":\"Pais e alunos da EMEE de Colinas assistem palestra sobre uso de drogas\"}]},{\"@type\":\"WebSite\",\"@id\":\"https:\\\/\\\/folhapopular.info\\\/#website\",\"url\":\"https:\\\/\\\/folhapopular.info\\\/\",\"name\":\"Folha Popular\",\"description\":\"Onde voc\u00ea tem vez e voz\",\"potentialAction\":[{\"@type\":\"SearchAction\",\"target\":{\"@type\":\"EntryPoint\",\"urlTemplate\":\"https:\\\/\\\/folhapopular.info\\\/?s={search_term_string}\"},\"query-input\":{\"@type\":\"PropertyValueSpecification\",\"valueRequired\":true,\"valueName\":\"search_term_string\"}}],\"inLanguage\":\"pt-BR\"},{\"@type\":\"Person\",\"@id\":\"https:\\\/\\\/folhapopular.info\\\/#\\\/schema\\\/person\\\/2814e8a0df7643585a9ca38bc6eb9d4b\",\"name\":\"Reda\u00e7\u00e3o Folha Popular\",\"image\":{\"@type\":\"ImageObject\",\"inLanguage\":\"pt-BR\",\"@id\":\"https:\\\/\\\/folhapopular.info\\\/wp-content\\\/uploads\\\/2026\\\/04\\\/Folha-1.webp\",\"url\":\"https:\\\/\\\/folhapopular.info\\\/wp-content\\\/uploads\\\/2026\\\/04\\\/Folha-1.webp\",\"contentUrl\":\"https:\\\/\\\/folhapopular.info\\\/wp-content\\\/uploads\\\/2026\\\/04\\\/Folha-1.webp\",\"caption\":\"Reda\u00e7\u00e3o Folha Popular\"},\"url\":\"https:\\\/\\\/folhapopular.info\\\/index.php\\\/author\\\/redacao\\\/\"}]}<\/script>\n<!-- \/ Yoast SEO plugin. -->","yoast_head_json":{"title":"Pais e alunos da EMEE de Colinas assistem palestra sobre uso de drogas - Folha Popular","robots":{"index":"index","follow":"follow","max-snippet":"max-snippet:-1","max-image-preview":"max-image-preview:large","max-video-preview":"max-video-preview:-1"},"canonical":"https:\/\/folhapopular.info\/index.php\/2023\/03\/23\/pais-e-alunos-da-emee-de-colinas-assistem-palestra-sobre-uso-de-drogas\/","og_locale":"pt_BR","og_type":"article","og_title":"Pais e alunos da EMEE de Colinas assistem palestra sobre uso de drogas - Folha Popular","og_description":"Os pais e alunos do Ensino M\u00e9dio da Escola Estadual (EMEE) de Colinas participaram de uma palestra apresentada pela especialista e consultora em depend\u00eancia qu\u00edmica Paula Garibotti. O debate, intitulado &#8220;Prevenir antes que coisas ruins aconte\u00e7am&#8221;, aconteceu na ter\u00e7a-feira (21\/3), abordando a import\u00e2ncia do papel desempenhado pela fam\u00edlia na preven\u00e7\u00e3o do uso de drogas, por [&hellip;]","og_url":"https:\/\/folhapopular.info\/index.php\/2023\/03\/23\/pais-e-alunos-da-emee-de-colinas-assistem-palestra-sobre-uso-de-drogas\/","og_site_name":"Folha Popular","article_published_time":"2023-03-23T18:04:32+00:00","article_modified_time":"2023-03-23T18:04:34+00:00","og_image":[{"width":1200,"height":793,"url":"http:\/\/folhapopular.info\/wp-content\/uploads\/2023\/03\/pais-e-alunos-da-escola-estadual-de-Colinas-participaram-da-palestra-e1679594191703.jpeg","type":"image\/jpeg"}],"author":"Reda\u00e7\u00e3o Folha Popular","twitter_card":"summary_large_image","twitter_misc":{"Escrito por":"Reda\u00e7\u00e3o Folha Popular","Est. tempo de leitura":"2 minutos"},"schema":{"@context":"https:\/\/schema.org","@graph":[{"@type":"Article","@id":"https:\/\/folhapopular.info\/index.php\/2023\/03\/23\/pais-e-alunos-da-emee-de-colinas-assistem-palestra-sobre-uso-de-drogas\/#article","isPartOf":{"@id":"https:\/\/folhapopular.info\/index.php\/2023\/03\/23\/pais-e-alunos-da-emee-de-colinas-assistem-palestra-sobre-uso-de-drogas\/"},"author":{"name":"Reda\u00e7\u00e3o Folha Popular","@id":"https:\/\/folhapopular.info\/#\/schema\/person\/2814e8a0df7643585a9ca38bc6eb9d4b"},"headline":"Pais e alunos da EMEE de Colinas assistem palestra sobre uso de drogas","datePublished":"2023-03-23T18:04:32+00:00","dateModified":"2023-03-23T18:04:34+00:00","mainEntityOfPage":{"@id":"https:\/\/folhapopular.info\/index.php\/2023\/03\/23\/pais-e-alunos-da-emee-de-colinas-assistem-palestra-sobre-uso-de-drogas\/"},"wordCount":293,"commentCount":0,"image":{"@id":"https:\/\/folhapopular.info\/index.php\/2023\/03\/23\/pais-e-alunos-da-emee-de-colinas-assistem-palestra-sobre-uso-de-drogas\/#primaryimage"},"thumbnailUrl":"https:\/\/folhapopular.info\/wp-content\/uploads\/2023\/03\/pais-e-alunos-da-escola-estadual-de-Colinas-participaram-da-palestra-e1679594191703.jpeg","keywords":["alunos","Colinas","Drogas","EMEE","Pais","palestra","Preven\u00e7\u00e3o"],"articleSection":["Destaques","Educa\u00e7\u00e3o","Geral"],"inLanguage":"pt-BR","potentialAction":[{"@type":"CommentAction","name":"Comment","target":["https:\/\/folhapopular.info\/index.php\/2023\/03\/23\/pais-e-alunos-da-emee-de-colinas-assistem-palestra-sobre-uso-de-drogas\/#respond"]}]},{"@type":"WebPage","@id":"https:\/\/folhapopular.info\/index.php\/2023\/03\/23\/pais-e-alunos-da-emee-de-colinas-assistem-palestra-sobre-uso-de-drogas\/","url":"https:\/\/folhapopular.info\/index.php\/2023\/03\/23\/pais-e-alunos-da-emee-de-colinas-assistem-palestra-sobre-uso-de-drogas\/","name":"Pais e alunos da EMEE de Colinas assistem palestra sobre uso de drogas - Folha Popular","isPartOf":{"@id":"https:\/\/folhapopular.info\/#website"},"primaryImageOfPage":{"@id":"https:\/\/folhapopular.info\/index.php\/2023\/03\/23\/pais-e-alunos-da-emee-de-colinas-assistem-palestra-sobre-uso-de-drogas\/#primaryimage"},"image":{"@id":"https:\/\/folhapopular.info\/index.php\/2023\/03\/23\/pais-e-alunos-da-emee-de-colinas-assistem-palestra-sobre-uso-de-drogas\/#primaryimage"},"thumbnailUrl":"https:\/\/folhapopular.info\/wp-content\/uploads\/2023\/03\/pais-e-alunos-da-escola-estadual-de-Colinas-participaram-da-palestra-e1679594191703.jpeg","datePublished":"2023-03-23T18:04:32+00:00","dateModified":"2023-03-23T18:04:34+00:00","author":{"@id":"https:\/\/folhapopular.info\/#\/schema\/person\/2814e8a0df7643585a9ca38bc6eb9d4b"},"breadcrumb":{"@id":"https:\/\/folhapopular.info\/index.php\/2023\/03\/23\/pais-e-alunos-da-emee-de-colinas-assistem-palestra-sobre-uso-de-drogas\/#breadcrumb"},"inLanguage":"pt-BR","potentialAction":[{"@type":"ReadAction","target":["https:\/\/folhapopular.info\/index.php\/2023\/03\/23\/pais-e-alunos-da-emee-de-colinas-assistem-palestra-sobre-uso-de-drogas\/"]}]},{"@type":"ImageObject","inLanguage":"pt-BR","@id":"https:\/\/folhapopular.info\/index.php\/2023\/03\/23\/pais-e-alunos-da-emee-de-colinas-assistem-palestra-sobre-uso-de-drogas\/#primaryimage","url":"https:\/\/folhapopular.info\/wp-content\/uploads\/2023\/03\/pais-e-alunos-da-escola-estadual-de-Colinas-participaram-da-palestra-e1679594191703.jpeg","contentUrl":"https:\/\/folhapopular.info\/wp-content\/uploads\/2023\/03\/pais-e-alunos-da-escola-estadual-de-Colinas-participaram-da-palestra-e1679594191703.jpeg","width":1200,"height":793,"caption":"Cr\u00e9dito: Divulga\u00e7\u00e3o"},{"@type":"BreadcrumbList","@id":"https:\/\/folhapopular.info\/index.php\/2023\/03\/23\/pais-e-alunos-da-emee-de-colinas-assistem-palestra-sobre-uso-de-drogas\/#breadcrumb","itemListElement":[{"@type":"ListItem","position":1,"name":"In\u00edcio","item":"https:\/\/folhapopular.info\/"},{"@type":"ListItem","position":2,"name":"Pais e alunos da EMEE de Colinas assistem palestra sobre uso de drogas"}]},{"@type":"WebSite","@id":"https:\/\/folhapopular.info\/#website","url":"https:\/\/folhapopular.info\/","name":"Folha Popular","description":"Onde voc\u00ea tem vez e voz","potentialAction":[{"@type":"SearchAction","target":{"@type":"EntryPoint","urlTemplate":"https:\/\/folhapopular.info\/?s={search_term_string}"},"query-input":{"@type":"PropertyValueSpecification","valueRequired":true,"valueName":"search_term_string"}}],"inLanguage":"pt-BR"},{"@type":"Person","@id":"https:\/\/folhapopular.info\/#\/schema\/person\/2814e8a0df7643585a9ca38bc6eb9d4b","name":"Reda\u00e7\u00e3o Folha Popular","image":{"@type":"ImageObject","inLanguage":"pt-BR","@id":"https:\/\/folhapopular.info\/wp-content\/uploads\/2026\/04\/Folha-1.webp","url":"https:\/\/folhapopular.info\/wp-content\/uploads\/2026\/04\/Folha-1.webp","contentUrl":"https:\/\/folhapopular.info\/wp-content\/uploads\/2026\/04\/Folha-1.webp","caption":"Reda\u00e7\u00e3o Folha Popular"},"url":"https:\/\/folhapopular.info\/index.php\/author\/redacao\/"}]}},"jetpack_featured_media_url":"https:\/\/folhapopular.info\/wp-content\/uploads\/2023\/03\/pais-e-alunos-da-escola-estadual-de-Colinas-participaram-da-palestra-e1679594191703.jpeg","jetpack_sharing_enabled":true,"amp_enabled":true,"_links":{"self":[{"href":"https:\/\/folhapopular.info\/index.php\/wp-json\/wp\/v2\/posts\/123908","targetHints":{"allow":["GET"]}}],"collection":[{"href":"https:\/\/folhapopular.info\/index.php\/wp-json\/wp\/v2\/posts"}],"about":[{"href":"https:\/\/folhapopular.info\/index.php\/wp-json\/wp\/v2\/types\/post"}],"author":[{"embeddable":true,"href":"https:\/\/folhapopular.info\/index.php\/wp-json\/wp\/v2\/users\/8"}],"replies":[{"embeddable":true,"href":"https:\/\/folhapopular.info\/index.php\/wp-json\/wp\/v2\/comments?post=123908"}],"version-history":[{"count":0,"href":"https:\/\/folhapopular.info\/index.php\/wp-json\/wp\/v2\/posts\/123908\/revisions"}],"wp:featuredmedia":[{"embeddable":true,"href":"https:\/\/folhapopular.info\/index.php\/wp-json\/wp\/v2\/media\/123913"}],"wp:attachment":[{"href":"https:\/\/folhapopular.info\/index.php\/wp-json\/wp\/v2\/media?parent=123908"}],"wp:term":[{"taxonomy":"category","embeddable":true,"href":"https:\/\/folhapopular.info\/index.php\/wp-json\/wp\/v2\/categories?post=123908"},{"taxonomy":"post_tag","embeddable":true,"href":"https:\/\/folhapopular.info\/index.php\/wp-json\/wp\/v2\/tags?post=123908"}],"curies":[{"name":"wp","href":"https:\/\/api.w.org\/{rel}","templated":true}]}}