{"id":123935,"date":"2023-03-23T16:42:16","date_gmt":"2023-03-23T19:42:16","guid":{"rendered":"https:\/\/folhapopular.info\/?p=123935"},"modified":"2023-03-23T16:42:22","modified_gmt":"2023-03-23T19:42:22","slug":"prf-recupera-veiculo-roubado-carregado-com-drogas-em-lajeado-do-bugre","status":"publish","type":"post","link":"https:\/\/folhapopular.info\/index.php\/2023\/03\/23\/prf-recupera-veiculo-roubado-carregado-com-drogas-em-lajeado-do-bugre\/","title":{"rendered":"PRF recupera ve\u00edculo roubado carregado com drogas em Lajeado do Bugre"},"content":{"rendered":"\n<p>Na tarde desta quarta-feira (22\/3), a Pol\u00edcia Rodovi\u00e1ria Federal recuperou um ve\u00edculo roubado que estava carregado com mais de 90kg de maconha. A a\u00e7\u00e3o ocorreu pr\u00f3ximo da BR-386, em Lajeado do Bugre.<\/p>\n\n\n\n<p>Em a\u00e7\u00e3o de combate ao crime na rodovia, policiais rodovi\u00e1rios federais receberam informa\u00e7\u00e3o a respeito de um ve\u00edculo suspeito. Foram realizadas buscas na regi\u00e3o e, com apoio da Pol\u00edcia Civil, foi encontrado um Cobalt.<\/p>\n\n\n\n<p>Ap\u00f3s consulta dos sinais identificadores do carro, constatou-se que a placa utilizada n\u00e3o correspondia a ele, e sim a outro Cobalt que havia sido roubado em Campo Bom no in\u00edcio do m\u00eas. Dentro do porta-malas foram encontrados 90kg de maconha.<\/p>\n\n\n\n<p>Os policiais realizaram buscas no local, por\u00e9m n\u00e3o foi localizado o condutor. O ve\u00edculo e a droga foram apreendidos e encaminhados a pol\u00edcia judici\u00e1ria.<\/p>\n","protected":false},"excerpt":{"rendered":"<p>Na tarde desta quarta-feira (22\/3), a Pol\u00edcia Rodovi\u00e1ria Federal recuperou um ve\u00edculo roubado que estava carregado com mais de 90kg de maconha. A a\u00e7\u00e3o ocorreu pr\u00f3ximo da BR-386, em Lajeado do Bugre. Em a\u00e7\u00e3o de combate ao crime na rodovia, policiais rodovi\u00e1rios federais receberam informa\u00e7\u00e3o a respeito de um ve\u00edculo suspeito. Foram realizadas buscas na [&hellip;]<\/p>\n","protected":false},"author":8,"featured_media":123938,"comment_status":"open","ping_status":"open","sticky":false,"template":"","format":"standard","meta":{"pmpro_default_level":"","_jetpack_memberships_contains_paid_content":false,"footnotes":""},"categories":[10982,7],"tags":[10852,166,11395,294,478,1345],"class_list":{"0":"post-123935","1":"post","2":"type-post","3":"status-publish","4":"format-standard","5":"has-post-thumbnail","7":"category-policia","8":"category-seguranca","9":"tag-carregado","10":"tag-drogas","11":"tag-lajeado-do-bugre","12":"tag-prf","13":"tag-roubo","14":"tag-veiculo","15":"pmpro-has-access"},"yoast_head":"<!-- This site is optimized with the Yoast SEO plugin v27.5 - https:\/\/yoast.com\/product\/yoast-seo-wordpress\/ -->\n<title>PRF recupera ve\u00edculo roubado carregado com drogas em Lajeado do Bugre - Folha Popular<\/title>\n<meta name=\"robots\" content=\"index, follow, max-snippet:-1, max-image-preview:large, max-video-preview:-1\" \/>\n<link rel=\"canonical\" href=\"https:\/\/folhapopular.info\/index.php\/2023\/03\/23\/prf-recupera-veiculo-roubado-carregado-com-drogas-em-lajeado-do-bugre\/\" \/>\n<meta property=\"og:locale\" content=\"pt_BR\" \/>\n<meta property=\"og:type\" content=\"article\" \/>\n<meta property=\"og:title\" content=\"PRF recupera ve\u00edculo roubado carregado com drogas em Lajeado do Bugre - Folha Popular\" \/>\n<meta property=\"og:description\" content=\"Na tarde desta quarta-feira (22\/3), a Pol\u00edcia Rodovi\u00e1ria Federal recuperou um ve\u00edculo roubado que estava carregado com mais de 90kg de maconha. A a\u00e7\u00e3o ocorreu pr\u00f3ximo da BR-386, em Lajeado do Bugre. Em a\u00e7\u00e3o de combate ao crime na rodovia, policiais rodovi\u00e1rios federais receberam informa\u00e7\u00e3o a respeito de um ve\u00edculo suspeito. Foram realizadas buscas na [&hellip;]\" \/>\n<meta property=\"og:url\" content=\"https:\/\/folhapopular.info\/index.php\/2023\/03\/23\/prf-recupera-veiculo-roubado-carregado-com-drogas-em-lajeado-do-bugre\/\" \/>\n<meta property=\"og:site_name\" content=\"Folha Popular\" \/>\n<meta property=\"article:published_time\" content=\"2023-03-23T19:42:16+00:00\" \/>\n<meta property=\"article:modified_time\" content=\"2023-03-23T19:42:22+00:00\" \/>\n<meta property=\"og:image\" content=\"http:\/\/folhapopular.info\/wp-content\/uploads\/2023\/03\/ca864b40-0797-4da4-9b0e-9f5eac0802af.jpeg\" \/>\n\t<meta property=\"og:image:width\" content=\"768\" \/>\n\t<meta property=\"og:image:height\" content=\"432\" \/>\n\t<meta property=\"og:image:type\" content=\"image\/jpeg\" \/>\n<meta name=\"author\" content=\"Reda\u00e7\u00e3o Folha Popular\" \/>\n<meta name=\"twitter:card\" content=\"summary_large_image\" \/>\n<meta name=\"twitter:label1\" content=\"Escrito por\" \/>\n\t<meta name=\"twitter:data1\" content=\"Reda\u00e7\u00e3o Folha Popular\" \/>\n\t<meta name=\"twitter:label2\" content=\"Est. tempo de leitura\" \/>\n\t<meta name=\"twitter:data2\" content=\"1 minuto\" \/>\n<script type=\"application\/ld+json\" class=\"yoast-schema-graph\">{\"@context\":\"https:\\\/\\\/schema.org\",\"@graph\":[{\"@type\":\"Article\",\"@id\":\"https:\\\/\\\/folhapopular.info\\\/index.php\\\/2023\\\/03\\\/23\\\/prf-recupera-veiculo-roubado-carregado-com-drogas-em-lajeado-do-bugre\\\/#article\",\"isPartOf\":{\"@id\":\"https:\\\/\\\/folhapopular.info\\\/index.php\\\/2023\\\/03\\\/23\\\/prf-recupera-veiculo-roubado-carregado-com-drogas-em-lajeado-do-bugre\\\/\"},\"author\":{\"name\":\"Reda\u00e7\u00e3o Folha Popular\",\"@id\":\"https:\\\/\\\/folhapopular.info\\\/#\\\/schema\\\/person\\\/2814e8a0df7643585a9ca38bc6eb9d4b\"},\"headline\":\"PRF recupera ve\u00edculo roubado carregado com drogas em Lajeado do Bugre\",\"datePublished\":\"2023-03-23T19:42:16+00:00\",\"dateModified\":\"2023-03-23T19:42:22+00:00\",\"mainEntityOfPage\":{\"@id\":\"https:\\\/\\\/folhapopular.info\\\/index.php\\\/2023\\\/03\\\/23\\\/prf-recupera-veiculo-roubado-carregado-com-drogas-em-lajeado-do-bugre\\\/\"},\"wordCount\":161,\"commentCount\":0,\"image\":{\"@id\":\"https:\\\/\\\/folhapopular.info\\\/index.php\\\/2023\\\/03\\\/23\\\/prf-recupera-veiculo-roubado-carregado-com-drogas-em-lajeado-do-bugre\\\/#primaryimage\"},\"thumbnailUrl\":\"https:\\\/\\\/folhapopular.info\\\/wp-content\\\/uploads\\\/2023\\\/03\\\/ca864b40-0797-4da4-9b0e-9f5eac0802af.jpeg\",\"keywords\":[\"Carregado\",\"Drogas\",\"Lajeado do Bugre\",\"PRF\",\"Roubo\",\"Ve\u00edculo\"],\"articleSection\":[\"Pol\u00edcia\",\"Seguran\u00e7a\"],\"inLanguage\":\"pt-BR\",\"potentialAction\":[{\"@type\":\"CommentAction\",\"name\":\"Comment\",\"target\":[\"https:\\\/\\\/folhapopular.info\\\/index.php\\\/2023\\\/03\\\/23\\\/prf-recupera-veiculo-roubado-carregado-com-drogas-em-lajeado-do-bugre\\\/#respond\"]}]},{\"@type\":\"WebPage\",\"@id\":\"https:\\\/\\\/folhapopular.info\\\/index.php\\\/2023\\\/03\\\/23\\\/prf-recupera-veiculo-roubado-carregado-com-drogas-em-lajeado-do-bugre\\\/\",\"url\":\"https:\\\/\\\/folhapopular.info\\\/index.php\\\/2023\\\/03\\\/23\\\/prf-recupera-veiculo-roubado-carregado-com-drogas-em-lajeado-do-bugre\\\/\",\"name\":\"PRF recupera ve\u00edculo roubado carregado com drogas em Lajeado do Bugre - Folha Popular\",\"isPartOf\":{\"@id\":\"https:\\\/\\\/folhapopular.info\\\/#website\"},\"primaryImageOfPage\":{\"@id\":\"https:\\\/\\\/folhapopular.info\\\/index.php\\\/2023\\\/03\\\/23\\\/prf-recupera-veiculo-roubado-carregado-com-drogas-em-lajeado-do-bugre\\\/#primaryimage\"},\"image\":{\"@id\":\"https:\\\/\\\/folhapopular.info\\\/index.php\\\/2023\\\/03\\\/23\\\/prf-recupera-veiculo-roubado-carregado-com-drogas-em-lajeado-do-bugre\\\/#primaryimage\"},\"thumbnailUrl\":\"https:\\\/\\\/folhapopular.info\\\/wp-content\\\/uploads\\\/2023\\\/03\\\/ca864b40-0797-4da4-9b0e-9f5eac0802af.jpeg\",\"datePublished\":\"2023-03-23T19:42:16+00:00\",\"dateModified\":\"2023-03-23T19:42:22+00:00\",\"author\":{\"@id\":\"https:\\\/\\\/folhapopular.info\\\/#\\\/schema\\\/person\\\/2814e8a0df7643585a9ca38bc6eb9d4b\"},\"breadcrumb\":{\"@id\":\"https:\\\/\\\/folhapopular.info\\\/index.php\\\/2023\\\/03\\\/23\\\/prf-recupera-veiculo-roubado-carregado-com-drogas-em-lajeado-do-bugre\\\/#breadcrumb\"},\"inLanguage\":\"pt-BR\",\"potentialAction\":[{\"@type\":\"ReadAction\",\"target\":[\"https:\\\/\\\/folhapopular.info\\\/index.php\\\/2023\\\/03\\\/23\\\/prf-recupera-veiculo-roubado-carregado-com-drogas-em-lajeado-do-bugre\\\/\"]}]},{\"@type\":\"ImageObject\",\"inLanguage\":\"pt-BR\",\"@id\":\"https:\\\/\\\/folhapopular.info\\\/index.php\\\/2023\\\/03\\\/23\\\/prf-recupera-veiculo-roubado-carregado-com-drogas-em-lajeado-do-bugre\\\/#primaryimage\",\"url\":\"https:\\\/\\\/folhapopular.info\\\/wp-content\\\/uploads\\\/2023\\\/03\\\/ca864b40-0797-4da4-9b0e-9f5eac0802af.jpeg\",\"contentUrl\":\"https:\\\/\\\/folhapopular.info\\\/wp-content\\\/uploads\\\/2023\\\/03\\\/ca864b40-0797-4da4-9b0e-9f5eac0802af.jpeg\",\"width\":768,\"height\":432,\"caption\":\"Cr\u00e9dito: PRF \\\/ Divulga\u00e7\u00e3o\"},{\"@type\":\"BreadcrumbList\",\"@id\":\"https:\\\/\\\/folhapopular.info\\\/index.php\\\/2023\\\/03\\\/23\\\/prf-recupera-veiculo-roubado-carregado-com-drogas-em-lajeado-do-bugre\\\/#breadcrumb\",\"itemListElement\":[{\"@type\":\"ListItem\",\"position\":1,\"name\":\"In\u00edcio\",\"item\":\"https:\\\/\\\/folhapopular.info\\\/\"},{\"@type\":\"ListItem\",\"position\":2,\"name\":\"PRF recupera ve\u00edculo roubado carregado com drogas em Lajeado do Bugre\"}]},{\"@type\":\"WebSite\",\"@id\":\"https:\\\/\\\/folhapopular.info\\\/#website\",\"url\":\"https:\\\/\\\/folhapopular.info\\\/\",\"name\":\"Folha Popular\",\"description\":\"Onde voc\u00ea tem vez e voz\",\"potentialAction\":[{\"@type\":\"SearchAction\",\"target\":{\"@type\":\"EntryPoint\",\"urlTemplate\":\"https:\\\/\\\/folhapopular.info\\\/?s={search_term_string}\"},\"query-input\":{\"@type\":\"PropertyValueSpecification\",\"valueRequired\":true,\"valueName\":\"search_term_string\"}}],\"inLanguage\":\"pt-BR\"},{\"@type\":\"Person\",\"@id\":\"https:\\\/\\\/folhapopular.info\\\/#\\\/schema\\\/person\\\/2814e8a0df7643585a9ca38bc6eb9d4b\",\"name\":\"Reda\u00e7\u00e3o Folha Popular\",\"image\":{\"@type\":\"ImageObject\",\"inLanguage\":\"pt-BR\",\"@id\":\"https:\\\/\\\/folhapopular.info\\\/wp-content\\\/uploads\\\/2026\\\/04\\\/Folha-1.webp\",\"url\":\"https:\\\/\\\/folhapopular.info\\\/wp-content\\\/uploads\\\/2026\\\/04\\\/Folha-1.webp\",\"contentUrl\":\"https:\\\/\\\/folhapopular.info\\\/wp-content\\\/uploads\\\/2026\\\/04\\\/Folha-1.webp\",\"caption\":\"Reda\u00e7\u00e3o Folha Popular\"},\"url\":\"https:\\\/\\\/folhapopular.info\\\/index.php\\\/author\\\/redacao\\\/\"}]}<\/script>\n<!-- \/ Yoast SEO plugin. -->","yoast_head_json":{"title":"PRF recupera ve\u00edculo roubado carregado com drogas em Lajeado do Bugre - Folha Popular","robots":{"index":"index","follow":"follow","max-snippet":"max-snippet:-1","max-image-preview":"max-image-preview:large","max-video-preview":"max-video-preview:-1"},"canonical":"https:\/\/folhapopular.info\/index.php\/2023\/03\/23\/prf-recupera-veiculo-roubado-carregado-com-drogas-em-lajeado-do-bugre\/","og_locale":"pt_BR","og_type":"article","og_title":"PRF recupera ve\u00edculo roubado carregado com drogas em Lajeado do Bugre - Folha Popular","og_description":"Na tarde desta quarta-feira (22\/3), a Pol\u00edcia Rodovi\u00e1ria Federal recuperou um ve\u00edculo roubado que estava carregado com mais de 90kg de maconha. A a\u00e7\u00e3o ocorreu pr\u00f3ximo da BR-386, em Lajeado do Bugre. Em a\u00e7\u00e3o de combate ao crime na rodovia, policiais rodovi\u00e1rios federais receberam informa\u00e7\u00e3o a respeito de um ve\u00edculo suspeito. Foram realizadas buscas na [&hellip;]","og_url":"https:\/\/folhapopular.info\/index.php\/2023\/03\/23\/prf-recupera-veiculo-roubado-carregado-com-drogas-em-lajeado-do-bugre\/","og_site_name":"Folha Popular","article_published_time":"2023-03-23T19:42:16+00:00","article_modified_time":"2023-03-23T19:42:22+00:00","og_image":[{"width":768,"height":432,"url":"http:\/\/folhapopular.info\/wp-content\/uploads\/2023\/03\/ca864b40-0797-4da4-9b0e-9f5eac0802af.jpeg","type":"image\/jpeg"}],"author":"Reda\u00e7\u00e3o Folha Popular","twitter_card":"summary_large_image","twitter_misc":{"Escrito por":"Reda\u00e7\u00e3o Folha Popular","Est. tempo de leitura":"1 minuto"},"schema":{"@context":"https:\/\/schema.org","@graph":[{"@type":"Article","@id":"https:\/\/folhapopular.info\/index.php\/2023\/03\/23\/prf-recupera-veiculo-roubado-carregado-com-drogas-em-lajeado-do-bugre\/#article","isPartOf":{"@id":"https:\/\/folhapopular.info\/index.php\/2023\/03\/23\/prf-recupera-veiculo-roubado-carregado-com-drogas-em-lajeado-do-bugre\/"},"author":{"name":"Reda\u00e7\u00e3o Folha Popular","@id":"https:\/\/folhapopular.info\/#\/schema\/person\/2814e8a0df7643585a9ca38bc6eb9d4b"},"headline":"PRF recupera ve\u00edculo roubado carregado com drogas em Lajeado do Bugre","datePublished":"2023-03-23T19:42:16+00:00","dateModified":"2023-03-23T19:42:22+00:00","mainEntityOfPage":{"@id":"https:\/\/folhapopular.info\/index.php\/2023\/03\/23\/prf-recupera-veiculo-roubado-carregado-com-drogas-em-lajeado-do-bugre\/"},"wordCount":161,"commentCount":0,"image":{"@id":"https:\/\/folhapopular.info\/index.php\/2023\/03\/23\/prf-recupera-veiculo-roubado-carregado-com-drogas-em-lajeado-do-bugre\/#primaryimage"},"thumbnailUrl":"https:\/\/folhapopular.info\/wp-content\/uploads\/2023\/03\/ca864b40-0797-4da4-9b0e-9f5eac0802af.jpeg","keywords":["Carregado","Drogas","Lajeado do Bugre","PRF","Roubo","Ve\u00edculo"],"articleSection":["Pol\u00edcia","Seguran\u00e7a"],"inLanguage":"pt-BR","potentialAction":[{"@type":"CommentAction","name":"Comment","target":["https:\/\/folhapopular.info\/index.php\/2023\/03\/23\/prf-recupera-veiculo-roubado-carregado-com-drogas-em-lajeado-do-bugre\/#respond"]}]},{"@type":"WebPage","@id":"https:\/\/folhapopular.info\/index.php\/2023\/03\/23\/prf-recupera-veiculo-roubado-carregado-com-drogas-em-lajeado-do-bugre\/","url":"https:\/\/folhapopular.info\/index.php\/2023\/03\/23\/prf-recupera-veiculo-roubado-carregado-com-drogas-em-lajeado-do-bugre\/","name":"PRF recupera ve\u00edculo roubado carregado com drogas em Lajeado do Bugre - Folha Popular","isPartOf":{"@id":"https:\/\/folhapopular.info\/#website"},"primaryImageOfPage":{"@id":"https:\/\/folhapopular.info\/index.php\/2023\/03\/23\/prf-recupera-veiculo-roubado-carregado-com-drogas-em-lajeado-do-bugre\/#primaryimage"},"image":{"@id":"https:\/\/folhapopular.info\/index.php\/2023\/03\/23\/prf-recupera-veiculo-roubado-carregado-com-drogas-em-lajeado-do-bugre\/#primaryimage"},"thumbnailUrl":"https:\/\/folhapopular.info\/wp-content\/uploads\/2023\/03\/ca864b40-0797-4da4-9b0e-9f5eac0802af.jpeg","datePublished":"2023-03-23T19:42:16+00:00","dateModified":"2023-03-23T19:42:22+00:00","author":{"@id":"https:\/\/folhapopular.info\/#\/schema\/person\/2814e8a0df7643585a9ca38bc6eb9d4b"},"breadcrumb":{"@id":"https:\/\/folhapopular.info\/index.php\/2023\/03\/23\/prf-recupera-veiculo-roubado-carregado-com-drogas-em-lajeado-do-bugre\/#breadcrumb"},"inLanguage":"pt-BR","potentialAction":[{"@type":"ReadAction","target":["https:\/\/folhapopular.info\/index.php\/2023\/03\/23\/prf-recupera-veiculo-roubado-carregado-com-drogas-em-lajeado-do-bugre\/"]}]},{"@type":"ImageObject","inLanguage":"pt-BR","@id":"https:\/\/folhapopular.info\/index.php\/2023\/03\/23\/prf-recupera-veiculo-roubado-carregado-com-drogas-em-lajeado-do-bugre\/#primaryimage","url":"https:\/\/folhapopular.info\/wp-content\/uploads\/2023\/03\/ca864b40-0797-4da4-9b0e-9f5eac0802af.jpeg","contentUrl":"https:\/\/folhapopular.info\/wp-content\/uploads\/2023\/03\/ca864b40-0797-4da4-9b0e-9f5eac0802af.jpeg","width":768,"height":432,"caption":"Cr\u00e9dito: PRF \/ Divulga\u00e7\u00e3o"},{"@type":"BreadcrumbList","@id":"https:\/\/folhapopular.info\/index.php\/2023\/03\/23\/prf-recupera-veiculo-roubado-carregado-com-drogas-em-lajeado-do-bugre\/#breadcrumb","itemListElement":[{"@type":"ListItem","position":1,"name":"In\u00edcio","item":"https:\/\/folhapopular.info\/"},{"@type":"ListItem","position":2,"name":"PRF recupera ve\u00edculo roubado carregado com drogas em Lajeado do Bugre"}]},{"@type":"WebSite","@id":"https:\/\/folhapopular.info\/#website","url":"https:\/\/folhapopular.info\/","name":"Folha Popular","description":"Onde voc\u00ea tem vez e voz","potentialAction":[{"@type":"SearchAction","target":{"@type":"EntryPoint","urlTemplate":"https:\/\/folhapopular.info\/?s={search_term_string}"},"query-input":{"@type":"PropertyValueSpecification","valueRequired":true,"valueName":"search_term_string"}}],"inLanguage":"pt-BR"},{"@type":"Person","@id":"https:\/\/folhapopular.info\/#\/schema\/person\/2814e8a0df7643585a9ca38bc6eb9d4b","name":"Reda\u00e7\u00e3o Folha Popular","image":{"@type":"ImageObject","inLanguage":"pt-BR","@id":"https:\/\/folhapopular.info\/wp-content\/uploads\/2026\/04\/Folha-1.webp","url":"https:\/\/folhapopular.info\/wp-content\/uploads\/2026\/04\/Folha-1.webp","contentUrl":"https:\/\/folhapopular.info\/wp-content\/uploads\/2026\/04\/Folha-1.webp","caption":"Reda\u00e7\u00e3o Folha Popular"},"url":"https:\/\/folhapopular.info\/index.php\/author\/redacao\/"}]}},"jetpack_featured_media_url":"https:\/\/folhapopular.info\/wp-content\/uploads\/2023\/03\/ca864b40-0797-4da4-9b0e-9f5eac0802af.jpeg","jetpack_sharing_enabled":true,"amp_enabled":true,"_links":{"self":[{"href":"https:\/\/folhapopular.info\/index.php\/wp-json\/wp\/v2\/posts\/123935","targetHints":{"allow":["GET"]}}],"collection":[{"href":"https:\/\/folhapopular.info\/index.php\/wp-json\/wp\/v2\/posts"}],"about":[{"href":"https:\/\/folhapopular.info\/index.php\/wp-json\/wp\/v2\/types\/post"}],"author":[{"embeddable":true,"href":"https:\/\/folhapopular.info\/index.php\/wp-json\/wp\/v2\/users\/8"}],"replies":[{"embeddable":true,"href":"https:\/\/folhapopular.info\/index.php\/wp-json\/wp\/v2\/comments?post=123935"}],"version-history":[{"count":0,"href":"https:\/\/folhapopular.info\/index.php\/wp-json\/wp\/v2\/posts\/123935\/revisions"}],"wp:featuredmedia":[{"embeddable":true,"href":"https:\/\/folhapopular.info\/index.php\/wp-json\/wp\/v2\/media\/123938"}],"wp:attachment":[{"href":"https:\/\/folhapopular.info\/index.php\/wp-json\/wp\/v2\/media?parent=123935"}],"wp:term":[{"taxonomy":"category","embeddable":true,"href":"https:\/\/folhapopular.info\/index.php\/wp-json\/wp\/v2\/categories?post=123935"},{"taxonomy":"post_tag","embeddable":true,"href":"https:\/\/folhapopular.info\/index.php\/wp-json\/wp\/v2\/tags?post=123935"}],"curies":[{"name":"wp","href":"https:\/\/api.w.org\/{rel}","templated":true}]}}