{"id":123937,"date":"2023-03-23T16:42:29","date_gmt":"2023-03-23T19:42:29","guid":{"rendered":"https:\/\/folhapopular.info\/?p=123937"},"modified":"2023-03-23T17:00:28","modified_gmt":"2023-03-23T20:00:28","slug":"tratativas-sobre-referencia-de-traumato-ortopedia-no-vale-do-taquari-sao-discutidas","status":"publish","type":"post","link":"https:\/\/folhapopular.info\/index.php\/2023\/03\/23\/tratativas-sobre-referencia-de-traumato-ortopedia-no-vale-do-taquari-sao-discutidas\/","title":{"rendered":"<strong>Tratativas sobre refer\u00eancia de traumato-ortopedia no Vale do Taquari s\u00e3o discutidas<\/strong>"},"content":{"rendered":"\n<p>O credenciamento da Rede Divina Provid\u00eancia, do Hospital Estrela, para atendimento de m\u00e9dia e alta complexidade em traumato-ortopedia na regi\u00e3o foi tema da assembleia extraordin\u00e1ria conjunta da Associa\u00e7\u00e3o dos Munic\u00edpios do Vale do Taquari (Amvat) e Associa\u00e7\u00e3o dos Munic\u00edpios do Alto Taquari (Amat), na quarta-feira (22\/3) no Centro Administrativo de Encantado. A reuni\u00e3o contou com a presen\u00e7a da secret\u00e1ria estadual da Sa\u00fade, Arita Bergmann, e equipe t\u00e9cnica da pasta. A proposta para a efetiva\u00e7\u00e3o do servi\u00e7o foi estudada para se manter de forma tripartite, com participa\u00e7\u00e3o dos governos federal e estadual e contrapartida dos munic\u00edpios da 16\u00aa Coordenadoria Regional da Sa\u00fade.<\/p>\n\n\n\n<p>Atualmente, a refer\u00eancia para a regi\u00e3o \u00e9 o Hospital Universit\u00e1rio de Canoas, que segundo Arita, presta nove atendimentos de alta complexidade por m\u00eas. Uma proposta foi apresentada pelo diretor da Rede de Sa\u00fade Divina Provid\u00eancia, Jos\u00e9 Cl\u00f3vis Soares, e pelo gerente administrativo, Johnnie Locatelli. Seriam realizadas, mensalmente, 16 cirurgias de alta complexidade, 42 de m\u00e9dia e 704 consultas em traumatologia. Ao todo, o custo previsto, seria de R$ 622,3 mil, os munic\u00edpios participariam com o valor de R$ 240,2 mil, divididos de acordo com o n\u00famero da popula\u00e7\u00e3o.<\/p>\n\n\n\n<p>Esse tema ser\u00e1 discutido e com estudo mais aprofundado no dia 24 de abril, na Secretaria Estadual de Sa\u00fade, uma nova reuni\u00e3o para confirmar a refer\u00eancia. A secret\u00e1ria ressalta que o objetivo de trazer a sa\u00fade para mais perto da popula\u00e7\u00e3o e que os munic\u00edpios t\u00eam autonomia para decidir sobre sua ades\u00e3o, e a forma como ser\u00e1 feito.<\/p>\n\n\n\n<p>Presentes no evento, os presidentes da Amvat, Elmar Schneider, e da Amat, Tiago Michelon, destacaram a uni\u00e3o do Vale na busca da melhoria do atendimento nesta \u00e1rea. \u201c\u00c9 uma proposta em favor das pessoas, que n\u00e3o podem mais esperar. Por isto realizamos este encontro, com a presen\u00e7a do Estado, munic\u00edpios e hospital, para juntos buscarmos a solu\u00e7\u00e3o\u201d, exalta Schneider.<\/p>\n","protected":false},"excerpt":{"rendered":"<p>O credenciamento da Rede Divina Provid\u00eancia, do Hospital Estrela, para atendimento de m\u00e9dia e alta complexidade em traumato-ortopedia na regi\u00e3o foi tema da assembleia extraordin\u00e1ria conjunta da Associa\u00e7\u00e3o dos Munic\u00edpios do Vale do Taquari (Amvat) e Associa\u00e7\u00e3o dos Munic\u00edpios do Alto Taquari (Amat), na quarta-feira (22\/3) no Centro Administrativo de Encantado. A reuni\u00e3o contou com [&hellip;]<\/p>\n","protected":false},"author":8,"featured_media":123939,"comment_status":"open","ping_status":"open","sticky":false,"template":"","format":"standard","meta":{"pmpro_default_level":"","_jetpack_memberships_contains_paid_content":false,"footnotes":""},"categories":[2,3,10986],"tags":[8,10731,89,11394,10676],"class_list":{"0":"post-123937","1":"post","2":"type-post","3":"status-publish","4":"format-standard","5":"has-post-thumbnail","7":"category-featured","8":"category-geral","9":"category-saude","10":"tag-estrela","11":"tag-referencia","12":"tag-saude","13":"tag-traumato","14":"tag-traumato-ortopedia","15":"pmpro-has-access"},"yoast_head":"<!-- This site is optimized with the Yoast SEO plugin v27.5 - https:\/\/yoast.com\/product\/yoast-seo-wordpress\/ -->\n<title>Tratativas sobre refer\u00eancia de traumato-ortopedia no Vale do Taquari s\u00e3o discutidas - Folha Popular<\/title>\n<meta name=\"description\" content=\"Atualmente, a refer\u00eancia para a regi\u00e3o \u00e9 o Hospital Universit\u00e1rio de Canoas, que como informou a Secretaria Estadual da Sa\u00fade\" \/>\n<meta name=\"robots\" content=\"index, follow, max-snippet:-1, max-image-preview:large, max-video-preview:-1\" \/>\n<link rel=\"canonical\" href=\"https:\/\/folhapopular.info\/index.php\/2023\/03\/23\/tratativas-sobre-referencia-de-traumato-ortopedia-no-vale-do-taquari-sao-discutidas\/\" \/>\n<meta property=\"og:locale\" content=\"pt_BR\" \/>\n<meta property=\"og:type\" content=\"article\" \/>\n<meta property=\"og:title\" content=\"Tratativas sobre refer\u00eancia de traumato-ortopedia no Vale do Taquari s\u00e3o discutidas - Folha Popular\" \/>\n<meta property=\"og:description\" content=\"Atualmente, a refer\u00eancia para a regi\u00e3o \u00e9 o Hospital Universit\u00e1rio de Canoas, que como informou a Secretaria Estadual da Sa\u00fade\" \/>\n<meta property=\"og:url\" content=\"https:\/\/folhapopular.info\/index.php\/2023\/03\/23\/tratativas-sobre-referencia-de-traumato-ortopedia-no-vale-do-taquari-sao-discutidas\/\" \/>\n<meta property=\"og:site_name\" content=\"Folha Popular\" \/>\n<meta property=\"article:published_time\" content=\"2023-03-23T19:42:29+00:00\" \/>\n<meta property=\"article:modified_time\" content=\"2023-03-23T20:00:28+00:00\" \/>\n<meta property=\"og:image\" content=\"http:\/\/folhapopular.info\/wp-content\/uploads\/2023\/03\/Assembleia-extraordinaria-Amvat_Amat_traumatologia_22.03.2023.jpg\" \/>\n\t<meta property=\"og:image:width\" content=\"1600\" \/>\n\t<meta property=\"og:image:height\" content=\"720\" \/>\n\t<meta property=\"og:image:type\" content=\"image\/jpeg\" \/>\n<meta name=\"author\" content=\"Reda\u00e7\u00e3o Folha Popular\" \/>\n<meta name=\"twitter:card\" content=\"summary_large_image\" \/>\n<meta name=\"twitter:label1\" content=\"Escrito por\" \/>\n\t<meta name=\"twitter:data1\" content=\"Reda\u00e7\u00e3o Folha Popular\" \/>\n\t<meta name=\"twitter:label2\" content=\"Est. tempo de leitura\" \/>\n\t<meta name=\"twitter:data2\" content=\"2 minutos\" \/>\n<script type=\"application\/ld+json\" class=\"yoast-schema-graph\">{\"@context\":\"https:\\\/\\\/schema.org\",\"@graph\":[{\"@type\":\"Article\",\"@id\":\"https:\\\/\\\/folhapopular.info\\\/index.php\\\/2023\\\/03\\\/23\\\/tratativas-sobre-referencia-de-traumato-ortopedia-no-vale-do-taquari-sao-discutidas\\\/#article\",\"isPartOf\":{\"@id\":\"https:\\\/\\\/folhapopular.info\\\/index.php\\\/2023\\\/03\\\/23\\\/tratativas-sobre-referencia-de-traumato-ortopedia-no-vale-do-taquari-sao-discutidas\\\/\"},\"author\":{\"name\":\"Reda\u00e7\u00e3o Folha Popular\",\"@id\":\"https:\\\/\\\/folhapopular.info\\\/#\\\/schema\\\/person\\\/2814e8a0df7643585a9ca38bc6eb9d4b\"},\"headline\":\"Tratativas sobre refer\u00eancia de traumato-ortopedia no Vale do Taquari s\u00e3o discutidas\",\"datePublished\":\"2023-03-23T19:42:29+00:00\",\"dateModified\":\"2023-03-23T20:00:28+00:00\",\"mainEntityOfPage\":{\"@id\":\"https:\\\/\\\/folhapopular.info\\\/index.php\\\/2023\\\/03\\\/23\\\/tratativas-sobre-referencia-de-traumato-ortopedia-no-vale-do-taquari-sao-discutidas\\\/\"},\"wordCount\":352,\"commentCount\":0,\"image\":{\"@id\":\"https:\\\/\\\/folhapopular.info\\\/index.php\\\/2023\\\/03\\\/23\\\/tratativas-sobre-referencia-de-traumato-ortopedia-no-vale-do-taquari-sao-discutidas\\\/#primaryimage\"},\"thumbnailUrl\":\"https:\\\/\\\/folhapopular.info\\\/wp-content\\\/uploads\\\/2023\\\/03\\\/Assembleia-extraordinaria-Amvat_Amat_traumatologia_22.03.2023.jpg\",\"keywords\":[\"Estrela\",\"refer\u00eancia\",\"Sa\u00fade\",\"traumato\",\"traumato-ortopedia\"],\"articleSection\":[\"Destaques\",\"Geral\",\"Sa\u00fade\"],\"inLanguage\":\"pt-BR\",\"potentialAction\":[{\"@type\":\"CommentAction\",\"name\":\"Comment\",\"target\":[\"https:\\\/\\\/folhapopular.info\\\/index.php\\\/2023\\\/03\\\/23\\\/tratativas-sobre-referencia-de-traumato-ortopedia-no-vale-do-taquari-sao-discutidas\\\/#respond\"]}]},{\"@type\":\"WebPage\",\"@id\":\"https:\\\/\\\/folhapopular.info\\\/index.php\\\/2023\\\/03\\\/23\\\/tratativas-sobre-referencia-de-traumato-ortopedia-no-vale-do-taquari-sao-discutidas\\\/\",\"url\":\"https:\\\/\\\/folhapopular.info\\\/index.php\\\/2023\\\/03\\\/23\\\/tratativas-sobre-referencia-de-traumato-ortopedia-no-vale-do-taquari-sao-discutidas\\\/\",\"name\":\"Tratativas sobre refer\u00eancia de traumato-ortopedia no Vale do Taquari s\u00e3o discutidas - Folha Popular\",\"isPartOf\":{\"@id\":\"https:\\\/\\\/folhapopular.info\\\/#website\"},\"primaryImageOfPage\":{\"@id\":\"https:\\\/\\\/folhapopular.info\\\/index.php\\\/2023\\\/03\\\/23\\\/tratativas-sobre-referencia-de-traumato-ortopedia-no-vale-do-taquari-sao-discutidas\\\/#primaryimage\"},\"image\":{\"@id\":\"https:\\\/\\\/folhapopular.info\\\/index.php\\\/2023\\\/03\\\/23\\\/tratativas-sobre-referencia-de-traumato-ortopedia-no-vale-do-taquari-sao-discutidas\\\/#primaryimage\"},\"thumbnailUrl\":\"https:\\\/\\\/folhapopular.info\\\/wp-content\\\/uploads\\\/2023\\\/03\\\/Assembleia-extraordinaria-Amvat_Amat_traumatologia_22.03.2023.jpg\",\"datePublished\":\"2023-03-23T19:42:29+00:00\",\"dateModified\":\"2023-03-23T20:00:28+00:00\",\"author\":{\"@id\":\"https:\\\/\\\/folhapopular.info\\\/#\\\/schema\\\/person\\\/2814e8a0df7643585a9ca38bc6eb9d4b\"},\"description\":\"Atualmente, a refer\u00eancia para a regi\u00e3o \u00e9 o Hospital Universit\u00e1rio de Canoas, que como informou a Secretaria Estadual da Sa\u00fade\",\"breadcrumb\":{\"@id\":\"https:\\\/\\\/folhapopular.info\\\/index.php\\\/2023\\\/03\\\/23\\\/tratativas-sobre-referencia-de-traumato-ortopedia-no-vale-do-taquari-sao-discutidas\\\/#breadcrumb\"},\"inLanguage\":\"pt-BR\",\"potentialAction\":[{\"@type\":\"ReadAction\",\"target\":[\"https:\\\/\\\/folhapopular.info\\\/index.php\\\/2023\\\/03\\\/23\\\/tratativas-sobre-referencia-de-traumato-ortopedia-no-vale-do-taquari-sao-discutidas\\\/\"]}]},{\"@type\":\"ImageObject\",\"inLanguage\":\"pt-BR\",\"@id\":\"https:\\\/\\\/folhapopular.info\\\/index.php\\\/2023\\\/03\\\/23\\\/tratativas-sobre-referencia-de-traumato-ortopedia-no-vale-do-taquari-sao-discutidas\\\/#primaryimage\",\"url\":\"https:\\\/\\\/folhapopular.info\\\/wp-content\\\/uploads\\\/2023\\\/03\\\/Assembleia-extraordinaria-Amvat_Amat_traumatologia_22.03.2023.jpg\",\"contentUrl\":\"https:\\\/\\\/folhapopular.info\\\/wp-content\\\/uploads\\\/2023\\\/03\\\/Assembleia-extraordinaria-Amvat_Amat_traumatologia_22.03.2023.jpg\",\"width\":1600,\"height\":720,\"caption\":\"Secret\u00e1ria da Sa\u00fade Arita Bergmann participou da reuni\u00e3o com os prefeitos do Vale Cr\u00e9dito: AI\"},{\"@type\":\"BreadcrumbList\",\"@id\":\"https:\\\/\\\/folhapopular.info\\\/index.php\\\/2023\\\/03\\\/23\\\/tratativas-sobre-referencia-de-traumato-ortopedia-no-vale-do-taquari-sao-discutidas\\\/#breadcrumb\",\"itemListElement\":[{\"@type\":\"ListItem\",\"position\":1,\"name\":\"In\u00edcio\",\"item\":\"https:\\\/\\\/folhapopular.info\\\/\"},{\"@type\":\"ListItem\",\"position\":2,\"name\":\"Tratativas sobre refer\u00eancia de traumato-ortopedia no Vale do Taquari s\u00e3o discutidas\"}]},{\"@type\":\"WebSite\",\"@id\":\"https:\\\/\\\/folhapopular.info\\\/#website\",\"url\":\"https:\\\/\\\/folhapopular.info\\\/\",\"name\":\"Folha Popular\",\"description\":\"Onde voc\u00ea tem vez e voz\",\"potentialAction\":[{\"@type\":\"SearchAction\",\"target\":{\"@type\":\"EntryPoint\",\"urlTemplate\":\"https:\\\/\\\/folhapopular.info\\\/?s={search_term_string}\"},\"query-input\":{\"@type\":\"PropertyValueSpecification\",\"valueRequired\":true,\"valueName\":\"search_term_string\"}}],\"inLanguage\":\"pt-BR\"},{\"@type\":\"Person\",\"@id\":\"https:\\\/\\\/folhapopular.info\\\/#\\\/schema\\\/person\\\/2814e8a0df7643585a9ca38bc6eb9d4b\",\"name\":\"Reda\u00e7\u00e3o Folha Popular\",\"image\":{\"@type\":\"ImageObject\",\"inLanguage\":\"pt-BR\",\"@id\":\"https:\\\/\\\/folhapopular.info\\\/wp-content\\\/uploads\\\/2026\\\/04\\\/Folha-1.webp\",\"url\":\"https:\\\/\\\/folhapopular.info\\\/wp-content\\\/uploads\\\/2026\\\/04\\\/Folha-1.webp\",\"contentUrl\":\"https:\\\/\\\/folhapopular.info\\\/wp-content\\\/uploads\\\/2026\\\/04\\\/Folha-1.webp\",\"caption\":\"Reda\u00e7\u00e3o Folha Popular\"},\"url\":\"https:\\\/\\\/folhapopular.info\\\/index.php\\\/author\\\/redacao\\\/\"}]}<\/script>\n<!-- \/ Yoast SEO plugin. -->","yoast_head_json":{"title":"Tratativas sobre refer\u00eancia de traumato-ortopedia no Vale do Taquari s\u00e3o discutidas - Folha Popular","description":"Atualmente, a refer\u00eancia para a regi\u00e3o \u00e9 o Hospital Universit\u00e1rio de Canoas, que como informou a Secretaria Estadual da Sa\u00fade","robots":{"index":"index","follow":"follow","max-snippet":"max-snippet:-1","max-image-preview":"max-image-preview:large","max-video-preview":"max-video-preview:-1"},"canonical":"https:\/\/folhapopular.info\/index.php\/2023\/03\/23\/tratativas-sobre-referencia-de-traumato-ortopedia-no-vale-do-taquari-sao-discutidas\/","og_locale":"pt_BR","og_type":"article","og_title":"Tratativas sobre refer\u00eancia de traumato-ortopedia no Vale do Taquari s\u00e3o discutidas - Folha Popular","og_description":"Atualmente, a refer\u00eancia para a regi\u00e3o \u00e9 o Hospital Universit\u00e1rio de Canoas, que como informou a Secretaria Estadual da Sa\u00fade","og_url":"https:\/\/folhapopular.info\/index.php\/2023\/03\/23\/tratativas-sobre-referencia-de-traumato-ortopedia-no-vale-do-taquari-sao-discutidas\/","og_site_name":"Folha Popular","article_published_time":"2023-03-23T19:42:29+00:00","article_modified_time":"2023-03-23T20:00:28+00:00","og_image":[{"width":1600,"height":720,"url":"http:\/\/folhapopular.info\/wp-content\/uploads\/2023\/03\/Assembleia-extraordinaria-Amvat_Amat_traumatologia_22.03.2023.jpg","type":"image\/jpeg"}],"author":"Reda\u00e7\u00e3o Folha Popular","twitter_card":"summary_large_image","twitter_misc":{"Escrito por":"Reda\u00e7\u00e3o Folha Popular","Est. tempo de leitura":"2 minutos"},"schema":{"@context":"https:\/\/schema.org","@graph":[{"@type":"Article","@id":"https:\/\/folhapopular.info\/index.php\/2023\/03\/23\/tratativas-sobre-referencia-de-traumato-ortopedia-no-vale-do-taquari-sao-discutidas\/#article","isPartOf":{"@id":"https:\/\/folhapopular.info\/index.php\/2023\/03\/23\/tratativas-sobre-referencia-de-traumato-ortopedia-no-vale-do-taquari-sao-discutidas\/"},"author":{"name":"Reda\u00e7\u00e3o Folha Popular","@id":"https:\/\/folhapopular.info\/#\/schema\/person\/2814e8a0df7643585a9ca38bc6eb9d4b"},"headline":"Tratativas sobre refer\u00eancia de traumato-ortopedia no Vale do Taquari s\u00e3o discutidas","datePublished":"2023-03-23T19:42:29+00:00","dateModified":"2023-03-23T20:00:28+00:00","mainEntityOfPage":{"@id":"https:\/\/folhapopular.info\/index.php\/2023\/03\/23\/tratativas-sobre-referencia-de-traumato-ortopedia-no-vale-do-taquari-sao-discutidas\/"},"wordCount":352,"commentCount":0,"image":{"@id":"https:\/\/folhapopular.info\/index.php\/2023\/03\/23\/tratativas-sobre-referencia-de-traumato-ortopedia-no-vale-do-taquari-sao-discutidas\/#primaryimage"},"thumbnailUrl":"https:\/\/folhapopular.info\/wp-content\/uploads\/2023\/03\/Assembleia-extraordinaria-Amvat_Amat_traumatologia_22.03.2023.jpg","keywords":["Estrela","refer\u00eancia","Sa\u00fade","traumato","traumato-ortopedia"],"articleSection":["Destaques","Geral","Sa\u00fade"],"inLanguage":"pt-BR","potentialAction":[{"@type":"CommentAction","name":"Comment","target":["https:\/\/folhapopular.info\/index.php\/2023\/03\/23\/tratativas-sobre-referencia-de-traumato-ortopedia-no-vale-do-taquari-sao-discutidas\/#respond"]}]},{"@type":"WebPage","@id":"https:\/\/folhapopular.info\/index.php\/2023\/03\/23\/tratativas-sobre-referencia-de-traumato-ortopedia-no-vale-do-taquari-sao-discutidas\/","url":"https:\/\/folhapopular.info\/index.php\/2023\/03\/23\/tratativas-sobre-referencia-de-traumato-ortopedia-no-vale-do-taquari-sao-discutidas\/","name":"Tratativas sobre refer\u00eancia de traumato-ortopedia no Vale do Taquari s\u00e3o discutidas - Folha Popular","isPartOf":{"@id":"https:\/\/folhapopular.info\/#website"},"primaryImageOfPage":{"@id":"https:\/\/folhapopular.info\/index.php\/2023\/03\/23\/tratativas-sobre-referencia-de-traumato-ortopedia-no-vale-do-taquari-sao-discutidas\/#primaryimage"},"image":{"@id":"https:\/\/folhapopular.info\/index.php\/2023\/03\/23\/tratativas-sobre-referencia-de-traumato-ortopedia-no-vale-do-taquari-sao-discutidas\/#primaryimage"},"thumbnailUrl":"https:\/\/folhapopular.info\/wp-content\/uploads\/2023\/03\/Assembleia-extraordinaria-Amvat_Amat_traumatologia_22.03.2023.jpg","datePublished":"2023-03-23T19:42:29+00:00","dateModified":"2023-03-23T20:00:28+00:00","author":{"@id":"https:\/\/folhapopular.info\/#\/schema\/person\/2814e8a0df7643585a9ca38bc6eb9d4b"},"description":"Atualmente, a refer\u00eancia para a regi\u00e3o \u00e9 o Hospital Universit\u00e1rio de Canoas, que como informou a Secretaria Estadual da Sa\u00fade","breadcrumb":{"@id":"https:\/\/folhapopular.info\/index.php\/2023\/03\/23\/tratativas-sobre-referencia-de-traumato-ortopedia-no-vale-do-taquari-sao-discutidas\/#breadcrumb"},"inLanguage":"pt-BR","potentialAction":[{"@type":"ReadAction","target":["https:\/\/folhapopular.info\/index.php\/2023\/03\/23\/tratativas-sobre-referencia-de-traumato-ortopedia-no-vale-do-taquari-sao-discutidas\/"]}]},{"@type":"ImageObject","inLanguage":"pt-BR","@id":"https:\/\/folhapopular.info\/index.php\/2023\/03\/23\/tratativas-sobre-referencia-de-traumato-ortopedia-no-vale-do-taquari-sao-discutidas\/#primaryimage","url":"https:\/\/folhapopular.info\/wp-content\/uploads\/2023\/03\/Assembleia-extraordinaria-Amvat_Amat_traumatologia_22.03.2023.jpg","contentUrl":"https:\/\/folhapopular.info\/wp-content\/uploads\/2023\/03\/Assembleia-extraordinaria-Amvat_Amat_traumatologia_22.03.2023.jpg","width":1600,"height":720,"caption":"Secret\u00e1ria da Sa\u00fade Arita Bergmann participou da reuni\u00e3o com os prefeitos do Vale Cr\u00e9dito: AI"},{"@type":"BreadcrumbList","@id":"https:\/\/folhapopular.info\/index.php\/2023\/03\/23\/tratativas-sobre-referencia-de-traumato-ortopedia-no-vale-do-taquari-sao-discutidas\/#breadcrumb","itemListElement":[{"@type":"ListItem","position":1,"name":"In\u00edcio","item":"https:\/\/folhapopular.info\/"},{"@type":"ListItem","position":2,"name":"Tratativas sobre refer\u00eancia de traumato-ortopedia no Vale do Taquari s\u00e3o discutidas"}]},{"@type":"WebSite","@id":"https:\/\/folhapopular.info\/#website","url":"https:\/\/folhapopular.info\/","name":"Folha Popular","description":"Onde voc\u00ea tem vez e voz","potentialAction":[{"@type":"SearchAction","target":{"@type":"EntryPoint","urlTemplate":"https:\/\/folhapopular.info\/?s={search_term_string}"},"query-input":{"@type":"PropertyValueSpecification","valueRequired":true,"valueName":"search_term_string"}}],"inLanguage":"pt-BR"},{"@type":"Person","@id":"https:\/\/folhapopular.info\/#\/schema\/person\/2814e8a0df7643585a9ca38bc6eb9d4b","name":"Reda\u00e7\u00e3o Folha Popular","image":{"@type":"ImageObject","inLanguage":"pt-BR","@id":"https:\/\/folhapopular.info\/wp-content\/uploads\/2026\/04\/Folha-1.webp","url":"https:\/\/folhapopular.info\/wp-content\/uploads\/2026\/04\/Folha-1.webp","contentUrl":"https:\/\/folhapopular.info\/wp-content\/uploads\/2026\/04\/Folha-1.webp","caption":"Reda\u00e7\u00e3o Folha Popular"},"url":"https:\/\/folhapopular.info\/index.php\/author\/redacao\/"}]}},"jetpack_featured_media_url":"https:\/\/folhapopular.info\/wp-content\/uploads\/2023\/03\/Assembleia-extraordinaria-Amvat_Amat_traumatologia_22.03.2023.jpg","jetpack_sharing_enabled":true,"amp_enabled":true,"_links":{"self":[{"href":"https:\/\/folhapopular.info\/index.php\/wp-json\/wp\/v2\/posts\/123937","targetHints":{"allow":["GET"]}}],"collection":[{"href":"https:\/\/folhapopular.info\/index.php\/wp-json\/wp\/v2\/posts"}],"about":[{"href":"https:\/\/folhapopular.info\/index.php\/wp-json\/wp\/v2\/types\/post"}],"author":[{"embeddable":true,"href":"https:\/\/folhapopular.info\/index.php\/wp-json\/wp\/v2\/users\/8"}],"replies":[{"embeddable":true,"href":"https:\/\/folhapopular.info\/index.php\/wp-json\/wp\/v2\/comments?post=123937"}],"version-history":[{"count":0,"href":"https:\/\/folhapopular.info\/index.php\/wp-json\/wp\/v2\/posts\/123937\/revisions"}],"wp:featuredmedia":[{"embeddable":true,"href":"https:\/\/folhapopular.info\/index.php\/wp-json\/wp\/v2\/media\/123939"}],"wp:attachment":[{"href":"https:\/\/folhapopular.info\/index.php\/wp-json\/wp\/v2\/media?parent=123937"}],"wp:term":[{"taxonomy":"category","embeddable":true,"href":"https:\/\/folhapopular.info\/index.php\/wp-json\/wp\/v2\/categories?post=123937"},{"taxonomy":"post_tag","embeddable":true,"href":"https:\/\/folhapopular.info\/index.php\/wp-json\/wp\/v2\/tags?post=123937"}],"curies":[{"name":"wp","href":"https:\/\/api.w.org\/{rel}","templated":true}]}}