{"id":124353,"date":"2023-03-28T14:29:43","date_gmt":"2023-03-28T17:29:43","guid":{"rendered":"https:\/\/folhapopular.info\/?p=124353"},"modified":"2023-03-28T14:30:48","modified_gmt":"2023-03-28T17:30:48","slug":"vice-governador-do-rs-se-manifesta-sobre-situacao-da-languiru","status":"publish","type":"post","link":"https:\/\/folhapopular.info\/index.php\/2023\/03\/28\/vice-governador-do-rs-se-manifesta-sobre-situacao-da-languiru\/","title":{"rendered":"Vice-governador do RS se manifesta sobre situa\u00e7\u00e3o da Languiru"},"content":{"rendered":"\n<p>Durante sua palestra na reuni\u00e3o-almo\u00e7o da Associa\u00e7\u00e3o Comercial e Industrial (Acil) de Lajeado nesta ter\u00e7a-feira (28\/3), o vice-governador do RS, Gabriel Souza, abordou a situa\u00e7\u00e3o da Cooperativa Languiru. Segundo ele, desde a transi\u00e7\u00e3o o Governo vem acompanhando o assunto com grande cautela e preocupa\u00e7\u00e3o, mas ajudando no que \u00e9 poss\u00edvel. <\/p>\n\n\n\n<p>&#8220;Fomos procurados tamb\u00e9m pela Languiru no sentido de obter eventuais apoios, e o governador me pediu que desse especial aten\u00e7\u00e3o ao assunto. Estamos fazendo o que podemos, tanto com as secretarias estaduais como com os bancos p\u00fablicos. Inclusive, contratamos uma consultoria especializada via Banrisul para apurarmos a real situa\u00e7\u00e3o financeira da cooperativa&#8221;, pontuou. <\/p>\n\n\n\n<p>Souza citou tamb\u00e9m a \u00faltima movimenta\u00e7\u00e3o da Languiru, se referindo \u00e0 <a href=\"https:\/\/folhapopular.info\/index.php\/2023\/03\/22\/languiru-e-empresas-chinesas-anunciam-protocolo-de-intencoes-em-quatro-segmentos-de-producao\/\">parceria com o grupo chin\u00eas<\/a>. &#8220;Acabamos participando, de certa forma, atrav\u00e9s do Banco de Desenvolvimento Regional do Estado (BRDE), um credor importante da cooperativa, com R$ 70 milh\u00f5es em cr\u00e9ditos, dos quais R$ 45 milh\u00f5es apenas no setor de aves&#8221;, comentou. Segundo ele, a parceria envolveria a necessidade de ajustes de garantia nas opera\u00e7\u00f5es de cr\u00e9dito.<\/p>\n\n\n\n<p>O vice-governador citou, ainda, que a maior preocupa\u00e7\u00e3o \u00e9 proteger a economia ga\u00facha. &#8220;Nosso objetivo \u00e9 preserv\u00e1-la, mas n\u00e3o cabe ao Governo do Estado avaliar decis\u00f5es internas de empresas privadas e cooperativas&#8221;, pontuou.<\/p>\n\n\n\n<p>Ainda conforme Souza, foram feitas v\u00e1rias reuni\u00f5es com a diretoria da Languiru, que segundo ele sempre foi muito sol\u00edcita, inclusive apresentando n\u00fameros. Ele pontuou tamb\u00e9m que \u00e9 geral a crise nos setores de suinocultura e avicultura para fins de mercado dom\u00e9stico, e que os mercados internacionais pagam melhor. &#8220;Inclusive, haver\u00e1 lan\u00e7amentos nos pr\u00f3ximos dias por parte do Governo Estadual em rela\u00e7\u00e3o a isso&#8221;, anunciou.<\/p>\n\n\n\n<p>Por fim, refor\u00e7ou que o Piratini est\u00e1 de olho na situa\u00e7\u00e3o e aguarda as novas decis\u00f5es que ser\u00e3o tomadas durante a Assembleia Geral da cooperativa. &#8220;Sabemos de sua grande import\u00e2ncia para o RS e esperamos que a crise seja passageira, uma vez que envolve mais de 3 mil produtores rurais, em sua maioria familiares&#8221;, finalizou.<\/p>\n","protected":false},"excerpt":{"rendered":"<p>Durante sua palestra na reuni\u00e3o-almo\u00e7o da Associa\u00e7\u00e3o Comercial e Industrial (Acil) de Lajeado nesta ter\u00e7a-feira (28\/3), o vice-governador do RS, Gabriel Souza, abordou a situa\u00e7\u00e3o da Cooperativa Languiru. Segundo ele, desde a transi\u00e7\u00e3o o Governo vem acompanhando o assunto com grande cautela e preocupa\u00e7\u00e3o, mas ajudando no que \u00e9 poss\u00edvel. &#8220;Fomos procurados tamb\u00e9m pela Languiru [&hellip;]<\/p>\n","protected":false},"author":639,"featured_media":124355,"comment_status":"open","ping_status":"open","sticky":false,"template":"","format":"standard","meta":{"pmpro_default_level":"","_jetpack_memberships_contains_paid_content":false,"footnotes":""},"categories":[10992,2,10991],"tags":[11462,406],"class_list":{"0":"post-124353","1":"post","2":"type-post","3":"status-publish","4":"format-standard","5":"has-post-thumbnail","7":"category-coopop","8":"category-featured","9":"category-economia","10":"tag-gabriel-souza","11":"tag-languiru","12":"pmpro-has-access"},"yoast_head":"<!-- This site is optimized with the Yoast SEO plugin v27.5 - https:\/\/yoast.com\/product\/yoast-seo-wordpress\/ -->\n<title>Vice-governador do RS se manifesta sobre situa\u00e7\u00e3o da Languiru - Folha Popular<\/title>\n<meta name=\"robots\" content=\"index, follow, max-snippet:-1, max-image-preview:large, max-video-preview:-1\" \/>\n<link rel=\"canonical\" href=\"https:\/\/folhapopular.info\/index.php\/2023\/03\/28\/vice-governador-do-rs-se-manifesta-sobre-situacao-da-languiru\/\" \/>\n<meta property=\"og:locale\" content=\"pt_BR\" \/>\n<meta property=\"og:type\" content=\"article\" \/>\n<meta property=\"og:title\" content=\"Vice-governador do RS se manifesta sobre situa\u00e7\u00e3o da Languiru - Folha Popular\" \/>\n<meta property=\"og:description\" content=\"Durante sua palestra na reuni\u00e3o-almo\u00e7o da Associa\u00e7\u00e3o Comercial e Industrial (Acil) de Lajeado nesta ter\u00e7a-feira (28\/3), o vice-governador do RS, Gabriel Souza, abordou a situa\u00e7\u00e3o da Cooperativa Languiru. Segundo ele, desde a transi\u00e7\u00e3o o Governo vem acompanhando o assunto com grande cautela e preocupa\u00e7\u00e3o, mas ajudando no que \u00e9 poss\u00edvel. &#8220;Fomos procurados tamb\u00e9m pela Languiru [&hellip;]\" \/>\n<meta property=\"og:url\" content=\"https:\/\/folhapopular.info\/index.php\/2023\/03\/28\/vice-governador-do-rs-se-manifesta-sobre-situacao-da-languiru\/\" \/>\n<meta property=\"og:site_name\" content=\"Folha Popular\" \/>\n<meta property=\"article:published_time\" content=\"2023-03-28T17:29:43+00:00\" \/>\n<meta property=\"article:modified_time\" content=\"2023-03-28T17:30:48+00:00\" \/>\n<meta property=\"og:image\" content=\"http:\/\/folhapopular.info\/wp-content\/uploads\/2023\/03\/IMG_2168-scaled.jpg\" \/>\n\t<meta property=\"og:image:width\" content=\"2560\" \/>\n\t<meta property=\"og:image:height\" content=\"1920\" \/>\n\t<meta property=\"og:image:type\" content=\"image\/jpeg\" \/>\n<meta name=\"author\" content=\"Camille Lenz da Silva\" \/>\n<meta name=\"twitter:card\" content=\"summary_large_image\" \/>\n<meta name=\"twitter:label1\" content=\"Escrito por\" \/>\n\t<meta name=\"twitter:data1\" content=\"Camille Lenz da Silva\" \/>\n\t<meta name=\"twitter:label2\" content=\"Est. tempo de leitura\" \/>\n\t<meta name=\"twitter:data2\" content=\"2 minutos\" \/>\n<script type=\"application\/ld+json\" class=\"yoast-schema-graph\">{\"@context\":\"https:\\\/\\\/schema.org\",\"@graph\":[{\"@type\":\"Article\",\"@id\":\"https:\\\/\\\/folhapopular.info\\\/index.php\\\/2023\\\/03\\\/28\\\/vice-governador-do-rs-se-manifesta-sobre-situacao-da-languiru\\\/#article\",\"isPartOf\":{\"@id\":\"https:\\\/\\\/folhapopular.info\\\/index.php\\\/2023\\\/03\\\/28\\\/vice-governador-do-rs-se-manifesta-sobre-situacao-da-languiru\\\/\"},\"author\":{\"name\":\"Camille Lenz da Silva\",\"@id\":\"https:\\\/\\\/folhapopular.info\\\/#\\\/schema\\\/person\\\/f0b811f932ef2505faf473ffaef49df5\"},\"headline\":\"Vice-governador do RS se manifesta sobre situa\u00e7\u00e3o da Languiru\",\"datePublished\":\"2023-03-28T17:29:43+00:00\",\"dateModified\":\"2023-03-28T17:30:48+00:00\",\"mainEntityOfPage\":{\"@id\":\"https:\\\/\\\/folhapopular.info\\\/index.php\\\/2023\\\/03\\\/28\\\/vice-governador-do-rs-se-manifesta-sobre-situacao-da-languiru\\\/\"},\"wordCount\":363,\"commentCount\":0,\"image\":{\"@id\":\"https:\\\/\\\/folhapopular.info\\\/index.php\\\/2023\\\/03\\\/28\\\/vice-governador-do-rs-se-manifesta-sobre-situacao-da-languiru\\\/#primaryimage\"},\"thumbnailUrl\":\"https:\\\/\\\/folhapopular.info\\\/wp-content\\\/uploads\\\/2023\\\/03\\\/IMG_2168-scaled.jpg\",\"keywords\":[\"gabriel souza\",\"Languiru\"],\"articleSection\":[\"Coopop\",\"Destaques\",\"Economia\"],\"inLanguage\":\"pt-BR\",\"potentialAction\":[{\"@type\":\"CommentAction\",\"name\":\"Comment\",\"target\":[\"https:\\\/\\\/folhapopular.info\\\/index.php\\\/2023\\\/03\\\/28\\\/vice-governador-do-rs-se-manifesta-sobre-situacao-da-languiru\\\/#respond\"]}]},{\"@type\":\"WebPage\",\"@id\":\"https:\\\/\\\/folhapopular.info\\\/index.php\\\/2023\\\/03\\\/28\\\/vice-governador-do-rs-se-manifesta-sobre-situacao-da-languiru\\\/\",\"url\":\"https:\\\/\\\/folhapopular.info\\\/index.php\\\/2023\\\/03\\\/28\\\/vice-governador-do-rs-se-manifesta-sobre-situacao-da-languiru\\\/\",\"name\":\"Vice-governador do RS se manifesta sobre situa\u00e7\u00e3o da Languiru - Folha Popular\",\"isPartOf\":{\"@id\":\"https:\\\/\\\/folhapopular.info\\\/#website\"},\"primaryImageOfPage\":{\"@id\":\"https:\\\/\\\/folhapopular.info\\\/index.php\\\/2023\\\/03\\\/28\\\/vice-governador-do-rs-se-manifesta-sobre-situacao-da-languiru\\\/#primaryimage\"},\"image\":{\"@id\":\"https:\\\/\\\/folhapopular.info\\\/index.php\\\/2023\\\/03\\\/28\\\/vice-governador-do-rs-se-manifesta-sobre-situacao-da-languiru\\\/#primaryimage\"},\"thumbnailUrl\":\"https:\\\/\\\/folhapopular.info\\\/wp-content\\\/uploads\\\/2023\\\/03\\\/IMG_2168-scaled.jpg\",\"datePublished\":\"2023-03-28T17:29:43+00:00\",\"dateModified\":\"2023-03-28T17:30:48+00:00\",\"author\":{\"@id\":\"https:\\\/\\\/folhapopular.info\\\/#\\\/schema\\\/person\\\/f0b811f932ef2505faf473ffaef49df5\"},\"breadcrumb\":{\"@id\":\"https:\\\/\\\/folhapopular.info\\\/index.php\\\/2023\\\/03\\\/28\\\/vice-governador-do-rs-se-manifesta-sobre-situacao-da-languiru\\\/#breadcrumb\"},\"inLanguage\":\"pt-BR\",\"potentialAction\":[{\"@type\":\"ReadAction\",\"target\":[\"https:\\\/\\\/folhapopular.info\\\/index.php\\\/2023\\\/03\\\/28\\\/vice-governador-do-rs-se-manifesta-sobre-situacao-da-languiru\\\/\"]}]},{\"@type\":\"ImageObject\",\"inLanguage\":\"pt-BR\",\"@id\":\"https:\\\/\\\/folhapopular.info\\\/index.php\\\/2023\\\/03\\\/28\\\/vice-governador-do-rs-se-manifesta-sobre-situacao-da-languiru\\\/#primaryimage\",\"url\":\"https:\\\/\\\/folhapopular.info\\\/wp-content\\\/uploads\\\/2023\\\/03\\\/IMG_2168-scaled.jpg\",\"contentUrl\":\"https:\\\/\\\/folhapopular.info\\\/wp-content\\\/uploads\\\/2023\\\/03\\\/IMG_2168-scaled.jpg\",\"width\":2560,\"height\":1920,\"caption\":\"Cr\u00e9dito: Camille Lenz da Silva\"},{\"@type\":\"BreadcrumbList\",\"@id\":\"https:\\\/\\\/folhapopular.info\\\/index.php\\\/2023\\\/03\\\/28\\\/vice-governador-do-rs-se-manifesta-sobre-situacao-da-languiru\\\/#breadcrumb\",\"itemListElement\":[{\"@type\":\"ListItem\",\"position\":1,\"name\":\"In\u00edcio\",\"item\":\"https:\\\/\\\/folhapopular.info\\\/\"},{\"@type\":\"ListItem\",\"position\":2,\"name\":\"Vice-governador do RS se manifesta sobre situa\u00e7\u00e3o da Languiru\"}]},{\"@type\":\"WebSite\",\"@id\":\"https:\\\/\\\/folhapopular.info\\\/#website\",\"url\":\"https:\\\/\\\/folhapopular.info\\\/\",\"name\":\"Folha Popular\",\"description\":\"Onde voc\u00ea tem vez e voz\",\"potentialAction\":[{\"@type\":\"SearchAction\",\"target\":{\"@type\":\"EntryPoint\",\"urlTemplate\":\"https:\\\/\\\/folhapopular.info\\\/?s={search_term_string}\"},\"query-input\":{\"@type\":\"PropertyValueSpecification\",\"valueRequired\":true,\"valueName\":\"search_term_string\"}}],\"inLanguage\":\"pt-BR\"},{\"@type\":\"Person\",\"@id\":\"https:\\\/\\\/folhapopular.info\\\/#\\\/schema\\\/person\\\/f0b811f932ef2505faf473ffaef49df5\",\"name\":\"Camille Lenz da Silva\",\"image\":{\"@type\":\"ImageObject\",\"inLanguage\":\"pt-BR\",\"@id\":\"https:\\\/\\\/secure.gravatar.com\\\/avatar\\\/50be826d73ca259ec0e0a88a407f5de800c576c46cfdc57e50ef28551e216fff?s=96&d=mm&r=g\",\"url\":\"https:\\\/\\\/secure.gravatar.com\\\/avatar\\\/50be826d73ca259ec0e0a88a407f5de800c576c46cfdc57e50ef28551e216fff?s=96&d=mm&r=g\",\"contentUrl\":\"https:\\\/\\\/secure.gravatar.com\\\/avatar\\\/50be826d73ca259ec0e0a88a407f5de800c576c46cfdc57e50ef28551e216fff?s=96&d=mm&r=g\",\"caption\":\"Camille Lenz da Silva\"},\"url\":\"https:\\\/\\\/folhapopular.info\\\/index.php\\\/author\\\/camillelenzgmail-com\\\/\"}]}<\/script>\n<!-- \/ Yoast SEO plugin. -->","yoast_head_json":{"title":"Vice-governador do RS se manifesta sobre situa\u00e7\u00e3o da Languiru - Folha Popular","robots":{"index":"index","follow":"follow","max-snippet":"max-snippet:-1","max-image-preview":"max-image-preview:large","max-video-preview":"max-video-preview:-1"},"canonical":"https:\/\/folhapopular.info\/index.php\/2023\/03\/28\/vice-governador-do-rs-se-manifesta-sobre-situacao-da-languiru\/","og_locale":"pt_BR","og_type":"article","og_title":"Vice-governador do RS se manifesta sobre situa\u00e7\u00e3o da Languiru - Folha Popular","og_description":"Durante sua palestra na reuni\u00e3o-almo\u00e7o da Associa\u00e7\u00e3o Comercial e Industrial (Acil) de Lajeado nesta ter\u00e7a-feira (28\/3), o vice-governador do RS, Gabriel Souza, abordou a situa\u00e7\u00e3o da Cooperativa Languiru. Segundo ele, desde a transi\u00e7\u00e3o o Governo vem acompanhando o assunto com grande cautela e preocupa\u00e7\u00e3o, mas ajudando no que \u00e9 poss\u00edvel. &#8220;Fomos procurados tamb\u00e9m pela Languiru [&hellip;]","og_url":"https:\/\/folhapopular.info\/index.php\/2023\/03\/28\/vice-governador-do-rs-se-manifesta-sobre-situacao-da-languiru\/","og_site_name":"Folha Popular","article_published_time":"2023-03-28T17:29:43+00:00","article_modified_time":"2023-03-28T17:30:48+00:00","og_image":[{"width":2560,"height":1920,"url":"http:\/\/folhapopular.info\/wp-content\/uploads\/2023\/03\/IMG_2168-scaled.jpg","type":"image\/jpeg"}],"author":"Camille Lenz da Silva","twitter_card":"summary_large_image","twitter_misc":{"Escrito por":"Camille Lenz da Silva","Est. tempo de leitura":"2 minutos"},"schema":{"@context":"https:\/\/schema.org","@graph":[{"@type":"Article","@id":"https:\/\/folhapopular.info\/index.php\/2023\/03\/28\/vice-governador-do-rs-se-manifesta-sobre-situacao-da-languiru\/#article","isPartOf":{"@id":"https:\/\/folhapopular.info\/index.php\/2023\/03\/28\/vice-governador-do-rs-se-manifesta-sobre-situacao-da-languiru\/"},"author":{"name":"Camille Lenz da Silva","@id":"https:\/\/folhapopular.info\/#\/schema\/person\/f0b811f932ef2505faf473ffaef49df5"},"headline":"Vice-governador do RS se manifesta sobre situa\u00e7\u00e3o da Languiru","datePublished":"2023-03-28T17:29:43+00:00","dateModified":"2023-03-28T17:30:48+00:00","mainEntityOfPage":{"@id":"https:\/\/folhapopular.info\/index.php\/2023\/03\/28\/vice-governador-do-rs-se-manifesta-sobre-situacao-da-languiru\/"},"wordCount":363,"commentCount":0,"image":{"@id":"https:\/\/folhapopular.info\/index.php\/2023\/03\/28\/vice-governador-do-rs-se-manifesta-sobre-situacao-da-languiru\/#primaryimage"},"thumbnailUrl":"https:\/\/folhapopular.info\/wp-content\/uploads\/2023\/03\/IMG_2168-scaled.jpg","keywords":["gabriel souza","Languiru"],"articleSection":["Coopop","Destaques","Economia"],"inLanguage":"pt-BR","potentialAction":[{"@type":"CommentAction","name":"Comment","target":["https:\/\/folhapopular.info\/index.php\/2023\/03\/28\/vice-governador-do-rs-se-manifesta-sobre-situacao-da-languiru\/#respond"]}]},{"@type":"WebPage","@id":"https:\/\/folhapopular.info\/index.php\/2023\/03\/28\/vice-governador-do-rs-se-manifesta-sobre-situacao-da-languiru\/","url":"https:\/\/folhapopular.info\/index.php\/2023\/03\/28\/vice-governador-do-rs-se-manifesta-sobre-situacao-da-languiru\/","name":"Vice-governador do RS se manifesta sobre situa\u00e7\u00e3o da Languiru - Folha Popular","isPartOf":{"@id":"https:\/\/folhapopular.info\/#website"},"primaryImageOfPage":{"@id":"https:\/\/folhapopular.info\/index.php\/2023\/03\/28\/vice-governador-do-rs-se-manifesta-sobre-situacao-da-languiru\/#primaryimage"},"image":{"@id":"https:\/\/folhapopular.info\/index.php\/2023\/03\/28\/vice-governador-do-rs-se-manifesta-sobre-situacao-da-languiru\/#primaryimage"},"thumbnailUrl":"https:\/\/folhapopular.info\/wp-content\/uploads\/2023\/03\/IMG_2168-scaled.jpg","datePublished":"2023-03-28T17:29:43+00:00","dateModified":"2023-03-28T17:30:48+00:00","author":{"@id":"https:\/\/folhapopular.info\/#\/schema\/person\/f0b811f932ef2505faf473ffaef49df5"},"breadcrumb":{"@id":"https:\/\/folhapopular.info\/index.php\/2023\/03\/28\/vice-governador-do-rs-se-manifesta-sobre-situacao-da-languiru\/#breadcrumb"},"inLanguage":"pt-BR","potentialAction":[{"@type":"ReadAction","target":["https:\/\/folhapopular.info\/index.php\/2023\/03\/28\/vice-governador-do-rs-se-manifesta-sobre-situacao-da-languiru\/"]}]},{"@type":"ImageObject","inLanguage":"pt-BR","@id":"https:\/\/folhapopular.info\/index.php\/2023\/03\/28\/vice-governador-do-rs-se-manifesta-sobre-situacao-da-languiru\/#primaryimage","url":"https:\/\/folhapopular.info\/wp-content\/uploads\/2023\/03\/IMG_2168-scaled.jpg","contentUrl":"https:\/\/folhapopular.info\/wp-content\/uploads\/2023\/03\/IMG_2168-scaled.jpg","width":2560,"height":1920,"caption":"Cr\u00e9dito: Camille Lenz da Silva"},{"@type":"BreadcrumbList","@id":"https:\/\/folhapopular.info\/index.php\/2023\/03\/28\/vice-governador-do-rs-se-manifesta-sobre-situacao-da-languiru\/#breadcrumb","itemListElement":[{"@type":"ListItem","position":1,"name":"In\u00edcio","item":"https:\/\/folhapopular.info\/"},{"@type":"ListItem","position":2,"name":"Vice-governador do RS se manifesta sobre situa\u00e7\u00e3o da Languiru"}]},{"@type":"WebSite","@id":"https:\/\/folhapopular.info\/#website","url":"https:\/\/folhapopular.info\/","name":"Folha Popular","description":"Onde voc\u00ea tem vez e voz","potentialAction":[{"@type":"SearchAction","target":{"@type":"EntryPoint","urlTemplate":"https:\/\/folhapopular.info\/?s={search_term_string}"},"query-input":{"@type":"PropertyValueSpecification","valueRequired":true,"valueName":"search_term_string"}}],"inLanguage":"pt-BR"},{"@type":"Person","@id":"https:\/\/folhapopular.info\/#\/schema\/person\/f0b811f932ef2505faf473ffaef49df5","name":"Camille Lenz da Silva","image":{"@type":"ImageObject","inLanguage":"pt-BR","@id":"https:\/\/secure.gravatar.com\/avatar\/50be826d73ca259ec0e0a88a407f5de800c576c46cfdc57e50ef28551e216fff?s=96&d=mm&r=g","url":"https:\/\/secure.gravatar.com\/avatar\/50be826d73ca259ec0e0a88a407f5de800c576c46cfdc57e50ef28551e216fff?s=96&d=mm&r=g","contentUrl":"https:\/\/secure.gravatar.com\/avatar\/50be826d73ca259ec0e0a88a407f5de800c576c46cfdc57e50ef28551e216fff?s=96&d=mm&r=g","caption":"Camille Lenz da Silva"},"url":"https:\/\/folhapopular.info\/index.php\/author\/camillelenzgmail-com\/"}]}},"jetpack_featured_media_url":"https:\/\/folhapopular.info\/wp-content\/uploads\/2023\/03\/IMG_2168-scaled.jpg","jetpack_sharing_enabled":true,"amp_enabled":true,"_links":{"self":[{"href":"https:\/\/folhapopular.info\/index.php\/wp-json\/wp\/v2\/posts\/124353","targetHints":{"allow":["GET"]}}],"collection":[{"href":"https:\/\/folhapopular.info\/index.php\/wp-json\/wp\/v2\/posts"}],"about":[{"href":"https:\/\/folhapopular.info\/index.php\/wp-json\/wp\/v2\/types\/post"}],"author":[{"embeddable":true,"href":"https:\/\/folhapopular.info\/index.php\/wp-json\/wp\/v2\/users\/639"}],"replies":[{"embeddable":true,"href":"https:\/\/folhapopular.info\/index.php\/wp-json\/wp\/v2\/comments?post=124353"}],"version-history":[{"count":0,"href":"https:\/\/folhapopular.info\/index.php\/wp-json\/wp\/v2\/posts\/124353\/revisions"}],"wp:featuredmedia":[{"embeddable":true,"href":"https:\/\/folhapopular.info\/index.php\/wp-json\/wp\/v2\/media\/124355"}],"wp:attachment":[{"href":"https:\/\/folhapopular.info\/index.php\/wp-json\/wp\/v2\/media?parent=124353"}],"wp:term":[{"taxonomy":"category","embeddable":true,"href":"https:\/\/folhapopular.info\/index.php\/wp-json\/wp\/v2\/categories?post=124353"},{"taxonomy":"post_tag","embeddable":true,"href":"https:\/\/folhapopular.info\/index.php\/wp-json\/wp\/v2\/tags?post=124353"}],"curies":[{"name":"wp","href":"https:\/\/api.w.org\/{rel}","templated":true}]}}