{"id":124431,"date":"2023-03-28T18:15:00","date_gmt":"2023-03-28T21:15:00","guid":{"rendered":"https:\/\/folhapopular.info\/?p=124431"},"modified":"2023-03-28T17:54:30","modified_gmt":"2023-03-28T20:54:30","slug":"gabriel-souza-detalha-frentes-de-atuacao-para-a-educacao-no-estado","status":"publish","type":"post","link":"https:\/\/folhapopular.info\/index.php\/2023\/03\/28\/gabriel-souza-detalha-frentes-de-atuacao-para-a-educacao-no-estado\/","title":{"rendered":"Gabriel Souza detalha frentes de atua\u00e7\u00e3o para a educa\u00e7\u00e3o no Estado"},"content":{"rendered":"\n<p>A segunda reuni\u00e3o-almo\u00e7o de 2023 da Associa\u00e7\u00e3o Comercial e Industrial de Lajeado (Acil) teve a presen\u00e7a do vice-governador do RS, Gabriel Souza. Durante o evento, realizado em parceria com a C\u00e2mara de Ind\u00fastria, Com\u00e9rcio e Servi\u00e7os do Vale do Taquari (CIC-VT), ele abordou a educa\u00e7\u00e3o no Estado, foco principal do segundo mandato de Eduardo Leite. <\/p>\n\n\n\n<p>Inicialmente, Souza fez um apanhado sobre as transforma\u00e7\u00f5es sociais e econ\u00f4micas vividas no RS, como a queda na natalidade, a evas\u00e3o para outros estados como Santa Catarina e a redu\u00e7\u00e3o do capital humano. \u201cEsse movimento mostra que precisamos melhorar o desempenho e a performance do Estado, investindo nas pessoas&#8221;, citou. <\/p>\n\n\n\n<p>O ex-deputado lembrou do trabalho na primeira gest\u00e3o de Leite para equilibrar as contas do Estado. \u201cO RS tinha mais despesas do que receita e, como em uma empresa privada, essa soma n\u00e3o batia. Colocamos as contas em dia para ent\u00e3o realizar investimentos&#8221;, comentou. <\/p>\n\n\n\n<h2 class=\"wp-block-heading\"><strong>Educa\u00e7\u00e3o<\/strong><\/h2>\n\n\n\n<p>Segundo o vice-governador, a educa\u00e7\u00e3o \u00e9 a chave para o crescimento do Estado, buscando reter e atrair novos talentos e investimentos para o RS. \u201cPara esse crescimento, precisamos de capital humano preparado, e por isso buscamos encabe\u00e7ar as mudan\u00e7as com a cria\u00e7\u00e3o de um Gabinete de Projetos Especiais, encabe\u00e7ado por mim e que envolve seis programas: Todo Jovem na Escola, Professor do Amanh\u00e3o, Jovem Aprendiz, South Summit, Primeira Inf\u00e2ncia e Opera\u00e7\u00e3o Ver\u00e3o&#8221;, pontuou.<\/p>\n\n\n\n<h3 class=\"wp-block-heading\"><strong>Todo Jovem na Escola<\/strong><\/h3>\n\n\n\n<p>O projeto Todo Jovem na Escola visa tornar a educa\u00e7\u00e3o mais atrativa para os jovens do Ensino M\u00e9dio, evitando assim sua evas\u00e3o escolar. Criado no fim de 2021, a a\u00e7\u00e3o garante o pagamento de bolsas no valor de R$ 150 mensais a estudantes de baixa renda cadastrados no Cad\u00danico que mantenham a frequ\u00eancia de 75% nas aulas. <\/p>\n\n\n\n<p>Em Lajeado, foram pagas 280 bolsas do programa Todo Jovem na Escola a estudantes do munic\u00edpio entre dezembro de 2021 e outubro de 2022. No total, foram R$ 503.850 destinados em bolsas de perman\u00eancia para estudantes em situa\u00e7\u00e3o de vulnerabilidade das escolas p\u00fablicas estaduais.<\/p>\n\n\n\n<h3 class=\"wp-block-heading\"><strong>Professor do Amanh\u00e3<\/strong><\/h3>\n\n\n\n<p>Souza citou tamb\u00e9m a grande dificuldade de formar professores, que o governo buscar\u00e1 sanar com o programa Professor do Amanh\u00e3. Com ele, ser\u00e3o compradas vagas em institui\u00e7\u00f5es de ensino comunit\u00e1rias do RS, como a Univates, para formar professores de licenciatura em \u00e1reas estrat\u00e9gicas para o fortalecimento da educa\u00e7\u00e3o b\u00e1sica do Estado. <\/p>\n\n\n\n<h2 class=\"wp-block-heading\"><strong>Regi\u00e3o<\/strong><\/h2>\n\n\n\n<p>O vice-governador tamb\u00e9m trouxe n\u00fameros sobre os investimentos realizados no Vale do Taquari e em Lajeado. Quando \u00e0 quest\u00e3o das concess\u00f5es, disse que a proposta anterior suspendida serviu de li\u00e7\u00e3o, e o governo n\u00e3o far\u00e1 mais propostas sem di\u00e1logo pr\u00e9vio com a comunidade.<\/p>\n\n\n\n<p>Ainda, citou o leil\u00e3o da Corsan, em uma chamada aos prefeitos presentes: &#8220;Preparem os projetos, pois assim que liberarem os recursos, vamos cham\u00e1-los para tratativas.&#8221;<\/p>\n\n\n\n<p>Por \u00faltimo, abordou a <a href=\"https:\/\/folhapopular.info\/index.php\/2023\/03\/28\/vice-governador-do-rs-se-manifesta-sobre-situacao-da-languiru\/\">posi\u00e7\u00e3o do Governo Estadual em rela\u00e7\u00e3o \u00e0 situa\u00e7\u00e3o da Languiru<\/a>. <\/p>\n\n\n\n<p>Mais detalhes sobre a segunda edi\u00e7\u00e3o da reuni\u00e3o-almo\u00e7o da Acil em 2023 voc\u00ea confere na edi\u00e7\u00e3o impressa da Folha Popular do pr\u00f3ximo s\u00e1bado (1\u00ba\/4). <\/p>\n","protected":false},"excerpt":{"rendered":"<p>A segunda reuni\u00e3o-almo\u00e7o de 2023 da Associa\u00e7\u00e3o Comercial e Industrial de Lajeado (Acil) teve a presen\u00e7a do vice-governador do RS, Gabriel Souza. Durante o evento, realizado em parceria com a C\u00e2mara de Ind\u00fastria, Com\u00e9rcio e Servi\u00e7os do Vale do Taquari (CIC-VT), ele abordou a educa\u00e7\u00e3o no Estado, foco principal do segundo mandato de Eduardo Leite. [&hellip;]<\/p>\n","protected":false},"author":639,"featured_media":124433,"comment_status":"open","ping_status":"open","sticky":false,"template":"","format":"standard","meta":{"pmpro_default_level":"","_jetpack_memberships_contains_paid_content":false,"footnotes":""},"categories":[2,10985],"tags":[214,11462,27,11463],"class_list":{"0":"post-124431","1":"post","2":"type-post","3":"status-publish","4":"format-standard","5":"has-post-thumbnail","7":"category-featured","8":"category-politica","9":"tag-acil","10":"tag-gabriel-souza","11":"tag-lajeado","12":"tag-vice-governador","13":"pmpro-has-access"},"yoast_head":"<!-- This site is optimized with the Yoast SEO plugin v27.5 - https:\/\/yoast.com\/product\/yoast-seo-wordpress\/ -->\n<title>Gabriel Souza detalha frentes de atua\u00e7\u00e3o para a educa\u00e7\u00e3o no Estado - Folha Popular<\/title>\n<meta name=\"robots\" content=\"index, follow, max-snippet:-1, max-image-preview:large, max-video-preview:-1\" \/>\n<link rel=\"canonical\" href=\"https:\/\/folhapopular.info\/index.php\/2023\/03\/28\/gabriel-souza-detalha-frentes-de-atuacao-para-a-educacao-no-estado\/\" \/>\n<meta property=\"og:locale\" content=\"pt_BR\" \/>\n<meta property=\"og:type\" content=\"article\" \/>\n<meta property=\"og:title\" content=\"Gabriel Souza detalha frentes de atua\u00e7\u00e3o para a educa\u00e7\u00e3o no Estado - Folha Popular\" \/>\n<meta property=\"og:description\" content=\"A segunda reuni\u00e3o-almo\u00e7o de 2023 da Associa\u00e7\u00e3o Comercial e Industrial de Lajeado (Acil) teve a presen\u00e7a do vice-governador do RS, Gabriel Souza. Durante o evento, realizado em parceria com a C\u00e2mara de Ind\u00fastria, Com\u00e9rcio e Servi\u00e7os do Vale do Taquari (CIC-VT), ele abordou a educa\u00e7\u00e3o no Estado, foco principal do segundo mandato de Eduardo Leite. [&hellip;]\" \/>\n<meta property=\"og:url\" content=\"https:\/\/folhapopular.info\/index.php\/2023\/03\/28\/gabriel-souza-detalha-frentes-de-atuacao-para-a-educacao-no-estado\/\" \/>\n<meta property=\"og:site_name\" content=\"Folha Popular\" \/>\n<meta property=\"article:published_time\" content=\"2023-03-28T21:15:00+00:00\" \/>\n<meta property=\"og:image\" content=\"https:\/\/folhapopular.info\/wp-content\/uploads\/2023\/03\/IMG_2181-scaled.jpg\" \/>\n\t<meta property=\"og:image:width\" content=\"2560\" \/>\n\t<meta property=\"og:image:height\" content=\"1920\" \/>\n\t<meta property=\"og:image:type\" content=\"image\/jpeg\" \/>\n<meta name=\"author\" content=\"Camille Lenz da Silva\" \/>\n<meta name=\"twitter:card\" content=\"summary_large_image\" \/>\n<meta name=\"twitter:label1\" content=\"Escrito por\" \/>\n\t<meta name=\"twitter:data1\" content=\"Camille Lenz da Silva\" \/>\n\t<meta name=\"twitter:label2\" content=\"Est. tempo de leitura\" \/>\n\t<meta name=\"twitter:data2\" content=\"3 minutos\" \/>\n<script type=\"application\/ld+json\" class=\"yoast-schema-graph\">{\"@context\":\"https:\\\/\\\/schema.org\",\"@graph\":[{\"@type\":\"Article\",\"@id\":\"https:\\\/\\\/folhapopular.info\\\/index.php\\\/2023\\\/03\\\/28\\\/gabriel-souza-detalha-frentes-de-atuacao-para-a-educacao-no-estado\\\/#article\",\"isPartOf\":{\"@id\":\"https:\\\/\\\/folhapopular.info\\\/index.php\\\/2023\\\/03\\\/28\\\/gabriel-souza-detalha-frentes-de-atuacao-para-a-educacao-no-estado\\\/\"},\"author\":{\"name\":\"Camille Lenz da Silva\",\"@id\":\"https:\\\/\\\/folhapopular.info\\\/#\\\/schema\\\/person\\\/f0b811f932ef2505faf473ffaef49df5\"},\"headline\":\"Gabriel Souza detalha frentes de atua\u00e7\u00e3o para a educa\u00e7\u00e3o no Estado\",\"datePublished\":\"2023-03-28T21:15:00+00:00\",\"mainEntityOfPage\":{\"@id\":\"https:\\\/\\\/folhapopular.info\\\/index.php\\\/2023\\\/03\\\/28\\\/gabriel-souza-detalha-frentes-de-atuacao-para-a-educacao-no-estado\\\/\"},\"wordCount\":552,\"commentCount\":0,\"image\":{\"@id\":\"https:\\\/\\\/folhapopular.info\\\/index.php\\\/2023\\\/03\\\/28\\\/gabriel-souza-detalha-frentes-de-atuacao-para-a-educacao-no-estado\\\/#primaryimage\"},\"thumbnailUrl\":\"https:\\\/\\\/folhapopular.info\\\/wp-content\\\/uploads\\\/2023\\\/03\\\/IMG_2181-scaled.jpg\",\"keywords\":[\"Acil\",\"gabriel souza\",\"Lajeado\",\"vice-governador\"],\"articleSection\":[\"Destaques\",\"Pol\u00edtica\"],\"inLanguage\":\"pt-BR\",\"potentialAction\":[{\"@type\":\"CommentAction\",\"name\":\"Comment\",\"target\":[\"https:\\\/\\\/folhapopular.info\\\/index.php\\\/2023\\\/03\\\/28\\\/gabriel-souza-detalha-frentes-de-atuacao-para-a-educacao-no-estado\\\/#respond\"]}]},{\"@type\":\"WebPage\",\"@id\":\"https:\\\/\\\/folhapopular.info\\\/index.php\\\/2023\\\/03\\\/28\\\/gabriel-souza-detalha-frentes-de-atuacao-para-a-educacao-no-estado\\\/\",\"url\":\"https:\\\/\\\/folhapopular.info\\\/index.php\\\/2023\\\/03\\\/28\\\/gabriel-souza-detalha-frentes-de-atuacao-para-a-educacao-no-estado\\\/\",\"name\":\"Gabriel Souza detalha frentes de atua\u00e7\u00e3o para a educa\u00e7\u00e3o no Estado - Folha Popular\",\"isPartOf\":{\"@id\":\"https:\\\/\\\/folhapopular.info\\\/#website\"},\"primaryImageOfPage\":{\"@id\":\"https:\\\/\\\/folhapopular.info\\\/index.php\\\/2023\\\/03\\\/28\\\/gabriel-souza-detalha-frentes-de-atuacao-para-a-educacao-no-estado\\\/#primaryimage\"},\"image\":{\"@id\":\"https:\\\/\\\/folhapopular.info\\\/index.php\\\/2023\\\/03\\\/28\\\/gabriel-souza-detalha-frentes-de-atuacao-para-a-educacao-no-estado\\\/#primaryimage\"},\"thumbnailUrl\":\"https:\\\/\\\/folhapopular.info\\\/wp-content\\\/uploads\\\/2023\\\/03\\\/IMG_2181-scaled.jpg\",\"datePublished\":\"2023-03-28T21:15:00+00:00\",\"author\":{\"@id\":\"https:\\\/\\\/folhapopular.info\\\/#\\\/schema\\\/person\\\/f0b811f932ef2505faf473ffaef49df5\"},\"breadcrumb\":{\"@id\":\"https:\\\/\\\/folhapopular.info\\\/index.php\\\/2023\\\/03\\\/28\\\/gabriel-souza-detalha-frentes-de-atuacao-para-a-educacao-no-estado\\\/#breadcrumb\"},\"inLanguage\":\"pt-BR\",\"potentialAction\":[{\"@type\":\"ReadAction\",\"target\":[\"https:\\\/\\\/folhapopular.info\\\/index.php\\\/2023\\\/03\\\/28\\\/gabriel-souza-detalha-frentes-de-atuacao-para-a-educacao-no-estado\\\/\"]}]},{\"@type\":\"ImageObject\",\"inLanguage\":\"pt-BR\",\"@id\":\"https:\\\/\\\/folhapopular.info\\\/index.php\\\/2023\\\/03\\\/28\\\/gabriel-souza-detalha-frentes-de-atuacao-para-a-educacao-no-estado\\\/#primaryimage\",\"url\":\"https:\\\/\\\/folhapopular.info\\\/wp-content\\\/uploads\\\/2023\\\/03\\\/IMG_2181-scaled.jpg\",\"contentUrl\":\"https:\\\/\\\/folhapopular.info\\\/wp-content\\\/uploads\\\/2023\\\/03\\\/IMG_2181-scaled.jpg\",\"width\":2560,\"height\":1920,\"caption\":\"Cr\u00e9ditos: Camille Lenz da Silva\"},{\"@type\":\"BreadcrumbList\",\"@id\":\"https:\\\/\\\/folhapopular.info\\\/index.php\\\/2023\\\/03\\\/28\\\/gabriel-souza-detalha-frentes-de-atuacao-para-a-educacao-no-estado\\\/#breadcrumb\",\"itemListElement\":[{\"@type\":\"ListItem\",\"position\":1,\"name\":\"In\u00edcio\",\"item\":\"https:\\\/\\\/folhapopular.info\\\/\"},{\"@type\":\"ListItem\",\"position\":2,\"name\":\"Gabriel Souza detalha frentes de atua\u00e7\u00e3o para a educa\u00e7\u00e3o no Estado\"}]},{\"@type\":\"WebSite\",\"@id\":\"https:\\\/\\\/folhapopular.info\\\/#website\",\"url\":\"https:\\\/\\\/folhapopular.info\\\/\",\"name\":\"Folha Popular\",\"description\":\"Onde voc\u00ea tem vez e voz\",\"potentialAction\":[{\"@type\":\"SearchAction\",\"target\":{\"@type\":\"EntryPoint\",\"urlTemplate\":\"https:\\\/\\\/folhapopular.info\\\/?s={search_term_string}\"},\"query-input\":{\"@type\":\"PropertyValueSpecification\",\"valueRequired\":true,\"valueName\":\"search_term_string\"}}],\"inLanguage\":\"pt-BR\"},{\"@type\":\"Person\",\"@id\":\"https:\\\/\\\/folhapopular.info\\\/#\\\/schema\\\/person\\\/f0b811f932ef2505faf473ffaef49df5\",\"name\":\"Camille Lenz da Silva\",\"image\":{\"@type\":\"ImageObject\",\"inLanguage\":\"pt-BR\",\"@id\":\"https:\\\/\\\/secure.gravatar.com\\\/avatar\\\/50be826d73ca259ec0e0a88a407f5de800c576c46cfdc57e50ef28551e216fff?s=96&d=mm&r=g\",\"url\":\"https:\\\/\\\/secure.gravatar.com\\\/avatar\\\/50be826d73ca259ec0e0a88a407f5de800c576c46cfdc57e50ef28551e216fff?s=96&d=mm&r=g\",\"contentUrl\":\"https:\\\/\\\/secure.gravatar.com\\\/avatar\\\/50be826d73ca259ec0e0a88a407f5de800c576c46cfdc57e50ef28551e216fff?s=96&d=mm&r=g\",\"caption\":\"Camille Lenz da Silva\"},\"url\":\"https:\\\/\\\/folhapopular.info\\\/index.php\\\/author\\\/camillelenzgmail-com\\\/\"}]}<\/script>\n<!-- \/ Yoast SEO plugin. -->","yoast_head_json":{"title":"Gabriel Souza detalha frentes de atua\u00e7\u00e3o para a educa\u00e7\u00e3o no Estado - Folha Popular","robots":{"index":"index","follow":"follow","max-snippet":"max-snippet:-1","max-image-preview":"max-image-preview:large","max-video-preview":"max-video-preview:-1"},"canonical":"https:\/\/folhapopular.info\/index.php\/2023\/03\/28\/gabriel-souza-detalha-frentes-de-atuacao-para-a-educacao-no-estado\/","og_locale":"pt_BR","og_type":"article","og_title":"Gabriel Souza detalha frentes de atua\u00e7\u00e3o para a educa\u00e7\u00e3o no Estado - Folha Popular","og_description":"A segunda reuni\u00e3o-almo\u00e7o de 2023 da Associa\u00e7\u00e3o Comercial e Industrial de Lajeado (Acil) teve a presen\u00e7a do vice-governador do RS, Gabriel Souza. Durante o evento, realizado em parceria com a C\u00e2mara de Ind\u00fastria, Com\u00e9rcio e Servi\u00e7os do Vale do Taquari (CIC-VT), ele abordou a educa\u00e7\u00e3o no Estado, foco principal do segundo mandato de Eduardo Leite. [&hellip;]","og_url":"https:\/\/folhapopular.info\/index.php\/2023\/03\/28\/gabriel-souza-detalha-frentes-de-atuacao-para-a-educacao-no-estado\/","og_site_name":"Folha Popular","article_published_time":"2023-03-28T21:15:00+00:00","og_image":[{"width":2560,"height":1920,"url":"https:\/\/folhapopular.info\/wp-content\/uploads\/2023\/03\/IMG_2181-scaled.jpg","type":"image\/jpeg"}],"author":"Camille Lenz da Silva","twitter_card":"summary_large_image","twitter_misc":{"Escrito por":"Camille Lenz da Silva","Est. tempo de leitura":"3 minutos"},"schema":{"@context":"https:\/\/schema.org","@graph":[{"@type":"Article","@id":"https:\/\/folhapopular.info\/index.php\/2023\/03\/28\/gabriel-souza-detalha-frentes-de-atuacao-para-a-educacao-no-estado\/#article","isPartOf":{"@id":"https:\/\/folhapopular.info\/index.php\/2023\/03\/28\/gabriel-souza-detalha-frentes-de-atuacao-para-a-educacao-no-estado\/"},"author":{"name":"Camille Lenz da Silva","@id":"https:\/\/folhapopular.info\/#\/schema\/person\/f0b811f932ef2505faf473ffaef49df5"},"headline":"Gabriel Souza detalha frentes de atua\u00e7\u00e3o para a educa\u00e7\u00e3o no Estado","datePublished":"2023-03-28T21:15:00+00:00","mainEntityOfPage":{"@id":"https:\/\/folhapopular.info\/index.php\/2023\/03\/28\/gabriel-souza-detalha-frentes-de-atuacao-para-a-educacao-no-estado\/"},"wordCount":552,"commentCount":0,"image":{"@id":"https:\/\/folhapopular.info\/index.php\/2023\/03\/28\/gabriel-souza-detalha-frentes-de-atuacao-para-a-educacao-no-estado\/#primaryimage"},"thumbnailUrl":"https:\/\/folhapopular.info\/wp-content\/uploads\/2023\/03\/IMG_2181-scaled.jpg","keywords":["Acil","gabriel souza","Lajeado","vice-governador"],"articleSection":["Destaques","Pol\u00edtica"],"inLanguage":"pt-BR","potentialAction":[{"@type":"CommentAction","name":"Comment","target":["https:\/\/folhapopular.info\/index.php\/2023\/03\/28\/gabriel-souza-detalha-frentes-de-atuacao-para-a-educacao-no-estado\/#respond"]}]},{"@type":"WebPage","@id":"https:\/\/folhapopular.info\/index.php\/2023\/03\/28\/gabriel-souza-detalha-frentes-de-atuacao-para-a-educacao-no-estado\/","url":"https:\/\/folhapopular.info\/index.php\/2023\/03\/28\/gabriel-souza-detalha-frentes-de-atuacao-para-a-educacao-no-estado\/","name":"Gabriel Souza detalha frentes de atua\u00e7\u00e3o para a educa\u00e7\u00e3o no Estado - Folha Popular","isPartOf":{"@id":"https:\/\/folhapopular.info\/#website"},"primaryImageOfPage":{"@id":"https:\/\/folhapopular.info\/index.php\/2023\/03\/28\/gabriel-souza-detalha-frentes-de-atuacao-para-a-educacao-no-estado\/#primaryimage"},"image":{"@id":"https:\/\/folhapopular.info\/index.php\/2023\/03\/28\/gabriel-souza-detalha-frentes-de-atuacao-para-a-educacao-no-estado\/#primaryimage"},"thumbnailUrl":"https:\/\/folhapopular.info\/wp-content\/uploads\/2023\/03\/IMG_2181-scaled.jpg","datePublished":"2023-03-28T21:15:00+00:00","author":{"@id":"https:\/\/folhapopular.info\/#\/schema\/person\/f0b811f932ef2505faf473ffaef49df5"},"breadcrumb":{"@id":"https:\/\/folhapopular.info\/index.php\/2023\/03\/28\/gabriel-souza-detalha-frentes-de-atuacao-para-a-educacao-no-estado\/#breadcrumb"},"inLanguage":"pt-BR","potentialAction":[{"@type":"ReadAction","target":["https:\/\/folhapopular.info\/index.php\/2023\/03\/28\/gabriel-souza-detalha-frentes-de-atuacao-para-a-educacao-no-estado\/"]}]},{"@type":"ImageObject","inLanguage":"pt-BR","@id":"https:\/\/folhapopular.info\/index.php\/2023\/03\/28\/gabriel-souza-detalha-frentes-de-atuacao-para-a-educacao-no-estado\/#primaryimage","url":"https:\/\/folhapopular.info\/wp-content\/uploads\/2023\/03\/IMG_2181-scaled.jpg","contentUrl":"https:\/\/folhapopular.info\/wp-content\/uploads\/2023\/03\/IMG_2181-scaled.jpg","width":2560,"height":1920,"caption":"Cr\u00e9ditos: Camille Lenz da Silva"},{"@type":"BreadcrumbList","@id":"https:\/\/folhapopular.info\/index.php\/2023\/03\/28\/gabriel-souza-detalha-frentes-de-atuacao-para-a-educacao-no-estado\/#breadcrumb","itemListElement":[{"@type":"ListItem","position":1,"name":"In\u00edcio","item":"https:\/\/folhapopular.info\/"},{"@type":"ListItem","position":2,"name":"Gabriel Souza detalha frentes de atua\u00e7\u00e3o para a educa\u00e7\u00e3o no Estado"}]},{"@type":"WebSite","@id":"https:\/\/folhapopular.info\/#website","url":"https:\/\/folhapopular.info\/","name":"Folha Popular","description":"Onde voc\u00ea tem vez e voz","potentialAction":[{"@type":"SearchAction","target":{"@type":"EntryPoint","urlTemplate":"https:\/\/folhapopular.info\/?s={search_term_string}"},"query-input":{"@type":"PropertyValueSpecification","valueRequired":true,"valueName":"search_term_string"}}],"inLanguage":"pt-BR"},{"@type":"Person","@id":"https:\/\/folhapopular.info\/#\/schema\/person\/f0b811f932ef2505faf473ffaef49df5","name":"Camille Lenz da Silva","image":{"@type":"ImageObject","inLanguage":"pt-BR","@id":"https:\/\/secure.gravatar.com\/avatar\/50be826d73ca259ec0e0a88a407f5de800c576c46cfdc57e50ef28551e216fff?s=96&d=mm&r=g","url":"https:\/\/secure.gravatar.com\/avatar\/50be826d73ca259ec0e0a88a407f5de800c576c46cfdc57e50ef28551e216fff?s=96&d=mm&r=g","contentUrl":"https:\/\/secure.gravatar.com\/avatar\/50be826d73ca259ec0e0a88a407f5de800c576c46cfdc57e50ef28551e216fff?s=96&d=mm&r=g","caption":"Camille Lenz da Silva"},"url":"https:\/\/folhapopular.info\/index.php\/author\/camillelenzgmail-com\/"}]}},"jetpack_featured_media_url":"https:\/\/folhapopular.info\/wp-content\/uploads\/2023\/03\/IMG_2181-scaled.jpg","jetpack_sharing_enabled":true,"amp_enabled":true,"_links":{"self":[{"href":"https:\/\/folhapopular.info\/index.php\/wp-json\/wp\/v2\/posts\/124431","targetHints":{"allow":["GET"]}}],"collection":[{"href":"https:\/\/folhapopular.info\/index.php\/wp-json\/wp\/v2\/posts"}],"about":[{"href":"https:\/\/folhapopular.info\/index.php\/wp-json\/wp\/v2\/types\/post"}],"author":[{"embeddable":true,"href":"https:\/\/folhapopular.info\/index.php\/wp-json\/wp\/v2\/users\/639"}],"replies":[{"embeddable":true,"href":"https:\/\/folhapopular.info\/index.php\/wp-json\/wp\/v2\/comments?post=124431"}],"version-history":[{"count":0,"href":"https:\/\/folhapopular.info\/index.php\/wp-json\/wp\/v2\/posts\/124431\/revisions"}],"wp:featuredmedia":[{"embeddable":true,"href":"https:\/\/folhapopular.info\/index.php\/wp-json\/wp\/v2\/media\/124433"}],"wp:attachment":[{"href":"https:\/\/folhapopular.info\/index.php\/wp-json\/wp\/v2\/media?parent=124431"}],"wp:term":[{"taxonomy":"category","embeddable":true,"href":"https:\/\/folhapopular.info\/index.php\/wp-json\/wp\/v2\/categories?post=124431"},{"taxonomy":"post_tag","embeddable":true,"href":"https:\/\/folhapopular.info\/index.php\/wp-json\/wp\/v2\/tags?post=124431"}],"curies":[{"name":"wp","href":"https:\/\/api.w.org\/{rel}","templated":true}]}}