{"id":124442,"date":"2023-03-29T08:40:11","date_gmt":"2023-03-29T11:40:11","guid":{"rendered":"https:\/\/folhapopular.info\/?p=124442"},"modified":"2023-03-29T08:40:14","modified_gmt":"2023-03-29T11:40:14","slug":"paverama-promove-noite-para-elas-nesta-quarta-feira","status":"publish","type":"post","link":"https:\/\/folhapopular.info\/index.php\/2023\/03\/29\/paverama-promove-noite-para-elas-nesta-quarta-feira\/","title":{"rendered":"Paverama promove Noite para Elas nesta quarta-feira"},"content":{"rendered":"\n<p>Na noite desta quarta-feira (29\/3), a Administra\u00e7\u00e3o de Paverama promover\u00e1 o Noite para Elas. O evento \u00e9 alusivo ao Dia Internacional da Mulher e trar\u00e1 tr\u00eas momentos com diferentes palestrantes, dentre os quais o Instituto IMAMA do Rio Grande do Sul, a advogada Paola Stroschoen Pinent e a psic\u00f3loga Vit\u00f3ria Porto.<\/p>\n\n\n\n<p>O momento inicia \u00e0s 19h no Centro Cultural Evang\u00e9lico e ter\u00e1 entrada gratuita. Al\u00e9m do espa\u00e7o de debate, o Noite para Elas tamb\u00e9m ter\u00e1 sorteios e <em>coffee break<\/em>. A programa\u00e7\u00e3o \u00e9 promovida pela Administra\u00e7\u00e3o e tem o apoio da Cooperativa Sicredi.<\/p>\n","protected":false},"excerpt":{"rendered":"<p>Na noite desta quarta-feira (29\/3), a Administra\u00e7\u00e3o de Paverama promover\u00e1 o Noite para Elas. O evento \u00e9 alusivo ao Dia Internacional da Mulher e trar\u00e1 tr\u00eas momentos com diferentes palestrantes, dentre os quais o Instituto IMAMA do Rio Grande do Sul, a advogada Paola Stroschoen Pinent e a psic\u00f3loga Vit\u00f3ria Porto. O momento inicia \u00e0s [&hellip;]<\/p>\n","protected":false},"author":636,"featured_media":124472,"comment_status":"open","ping_status":"open","sticky":false,"template":"","format":"standard","meta":{"pmpro_default_level":"","_jetpack_memberships_contains_paid_content":false,"footnotes":""},"categories":[2,10999,6],"tags":[4227,11486,11485,1402,46],"class_list":{"0":"post-124442","1":"post","2":"type-post","3":"status-publish","4":"format-standard","5":"has-post-thumbnail","7":"category-featured","8":"category-entretenimento","9":"category-inclusive","10":"tag-dia-internacional-da-mulher","11":"tag-imama-rs","12":"tag-noite-para-elas","13":"tag-palestras","14":"tag-paverama","15":"pmpro-has-access"},"yoast_head":"<!-- This site is optimized with the Yoast SEO plugin v27.5 - https:\/\/yoast.com\/product\/yoast-seo-wordpress\/ -->\n<title>Paverama promove Noite para Elas nesta quarta-feira - Folha Popular<\/title>\n<meta name=\"robots\" content=\"index, follow, max-snippet:-1, max-image-preview:large, max-video-preview:-1\" \/>\n<link rel=\"canonical\" href=\"https:\/\/folhapopular.info\/index.php\/2023\/03\/29\/paverama-promove-noite-para-elas-nesta-quarta-feira\/\" \/>\n<meta property=\"og:locale\" content=\"pt_BR\" \/>\n<meta property=\"og:type\" content=\"article\" \/>\n<meta property=\"og:title\" content=\"Paverama promove Noite para Elas nesta quarta-feira - Folha Popular\" \/>\n<meta property=\"og:description\" content=\"Na noite desta quarta-feira (29\/3), a Administra\u00e7\u00e3o de Paverama promover\u00e1 o Noite para Elas. O evento \u00e9 alusivo ao Dia Internacional da Mulher e trar\u00e1 tr\u00eas momentos com diferentes palestrantes, dentre os quais o Instituto IMAMA do Rio Grande do Sul, a advogada Paola Stroschoen Pinent e a psic\u00f3loga Vit\u00f3ria Porto. O momento inicia \u00e0s [&hellip;]\" \/>\n<meta property=\"og:url\" content=\"https:\/\/folhapopular.info\/index.php\/2023\/03\/29\/paverama-promove-noite-para-elas-nesta-quarta-feira\/\" \/>\n<meta property=\"og:site_name\" content=\"Folha Popular\" \/>\n<meta property=\"article:published_time\" content=\"2023-03-29T11:40:11+00:00\" \/>\n<meta property=\"article:modified_time\" content=\"2023-03-29T11:40:14+00:00\" \/>\n<meta property=\"og:image\" content=\"http:\/\/folhapopular.info\/wp-content\/uploads\/2023\/03\/WhatsApp-Image-2023-03-29-at-08.16.38-e1680089644986.jpeg\" \/>\n\t<meta property=\"og:image:width\" content=\"899\" \/>\n\t<meta property=\"og:image:height\" content=\"627\" \/>\n\t<meta property=\"og:image:type\" content=\"image\/jpeg\" \/>\n<meta name=\"author\" content=\"Keila Gr\u00e4ff Anhaia\" \/>\n<meta name=\"twitter:card\" content=\"summary_large_image\" \/>\n<meta name=\"twitter:label1\" content=\"Escrito por\" \/>\n\t<meta name=\"twitter:data1\" content=\"Keila Gr\u00e4ff Anhaia\" \/>\n\t<meta name=\"twitter:label2\" content=\"Est. tempo de leitura\" \/>\n\t<meta name=\"twitter:data2\" content=\"1 minuto\" \/>\n<script type=\"application\/ld+json\" class=\"yoast-schema-graph\">{\"@context\":\"https:\\\/\\\/schema.org\",\"@graph\":[{\"@type\":\"Article\",\"@id\":\"https:\\\/\\\/folhapopular.info\\\/index.php\\\/2023\\\/03\\\/29\\\/paverama-promove-noite-para-elas-nesta-quarta-feira\\\/#article\",\"isPartOf\":{\"@id\":\"https:\\\/\\\/folhapopular.info\\\/index.php\\\/2023\\\/03\\\/29\\\/paverama-promove-noite-para-elas-nesta-quarta-feira\\\/\"},\"author\":{\"name\":\"Keila Gr\u00e4ff Anhaia\",\"@id\":\"https:\\\/\\\/folhapopular.info\\\/#\\\/schema\\\/person\\\/9a5695747e1046d5fac310c552cf6260\"},\"headline\":\"Paverama promove Noite para Elas nesta quarta-feira\",\"datePublished\":\"2023-03-29T11:40:11+00:00\",\"dateModified\":\"2023-03-29T11:40:14+00:00\",\"mainEntityOfPage\":{\"@id\":\"https:\\\/\\\/folhapopular.info\\\/index.php\\\/2023\\\/03\\\/29\\\/paverama-promove-noite-para-elas-nesta-quarta-feira\\\/\"},\"wordCount\":106,\"commentCount\":0,\"image\":{\"@id\":\"https:\\\/\\\/folhapopular.info\\\/index.php\\\/2023\\\/03\\\/29\\\/paverama-promove-noite-para-elas-nesta-quarta-feira\\\/#primaryimage\"},\"thumbnailUrl\":\"https:\\\/\\\/folhapopular.info\\\/wp-content\\\/uploads\\\/2023\\\/03\\\/WhatsApp-Image-2023-03-29-at-08.16.38-e1680089644986.jpeg\",\"keywords\":[\"Dia Internacional da Mulher\",\"IMAMA RS\",\"Noite para Elas\",\"palestras\",\"Paverama\"],\"articleSection\":[\"Destaques\",\"Entretenimento\",\"Inclusive\"],\"inLanguage\":\"pt-BR\",\"potentialAction\":[{\"@type\":\"CommentAction\",\"name\":\"Comment\",\"target\":[\"https:\\\/\\\/folhapopular.info\\\/index.php\\\/2023\\\/03\\\/29\\\/paverama-promove-noite-para-elas-nesta-quarta-feira\\\/#respond\"]}]},{\"@type\":\"WebPage\",\"@id\":\"https:\\\/\\\/folhapopular.info\\\/index.php\\\/2023\\\/03\\\/29\\\/paverama-promove-noite-para-elas-nesta-quarta-feira\\\/\",\"url\":\"https:\\\/\\\/folhapopular.info\\\/index.php\\\/2023\\\/03\\\/29\\\/paverama-promove-noite-para-elas-nesta-quarta-feira\\\/\",\"name\":\"Paverama promove Noite para Elas nesta quarta-feira - Folha Popular\",\"isPartOf\":{\"@id\":\"https:\\\/\\\/folhapopular.info\\\/#website\"},\"primaryImageOfPage\":{\"@id\":\"https:\\\/\\\/folhapopular.info\\\/index.php\\\/2023\\\/03\\\/29\\\/paverama-promove-noite-para-elas-nesta-quarta-feira\\\/#primaryimage\"},\"image\":{\"@id\":\"https:\\\/\\\/folhapopular.info\\\/index.php\\\/2023\\\/03\\\/29\\\/paverama-promove-noite-para-elas-nesta-quarta-feira\\\/#primaryimage\"},\"thumbnailUrl\":\"https:\\\/\\\/folhapopular.info\\\/wp-content\\\/uploads\\\/2023\\\/03\\\/WhatsApp-Image-2023-03-29-at-08.16.38-e1680089644986.jpeg\",\"datePublished\":\"2023-03-29T11:40:11+00:00\",\"dateModified\":\"2023-03-29T11:40:14+00:00\",\"author\":{\"@id\":\"https:\\\/\\\/folhapopular.info\\\/#\\\/schema\\\/person\\\/9a5695747e1046d5fac310c552cf6260\"},\"breadcrumb\":{\"@id\":\"https:\\\/\\\/folhapopular.info\\\/index.php\\\/2023\\\/03\\\/29\\\/paverama-promove-noite-para-elas-nesta-quarta-feira\\\/#breadcrumb\"},\"inLanguage\":\"pt-BR\",\"potentialAction\":[{\"@type\":\"ReadAction\",\"target\":[\"https:\\\/\\\/folhapopular.info\\\/index.php\\\/2023\\\/03\\\/29\\\/paverama-promove-noite-para-elas-nesta-quarta-feira\\\/\"]}]},{\"@type\":\"ImageObject\",\"inLanguage\":\"pt-BR\",\"@id\":\"https:\\\/\\\/folhapopular.info\\\/index.php\\\/2023\\\/03\\\/29\\\/paverama-promove-noite-para-elas-nesta-quarta-feira\\\/#primaryimage\",\"url\":\"https:\\\/\\\/folhapopular.info\\\/wp-content\\\/uploads\\\/2023\\\/03\\\/WhatsApp-Image-2023-03-29-at-08.16.38-e1680089644986.jpeg\",\"contentUrl\":\"https:\\\/\\\/folhapopular.info\\\/wp-content\\\/uploads\\\/2023\\\/03\\\/WhatsApp-Image-2023-03-29-at-08.16.38-e1680089644986.jpeg\",\"width\":899,\"height\":627,\"caption\":\"A programa\u00e7\u00e3o contar\u00e1 com tr\u00eas momentos diferentes de palestras \\\/ Cr\u00e9dito: Divulga\u00e7\u00e3o\"},{\"@type\":\"BreadcrumbList\",\"@id\":\"https:\\\/\\\/folhapopular.info\\\/index.php\\\/2023\\\/03\\\/29\\\/paverama-promove-noite-para-elas-nesta-quarta-feira\\\/#breadcrumb\",\"itemListElement\":[{\"@type\":\"ListItem\",\"position\":1,\"name\":\"In\u00edcio\",\"item\":\"https:\\\/\\\/folhapopular.info\\\/\"},{\"@type\":\"ListItem\",\"position\":2,\"name\":\"Paverama promove Noite para Elas nesta quarta-feira\"}]},{\"@type\":\"WebSite\",\"@id\":\"https:\\\/\\\/folhapopular.info\\\/#website\",\"url\":\"https:\\\/\\\/folhapopular.info\\\/\",\"name\":\"Folha Popular\",\"description\":\"Onde voc\u00ea tem vez e voz\",\"potentialAction\":[{\"@type\":\"SearchAction\",\"target\":{\"@type\":\"EntryPoint\",\"urlTemplate\":\"https:\\\/\\\/folhapopular.info\\\/?s={search_term_string}\"},\"query-input\":{\"@type\":\"PropertyValueSpecification\",\"valueRequired\":true,\"valueName\":\"search_term_string\"}}],\"inLanguage\":\"pt-BR\"},{\"@type\":\"Person\",\"@id\":\"https:\\\/\\\/folhapopular.info\\\/#\\\/schema\\\/person\\\/9a5695747e1046d5fac310c552cf6260\",\"name\":\"Keila Gr\u00e4ff Anhaia\",\"image\":{\"@type\":\"ImageObject\",\"inLanguage\":\"pt-BR\",\"@id\":\"https:\\\/\\\/secure.gravatar.com\\\/avatar\\\/498ef5bfb389bc7ded562ad94f835a056e934ab779eb2a595c461a735cf74fba?s=96&d=mm&r=g\",\"url\":\"https:\\\/\\\/secure.gravatar.com\\\/avatar\\\/498ef5bfb389bc7ded562ad94f835a056e934ab779eb2a595c461a735cf74fba?s=96&d=mm&r=g\",\"contentUrl\":\"https:\\\/\\\/secure.gravatar.com\\\/avatar\\\/498ef5bfb389bc7ded562ad94f835a056e934ab779eb2a595c461a735cf74fba?s=96&d=mm&r=g\",\"caption\":\"Keila Gr\u00e4ff Anhaia\"},\"url\":\"https:\\\/\\\/folhapopular.info\\\/index.php\\\/author\\\/graffkeilagmail-com\\\/\"}]}<\/script>\n<!-- \/ Yoast SEO plugin. -->","yoast_head_json":{"title":"Paverama promove Noite para Elas nesta quarta-feira - Folha Popular","robots":{"index":"index","follow":"follow","max-snippet":"max-snippet:-1","max-image-preview":"max-image-preview:large","max-video-preview":"max-video-preview:-1"},"canonical":"https:\/\/folhapopular.info\/index.php\/2023\/03\/29\/paverama-promove-noite-para-elas-nesta-quarta-feira\/","og_locale":"pt_BR","og_type":"article","og_title":"Paverama promove Noite para Elas nesta quarta-feira - Folha Popular","og_description":"Na noite desta quarta-feira (29\/3), a Administra\u00e7\u00e3o de Paverama promover\u00e1 o Noite para Elas. O evento \u00e9 alusivo ao Dia Internacional da Mulher e trar\u00e1 tr\u00eas momentos com diferentes palestrantes, dentre os quais o Instituto IMAMA do Rio Grande do Sul, a advogada Paola Stroschoen Pinent e a psic\u00f3loga Vit\u00f3ria Porto. O momento inicia \u00e0s [&hellip;]","og_url":"https:\/\/folhapopular.info\/index.php\/2023\/03\/29\/paverama-promove-noite-para-elas-nesta-quarta-feira\/","og_site_name":"Folha Popular","article_published_time":"2023-03-29T11:40:11+00:00","article_modified_time":"2023-03-29T11:40:14+00:00","og_image":[{"width":899,"height":627,"url":"http:\/\/folhapopular.info\/wp-content\/uploads\/2023\/03\/WhatsApp-Image-2023-03-29-at-08.16.38-e1680089644986.jpeg","type":"image\/jpeg"}],"author":"Keila Gr\u00e4ff Anhaia","twitter_card":"summary_large_image","twitter_misc":{"Escrito por":"Keila Gr\u00e4ff Anhaia","Est. tempo de leitura":"1 minuto"},"schema":{"@context":"https:\/\/schema.org","@graph":[{"@type":"Article","@id":"https:\/\/folhapopular.info\/index.php\/2023\/03\/29\/paverama-promove-noite-para-elas-nesta-quarta-feira\/#article","isPartOf":{"@id":"https:\/\/folhapopular.info\/index.php\/2023\/03\/29\/paverama-promove-noite-para-elas-nesta-quarta-feira\/"},"author":{"name":"Keila Gr\u00e4ff Anhaia","@id":"https:\/\/folhapopular.info\/#\/schema\/person\/9a5695747e1046d5fac310c552cf6260"},"headline":"Paverama promove Noite para Elas nesta quarta-feira","datePublished":"2023-03-29T11:40:11+00:00","dateModified":"2023-03-29T11:40:14+00:00","mainEntityOfPage":{"@id":"https:\/\/folhapopular.info\/index.php\/2023\/03\/29\/paverama-promove-noite-para-elas-nesta-quarta-feira\/"},"wordCount":106,"commentCount":0,"image":{"@id":"https:\/\/folhapopular.info\/index.php\/2023\/03\/29\/paverama-promove-noite-para-elas-nesta-quarta-feira\/#primaryimage"},"thumbnailUrl":"https:\/\/folhapopular.info\/wp-content\/uploads\/2023\/03\/WhatsApp-Image-2023-03-29-at-08.16.38-e1680089644986.jpeg","keywords":["Dia Internacional da Mulher","IMAMA RS","Noite para Elas","palestras","Paverama"],"articleSection":["Destaques","Entretenimento","Inclusive"],"inLanguage":"pt-BR","potentialAction":[{"@type":"CommentAction","name":"Comment","target":["https:\/\/folhapopular.info\/index.php\/2023\/03\/29\/paverama-promove-noite-para-elas-nesta-quarta-feira\/#respond"]}]},{"@type":"WebPage","@id":"https:\/\/folhapopular.info\/index.php\/2023\/03\/29\/paverama-promove-noite-para-elas-nesta-quarta-feira\/","url":"https:\/\/folhapopular.info\/index.php\/2023\/03\/29\/paverama-promove-noite-para-elas-nesta-quarta-feira\/","name":"Paverama promove Noite para Elas nesta quarta-feira - Folha Popular","isPartOf":{"@id":"https:\/\/folhapopular.info\/#website"},"primaryImageOfPage":{"@id":"https:\/\/folhapopular.info\/index.php\/2023\/03\/29\/paverama-promove-noite-para-elas-nesta-quarta-feira\/#primaryimage"},"image":{"@id":"https:\/\/folhapopular.info\/index.php\/2023\/03\/29\/paverama-promove-noite-para-elas-nesta-quarta-feira\/#primaryimage"},"thumbnailUrl":"https:\/\/folhapopular.info\/wp-content\/uploads\/2023\/03\/WhatsApp-Image-2023-03-29-at-08.16.38-e1680089644986.jpeg","datePublished":"2023-03-29T11:40:11+00:00","dateModified":"2023-03-29T11:40:14+00:00","author":{"@id":"https:\/\/folhapopular.info\/#\/schema\/person\/9a5695747e1046d5fac310c552cf6260"},"breadcrumb":{"@id":"https:\/\/folhapopular.info\/index.php\/2023\/03\/29\/paverama-promove-noite-para-elas-nesta-quarta-feira\/#breadcrumb"},"inLanguage":"pt-BR","potentialAction":[{"@type":"ReadAction","target":["https:\/\/folhapopular.info\/index.php\/2023\/03\/29\/paverama-promove-noite-para-elas-nesta-quarta-feira\/"]}]},{"@type":"ImageObject","inLanguage":"pt-BR","@id":"https:\/\/folhapopular.info\/index.php\/2023\/03\/29\/paverama-promove-noite-para-elas-nesta-quarta-feira\/#primaryimage","url":"https:\/\/folhapopular.info\/wp-content\/uploads\/2023\/03\/WhatsApp-Image-2023-03-29-at-08.16.38-e1680089644986.jpeg","contentUrl":"https:\/\/folhapopular.info\/wp-content\/uploads\/2023\/03\/WhatsApp-Image-2023-03-29-at-08.16.38-e1680089644986.jpeg","width":899,"height":627,"caption":"A programa\u00e7\u00e3o contar\u00e1 com tr\u00eas momentos diferentes de palestras \/ Cr\u00e9dito: Divulga\u00e7\u00e3o"},{"@type":"BreadcrumbList","@id":"https:\/\/folhapopular.info\/index.php\/2023\/03\/29\/paverama-promove-noite-para-elas-nesta-quarta-feira\/#breadcrumb","itemListElement":[{"@type":"ListItem","position":1,"name":"In\u00edcio","item":"https:\/\/folhapopular.info\/"},{"@type":"ListItem","position":2,"name":"Paverama promove Noite para Elas nesta quarta-feira"}]},{"@type":"WebSite","@id":"https:\/\/folhapopular.info\/#website","url":"https:\/\/folhapopular.info\/","name":"Folha Popular","description":"Onde voc\u00ea tem vez e voz","potentialAction":[{"@type":"SearchAction","target":{"@type":"EntryPoint","urlTemplate":"https:\/\/folhapopular.info\/?s={search_term_string}"},"query-input":{"@type":"PropertyValueSpecification","valueRequired":true,"valueName":"search_term_string"}}],"inLanguage":"pt-BR"},{"@type":"Person","@id":"https:\/\/folhapopular.info\/#\/schema\/person\/9a5695747e1046d5fac310c552cf6260","name":"Keila Gr\u00e4ff Anhaia","image":{"@type":"ImageObject","inLanguage":"pt-BR","@id":"https:\/\/secure.gravatar.com\/avatar\/498ef5bfb389bc7ded562ad94f835a056e934ab779eb2a595c461a735cf74fba?s=96&d=mm&r=g","url":"https:\/\/secure.gravatar.com\/avatar\/498ef5bfb389bc7ded562ad94f835a056e934ab779eb2a595c461a735cf74fba?s=96&d=mm&r=g","contentUrl":"https:\/\/secure.gravatar.com\/avatar\/498ef5bfb389bc7ded562ad94f835a056e934ab779eb2a595c461a735cf74fba?s=96&d=mm&r=g","caption":"Keila Gr\u00e4ff Anhaia"},"url":"https:\/\/folhapopular.info\/index.php\/author\/graffkeilagmail-com\/"}]}},"jetpack_featured_media_url":"https:\/\/folhapopular.info\/wp-content\/uploads\/2023\/03\/WhatsApp-Image-2023-03-29-at-08.16.38-e1680089644986.jpeg","jetpack_sharing_enabled":true,"amp_enabled":true,"_links":{"self":[{"href":"https:\/\/folhapopular.info\/index.php\/wp-json\/wp\/v2\/posts\/124442","targetHints":{"allow":["GET"]}}],"collection":[{"href":"https:\/\/folhapopular.info\/index.php\/wp-json\/wp\/v2\/posts"}],"about":[{"href":"https:\/\/folhapopular.info\/index.php\/wp-json\/wp\/v2\/types\/post"}],"author":[{"embeddable":true,"href":"https:\/\/folhapopular.info\/index.php\/wp-json\/wp\/v2\/users\/636"}],"replies":[{"embeddable":true,"href":"https:\/\/folhapopular.info\/index.php\/wp-json\/wp\/v2\/comments?post=124442"}],"version-history":[{"count":0,"href":"https:\/\/folhapopular.info\/index.php\/wp-json\/wp\/v2\/posts\/124442\/revisions"}],"wp:featuredmedia":[{"embeddable":true,"href":"https:\/\/folhapopular.info\/index.php\/wp-json\/wp\/v2\/media\/124472"}],"wp:attachment":[{"href":"https:\/\/folhapopular.info\/index.php\/wp-json\/wp\/v2\/media?parent=124442"}],"wp:term":[{"taxonomy":"category","embeddable":true,"href":"https:\/\/folhapopular.info\/index.php\/wp-json\/wp\/v2\/categories?post=124442"},{"taxonomy":"post_tag","embeddable":true,"href":"https:\/\/folhapopular.info\/index.php\/wp-json\/wp\/v2\/tags?post=124442"}],"curies":[{"name":"wp","href":"https:\/\/api.w.org\/{rel}","templated":true}]}}