{"id":124740,"date":"2023-03-31T17:07:23","date_gmt":"2023-03-31T20:07:23","guid":{"rendered":"https:\/\/folhapopular.info\/?p=124740"},"modified":"2023-03-31T17:25:21","modified_gmt":"2023-03-31T20:25:21","slug":"grupos-folcloricos-de-estrela-tornam-se-patrimonio-imaterial-da-cidade","status":"publish","type":"post","link":"https:\/\/folhapopular.info\/index.php\/2023\/03\/31\/grupos-folcloricos-de-estrela-tornam-se-patrimonio-imaterial-da-cidade\/","title":{"rendered":"Grupos Folcl\u00f3ricos de Estrela tornam-se Patrim\u00f4nio Imaterial da Cidade."},"content":{"rendered":"\n<p>Desde a sess\u00e3o do Legislativo Estrelense do dia 27 de mar\u00e7o de 2023, os Grupos Folcl\u00f3ricos de Estrela, passam a ser Patrim\u00f4nio Imaterial da cidade. Prestes a completar seis d\u00e9cadas de atividades ininterruptas, o Grupo hoje comandado pelo Instrutor Andreas Hamester teve aprovado por unanimidade o projeto 03\/2023 proposto pelos vereadores Adriano Scheeren e Taine Ruchel Cagliari.<\/p>\n\n\n\n<p>Esse \u00e9 o primeiro de 12 eventos nos pr\u00f3ximos meses que marcar\u00e3o o anivers\u00e1rio de 60 anos do grupo. Hoje com aproximadamente 450 dan\u00e7arinos, o Grupo segue crescendo com o engajamento de mais 20 casais que formaram uma nova turma para dan\u00e7ar e celebrar a cultura germ\u00e2nica em Estrela. <\/p>\n","protected":false},"excerpt":{"rendered":"<p>Desde a sess\u00e3o do Legislativo Estrelense do dia 27 de mar\u00e7o de 2023, os Grupos Folcl\u00f3ricos de Estrela, passam a ser Patrim\u00f4nio Imaterial da cidade. Prestes a completar seis d\u00e9cadas de atividades ininterruptas, o Grupo hoje comandado pelo Instrutor Andreas Hamester teve aprovado por unanimidade o projeto 03\/2023 proposto pelos vereadores Adriano Scheeren e Taine [&hellip;]<\/p>\n","protected":false},"author":591,"featured_media":124748,"comment_status":"open","ping_status":"open","sticky":false,"template":"","format":"standard","meta":{"pmpro_default_level":"","_jetpack_memberships_contains_paid_content":false,"footnotes":""},"categories":[10996,2,6],"tags":[8,7044,11542],"class_list":{"0":"post-124740","1":"post","2":"type-post","3":"status-publish","4":"format-standard","5":"has-post-thumbnail","7":"category-cultura","8":"category-featured","9":"category-inclusive","10":"tag-estrela","11":"tag-grupos-folcloricos","12":"tag-patrimonio-imaterial","13":"pmpro-has-access"},"yoast_head":"<!-- This site is optimized with the Yoast SEO plugin v27.5 - https:\/\/yoast.com\/product\/yoast-seo-wordpress\/ -->\n<title>Grupos Folcl\u00f3ricos de Estrela tornam-se Patrim\u00f4nio Imaterial da Cidade. - Folha Popular<\/title>\n<meta name=\"robots\" content=\"index, follow, max-snippet:-1, max-image-preview:large, max-video-preview:-1\" \/>\n<link rel=\"canonical\" href=\"https:\/\/folhapopular.info\/index.php\/2023\/03\/31\/grupos-folcloricos-de-estrela-tornam-se-patrimonio-imaterial-da-cidade\/\" \/>\n<meta property=\"og:locale\" content=\"pt_BR\" \/>\n<meta property=\"og:type\" content=\"article\" \/>\n<meta property=\"og:title\" content=\"Grupos Folcl\u00f3ricos de Estrela tornam-se Patrim\u00f4nio Imaterial da Cidade. - Folha Popular\" \/>\n<meta property=\"og:description\" content=\"Desde a sess\u00e3o do Legislativo Estrelense do dia 27 de mar\u00e7o de 2023, os Grupos Folcl\u00f3ricos de Estrela, passam a ser Patrim\u00f4nio Imaterial da cidade. Prestes a completar seis d\u00e9cadas de atividades ininterruptas, o Grupo hoje comandado pelo Instrutor Andreas Hamester teve aprovado por unanimidade o projeto 03\/2023 proposto pelos vereadores Adriano Scheeren e Taine [&hellip;]\" \/>\n<meta property=\"og:url\" content=\"https:\/\/folhapopular.info\/index.php\/2023\/03\/31\/grupos-folcloricos-de-estrela-tornam-se-patrimonio-imaterial-da-cidade\/\" \/>\n<meta property=\"og:site_name\" content=\"Folha Popular\" \/>\n<meta property=\"article:published_time\" content=\"2023-03-31T20:07:23+00:00\" \/>\n<meta property=\"article:modified_time\" content=\"2023-03-31T20:25:21+00:00\" \/>\n<meta property=\"og:image\" content=\"http:\/\/folhapopular.info\/wp-content\/uploads\/2023\/03\/WhatsApp-Image-2023-03-31-at-16.57.57.jpeg\" \/>\n\t<meta property=\"og:image:width\" content=\"1152\" \/>\n\t<meta property=\"og:image:height\" content=\"648\" \/>\n\t<meta property=\"og:image:type\" content=\"image\/jpeg\" \/>\n<meta name=\"author\" content=\"Marcos Vin\u00edcius Bilhar\" \/>\n<meta name=\"twitter:card\" content=\"summary_large_image\" \/>\n<meta name=\"twitter:label1\" content=\"Escrito por\" \/>\n\t<meta name=\"twitter:data1\" content=\"Marcos Vin\u00edcius Bilhar\" \/>\n\t<meta name=\"twitter:label2\" content=\"Est. tempo de leitura\" \/>\n\t<meta name=\"twitter:data2\" content=\"1 minuto\" \/>\n<script type=\"application\/ld+json\" class=\"yoast-schema-graph\">{\"@context\":\"https:\\\/\\\/schema.org\",\"@graph\":[{\"@type\":\"Article\",\"@id\":\"https:\\\/\\\/folhapopular.info\\\/index.php\\\/2023\\\/03\\\/31\\\/grupos-folcloricos-de-estrela-tornam-se-patrimonio-imaterial-da-cidade\\\/#article\",\"isPartOf\":{\"@id\":\"https:\\\/\\\/folhapopular.info\\\/index.php\\\/2023\\\/03\\\/31\\\/grupos-folcloricos-de-estrela-tornam-se-patrimonio-imaterial-da-cidade\\\/\"},\"author\":{\"name\":\"Marcos Vin\u00edcius Bilhar\",\"@id\":\"https:\\\/\\\/folhapopular.info\\\/#\\\/schema\\\/person\\\/d5775ed8ef9756d0e063ce0e0d622ef6\"},\"headline\":\"Grupos Folcl\u00f3ricos de Estrela tornam-se Patrim\u00f4nio Imaterial da Cidade.\",\"datePublished\":\"2023-03-31T20:07:23+00:00\",\"dateModified\":\"2023-03-31T20:25:21+00:00\",\"mainEntityOfPage\":{\"@id\":\"https:\\\/\\\/folhapopular.info\\\/index.php\\\/2023\\\/03\\\/31\\\/grupos-folcloricos-de-estrela-tornam-se-patrimonio-imaterial-da-cidade\\\/\"},\"wordCount\":120,\"commentCount\":0,\"image\":{\"@id\":\"https:\\\/\\\/folhapopular.info\\\/index.php\\\/2023\\\/03\\\/31\\\/grupos-folcloricos-de-estrela-tornam-se-patrimonio-imaterial-da-cidade\\\/#primaryimage\"},\"thumbnailUrl\":\"https:\\\/\\\/folhapopular.info\\\/wp-content\\\/uploads\\\/2023\\\/03\\\/WhatsApp-Image-2023-03-31-at-16.57.57.jpeg\",\"keywords\":[\"Estrela\",\"Grupos Folcl\u00f3ricos\",\"patrim\u00f4nio imaterial\"],\"articleSection\":[\"Cultura\",\"Destaques\",\"Inclusive\"],\"inLanguage\":\"pt-BR\",\"potentialAction\":[{\"@type\":\"CommentAction\",\"name\":\"Comment\",\"target\":[\"https:\\\/\\\/folhapopular.info\\\/index.php\\\/2023\\\/03\\\/31\\\/grupos-folcloricos-de-estrela-tornam-se-patrimonio-imaterial-da-cidade\\\/#respond\"]}]},{\"@type\":\"WebPage\",\"@id\":\"https:\\\/\\\/folhapopular.info\\\/index.php\\\/2023\\\/03\\\/31\\\/grupos-folcloricos-de-estrela-tornam-se-patrimonio-imaterial-da-cidade\\\/\",\"url\":\"https:\\\/\\\/folhapopular.info\\\/index.php\\\/2023\\\/03\\\/31\\\/grupos-folcloricos-de-estrela-tornam-se-patrimonio-imaterial-da-cidade\\\/\",\"name\":\"Grupos Folcl\u00f3ricos de Estrela tornam-se Patrim\u00f4nio Imaterial da Cidade. - Folha Popular\",\"isPartOf\":{\"@id\":\"https:\\\/\\\/folhapopular.info\\\/#website\"},\"primaryImageOfPage\":{\"@id\":\"https:\\\/\\\/folhapopular.info\\\/index.php\\\/2023\\\/03\\\/31\\\/grupos-folcloricos-de-estrela-tornam-se-patrimonio-imaterial-da-cidade\\\/#primaryimage\"},\"image\":{\"@id\":\"https:\\\/\\\/folhapopular.info\\\/index.php\\\/2023\\\/03\\\/31\\\/grupos-folcloricos-de-estrela-tornam-se-patrimonio-imaterial-da-cidade\\\/#primaryimage\"},\"thumbnailUrl\":\"https:\\\/\\\/folhapopular.info\\\/wp-content\\\/uploads\\\/2023\\\/03\\\/WhatsApp-Image-2023-03-31-at-16.57.57.jpeg\",\"datePublished\":\"2023-03-31T20:07:23+00:00\",\"dateModified\":\"2023-03-31T20:25:21+00:00\",\"author\":{\"@id\":\"https:\\\/\\\/folhapopular.info\\\/#\\\/schema\\\/person\\\/d5775ed8ef9756d0e063ce0e0d622ef6\"},\"breadcrumb\":{\"@id\":\"https:\\\/\\\/folhapopular.info\\\/index.php\\\/2023\\\/03\\\/31\\\/grupos-folcloricos-de-estrela-tornam-se-patrimonio-imaterial-da-cidade\\\/#breadcrumb\"},\"inLanguage\":\"pt-BR\",\"potentialAction\":[{\"@type\":\"ReadAction\",\"target\":[\"https:\\\/\\\/folhapopular.info\\\/index.php\\\/2023\\\/03\\\/31\\\/grupos-folcloricos-de-estrela-tornam-se-patrimonio-imaterial-da-cidade\\\/\"]}]},{\"@type\":\"ImageObject\",\"inLanguage\":\"pt-BR\",\"@id\":\"https:\\\/\\\/folhapopular.info\\\/index.php\\\/2023\\\/03\\\/31\\\/grupos-folcloricos-de-estrela-tornam-se-patrimonio-imaterial-da-cidade\\\/#primaryimage\",\"url\":\"https:\\\/\\\/folhapopular.info\\\/wp-content\\\/uploads\\\/2023\\\/03\\\/WhatsApp-Image-2023-03-31-at-16.57.57.jpeg\",\"contentUrl\":\"https:\\\/\\\/folhapopular.info\\\/wp-content\\\/uploads\\\/2023\\\/03\\\/WhatsApp-Image-2023-03-31-at-16.57.57.jpeg\",\"width\":1152,\"height\":648,\"caption\":\"Grupo Folcl\u00f3rico segue recebendo novos dan\u00e7arinos em seu est\u00fadio de ensaios \\\/ cr\u00e9dito: Marcos Vin\u00edcius Bilhar\"},{\"@type\":\"BreadcrumbList\",\"@id\":\"https:\\\/\\\/folhapopular.info\\\/index.php\\\/2023\\\/03\\\/31\\\/grupos-folcloricos-de-estrela-tornam-se-patrimonio-imaterial-da-cidade\\\/#breadcrumb\",\"itemListElement\":[{\"@type\":\"ListItem\",\"position\":1,\"name\":\"In\u00edcio\",\"item\":\"https:\\\/\\\/folhapopular.info\\\/\"},{\"@type\":\"ListItem\",\"position\":2,\"name\":\"Grupos Folcl\u00f3ricos de Estrela tornam-se Patrim\u00f4nio Imaterial da Cidade.\"}]},{\"@type\":\"WebSite\",\"@id\":\"https:\\\/\\\/folhapopular.info\\\/#website\",\"url\":\"https:\\\/\\\/folhapopular.info\\\/\",\"name\":\"Folha Popular\",\"description\":\"Onde voc\u00ea tem vez e voz\",\"potentialAction\":[{\"@type\":\"SearchAction\",\"target\":{\"@type\":\"EntryPoint\",\"urlTemplate\":\"https:\\\/\\\/folhapopular.info\\\/?s={search_term_string}\"},\"query-input\":{\"@type\":\"PropertyValueSpecification\",\"valueRequired\":true,\"valueName\":\"search_term_string\"}}],\"inLanguage\":\"pt-BR\"},{\"@type\":\"Person\",\"@id\":\"https:\\\/\\\/folhapopular.info\\\/#\\\/schema\\\/person\\\/d5775ed8ef9756d0e063ce0e0d622ef6\",\"name\":\"Marcos Vin\u00edcius Bilhar\",\"image\":{\"@type\":\"ImageObject\",\"inLanguage\":\"pt-BR\",\"@id\":\"https:\\\/\\\/secure.gravatar.com\\\/avatar\\\/6c44b5941169423203ed2408d1c47a2e0ba31d152a11a420026ca41ffd589d80?s=96&d=mm&r=g\",\"url\":\"https:\\\/\\\/secure.gravatar.com\\\/avatar\\\/6c44b5941169423203ed2408d1c47a2e0ba31d152a11a420026ca41ffd589d80?s=96&d=mm&r=g\",\"contentUrl\":\"https:\\\/\\\/secure.gravatar.com\\\/avatar\\\/6c44b5941169423203ed2408d1c47a2e0ba31d152a11a420026ca41ffd589d80?s=96&d=mm&r=g\",\"caption\":\"Marcos Vin\u00edcius Bilhar\"},\"url\":\"https:\\\/\\\/folhapopular.info\\\/index.php\\\/author\\\/bilhar-vinigmail-com\\\/\"}]}<\/script>\n<!-- \/ Yoast SEO plugin. -->","yoast_head_json":{"title":"Grupos Folcl\u00f3ricos de Estrela tornam-se Patrim\u00f4nio Imaterial da Cidade. - Folha Popular","robots":{"index":"index","follow":"follow","max-snippet":"max-snippet:-1","max-image-preview":"max-image-preview:large","max-video-preview":"max-video-preview:-1"},"canonical":"https:\/\/folhapopular.info\/index.php\/2023\/03\/31\/grupos-folcloricos-de-estrela-tornam-se-patrimonio-imaterial-da-cidade\/","og_locale":"pt_BR","og_type":"article","og_title":"Grupos Folcl\u00f3ricos de Estrela tornam-se Patrim\u00f4nio Imaterial da Cidade. - Folha Popular","og_description":"Desde a sess\u00e3o do Legislativo Estrelense do dia 27 de mar\u00e7o de 2023, os Grupos Folcl\u00f3ricos de Estrela, passam a ser Patrim\u00f4nio Imaterial da cidade. Prestes a completar seis d\u00e9cadas de atividades ininterruptas, o Grupo hoje comandado pelo Instrutor Andreas Hamester teve aprovado por unanimidade o projeto 03\/2023 proposto pelos vereadores Adriano Scheeren e Taine [&hellip;]","og_url":"https:\/\/folhapopular.info\/index.php\/2023\/03\/31\/grupos-folcloricos-de-estrela-tornam-se-patrimonio-imaterial-da-cidade\/","og_site_name":"Folha Popular","article_published_time":"2023-03-31T20:07:23+00:00","article_modified_time":"2023-03-31T20:25:21+00:00","og_image":[{"width":1152,"height":648,"url":"http:\/\/folhapopular.info\/wp-content\/uploads\/2023\/03\/WhatsApp-Image-2023-03-31-at-16.57.57.jpeg","type":"image\/jpeg"}],"author":"Marcos Vin\u00edcius Bilhar","twitter_card":"summary_large_image","twitter_misc":{"Escrito por":"Marcos Vin\u00edcius Bilhar","Est. tempo de leitura":"1 minuto"},"schema":{"@context":"https:\/\/schema.org","@graph":[{"@type":"Article","@id":"https:\/\/folhapopular.info\/index.php\/2023\/03\/31\/grupos-folcloricos-de-estrela-tornam-se-patrimonio-imaterial-da-cidade\/#article","isPartOf":{"@id":"https:\/\/folhapopular.info\/index.php\/2023\/03\/31\/grupos-folcloricos-de-estrela-tornam-se-patrimonio-imaterial-da-cidade\/"},"author":{"name":"Marcos Vin\u00edcius Bilhar","@id":"https:\/\/folhapopular.info\/#\/schema\/person\/d5775ed8ef9756d0e063ce0e0d622ef6"},"headline":"Grupos Folcl\u00f3ricos de Estrela tornam-se Patrim\u00f4nio Imaterial da Cidade.","datePublished":"2023-03-31T20:07:23+00:00","dateModified":"2023-03-31T20:25:21+00:00","mainEntityOfPage":{"@id":"https:\/\/folhapopular.info\/index.php\/2023\/03\/31\/grupos-folcloricos-de-estrela-tornam-se-patrimonio-imaterial-da-cidade\/"},"wordCount":120,"commentCount":0,"image":{"@id":"https:\/\/folhapopular.info\/index.php\/2023\/03\/31\/grupos-folcloricos-de-estrela-tornam-se-patrimonio-imaterial-da-cidade\/#primaryimage"},"thumbnailUrl":"https:\/\/folhapopular.info\/wp-content\/uploads\/2023\/03\/WhatsApp-Image-2023-03-31-at-16.57.57.jpeg","keywords":["Estrela","Grupos Folcl\u00f3ricos","patrim\u00f4nio imaterial"],"articleSection":["Cultura","Destaques","Inclusive"],"inLanguage":"pt-BR","potentialAction":[{"@type":"CommentAction","name":"Comment","target":["https:\/\/folhapopular.info\/index.php\/2023\/03\/31\/grupos-folcloricos-de-estrela-tornam-se-patrimonio-imaterial-da-cidade\/#respond"]}]},{"@type":"WebPage","@id":"https:\/\/folhapopular.info\/index.php\/2023\/03\/31\/grupos-folcloricos-de-estrela-tornam-se-patrimonio-imaterial-da-cidade\/","url":"https:\/\/folhapopular.info\/index.php\/2023\/03\/31\/grupos-folcloricos-de-estrela-tornam-se-patrimonio-imaterial-da-cidade\/","name":"Grupos Folcl\u00f3ricos de Estrela tornam-se Patrim\u00f4nio Imaterial da Cidade. - Folha Popular","isPartOf":{"@id":"https:\/\/folhapopular.info\/#website"},"primaryImageOfPage":{"@id":"https:\/\/folhapopular.info\/index.php\/2023\/03\/31\/grupos-folcloricos-de-estrela-tornam-se-patrimonio-imaterial-da-cidade\/#primaryimage"},"image":{"@id":"https:\/\/folhapopular.info\/index.php\/2023\/03\/31\/grupos-folcloricos-de-estrela-tornam-se-patrimonio-imaterial-da-cidade\/#primaryimage"},"thumbnailUrl":"https:\/\/folhapopular.info\/wp-content\/uploads\/2023\/03\/WhatsApp-Image-2023-03-31-at-16.57.57.jpeg","datePublished":"2023-03-31T20:07:23+00:00","dateModified":"2023-03-31T20:25:21+00:00","author":{"@id":"https:\/\/folhapopular.info\/#\/schema\/person\/d5775ed8ef9756d0e063ce0e0d622ef6"},"breadcrumb":{"@id":"https:\/\/folhapopular.info\/index.php\/2023\/03\/31\/grupos-folcloricos-de-estrela-tornam-se-patrimonio-imaterial-da-cidade\/#breadcrumb"},"inLanguage":"pt-BR","potentialAction":[{"@type":"ReadAction","target":["https:\/\/folhapopular.info\/index.php\/2023\/03\/31\/grupos-folcloricos-de-estrela-tornam-se-patrimonio-imaterial-da-cidade\/"]}]},{"@type":"ImageObject","inLanguage":"pt-BR","@id":"https:\/\/folhapopular.info\/index.php\/2023\/03\/31\/grupos-folcloricos-de-estrela-tornam-se-patrimonio-imaterial-da-cidade\/#primaryimage","url":"https:\/\/folhapopular.info\/wp-content\/uploads\/2023\/03\/WhatsApp-Image-2023-03-31-at-16.57.57.jpeg","contentUrl":"https:\/\/folhapopular.info\/wp-content\/uploads\/2023\/03\/WhatsApp-Image-2023-03-31-at-16.57.57.jpeg","width":1152,"height":648,"caption":"Grupo Folcl\u00f3rico segue recebendo novos dan\u00e7arinos em seu est\u00fadio de ensaios \/ cr\u00e9dito: Marcos Vin\u00edcius Bilhar"},{"@type":"BreadcrumbList","@id":"https:\/\/folhapopular.info\/index.php\/2023\/03\/31\/grupos-folcloricos-de-estrela-tornam-se-patrimonio-imaterial-da-cidade\/#breadcrumb","itemListElement":[{"@type":"ListItem","position":1,"name":"In\u00edcio","item":"https:\/\/folhapopular.info\/"},{"@type":"ListItem","position":2,"name":"Grupos Folcl\u00f3ricos de Estrela tornam-se Patrim\u00f4nio Imaterial da Cidade."}]},{"@type":"WebSite","@id":"https:\/\/folhapopular.info\/#website","url":"https:\/\/folhapopular.info\/","name":"Folha Popular","description":"Onde voc\u00ea tem vez e voz","potentialAction":[{"@type":"SearchAction","target":{"@type":"EntryPoint","urlTemplate":"https:\/\/folhapopular.info\/?s={search_term_string}"},"query-input":{"@type":"PropertyValueSpecification","valueRequired":true,"valueName":"search_term_string"}}],"inLanguage":"pt-BR"},{"@type":"Person","@id":"https:\/\/folhapopular.info\/#\/schema\/person\/d5775ed8ef9756d0e063ce0e0d622ef6","name":"Marcos Vin\u00edcius Bilhar","image":{"@type":"ImageObject","inLanguage":"pt-BR","@id":"https:\/\/secure.gravatar.com\/avatar\/6c44b5941169423203ed2408d1c47a2e0ba31d152a11a420026ca41ffd589d80?s=96&d=mm&r=g","url":"https:\/\/secure.gravatar.com\/avatar\/6c44b5941169423203ed2408d1c47a2e0ba31d152a11a420026ca41ffd589d80?s=96&d=mm&r=g","contentUrl":"https:\/\/secure.gravatar.com\/avatar\/6c44b5941169423203ed2408d1c47a2e0ba31d152a11a420026ca41ffd589d80?s=96&d=mm&r=g","caption":"Marcos Vin\u00edcius Bilhar"},"url":"https:\/\/folhapopular.info\/index.php\/author\/bilhar-vinigmail-com\/"}]}},"jetpack_featured_media_url":"https:\/\/folhapopular.info\/wp-content\/uploads\/2023\/03\/WhatsApp-Image-2023-03-31-at-16.57.57.jpeg","jetpack_sharing_enabled":true,"amp_enabled":true,"_links":{"self":[{"href":"https:\/\/folhapopular.info\/index.php\/wp-json\/wp\/v2\/posts\/124740","targetHints":{"allow":["GET"]}}],"collection":[{"href":"https:\/\/folhapopular.info\/index.php\/wp-json\/wp\/v2\/posts"}],"about":[{"href":"https:\/\/folhapopular.info\/index.php\/wp-json\/wp\/v2\/types\/post"}],"author":[{"embeddable":true,"href":"https:\/\/folhapopular.info\/index.php\/wp-json\/wp\/v2\/users\/591"}],"replies":[{"embeddable":true,"href":"https:\/\/folhapopular.info\/index.php\/wp-json\/wp\/v2\/comments?post=124740"}],"version-history":[{"count":0,"href":"https:\/\/folhapopular.info\/index.php\/wp-json\/wp\/v2\/posts\/124740\/revisions"}],"wp:featuredmedia":[{"embeddable":true,"href":"https:\/\/folhapopular.info\/index.php\/wp-json\/wp\/v2\/media\/124748"}],"wp:attachment":[{"href":"https:\/\/folhapopular.info\/index.php\/wp-json\/wp\/v2\/media?parent=124740"}],"wp:term":[{"taxonomy":"category","embeddable":true,"href":"https:\/\/folhapopular.info\/index.php\/wp-json\/wp\/v2\/categories?post=124740"},{"taxonomy":"post_tag","embeddable":true,"href":"https:\/\/folhapopular.info\/index.php\/wp-json\/wp\/v2\/tags?post=124740"}],"curies":[{"name":"wp","href":"https:\/\/api.w.org\/{rel}","templated":true}]}}