{"id":124809,"date":"2023-04-01T13:42:42","date_gmt":"2023-04-01T16:42:42","guid":{"rendered":"https:\/\/folhapopular.info\/?p=124809"},"modified":"2023-04-01T13:48:36","modified_gmt":"2023-04-01T16:48:36","slug":"alunos-do-cemef-participam-de-atividade-no-lar-opahaus-em-teutonia","status":"publish","type":"post","link":"https:\/\/folhapopular.info\/index.php\/2023\/04\/01\/alunos-do-cemef-participam-de-atividade-no-lar-opahaus-em-teutonia\/","title":{"rendered":"Alunos do Cemef participam de atividade no Lar Opahaus, em Teut\u00f4nia"},"content":{"rendered":"\n<p>O Centro Municipal de Ensino Fundamental (Cemef) Leonel De Moura Brizola de Teut\u00f4nia promoveu um momento interativo entre os alunos da turma infantil da tarde e os residentes do lar de idosos Opahaus.<\/p>\n\n\n\n<p>A a\u00e7\u00e3o ocorreu na tarde de quarta-feira (29\/3) e contou com a participa\u00e7\u00e3o do Grupo de Dan\u00e7as e Ritmos do Centro. Foram realizadas diferentes atividades, como a apresenta\u00e7\u00e3o de dan\u00e7as, sendo uma delas a do Coelhinho da P\u00e1scoa.<\/p>\n\n\n\n<p>Tamb\u00e9m houve a integra\u00e7\u00e3o entre as crian\u00e7as e os idosos com a <a href=\"https:\/\/folhapopular.info\/index.php\/2022\/11\/19\/alunas-do-cemef-e-opa-haus-lancam-videoclipe-em-teutonia\/\">Dan\u00e7a Jerusalema<\/a>, brincadeira com bal\u00e3o, ca\u00e7a ao ninho e hora do lanche.<\/p>\n\n\n\n<p>A constru\u00e7\u00e3o pedag\u00f3gica &#8220;do encontro entre gera\u00e7\u00f5es crian\u00e7as e idosos, ensinamentos para a vida&#8221;, proporciona benef\u00edcios para ambas as gera\u00e7\u00f5es. A professora S\u00f4nia L\u00facia Gomes \u00e9 uma das profissionais encarregadas pelas turmas, e afirma que as crian\u00e7as est\u00e3o em constante aprendizado sobre o processo do envelhecimento, o que permite uma compreens\u00e3o mais f\u00e1cil sobre essa etapa da vida.<\/p>\n\n\n\n<p>S\u00f4nia compartilha ainda que o objetivo \u00e9 realizar mais encontros, uma vez que proporcionam momentos saud\u00e1veis e de alegria para os envolvidos.<\/p>\n\n\n\n<p>&#8220;Ajuda as crian\u00e7as a criarem la\u00e7os afetivos com os idosos, que acabam se beneficiando fisicamente, j\u00e1 que essas intera\u00e7\u00f5es convidam ao movimento. Psicologicamente, essas viv\u00eancias os estimulam a resgatarem mem\u00f3rias e hist\u00f3rias saud\u00e1veis de suas identidades&#8221;, reflete.<\/p>\n\n\n\n<div class=\"wp-block-jetpack-slideshow aligncenter\" data-effect=\"slide\"><div class=\"wp-block-jetpack-slideshow_container swiper-container\"><ul class=\"wp-block-jetpack-slideshow_swiper-wrapper swiper-wrapper\"><li class=\"wp-block-jetpack-slideshow_slide swiper-slide\"><figure><img loading=\"lazy\" decoding=\"async\" width=\"1024\" height=\"577\" alt=\"\" class=\"wp-block-jetpack-slideshow_image wp-image-124815\" data-id=\"124815\" src=\"https:\/\/folhapopular.info\/wp-content\/uploads\/2023\/04\/WhatsApp-Image-2023-03-31-at-17.38.13-1024x577.jpeg\" srcset=\"https:\/\/folhapopular.info\/wp-content\/uploads\/2023\/04\/WhatsApp-Image-2023-03-31-at-17.38.13-1024x577.jpeg 1024w, https:\/\/folhapopular.info\/wp-content\/uploads\/2023\/04\/WhatsApp-Image-2023-03-31-at-17.38.13-300x169.jpeg 300w, https:\/\/folhapopular.info\/wp-content\/uploads\/2023\/04\/WhatsApp-Image-2023-03-31-at-17.38.13-768x433.jpeg 768w, https:\/\/folhapopular.info\/wp-content\/uploads\/2023\/04\/WhatsApp-Image-2023-03-31-at-17.38.13-696x392.jpeg 696w, https:\/\/folhapopular.info\/wp-content\/uploads\/2023\/04\/WhatsApp-Image-2023-03-31-at-17.38.13-1068x602.jpeg 1068w, https:\/\/folhapopular.info\/wp-content\/uploads\/2023\/04\/WhatsApp-Image-2023-03-31-at-17.38.13.jpeg 1080w\" sizes=\"(max-width: 1024px) 100vw, 1024px\" \/><\/figure><\/li><li class=\"wp-block-jetpack-slideshow_slide swiper-slide\"><figure><img loading=\"lazy\" decoding=\"async\" width=\"1024\" height=\"576\" alt=\"\" class=\"wp-block-jetpack-slideshow_image wp-image-124813\" data-id=\"124813\" src=\"https:\/\/folhapopular.info\/wp-content\/uploads\/2023\/04\/WhatsApp-Image-2023-03-31-at-17.38.15-1024x576.jpeg\" srcset=\"https:\/\/folhapopular.info\/wp-content\/uploads\/2023\/04\/WhatsApp-Image-2023-03-31-at-17.38.15-1024x576.jpeg 1024w, https:\/\/folhapopular.info\/wp-content\/uploads\/2023\/04\/WhatsApp-Image-2023-03-31-at-17.38.15-300x169.jpeg 300w, https:\/\/folhapopular.info\/wp-content\/uploads\/2023\/04\/WhatsApp-Image-2023-03-31-at-17.38.15-768x432.jpeg 768w, https:\/\/folhapopular.info\/wp-content\/uploads\/2023\/04\/WhatsApp-Image-2023-03-31-at-17.38.15-696x392.jpeg 696w, https:\/\/folhapopular.info\/wp-content\/uploads\/2023\/04\/WhatsApp-Image-2023-03-31-at-17.38.15-1068x601.jpeg 1068w, https:\/\/folhapopular.info\/wp-content\/uploads\/2023\/04\/WhatsApp-Image-2023-03-31-at-17.38.15.jpeg 1080w\" sizes=\"(max-width: 1024px) 100vw, 1024px\" \/><\/figure><\/li><li class=\"wp-block-jetpack-slideshow_slide swiper-slide\"><figure><img loading=\"lazy\" decoding=\"async\" width=\"1024\" height=\"472\" alt=\"\" class=\"wp-block-jetpack-slideshow_image wp-image-124812\" data-id=\"124812\" src=\"https:\/\/folhapopular.info\/wp-content\/uploads\/2023\/04\/WhatsApp-Image-2023-03-31-at-17.38.17-1024x472.jpeg\" srcset=\"https:\/\/folhapopular.info\/wp-content\/uploads\/2023\/04\/WhatsApp-Image-2023-03-31-at-17.38.17-1024x472.jpeg 1024w, https:\/\/folhapopular.info\/wp-content\/uploads\/2023\/04\/WhatsApp-Image-2023-03-31-at-17.38.17-300x138.jpeg 300w, https:\/\/folhapopular.info\/wp-content\/uploads\/2023\/04\/WhatsApp-Image-2023-03-31-at-17.38.17-768x354.jpeg 768w, https:\/\/folhapopular.info\/wp-content\/uploads\/2023\/04\/WhatsApp-Image-2023-03-31-at-17.38.17-696x321.jpeg 696w, https:\/\/folhapopular.info\/wp-content\/uploads\/2023\/04\/WhatsApp-Image-2023-03-31-at-17.38.17-1068x492.jpeg 1068w, https:\/\/folhapopular.info\/wp-content\/uploads\/2023\/04\/WhatsApp-Image-2023-03-31-at-17.38.17.jpeg 1080w\" sizes=\"(max-width: 1024px) 100vw, 1024px\" \/><\/figure><\/li><li class=\"wp-block-jetpack-slideshow_slide swiper-slide\"><figure><img loading=\"lazy\" decoding=\"async\" width=\"1024\" height=\"472\" alt=\"\" class=\"wp-block-jetpack-slideshow_image wp-image-124811\" data-id=\"124811\" src=\"https:\/\/folhapopular.info\/wp-content\/uploads\/2023\/04\/WhatsApp-Image-2023-03-31-at-17.38.17-1-1024x472.jpeg\" srcset=\"https:\/\/folhapopular.info\/wp-content\/uploads\/2023\/04\/WhatsApp-Image-2023-03-31-at-17.38.17-1-1024x472.jpeg 1024w, https:\/\/folhapopular.info\/wp-content\/uploads\/2023\/04\/WhatsApp-Image-2023-03-31-at-17.38.17-1-300x138.jpeg 300w, https:\/\/folhapopular.info\/wp-content\/uploads\/2023\/04\/WhatsApp-Image-2023-03-31-at-17.38.17-1-768x354.jpeg 768w, https:\/\/folhapopular.info\/wp-content\/uploads\/2023\/04\/WhatsApp-Image-2023-03-31-at-17.38.17-1-696x321.jpeg 696w, https:\/\/folhapopular.info\/wp-content\/uploads\/2023\/04\/WhatsApp-Image-2023-03-31-at-17.38.17-1-1068x492.jpeg 1068w, https:\/\/folhapopular.info\/wp-content\/uploads\/2023\/04\/WhatsApp-Image-2023-03-31-at-17.38.17-1.jpeg 1080w\" sizes=\"(max-width: 1024px) 100vw, 1024px\" \/><\/figure><\/li><\/ul><a class=\"wp-block-jetpack-slideshow_button-prev swiper-button-prev swiper-button-white\" role=\"button\"><\/a><a class=\"wp-block-jetpack-slideshow_button-next swiper-button-next swiper-button-white\" role=\"button\"><\/a><a aria-label=\"Pause Slideshow\" class=\"wp-block-jetpack-slideshow_button-pause\" role=\"button\"><\/a><div class=\"wp-block-jetpack-slideshow_pagination swiper-pagination swiper-pagination-white\"><\/div><\/div><\/div>\n","protected":false},"excerpt":{"rendered":"<p>O Centro Municipal de Ensino Fundamental (Cemef) Leonel De Moura Brizola de Teut\u00f4nia promoveu um momento interativo entre os alunos da turma infantil da tarde e os residentes do lar de idosos Opahaus. A a\u00e7\u00e3o ocorreu na tarde de quarta-feira (29\/3) e contou com a participa\u00e7\u00e3o do Grupo de Dan\u00e7as e Ritmos do Centro. Foram [&hellip;]<\/p>\n","protected":false},"author":636,"featured_media":124814,"comment_status":"open","ping_status":"open","sticky":false,"template":"","format":"standard","meta":{"pmpro_default_level":"","_jetpack_memberships_contains_paid_content":false,"footnotes":""},"categories":[2,10999,6],"tags":[3509,135,599,380,10334,11561,26],"class_list":{"0":"post-124809","1":"post","2":"type-post","3":"status-publish","4":"format-standard","5":"has-post-thumbnail","7":"category-featured","8":"category-entretenimento","9":"category-inclusive","10":"tag-cemef","11":"tag-criancas","12":"tag-idosos","13":"tag-integracao","14":"tag-movimento","15":"tag-opahaus","16":"tag-teutonia","17":"pmpro-has-access"},"yoast_head":"<!-- This site is optimized with the Yoast SEO plugin v27.5 - https:\/\/yoast.com\/product\/yoast-seo-wordpress\/ -->\n<title>Alunos do Cemef participam de atividade no Lar Opahaus, em Teut\u00f4nia - Folha Popular<\/title>\n<meta name=\"robots\" content=\"index, follow, max-snippet:-1, max-image-preview:large, max-video-preview:-1\" \/>\n<link rel=\"canonical\" href=\"https:\/\/folhapopular.info\/index.php\/2023\/04\/01\/alunos-do-cemef-participam-de-atividade-no-lar-opahaus-em-teutonia\/\" \/>\n<meta property=\"og:locale\" content=\"pt_BR\" \/>\n<meta property=\"og:type\" content=\"article\" \/>\n<meta property=\"og:title\" content=\"Alunos do Cemef participam de atividade no Lar Opahaus, em Teut\u00f4nia - Folha Popular\" \/>\n<meta property=\"og:description\" content=\"O Centro Municipal de Ensino Fundamental (Cemef) Leonel De Moura Brizola de Teut\u00f4nia promoveu um momento interativo entre os alunos da turma infantil da tarde e os residentes do lar de idosos Opahaus. A a\u00e7\u00e3o ocorreu na tarde de quarta-feira (29\/3) e contou com a participa\u00e7\u00e3o do Grupo de Dan\u00e7as e Ritmos do Centro. Foram [&hellip;]\" \/>\n<meta property=\"og:url\" content=\"https:\/\/folhapopular.info\/index.php\/2023\/04\/01\/alunos-do-cemef-participam-de-atividade-no-lar-opahaus-em-teutonia\/\" \/>\n<meta property=\"og:site_name\" content=\"Folha Popular\" \/>\n<meta property=\"article:published_time\" content=\"2023-04-01T16:42:42+00:00\" \/>\n<meta property=\"article:modified_time\" content=\"2023-04-01T16:48:36+00:00\" \/>\n<meta property=\"og:image\" content=\"http:\/\/folhapopular.info\/wp-content\/uploads\/2023\/04\/WhatsApp-Image-2023-03-31-at-17.38.13-1-e1680360148752.jpeg\" \/>\n\t<meta property=\"og:image:width\" content=\"1080\" \/>\n\t<meta property=\"og:image:height\" content=\"723\" \/>\n\t<meta property=\"og:image:type\" content=\"image\/jpeg\" \/>\n<meta name=\"author\" content=\"Keila Gr\u00e4ff Anhaia\" \/>\n<meta name=\"twitter:card\" content=\"summary_large_image\" \/>\n<meta name=\"twitter:label1\" content=\"Escrito por\" \/>\n\t<meta name=\"twitter:data1\" content=\"Keila Gr\u00e4ff Anhaia\" \/>\n\t<meta name=\"twitter:label2\" content=\"Est. tempo de leitura\" \/>\n\t<meta name=\"twitter:data2\" content=\"2 minutos\" \/>\n<script type=\"application\/ld+json\" class=\"yoast-schema-graph\">{\"@context\":\"https:\\\/\\\/schema.org\",\"@graph\":[{\"@type\":\"Article\",\"@id\":\"https:\\\/\\\/folhapopular.info\\\/index.php\\\/2023\\\/04\\\/01\\\/alunos-do-cemef-participam-de-atividade-no-lar-opahaus-em-teutonia\\\/#article\",\"isPartOf\":{\"@id\":\"https:\\\/\\\/folhapopular.info\\\/index.php\\\/2023\\\/04\\\/01\\\/alunos-do-cemef-participam-de-atividade-no-lar-opahaus-em-teutonia\\\/\"},\"author\":{\"name\":\"Keila Gr\u00e4ff Anhaia\",\"@id\":\"https:\\\/\\\/folhapopular.info\\\/#\\\/schema\\\/person\\\/9a5695747e1046d5fac310c552cf6260\"},\"headline\":\"Alunos do Cemef participam de atividade no Lar Opahaus, em Teut\u00f4nia\",\"datePublished\":\"2023-04-01T16:42:42+00:00\",\"dateModified\":\"2023-04-01T16:48:36+00:00\",\"mainEntityOfPage\":{\"@id\":\"https:\\\/\\\/folhapopular.info\\\/index.php\\\/2023\\\/04\\\/01\\\/alunos-do-cemef-participam-de-atividade-no-lar-opahaus-em-teutonia\\\/\"},\"wordCount\":255,\"commentCount\":0,\"image\":{\"@id\":\"https:\\\/\\\/folhapopular.info\\\/index.php\\\/2023\\\/04\\\/01\\\/alunos-do-cemef-participam-de-atividade-no-lar-opahaus-em-teutonia\\\/#primaryimage\"},\"thumbnailUrl\":\"https:\\\/\\\/folhapopular.info\\\/wp-content\\\/uploads\\\/2023\\\/04\\\/WhatsApp-Image-2023-03-31-at-17.38.13-1-e1680360148752.jpeg\",\"keywords\":[\"CEMEF\",\"Crian\u00e7as\",\"Idosos\",\"Integra\u00e7\u00e3o\",\"Movimento\",\"Opahaus\",\"Teut\u00f4nia\"],\"articleSection\":[\"Destaques\",\"Entretenimento\",\"Inclusive\"],\"inLanguage\":\"pt-BR\",\"potentialAction\":[{\"@type\":\"CommentAction\",\"name\":\"Comment\",\"target\":[\"https:\\\/\\\/folhapopular.info\\\/index.php\\\/2023\\\/04\\\/01\\\/alunos-do-cemef-participam-de-atividade-no-lar-opahaus-em-teutonia\\\/#respond\"]}]},{\"@type\":\"WebPage\",\"@id\":\"https:\\\/\\\/folhapopular.info\\\/index.php\\\/2023\\\/04\\\/01\\\/alunos-do-cemef-participam-de-atividade-no-lar-opahaus-em-teutonia\\\/\",\"url\":\"https:\\\/\\\/folhapopular.info\\\/index.php\\\/2023\\\/04\\\/01\\\/alunos-do-cemef-participam-de-atividade-no-lar-opahaus-em-teutonia\\\/\",\"name\":\"Alunos do Cemef participam de atividade no Lar Opahaus, em Teut\u00f4nia - Folha Popular\",\"isPartOf\":{\"@id\":\"https:\\\/\\\/folhapopular.info\\\/#website\"},\"primaryImageOfPage\":{\"@id\":\"https:\\\/\\\/folhapopular.info\\\/index.php\\\/2023\\\/04\\\/01\\\/alunos-do-cemef-participam-de-atividade-no-lar-opahaus-em-teutonia\\\/#primaryimage\"},\"image\":{\"@id\":\"https:\\\/\\\/folhapopular.info\\\/index.php\\\/2023\\\/04\\\/01\\\/alunos-do-cemef-participam-de-atividade-no-lar-opahaus-em-teutonia\\\/#primaryimage\"},\"thumbnailUrl\":\"https:\\\/\\\/folhapopular.info\\\/wp-content\\\/uploads\\\/2023\\\/04\\\/WhatsApp-Image-2023-03-31-at-17.38.13-1-e1680360148752.jpeg\",\"datePublished\":\"2023-04-01T16:42:42+00:00\",\"dateModified\":\"2023-04-01T16:48:36+00:00\",\"author\":{\"@id\":\"https:\\\/\\\/folhapopular.info\\\/#\\\/schema\\\/person\\\/9a5695747e1046d5fac310c552cf6260\"},\"breadcrumb\":{\"@id\":\"https:\\\/\\\/folhapopular.info\\\/index.php\\\/2023\\\/04\\\/01\\\/alunos-do-cemef-participam-de-atividade-no-lar-opahaus-em-teutonia\\\/#breadcrumb\"},\"inLanguage\":\"pt-BR\",\"potentialAction\":[{\"@type\":\"ReadAction\",\"target\":[\"https:\\\/\\\/folhapopular.info\\\/index.php\\\/2023\\\/04\\\/01\\\/alunos-do-cemef-participam-de-atividade-no-lar-opahaus-em-teutonia\\\/\"]}]},{\"@type\":\"ImageObject\",\"inLanguage\":\"pt-BR\",\"@id\":\"https:\\\/\\\/folhapopular.info\\\/index.php\\\/2023\\\/04\\\/01\\\/alunos-do-cemef-participam-de-atividade-no-lar-opahaus-em-teutonia\\\/#primaryimage\",\"url\":\"https:\\\/\\\/folhapopular.info\\\/wp-content\\\/uploads\\\/2023\\\/04\\\/WhatsApp-Image-2023-03-31-at-17.38.13-1-e1680360148752.jpeg\",\"contentUrl\":\"https:\\\/\\\/folhapopular.info\\\/wp-content\\\/uploads\\\/2023\\\/04\\\/WhatsApp-Image-2023-03-31-at-17.38.13-1-e1680360148752.jpeg\",\"width\":1080,\"height\":723,\"caption\":\"Cr\u00e9dito: Divulga\u00e7\u00e3o\"},{\"@type\":\"BreadcrumbList\",\"@id\":\"https:\\\/\\\/folhapopular.info\\\/index.php\\\/2023\\\/04\\\/01\\\/alunos-do-cemef-participam-de-atividade-no-lar-opahaus-em-teutonia\\\/#breadcrumb\",\"itemListElement\":[{\"@type\":\"ListItem\",\"position\":1,\"name\":\"In\u00edcio\",\"item\":\"https:\\\/\\\/folhapopular.info\\\/\"},{\"@type\":\"ListItem\",\"position\":2,\"name\":\"Alunos do Cemef participam de atividade no Lar Opahaus, em Teut\u00f4nia\"}]},{\"@type\":\"WebSite\",\"@id\":\"https:\\\/\\\/folhapopular.info\\\/#website\",\"url\":\"https:\\\/\\\/folhapopular.info\\\/\",\"name\":\"Folha Popular\",\"description\":\"Onde voc\u00ea tem vez e voz\",\"potentialAction\":[{\"@type\":\"SearchAction\",\"target\":{\"@type\":\"EntryPoint\",\"urlTemplate\":\"https:\\\/\\\/folhapopular.info\\\/?s={search_term_string}\"},\"query-input\":{\"@type\":\"PropertyValueSpecification\",\"valueRequired\":true,\"valueName\":\"search_term_string\"}}],\"inLanguage\":\"pt-BR\"},{\"@type\":\"Person\",\"@id\":\"https:\\\/\\\/folhapopular.info\\\/#\\\/schema\\\/person\\\/9a5695747e1046d5fac310c552cf6260\",\"name\":\"Keila Gr\u00e4ff Anhaia\",\"image\":{\"@type\":\"ImageObject\",\"inLanguage\":\"pt-BR\",\"@id\":\"https:\\\/\\\/secure.gravatar.com\\\/avatar\\\/498ef5bfb389bc7ded562ad94f835a056e934ab779eb2a595c461a735cf74fba?s=96&d=mm&r=g\",\"url\":\"https:\\\/\\\/secure.gravatar.com\\\/avatar\\\/498ef5bfb389bc7ded562ad94f835a056e934ab779eb2a595c461a735cf74fba?s=96&d=mm&r=g\",\"contentUrl\":\"https:\\\/\\\/secure.gravatar.com\\\/avatar\\\/498ef5bfb389bc7ded562ad94f835a056e934ab779eb2a595c461a735cf74fba?s=96&d=mm&r=g\",\"caption\":\"Keila Gr\u00e4ff Anhaia\"},\"url\":\"https:\\\/\\\/folhapopular.info\\\/index.php\\\/author\\\/graffkeilagmail-com\\\/\"}]}<\/script>\n<!-- \/ Yoast SEO plugin. -->","yoast_head_json":{"title":"Alunos do Cemef participam de atividade no Lar Opahaus, em Teut\u00f4nia - Folha Popular","robots":{"index":"index","follow":"follow","max-snippet":"max-snippet:-1","max-image-preview":"max-image-preview:large","max-video-preview":"max-video-preview:-1"},"canonical":"https:\/\/folhapopular.info\/index.php\/2023\/04\/01\/alunos-do-cemef-participam-de-atividade-no-lar-opahaus-em-teutonia\/","og_locale":"pt_BR","og_type":"article","og_title":"Alunos do Cemef participam de atividade no Lar Opahaus, em Teut\u00f4nia - Folha Popular","og_description":"O Centro Municipal de Ensino Fundamental (Cemef) Leonel De Moura Brizola de Teut\u00f4nia promoveu um momento interativo entre os alunos da turma infantil da tarde e os residentes do lar de idosos Opahaus. A a\u00e7\u00e3o ocorreu na tarde de quarta-feira (29\/3) e contou com a participa\u00e7\u00e3o do Grupo de Dan\u00e7as e Ritmos do Centro. Foram [&hellip;]","og_url":"https:\/\/folhapopular.info\/index.php\/2023\/04\/01\/alunos-do-cemef-participam-de-atividade-no-lar-opahaus-em-teutonia\/","og_site_name":"Folha Popular","article_published_time":"2023-04-01T16:42:42+00:00","article_modified_time":"2023-04-01T16:48:36+00:00","og_image":[{"width":1080,"height":723,"url":"http:\/\/folhapopular.info\/wp-content\/uploads\/2023\/04\/WhatsApp-Image-2023-03-31-at-17.38.13-1-e1680360148752.jpeg","type":"image\/jpeg"}],"author":"Keila Gr\u00e4ff Anhaia","twitter_card":"summary_large_image","twitter_misc":{"Escrito por":"Keila Gr\u00e4ff Anhaia","Est. tempo de leitura":"2 minutos"},"schema":{"@context":"https:\/\/schema.org","@graph":[{"@type":"Article","@id":"https:\/\/folhapopular.info\/index.php\/2023\/04\/01\/alunos-do-cemef-participam-de-atividade-no-lar-opahaus-em-teutonia\/#article","isPartOf":{"@id":"https:\/\/folhapopular.info\/index.php\/2023\/04\/01\/alunos-do-cemef-participam-de-atividade-no-lar-opahaus-em-teutonia\/"},"author":{"name":"Keila Gr\u00e4ff Anhaia","@id":"https:\/\/folhapopular.info\/#\/schema\/person\/9a5695747e1046d5fac310c552cf6260"},"headline":"Alunos do Cemef participam de atividade no Lar Opahaus, em Teut\u00f4nia","datePublished":"2023-04-01T16:42:42+00:00","dateModified":"2023-04-01T16:48:36+00:00","mainEntityOfPage":{"@id":"https:\/\/folhapopular.info\/index.php\/2023\/04\/01\/alunos-do-cemef-participam-de-atividade-no-lar-opahaus-em-teutonia\/"},"wordCount":255,"commentCount":0,"image":{"@id":"https:\/\/folhapopular.info\/index.php\/2023\/04\/01\/alunos-do-cemef-participam-de-atividade-no-lar-opahaus-em-teutonia\/#primaryimage"},"thumbnailUrl":"https:\/\/folhapopular.info\/wp-content\/uploads\/2023\/04\/WhatsApp-Image-2023-03-31-at-17.38.13-1-e1680360148752.jpeg","keywords":["CEMEF","Crian\u00e7as","Idosos","Integra\u00e7\u00e3o","Movimento","Opahaus","Teut\u00f4nia"],"articleSection":["Destaques","Entretenimento","Inclusive"],"inLanguage":"pt-BR","potentialAction":[{"@type":"CommentAction","name":"Comment","target":["https:\/\/folhapopular.info\/index.php\/2023\/04\/01\/alunos-do-cemef-participam-de-atividade-no-lar-opahaus-em-teutonia\/#respond"]}]},{"@type":"WebPage","@id":"https:\/\/folhapopular.info\/index.php\/2023\/04\/01\/alunos-do-cemef-participam-de-atividade-no-lar-opahaus-em-teutonia\/","url":"https:\/\/folhapopular.info\/index.php\/2023\/04\/01\/alunos-do-cemef-participam-de-atividade-no-lar-opahaus-em-teutonia\/","name":"Alunos do Cemef participam de atividade no Lar Opahaus, em Teut\u00f4nia - Folha Popular","isPartOf":{"@id":"https:\/\/folhapopular.info\/#website"},"primaryImageOfPage":{"@id":"https:\/\/folhapopular.info\/index.php\/2023\/04\/01\/alunos-do-cemef-participam-de-atividade-no-lar-opahaus-em-teutonia\/#primaryimage"},"image":{"@id":"https:\/\/folhapopular.info\/index.php\/2023\/04\/01\/alunos-do-cemef-participam-de-atividade-no-lar-opahaus-em-teutonia\/#primaryimage"},"thumbnailUrl":"https:\/\/folhapopular.info\/wp-content\/uploads\/2023\/04\/WhatsApp-Image-2023-03-31-at-17.38.13-1-e1680360148752.jpeg","datePublished":"2023-04-01T16:42:42+00:00","dateModified":"2023-04-01T16:48:36+00:00","author":{"@id":"https:\/\/folhapopular.info\/#\/schema\/person\/9a5695747e1046d5fac310c552cf6260"},"breadcrumb":{"@id":"https:\/\/folhapopular.info\/index.php\/2023\/04\/01\/alunos-do-cemef-participam-de-atividade-no-lar-opahaus-em-teutonia\/#breadcrumb"},"inLanguage":"pt-BR","potentialAction":[{"@type":"ReadAction","target":["https:\/\/folhapopular.info\/index.php\/2023\/04\/01\/alunos-do-cemef-participam-de-atividade-no-lar-opahaus-em-teutonia\/"]}]},{"@type":"ImageObject","inLanguage":"pt-BR","@id":"https:\/\/folhapopular.info\/index.php\/2023\/04\/01\/alunos-do-cemef-participam-de-atividade-no-lar-opahaus-em-teutonia\/#primaryimage","url":"https:\/\/folhapopular.info\/wp-content\/uploads\/2023\/04\/WhatsApp-Image-2023-03-31-at-17.38.13-1-e1680360148752.jpeg","contentUrl":"https:\/\/folhapopular.info\/wp-content\/uploads\/2023\/04\/WhatsApp-Image-2023-03-31-at-17.38.13-1-e1680360148752.jpeg","width":1080,"height":723,"caption":"Cr\u00e9dito: Divulga\u00e7\u00e3o"},{"@type":"BreadcrumbList","@id":"https:\/\/folhapopular.info\/index.php\/2023\/04\/01\/alunos-do-cemef-participam-de-atividade-no-lar-opahaus-em-teutonia\/#breadcrumb","itemListElement":[{"@type":"ListItem","position":1,"name":"In\u00edcio","item":"https:\/\/folhapopular.info\/"},{"@type":"ListItem","position":2,"name":"Alunos do Cemef participam de atividade no Lar Opahaus, em Teut\u00f4nia"}]},{"@type":"WebSite","@id":"https:\/\/folhapopular.info\/#website","url":"https:\/\/folhapopular.info\/","name":"Folha Popular","description":"Onde voc\u00ea tem vez e voz","potentialAction":[{"@type":"SearchAction","target":{"@type":"EntryPoint","urlTemplate":"https:\/\/folhapopular.info\/?s={search_term_string}"},"query-input":{"@type":"PropertyValueSpecification","valueRequired":true,"valueName":"search_term_string"}}],"inLanguage":"pt-BR"},{"@type":"Person","@id":"https:\/\/folhapopular.info\/#\/schema\/person\/9a5695747e1046d5fac310c552cf6260","name":"Keila Gr\u00e4ff Anhaia","image":{"@type":"ImageObject","inLanguage":"pt-BR","@id":"https:\/\/secure.gravatar.com\/avatar\/498ef5bfb389bc7ded562ad94f835a056e934ab779eb2a595c461a735cf74fba?s=96&d=mm&r=g","url":"https:\/\/secure.gravatar.com\/avatar\/498ef5bfb389bc7ded562ad94f835a056e934ab779eb2a595c461a735cf74fba?s=96&d=mm&r=g","contentUrl":"https:\/\/secure.gravatar.com\/avatar\/498ef5bfb389bc7ded562ad94f835a056e934ab779eb2a595c461a735cf74fba?s=96&d=mm&r=g","caption":"Keila Gr\u00e4ff Anhaia"},"url":"https:\/\/folhapopular.info\/index.php\/author\/graffkeilagmail-com\/"}]}},"jetpack_featured_media_url":"https:\/\/folhapopular.info\/wp-content\/uploads\/2023\/04\/WhatsApp-Image-2023-03-31-at-17.38.13-1-e1680360148752.jpeg","jetpack_sharing_enabled":true,"amp_enabled":true,"_links":{"self":[{"href":"https:\/\/folhapopular.info\/index.php\/wp-json\/wp\/v2\/posts\/124809","targetHints":{"allow":["GET"]}}],"collection":[{"href":"https:\/\/folhapopular.info\/index.php\/wp-json\/wp\/v2\/posts"}],"about":[{"href":"https:\/\/folhapopular.info\/index.php\/wp-json\/wp\/v2\/types\/post"}],"author":[{"embeddable":true,"href":"https:\/\/folhapopular.info\/index.php\/wp-json\/wp\/v2\/users\/636"}],"replies":[{"embeddable":true,"href":"https:\/\/folhapopular.info\/index.php\/wp-json\/wp\/v2\/comments?post=124809"}],"version-history":[{"count":0,"href":"https:\/\/folhapopular.info\/index.php\/wp-json\/wp\/v2\/posts\/124809\/revisions"}],"wp:featuredmedia":[{"embeddable":true,"href":"https:\/\/folhapopular.info\/index.php\/wp-json\/wp\/v2\/media\/124814"}],"wp:attachment":[{"href":"https:\/\/folhapopular.info\/index.php\/wp-json\/wp\/v2\/media?parent=124809"}],"wp:term":[{"taxonomy":"category","embeddable":true,"href":"https:\/\/folhapopular.info\/index.php\/wp-json\/wp\/v2\/categories?post=124809"},{"taxonomy":"post_tag","embeddable":true,"href":"https:\/\/folhapopular.info\/index.php\/wp-json\/wp\/v2\/tags?post=124809"}],"curies":[{"name":"wp","href":"https:\/\/api.w.org\/{rel}","templated":true}]}}