{"id":124822,"date":"2023-04-03T07:50:36","date_gmt":"2023-04-03T10:50:36","guid":{"rendered":"https:\/\/folhapopular.info\/?p=124822"},"modified":"2023-04-03T07:50:39","modified_gmt":"2023-04-03T10:50:39","slug":"grupo-imigrantense-sonnenlicht-participara-do-tanz-in-blumenau","status":"publish","type":"post","link":"https:\/\/folhapopular.info\/index.php\/2023\/04\/03\/grupo-imigrantense-sonnenlicht-participara-do-tanz-in-blumenau\/","title":{"rendered":"Grupo imigrantense Sonnenlicht participar\u00e1 do Tanz In Blumenau"},"content":{"rendered":"\n<p>O Grupo Sonnenlicht de Imigrante participar\u00e1 do Festival de Dan\u00e7a Folcl\u00f3rica Germ\u00e2nica Tanz In Blumenau, de Santa Catarina. O evento \u00e9 promovido pela Associa\u00e7\u00e3o dos Grupos Folcl\u00f3ricos Germ\u00e2nicos do M\u00e9dio Vale do Itaja\u00ed (AFG) e acontecer\u00e1 de 20 a 23 de abril.<\/p>\n\n\n\n<p>Atualmente, o grupo tem 120 participantes com idades entre tr\u00eas e 50 anos. Das seis categorias que comp\u00f5em o grupo &#8211; mirim, infantil, juvenil, semioficial, oficial e adulto -, apenas o oficial e adulto participar\u00e3o do encontro.<\/p>\n\n\n\n<h2 class=\"wp-block-heading\"><strong>Saiba mais<\/strong><\/h2>\n\n\n\n<p>O Sonnenlicht foi fundado no dia 6 de outubro de 1989, e o coordenador-geral Evanilson de Moraes compartilha que o n\u00famero de dan\u00e7arinos atual \u00e9 uma das maiores conquistas recentes. Outra delas s\u00e3o as duas viagens para Blumenau projetadas para 2023, sendo a segunda em outubro, para participar e se apresentar na Oktoberfest.<\/p>\n\n\n\n<p>A aquisi\u00e7\u00e3o de um novo traje hist\u00f3rico no fim de 2022 tamb\u00e9m foi uma das realiza\u00e7\u00f5es listadas pelo coordenador. A compra da vestimenta foi feita por meio da uni\u00e3o de recursos entre o grupo, a Associa\u00e7\u00e3o Cultural e a Prefeitura de Imigrante. &#8220;O traje tem por origem a Bo\u00eamia, na fronteira do estado da Baviera com a Rep\u00fablica Tcheca, e \u00e9 usado pela categoria oficial&#8221;, explica Moraes.<\/p>\n","protected":false},"excerpt":{"rendered":"<p>O Grupo Sonnenlicht de Imigrante participar\u00e1 do Festival de Dan\u00e7a Folcl\u00f3rica Germ\u00e2nica Tanz In Blumenau, de Santa Catarina. O evento \u00e9 promovido pela Associa\u00e7\u00e3o dos Grupos Folcl\u00f3ricos Germ\u00e2nicos do M\u00e9dio Vale do Itaja\u00ed (AFG) e acontecer\u00e1 de 20 a 23 de abril. Atualmente, o grupo tem 120 participantes com idades entre tr\u00eas e 50 anos. [&hellip;]<\/p>\n","protected":false},"author":636,"featured_media":124853,"comment_status":"open","ping_status":"open","sticky":false,"template":"","format":"standard","meta":{"pmpro_default_level":"","_jetpack_memberships_contains_paid_content":false,"footnotes":""},"categories":[10996,2,6],"tags":[7044,34,8127,6102,11565,11569],"class_list":{"0":"post-124822","1":"post","2":"type-post","3":"status-publish","4":"format-standard","5":"has-post-thumbnail","7":"category-cultura","8":"category-featured","9":"category-inclusive","10":"tag-grupos-folcloricos","11":"tag-imigrante","12":"tag-participantes","13":"tag-santa-catarina","14":"tag-tanz-in-blumenau","15":"tag-tradicoes","16":"pmpro-has-access"},"yoast_head":"<!-- This site is optimized with the Yoast SEO plugin v27.5 - https:\/\/yoast.com\/product\/yoast-seo-wordpress\/ -->\n<title>Grupo imigrantense Sonnenlicht participar\u00e1 do Tanz In Blumenau - Folha Popular<\/title>\n<meta name=\"robots\" content=\"index, follow, max-snippet:-1, max-image-preview:large, max-video-preview:-1\" \/>\n<link rel=\"canonical\" href=\"https:\/\/folhapopular.info\/index.php\/2023\/04\/03\/grupo-imigrantense-sonnenlicht-participara-do-tanz-in-blumenau\/\" \/>\n<meta property=\"og:locale\" content=\"pt_BR\" \/>\n<meta property=\"og:type\" content=\"article\" \/>\n<meta property=\"og:title\" content=\"Grupo imigrantense Sonnenlicht participar\u00e1 do Tanz In Blumenau - Folha Popular\" \/>\n<meta property=\"og:description\" content=\"O Grupo Sonnenlicht de Imigrante participar\u00e1 do Festival de Dan\u00e7a Folcl\u00f3rica Germ\u00e2nica Tanz In Blumenau, de Santa Catarina. O evento \u00e9 promovido pela Associa\u00e7\u00e3o dos Grupos Folcl\u00f3ricos Germ\u00e2nicos do M\u00e9dio Vale do Itaja\u00ed (AFG) e acontecer\u00e1 de 20 a 23 de abril. Atualmente, o grupo tem 120 participantes com idades entre tr\u00eas e 50 anos. [&hellip;]\" \/>\n<meta property=\"og:url\" content=\"https:\/\/folhapopular.info\/index.php\/2023\/04\/03\/grupo-imigrantense-sonnenlicht-participara-do-tanz-in-blumenau\/\" \/>\n<meta property=\"og:site_name\" content=\"Folha Popular\" \/>\n<meta property=\"article:published_time\" content=\"2023-04-03T10:50:36+00:00\" \/>\n<meta property=\"article:modified_time\" content=\"2023-04-03T10:50:39+00:00\" \/>\n<meta property=\"og:image\" content=\"http:\/\/folhapopular.info\/wp-content\/uploads\/2023\/04\/GF-SONNENLICHT-e1680458538276.jpg\" \/>\n\t<meta property=\"og:image:width\" content=\"1200\" \/>\n\t<meta property=\"og:image:height\" content=\"759\" \/>\n\t<meta property=\"og:image:type\" content=\"image\/jpeg\" \/>\n<meta name=\"author\" content=\"Keila Gr\u00e4ff Anhaia\" \/>\n<meta name=\"twitter:card\" content=\"summary_large_image\" \/>\n<meta name=\"twitter:label1\" content=\"Escrito por\" \/>\n\t<meta name=\"twitter:data1\" content=\"Keila Gr\u00e4ff Anhaia\" \/>\n\t<meta name=\"twitter:label2\" content=\"Est. tempo de leitura\" \/>\n\t<meta name=\"twitter:data2\" content=\"2 minutos\" \/>\n<script type=\"application\/ld+json\" class=\"yoast-schema-graph\">{\"@context\":\"https:\\\/\\\/schema.org\",\"@graph\":[{\"@type\":\"Article\",\"@id\":\"https:\\\/\\\/folhapopular.info\\\/index.php\\\/2023\\\/04\\\/03\\\/grupo-imigrantense-sonnenlicht-participara-do-tanz-in-blumenau\\\/#article\",\"isPartOf\":{\"@id\":\"https:\\\/\\\/folhapopular.info\\\/index.php\\\/2023\\\/04\\\/03\\\/grupo-imigrantense-sonnenlicht-participara-do-tanz-in-blumenau\\\/\"},\"author\":{\"name\":\"Keila Gr\u00e4ff Anhaia\",\"@id\":\"https:\\\/\\\/folhapopular.info\\\/#\\\/schema\\\/person\\\/9a5695747e1046d5fac310c552cf6260\"},\"headline\":\"Grupo imigrantense Sonnenlicht participar\u00e1 do Tanz In Blumenau\",\"datePublished\":\"2023-04-03T10:50:36+00:00\",\"dateModified\":\"2023-04-03T10:50:39+00:00\",\"mainEntityOfPage\":{\"@id\":\"https:\\\/\\\/folhapopular.info\\\/index.php\\\/2023\\\/04\\\/03\\\/grupo-imigrantense-sonnenlicht-participara-do-tanz-in-blumenau\\\/\"},\"wordCount\":219,\"commentCount\":0,\"image\":{\"@id\":\"https:\\\/\\\/folhapopular.info\\\/index.php\\\/2023\\\/04\\\/03\\\/grupo-imigrantense-sonnenlicht-participara-do-tanz-in-blumenau\\\/#primaryimage\"},\"thumbnailUrl\":\"https:\\\/\\\/folhapopular.info\\\/wp-content\\\/uploads\\\/2023\\\/04\\\/GF-SONNENLICHT-e1680458538276.jpg\",\"keywords\":[\"Grupos Folcl\u00f3ricos\",\"Imigrante\",\"Participantes\",\"Santa Catarina\",\"Tanz in Blumenau\",\"Tradi\u00e7\u00f5es\"],\"articleSection\":[\"Cultura\",\"Destaques\",\"Inclusive\"],\"inLanguage\":\"pt-BR\",\"potentialAction\":[{\"@type\":\"CommentAction\",\"name\":\"Comment\",\"target\":[\"https:\\\/\\\/folhapopular.info\\\/index.php\\\/2023\\\/04\\\/03\\\/grupo-imigrantense-sonnenlicht-participara-do-tanz-in-blumenau\\\/#respond\"]}]},{\"@type\":\"WebPage\",\"@id\":\"https:\\\/\\\/folhapopular.info\\\/index.php\\\/2023\\\/04\\\/03\\\/grupo-imigrantense-sonnenlicht-participara-do-tanz-in-blumenau\\\/\",\"url\":\"https:\\\/\\\/folhapopular.info\\\/index.php\\\/2023\\\/04\\\/03\\\/grupo-imigrantense-sonnenlicht-participara-do-tanz-in-blumenau\\\/\",\"name\":\"Grupo imigrantense Sonnenlicht participar\u00e1 do Tanz In Blumenau - Folha Popular\",\"isPartOf\":{\"@id\":\"https:\\\/\\\/folhapopular.info\\\/#website\"},\"primaryImageOfPage\":{\"@id\":\"https:\\\/\\\/folhapopular.info\\\/index.php\\\/2023\\\/04\\\/03\\\/grupo-imigrantense-sonnenlicht-participara-do-tanz-in-blumenau\\\/#primaryimage\"},\"image\":{\"@id\":\"https:\\\/\\\/folhapopular.info\\\/index.php\\\/2023\\\/04\\\/03\\\/grupo-imigrantense-sonnenlicht-participara-do-tanz-in-blumenau\\\/#primaryimage\"},\"thumbnailUrl\":\"https:\\\/\\\/folhapopular.info\\\/wp-content\\\/uploads\\\/2023\\\/04\\\/GF-SONNENLICHT-e1680458538276.jpg\",\"datePublished\":\"2023-04-03T10:50:36+00:00\",\"dateModified\":\"2023-04-03T10:50:39+00:00\",\"author\":{\"@id\":\"https:\\\/\\\/folhapopular.info\\\/#\\\/schema\\\/person\\\/9a5695747e1046d5fac310c552cf6260\"},\"breadcrumb\":{\"@id\":\"https:\\\/\\\/folhapopular.info\\\/index.php\\\/2023\\\/04\\\/03\\\/grupo-imigrantense-sonnenlicht-participara-do-tanz-in-blumenau\\\/#breadcrumb\"},\"inLanguage\":\"pt-BR\",\"potentialAction\":[{\"@type\":\"ReadAction\",\"target\":[\"https:\\\/\\\/folhapopular.info\\\/index.php\\\/2023\\\/04\\\/03\\\/grupo-imigrantense-sonnenlicht-participara-do-tanz-in-blumenau\\\/\"]}]},{\"@type\":\"ImageObject\",\"inLanguage\":\"pt-BR\",\"@id\":\"https:\\\/\\\/folhapopular.info\\\/index.php\\\/2023\\\/04\\\/03\\\/grupo-imigrantense-sonnenlicht-participara-do-tanz-in-blumenau\\\/#primaryimage\",\"url\":\"https:\\\/\\\/folhapopular.info\\\/wp-content\\\/uploads\\\/2023\\\/04\\\/GF-SONNENLICHT-e1680458538276.jpg\",\"contentUrl\":\"https:\\\/\\\/folhapopular.info\\\/wp-content\\\/uploads\\\/2023\\\/04\\\/GF-SONNENLICHT-e1680458538276.jpg\",\"width\":1200,\"height\":759,\"caption\":\"Cr\u00e9dito: Divulga\u00e7\u00e3o\"},{\"@type\":\"BreadcrumbList\",\"@id\":\"https:\\\/\\\/folhapopular.info\\\/index.php\\\/2023\\\/04\\\/03\\\/grupo-imigrantense-sonnenlicht-participara-do-tanz-in-blumenau\\\/#breadcrumb\",\"itemListElement\":[{\"@type\":\"ListItem\",\"position\":1,\"name\":\"In\u00edcio\",\"item\":\"https:\\\/\\\/folhapopular.info\\\/\"},{\"@type\":\"ListItem\",\"position\":2,\"name\":\"Grupo imigrantense Sonnenlicht participar\u00e1 do Tanz In Blumenau\"}]},{\"@type\":\"WebSite\",\"@id\":\"https:\\\/\\\/folhapopular.info\\\/#website\",\"url\":\"https:\\\/\\\/folhapopular.info\\\/\",\"name\":\"Folha Popular\",\"description\":\"Onde voc\u00ea tem vez e voz\",\"potentialAction\":[{\"@type\":\"SearchAction\",\"target\":{\"@type\":\"EntryPoint\",\"urlTemplate\":\"https:\\\/\\\/folhapopular.info\\\/?s={search_term_string}\"},\"query-input\":{\"@type\":\"PropertyValueSpecification\",\"valueRequired\":true,\"valueName\":\"search_term_string\"}}],\"inLanguage\":\"pt-BR\"},{\"@type\":\"Person\",\"@id\":\"https:\\\/\\\/folhapopular.info\\\/#\\\/schema\\\/person\\\/9a5695747e1046d5fac310c552cf6260\",\"name\":\"Keila Gr\u00e4ff Anhaia\",\"image\":{\"@type\":\"ImageObject\",\"inLanguage\":\"pt-BR\",\"@id\":\"https:\\\/\\\/secure.gravatar.com\\\/avatar\\\/498ef5bfb389bc7ded562ad94f835a056e934ab779eb2a595c461a735cf74fba?s=96&d=mm&r=g\",\"url\":\"https:\\\/\\\/secure.gravatar.com\\\/avatar\\\/498ef5bfb389bc7ded562ad94f835a056e934ab779eb2a595c461a735cf74fba?s=96&d=mm&r=g\",\"contentUrl\":\"https:\\\/\\\/secure.gravatar.com\\\/avatar\\\/498ef5bfb389bc7ded562ad94f835a056e934ab779eb2a595c461a735cf74fba?s=96&d=mm&r=g\",\"caption\":\"Keila Gr\u00e4ff Anhaia\"},\"url\":\"https:\\\/\\\/folhapopular.info\\\/index.php\\\/author\\\/graffkeilagmail-com\\\/\"}]}<\/script>\n<!-- \/ Yoast SEO plugin. -->","yoast_head_json":{"title":"Grupo imigrantense Sonnenlicht participar\u00e1 do Tanz In Blumenau - Folha Popular","robots":{"index":"index","follow":"follow","max-snippet":"max-snippet:-1","max-image-preview":"max-image-preview:large","max-video-preview":"max-video-preview:-1"},"canonical":"https:\/\/folhapopular.info\/index.php\/2023\/04\/03\/grupo-imigrantense-sonnenlicht-participara-do-tanz-in-blumenau\/","og_locale":"pt_BR","og_type":"article","og_title":"Grupo imigrantense Sonnenlicht participar\u00e1 do Tanz In Blumenau - Folha Popular","og_description":"O Grupo Sonnenlicht de Imigrante participar\u00e1 do Festival de Dan\u00e7a Folcl\u00f3rica Germ\u00e2nica Tanz In Blumenau, de Santa Catarina. O evento \u00e9 promovido pela Associa\u00e7\u00e3o dos Grupos Folcl\u00f3ricos Germ\u00e2nicos do M\u00e9dio Vale do Itaja\u00ed (AFG) e acontecer\u00e1 de 20 a 23 de abril. Atualmente, o grupo tem 120 participantes com idades entre tr\u00eas e 50 anos. [&hellip;]","og_url":"https:\/\/folhapopular.info\/index.php\/2023\/04\/03\/grupo-imigrantense-sonnenlicht-participara-do-tanz-in-blumenau\/","og_site_name":"Folha Popular","article_published_time":"2023-04-03T10:50:36+00:00","article_modified_time":"2023-04-03T10:50:39+00:00","og_image":[{"width":1200,"height":759,"url":"http:\/\/folhapopular.info\/wp-content\/uploads\/2023\/04\/GF-SONNENLICHT-e1680458538276.jpg","type":"image\/jpeg"}],"author":"Keila Gr\u00e4ff Anhaia","twitter_card":"summary_large_image","twitter_misc":{"Escrito por":"Keila Gr\u00e4ff Anhaia","Est. tempo de leitura":"2 minutos"},"schema":{"@context":"https:\/\/schema.org","@graph":[{"@type":"Article","@id":"https:\/\/folhapopular.info\/index.php\/2023\/04\/03\/grupo-imigrantense-sonnenlicht-participara-do-tanz-in-blumenau\/#article","isPartOf":{"@id":"https:\/\/folhapopular.info\/index.php\/2023\/04\/03\/grupo-imigrantense-sonnenlicht-participara-do-tanz-in-blumenau\/"},"author":{"name":"Keila Gr\u00e4ff Anhaia","@id":"https:\/\/folhapopular.info\/#\/schema\/person\/9a5695747e1046d5fac310c552cf6260"},"headline":"Grupo imigrantense Sonnenlicht participar\u00e1 do Tanz In Blumenau","datePublished":"2023-04-03T10:50:36+00:00","dateModified":"2023-04-03T10:50:39+00:00","mainEntityOfPage":{"@id":"https:\/\/folhapopular.info\/index.php\/2023\/04\/03\/grupo-imigrantense-sonnenlicht-participara-do-tanz-in-blumenau\/"},"wordCount":219,"commentCount":0,"image":{"@id":"https:\/\/folhapopular.info\/index.php\/2023\/04\/03\/grupo-imigrantense-sonnenlicht-participara-do-tanz-in-blumenau\/#primaryimage"},"thumbnailUrl":"https:\/\/folhapopular.info\/wp-content\/uploads\/2023\/04\/GF-SONNENLICHT-e1680458538276.jpg","keywords":["Grupos Folcl\u00f3ricos","Imigrante","Participantes","Santa Catarina","Tanz in Blumenau","Tradi\u00e7\u00f5es"],"articleSection":["Cultura","Destaques","Inclusive"],"inLanguage":"pt-BR","potentialAction":[{"@type":"CommentAction","name":"Comment","target":["https:\/\/folhapopular.info\/index.php\/2023\/04\/03\/grupo-imigrantense-sonnenlicht-participara-do-tanz-in-blumenau\/#respond"]}]},{"@type":"WebPage","@id":"https:\/\/folhapopular.info\/index.php\/2023\/04\/03\/grupo-imigrantense-sonnenlicht-participara-do-tanz-in-blumenau\/","url":"https:\/\/folhapopular.info\/index.php\/2023\/04\/03\/grupo-imigrantense-sonnenlicht-participara-do-tanz-in-blumenau\/","name":"Grupo imigrantense Sonnenlicht participar\u00e1 do Tanz In Blumenau - Folha Popular","isPartOf":{"@id":"https:\/\/folhapopular.info\/#website"},"primaryImageOfPage":{"@id":"https:\/\/folhapopular.info\/index.php\/2023\/04\/03\/grupo-imigrantense-sonnenlicht-participara-do-tanz-in-blumenau\/#primaryimage"},"image":{"@id":"https:\/\/folhapopular.info\/index.php\/2023\/04\/03\/grupo-imigrantense-sonnenlicht-participara-do-tanz-in-blumenau\/#primaryimage"},"thumbnailUrl":"https:\/\/folhapopular.info\/wp-content\/uploads\/2023\/04\/GF-SONNENLICHT-e1680458538276.jpg","datePublished":"2023-04-03T10:50:36+00:00","dateModified":"2023-04-03T10:50:39+00:00","author":{"@id":"https:\/\/folhapopular.info\/#\/schema\/person\/9a5695747e1046d5fac310c552cf6260"},"breadcrumb":{"@id":"https:\/\/folhapopular.info\/index.php\/2023\/04\/03\/grupo-imigrantense-sonnenlicht-participara-do-tanz-in-blumenau\/#breadcrumb"},"inLanguage":"pt-BR","potentialAction":[{"@type":"ReadAction","target":["https:\/\/folhapopular.info\/index.php\/2023\/04\/03\/grupo-imigrantense-sonnenlicht-participara-do-tanz-in-blumenau\/"]}]},{"@type":"ImageObject","inLanguage":"pt-BR","@id":"https:\/\/folhapopular.info\/index.php\/2023\/04\/03\/grupo-imigrantense-sonnenlicht-participara-do-tanz-in-blumenau\/#primaryimage","url":"https:\/\/folhapopular.info\/wp-content\/uploads\/2023\/04\/GF-SONNENLICHT-e1680458538276.jpg","contentUrl":"https:\/\/folhapopular.info\/wp-content\/uploads\/2023\/04\/GF-SONNENLICHT-e1680458538276.jpg","width":1200,"height":759,"caption":"Cr\u00e9dito: Divulga\u00e7\u00e3o"},{"@type":"BreadcrumbList","@id":"https:\/\/folhapopular.info\/index.php\/2023\/04\/03\/grupo-imigrantense-sonnenlicht-participara-do-tanz-in-blumenau\/#breadcrumb","itemListElement":[{"@type":"ListItem","position":1,"name":"In\u00edcio","item":"https:\/\/folhapopular.info\/"},{"@type":"ListItem","position":2,"name":"Grupo imigrantense Sonnenlicht participar\u00e1 do Tanz In Blumenau"}]},{"@type":"WebSite","@id":"https:\/\/folhapopular.info\/#website","url":"https:\/\/folhapopular.info\/","name":"Folha Popular","description":"Onde voc\u00ea tem vez e voz","potentialAction":[{"@type":"SearchAction","target":{"@type":"EntryPoint","urlTemplate":"https:\/\/folhapopular.info\/?s={search_term_string}"},"query-input":{"@type":"PropertyValueSpecification","valueRequired":true,"valueName":"search_term_string"}}],"inLanguage":"pt-BR"},{"@type":"Person","@id":"https:\/\/folhapopular.info\/#\/schema\/person\/9a5695747e1046d5fac310c552cf6260","name":"Keila Gr\u00e4ff Anhaia","image":{"@type":"ImageObject","inLanguage":"pt-BR","@id":"https:\/\/secure.gravatar.com\/avatar\/498ef5bfb389bc7ded562ad94f835a056e934ab779eb2a595c461a735cf74fba?s=96&d=mm&r=g","url":"https:\/\/secure.gravatar.com\/avatar\/498ef5bfb389bc7ded562ad94f835a056e934ab779eb2a595c461a735cf74fba?s=96&d=mm&r=g","contentUrl":"https:\/\/secure.gravatar.com\/avatar\/498ef5bfb389bc7ded562ad94f835a056e934ab779eb2a595c461a735cf74fba?s=96&d=mm&r=g","caption":"Keila Gr\u00e4ff Anhaia"},"url":"https:\/\/folhapopular.info\/index.php\/author\/graffkeilagmail-com\/"}]}},"jetpack_featured_media_url":"https:\/\/folhapopular.info\/wp-content\/uploads\/2023\/04\/GF-SONNENLICHT-e1680458538276.jpg","jetpack_sharing_enabled":true,"amp_enabled":true,"_links":{"self":[{"href":"https:\/\/folhapopular.info\/index.php\/wp-json\/wp\/v2\/posts\/124822","targetHints":{"allow":["GET"]}}],"collection":[{"href":"https:\/\/folhapopular.info\/index.php\/wp-json\/wp\/v2\/posts"}],"about":[{"href":"https:\/\/folhapopular.info\/index.php\/wp-json\/wp\/v2\/types\/post"}],"author":[{"embeddable":true,"href":"https:\/\/folhapopular.info\/index.php\/wp-json\/wp\/v2\/users\/636"}],"replies":[{"embeddable":true,"href":"https:\/\/folhapopular.info\/index.php\/wp-json\/wp\/v2\/comments?post=124822"}],"version-history":[{"count":0,"href":"https:\/\/folhapopular.info\/index.php\/wp-json\/wp\/v2\/posts\/124822\/revisions"}],"wp:featuredmedia":[{"embeddable":true,"href":"https:\/\/folhapopular.info\/index.php\/wp-json\/wp\/v2\/media\/124853"}],"wp:attachment":[{"href":"https:\/\/folhapopular.info\/index.php\/wp-json\/wp\/v2\/media?parent=124822"}],"wp:term":[{"taxonomy":"category","embeddable":true,"href":"https:\/\/folhapopular.info\/index.php\/wp-json\/wp\/v2\/categories?post=124822"},{"taxonomy":"post_tag","embeddable":true,"href":"https:\/\/folhapopular.info\/index.php\/wp-json\/wp\/v2\/tags?post=124822"}],"curies":[{"name":"wp","href":"https:\/\/api.w.org\/{rel}","templated":true}]}}