{"id":124891,"date":"2023-04-03T08:14:31","date_gmt":"2023-04-03T11:14:31","guid":{"rendered":"https:\/\/folhapopular.info\/?p=124891"},"modified":"2023-04-03T08:14:33","modified_gmt":"2023-04-03T11:14:33","slug":"5o-trem-dos-vales-tera-92-passeios-de-agosto-a-setembro","status":"publish","type":"post","link":"https:\/\/folhapopular.info\/index.php\/2023\/04\/03\/5o-trem-dos-vales-tera-92-passeios-de-agosto-a-setembro\/","title":{"rendered":"5\u00ba Trem dos Vales ter\u00e1 92 passeios de agosto a setembro"},"content":{"rendered":"\n<p>A quinta edi\u00e7\u00e3o do Trem dos Vales foi lan\u00e7ada oficialmente na sexta-feira (31\/3), em um evento comemorativo no estande na 37\u00aa Feira da Uni\u00e3o Ga\u00facha dos Representantes e Operadores do Turismo (Ugart), em Porto Alegre. A programa\u00e7\u00e3o contou com a presen\u00e7a de ag\u00eancias, operadoras de viagens e autoridades, dentre as quais prefeitos e secret\u00e1rios de turismo dos sete munic\u00edpios que integram todo o projeto do Trem dos Vales: Estrela, Colinas, Roca Sales, Mu\u00e7um, Vespasiano Corr\u00eaa, Dois Lajeados e Guapor\u00e9.<\/p>\n\n\n\n<p>A edi\u00e7\u00e3o de 2023 do roteiro ser\u00e1 realizada de agosto a dezembro, em um total de 92 passeios. Ser\u00e3o cinco meses de divers\u00e3o, hist\u00f3rias, cultura, natureza e aventuras pelos trilhos da Ferrovia do Trigo. A proje\u00e7\u00e3o da organiza\u00e7\u00e3o \u00e9 de que mais de 45 mil visitantes realizem os passeios, injetando cerca de R$ 12 milh\u00f5es na economia regional.<\/p>\n\n\n\n<p>O coordenador do Trem dos Vales, Rafael Fontana, ressalta que, a partir do lan\u00e7amento, inicia-se a comercializa\u00e7\u00e3o dos bilhetes e toda a mobiliza\u00e7\u00e3o regional para que se alavanque o turismo dos vales. \u201cEstamos muito contentes em chegar \u00e0 5\u00aa edi\u00e7\u00e3o do Trem dos Vales. Agradecemos a parceria da Rumo, Associa\u00e7\u00e3o Brasileira de Preserva\u00e7\u00e3o Ferrovi\u00e1ria (ABPF), Amturvales e das prefeituras envolvidas, todos fundamentais para a viabilidade do projeto&#8221;, diz. <\/p>\n\n\n\n<p>&#8220;Oportunizar esse passeio maravilhoso a cada ano nos desafia a oferecer uma experi\u00eancia \u00fanica ao passageiro. A cada edi\u00e7\u00e3o, todos os envolvidos se dedicam ao m\u00e1ximo para oferecer uma experi\u00eancia m\u00e1gica e inesquec\u00edvel. Al\u00e9m de sucesso de p\u00fablico, a cada temporada fortalecemos o trade tur\u00edstico regional, conquistando resultados positivos, com empreendimentos de todo o Vale recebendo pessoas, e n\u00e3o somente os que est\u00e3o na rota do passeio. Neste ano, certamente teremos esse retorno por meio da amplia\u00e7\u00e3o do n\u00famero de viagens e meses de realiza\u00e7\u00e3o dos passeios&#8221;, completa.<\/p>\n\n\n\n<h2 class=\"wp-block-heading\"><strong>Quarta Edi\u00e7\u00e3o<\/strong><\/h2>\n\n\n\n<p>A quarta edi\u00e7\u00e3o do Trem dos Vales, realizada em 2022, oportunizou 60 passeios, atraindo 35,8 mil turistas. A coordena\u00e7\u00e3o estimou que o gasto m\u00e9dio por turista na regi\u00e3o foi de R$ 290, o que gerou um incremento de mais de R$ 10 milh\u00f5es na economia regional. Foram beneficiados mais de 350 empreendimentos, entre restaurantes, pousadas, hot\u00e9is, padarias, postos de combust\u00edvel, ag\u00eancias de viagens, farm\u00e1cias, empresas de \u00f4nibus, parques, agroind\u00fastrias familiares e vin\u00edcolas.<\/p>\n\n\n\n<h2 class=\"wp-block-heading\"><strong>Mais sobre o passeio<\/strong><\/h2>\n\n\n\n<p>O Trem dos Vales perpassa a hist\u00f3ria da Ferrovia do Trigo pelos trilhos entre os munic\u00edpios de Guapor\u00e9, Dois Lajeados, Vespasiano Corr\u00eaa e Mu\u00e7um. Os passeios t\u00eam dura\u00e7\u00e3o de 2h30.<\/p>\n\n\n\n<p>Para as viagens s\u00e3o utilizadas as locomotivas diesel-el\u00e9tricas G12 ou GL8, ambas General Purpouse, fabricadas pela Electro Motive Division, sendo a primeira produzida em junho de 1957 e a segunda em maio de 1961.<\/p>\n\n\n\n<p>Tamb\u00e9m fazem parte da composi\u00e7\u00e3o os carros de passageiros de forma\u00e7\u00e3o hist\u00f3rica, todos restaurados e preservados, sendo alguns originais das d\u00e9cadas de 1920 e 1930, oriundos de diversas partes do Brasil e do exterior.<\/p>\n\n\n\n<p>No trajeto de 46 quil\u00f4metros, a viagem apresenta aos passageiros 23 t\u00faneis e 15 viadutos. Entre eles, o Viaduto do Ex\u00e9rcito ou V13, considerado o maior da Am\u00e9rica do Sul, com 143 metros de altura e 509 metros de extens\u00e3o. O trem tamb\u00e9m atravessa os viadutos Pesseguinho e Mula Preta.<\/p>\n\n\n\n<h3 class=\"wp-block-heading\"><strong>Dias e hor\u00e1rios<\/strong><\/h3>\n\n\n\n<p>Os roteiros ocorrem aos s\u00e1bados, domingos, feriados e em alguns dias da semana.<\/p>\n\n\n\n<p>Agosto: Dias 12, 13, 19, 20, 26 e 27; <\/p>\n\n\n\n<p>Setembro: Dias 2, 3, 7, 8, 9, 10, 16, 17, 20, 23, 24 e 30;<\/p>\n\n\n\n<p>Outubro: Dias 1\u00ba, 7, 8, 12, 13, 14, 15, 21, 22, 28, 29;<\/p>\n\n\n\n<p>Novembro: Dias 2, 3, 4, 5, 11, 12, 15, 18, 19, 25 e 26; <\/p>\n\n\n\n<p>Dezembro: Dias 2, 3, 9, 10, 16 e 17.<\/p>\n\n\n\n<p>Os passeios s\u00e3o realizados duas vezes ao dia, de Guapor\u00e9 a Mu\u00e7um, com sa\u00edda \u00e0s 9h, e de Mu\u00e7um a Guapor\u00e9, com partida \u00e0s 14h30,  este \u00faltimo contemplando somente a ida. Nos dois percursos, o retorno dos passageiros aos munic\u00edpios de partida dos trens acontece por meio de transporte rodovi\u00e1rio.<\/p>\n\n\n\n<p>O valor do passeio por pessoa \u00e9 de R$ 154 e os bilhetes j\u00e1 est\u00e3o \u00e0 venda no <a href=\"http:\/\/www.tremdosvales.com.br\">site do Trem dos Vales<\/a>\u00a0ou pelo telefone (47) 3307-9977 (WhatsApp).<\/p>\n","protected":false},"excerpt":{"rendered":"<p>A quinta edi\u00e7\u00e3o do Trem dos Vales foi lan\u00e7ada oficialmente na sexta-feira (31\/3), em um evento comemorativo no estande na 37\u00aa Feira da Uni\u00e3o Ga\u00facha dos Representantes e Operadores do Turismo (Ugart), em Porto Alegre. A programa\u00e7\u00e3o contou com a presen\u00e7a de ag\u00eancias, operadoras de viagens e autoridades, dentre as quais prefeitos e secret\u00e1rios de [&hellip;]<\/p>\n","protected":false},"author":8,"featured_media":124895,"comment_status":"open","ping_status":"open","sticky":false,"template":"","format":"standard","meta":{"pmpro_default_level":"","_jetpack_memberships_contains_paid_content":false,"footnotes":""},"categories":[2,6,11000],"tags":[2022,183,3144,8,2506,1655,2257,707,4672,82,11573,11572],"class_list":{"0":"post-124891","1":"post","2":"type-post","3":"status-publish","4":"format-standard","5":"has-post-thumbnail","7":"category-featured","8":"category-inclusive","9":"category-turismo","10":"tag-amturvales","11":"tag-colinas","12":"tag-dois-lajeados","13":"tag-estrela","14":"tag-ferrovia","15":"tag-guapore","16":"tag-mucum","17":"tag-roca-sales","18":"tag-trem-dos-vales","19":"tag-turismo","20":"tag-v13","21":"tag-vespasiano-correa-2","22":"pmpro-has-access"},"yoast_head":"<!-- This site is optimized with the Yoast SEO plugin v27.4 - https:\/\/yoast.com\/product\/yoast-seo-wordpress\/ -->\n<title>5\u00ba Trem dos Vales ter\u00e1 92 passeios de agosto a setembro - Folha Popular<\/title>\n<meta name=\"robots\" content=\"index, follow, max-snippet:-1, max-image-preview:large, max-video-preview:-1\" \/>\n<link rel=\"canonical\" href=\"https:\/\/folhapopular.info\/index.php\/2023\/04\/03\/5o-trem-dos-vales-tera-92-passeios-de-agosto-a-setembro\/\" \/>\n<meta property=\"og:locale\" content=\"pt_BR\" \/>\n<meta property=\"og:type\" content=\"article\" \/>\n<meta property=\"og:title\" content=\"5\u00ba Trem dos Vales ter\u00e1 92 passeios de agosto a setembro - Folha Popular\" \/>\n<meta property=\"og:description\" content=\"A quinta edi\u00e7\u00e3o do Trem dos Vales foi lan\u00e7ada oficialmente na sexta-feira (31\/3), em um evento comemorativo no estande na 37\u00aa Feira da Uni\u00e3o Ga\u00facha dos Representantes e Operadores do Turismo (Ugart), em Porto Alegre. A programa\u00e7\u00e3o contou com a presen\u00e7a de ag\u00eancias, operadoras de viagens e autoridades, dentre as quais prefeitos e secret\u00e1rios de [&hellip;]\" \/>\n<meta property=\"og:url\" content=\"https:\/\/folhapopular.info\/index.php\/2023\/04\/03\/5o-trem-dos-vales-tera-92-passeios-de-agosto-a-setembro\/\" \/>\n<meta property=\"og:site_name\" content=\"Folha Popular\" \/>\n<meta property=\"article:published_time\" content=\"2023-04-03T11:14:31+00:00\" \/>\n<meta property=\"article:modified_time\" content=\"2023-04-03T11:14:33+00:00\" \/>\n<meta property=\"og:image\" content=\"http:\/\/folhapopular.info\/wp-content\/uploads\/2023\/04\/Foto-1_Credito_Juniana-Castanho-Persch.jpeg\" \/>\n\t<meta property=\"og:image:width\" content=\"1200\" \/>\n\t<meta property=\"og:image:height\" content=\"1600\" \/>\n\t<meta property=\"og:image:type\" content=\"image\/jpeg\" \/>\n<meta name=\"author\" content=\"Reda\u00e7\u00e3o Folha Popular\" \/>\n<meta name=\"twitter:card\" content=\"summary_large_image\" \/>\n<meta name=\"twitter:label1\" content=\"Escrito por\" \/>\n\t<meta name=\"twitter:data1\" content=\"Reda\u00e7\u00e3o Folha Popular\" \/>\n\t<meta name=\"twitter:label2\" content=\"Est. tempo de leitura\" \/>\n\t<meta name=\"twitter:data2\" content=\"4 minutos\" \/>\n<script type=\"application\/ld+json\" class=\"yoast-schema-graph\">{\"@context\":\"https:\\\/\\\/schema.org\",\"@graph\":[{\"@type\":\"Article\",\"@id\":\"https:\\\/\\\/folhapopular.info\\\/index.php\\\/2023\\\/04\\\/03\\\/5o-trem-dos-vales-tera-92-passeios-de-agosto-a-setembro\\\/#article\",\"isPartOf\":{\"@id\":\"https:\\\/\\\/folhapopular.info\\\/index.php\\\/2023\\\/04\\\/03\\\/5o-trem-dos-vales-tera-92-passeios-de-agosto-a-setembro\\\/\"},\"author\":{\"name\":\"Reda\u00e7\u00e3o Folha Popular\",\"@id\":\"https:\\\/\\\/folhapopular.info\\\/#\\\/schema\\\/person\\\/2814e8a0df7643585a9ca38bc6eb9d4b\"},\"headline\":\"5\u00ba Trem dos Vales ter\u00e1 92 passeios de agosto a setembro\",\"datePublished\":\"2023-04-03T11:14:31+00:00\",\"dateModified\":\"2023-04-03T11:14:33+00:00\",\"mainEntityOfPage\":{\"@id\":\"https:\\\/\\\/folhapopular.info\\\/index.php\\\/2023\\\/04\\\/03\\\/5o-trem-dos-vales-tera-92-passeios-de-agosto-a-setembro\\\/\"},\"wordCount\":688,\"commentCount\":0,\"image\":{\"@id\":\"https:\\\/\\\/folhapopular.info\\\/index.php\\\/2023\\\/04\\\/03\\\/5o-trem-dos-vales-tera-92-passeios-de-agosto-a-setembro\\\/#primaryimage\"},\"thumbnailUrl\":\"https:\\\/\\\/folhapopular.info\\\/wp-content\\\/uploads\\\/2023\\\/04\\\/Foto-1_Credito_Juniana-Castanho-Persch.jpeg\",\"keywords\":[\"Amturvales\",\"Colinas\",\"Dois Lajeados\",\"Estrela\",\"ferrovia\",\"Guapor\u00e9\",\"Mu\u00e7um\",\"Roca Sales\",\"Trem dos Vales\",\"Turismo\",\"v13\",\"vespasiano correa\"],\"articleSection\":[\"Destaques\",\"Inclusive\",\"Turismo\"],\"inLanguage\":\"pt-BR\",\"potentialAction\":[{\"@type\":\"CommentAction\",\"name\":\"Comment\",\"target\":[\"https:\\\/\\\/folhapopular.info\\\/index.php\\\/2023\\\/04\\\/03\\\/5o-trem-dos-vales-tera-92-passeios-de-agosto-a-setembro\\\/#respond\"]}]},{\"@type\":\"WebPage\",\"@id\":\"https:\\\/\\\/folhapopular.info\\\/index.php\\\/2023\\\/04\\\/03\\\/5o-trem-dos-vales-tera-92-passeios-de-agosto-a-setembro\\\/\",\"url\":\"https:\\\/\\\/folhapopular.info\\\/index.php\\\/2023\\\/04\\\/03\\\/5o-trem-dos-vales-tera-92-passeios-de-agosto-a-setembro\\\/\",\"name\":\"5\u00ba Trem dos Vales ter\u00e1 92 passeios de agosto a setembro - Folha Popular\",\"isPartOf\":{\"@id\":\"https:\\\/\\\/folhapopular.info\\\/#website\"},\"primaryImageOfPage\":{\"@id\":\"https:\\\/\\\/folhapopular.info\\\/index.php\\\/2023\\\/04\\\/03\\\/5o-trem-dos-vales-tera-92-passeios-de-agosto-a-setembro\\\/#primaryimage\"},\"image\":{\"@id\":\"https:\\\/\\\/folhapopular.info\\\/index.php\\\/2023\\\/04\\\/03\\\/5o-trem-dos-vales-tera-92-passeios-de-agosto-a-setembro\\\/#primaryimage\"},\"thumbnailUrl\":\"https:\\\/\\\/folhapopular.info\\\/wp-content\\\/uploads\\\/2023\\\/04\\\/Foto-1_Credito_Juniana-Castanho-Persch.jpeg\",\"datePublished\":\"2023-04-03T11:14:31+00:00\",\"dateModified\":\"2023-04-03T11:14:33+00:00\",\"author\":{\"@id\":\"https:\\\/\\\/folhapopular.info\\\/#\\\/schema\\\/person\\\/2814e8a0df7643585a9ca38bc6eb9d4b\"},\"breadcrumb\":{\"@id\":\"https:\\\/\\\/folhapopular.info\\\/index.php\\\/2023\\\/04\\\/03\\\/5o-trem-dos-vales-tera-92-passeios-de-agosto-a-setembro\\\/#breadcrumb\"},\"inLanguage\":\"pt-BR\",\"potentialAction\":[{\"@type\":\"ReadAction\",\"target\":[\"https:\\\/\\\/folhapopular.info\\\/index.php\\\/2023\\\/04\\\/03\\\/5o-trem-dos-vales-tera-92-passeios-de-agosto-a-setembro\\\/\"]}]},{\"@type\":\"ImageObject\",\"inLanguage\":\"pt-BR\",\"@id\":\"https:\\\/\\\/folhapopular.info\\\/index.php\\\/2023\\\/04\\\/03\\\/5o-trem-dos-vales-tera-92-passeios-de-agosto-a-setembro\\\/#primaryimage\",\"url\":\"https:\\\/\\\/folhapopular.info\\\/wp-content\\\/uploads\\\/2023\\\/04\\\/Foto-1_Credito_Juniana-Castanho-Persch.jpeg\",\"contentUrl\":\"https:\\\/\\\/folhapopular.info\\\/wp-content\\\/uploads\\\/2023\\\/04\\\/Foto-1_Credito_Juniana-Castanho-Persch.jpeg\",\"width\":1200,\"height\":1600,\"caption\":\"Coordenador do Trem dos Vales, Rafael Fontana, apresentou a nova edi\u00e7\u00e3o. Cr\u00e9ditos: Juniana Castanho Persch\"},{\"@type\":\"BreadcrumbList\",\"@id\":\"https:\\\/\\\/folhapopular.info\\\/index.php\\\/2023\\\/04\\\/03\\\/5o-trem-dos-vales-tera-92-passeios-de-agosto-a-setembro\\\/#breadcrumb\",\"itemListElement\":[{\"@type\":\"ListItem\",\"position\":1,\"name\":\"In\u00edcio\",\"item\":\"https:\\\/\\\/folhapopular.info\\\/\"},{\"@type\":\"ListItem\",\"position\":2,\"name\":\"5\u00ba Trem dos Vales ter\u00e1 92 passeios de agosto a setembro\"}]},{\"@type\":\"WebSite\",\"@id\":\"https:\\\/\\\/folhapopular.info\\\/#website\",\"url\":\"https:\\\/\\\/folhapopular.info\\\/\",\"name\":\"Folha Popular\",\"description\":\"Onde voc\u00ea tem vez e voz\",\"potentialAction\":[{\"@type\":\"SearchAction\",\"target\":{\"@type\":\"EntryPoint\",\"urlTemplate\":\"https:\\\/\\\/folhapopular.info\\\/?s={search_term_string}\"},\"query-input\":{\"@type\":\"PropertyValueSpecification\",\"valueRequired\":true,\"valueName\":\"search_term_string\"}}],\"inLanguage\":\"pt-BR\"},{\"@type\":\"Person\",\"@id\":\"https:\\\/\\\/folhapopular.info\\\/#\\\/schema\\\/person\\\/2814e8a0df7643585a9ca38bc6eb9d4b\",\"name\":\"Reda\u00e7\u00e3o Folha Popular\",\"image\":{\"@type\":\"ImageObject\",\"inLanguage\":\"pt-BR\",\"@id\":\"https:\\\/\\\/folhapopular.info\\\/wp-content\\\/uploads\\\/2026\\\/04\\\/Folha-1.webp\",\"url\":\"https:\\\/\\\/folhapopular.info\\\/wp-content\\\/uploads\\\/2026\\\/04\\\/Folha-1.webp\",\"contentUrl\":\"https:\\\/\\\/folhapopular.info\\\/wp-content\\\/uploads\\\/2026\\\/04\\\/Folha-1.webp\",\"caption\":\"Reda\u00e7\u00e3o Folha Popular\"},\"url\":\"https:\\\/\\\/folhapopular.info\\\/index.php\\\/author\\\/redacao\\\/\"}]}<\/script>\n<!-- \/ Yoast SEO plugin. -->","yoast_head_json":{"title":"5\u00ba Trem dos Vales ter\u00e1 92 passeios de agosto a setembro - Folha Popular","robots":{"index":"index","follow":"follow","max-snippet":"max-snippet:-1","max-image-preview":"max-image-preview:large","max-video-preview":"max-video-preview:-1"},"canonical":"https:\/\/folhapopular.info\/index.php\/2023\/04\/03\/5o-trem-dos-vales-tera-92-passeios-de-agosto-a-setembro\/","og_locale":"pt_BR","og_type":"article","og_title":"5\u00ba Trem dos Vales ter\u00e1 92 passeios de agosto a setembro - Folha Popular","og_description":"A quinta edi\u00e7\u00e3o do Trem dos Vales foi lan\u00e7ada oficialmente na sexta-feira (31\/3), em um evento comemorativo no estande na 37\u00aa Feira da Uni\u00e3o Ga\u00facha dos Representantes e Operadores do Turismo (Ugart), em Porto Alegre. A programa\u00e7\u00e3o contou com a presen\u00e7a de ag\u00eancias, operadoras de viagens e autoridades, dentre as quais prefeitos e secret\u00e1rios de [&hellip;]","og_url":"https:\/\/folhapopular.info\/index.php\/2023\/04\/03\/5o-trem-dos-vales-tera-92-passeios-de-agosto-a-setembro\/","og_site_name":"Folha Popular","article_published_time":"2023-04-03T11:14:31+00:00","article_modified_time":"2023-04-03T11:14:33+00:00","og_image":[{"width":1200,"height":1600,"url":"http:\/\/folhapopular.info\/wp-content\/uploads\/2023\/04\/Foto-1_Credito_Juniana-Castanho-Persch.jpeg","type":"image\/jpeg"}],"author":"Reda\u00e7\u00e3o Folha Popular","twitter_card":"summary_large_image","twitter_misc":{"Escrito por":"Reda\u00e7\u00e3o Folha Popular","Est. tempo de leitura":"4 minutos"},"schema":{"@context":"https:\/\/schema.org","@graph":[{"@type":"Article","@id":"https:\/\/folhapopular.info\/index.php\/2023\/04\/03\/5o-trem-dos-vales-tera-92-passeios-de-agosto-a-setembro\/#article","isPartOf":{"@id":"https:\/\/folhapopular.info\/index.php\/2023\/04\/03\/5o-trem-dos-vales-tera-92-passeios-de-agosto-a-setembro\/"},"author":{"name":"Reda\u00e7\u00e3o Folha Popular","@id":"https:\/\/folhapopular.info\/#\/schema\/person\/2814e8a0df7643585a9ca38bc6eb9d4b"},"headline":"5\u00ba Trem dos Vales ter\u00e1 92 passeios de agosto a setembro","datePublished":"2023-04-03T11:14:31+00:00","dateModified":"2023-04-03T11:14:33+00:00","mainEntityOfPage":{"@id":"https:\/\/folhapopular.info\/index.php\/2023\/04\/03\/5o-trem-dos-vales-tera-92-passeios-de-agosto-a-setembro\/"},"wordCount":688,"commentCount":0,"image":{"@id":"https:\/\/folhapopular.info\/index.php\/2023\/04\/03\/5o-trem-dos-vales-tera-92-passeios-de-agosto-a-setembro\/#primaryimage"},"thumbnailUrl":"https:\/\/folhapopular.info\/wp-content\/uploads\/2023\/04\/Foto-1_Credito_Juniana-Castanho-Persch.jpeg","keywords":["Amturvales","Colinas","Dois Lajeados","Estrela","ferrovia","Guapor\u00e9","Mu\u00e7um","Roca Sales","Trem dos Vales","Turismo","v13","vespasiano correa"],"articleSection":["Destaques","Inclusive","Turismo"],"inLanguage":"pt-BR","potentialAction":[{"@type":"CommentAction","name":"Comment","target":["https:\/\/folhapopular.info\/index.php\/2023\/04\/03\/5o-trem-dos-vales-tera-92-passeios-de-agosto-a-setembro\/#respond"]}]},{"@type":"WebPage","@id":"https:\/\/folhapopular.info\/index.php\/2023\/04\/03\/5o-trem-dos-vales-tera-92-passeios-de-agosto-a-setembro\/","url":"https:\/\/folhapopular.info\/index.php\/2023\/04\/03\/5o-trem-dos-vales-tera-92-passeios-de-agosto-a-setembro\/","name":"5\u00ba Trem dos Vales ter\u00e1 92 passeios de agosto a setembro - Folha Popular","isPartOf":{"@id":"https:\/\/folhapopular.info\/#website"},"primaryImageOfPage":{"@id":"https:\/\/folhapopular.info\/index.php\/2023\/04\/03\/5o-trem-dos-vales-tera-92-passeios-de-agosto-a-setembro\/#primaryimage"},"image":{"@id":"https:\/\/folhapopular.info\/index.php\/2023\/04\/03\/5o-trem-dos-vales-tera-92-passeios-de-agosto-a-setembro\/#primaryimage"},"thumbnailUrl":"https:\/\/folhapopular.info\/wp-content\/uploads\/2023\/04\/Foto-1_Credito_Juniana-Castanho-Persch.jpeg","datePublished":"2023-04-03T11:14:31+00:00","dateModified":"2023-04-03T11:14:33+00:00","author":{"@id":"https:\/\/folhapopular.info\/#\/schema\/person\/2814e8a0df7643585a9ca38bc6eb9d4b"},"breadcrumb":{"@id":"https:\/\/folhapopular.info\/index.php\/2023\/04\/03\/5o-trem-dos-vales-tera-92-passeios-de-agosto-a-setembro\/#breadcrumb"},"inLanguage":"pt-BR","potentialAction":[{"@type":"ReadAction","target":["https:\/\/folhapopular.info\/index.php\/2023\/04\/03\/5o-trem-dos-vales-tera-92-passeios-de-agosto-a-setembro\/"]}]},{"@type":"ImageObject","inLanguage":"pt-BR","@id":"https:\/\/folhapopular.info\/index.php\/2023\/04\/03\/5o-trem-dos-vales-tera-92-passeios-de-agosto-a-setembro\/#primaryimage","url":"https:\/\/folhapopular.info\/wp-content\/uploads\/2023\/04\/Foto-1_Credito_Juniana-Castanho-Persch.jpeg","contentUrl":"https:\/\/folhapopular.info\/wp-content\/uploads\/2023\/04\/Foto-1_Credito_Juniana-Castanho-Persch.jpeg","width":1200,"height":1600,"caption":"Coordenador do Trem dos Vales, Rafael Fontana, apresentou a nova edi\u00e7\u00e3o. Cr\u00e9ditos: Juniana Castanho Persch"},{"@type":"BreadcrumbList","@id":"https:\/\/folhapopular.info\/index.php\/2023\/04\/03\/5o-trem-dos-vales-tera-92-passeios-de-agosto-a-setembro\/#breadcrumb","itemListElement":[{"@type":"ListItem","position":1,"name":"In\u00edcio","item":"https:\/\/folhapopular.info\/"},{"@type":"ListItem","position":2,"name":"5\u00ba Trem dos Vales ter\u00e1 92 passeios de agosto a setembro"}]},{"@type":"WebSite","@id":"https:\/\/folhapopular.info\/#website","url":"https:\/\/folhapopular.info\/","name":"Folha Popular","description":"Onde voc\u00ea tem vez e voz","potentialAction":[{"@type":"SearchAction","target":{"@type":"EntryPoint","urlTemplate":"https:\/\/folhapopular.info\/?s={search_term_string}"},"query-input":{"@type":"PropertyValueSpecification","valueRequired":true,"valueName":"search_term_string"}}],"inLanguage":"pt-BR"},{"@type":"Person","@id":"https:\/\/folhapopular.info\/#\/schema\/person\/2814e8a0df7643585a9ca38bc6eb9d4b","name":"Reda\u00e7\u00e3o Folha Popular","image":{"@type":"ImageObject","inLanguage":"pt-BR","@id":"https:\/\/folhapopular.info\/wp-content\/uploads\/2026\/04\/Folha-1.webp","url":"https:\/\/folhapopular.info\/wp-content\/uploads\/2026\/04\/Folha-1.webp","contentUrl":"https:\/\/folhapopular.info\/wp-content\/uploads\/2026\/04\/Folha-1.webp","caption":"Reda\u00e7\u00e3o Folha Popular"},"url":"https:\/\/folhapopular.info\/index.php\/author\/redacao\/"}]}},"jetpack_featured_media_url":"https:\/\/folhapopular.info\/wp-content\/uploads\/2023\/04\/Foto-1_Credito_Juniana-Castanho-Persch.jpeg","jetpack_sharing_enabled":true,"amp_enabled":true,"_links":{"self":[{"href":"https:\/\/folhapopular.info\/index.php\/wp-json\/wp\/v2\/posts\/124891","targetHints":{"allow":["GET"]}}],"collection":[{"href":"https:\/\/folhapopular.info\/index.php\/wp-json\/wp\/v2\/posts"}],"about":[{"href":"https:\/\/folhapopular.info\/index.php\/wp-json\/wp\/v2\/types\/post"}],"author":[{"embeddable":true,"href":"https:\/\/folhapopular.info\/index.php\/wp-json\/wp\/v2\/users\/8"}],"replies":[{"embeddable":true,"href":"https:\/\/folhapopular.info\/index.php\/wp-json\/wp\/v2\/comments?post=124891"}],"version-history":[{"count":0,"href":"https:\/\/folhapopular.info\/index.php\/wp-json\/wp\/v2\/posts\/124891\/revisions"}],"wp:featuredmedia":[{"embeddable":true,"href":"https:\/\/folhapopular.info\/index.php\/wp-json\/wp\/v2\/media\/124895"}],"wp:attachment":[{"href":"https:\/\/folhapopular.info\/index.php\/wp-json\/wp\/v2\/media?parent=124891"}],"wp:term":[{"taxonomy":"category","embeddable":true,"href":"https:\/\/folhapopular.info\/index.php\/wp-json\/wp\/v2\/categories?post=124891"},{"taxonomy":"post_tag","embeddable":true,"href":"https:\/\/folhapopular.info\/index.php\/wp-json\/wp\/v2\/tags?post=124891"}],"curies":[{"name":"wp","href":"https:\/\/api.w.org\/{rel}","templated":true}]}}