{"id":125084,"date":"2023-04-05T07:57:11","date_gmt":"2023-04-05T10:57:11","guid":{"rendered":"https:\/\/folhapopular.info\/?p=125084"},"modified":"2023-04-05T07:57:13","modified_gmt":"2023-04-05T10:57:13","slug":"surto-de-mao-pe-boca-saiba-como-identificar-a-doenca","status":"publish","type":"post","link":"https:\/\/folhapopular.info\/index.php\/2023\/04\/05\/surto-de-mao-pe-boca-saiba-como-identificar-a-doenca\/","title":{"rendered":"<strong>Surto de \u201cm\u00e3o-p\u00e9-boca\u201d: saiba como identificar a doen\u00e7a<\/strong>"},"content":{"rendered":"\n<p>Como diz o nome, a doen\u00e7a \u201cm\u00e3o-p\u00e9-boca\u201d atinge diretamente essas partes do corpo. Comum em crian\u00e7as de at\u00e9 5 anos, Teut\u00f4nia e munic\u00edpios da regi\u00e3o apresentaram v\u00e1rios casos nas \u00faltimas semanas. Conforme n\u00fameros da Vigil\u00e2ncia Endemiol\u00f3gica de Teut\u00f4nia, foram 15 notifica\u00e7\u00f5es em duas escolas infantis, contudo h\u00e1 informa\u00e7\u00f5es de mais casos extraoficiais.<\/p>\n\n\n\n<p>O m\u00e9dico pediatra Fausto Steckel explica que \u00e9 uma infec\u00e7\u00e3o viral contagiosa caracterizada por pequenas feridas avermelhadas na cavidade oral, m\u00e3os e p\u00e9s. A doen\u00e7a est\u00e1 geralmente vinculada ao v\u00edrus <em>Coxsackie<\/em>, da fam\u00edlia dos \u2018enterov\u00edrus\u2019. Ela pode durar de tr\u00eas a seis dias, mas fica nas fezes da crian\u00e7a por cerca de quatro semanas, assim o v\u00edrus pode ser transmitido. \u201cAssim como os v\u00edrus da gripe, bronquiolite, catapora, gastroenterite, entre tantos outros que acometem as crian\u00e7as. Este v\u00edrus apresenta sintomas inespec\u00edficos, como coriza nasal, diarreia, v\u00f4mitos, dor de cabe\u00e7a, febre alta e persistente, mas principalmente bolinhas vermelhas espalhadas pelo corpo\u201d, esclarece.<\/p>\n\n\n\n<p>Assim como em outros v\u00edrus, nesta doen\u00e7a \u00e9 importante que a crian\u00e7a fa\u00e7a repouso, procure um m\u00e9dico para receber orienta\u00e7\u00f5es e medicamentos, ingira mais l\u00edquido e siga com os cuidados prescritos. \u201cAssim como uma gripe, ela tende a se autoeliminar do corpo\u201d, ensina.<\/p>\n\n\n\n<p>O comum \u00e9 a transmiss\u00e3o ocorrer pela via fecal\/oral, atrav\u00e9s do contato direto entre as pessoas ou com as fezes, saliva e outras secre\u00e7\u00f5es ou apor meio de alimentos e de objetos contaminados. As feridas causadas na pele tamb\u00e9m podem transmitir a doen\u00e7a. E a \u00e9poca mais comum, \u00e9 entre outono e inverno, pois as pessoas ficam em locais mais fechados e com menos ventila\u00e7\u00e3o.<\/p>\n\n\n\n<h2 class=\"wp-block-heading\"><strong>NA REGI\u00c3O<\/strong><\/h2>\n\n\n\n<p>O pediatra n\u00e3o sabe a quantidade exata de casos que j\u00e1 atendeu em Teut\u00f4nia com o v\u00edrus, mas ressalta que na regi\u00e3o v\u00e1rias crian\u00e7as j\u00e1 apresentaram sintomas. \u201cEm Colinas j\u00e1 foram mais de 20 atendimentos\u201d, contabiliza.<\/p>\n\n\n\n<p>Lajeado j\u00e1 registrou casos da doen\u00e7a tamb\u00e9m, conforme a Vigil\u00e2ncia Epidemiol\u00f3gica foram cerca de 70 notifica\u00e7\u00f5es.<\/p>\n\n\n\n<p>Em Imigrante, segundo a assessoria de imprensa, s\u00e3o cinco confirmados;<\/p>\n\n\n\n<p>J\u00e1 Estrela, Fazenda Vilanova e Po\u00e7o das Antas, afirmam que n\u00e3o h\u00e1 registro da doen\u00e7a nas escolas.<\/p>\n\n\n\n<h2 class=\"wp-block-heading\"><strong>NO RS<\/strong><\/h2>\n\n\n\n<p>No dia 23 de mar\u00e7o, o<a href=\"https:\/\/g1.globo.com\/rs\/rio-grande-do-sul\/noticia\/2023\/03\/24\/governo-do-rs-emite-alerta-sobre-surtos-de-sindrome-mao-pe-boca-em-criancas-saiba-os-sintomas.ghtml\" target=\"_blank\" rel=\"noreferrer noopener\"> Governo do Estado emitiu um alerta<\/a> sobre surtos da doen\u00e7a. De acordo com a nota emitida pelo Centro Estadual de Vigil\u00e2ncia em Sa\u00fade (Cevs), j\u00e1 foram notificados 20 surtos neste ano.<\/p>\n\n\n\n<p><\/p>\n","protected":false},"excerpt":{"rendered":"<p>Como diz o nome, a doen\u00e7a \u201cm\u00e3o-p\u00e9-boca\u201d atinge diretamente essas partes do corpo. Comum em crian\u00e7as de at\u00e9 5 anos, Teut\u00f4nia e munic\u00edpios da regi\u00e3o apresentaram v\u00e1rios casos nas \u00faltimas semanas. Conforme n\u00fameros da Vigil\u00e2ncia Endemiol\u00f3gica de Teut\u00f4nia, foram 15 notifica\u00e7\u00f5es em duas escolas infantis, contudo h\u00e1 informa\u00e7\u00f5es de mais casos extraoficiais. O m\u00e9dico pediatra [&hellip;]<\/p>\n","protected":false},"author":644,"featured_media":88942,"comment_status":"open","ping_status":"open","sticky":false,"template":"","format":"standard","meta":{"pmpro_default_level":"","_jetpack_memberships_contains_paid_content":false,"footnotes":""},"categories":[2,10986],"tags":[11616,2688,11617,27,11621,11615,11614,1714,11618],"class_list":{"0":"post-125084","1":"post","2":"type-post","3":"status-publish","4":"format-standard","5":"has-post-thumbnail","7":"category-featured","8":"category-saude","9":"tag-boca","10":"tag-crianca","11":"tag-doenca","12":"tag-lajeado","13":"tag-mancha-no-corpo","14":"tag-mao","15":"tag-pe","16":"tag-rs","17":"tag-virus-2","18":"pmpro-has-access"},"yoast_head":"<!-- This site is optimized with the Yoast SEO plugin v27.5 - https:\/\/yoast.com\/product\/yoast-seo-wordpress\/ -->\n<title>Surto de \u201cm\u00e3o-p\u00e9-boca\u201d: saiba como identificar a doen\u00e7a - Folha Popular<\/title>\n<meta name=\"description\" content=\"Conforme a Vigil\u00e2ncia Endemiol\u00f3gica de Teut\u00f4nia, foram cinco notifica\u00e7\u00f5es em uma escola infantil, contudo h\u00e1 informa\u00e7\u00f5es de mais casos\" \/>\n<meta name=\"robots\" content=\"index, follow, max-snippet:-1, max-image-preview:large, max-video-preview:-1\" \/>\n<link rel=\"canonical\" href=\"https:\/\/folhapopular.info\/index.php\/2023\/04\/05\/surto-de-mao-pe-boca-saiba-como-identificar-a-doenca\/\" \/>\n<meta property=\"og:locale\" content=\"pt_BR\" \/>\n<meta property=\"og:type\" content=\"article\" \/>\n<meta property=\"og:title\" content=\"Surto de \u201cm\u00e3o-p\u00e9-boca\u201d: saiba como identificar a doen\u00e7a - Folha Popular\" \/>\n<meta property=\"og:description\" content=\"Conforme a Vigil\u00e2ncia Endemiol\u00f3gica de Teut\u00f4nia, foram cinco notifica\u00e7\u00f5es em uma escola infantil, contudo h\u00e1 informa\u00e7\u00f5es de mais casos\" \/>\n<meta property=\"og:url\" content=\"https:\/\/folhapopular.info\/index.php\/2023\/04\/05\/surto-de-mao-pe-boca-saiba-como-identificar-a-doenca\/\" \/>\n<meta property=\"og:site_name\" content=\"Folha Popular\" \/>\n<meta property=\"article:published_time\" content=\"2023-04-05T10:57:11+00:00\" \/>\n<meta property=\"article:modified_time\" content=\"2023-04-05T10:57:13+00:00\" \/>\n<meta property=\"og:image\" content=\"http:\/\/folhapopular.info\/wp-content\/uploads\/2021\/09\/doenca_mao_pe_boca_Reproducao-Biblioteca-Virtual-em-Saude.jpg\" \/>\n\t<meta property=\"og:image:width\" content=\"300\" \/>\n\t<meta property=\"og:image:height\" content=\"164\" \/>\n\t<meta property=\"og:image:type\" content=\"image\/jpeg\" \/>\n<meta name=\"author\" content=\"Eduarda Wenzel\" \/>\n<meta name=\"twitter:card\" content=\"summary_large_image\" \/>\n<meta name=\"twitter:label1\" content=\"Escrito por\" \/>\n\t<meta name=\"twitter:data1\" content=\"Eduarda Wenzel\" \/>\n\t<meta name=\"twitter:label2\" content=\"Est. tempo de leitura\" \/>\n\t<meta name=\"twitter:data2\" content=\"3 minutos\" \/>\n<script type=\"application\/ld+json\" class=\"yoast-schema-graph\">{\"@context\":\"https:\\\/\\\/schema.org\",\"@graph\":[{\"@type\":\"Article\",\"@id\":\"https:\\\/\\\/folhapopular.info\\\/index.php\\\/2023\\\/04\\\/05\\\/surto-de-mao-pe-boca-saiba-como-identificar-a-doenca\\\/#article\",\"isPartOf\":{\"@id\":\"https:\\\/\\\/folhapopular.info\\\/index.php\\\/2023\\\/04\\\/05\\\/surto-de-mao-pe-boca-saiba-como-identificar-a-doenca\\\/\"},\"author\":{\"name\":\"Eduarda Wenzel\",\"@id\":\"https:\\\/\\\/folhapopular.info\\\/#\\\/schema\\\/person\\\/56503b37bb37e34ad83486450c8dd536\"},\"headline\":\"Surto de \u201cm\u00e3o-p\u00e9-boca\u201d: saiba como identificar a doen\u00e7a\",\"datePublished\":\"2023-04-05T10:57:11+00:00\",\"dateModified\":\"2023-04-05T10:57:13+00:00\",\"mainEntityOfPage\":{\"@id\":\"https:\\\/\\\/folhapopular.info\\\/index.php\\\/2023\\\/04\\\/05\\\/surto-de-mao-pe-boca-saiba-como-identificar-a-doenca\\\/\"},\"wordCount\":447,\"commentCount\":0,\"image\":{\"@id\":\"https:\\\/\\\/folhapopular.info\\\/index.php\\\/2023\\\/04\\\/05\\\/surto-de-mao-pe-boca-saiba-como-identificar-a-doenca\\\/#primaryimage\"},\"thumbnailUrl\":\"https:\\\/\\\/folhapopular.info\\\/wp-content\\\/uploads\\\/2021\\\/09\\\/doenca_mao_pe_boca_Reproducao-Biblioteca-Virtual-em-Saude.jpg\",\"keywords\":[\"boca\",\"crian\u00e7a\",\"doen\u00e7a\",\"Lajeado\",\"mancha no corpo\",\"m\u00e3o\",\"p\u00e9\",\"RS\",\"virus\"],\"articleSection\":[\"Destaques\",\"Sa\u00fade\"],\"inLanguage\":\"pt-BR\",\"potentialAction\":[{\"@type\":\"CommentAction\",\"name\":\"Comment\",\"target\":[\"https:\\\/\\\/folhapopular.info\\\/index.php\\\/2023\\\/04\\\/05\\\/surto-de-mao-pe-boca-saiba-como-identificar-a-doenca\\\/#respond\"]}]},{\"@type\":\"WebPage\",\"@id\":\"https:\\\/\\\/folhapopular.info\\\/index.php\\\/2023\\\/04\\\/05\\\/surto-de-mao-pe-boca-saiba-como-identificar-a-doenca\\\/\",\"url\":\"https:\\\/\\\/folhapopular.info\\\/index.php\\\/2023\\\/04\\\/05\\\/surto-de-mao-pe-boca-saiba-como-identificar-a-doenca\\\/\",\"name\":\"Surto de \u201cm\u00e3o-p\u00e9-boca\u201d: saiba como identificar a doen\u00e7a - Folha Popular\",\"isPartOf\":{\"@id\":\"https:\\\/\\\/folhapopular.info\\\/#website\"},\"primaryImageOfPage\":{\"@id\":\"https:\\\/\\\/folhapopular.info\\\/index.php\\\/2023\\\/04\\\/05\\\/surto-de-mao-pe-boca-saiba-como-identificar-a-doenca\\\/#primaryimage\"},\"image\":{\"@id\":\"https:\\\/\\\/folhapopular.info\\\/index.php\\\/2023\\\/04\\\/05\\\/surto-de-mao-pe-boca-saiba-como-identificar-a-doenca\\\/#primaryimage\"},\"thumbnailUrl\":\"https:\\\/\\\/folhapopular.info\\\/wp-content\\\/uploads\\\/2021\\\/09\\\/doenca_mao_pe_boca_Reproducao-Biblioteca-Virtual-em-Saude.jpg\",\"datePublished\":\"2023-04-05T10:57:11+00:00\",\"dateModified\":\"2023-04-05T10:57:13+00:00\",\"author\":{\"@id\":\"https:\\\/\\\/folhapopular.info\\\/#\\\/schema\\\/person\\\/56503b37bb37e34ad83486450c8dd536\"},\"description\":\"Conforme a Vigil\u00e2ncia Endemiol\u00f3gica de Teut\u00f4nia, foram cinco notifica\u00e7\u00f5es em uma escola infantil, contudo h\u00e1 informa\u00e7\u00f5es de mais casos\",\"breadcrumb\":{\"@id\":\"https:\\\/\\\/folhapopular.info\\\/index.php\\\/2023\\\/04\\\/05\\\/surto-de-mao-pe-boca-saiba-como-identificar-a-doenca\\\/#breadcrumb\"},\"inLanguage\":\"pt-BR\",\"potentialAction\":[{\"@type\":\"ReadAction\",\"target\":[\"https:\\\/\\\/folhapopular.info\\\/index.php\\\/2023\\\/04\\\/05\\\/surto-de-mao-pe-boca-saiba-como-identificar-a-doenca\\\/\"]}]},{\"@type\":\"ImageObject\",\"inLanguage\":\"pt-BR\",\"@id\":\"https:\\\/\\\/folhapopular.info\\\/index.php\\\/2023\\\/04\\\/05\\\/surto-de-mao-pe-boca-saiba-como-identificar-a-doenca\\\/#primaryimage\",\"url\":\"https:\\\/\\\/folhapopular.info\\\/wp-content\\\/uploads\\\/2021\\\/09\\\/doenca_mao_pe_boca_Reproducao-Biblioteca-Virtual-em-Saude.jpg\",\"contentUrl\":\"https:\\\/\\\/folhapopular.info\\\/wp-content\\\/uploads\\\/2021\\\/09\\\/doenca_mao_pe_boca_Reproducao-Biblioteca-Virtual-em-Saude.jpg\",\"width\":300,\"height\":164,\"caption\":\"Reprodu\u00e7\u00e3o Biblioteca Virtual em Sa\u00fade\"},{\"@type\":\"BreadcrumbList\",\"@id\":\"https:\\\/\\\/folhapopular.info\\\/index.php\\\/2023\\\/04\\\/05\\\/surto-de-mao-pe-boca-saiba-como-identificar-a-doenca\\\/#breadcrumb\",\"itemListElement\":[{\"@type\":\"ListItem\",\"position\":1,\"name\":\"In\u00edcio\",\"item\":\"https:\\\/\\\/folhapopular.info\\\/\"},{\"@type\":\"ListItem\",\"position\":2,\"name\":\"Surto de \u201cm\u00e3o-p\u00e9-boca\u201d: saiba como identificar a doen\u00e7a\"}]},{\"@type\":\"WebSite\",\"@id\":\"https:\\\/\\\/folhapopular.info\\\/#website\",\"url\":\"https:\\\/\\\/folhapopular.info\\\/\",\"name\":\"Folha Popular\",\"description\":\"Onde voc\u00ea tem vez e voz\",\"potentialAction\":[{\"@type\":\"SearchAction\",\"target\":{\"@type\":\"EntryPoint\",\"urlTemplate\":\"https:\\\/\\\/folhapopular.info\\\/?s={search_term_string}\"},\"query-input\":{\"@type\":\"PropertyValueSpecification\",\"valueRequired\":true,\"valueName\":\"search_term_string\"}}],\"inLanguage\":\"pt-BR\"},{\"@type\":\"Person\",\"@id\":\"https:\\\/\\\/folhapopular.info\\\/#\\\/schema\\\/person\\\/56503b37bb37e34ad83486450c8dd536\",\"name\":\"Eduarda Wenzel\",\"image\":{\"@type\":\"ImageObject\",\"inLanguage\":\"pt-BR\",\"@id\":\"https:\\\/\\\/secure.gravatar.com\\\/avatar\\\/84a92258d5ebb7523b3978df951af09337f402d618cba5001aa8b2a2fc633090?s=96&d=mm&r=g\",\"url\":\"https:\\\/\\\/secure.gravatar.com\\\/avatar\\\/84a92258d5ebb7523b3978df951af09337f402d618cba5001aa8b2a2fc633090?s=96&d=mm&r=g\",\"contentUrl\":\"https:\\\/\\\/secure.gravatar.com\\\/avatar\\\/84a92258d5ebb7523b3978df951af09337f402d618cba5001aa8b2a2fc633090?s=96&d=mm&r=g\",\"caption\":\"Eduarda Wenzel\"},\"url\":\"https:\\\/\\\/folhapopular.info\\\/index.php\\\/author\\\/eduarda-wenzeluniverso-univates-br\\\/\"}]}<\/script>\n<!-- \/ Yoast SEO plugin. -->","yoast_head_json":{"title":"Surto de \u201cm\u00e3o-p\u00e9-boca\u201d: saiba como identificar a doen\u00e7a - Folha Popular","description":"Conforme a Vigil\u00e2ncia Endemiol\u00f3gica de Teut\u00f4nia, foram cinco notifica\u00e7\u00f5es em uma escola infantil, contudo h\u00e1 informa\u00e7\u00f5es de mais casos","robots":{"index":"index","follow":"follow","max-snippet":"max-snippet:-1","max-image-preview":"max-image-preview:large","max-video-preview":"max-video-preview:-1"},"canonical":"https:\/\/folhapopular.info\/index.php\/2023\/04\/05\/surto-de-mao-pe-boca-saiba-como-identificar-a-doenca\/","og_locale":"pt_BR","og_type":"article","og_title":"Surto de \u201cm\u00e3o-p\u00e9-boca\u201d: saiba como identificar a doen\u00e7a - Folha Popular","og_description":"Conforme a Vigil\u00e2ncia Endemiol\u00f3gica de Teut\u00f4nia, foram cinco notifica\u00e7\u00f5es em uma escola infantil, contudo h\u00e1 informa\u00e7\u00f5es de mais casos","og_url":"https:\/\/folhapopular.info\/index.php\/2023\/04\/05\/surto-de-mao-pe-boca-saiba-como-identificar-a-doenca\/","og_site_name":"Folha Popular","article_published_time":"2023-04-05T10:57:11+00:00","article_modified_time":"2023-04-05T10:57:13+00:00","og_image":[{"width":300,"height":164,"url":"http:\/\/folhapopular.info\/wp-content\/uploads\/2021\/09\/doenca_mao_pe_boca_Reproducao-Biblioteca-Virtual-em-Saude.jpg","type":"image\/jpeg"}],"author":"Eduarda Wenzel","twitter_card":"summary_large_image","twitter_misc":{"Escrito por":"Eduarda Wenzel","Est. tempo de leitura":"3 minutos"},"schema":{"@context":"https:\/\/schema.org","@graph":[{"@type":"Article","@id":"https:\/\/folhapopular.info\/index.php\/2023\/04\/05\/surto-de-mao-pe-boca-saiba-como-identificar-a-doenca\/#article","isPartOf":{"@id":"https:\/\/folhapopular.info\/index.php\/2023\/04\/05\/surto-de-mao-pe-boca-saiba-como-identificar-a-doenca\/"},"author":{"name":"Eduarda Wenzel","@id":"https:\/\/folhapopular.info\/#\/schema\/person\/56503b37bb37e34ad83486450c8dd536"},"headline":"Surto de \u201cm\u00e3o-p\u00e9-boca\u201d: saiba como identificar a doen\u00e7a","datePublished":"2023-04-05T10:57:11+00:00","dateModified":"2023-04-05T10:57:13+00:00","mainEntityOfPage":{"@id":"https:\/\/folhapopular.info\/index.php\/2023\/04\/05\/surto-de-mao-pe-boca-saiba-como-identificar-a-doenca\/"},"wordCount":447,"commentCount":0,"image":{"@id":"https:\/\/folhapopular.info\/index.php\/2023\/04\/05\/surto-de-mao-pe-boca-saiba-como-identificar-a-doenca\/#primaryimage"},"thumbnailUrl":"https:\/\/folhapopular.info\/wp-content\/uploads\/2021\/09\/doenca_mao_pe_boca_Reproducao-Biblioteca-Virtual-em-Saude.jpg","keywords":["boca","crian\u00e7a","doen\u00e7a","Lajeado","mancha no corpo","m\u00e3o","p\u00e9","RS","virus"],"articleSection":["Destaques","Sa\u00fade"],"inLanguage":"pt-BR","potentialAction":[{"@type":"CommentAction","name":"Comment","target":["https:\/\/folhapopular.info\/index.php\/2023\/04\/05\/surto-de-mao-pe-boca-saiba-como-identificar-a-doenca\/#respond"]}]},{"@type":"WebPage","@id":"https:\/\/folhapopular.info\/index.php\/2023\/04\/05\/surto-de-mao-pe-boca-saiba-como-identificar-a-doenca\/","url":"https:\/\/folhapopular.info\/index.php\/2023\/04\/05\/surto-de-mao-pe-boca-saiba-como-identificar-a-doenca\/","name":"Surto de \u201cm\u00e3o-p\u00e9-boca\u201d: saiba como identificar a doen\u00e7a - Folha Popular","isPartOf":{"@id":"https:\/\/folhapopular.info\/#website"},"primaryImageOfPage":{"@id":"https:\/\/folhapopular.info\/index.php\/2023\/04\/05\/surto-de-mao-pe-boca-saiba-como-identificar-a-doenca\/#primaryimage"},"image":{"@id":"https:\/\/folhapopular.info\/index.php\/2023\/04\/05\/surto-de-mao-pe-boca-saiba-como-identificar-a-doenca\/#primaryimage"},"thumbnailUrl":"https:\/\/folhapopular.info\/wp-content\/uploads\/2021\/09\/doenca_mao_pe_boca_Reproducao-Biblioteca-Virtual-em-Saude.jpg","datePublished":"2023-04-05T10:57:11+00:00","dateModified":"2023-04-05T10:57:13+00:00","author":{"@id":"https:\/\/folhapopular.info\/#\/schema\/person\/56503b37bb37e34ad83486450c8dd536"},"description":"Conforme a Vigil\u00e2ncia Endemiol\u00f3gica de Teut\u00f4nia, foram cinco notifica\u00e7\u00f5es em uma escola infantil, contudo h\u00e1 informa\u00e7\u00f5es de mais casos","breadcrumb":{"@id":"https:\/\/folhapopular.info\/index.php\/2023\/04\/05\/surto-de-mao-pe-boca-saiba-como-identificar-a-doenca\/#breadcrumb"},"inLanguage":"pt-BR","potentialAction":[{"@type":"ReadAction","target":["https:\/\/folhapopular.info\/index.php\/2023\/04\/05\/surto-de-mao-pe-boca-saiba-como-identificar-a-doenca\/"]}]},{"@type":"ImageObject","inLanguage":"pt-BR","@id":"https:\/\/folhapopular.info\/index.php\/2023\/04\/05\/surto-de-mao-pe-boca-saiba-como-identificar-a-doenca\/#primaryimage","url":"https:\/\/folhapopular.info\/wp-content\/uploads\/2021\/09\/doenca_mao_pe_boca_Reproducao-Biblioteca-Virtual-em-Saude.jpg","contentUrl":"https:\/\/folhapopular.info\/wp-content\/uploads\/2021\/09\/doenca_mao_pe_boca_Reproducao-Biblioteca-Virtual-em-Saude.jpg","width":300,"height":164,"caption":"Reprodu\u00e7\u00e3o Biblioteca Virtual em Sa\u00fade"},{"@type":"BreadcrumbList","@id":"https:\/\/folhapopular.info\/index.php\/2023\/04\/05\/surto-de-mao-pe-boca-saiba-como-identificar-a-doenca\/#breadcrumb","itemListElement":[{"@type":"ListItem","position":1,"name":"In\u00edcio","item":"https:\/\/folhapopular.info\/"},{"@type":"ListItem","position":2,"name":"Surto de \u201cm\u00e3o-p\u00e9-boca\u201d: saiba como identificar a doen\u00e7a"}]},{"@type":"WebSite","@id":"https:\/\/folhapopular.info\/#website","url":"https:\/\/folhapopular.info\/","name":"Folha Popular","description":"Onde voc\u00ea tem vez e voz","potentialAction":[{"@type":"SearchAction","target":{"@type":"EntryPoint","urlTemplate":"https:\/\/folhapopular.info\/?s={search_term_string}"},"query-input":{"@type":"PropertyValueSpecification","valueRequired":true,"valueName":"search_term_string"}}],"inLanguage":"pt-BR"},{"@type":"Person","@id":"https:\/\/folhapopular.info\/#\/schema\/person\/56503b37bb37e34ad83486450c8dd536","name":"Eduarda Wenzel","image":{"@type":"ImageObject","inLanguage":"pt-BR","@id":"https:\/\/secure.gravatar.com\/avatar\/84a92258d5ebb7523b3978df951af09337f402d618cba5001aa8b2a2fc633090?s=96&d=mm&r=g","url":"https:\/\/secure.gravatar.com\/avatar\/84a92258d5ebb7523b3978df951af09337f402d618cba5001aa8b2a2fc633090?s=96&d=mm&r=g","contentUrl":"https:\/\/secure.gravatar.com\/avatar\/84a92258d5ebb7523b3978df951af09337f402d618cba5001aa8b2a2fc633090?s=96&d=mm&r=g","caption":"Eduarda Wenzel"},"url":"https:\/\/folhapopular.info\/index.php\/author\/eduarda-wenzeluniverso-univates-br\/"}]}},"jetpack_featured_media_url":"https:\/\/folhapopular.info\/wp-content\/uploads\/2021\/09\/doenca_mao_pe_boca_Reproducao-Biblioteca-Virtual-em-Saude.jpg","jetpack_sharing_enabled":true,"amp_enabled":true,"_links":{"self":[{"href":"https:\/\/folhapopular.info\/index.php\/wp-json\/wp\/v2\/posts\/125084","targetHints":{"allow":["GET"]}}],"collection":[{"href":"https:\/\/folhapopular.info\/index.php\/wp-json\/wp\/v2\/posts"}],"about":[{"href":"https:\/\/folhapopular.info\/index.php\/wp-json\/wp\/v2\/types\/post"}],"author":[{"embeddable":true,"href":"https:\/\/folhapopular.info\/index.php\/wp-json\/wp\/v2\/users\/644"}],"replies":[{"embeddable":true,"href":"https:\/\/folhapopular.info\/index.php\/wp-json\/wp\/v2\/comments?post=125084"}],"version-history":[{"count":0,"href":"https:\/\/folhapopular.info\/index.php\/wp-json\/wp\/v2\/posts\/125084\/revisions"}],"wp:featuredmedia":[{"embeddable":true,"href":"https:\/\/folhapopular.info\/index.php\/wp-json\/wp\/v2\/media\/88942"}],"wp:attachment":[{"href":"https:\/\/folhapopular.info\/index.php\/wp-json\/wp\/v2\/media?parent=125084"}],"wp:term":[{"taxonomy":"category","embeddable":true,"href":"https:\/\/folhapopular.info\/index.php\/wp-json\/wp\/v2\/categories?post=125084"},{"taxonomy":"post_tag","embeddable":true,"href":"https:\/\/folhapopular.info\/index.php\/wp-json\/wp\/v2\/tags?post=125084"}],"curies":[{"name":"wp","href":"https:\/\/api.w.org\/{rel}","templated":true}]}}