{"id":125373,"date":"2023-04-10T09:01:44","date_gmt":"2023-04-10T12:01:44","guid":{"rendered":"https:\/\/folhapopular.info\/?p=125373"},"modified":"2023-04-10T09:01:48","modified_gmt":"2023-04-10T12:01:48","slug":"capotamento-deixa-quatro-feridos-na-rota-do-sol-em-estrela","status":"publish","type":"post","link":"https:\/\/folhapopular.info\/index.php\/2023\/04\/10\/capotamento-deixa-quatro-feridos-na-rota-do-sol-em-estrela\/","title":{"rendered":"Capotamento deixa quatro feridos na Rota do Sol em Estrela"},"content":{"rendered":"\n<p>Quatro pessoas ficaram feridas em um acidente na RST-453, a Rota do Sol em Estrela, nas proximidades da ponte sobre o arroio Boa Vista.<\/p>\n\n\n\n<p>O Corpo de Bombeiros foi acionado por volta das 16h15 deste domingo (9\/4) e encontrou um Renault Sandero de Chapec\u00f3-SC capotado \u00e0s margens da rodovia. No ve\u00edculo estavam quatro ocupantes.<\/p>\n\n\n\n<p>Tr\u00eas conseguiram sair e o motorista ficou preso nas ferragens. Uma das v\u00edtimas, uma mulher, foi imobilizada pela equipe dos Bombeiros Volunt\u00e1rios de Teut\u00f4nia e removida ao Hospital Ouro Branco (HOB), junto com outro ocupante, que teve ferimentos leves nas pernas.<\/p>\n\n\n\n<p>A esposa do condutor do carro foi levada pela equipe dos bombeiros para o Hospital Estrela. O motorista do Sandero foi desencarcerado pela segunda equipe dos Bombeiros de Teut\u00f4nia e removido ao Hospital Estrela pelo Samu, tamb\u00e9m para o Hospital Estrela.<\/p>\n\n\n\n<p>Um segundo ve\u00edculo chegou a se envolver no acidente. Trata-se de um Fiat 50cc, que teve apenas danos materiais e o motorista recusou atendimento.<\/p>\n","protected":false},"excerpt":{"rendered":"<p>Quatro pessoas ficaram feridas em um acidente na RST-453, a Rota do Sol em Estrela, nas proximidades da ponte sobre o arroio Boa Vista. O Corpo de Bombeiros foi acionado por volta das 16h15 deste domingo (9\/4) e encontrou um Renault Sandero de Chapec\u00f3-SC capotado \u00e0s margens da rodovia. No ve\u00edculo estavam quatro ocupantes. Tr\u00eas [&hellip;]<\/p>\n","protected":false},"author":8,"featured_media":125374,"comment_status":"open","ping_status":"open","sticky":false,"template":"","format":"standard","meta":{"pmpro_default_level":"","_jetpack_memberships_contains_paid_content":false,"footnotes":""},"categories":[7,10983],"tags":[204,8,965,774],"class_list":{"0":"post-125373","1":"post","2":"type-post","3":"status-publish","4":"format-standard","5":"has-post-thumbnail","7":"category-seguranca","8":"category-transito","9":"tag-capotamento","10":"tag-estrela","11":"tag-feridos","12":"tag-rota-do-sol","13":"pmpro-has-access"},"yoast_head":"<!-- This site is optimized with the Yoast SEO plugin v27.5 - https:\/\/yoast.com\/product\/yoast-seo-wordpress\/ -->\n<title>Capotamento deixa quatro feridos na Rota do Sol em Estrela - Folha Popular<\/title>\n<meta name=\"robots\" content=\"index, follow, max-snippet:-1, max-image-preview:large, max-video-preview:-1\" \/>\n<link rel=\"canonical\" href=\"https:\/\/folhapopular.info\/index.php\/2023\/04\/10\/capotamento-deixa-quatro-feridos-na-rota-do-sol-em-estrela\/\" \/>\n<meta property=\"og:locale\" content=\"pt_BR\" \/>\n<meta property=\"og:type\" content=\"article\" \/>\n<meta property=\"og:title\" content=\"Capotamento deixa quatro feridos na Rota do Sol em Estrela - Folha Popular\" \/>\n<meta property=\"og:description\" content=\"Quatro pessoas ficaram feridas em um acidente na RST-453, a Rota do Sol em Estrela, nas proximidades da ponte sobre o arroio Boa Vista. O Corpo de Bombeiros foi acionado por volta das 16h15 deste domingo (9\/4) e encontrou um Renault Sandero de Chapec\u00f3-SC capotado \u00e0s margens da rodovia. No ve\u00edculo estavam quatro ocupantes. Tr\u00eas [&hellip;]\" \/>\n<meta property=\"og:url\" content=\"https:\/\/folhapopular.info\/index.php\/2023\/04\/10\/capotamento-deixa-quatro-feridos-na-rota-do-sol-em-estrela\/\" \/>\n<meta property=\"og:site_name\" content=\"Folha Popular\" \/>\n<meta property=\"article:published_time\" content=\"2023-04-10T12:01:44+00:00\" \/>\n<meta property=\"article:modified_time\" content=\"2023-04-10T12:01:48+00:00\" \/>\n<meta property=\"og:image\" content=\"http:\/\/folhapopular.info\/wp-content\/uploads\/2023\/04\/WhatsApp-Image-2023-04-09-at-19.49.22-1-e1681127977405.jpeg\" \/>\n\t<meta property=\"og:image:width\" content=\"1200\" \/>\n\t<meta property=\"og:image:height\" content=\"1107\" \/>\n\t<meta property=\"og:image:type\" content=\"image\/jpeg\" \/>\n<meta name=\"author\" content=\"Reda\u00e7\u00e3o Folha Popular\" \/>\n<meta name=\"twitter:card\" content=\"summary_large_image\" \/>\n<meta name=\"twitter:label1\" content=\"Escrito por\" \/>\n\t<meta name=\"twitter:data1\" content=\"Reda\u00e7\u00e3o Folha Popular\" \/>\n\t<meta name=\"twitter:label2\" content=\"Est. tempo de leitura\" \/>\n\t<meta name=\"twitter:data2\" content=\"1 minuto\" \/>\n<script type=\"application\/ld+json\" class=\"yoast-schema-graph\">{\"@context\":\"https:\\\/\\\/schema.org\",\"@graph\":[{\"@type\":\"Article\",\"@id\":\"https:\\\/\\\/folhapopular.info\\\/index.php\\\/2023\\\/04\\\/10\\\/capotamento-deixa-quatro-feridos-na-rota-do-sol-em-estrela\\\/#article\",\"isPartOf\":{\"@id\":\"https:\\\/\\\/folhapopular.info\\\/index.php\\\/2023\\\/04\\\/10\\\/capotamento-deixa-quatro-feridos-na-rota-do-sol-em-estrela\\\/\"},\"author\":{\"name\":\"Reda\u00e7\u00e3o Folha Popular\",\"@id\":\"https:\\\/\\\/folhapopular.info\\\/#\\\/schema\\\/person\\\/2814e8a0df7643585a9ca38bc6eb9d4b\"},\"headline\":\"Capotamento deixa quatro feridos na Rota do Sol em Estrela\",\"datePublished\":\"2023-04-10T12:01:44+00:00\",\"dateModified\":\"2023-04-10T12:01:48+00:00\",\"mainEntityOfPage\":{\"@id\":\"https:\\\/\\\/folhapopular.info\\\/index.php\\\/2023\\\/04\\\/10\\\/capotamento-deixa-quatro-feridos-na-rota-do-sol-em-estrela\\\/\"},\"wordCount\":178,\"commentCount\":0,\"image\":{\"@id\":\"https:\\\/\\\/folhapopular.info\\\/index.php\\\/2023\\\/04\\\/10\\\/capotamento-deixa-quatro-feridos-na-rota-do-sol-em-estrela\\\/#primaryimage\"},\"thumbnailUrl\":\"https:\\\/\\\/folhapopular.info\\\/wp-content\\\/uploads\\\/2023\\\/04\\\/WhatsApp-Image-2023-04-09-at-19.49.22-1-e1681127977405.jpeg\",\"keywords\":[\"Capotamento\",\"Estrela\",\"Feridos\",\"Rota do Sol\"],\"articleSection\":[\"Seguran\u00e7a\",\"Tr\u00e2nsito\"],\"inLanguage\":\"pt-BR\",\"potentialAction\":[{\"@type\":\"CommentAction\",\"name\":\"Comment\",\"target\":[\"https:\\\/\\\/folhapopular.info\\\/index.php\\\/2023\\\/04\\\/10\\\/capotamento-deixa-quatro-feridos-na-rota-do-sol-em-estrela\\\/#respond\"]}]},{\"@type\":\"WebPage\",\"@id\":\"https:\\\/\\\/folhapopular.info\\\/index.php\\\/2023\\\/04\\\/10\\\/capotamento-deixa-quatro-feridos-na-rota-do-sol-em-estrela\\\/\",\"url\":\"https:\\\/\\\/folhapopular.info\\\/index.php\\\/2023\\\/04\\\/10\\\/capotamento-deixa-quatro-feridos-na-rota-do-sol-em-estrela\\\/\",\"name\":\"Capotamento deixa quatro feridos na Rota do Sol em Estrela - Folha Popular\",\"isPartOf\":{\"@id\":\"https:\\\/\\\/folhapopular.info\\\/#website\"},\"primaryImageOfPage\":{\"@id\":\"https:\\\/\\\/folhapopular.info\\\/index.php\\\/2023\\\/04\\\/10\\\/capotamento-deixa-quatro-feridos-na-rota-do-sol-em-estrela\\\/#primaryimage\"},\"image\":{\"@id\":\"https:\\\/\\\/folhapopular.info\\\/index.php\\\/2023\\\/04\\\/10\\\/capotamento-deixa-quatro-feridos-na-rota-do-sol-em-estrela\\\/#primaryimage\"},\"thumbnailUrl\":\"https:\\\/\\\/folhapopular.info\\\/wp-content\\\/uploads\\\/2023\\\/04\\\/WhatsApp-Image-2023-04-09-at-19.49.22-1-e1681127977405.jpeg\",\"datePublished\":\"2023-04-10T12:01:44+00:00\",\"dateModified\":\"2023-04-10T12:01:48+00:00\",\"author\":{\"@id\":\"https:\\\/\\\/folhapopular.info\\\/#\\\/schema\\\/person\\\/2814e8a0df7643585a9ca38bc6eb9d4b\"},\"breadcrumb\":{\"@id\":\"https:\\\/\\\/folhapopular.info\\\/index.php\\\/2023\\\/04\\\/10\\\/capotamento-deixa-quatro-feridos-na-rota-do-sol-em-estrela\\\/#breadcrumb\"},\"inLanguage\":\"pt-BR\",\"potentialAction\":[{\"@type\":\"ReadAction\",\"target\":[\"https:\\\/\\\/folhapopular.info\\\/index.php\\\/2023\\\/04\\\/10\\\/capotamento-deixa-quatro-feridos-na-rota-do-sol-em-estrela\\\/\"]}]},{\"@type\":\"ImageObject\",\"inLanguage\":\"pt-BR\",\"@id\":\"https:\\\/\\\/folhapopular.info\\\/index.php\\\/2023\\\/04\\\/10\\\/capotamento-deixa-quatro-feridos-na-rota-do-sol-em-estrela\\\/#primaryimage\",\"url\":\"https:\\\/\\\/folhapopular.info\\\/wp-content\\\/uploads\\\/2023\\\/04\\\/WhatsApp-Image-2023-04-09-at-19.49.22-1-e1681127977405.jpeg\",\"contentUrl\":\"https:\\\/\\\/folhapopular.info\\\/wp-content\\\/uploads\\\/2023\\\/04\\\/WhatsApp-Image-2023-04-09-at-19.49.22-1-e1681127977405.jpeg\",\"width\":1200,\"height\":1107,\"caption\":\"Cr\u00e9dito: Bombeiros \\\/ Divulga\u00e7\u00e3o\"},{\"@type\":\"BreadcrumbList\",\"@id\":\"https:\\\/\\\/folhapopular.info\\\/index.php\\\/2023\\\/04\\\/10\\\/capotamento-deixa-quatro-feridos-na-rota-do-sol-em-estrela\\\/#breadcrumb\",\"itemListElement\":[{\"@type\":\"ListItem\",\"position\":1,\"name\":\"In\u00edcio\",\"item\":\"https:\\\/\\\/folhapopular.info\\\/\"},{\"@type\":\"ListItem\",\"position\":2,\"name\":\"Capotamento deixa quatro feridos na Rota do Sol em Estrela\"}]},{\"@type\":\"WebSite\",\"@id\":\"https:\\\/\\\/folhapopular.info\\\/#website\",\"url\":\"https:\\\/\\\/folhapopular.info\\\/\",\"name\":\"Folha Popular\",\"description\":\"Onde voc\u00ea tem vez e voz\",\"potentialAction\":[{\"@type\":\"SearchAction\",\"target\":{\"@type\":\"EntryPoint\",\"urlTemplate\":\"https:\\\/\\\/folhapopular.info\\\/?s={search_term_string}\"},\"query-input\":{\"@type\":\"PropertyValueSpecification\",\"valueRequired\":true,\"valueName\":\"search_term_string\"}}],\"inLanguage\":\"pt-BR\"},{\"@type\":\"Person\",\"@id\":\"https:\\\/\\\/folhapopular.info\\\/#\\\/schema\\\/person\\\/2814e8a0df7643585a9ca38bc6eb9d4b\",\"name\":\"Reda\u00e7\u00e3o Folha Popular\",\"image\":{\"@type\":\"ImageObject\",\"inLanguage\":\"pt-BR\",\"@id\":\"https:\\\/\\\/folhapopular.info\\\/wp-content\\\/uploads\\\/2026\\\/04\\\/Folha-1.webp\",\"url\":\"https:\\\/\\\/folhapopular.info\\\/wp-content\\\/uploads\\\/2026\\\/04\\\/Folha-1.webp\",\"contentUrl\":\"https:\\\/\\\/folhapopular.info\\\/wp-content\\\/uploads\\\/2026\\\/04\\\/Folha-1.webp\",\"caption\":\"Reda\u00e7\u00e3o Folha Popular\"},\"url\":\"https:\\\/\\\/folhapopular.info\\\/index.php\\\/author\\\/redacao\\\/\"}]}<\/script>\n<!-- \/ Yoast SEO plugin. -->","yoast_head_json":{"title":"Capotamento deixa quatro feridos na Rota do Sol em Estrela - Folha Popular","robots":{"index":"index","follow":"follow","max-snippet":"max-snippet:-1","max-image-preview":"max-image-preview:large","max-video-preview":"max-video-preview:-1"},"canonical":"https:\/\/folhapopular.info\/index.php\/2023\/04\/10\/capotamento-deixa-quatro-feridos-na-rota-do-sol-em-estrela\/","og_locale":"pt_BR","og_type":"article","og_title":"Capotamento deixa quatro feridos na Rota do Sol em Estrela - Folha Popular","og_description":"Quatro pessoas ficaram feridas em um acidente na RST-453, a Rota do Sol em Estrela, nas proximidades da ponte sobre o arroio Boa Vista. O Corpo de Bombeiros foi acionado por volta das 16h15 deste domingo (9\/4) e encontrou um Renault Sandero de Chapec\u00f3-SC capotado \u00e0s margens da rodovia. No ve\u00edculo estavam quatro ocupantes. Tr\u00eas [&hellip;]","og_url":"https:\/\/folhapopular.info\/index.php\/2023\/04\/10\/capotamento-deixa-quatro-feridos-na-rota-do-sol-em-estrela\/","og_site_name":"Folha Popular","article_published_time":"2023-04-10T12:01:44+00:00","article_modified_time":"2023-04-10T12:01:48+00:00","og_image":[{"width":1200,"height":1107,"url":"http:\/\/folhapopular.info\/wp-content\/uploads\/2023\/04\/WhatsApp-Image-2023-04-09-at-19.49.22-1-e1681127977405.jpeg","type":"image\/jpeg"}],"author":"Reda\u00e7\u00e3o Folha Popular","twitter_card":"summary_large_image","twitter_misc":{"Escrito por":"Reda\u00e7\u00e3o Folha Popular","Est. tempo de leitura":"1 minuto"},"schema":{"@context":"https:\/\/schema.org","@graph":[{"@type":"Article","@id":"https:\/\/folhapopular.info\/index.php\/2023\/04\/10\/capotamento-deixa-quatro-feridos-na-rota-do-sol-em-estrela\/#article","isPartOf":{"@id":"https:\/\/folhapopular.info\/index.php\/2023\/04\/10\/capotamento-deixa-quatro-feridos-na-rota-do-sol-em-estrela\/"},"author":{"name":"Reda\u00e7\u00e3o Folha Popular","@id":"https:\/\/folhapopular.info\/#\/schema\/person\/2814e8a0df7643585a9ca38bc6eb9d4b"},"headline":"Capotamento deixa quatro feridos na Rota do Sol em Estrela","datePublished":"2023-04-10T12:01:44+00:00","dateModified":"2023-04-10T12:01:48+00:00","mainEntityOfPage":{"@id":"https:\/\/folhapopular.info\/index.php\/2023\/04\/10\/capotamento-deixa-quatro-feridos-na-rota-do-sol-em-estrela\/"},"wordCount":178,"commentCount":0,"image":{"@id":"https:\/\/folhapopular.info\/index.php\/2023\/04\/10\/capotamento-deixa-quatro-feridos-na-rota-do-sol-em-estrela\/#primaryimage"},"thumbnailUrl":"https:\/\/folhapopular.info\/wp-content\/uploads\/2023\/04\/WhatsApp-Image-2023-04-09-at-19.49.22-1-e1681127977405.jpeg","keywords":["Capotamento","Estrela","Feridos","Rota do Sol"],"articleSection":["Seguran\u00e7a","Tr\u00e2nsito"],"inLanguage":"pt-BR","potentialAction":[{"@type":"CommentAction","name":"Comment","target":["https:\/\/folhapopular.info\/index.php\/2023\/04\/10\/capotamento-deixa-quatro-feridos-na-rota-do-sol-em-estrela\/#respond"]}]},{"@type":"WebPage","@id":"https:\/\/folhapopular.info\/index.php\/2023\/04\/10\/capotamento-deixa-quatro-feridos-na-rota-do-sol-em-estrela\/","url":"https:\/\/folhapopular.info\/index.php\/2023\/04\/10\/capotamento-deixa-quatro-feridos-na-rota-do-sol-em-estrela\/","name":"Capotamento deixa quatro feridos na Rota do Sol em Estrela - Folha Popular","isPartOf":{"@id":"https:\/\/folhapopular.info\/#website"},"primaryImageOfPage":{"@id":"https:\/\/folhapopular.info\/index.php\/2023\/04\/10\/capotamento-deixa-quatro-feridos-na-rota-do-sol-em-estrela\/#primaryimage"},"image":{"@id":"https:\/\/folhapopular.info\/index.php\/2023\/04\/10\/capotamento-deixa-quatro-feridos-na-rota-do-sol-em-estrela\/#primaryimage"},"thumbnailUrl":"https:\/\/folhapopular.info\/wp-content\/uploads\/2023\/04\/WhatsApp-Image-2023-04-09-at-19.49.22-1-e1681127977405.jpeg","datePublished":"2023-04-10T12:01:44+00:00","dateModified":"2023-04-10T12:01:48+00:00","author":{"@id":"https:\/\/folhapopular.info\/#\/schema\/person\/2814e8a0df7643585a9ca38bc6eb9d4b"},"breadcrumb":{"@id":"https:\/\/folhapopular.info\/index.php\/2023\/04\/10\/capotamento-deixa-quatro-feridos-na-rota-do-sol-em-estrela\/#breadcrumb"},"inLanguage":"pt-BR","potentialAction":[{"@type":"ReadAction","target":["https:\/\/folhapopular.info\/index.php\/2023\/04\/10\/capotamento-deixa-quatro-feridos-na-rota-do-sol-em-estrela\/"]}]},{"@type":"ImageObject","inLanguage":"pt-BR","@id":"https:\/\/folhapopular.info\/index.php\/2023\/04\/10\/capotamento-deixa-quatro-feridos-na-rota-do-sol-em-estrela\/#primaryimage","url":"https:\/\/folhapopular.info\/wp-content\/uploads\/2023\/04\/WhatsApp-Image-2023-04-09-at-19.49.22-1-e1681127977405.jpeg","contentUrl":"https:\/\/folhapopular.info\/wp-content\/uploads\/2023\/04\/WhatsApp-Image-2023-04-09-at-19.49.22-1-e1681127977405.jpeg","width":1200,"height":1107,"caption":"Cr\u00e9dito: Bombeiros \/ Divulga\u00e7\u00e3o"},{"@type":"BreadcrumbList","@id":"https:\/\/folhapopular.info\/index.php\/2023\/04\/10\/capotamento-deixa-quatro-feridos-na-rota-do-sol-em-estrela\/#breadcrumb","itemListElement":[{"@type":"ListItem","position":1,"name":"In\u00edcio","item":"https:\/\/folhapopular.info\/"},{"@type":"ListItem","position":2,"name":"Capotamento deixa quatro feridos na Rota do Sol em Estrela"}]},{"@type":"WebSite","@id":"https:\/\/folhapopular.info\/#website","url":"https:\/\/folhapopular.info\/","name":"Folha Popular","description":"Onde voc\u00ea tem vez e voz","potentialAction":[{"@type":"SearchAction","target":{"@type":"EntryPoint","urlTemplate":"https:\/\/folhapopular.info\/?s={search_term_string}"},"query-input":{"@type":"PropertyValueSpecification","valueRequired":true,"valueName":"search_term_string"}}],"inLanguage":"pt-BR"},{"@type":"Person","@id":"https:\/\/folhapopular.info\/#\/schema\/person\/2814e8a0df7643585a9ca38bc6eb9d4b","name":"Reda\u00e7\u00e3o Folha Popular","image":{"@type":"ImageObject","inLanguage":"pt-BR","@id":"https:\/\/folhapopular.info\/wp-content\/uploads\/2026\/04\/Folha-1.webp","url":"https:\/\/folhapopular.info\/wp-content\/uploads\/2026\/04\/Folha-1.webp","contentUrl":"https:\/\/folhapopular.info\/wp-content\/uploads\/2026\/04\/Folha-1.webp","caption":"Reda\u00e7\u00e3o Folha Popular"},"url":"https:\/\/folhapopular.info\/index.php\/author\/redacao\/"}]}},"jetpack_featured_media_url":"https:\/\/folhapopular.info\/wp-content\/uploads\/2023\/04\/WhatsApp-Image-2023-04-09-at-19.49.22-1-e1681127977405.jpeg","jetpack_sharing_enabled":true,"amp_enabled":true,"_links":{"self":[{"href":"https:\/\/folhapopular.info\/index.php\/wp-json\/wp\/v2\/posts\/125373","targetHints":{"allow":["GET"]}}],"collection":[{"href":"https:\/\/folhapopular.info\/index.php\/wp-json\/wp\/v2\/posts"}],"about":[{"href":"https:\/\/folhapopular.info\/index.php\/wp-json\/wp\/v2\/types\/post"}],"author":[{"embeddable":true,"href":"https:\/\/folhapopular.info\/index.php\/wp-json\/wp\/v2\/users\/8"}],"replies":[{"embeddable":true,"href":"https:\/\/folhapopular.info\/index.php\/wp-json\/wp\/v2\/comments?post=125373"}],"version-history":[{"count":0,"href":"https:\/\/folhapopular.info\/index.php\/wp-json\/wp\/v2\/posts\/125373\/revisions"}],"wp:featuredmedia":[{"embeddable":true,"href":"https:\/\/folhapopular.info\/index.php\/wp-json\/wp\/v2\/media\/125374"}],"wp:attachment":[{"href":"https:\/\/folhapopular.info\/index.php\/wp-json\/wp\/v2\/media?parent=125373"}],"wp:term":[{"taxonomy":"category","embeddable":true,"href":"https:\/\/folhapopular.info\/index.php\/wp-json\/wp\/v2\/categories?post=125373"},{"taxonomy":"post_tag","embeddable":true,"href":"https:\/\/folhapopular.info\/index.php\/wp-json\/wp\/v2\/tags?post=125373"}],"curies":[{"name":"wp","href":"https:\/\/api.w.org\/{rel}","templated":true}]}}