{"id":125381,"date":"2023-04-10T09:13:28","date_gmt":"2023-04-10T12:13:28","guid":{"rendered":"https:\/\/folhapopular.info\/?p=125381"},"modified":"2023-04-10T09:13:31","modified_gmt":"2023-04-10T12:13:31","slug":"homem-e-preso-por-porte-irregular-de-arma-e-receptacao-em-encantado","status":"publish","type":"post","link":"https:\/\/folhapopular.info\/index.php\/2023\/04\/10\/homem-e-preso-por-porte-irregular-de-arma-e-receptacao-em-encantado\/","title":{"rendered":"Homem \u00e9 preso por porte irregular de arma e recepta\u00e7\u00e3o em Encantado"},"content":{"rendered":"\n<p>A Sala de Opera\u00e7\u00f5es da Brigada Militar de Encantado foi informada na noite de s\u00e1bado (8\/4) sobre um autom\u00f3vel Gol, de cor branca, que havia sido roubado na cidade de J\u00falio de Castilhos e estaria transitando na ERS-129 e passado pelo ped\u00e1gio da pra\u00e7a de Encantado, sentido Guapor\u00e9.<\/p>\n\n\n\n<p>As guarni\u00e7\u00f5es iniciaram as buscas, sendo verificado pelo videomonitoramento que o carro teria se deslocado no sentido Mu\u00e7um. O Gol foi localizado e o motorista abordado. Em revista foi encontrada uma pistola calibre 9 mm, municiada, pronta para uso. Com ele tamb\u00e9m estava um celular e R$ 75,00.<\/p>\n\n\n\n<p>Em consulta ao sistema foi constatado que o ve\u00edculo possu\u00eda ocorr\u00eancia de roubo. O carro foi apreendido e removido ao dep\u00f3sito pelo guincho. O motorista, de 23 anos, foi preso por porte irregular de arma de fogo e recepta\u00e7\u00e3o. Ele foi encaminhado \u00e0 Delegacia de Pol\u00edcia.<\/p>\n","protected":false},"excerpt":{"rendered":"<p>A Sala de Opera\u00e7\u00f5es da Brigada Militar de Encantado foi informada na noite de s\u00e1bado (8\/4) sobre um autom\u00f3vel Gol, de cor branca, que havia sido roubado na cidade de J\u00falio de Castilhos e estaria transitando na ERS-129 e passado pelo ped\u00e1gio da pra\u00e7a de Encantado, sentido Guapor\u00e9. As guarni\u00e7\u00f5es iniciaram as buscas, sendo verificado [&hellip;]<\/p>\n","protected":false},"author":8,"featured_media":125382,"comment_status":"open","ping_status":"open","sticky":false,"template":"","format":"standard","meta":{"pmpro_default_level":"","_jetpack_memberships_contains_paid_content":false,"footnotes":""},"categories":[10982,7],"tags":[1605,466,2656,107,1260],"class_list":{"0":"post-125381","1":"post","2":"type-post","3":"status-publish","4":"format-standard","5":"has-post-thumbnail","7":"category-policia","8":"category-seguranca","9":"tag-arma","10":"tag-encantado","11":"tag-homem","12":"tag-prisao","13":"tag-receptacao","14":"pmpro-has-access"},"yoast_head":"<!-- This site is optimized with the Yoast SEO plugin v27.5 - https:\/\/yoast.com\/product\/yoast-seo-wordpress\/ -->\n<title>Homem \u00e9 preso por porte irregular de arma e recepta\u00e7\u00e3o em Encantado - Folha Popular<\/title>\n<meta name=\"robots\" content=\"index, follow, max-snippet:-1, max-image-preview:large, max-video-preview:-1\" \/>\n<link rel=\"canonical\" href=\"https:\/\/folhapopular.info\/index.php\/2023\/04\/10\/homem-e-preso-por-porte-irregular-de-arma-e-receptacao-em-encantado\/\" \/>\n<meta property=\"og:locale\" content=\"pt_BR\" \/>\n<meta property=\"og:type\" content=\"article\" \/>\n<meta property=\"og:title\" content=\"Homem \u00e9 preso por porte irregular de arma e recepta\u00e7\u00e3o em Encantado - Folha Popular\" \/>\n<meta property=\"og:description\" content=\"A Sala de Opera\u00e7\u00f5es da Brigada Militar de Encantado foi informada na noite de s\u00e1bado (8\/4) sobre um autom\u00f3vel Gol, de cor branca, que havia sido roubado na cidade de J\u00falio de Castilhos e estaria transitando na ERS-129 e passado pelo ped\u00e1gio da pra\u00e7a de Encantado, sentido Guapor\u00e9. As guarni\u00e7\u00f5es iniciaram as buscas, sendo verificado [&hellip;]\" \/>\n<meta property=\"og:url\" content=\"https:\/\/folhapopular.info\/index.php\/2023\/04\/10\/homem-e-preso-por-porte-irregular-de-arma-e-receptacao-em-encantado\/\" \/>\n<meta property=\"og:site_name\" content=\"Folha Popular\" \/>\n<meta property=\"article:published_time\" content=\"2023-04-10T12:13:28+00:00\" \/>\n<meta property=\"article:modified_time\" content=\"2023-04-10T12:13:31+00:00\" \/>\n<meta property=\"og:image\" content=\"http:\/\/folhapopular.info\/wp-content\/uploads\/2023\/04\/WhatsApp-Image-2023-04-09-at-20.07.58.jpeg\" \/>\n\t<meta property=\"og:image:width\" content=\"900\" \/>\n\t<meta property=\"og:image:height\" content=\"593\" \/>\n\t<meta property=\"og:image:type\" content=\"image\/jpeg\" \/>\n<meta name=\"author\" content=\"Reda\u00e7\u00e3o Folha Popular\" \/>\n<meta name=\"twitter:card\" content=\"summary_large_image\" \/>\n<meta name=\"twitter:label1\" content=\"Escrito por\" \/>\n\t<meta name=\"twitter:data1\" content=\"Reda\u00e7\u00e3o Folha Popular\" \/>\n\t<meta name=\"twitter:label2\" content=\"Est. tempo de leitura\" \/>\n\t<meta name=\"twitter:data2\" content=\"1 minuto\" \/>\n<script type=\"application\/ld+json\" class=\"yoast-schema-graph\">{\"@context\":\"https:\\\/\\\/schema.org\",\"@graph\":[{\"@type\":\"Article\",\"@id\":\"https:\\\/\\\/folhapopular.info\\\/index.php\\\/2023\\\/04\\\/10\\\/homem-e-preso-por-porte-irregular-de-arma-e-receptacao-em-encantado\\\/#article\",\"isPartOf\":{\"@id\":\"https:\\\/\\\/folhapopular.info\\\/index.php\\\/2023\\\/04\\\/10\\\/homem-e-preso-por-porte-irregular-de-arma-e-receptacao-em-encantado\\\/\"},\"author\":{\"name\":\"Reda\u00e7\u00e3o Folha Popular\",\"@id\":\"https:\\\/\\\/folhapopular.info\\\/#\\\/schema\\\/person\\\/2814e8a0df7643585a9ca38bc6eb9d4b\"},\"headline\":\"Homem \u00e9 preso por porte irregular de arma e recepta\u00e7\u00e3o em Encantado\",\"datePublished\":\"2023-04-10T12:13:28+00:00\",\"dateModified\":\"2023-04-10T12:13:31+00:00\",\"mainEntityOfPage\":{\"@id\":\"https:\\\/\\\/folhapopular.info\\\/index.php\\\/2023\\\/04\\\/10\\\/homem-e-preso-por-porte-irregular-de-arma-e-receptacao-em-encantado\\\/\"},\"wordCount\":164,\"commentCount\":0,\"image\":{\"@id\":\"https:\\\/\\\/folhapopular.info\\\/index.php\\\/2023\\\/04\\\/10\\\/homem-e-preso-por-porte-irregular-de-arma-e-receptacao-em-encantado\\\/#primaryimage\"},\"thumbnailUrl\":\"https:\\\/\\\/folhapopular.info\\\/wp-content\\\/uploads\\\/2023\\\/04\\\/WhatsApp-Image-2023-04-09-at-20.07.58.jpeg\",\"keywords\":[\"arma\",\"Encantado\",\"Homem\",\"Pris\u00e3o\",\"Recepta\u00e7\u00e3o\"],\"articleSection\":[\"Pol\u00edcia\",\"Seguran\u00e7a\"],\"inLanguage\":\"pt-BR\",\"potentialAction\":[{\"@type\":\"CommentAction\",\"name\":\"Comment\",\"target\":[\"https:\\\/\\\/folhapopular.info\\\/index.php\\\/2023\\\/04\\\/10\\\/homem-e-preso-por-porte-irregular-de-arma-e-receptacao-em-encantado\\\/#respond\"]}]},{\"@type\":\"WebPage\",\"@id\":\"https:\\\/\\\/folhapopular.info\\\/index.php\\\/2023\\\/04\\\/10\\\/homem-e-preso-por-porte-irregular-de-arma-e-receptacao-em-encantado\\\/\",\"url\":\"https:\\\/\\\/folhapopular.info\\\/index.php\\\/2023\\\/04\\\/10\\\/homem-e-preso-por-porte-irregular-de-arma-e-receptacao-em-encantado\\\/\",\"name\":\"Homem \u00e9 preso por porte irregular de arma e recepta\u00e7\u00e3o em Encantado - Folha Popular\",\"isPartOf\":{\"@id\":\"https:\\\/\\\/folhapopular.info\\\/#website\"},\"primaryImageOfPage\":{\"@id\":\"https:\\\/\\\/folhapopular.info\\\/index.php\\\/2023\\\/04\\\/10\\\/homem-e-preso-por-porte-irregular-de-arma-e-receptacao-em-encantado\\\/#primaryimage\"},\"image\":{\"@id\":\"https:\\\/\\\/folhapopular.info\\\/index.php\\\/2023\\\/04\\\/10\\\/homem-e-preso-por-porte-irregular-de-arma-e-receptacao-em-encantado\\\/#primaryimage\"},\"thumbnailUrl\":\"https:\\\/\\\/folhapopular.info\\\/wp-content\\\/uploads\\\/2023\\\/04\\\/WhatsApp-Image-2023-04-09-at-20.07.58.jpeg\",\"datePublished\":\"2023-04-10T12:13:28+00:00\",\"dateModified\":\"2023-04-10T12:13:31+00:00\",\"author\":{\"@id\":\"https:\\\/\\\/folhapopular.info\\\/#\\\/schema\\\/person\\\/2814e8a0df7643585a9ca38bc6eb9d4b\"},\"breadcrumb\":{\"@id\":\"https:\\\/\\\/folhapopular.info\\\/index.php\\\/2023\\\/04\\\/10\\\/homem-e-preso-por-porte-irregular-de-arma-e-receptacao-em-encantado\\\/#breadcrumb\"},\"inLanguage\":\"pt-BR\",\"potentialAction\":[{\"@type\":\"ReadAction\",\"target\":[\"https:\\\/\\\/folhapopular.info\\\/index.php\\\/2023\\\/04\\\/10\\\/homem-e-preso-por-porte-irregular-de-arma-e-receptacao-em-encantado\\\/\"]}]},{\"@type\":\"ImageObject\",\"inLanguage\":\"pt-BR\",\"@id\":\"https:\\\/\\\/folhapopular.info\\\/index.php\\\/2023\\\/04\\\/10\\\/homem-e-preso-por-porte-irregular-de-arma-e-receptacao-em-encantado\\\/#primaryimage\",\"url\":\"https:\\\/\\\/folhapopular.info\\\/wp-content\\\/uploads\\\/2023\\\/04\\\/WhatsApp-Image-2023-04-09-at-20.07.58.jpeg\",\"contentUrl\":\"https:\\\/\\\/folhapopular.info\\\/wp-content\\\/uploads\\\/2023\\\/04\\\/WhatsApp-Image-2023-04-09-at-20.07.58.jpeg\",\"width\":900,\"height\":593,\"caption\":\"Cr\u00e9dito: Brigada Militar \\\/ Divulga\u00e7\u00e3o\"},{\"@type\":\"BreadcrumbList\",\"@id\":\"https:\\\/\\\/folhapopular.info\\\/index.php\\\/2023\\\/04\\\/10\\\/homem-e-preso-por-porte-irregular-de-arma-e-receptacao-em-encantado\\\/#breadcrumb\",\"itemListElement\":[{\"@type\":\"ListItem\",\"position\":1,\"name\":\"In\u00edcio\",\"item\":\"https:\\\/\\\/folhapopular.info\\\/\"},{\"@type\":\"ListItem\",\"position\":2,\"name\":\"Homem \u00e9 preso por porte irregular de arma e recepta\u00e7\u00e3o em Encantado\"}]},{\"@type\":\"WebSite\",\"@id\":\"https:\\\/\\\/folhapopular.info\\\/#website\",\"url\":\"https:\\\/\\\/folhapopular.info\\\/\",\"name\":\"Folha Popular\",\"description\":\"Onde voc\u00ea tem vez e voz\",\"potentialAction\":[{\"@type\":\"SearchAction\",\"target\":{\"@type\":\"EntryPoint\",\"urlTemplate\":\"https:\\\/\\\/folhapopular.info\\\/?s={search_term_string}\"},\"query-input\":{\"@type\":\"PropertyValueSpecification\",\"valueRequired\":true,\"valueName\":\"search_term_string\"}}],\"inLanguage\":\"pt-BR\"},{\"@type\":\"Person\",\"@id\":\"https:\\\/\\\/folhapopular.info\\\/#\\\/schema\\\/person\\\/2814e8a0df7643585a9ca38bc6eb9d4b\",\"name\":\"Reda\u00e7\u00e3o Folha Popular\",\"image\":{\"@type\":\"ImageObject\",\"inLanguage\":\"pt-BR\",\"@id\":\"https:\\\/\\\/folhapopular.info\\\/wp-content\\\/uploads\\\/2026\\\/04\\\/Folha-1.webp\",\"url\":\"https:\\\/\\\/folhapopular.info\\\/wp-content\\\/uploads\\\/2026\\\/04\\\/Folha-1.webp\",\"contentUrl\":\"https:\\\/\\\/folhapopular.info\\\/wp-content\\\/uploads\\\/2026\\\/04\\\/Folha-1.webp\",\"caption\":\"Reda\u00e7\u00e3o Folha Popular\"},\"url\":\"https:\\\/\\\/folhapopular.info\\\/index.php\\\/author\\\/redacao\\\/\"}]}<\/script>\n<!-- \/ Yoast SEO plugin. -->","yoast_head_json":{"title":"Homem \u00e9 preso por porte irregular de arma e recepta\u00e7\u00e3o em Encantado - Folha Popular","robots":{"index":"index","follow":"follow","max-snippet":"max-snippet:-1","max-image-preview":"max-image-preview:large","max-video-preview":"max-video-preview:-1"},"canonical":"https:\/\/folhapopular.info\/index.php\/2023\/04\/10\/homem-e-preso-por-porte-irregular-de-arma-e-receptacao-em-encantado\/","og_locale":"pt_BR","og_type":"article","og_title":"Homem \u00e9 preso por porte irregular de arma e recepta\u00e7\u00e3o em Encantado - Folha Popular","og_description":"A Sala de Opera\u00e7\u00f5es da Brigada Militar de Encantado foi informada na noite de s\u00e1bado (8\/4) sobre um autom\u00f3vel Gol, de cor branca, que havia sido roubado na cidade de J\u00falio de Castilhos e estaria transitando na ERS-129 e passado pelo ped\u00e1gio da pra\u00e7a de Encantado, sentido Guapor\u00e9. As guarni\u00e7\u00f5es iniciaram as buscas, sendo verificado [&hellip;]","og_url":"https:\/\/folhapopular.info\/index.php\/2023\/04\/10\/homem-e-preso-por-porte-irregular-de-arma-e-receptacao-em-encantado\/","og_site_name":"Folha Popular","article_published_time":"2023-04-10T12:13:28+00:00","article_modified_time":"2023-04-10T12:13:31+00:00","og_image":[{"width":900,"height":593,"url":"http:\/\/folhapopular.info\/wp-content\/uploads\/2023\/04\/WhatsApp-Image-2023-04-09-at-20.07.58.jpeg","type":"image\/jpeg"}],"author":"Reda\u00e7\u00e3o Folha Popular","twitter_card":"summary_large_image","twitter_misc":{"Escrito por":"Reda\u00e7\u00e3o Folha Popular","Est. tempo de leitura":"1 minuto"},"schema":{"@context":"https:\/\/schema.org","@graph":[{"@type":"Article","@id":"https:\/\/folhapopular.info\/index.php\/2023\/04\/10\/homem-e-preso-por-porte-irregular-de-arma-e-receptacao-em-encantado\/#article","isPartOf":{"@id":"https:\/\/folhapopular.info\/index.php\/2023\/04\/10\/homem-e-preso-por-porte-irregular-de-arma-e-receptacao-em-encantado\/"},"author":{"name":"Reda\u00e7\u00e3o Folha Popular","@id":"https:\/\/folhapopular.info\/#\/schema\/person\/2814e8a0df7643585a9ca38bc6eb9d4b"},"headline":"Homem \u00e9 preso por porte irregular de arma e recepta\u00e7\u00e3o em Encantado","datePublished":"2023-04-10T12:13:28+00:00","dateModified":"2023-04-10T12:13:31+00:00","mainEntityOfPage":{"@id":"https:\/\/folhapopular.info\/index.php\/2023\/04\/10\/homem-e-preso-por-porte-irregular-de-arma-e-receptacao-em-encantado\/"},"wordCount":164,"commentCount":0,"image":{"@id":"https:\/\/folhapopular.info\/index.php\/2023\/04\/10\/homem-e-preso-por-porte-irregular-de-arma-e-receptacao-em-encantado\/#primaryimage"},"thumbnailUrl":"https:\/\/folhapopular.info\/wp-content\/uploads\/2023\/04\/WhatsApp-Image-2023-04-09-at-20.07.58.jpeg","keywords":["arma","Encantado","Homem","Pris\u00e3o","Recepta\u00e7\u00e3o"],"articleSection":["Pol\u00edcia","Seguran\u00e7a"],"inLanguage":"pt-BR","potentialAction":[{"@type":"CommentAction","name":"Comment","target":["https:\/\/folhapopular.info\/index.php\/2023\/04\/10\/homem-e-preso-por-porte-irregular-de-arma-e-receptacao-em-encantado\/#respond"]}]},{"@type":"WebPage","@id":"https:\/\/folhapopular.info\/index.php\/2023\/04\/10\/homem-e-preso-por-porte-irregular-de-arma-e-receptacao-em-encantado\/","url":"https:\/\/folhapopular.info\/index.php\/2023\/04\/10\/homem-e-preso-por-porte-irregular-de-arma-e-receptacao-em-encantado\/","name":"Homem \u00e9 preso por porte irregular de arma e recepta\u00e7\u00e3o em Encantado - Folha Popular","isPartOf":{"@id":"https:\/\/folhapopular.info\/#website"},"primaryImageOfPage":{"@id":"https:\/\/folhapopular.info\/index.php\/2023\/04\/10\/homem-e-preso-por-porte-irregular-de-arma-e-receptacao-em-encantado\/#primaryimage"},"image":{"@id":"https:\/\/folhapopular.info\/index.php\/2023\/04\/10\/homem-e-preso-por-porte-irregular-de-arma-e-receptacao-em-encantado\/#primaryimage"},"thumbnailUrl":"https:\/\/folhapopular.info\/wp-content\/uploads\/2023\/04\/WhatsApp-Image-2023-04-09-at-20.07.58.jpeg","datePublished":"2023-04-10T12:13:28+00:00","dateModified":"2023-04-10T12:13:31+00:00","author":{"@id":"https:\/\/folhapopular.info\/#\/schema\/person\/2814e8a0df7643585a9ca38bc6eb9d4b"},"breadcrumb":{"@id":"https:\/\/folhapopular.info\/index.php\/2023\/04\/10\/homem-e-preso-por-porte-irregular-de-arma-e-receptacao-em-encantado\/#breadcrumb"},"inLanguage":"pt-BR","potentialAction":[{"@type":"ReadAction","target":["https:\/\/folhapopular.info\/index.php\/2023\/04\/10\/homem-e-preso-por-porte-irregular-de-arma-e-receptacao-em-encantado\/"]}]},{"@type":"ImageObject","inLanguage":"pt-BR","@id":"https:\/\/folhapopular.info\/index.php\/2023\/04\/10\/homem-e-preso-por-porte-irregular-de-arma-e-receptacao-em-encantado\/#primaryimage","url":"https:\/\/folhapopular.info\/wp-content\/uploads\/2023\/04\/WhatsApp-Image-2023-04-09-at-20.07.58.jpeg","contentUrl":"https:\/\/folhapopular.info\/wp-content\/uploads\/2023\/04\/WhatsApp-Image-2023-04-09-at-20.07.58.jpeg","width":900,"height":593,"caption":"Cr\u00e9dito: Brigada Militar \/ Divulga\u00e7\u00e3o"},{"@type":"BreadcrumbList","@id":"https:\/\/folhapopular.info\/index.php\/2023\/04\/10\/homem-e-preso-por-porte-irregular-de-arma-e-receptacao-em-encantado\/#breadcrumb","itemListElement":[{"@type":"ListItem","position":1,"name":"In\u00edcio","item":"https:\/\/folhapopular.info\/"},{"@type":"ListItem","position":2,"name":"Homem \u00e9 preso por porte irregular de arma e recepta\u00e7\u00e3o em Encantado"}]},{"@type":"WebSite","@id":"https:\/\/folhapopular.info\/#website","url":"https:\/\/folhapopular.info\/","name":"Folha Popular","description":"Onde voc\u00ea tem vez e voz","potentialAction":[{"@type":"SearchAction","target":{"@type":"EntryPoint","urlTemplate":"https:\/\/folhapopular.info\/?s={search_term_string}"},"query-input":{"@type":"PropertyValueSpecification","valueRequired":true,"valueName":"search_term_string"}}],"inLanguage":"pt-BR"},{"@type":"Person","@id":"https:\/\/folhapopular.info\/#\/schema\/person\/2814e8a0df7643585a9ca38bc6eb9d4b","name":"Reda\u00e7\u00e3o Folha Popular","image":{"@type":"ImageObject","inLanguage":"pt-BR","@id":"https:\/\/folhapopular.info\/wp-content\/uploads\/2026\/04\/Folha-1.webp","url":"https:\/\/folhapopular.info\/wp-content\/uploads\/2026\/04\/Folha-1.webp","contentUrl":"https:\/\/folhapopular.info\/wp-content\/uploads\/2026\/04\/Folha-1.webp","caption":"Reda\u00e7\u00e3o Folha Popular"},"url":"https:\/\/folhapopular.info\/index.php\/author\/redacao\/"}]}},"jetpack_featured_media_url":"https:\/\/folhapopular.info\/wp-content\/uploads\/2023\/04\/WhatsApp-Image-2023-04-09-at-20.07.58.jpeg","jetpack_sharing_enabled":true,"amp_enabled":true,"_links":{"self":[{"href":"https:\/\/folhapopular.info\/index.php\/wp-json\/wp\/v2\/posts\/125381","targetHints":{"allow":["GET"]}}],"collection":[{"href":"https:\/\/folhapopular.info\/index.php\/wp-json\/wp\/v2\/posts"}],"about":[{"href":"https:\/\/folhapopular.info\/index.php\/wp-json\/wp\/v2\/types\/post"}],"author":[{"embeddable":true,"href":"https:\/\/folhapopular.info\/index.php\/wp-json\/wp\/v2\/users\/8"}],"replies":[{"embeddable":true,"href":"https:\/\/folhapopular.info\/index.php\/wp-json\/wp\/v2\/comments?post=125381"}],"version-history":[{"count":0,"href":"https:\/\/folhapopular.info\/index.php\/wp-json\/wp\/v2\/posts\/125381\/revisions"}],"wp:featuredmedia":[{"embeddable":true,"href":"https:\/\/folhapopular.info\/index.php\/wp-json\/wp\/v2\/media\/125382"}],"wp:attachment":[{"href":"https:\/\/folhapopular.info\/index.php\/wp-json\/wp\/v2\/media?parent=125381"}],"wp:term":[{"taxonomy":"category","embeddable":true,"href":"https:\/\/folhapopular.info\/index.php\/wp-json\/wp\/v2\/categories?post=125381"},{"taxonomy":"post_tag","embeddable":true,"href":"https:\/\/folhapopular.info\/index.php\/wp-json\/wp\/v2\/tags?post=125381"}],"curies":[{"name":"wp","href":"https:\/\/api.w.org\/{rel}","templated":true}]}}