{"id":125624,"date":"2023-04-12T17:00:02","date_gmt":"2023-04-12T20:00:02","guid":{"rendered":"https:\/\/folhapopular.info\/?p=125624"},"modified":"2023-04-12T16:40:24","modified_gmt":"2023-04-12T19:40:24","slug":"parceiros-voluntarios-seleciona-interessados-para-o-projeto-tribos-jovens-empreendedores","status":"publish","type":"post","link":"https:\/\/folhapopular.info\/index.php\/2023\/04\/12\/parceiros-voluntarios-seleciona-interessados-para-o-projeto-tribos-jovens-empreendedores\/","title":{"rendered":"Parceiros Volunt\u00e1rios seleciona interessados para o projeto Tribos Jovens Empreendedores"},"content":{"rendered":"\n<p>A rede Parceiros Volunt\u00e1rios (PV), em parceria com o Sebrae RS, leva a alunos e educadores do 8\u00ba ano do Ensino Fundamental ao 3\u00ba ano do Ensino M\u00e9dio a metodologia Tribos Jovens Empreendedores. Iniciada em 2021, tem como valores promovidos o autoconhecimento, prop\u00f3sito, empreendedorismo social e protagonismo jovem. <\/p>\n\n\n\n<p>Com o programa Educa\u00e7\u00e3o Empreendedora, o projeto prop\u00f5e o desenvolvimento de compet\u00eancias empreendedoras no per\u00edodo de tr\u00eas anos, por meio de encontros online em assuntos como habilidades socioemocionais, lideran\u00e7a e pr\u00e1tica social. <\/p>\n\n\n\n<p>Em 2023 ocorre a conclus\u00e3o do ciclo, que foi especialmente planejado de modo que o desenvolvimento da metodologia ocorresse de forma progressiva e complementar durante tr\u00eas anos (2021-2023).<\/p>\n\n\n\n<p>Se em 2022 as experi\u00eancias tiveram foco na inova\u00e7\u00e3o, a fim de estimular a criatividade dos participantes, agora ser\u00e1 a vez das T\u00e9cnicas Empreendedoras, que suscitar\u00e3o o pensamento \u00e9tico e respons\u00e1vel, a aprendizagem com a experi\u00eancia, vis\u00e3o, conhecimento b\u00e1sico financeiro e econ\u00f4mico, planejamento e gest\u00e3o. Tudo isso com uma metodologia \u201cgamificada\u201d, para provar que aprender sobre empreendedorismo e gest\u00e3o pode ser divertido. <\/p>\n\n\n\n<p>Daniel Santoro, presidente do Conselho de Administra\u00e7\u00e3o da PV, cita que a ideia \u00e9, a cada ano, proporcionar uma experi\u00eancia enriquecedora para educadores e alunos, a fim de oportunizar que o Tribos contribua para o projeto de vida dos estudantes. &#8220;E ao fim desse ciclo, formarmos jovens protagonistas de suas comunidades\u201d, conta.<\/p>\n\n\n\n<h2 class=\"wp-block-heading\"><strong>Vagas <\/strong><\/h2>\n\n\n\n<p>Os estudantes que participaram de Tribos Jovens Empreendedores nos primeiros dois anos j\u00e1 t\u00eam sua vaga garantida em 2023. Eles receber\u00e3o certificado especial indicando sua participa\u00e7\u00e3o nessa a\u00e7\u00e3o, que tem chancela da Unesco. As capacita\u00e7\u00f5es acontecer\u00e3o por meio de atividades s\u00edncronas, pelo Google Meet, e ass\u00edncronas, com desafios e a\u00e7\u00f5es pr\u00e1ticas complementares, totalizando 8h para os educadores e 16h para os estudantes. <\/p>\n\n\n\n<p>O projeto tamb\u00e9m contempla professores que possuem disciplinas eletivas nas tem\u00e1ticas empreendedorismo, projeto de vida, meio ambiente ou educa\u00e7\u00e3o financeira, uma vez que Tribos oferece recursos que podem ser diretamente aplicados em sala de aula.<\/p>\n\n\n\n<p>Segundo Daniel Santoro, nesse \u00faltimo ano os educadores ter\u00e3o contato com metodologias \u00e1geis para envolver alunos em projetos sociais; pr\u00e1ticas de lideran\u00e7a; conhecimento b\u00e1sico financeiro e econ\u00f4mico e ainda poder\u00e3o receber um certificado de 30h, com chancela da UNESCO. Ele continua: \u2014 \u201cA experi\u00eancia desperta nesses jovens um processo de empoderamento, que passa por caminhos como o autoconhecimento, a iniciativa, a criatividade, a responsabilidade e a lideran\u00e7a social\u201d. Para Jos\u00e9 Filipe Nunes, Assessor da 12\u00ba CRE Gua\u00edba, o projeto foi um sucesso com os jovens.&nbsp;\u201cO programa Tribos foi tudo o que precis\u00e1vamos para incluir o jovem, pra mostrar que a educa\u00e7\u00e3o pode transformar. Tribos trouxe uma perspectiva de inclus\u00e3o, de empatia, de ressignificado. \u00c9 um prazer fazer parte de Tribos [&#8230;] A forma como \u00e9 feito o acolhimento, a organiza\u00e7\u00e3o dos m\u00f3dulos, a disponibilidade, principalmente, de quem nos auxilia nesse processo, faz a gente acreditar em um mundo um pouquinho melhor\u201d.<\/p>\n\n\n\n<p>Tribos Jovens Empreendedores \u00e9 realizado pela Rede Parceiros Volunt\u00e1rios em parceria com o Sebrae RS, com o apoio da Enter Tech Edu e da Secretaria Estadual de Educa\u00e7\u00e3o, com chancela da Unesco.<\/p>\n\n\n\n<p>Informa\u00e7\u00f5es e inscri\u00e7\u00f5es para <strong>novas turmas<\/strong> podem ser realizadas atrav\u00e9s dos formul\u00e1rios para <a href=\"https:\/\/docs.google.com\/forms\/d\/e\/1FAIpQLSd2VtUVaniNvO-XzcgDkhGMwk4Yi10ktXx8QoTV1p5jproH8w\/viewform\" target=\"_blank\" rel=\"noreferrer noopener\">educadores<\/a> e para <a href=\"https:\/\/docs.google.com\/forms\/d\/e\/1FAIpQLSfMe2U1A6cI6UZnierD9J5An45wG8TJel6BOHGqPgOllP7mvA\/viewform\" target=\"_blank\" rel=\"noreferrer noopener\">alunos<\/a>.<\/p>\n\n\n\n<h3 class=\"wp-block-heading\"><strong>Calend\u00e1rio de capacita\u00e7\u00f5es:<\/strong>&nbsp;<\/h3>\n\n\n\n<p>A capacita\u00e7\u00e3o de Educadores acontecer\u00e1 de 8 a 18 de maio, nas segundas e quartas-feiras ou nas ter\u00e7as e quintas-feiras, das 19h \u00e0s 21h. J\u00e1 a capacita\u00e7\u00e3o de alunos acontece de maio a julho, nas segundas, ter\u00e7as ou quartas-feiras, \u00e0s 14h, 16h ou 18h (de acordo com a turma escolhida).<\/p>\n\n\n\n<figure class=\"wp-block-image size-large is-resized\"><img loading=\"lazy\" decoding=\"async\" src=\"https:\/\/folhapopular.info\/wp-content\/uploads\/2023\/04\/link-1024x613.jpg\" alt=\"\" class=\"wp-image-125627\" width=\"699\" height=\"433\"\/><figcaption class=\"wp-element-caption\">Cr\u00e9ditos: Acervo Parceiros Volunt\u00e1rios<\/figcaption><\/figure>\n\n\n\n<h2 class=\"wp-block-heading\"><strong>Sobre a Parceiros Volunt\u00e1rios<\/strong><\/h2>\n\n\n\n<p>A Rede Parceiros Volunt\u00e1rios \u00e9 uma Organiza\u00e7\u00e3o N\u00e3o Governamental (ONG) sem fins lucrativos e apartid\u00e1ria, criada h\u00e1 26 anos no Rio Grande do Sul, com atua\u00e7\u00e3o em todo o Brasil. Atua com foco no desenvolvimento social sustent\u00e1vel das comunidades e territ\u00f3rios, atrav\u00e9s da cocria\u00e7\u00e3o de tecnologias sociais, projetos e solu\u00e7\u00f5es customizadas para seus parceiros, sejam eles empresas, escolas, \u00f3rg\u00e3os governamentais, organiza\u00e7\u00f5es da sociedade civil. Isso atrav\u00e9s de indiv\u00edduos que desejam exercer a pr\u00e1tica do voluntariado, gerando impacto positivo para todo o ecossistema social.<\/p>\n","protected":false},"excerpt":{"rendered":"<p>A rede Parceiros Volunt\u00e1rios (PV), em parceria com o Sebrae RS, leva a alunos e educadores do 8\u00ba ano do Ensino Fundamental ao 3\u00ba ano do Ensino M\u00e9dio a metodologia Tribos Jovens Empreendedores. Iniciada em 2021, tem como valores promovidos o autoconhecimento, prop\u00f3sito, empreendedorismo social e protagonismo jovem. Com o programa Educa\u00e7\u00e3o Empreendedora, o projeto [&hellip;]<\/p>\n","protected":false},"author":8,"featured_media":125626,"comment_status":"open","ping_status":"open","sticky":false,"template":"","format":"standard","meta":{"pmpro_default_level":"","_jetpack_memberships_contains_paid_content":false,"footnotes":""},"categories":[2,10988,3],"tags":[73,1512,6637,1393,5676,4651,5650,227,10742,11761],"class_list":{"0":"post-125624","1":"post","2":"type-post","3":"status-publish","4":"format-standard","5":"has-post-thumbnail","7":"category-featured","8":"category-educacao","9":"category-geral","10":"tag-educacao","11":"tag-educadores","12":"tag-empreender","13":"tag-ensino-fundamental","14":"tag-ensino-medio","15":"tag-jovens","16":"tag-ong","17":"tag-parceiros-voluntarios","18":"tag-sebrae-rs","19":"tag-tribos-jovens-empreendedores","20":"pmpro-has-access"},"yoast_head":"<!-- This site is optimized with the Yoast SEO plugin v27.5 - https:\/\/yoast.com\/product\/yoast-seo-wordpress\/ -->\n<title>Parceiros Volunt\u00e1rios seleciona interessados para o projeto Tribos Jovens Empreendedores - Folha Popular<\/title>\n<meta name=\"robots\" content=\"index, follow, max-snippet:-1, max-image-preview:large, max-video-preview:-1\" \/>\n<link rel=\"canonical\" href=\"https:\/\/folhapopular.info\/index.php\/2023\/04\/12\/parceiros-voluntarios-seleciona-interessados-para-o-projeto-tribos-jovens-empreendedores\/\" \/>\n<meta property=\"og:locale\" content=\"pt_BR\" \/>\n<meta property=\"og:type\" content=\"article\" \/>\n<meta property=\"og:title\" content=\"Parceiros Volunt\u00e1rios seleciona interessados para o projeto Tribos Jovens Empreendedores - Folha Popular\" \/>\n<meta property=\"og:description\" content=\"A rede Parceiros Volunt\u00e1rios (PV), em parceria com o Sebrae RS, leva a alunos e educadores do 8\u00ba ano do Ensino Fundamental ao 3\u00ba ano do Ensino M\u00e9dio a metodologia Tribos Jovens Empreendedores. Iniciada em 2021, tem como valores promovidos o autoconhecimento, prop\u00f3sito, empreendedorismo social e protagonismo jovem. Com o programa Educa\u00e7\u00e3o Empreendedora, o projeto [&hellip;]\" \/>\n<meta property=\"og:url\" content=\"https:\/\/folhapopular.info\/index.php\/2023\/04\/12\/parceiros-voluntarios-seleciona-interessados-para-o-projeto-tribos-jovens-empreendedores\/\" \/>\n<meta property=\"og:site_name\" content=\"Folha Popular\" \/>\n<meta property=\"article:published_time\" content=\"2023-04-12T20:00:02+00:00\" \/>\n<meta property=\"og:image\" content=\"https:\/\/folhapopular.info\/wp-content\/uploads\/2023\/04\/link-1-1024x683.jpg\" \/>\n\t<meta property=\"og:image:width\" content=\"1024\" \/>\n\t<meta property=\"og:image:height\" content=\"683\" \/>\n\t<meta property=\"og:image:type\" content=\"image\/jpeg\" \/>\n<meta name=\"author\" content=\"Reda\u00e7\u00e3o Folha Popular\" \/>\n<meta name=\"twitter:card\" content=\"summary_large_image\" \/>\n<meta name=\"twitter:label1\" content=\"Escrito por\" \/>\n\t<meta name=\"twitter:data1\" content=\"Reda\u00e7\u00e3o Folha Popular\" \/>\n\t<meta name=\"twitter:label2\" content=\"Est. tempo de leitura\" \/>\n\t<meta name=\"twitter:data2\" content=\"4 minutos\" \/>\n<script type=\"application\/ld+json\" class=\"yoast-schema-graph\">{\"@context\":\"https:\\\/\\\/schema.org\",\"@graph\":[{\"@type\":\"Article\",\"@id\":\"https:\\\/\\\/folhapopular.info\\\/index.php\\\/2023\\\/04\\\/12\\\/parceiros-voluntarios-seleciona-interessados-para-o-projeto-tribos-jovens-empreendedores\\\/#article\",\"isPartOf\":{\"@id\":\"https:\\\/\\\/folhapopular.info\\\/index.php\\\/2023\\\/04\\\/12\\\/parceiros-voluntarios-seleciona-interessados-para-o-projeto-tribos-jovens-empreendedores\\\/\"},\"author\":{\"name\":\"Reda\u00e7\u00e3o Folha Popular\",\"@id\":\"https:\\\/\\\/folhapopular.info\\\/#\\\/schema\\\/person\\\/2814e8a0df7643585a9ca38bc6eb9d4b\"},\"headline\":\"Parceiros Volunt\u00e1rios seleciona interessados para o projeto Tribos Jovens Empreendedores\",\"datePublished\":\"2023-04-12T20:00:02+00:00\",\"mainEntityOfPage\":{\"@id\":\"https:\\\/\\\/folhapopular.info\\\/index.php\\\/2023\\\/04\\\/12\\\/parceiros-voluntarios-seleciona-interessados-para-o-projeto-tribos-jovens-empreendedores\\\/\"},\"wordCount\":743,\"commentCount\":0,\"image\":{\"@id\":\"https:\\\/\\\/folhapopular.info\\\/index.php\\\/2023\\\/04\\\/12\\\/parceiros-voluntarios-seleciona-interessados-para-o-projeto-tribos-jovens-empreendedores\\\/#primaryimage\"},\"thumbnailUrl\":\"https:\\\/\\\/folhapopular.info\\\/wp-content\\\/uploads\\\/2023\\\/04\\\/link-1.jpg\",\"keywords\":[\"Educa\u00e7\u00e3o\",\"Educadores\",\"Empreender\",\"Ensino Fundamental\",\"Ensino M\u00e9dio\",\"Jovens\",\"ONG\",\"Parceiros Volunt\u00e1rios\",\"sebrae rs\",\"tribos jovens empreendedores\"],\"articleSection\":[\"Destaques\",\"Educa\u00e7\u00e3o\",\"Geral\"],\"inLanguage\":\"pt-BR\",\"potentialAction\":[{\"@type\":\"CommentAction\",\"name\":\"Comment\",\"target\":[\"https:\\\/\\\/folhapopular.info\\\/index.php\\\/2023\\\/04\\\/12\\\/parceiros-voluntarios-seleciona-interessados-para-o-projeto-tribos-jovens-empreendedores\\\/#respond\"]}]},{\"@type\":\"WebPage\",\"@id\":\"https:\\\/\\\/folhapopular.info\\\/index.php\\\/2023\\\/04\\\/12\\\/parceiros-voluntarios-seleciona-interessados-para-o-projeto-tribos-jovens-empreendedores\\\/\",\"url\":\"https:\\\/\\\/folhapopular.info\\\/index.php\\\/2023\\\/04\\\/12\\\/parceiros-voluntarios-seleciona-interessados-para-o-projeto-tribos-jovens-empreendedores\\\/\",\"name\":\"Parceiros Volunt\u00e1rios seleciona interessados para o projeto Tribos Jovens Empreendedores - Folha Popular\",\"isPartOf\":{\"@id\":\"https:\\\/\\\/folhapopular.info\\\/#website\"},\"primaryImageOfPage\":{\"@id\":\"https:\\\/\\\/folhapopular.info\\\/index.php\\\/2023\\\/04\\\/12\\\/parceiros-voluntarios-seleciona-interessados-para-o-projeto-tribos-jovens-empreendedores\\\/#primaryimage\"},\"image\":{\"@id\":\"https:\\\/\\\/folhapopular.info\\\/index.php\\\/2023\\\/04\\\/12\\\/parceiros-voluntarios-seleciona-interessados-para-o-projeto-tribos-jovens-empreendedores\\\/#primaryimage\"},\"thumbnailUrl\":\"https:\\\/\\\/folhapopular.info\\\/wp-content\\\/uploads\\\/2023\\\/04\\\/link-1.jpg\",\"datePublished\":\"2023-04-12T20:00:02+00:00\",\"author\":{\"@id\":\"https:\\\/\\\/folhapopular.info\\\/#\\\/schema\\\/person\\\/2814e8a0df7643585a9ca38bc6eb9d4b\"},\"breadcrumb\":{\"@id\":\"https:\\\/\\\/folhapopular.info\\\/index.php\\\/2023\\\/04\\\/12\\\/parceiros-voluntarios-seleciona-interessados-para-o-projeto-tribos-jovens-empreendedores\\\/#breadcrumb\"},\"inLanguage\":\"pt-BR\",\"potentialAction\":[{\"@type\":\"ReadAction\",\"target\":[\"https:\\\/\\\/folhapopular.info\\\/index.php\\\/2023\\\/04\\\/12\\\/parceiros-voluntarios-seleciona-interessados-para-o-projeto-tribos-jovens-empreendedores\\\/\"]}]},{\"@type\":\"ImageObject\",\"inLanguage\":\"pt-BR\",\"@id\":\"https:\\\/\\\/folhapopular.info\\\/index.php\\\/2023\\\/04\\\/12\\\/parceiros-voluntarios-seleciona-interessados-para-o-projeto-tribos-jovens-empreendedores\\\/#primaryimage\",\"url\":\"https:\\\/\\\/folhapopular.info\\\/wp-content\\\/uploads\\\/2023\\\/04\\\/link-1.jpg\",\"contentUrl\":\"https:\\\/\\\/folhapopular.info\\\/wp-content\\\/uploads\\\/2023\\\/04\\\/link-1.jpg\",\"width\":2048,\"height\":1365,\"caption\":\"Cr\u00e9ditos: Acervo Parceiros Volunt\u00e1rios\"},{\"@type\":\"BreadcrumbList\",\"@id\":\"https:\\\/\\\/folhapopular.info\\\/index.php\\\/2023\\\/04\\\/12\\\/parceiros-voluntarios-seleciona-interessados-para-o-projeto-tribos-jovens-empreendedores\\\/#breadcrumb\",\"itemListElement\":[{\"@type\":\"ListItem\",\"position\":1,\"name\":\"In\u00edcio\",\"item\":\"https:\\\/\\\/folhapopular.info\\\/\"},{\"@type\":\"ListItem\",\"position\":2,\"name\":\"Parceiros Volunt\u00e1rios seleciona interessados para o projeto Tribos Jovens Empreendedores\"}]},{\"@type\":\"WebSite\",\"@id\":\"https:\\\/\\\/folhapopular.info\\\/#website\",\"url\":\"https:\\\/\\\/folhapopular.info\\\/\",\"name\":\"Folha Popular\",\"description\":\"Onde voc\u00ea tem vez e voz\",\"potentialAction\":[{\"@type\":\"SearchAction\",\"target\":{\"@type\":\"EntryPoint\",\"urlTemplate\":\"https:\\\/\\\/folhapopular.info\\\/?s={search_term_string}\"},\"query-input\":{\"@type\":\"PropertyValueSpecification\",\"valueRequired\":true,\"valueName\":\"search_term_string\"}}],\"inLanguage\":\"pt-BR\"},{\"@type\":\"Person\",\"@id\":\"https:\\\/\\\/folhapopular.info\\\/#\\\/schema\\\/person\\\/2814e8a0df7643585a9ca38bc6eb9d4b\",\"name\":\"Reda\u00e7\u00e3o Folha Popular\",\"image\":{\"@type\":\"ImageObject\",\"inLanguage\":\"pt-BR\",\"@id\":\"https:\\\/\\\/folhapopular.info\\\/wp-content\\\/uploads\\\/2026\\\/04\\\/Folha-1.webp\",\"url\":\"https:\\\/\\\/folhapopular.info\\\/wp-content\\\/uploads\\\/2026\\\/04\\\/Folha-1.webp\",\"contentUrl\":\"https:\\\/\\\/folhapopular.info\\\/wp-content\\\/uploads\\\/2026\\\/04\\\/Folha-1.webp\",\"caption\":\"Reda\u00e7\u00e3o Folha Popular\"},\"url\":\"https:\\\/\\\/folhapopular.info\\\/index.php\\\/author\\\/redacao\\\/\"}]}<\/script>\n<!-- \/ Yoast SEO plugin. -->","yoast_head_json":{"title":"Parceiros Volunt\u00e1rios seleciona interessados para o projeto Tribos Jovens Empreendedores - Folha Popular","robots":{"index":"index","follow":"follow","max-snippet":"max-snippet:-1","max-image-preview":"max-image-preview:large","max-video-preview":"max-video-preview:-1"},"canonical":"https:\/\/folhapopular.info\/index.php\/2023\/04\/12\/parceiros-voluntarios-seleciona-interessados-para-o-projeto-tribos-jovens-empreendedores\/","og_locale":"pt_BR","og_type":"article","og_title":"Parceiros Volunt\u00e1rios seleciona interessados para o projeto Tribos Jovens Empreendedores - Folha Popular","og_description":"A rede Parceiros Volunt\u00e1rios (PV), em parceria com o Sebrae RS, leva a alunos e educadores do 8\u00ba ano do Ensino Fundamental ao 3\u00ba ano do Ensino M\u00e9dio a metodologia Tribos Jovens Empreendedores. Iniciada em 2021, tem como valores promovidos o autoconhecimento, prop\u00f3sito, empreendedorismo social e protagonismo jovem. Com o programa Educa\u00e7\u00e3o Empreendedora, o projeto [&hellip;]","og_url":"https:\/\/folhapopular.info\/index.php\/2023\/04\/12\/parceiros-voluntarios-seleciona-interessados-para-o-projeto-tribos-jovens-empreendedores\/","og_site_name":"Folha Popular","article_published_time":"2023-04-12T20:00:02+00:00","og_image":[{"width":1024,"height":683,"url":"https:\/\/folhapopular.info\/wp-content\/uploads\/2023\/04\/link-1-1024x683.jpg","type":"image\/jpeg"}],"author":"Reda\u00e7\u00e3o Folha Popular","twitter_card":"summary_large_image","twitter_misc":{"Escrito por":"Reda\u00e7\u00e3o Folha Popular","Est. tempo de leitura":"4 minutos"},"schema":{"@context":"https:\/\/schema.org","@graph":[{"@type":"Article","@id":"https:\/\/folhapopular.info\/index.php\/2023\/04\/12\/parceiros-voluntarios-seleciona-interessados-para-o-projeto-tribos-jovens-empreendedores\/#article","isPartOf":{"@id":"https:\/\/folhapopular.info\/index.php\/2023\/04\/12\/parceiros-voluntarios-seleciona-interessados-para-o-projeto-tribos-jovens-empreendedores\/"},"author":{"name":"Reda\u00e7\u00e3o Folha Popular","@id":"https:\/\/folhapopular.info\/#\/schema\/person\/2814e8a0df7643585a9ca38bc6eb9d4b"},"headline":"Parceiros Volunt\u00e1rios seleciona interessados para o projeto Tribos Jovens Empreendedores","datePublished":"2023-04-12T20:00:02+00:00","mainEntityOfPage":{"@id":"https:\/\/folhapopular.info\/index.php\/2023\/04\/12\/parceiros-voluntarios-seleciona-interessados-para-o-projeto-tribos-jovens-empreendedores\/"},"wordCount":743,"commentCount":0,"image":{"@id":"https:\/\/folhapopular.info\/index.php\/2023\/04\/12\/parceiros-voluntarios-seleciona-interessados-para-o-projeto-tribos-jovens-empreendedores\/#primaryimage"},"thumbnailUrl":"https:\/\/folhapopular.info\/wp-content\/uploads\/2023\/04\/link-1.jpg","keywords":["Educa\u00e7\u00e3o","Educadores","Empreender","Ensino Fundamental","Ensino M\u00e9dio","Jovens","ONG","Parceiros Volunt\u00e1rios","sebrae rs","tribos jovens empreendedores"],"articleSection":["Destaques","Educa\u00e7\u00e3o","Geral"],"inLanguage":"pt-BR","potentialAction":[{"@type":"CommentAction","name":"Comment","target":["https:\/\/folhapopular.info\/index.php\/2023\/04\/12\/parceiros-voluntarios-seleciona-interessados-para-o-projeto-tribos-jovens-empreendedores\/#respond"]}]},{"@type":"WebPage","@id":"https:\/\/folhapopular.info\/index.php\/2023\/04\/12\/parceiros-voluntarios-seleciona-interessados-para-o-projeto-tribos-jovens-empreendedores\/","url":"https:\/\/folhapopular.info\/index.php\/2023\/04\/12\/parceiros-voluntarios-seleciona-interessados-para-o-projeto-tribos-jovens-empreendedores\/","name":"Parceiros Volunt\u00e1rios seleciona interessados para o projeto Tribos Jovens Empreendedores - Folha Popular","isPartOf":{"@id":"https:\/\/folhapopular.info\/#website"},"primaryImageOfPage":{"@id":"https:\/\/folhapopular.info\/index.php\/2023\/04\/12\/parceiros-voluntarios-seleciona-interessados-para-o-projeto-tribos-jovens-empreendedores\/#primaryimage"},"image":{"@id":"https:\/\/folhapopular.info\/index.php\/2023\/04\/12\/parceiros-voluntarios-seleciona-interessados-para-o-projeto-tribos-jovens-empreendedores\/#primaryimage"},"thumbnailUrl":"https:\/\/folhapopular.info\/wp-content\/uploads\/2023\/04\/link-1.jpg","datePublished":"2023-04-12T20:00:02+00:00","author":{"@id":"https:\/\/folhapopular.info\/#\/schema\/person\/2814e8a0df7643585a9ca38bc6eb9d4b"},"breadcrumb":{"@id":"https:\/\/folhapopular.info\/index.php\/2023\/04\/12\/parceiros-voluntarios-seleciona-interessados-para-o-projeto-tribos-jovens-empreendedores\/#breadcrumb"},"inLanguage":"pt-BR","potentialAction":[{"@type":"ReadAction","target":["https:\/\/folhapopular.info\/index.php\/2023\/04\/12\/parceiros-voluntarios-seleciona-interessados-para-o-projeto-tribos-jovens-empreendedores\/"]}]},{"@type":"ImageObject","inLanguage":"pt-BR","@id":"https:\/\/folhapopular.info\/index.php\/2023\/04\/12\/parceiros-voluntarios-seleciona-interessados-para-o-projeto-tribos-jovens-empreendedores\/#primaryimage","url":"https:\/\/folhapopular.info\/wp-content\/uploads\/2023\/04\/link-1.jpg","contentUrl":"https:\/\/folhapopular.info\/wp-content\/uploads\/2023\/04\/link-1.jpg","width":2048,"height":1365,"caption":"Cr\u00e9ditos: Acervo Parceiros Volunt\u00e1rios"},{"@type":"BreadcrumbList","@id":"https:\/\/folhapopular.info\/index.php\/2023\/04\/12\/parceiros-voluntarios-seleciona-interessados-para-o-projeto-tribos-jovens-empreendedores\/#breadcrumb","itemListElement":[{"@type":"ListItem","position":1,"name":"In\u00edcio","item":"https:\/\/folhapopular.info\/"},{"@type":"ListItem","position":2,"name":"Parceiros Volunt\u00e1rios seleciona interessados para o projeto Tribos Jovens Empreendedores"}]},{"@type":"WebSite","@id":"https:\/\/folhapopular.info\/#website","url":"https:\/\/folhapopular.info\/","name":"Folha Popular","description":"Onde voc\u00ea tem vez e voz","potentialAction":[{"@type":"SearchAction","target":{"@type":"EntryPoint","urlTemplate":"https:\/\/folhapopular.info\/?s={search_term_string}"},"query-input":{"@type":"PropertyValueSpecification","valueRequired":true,"valueName":"search_term_string"}}],"inLanguage":"pt-BR"},{"@type":"Person","@id":"https:\/\/folhapopular.info\/#\/schema\/person\/2814e8a0df7643585a9ca38bc6eb9d4b","name":"Reda\u00e7\u00e3o Folha Popular","image":{"@type":"ImageObject","inLanguage":"pt-BR","@id":"https:\/\/folhapopular.info\/wp-content\/uploads\/2026\/04\/Folha-1.webp","url":"https:\/\/folhapopular.info\/wp-content\/uploads\/2026\/04\/Folha-1.webp","contentUrl":"https:\/\/folhapopular.info\/wp-content\/uploads\/2026\/04\/Folha-1.webp","caption":"Reda\u00e7\u00e3o Folha Popular"},"url":"https:\/\/folhapopular.info\/index.php\/author\/redacao\/"}]}},"jetpack_featured_media_url":"https:\/\/folhapopular.info\/wp-content\/uploads\/2023\/04\/link-1.jpg","jetpack_sharing_enabled":true,"amp_enabled":true,"_links":{"self":[{"href":"https:\/\/folhapopular.info\/index.php\/wp-json\/wp\/v2\/posts\/125624","targetHints":{"allow":["GET"]}}],"collection":[{"href":"https:\/\/folhapopular.info\/index.php\/wp-json\/wp\/v2\/posts"}],"about":[{"href":"https:\/\/folhapopular.info\/index.php\/wp-json\/wp\/v2\/types\/post"}],"author":[{"embeddable":true,"href":"https:\/\/folhapopular.info\/index.php\/wp-json\/wp\/v2\/users\/8"}],"replies":[{"embeddable":true,"href":"https:\/\/folhapopular.info\/index.php\/wp-json\/wp\/v2\/comments?post=125624"}],"version-history":[{"count":0,"href":"https:\/\/folhapopular.info\/index.php\/wp-json\/wp\/v2\/posts\/125624\/revisions"}],"wp:featuredmedia":[{"embeddable":true,"href":"https:\/\/folhapopular.info\/index.php\/wp-json\/wp\/v2\/media\/125626"}],"wp:attachment":[{"href":"https:\/\/folhapopular.info\/index.php\/wp-json\/wp\/v2\/media?parent=125624"}],"wp:term":[{"taxonomy":"category","embeddable":true,"href":"https:\/\/folhapopular.info\/index.php\/wp-json\/wp\/v2\/categories?post=125624"},{"taxonomy":"post_tag","embeddable":true,"href":"https:\/\/folhapopular.info\/index.php\/wp-json\/wp\/v2\/tags?post=125624"}],"curies":[{"name":"wp","href":"https:\/\/api.w.org\/{rel}","templated":true}]}}