{"id":125708,"date":"2023-04-13T15:18:23","date_gmt":"2023-04-13T18:18:23","guid":{"rendered":"https:\/\/folhapopular.info\/?p=125708"},"modified":"2023-04-13T15:18:26","modified_gmt":"2023-04-13T18:18:26","slug":"policia-flagra-foragido-na-carona-de-caminhao-na-rota-do-sol-em-teutonia","status":"publish","type":"post","link":"https:\/\/folhapopular.info\/index.php\/2023\/04\/13\/policia-flagra-foragido-na-carona-de-caminhao-na-rota-do-sol-em-teutonia\/","title":{"rendered":"Pol\u00edcia flagra foragido na carona de caminh\u00e3o na Rota do Sol, em Teut\u00f4nia"},"content":{"rendered":"\n<p>Na noite desta quarta-feira (12\/4) um foragido da justi\u00e7a foi capturado na RSC-453, a Rota do Sol, em Teut\u00f4nia. Por volta das 19h30, o Pelot\u00e3o Rodovi\u00e1rio da Brigada Militar realizava abordagens em seu posto policial, no km 54, quando parou um caminh\u00e3o Volvo, emplacado em Caxias do Sul, que seguia no sentido Vale do Taquari \u2013 Serra. <\/p>\n\n\n\n<p>Al\u00e9m do motorista, o ve\u00edculo de carga era ocupado por outros quatro passageiros. Contra um destes homens, de 35 anos de idade, morador de Caxias, que fazia uso de tornozeleira eletr\u00f4nica, havia expedido um novo mandado de pris\u00e3o. Ele foi levado para os exames necess\u00e1rios e depois apresentado na Delegacia de Pol\u00edcia de Pronto Atendimento (DPPA), ficando \u00e0 disposi\u00e7\u00e3o do Poder Judici\u00e1rio.<\/p>\n","protected":false},"excerpt":{"rendered":"<p>Na noite desta quarta-feira (12\/4) um foragido da justi\u00e7a foi capturado na RSC-453, a Rota do Sol, em Teut\u00f4nia. Por volta das 19h30, o Pelot\u00e3o Rodovi\u00e1rio da Brigada Militar realizava abordagens em seu posto policial, no km 54, quando parou um caminh\u00e3o Volvo, emplacado em Caxias do Sul, que seguia no sentido Vale do Taquari [&hellip;]<\/p>\n","protected":false},"author":646,"featured_media":125710,"comment_status":"open","ping_status":"open","sticky":false,"template":"","format":"standard","meta":{"pmpro_default_level":"","_jetpack_memberships_contains_paid_content":false,"footnotes":""},"categories":[10982,7],"tags":[5151,771,106,1639,774,26],"class_list":{"0":"post-125708","1":"post","2":"type-post","3":"status-publish","4":"format-standard","5":"has-post-thumbnail","7":"category-policia","8":"category-seguranca","9":"tag-abordagem","10":"tag-foragido","11":"tag-policia","12":"tag-policia-rodoviaria-estadual","13":"tag-rota-do-sol","14":"tag-teutonia","15":"pmpro-has-access"},"yoast_head":"<!-- This site is optimized with the Yoast SEO plugin v27.5 - https:\/\/yoast.com\/product\/yoast-seo-wordpress\/ -->\n<title>Pol\u00edcia flagra foragido na carona de caminh\u00e3o na Rota do Sol, em Teut\u00f4nia - Folha Popular<\/title>\n<meta name=\"robots\" content=\"index, follow, max-snippet:-1, max-image-preview:large, max-video-preview:-1\" \/>\n<link rel=\"canonical\" href=\"https:\/\/folhapopular.info\/index.php\/2023\/04\/13\/policia-flagra-foragido-na-carona-de-caminhao-na-rota-do-sol-em-teutonia\/\" \/>\n<meta property=\"og:locale\" content=\"pt_BR\" \/>\n<meta property=\"og:type\" content=\"article\" \/>\n<meta property=\"og:title\" content=\"Pol\u00edcia flagra foragido na carona de caminh\u00e3o na Rota do Sol, em Teut\u00f4nia - Folha Popular\" \/>\n<meta property=\"og:description\" content=\"Na noite desta quarta-feira (12\/4) um foragido da justi\u00e7a foi capturado na RSC-453, a Rota do Sol, em Teut\u00f4nia. Por volta das 19h30, o Pelot\u00e3o Rodovi\u00e1rio da Brigada Militar realizava abordagens em seu posto policial, no km 54, quando parou um caminh\u00e3o Volvo, emplacado em Caxias do Sul, que seguia no sentido Vale do Taquari [&hellip;]\" \/>\n<meta property=\"og:url\" content=\"https:\/\/folhapopular.info\/index.php\/2023\/04\/13\/policia-flagra-foragido-na-carona-de-caminhao-na-rota-do-sol-em-teutonia\/\" \/>\n<meta property=\"og:site_name\" content=\"Folha Popular\" \/>\n<meta property=\"article:published_time\" content=\"2023-04-13T18:18:23+00:00\" \/>\n<meta property=\"article:modified_time\" content=\"2023-04-13T18:18:26+00:00\" \/>\n<meta property=\"og:image\" content=\"http:\/\/folhapopular.info\/wp-content\/uploads\/2023\/04\/333561785_187190627276275_4327081755904354718_n-e1681409746743.jpg\" \/>\n\t<meta property=\"og:image:width\" content=\"1536\" \/>\n\t<meta property=\"og:image:height\" content=\"1187\" \/>\n\t<meta property=\"og:image:type\" content=\"image\/jpeg\" \/>\n<meta name=\"author\" content=\"J\u00falio C\u00e9sar Lenhard\" \/>\n<meta name=\"twitter:card\" content=\"summary_large_image\" \/>\n<meta name=\"twitter:label1\" content=\"Escrito por\" \/>\n\t<meta name=\"twitter:data1\" content=\"J\u00falio C\u00e9sar Lenhard\" \/>\n\t<meta name=\"twitter:label2\" content=\"Est. tempo de leitura\" \/>\n\t<meta name=\"twitter:data2\" content=\"1 minuto\" \/>\n<script type=\"application\/ld+json\" class=\"yoast-schema-graph\">{\"@context\":\"https:\\\/\\\/schema.org\",\"@graph\":[{\"@type\":\"Article\",\"@id\":\"https:\\\/\\\/folhapopular.info\\\/index.php\\\/2023\\\/04\\\/13\\\/policia-flagra-foragido-na-carona-de-caminhao-na-rota-do-sol-em-teutonia\\\/#article\",\"isPartOf\":{\"@id\":\"https:\\\/\\\/folhapopular.info\\\/index.php\\\/2023\\\/04\\\/13\\\/policia-flagra-foragido-na-carona-de-caminhao-na-rota-do-sol-em-teutonia\\\/\"},\"author\":{\"name\":\"J\u00falio C\u00e9sar Lenhard\",\"@id\":\"https:\\\/\\\/folhapopular.info\\\/#\\\/schema\\\/person\\\/2c678f1be6a810fa1aa8786f135b80d8\"},\"headline\":\"Pol\u00edcia flagra foragido na carona de caminh\u00e3o na Rota do Sol, em Teut\u00f4nia\",\"datePublished\":\"2023-04-13T18:18:23+00:00\",\"dateModified\":\"2023-04-13T18:18:26+00:00\",\"mainEntityOfPage\":{\"@id\":\"https:\\\/\\\/folhapopular.info\\\/index.php\\\/2023\\\/04\\\/13\\\/policia-flagra-foragido-na-carona-de-caminhao-na-rota-do-sol-em-teutonia\\\/\"},\"wordCount\":143,\"commentCount\":0,\"image\":{\"@id\":\"https:\\\/\\\/folhapopular.info\\\/index.php\\\/2023\\\/04\\\/13\\\/policia-flagra-foragido-na-carona-de-caminhao-na-rota-do-sol-em-teutonia\\\/#primaryimage\"},\"thumbnailUrl\":\"https:\\\/\\\/folhapopular.info\\\/wp-content\\\/uploads\\\/2023\\\/04\\\/333561785_187190627276275_4327081755904354718_n-e1681409746743.jpg\",\"keywords\":[\"abordagem\",\"Foragido\",\"Pol\u00edcia\",\"Pol\u00edcia Rodovi\u00e1ria Estadual\",\"Rota do Sol\",\"Teut\u00f4nia\"],\"articleSection\":[\"Pol\u00edcia\",\"Seguran\u00e7a\"],\"inLanguage\":\"pt-BR\",\"potentialAction\":[{\"@type\":\"CommentAction\",\"name\":\"Comment\",\"target\":[\"https:\\\/\\\/folhapopular.info\\\/index.php\\\/2023\\\/04\\\/13\\\/policia-flagra-foragido-na-carona-de-caminhao-na-rota-do-sol-em-teutonia\\\/#respond\"]}]},{\"@type\":\"WebPage\",\"@id\":\"https:\\\/\\\/folhapopular.info\\\/index.php\\\/2023\\\/04\\\/13\\\/policia-flagra-foragido-na-carona-de-caminhao-na-rota-do-sol-em-teutonia\\\/\",\"url\":\"https:\\\/\\\/folhapopular.info\\\/index.php\\\/2023\\\/04\\\/13\\\/policia-flagra-foragido-na-carona-de-caminhao-na-rota-do-sol-em-teutonia\\\/\",\"name\":\"Pol\u00edcia flagra foragido na carona de caminh\u00e3o na Rota do Sol, em Teut\u00f4nia - Folha Popular\",\"isPartOf\":{\"@id\":\"https:\\\/\\\/folhapopular.info\\\/#website\"},\"primaryImageOfPage\":{\"@id\":\"https:\\\/\\\/folhapopular.info\\\/index.php\\\/2023\\\/04\\\/13\\\/policia-flagra-foragido-na-carona-de-caminhao-na-rota-do-sol-em-teutonia\\\/#primaryimage\"},\"image\":{\"@id\":\"https:\\\/\\\/folhapopular.info\\\/index.php\\\/2023\\\/04\\\/13\\\/policia-flagra-foragido-na-carona-de-caminhao-na-rota-do-sol-em-teutonia\\\/#primaryimage\"},\"thumbnailUrl\":\"https:\\\/\\\/folhapopular.info\\\/wp-content\\\/uploads\\\/2023\\\/04\\\/333561785_187190627276275_4327081755904354718_n-e1681409746743.jpg\",\"datePublished\":\"2023-04-13T18:18:23+00:00\",\"dateModified\":\"2023-04-13T18:18:26+00:00\",\"author\":{\"@id\":\"https:\\\/\\\/folhapopular.info\\\/#\\\/schema\\\/person\\\/2c678f1be6a810fa1aa8786f135b80d8\"},\"breadcrumb\":{\"@id\":\"https:\\\/\\\/folhapopular.info\\\/index.php\\\/2023\\\/04\\\/13\\\/policia-flagra-foragido-na-carona-de-caminhao-na-rota-do-sol-em-teutonia\\\/#breadcrumb\"},\"inLanguage\":\"pt-BR\",\"potentialAction\":[{\"@type\":\"ReadAction\",\"target\":[\"https:\\\/\\\/folhapopular.info\\\/index.php\\\/2023\\\/04\\\/13\\\/policia-flagra-foragido-na-carona-de-caminhao-na-rota-do-sol-em-teutonia\\\/\"]}]},{\"@type\":\"ImageObject\",\"inLanguage\":\"pt-BR\",\"@id\":\"https:\\\/\\\/folhapopular.info\\\/index.php\\\/2023\\\/04\\\/13\\\/policia-flagra-foragido-na-carona-de-caminhao-na-rota-do-sol-em-teutonia\\\/#primaryimage\",\"url\":\"https:\\\/\\\/folhapopular.info\\\/wp-content\\\/uploads\\\/2023\\\/04\\\/333561785_187190627276275_4327081755904354718_n-e1681409746743.jpg\",\"contentUrl\":\"https:\\\/\\\/folhapopular.info\\\/wp-content\\\/uploads\\\/2023\\\/04\\\/333561785_187190627276275_4327081755904354718_n-e1681409746743.jpg\",\"width\":1536,\"height\":1187,\"caption\":\"Cr\u00e9ditos: Consepro Teut\u00f4nia\"},{\"@type\":\"BreadcrumbList\",\"@id\":\"https:\\\/\\\/folhapopular.info\\\/index.php\\\/2023\\\/04\\\/13\\\/policia-flagra-foragido-na-carona-de-caminhao-na-rota-do-sol-em-teutonia\\\/#breadcrumb\",\"itemListElement\":[{\"@type\":\"ListItem\",\"position\":1,\"name\":\"In\u00edcio\",\"item\":\"https:\\\/\\\/folhapopular.info\\\/\"},{\"@type\":\"ListItem\",\"position\":2,\"name\":\"Pol\u00edcia flagra foragido na carona de caminh\u00e3o na Rota do Sol, em Teut\u00f4nia\"}]},{\"@type\":\"WebSite\",\"@id\":\"https:\\\/\\\/folhapopular.info\\\/#website\",\"url\":\"https:\\\/\\\/folhapopular.info\\\/\",\"name\":\"Folha Popular\",\"description\":\"Onde voc\u00ea tem vez e voz\",\"potentialAction\":[{\"@type\":\"SearchAction\",\"target\":{\"@type\":\"EntryPoint\",\"urlTemplate\":\"https:\\\/\\\/folhapopular.info\\\/?s={search_term_string}\"},\"query-input\":{\"@type\":\"PropertyValueSpecification\",\"valueRequired\":true,\"valueName\":\"search_term_string\"}}],\"inLanguage\":\"pt-BR\"},{\"@type\":\"Person\",\"@id\":\"https:\\\/\\\/folhapopular.info\\\/#\\\/schema\\\/person\\\/2c678f1be6a810fa1aa8786f135b80d8\",\"name\":\"J\u00falio C\u00e9sar Lenhard\",\"image\":{\"@type\":\"ImageObject\",\"inLanguage\":\"pt-BR\",\"@id\":\"https:\\\/\\\/secure.gravatar.com\\\/avatar\\\/5fc145ba28daff4b7a20678a28e78dc0d1082681a40346a925de39665b5d8cd6?s=96&d=mm&r=g\",\"url\":\"https:\\\/\\\/secure.gravatar.com\\\/avatar\\\/5fc145ba28daff4b7a20678a28e78dc0d1082681a40346a925de39665b5d8cd6?s=96&d=mm&r=g\",\"contentUrl\":\"https:\\\/\\\/secure.gravatar.com\\\/avatar\\\/5fc145ba28daff4b7a20678a28e78dc0d1082681a40346a925de39665b5d8cd6?s=96&d=mm&r=g\",\"caption\":\"J\u00falio C\u00e9sar Lenhard\"},\"url\":\"https:\\\/\\\/folhapopular.info\\\/index.php\\\/author\\\/julio_lenhardhotmail-com\\\/\"}]}<\/script>\n<!-- \/ Yoast SEO plugin. -->","yoast_head_json":{"title":"Pol\u00edcia flagra foragido na carona de caminh\u00e3o na Rota do Sol, em Teut\u00f4nia - Folha Popular","robots":{"index":"index","follow":"follow","max-snippet":"max-snippet:-1","max-image-preview":"max-image-preview:large","max-video-preview":"max-video-preview:-1"},"canonical":"https:\/\/folhapopular.info\/index.php\/2023\/04\/13\/policia-flagra-foragido-na-carona-de-caminhao-na-rota-do-sol-em-teutonia\/","og_locale":"pt_BR","og_type":"article","og_title":"Pol\u00edcia flagra foragido na carona de caminh\u00e3o na Rota do Sol, em Teut\u00f4nia - Folha Popular","og_description":"Na noite desta quarta-feira (12\/4) um foragido da justi\u00e7a foi capturado na RSC-453, a Rota do Sol, em Teut\u00f4nia. Por volta das 19h30, o Pelot\u00e3o Rodovi\u00e1rio da Brigada Militar realizava abordagens em seu posto policial, no km 54, quando parou um caminh\u00e3o Volvo, emplacado em Caxias do Sul, que seguia no sentido Vale do Taquari [&hellip;]","og_url":"https:\/\/folhapopular.info\/index.php\/2023\/04\/13\/policia-flagra-foragido-na-carona-de-caminhao-na-rota-do-sol-em-teutonia\/","og_site_name":"Folha Popular","article_published_time":"2023-04-13T18:18:23+00:00","article_modified_time":"2023-04-13T18:18:26+00:00","og_image":[{"width":1536,"height":1187,"url":"http:\/\/folhapopular.info\/wp-content\/uploads\/2023\/04\/333561785_187190627276275_4327081755904354718_n-e1681409746743.jpg","type":"image\/jpeg"}],"author":"J\u00falio C\u00e9sar Lenhard","twitter_card":"summary_large_image","twitter_misc":{"Escrito por":"J\u00falio C\u00e9sar Lenhard","Est. tempo de leitura":"1 minuto"},"schema":{"@context":"https:\/\/schema.org","@graph":[{"@type":"Article","@id":"https:\/\/folhapopular.info\/index.php\/2023\/04\/13\/policia-flagra-foragido-na-carona-de-caminhao-na-rota-do-sol-em-teutonia\/#article","isPartOf":{"@id":"https:\/\/folhapopular.info\/index.php\/2023\/04\/13\/policia-flagra-foragido-na-carona-de-caminhao-na-rota-do-sol-em-teutonia\/"},"author":{"name":"J\u00falio C\u00e9sar Lenhard","@id":"https:\/\/folhapopular.info\/#\/schema\/person\/2c678f1be6a810fa1aa8786f135b80d8"},"headline":"Pol\u00edcia flagra foragido na carona de caminh\u00e3o na Rota do Sol, em Teut\u00f4nia","datePublished":"2023-04-13T18:18:23+00:00","dateModified":"2023-04-13T18:18:26+00:00","mainEntityOfPage":{"@id":"https:\/\/folhapopular.info\/index.php\/2023\/04\/13\/policia-flagra-foragido-na-carona-de-caminhao-na-rota-do-sol-em-teutonia\/"},"wordCount":143,"commentCount":0,"image":{"@id":"https:\/\/folhapopular.info\/index.php\/2023\/04\/13\/policia-flagra-foragido-na-carona-de-caminhao-na-rota-do-sol-em-teutonia\/#primaryimage"},"thumbnailUrl":"https:\/\/folhapopular.info\/wp-content\/uploads\/2023\/04\/333561785_187190627276275_4327081755904354718_n-e1681409746743.jpg","keywords":["abordagem","Foragido","Pol\u00edcia","Pol\u00edcia Rodovi\u00e1ria Estadual","Rota do Sol","Teut\u00f4nia"],"articleSection":["Pol\u00edcia","Seguran\u00e7a"],"inLanguage":"pt-BR","potentialAction":[{"@type":"CommentAction","name":"Comment","target":["https:\/\/folhapopular.info\/index.php\/2023\/04\/13\/policia-flagra-foragido-na-carona-de-caminhao-na-rota-do-sol-em-teutonia\/#respond"]}]},{"@type":"WebPage","@id":"https:\/\/folhapopular.info\/index.php\/2023\/04\/13\/policia-flagra-foragido-na-carona-de-caminhao-na-rota-do-sol-em-teutonia\/","url":"https:\/\/folhapopular.info\/index.php\/2023\/04\/13\/policia-flagra-foragido-na-carona-de-caminhao-na-rota-do-sol-em-teutonia\/","name":"Pol\u00edcia flagra foragido na carona de caminh\u00e3o na Rota do Sol, em Teut\u00f4nia - Folha Popular","isPartOf":{"@id":"https:\/\/folhapopular.info\/#website"},"primaryImageOfPage":{"@id":"https:\/\/folhapopular.info\/index.php\/2023\/04\/13\/policia-flagra-foragido-na-carona-de-caminhao-na-rota-do-sol-em-teutonia\/#primaryimage"},"image":{"@id":"https:\/\/folhapopular.info\/index.php\/2023\/04\/13\/policia-flagra-foragido-na-carona-de-caminhao-na-rota-do-sol-em-teutonia\/#primaryimage"},"thumbnailUrl":"https:\/\/folhapopular.info\/wp-content\/uploads\/2023\/04\/333561785_187190627276275_4327081755904354718_n-e1681409746743.jpg","datePublished":"2023-04-13T18:18:23+00:00","dateModified":"2023-04-13T18:18:26+00:00","author":{"@id":"https:\/\/folhapopular.info\/#\/schema\/person\/2c678f1be6a810fa1aa8786f135b80d8"},"breadcrumb":{"@id":"https:\/\/folhapopular.info\/index.php\/2023\/04\/13\/policia-flagra-foragido-na-carona-de-caminhao-na-rota-do-sol-em-teutonia\/#breadcrumb"},"inLanguage":"pt-BR","potentialAction":[{"@type":"ReadAction","target":["https:\/\/folhapopular.info\/index.php\/2023\/04\/13\/policia-flagra-foragido-na-carona-de-caminhao-na-rota-do-sol-em-teutonia\/"]}]},{"@type":"ImageObject","inLanguage":"pt-BR","@id":"https:\/\/folhapopular.info\/index.php\/2023\/04\/13\/policia-flagra-foragido-na-carona-de-caminhao-na-rota-do-sol-em-teutonia\/#primaryimage","url":"https:\/\/folhapopular.info\/wp-content\/uploads\/2023\/04\/333561785_187190627276275_4327081755904354718_n-e1681409746743.jpg","contentUrl":"https:\/\/folhapopular.info\/wp-content\/uploads\/2023\/04\/333561785_187190627276275_4327081755904354718_n-e1681409746743.jpg","width":1536,"height":1187,"caption":"Cr\u00e9ditos: Consepro Teut\u00f4nia"},{"@type":"BreadcrumbList","@id":"https:\/\/folhapopular.info\/index.php\/2023\/04\/13\/policia-flagra-foragido-na-carona-de-caminhao-na-rota-do-sol-em-teutonia\/#breadcrumb","itemListElement":[{"@type":"ListItem","position":1,"name":"In\u00edcio","item":"https:\/\/folhapopular.info\/"},{"@type":"ListItem","position":2,"name":"Pol\u00edcia flagra foragido na carona de caminh\u00e3o na Rota do Sol, em Teut\u00f4nia"}]},{"@type":"WebSite","@id":"https:\/\/folhapopular.info\/#website","url":"https:\/\/folhapopular.info\/","name":"Folha Popular","description":"Onde voc\u00ea tem vez e voz","potentialAction":[{"@type":"SearchAction","target":{"@type":"EntryPoint","urlTemplate":"https:\/\/folhapopular.info\/?s={search_term_string}"},"query-input":{"@type":"PropertyValueSpecification","valueRequired":true,"valueName":"search_term_string"}}],"inLanguage":"pt-BR"},{"@type":"Person","@id":"https:\/\/folhapopular.info\/#\/schema\/person\/2c678f1be6a810fa1aa8786f135b80d8","name":"J\u00falio C\u00e9sar Lenhard","image":{"@type":"ImageObject","inLanguage":"pt-BR","@id":"https:\/\/secure.gravatar.com\/avatar\/5fc145ba28daff4b7a20678a28e78dc0d1082681a40346a925de39665b5d8cd6?s=96&d=mm&r=g","url":"https:\/\/secure.gravatar.com\/avatar\/5fc145ba28daff4b7a20678a28e78dc0d1082681a40346a925de39665b5d8cd6?s=96&d=mm&r=g","contentUrl":"https:\/\/secure.gravatar.com\/avatar\/5fc145ba28daff4b7a20678a28e78dc0d1082681a40346a925de39665b5d8cd6?s=96&d=mm&r=g","caption":"J\u00falio C\u00e9sar Lenhard"},"url":"https:\/\/folhapopular.info\/index.php\/author\/julio_lenhardhotmail-com\/"}]}},"jetpack_featured_media_url":"https:\/\/folhapopular.info\/wp-content\/uploads\/2023\/04\/333561785_187190627276275_4327081755904354718_n-e1681409746743.jpg","jetpack_sharing_enabled":true,"amp_enabled":true,"_links":{"self":[{"href":"https:\/\/folhapopular.info\/index.php\/wp-json\/wp\/v2\/posts\/125708","targetHints":{"allow":["GET"]}}],"collection":[{"href":"https:\/\/folhapopular.info\/index.php\/wp-json\/wp\/v2\/posts"}],"about":[{"href":"https:\/\/folhapopular.info\/index.php\/wp-json\/wp\/v2\/types\/post"}],"author":[{"embeddable":true,"href":"https:\/\/folhapopular.info\/index.php\/wp-json\/wp\/v2\/users\/646"}],"replies":[{"embeddable":true,"href":"https:\/\/folhapopular.info\/index.php\/wp-json\/wp\/v2\/comments?post=125708"}],"version-history":[{"count":0,"href":"https:\/\/folhapopular.info\/index.php\/wp-json\/wp\/v2\/posts\/125708\/revisions"}],"wp:featuredmedia":[{"embeddable":true,"href":"https:\/\/folhapopular.info\/index.php\/wp-json\/wp\/v2\/media\/125710"}],"wp:attachment":[{"href":"https:\/\/folhapopular.info\/index.php\/wp-json\/wp\/v2\/media?parent=125708"}],"wp:term":[{"taxonomy":"category","embeddable":true,"href":"https:\/\/folhapopular.info\/index.php\/wp-json\/wp\/v2\/categories?post=125708"},{"taxonomy":"post_tag","embeddable":true,"href":"https:\/\/folhapopular.info\/index.php\/wp-json\/wp\/v2\/tags?post=125708"}],"curies":[{"name":"wp","href":"https:\/\/api.w.org\/{rel}","templated":true}]}}