{"id":125736,"date":"2023-04-13T16:39:03","date_gmt":"2023-04-13T19:39:03","guid":{"rendered":"https:\/\/folhapopular.info\/?p=125736"},"modified":"2023-04-13T16:39:05","modified_gmt":"2023-04-13T19:39:05","slug":"orientacoes-e-atividades-com-profissionais-marcam-semana-de-saude-na-escola-em-imigrante","status":"publish","type":"post","link":"https:\/\/folhapopular.info\/index.php\/2023\/04\/13\/orientacoes-e-atividades-com-profissionais-marcam-semana-de-saude-na-escola-em-imigrante\/","title":{"rendered":"Orienta\u00e7\u00f5es e atividades com profissionais marcam Semana de Sa\u00fade na Escola em Imigrante"},"content":{"rendered":"\n<p>As secretarias de Sa\u00fade e Assist\u00eancia Social e de Educa\u00e7\u00e3o realizam, nesta semana (10 a 14 de abril), a Semana de Sa\u00fade na Escola. As a\u00e7\u00f5es ocorrem nas Escolas Municipais de Educa\u00e7\u00e3o Fundamental (Emefs) Arco-\u00cdris e Santo Ant\u00f4nio, com alunos do ensino fundamental. Os jovens receberam orienta\u00e7\u00f5es e realizaram atividades com dentistas, nutricionista e t\u00e9cnica \u00f3ptica,\u00a0explica a secret\u00e1ria da Sa\u00fade e Assist\u00eancia Social, J\u00f3ice Cristina Horst.<\/p>\n\n\n\n<p>As a\u00e7\u00f5es foram desenvolvidas por profissionais da Secretaria de Sa\u00fade e parceiros. Cada oficina tem 30 minutos de dura\u00e7\u00e3o por turma. As a\u00e7\u00f5es s\u00e3o realizadas por uma equipe multidisciplinar. <\/p>\n\n\n\n<p>O secret\u00e1rio de Educa\u00e7\u00e3o considera o Programa Sa\u00fade na Escola muito importante, pois alunos saud\u00e1veis conseguem aprender e se desenvolver melhor. \u201cPrecisamos ter, no ambiente escolar, alunos saud\u00e1veis, para que eles tenham um bom rendimento escolar. Por meio dessa parceria com a Secretaria de Sa\u00fade e Assist\u00eancia Social, podemos focar em diversas a\u00e7\u00f5es de cuidados pessoais, nutri\u00e7\u00e3o adequada, preven\u00e7\u00e3o de diversas amea\u00e7as \u00e0 sa\u00fade dos jovens. Tudo isso s\u00e3o quest\u00f5es que fazem com que tenhamos realmente sa\u00fade na escola\u201d, considera o secret\u00e1rio.<\/p>\n\n\n\n<h2 class=\"wp-block-heading\"><strong>Dentista<\/strong><\/h2>\n\n\n\n<p>A auxiliar de consult\u00f3rio dent\u00e1rio, M\u00f4nica Carminatti, numera a import\u00e2ncia dessas pr\u00e1ticas nas escolas. \u201cA orienta\u00e7\u00e3o gera a preven\u00e7\u00e3o. Nossos dentistas est\u00e3o auxiliando alunos do 5\u00ba ao 9\u00ba ano a passarem fio dental corretamente. Cada aluno do 1\u00ba ao 9\u00ba ano recebeu uma escova de dentes, fio e creme dental. As pr\u00e1ticas familiarizam os jovens com esses bons h\u00e1bitos\u201d, relata M\u00f4nica.<\/p>\n\n\n\n<h2 class=\"wp-block-heading\"><strong>Alimenta\u00e7\u00e3o<\/strong><\/h2>\n\n\n\n<p>Tamb\u00e9m foram trabalhadas no\u00e7\u00f5es sobre alimenta\u00e7\u00e3o com os alunos. \u201cEstamos dialogando sobre o a\u00e7\u00facar nos alimentos, principalmente os industrializados. Os alunos est\u00e3o recebendo esse conhecimento por meio de conversa breve, e jogo quebra-cabe\u00e7a com a imagem do alimento e a quantidade de a\u00e7\u00facar que eles possuem. A alimenta\u00e7\u00e3o est\u00e1 cada vez mais industrializada, rica em gordura e a\u00e7\u00facar, fazendo com que as crian\u00e7as e jovens n\u00e3o tenham ideia da quantidade que comem nos alimentos e os danos que estes causam para a sa\u00fade\u201d, alerta a nutricionista Simone Spellmeier.<\/p>\n\n\n\n<h2 class=\"wp-block-heading\"><strong>Vis\u00e3o<\/strong><\/h2>\n\n\n\n<p>A t\u00e9cnica \u00f3ptica Daiane Deolinda considera que a vis\u00e3o influencia profundamente no processo de aprendizagem do aluno. \u201cAl\u00e9m de dificultar a leitura, o jovem pode apresentar hiperatividade, pois o d\u00e9ficit na vis\u00e3o prejudica a concentra\u00e7\u00e3o. O acompanhamento oftalmol\u00f3gico, iniciando cedo, pode detectar outros problemas mais graves, que podem ser mais facilmente corrigidos\u201d, explica.<\/p>\n\n\n\n<h2 class=\"wp-block-heading\"><strong><strong>Programa Sa\u00fade na Escola<\/strong><\/strong><\/h2>\n\n\n\n<p>O Programa Sa\u00fade na Escola (PSE) \u00e9 uma iniciativa intersetorial dos Minist\u00e9rios da Sa\u00fade e da Educa\u00e7\u00e3o. O programa tem a finalidade de contribuir para o pleno desenvolvimento dos estudantes da rede p\u00fablica de ensino da educa\u00e7\u00e3o b\u00e1sica, por meio da articula\u00e7\u00e3o entre os profissionais de sa\u00fade da Aten\u00e7\u00e3o Prim\u00e1ria e dos profissionais da educa\u00e7\u00e3o.<\/p>\n\n\n\n<p>Dessa forma, as pol\u00edticas voltadas \u00e0s crian\u00e7as, adolescentes, jovens e adultos da educa\u00e7\u00e3o b\u00e1sica p\u00fablica brasileira se unem para promover sa\u00fade e educa\u00e7\u00e3o integral, fortalecendo as a\u00e7\u00f5es de enfrentamento de vulnerabilidades, ampliando o acesso aos servi\u00e7os de sa\u00fade e contribuindo para a melhoria da qualidade de vida dos estudantes brasileiros.<\/p>\n","protected":false},"excerpt":{"rendered":"<p>As secretarias de Sa\u00fade e Assist\u00eancia Social e de Educa\u00e7\u00e3o realizam, nesta semana (10 a 14 de abril), a Semana de Sa\u00fade na Escola. As a\u00e7\u00f5es ocorrem nas Escolas Municipais de Educa\u00e7\u00e3o Fundamental (Emefs) Arco-\u00cdris e Santo Ant\u00f4nio, com alunos do ensino fundamental. Os jovens receberam orienta\u00e7\u00f5es e realizaram atividades com dentistas, nutricionista e t\u00e9cnica [&hellip;]<\/p>\n","protected":false},"author":8,"featured_media":125737,"comment_status":"open","ping_status":"open","sticky":false,"template":"","format":"standard","meta":{"pmpro_default_level":"","_jetpack_memberships_contains_paid_content":false,"footnotes":""},"categories":[2,3,11091],"tags":[2153,34,89,11788],"class_list":{"0":"post-125736","1":"post","2":"type-post","3":"status-publish","4":"format-standard","5":"has-post-thumbnail","7":"category-featured","8":"category-geral","9":"category-servicos","10":"tag-escola","11":"tag-imigrante","12":"tag-saude","13":"tag-semana-de-saude-na-escola","14":"pmpro-has-access"},"yoast_head":"<!-- This site is optimized with the Yoast SEO plugin v27.5 - https:\/\/yoast.com\/product\/yoast-seo-wordpress\/ -->\n<title>Orienta\u00e7\u00f5es e atividades com profissionais marcam Semana de Sa\u00fade na Escola em Imigrante - Folha Popular<\/title>\n<meta name=\"robots\" content=\"index, follow, max-snippet:-1, max-image-preview:large, max-video-preview:-1\" \/>\n<link rel=\"canonical\" href=\"https:\/\/folhapopular.info\/index.php\/2023\/04\/13\/orientacoes-e-atividades-com-profissionais-marcam-semana-de-saude-na-escola-em-imigrante\/\" \/>\n<meta property=\"og:locale\" content=\"pt_BR\" \/>\n<meta property=\"og:type\" content=\"article\" \/>\n<meta property=\"og:title\" content=\"Orienta\u00e7\u00f5es e atividades com profissionais marcam Semana de Sa\u00fade na Escola em Imigrante - Folha Popular\" \/>\n<meta property=\"og:description\" content=\"As secretarias de Sa\u00fade e Assist\u00eancia Social e de Educa\u00e7\u00e3o realizam, nesta semana (10 a 14 de abril), a Semana de Sa\u00fade na Escola. As a\u00e7\u00f5es ocorrem nas Escolas Municipais de Educa\u00e7\u00e3o Fundamental (Emefs) Arco-\u00cdris e Santo Ant\u00f4nio, com alunos do ensino fundamental. Os jovens receberam orienta\u00e7\u00f5es e realizaram atividades com dentistas, nutricionista e t\u00e9cnica [&hellip;]\" \/>\n<meta property=\"og:url\" content=\"https:\/\/folhapopular.info\/index.php\/2023\/04\/13\/orientacoes-e-atividades-com-profissionais-marcam-semana-de-saude-na-escola-em-imigrante\/\" \/>\n<meta property=\"og:site_name\" content=\"Folha Popular\" \/>\n<meta property=\"article:published_time\" content=\"2023-04-13T19:39:03+00:00\" \/>\n<meta property=\"article:modified_time\" content=\"2023-04-13T19:39:05+00:00\" \/>\n<meta property=\"og:image\" content=\"http:\/\/folhapopular.info\/wp-content\/uploads\/2023\/04\/SAUDE-BNA-ESCOLA-OFTALMO-4-scaled.jpg\" \/>\n\t<meta property=\"og:image:width\" content=\"2560\" \/>\n\t<meta property=\"og:image:height\" content=\"1918\" \/>\n\t<meta property=\"og:image:type\" content=\"image\/jpeg\" \/>\n<meta name=\"author\" content=\"Reda\u00e7\u00e3o Folha Popular\" \/>\n<meta name=\"twitter:card\" content=\"summary_large_image\" \/>\n<meta name=\"twitter:label1\" content=\"Escrito por\" \/>\n\t<meta name=\"twitter:data1\" content=\"Reda\u00e7\u00e3o Folha Popular\" \/>\n\t<meta name=\"twitter:label2\" content=\"Est. tempo de leitura\" \/>\n\t<meta name=\"twitter:data2\" content=\"3 minutos\" \/>\n<script type=\"application\/ld+json\" class=\"yoast-schema-graph\">{\"@context\":\"https:\\\/\\\/schema.org\",\"@graph\":[{\"@type\":\"Article\",\"@id\":\"https:\\\/\\\/folhapopular.info\\\/index.php\\\/2023\\\/04\\\/13\\\/orientacoes-e-atividades-com-profissionais-marcam-semana-de-saude-na-escola-em-imigrante\\\/#article\",\"isPartOf\":{\"@id\":\"https:\\\/\\\/folhapopular.info\\\/index.php\\\/2023\\\/04\\\/13\\\/orientacoes-e-atividades-com-profissionais-marcam-semana-de-saude-na-escola-em-imigrante\\\/\"},\"author\":{\"name\":\"Reda\u00e7\u00e3o Folha Popular\",\"@id\":\"https:\\\/\\\/folhapopular.info\\\/#\\\/schema\\\/person\\\/2814e8a0df7643585a9ca38bc6eb9d4b\"},\"headline\":\"Orienta\u00e7\u00f5es e atividades com profissionais marcam Semana de Sa\u00fade na Escola em Imigrante\",\"datePublished\":\"2023-04-13T19:39:03+00:00\",\"dateModified\":\"2023-04-13T19:39:05+00:00\",\"mainEntityOfPage\":{\"@id\":\"https:\\\/\\\/folhapopular.info\\\/index.php\\\/2023\\\/04\\\/13\\\/orientacoes-e-atividades-com-profissionais-marcam-semana-de-saude-na-escola-em-imigrante\\\/\"},\"wordCount\":588,\"commentCount\":0,\"image\":{\"@id\":\"https:\\\/\\\/folhapopular.info\\\/index.php\\\/2023\\\/04\\\/13\\\/orientacoes-e-atividades-com-profissionais-marcam-semana-de-saude-na-escola-em-imigrante\\\/#primaryimage\"},\"thumbnailUrl\":\"https:\\\/\\\/folhapopular.info\\\/wp-content\\\/uploads\\\/2023\\\/04\\\/SAUDE-BNA-ESCOLA-OFTALMO-4-scaled.jpg\",\"keywords\":[\"Escola\",\"Imigrante\",\"Sa\u00fade\",\"semana de sa\u00fade na escola\"],\"articleSection\":[\"Destaques\",\"Geral\",\"Servi\u00e7os\"],\"inLanguage\":\"pt-BR\",\"potentialAction\":[{\"@type\":\"CommentAction\",\"name\":\"Comment\",\"target\":[\"https:\\\/\\\/folhapopular.info\\\/index.php\\\/2023\\\/04\\\/13\\\/orientacoes-e-atividades-com-profissionais-marcam-semana-de-saude-na-escola-em-imigrante\\\/#respond\"]}]},{\"@type\":\"WebPage\",\"@id\":\"https:\\\/\\\/folhapopular.info\\\/index.php\\\/2023\\\/04\\\/13\\\/orientacoes-e-atividades-com-profissionais-marcam-semana-de-saude-na-escola-em-imigrante\\\/\",\"url\":\"https:\\\/\\\/folhapopular.info\\\/index.php\\\/2023\\\/04\\\/13\\\/orientacoes-e-atividades-com-profissionais-marcam-semana-de-saude-na-escola-em-imigrante\\\/\",\"name\":\"Orienta\u00e7\u00f5es e atividades com profissionais marcam Semana de Sa\u00fade na Escola em Imigrante - Folha Popular\",\"isPartOf\":{\"@id\":\"https:\\\/\\\/folhapopular.info\\\/#website\"},\"primaryImageOfPage\":{\"@id\":\"https:\\\/\\\/folhapopular.info\\\/index.php\\\/2023\\\/04\\\/13\\\/orientacoes-e-atividades-com-profissionais-marcam-semana-de-saude-na-escola-em-imigrante\\\/#primaryimage\"},\"image\":{\"@id\":\"https:\\\/\\\/folhapopular.info\\\/index.php\\\/2023\\\/04\\\/13\\\/orientacoes-e-atividades-com-profissionais-marcam-semana-de-saude-na-escola-em-imigrante\\\/#primaryimage\"},\"thumbnailUrl\":\"https:\\\/\\\/folhapopular.info\\\/wp-content\\\/uploads\\\/2023\\\/04\\\/SAUDE-BNA-ESCOLA-OFTALMO-4-scaled.jpg\",\"datePublished\":\"2023-04-13T19:39:03+00:00\",\"dateModified\":\"2023-04-13T19:39:05+00:00\",\"author\":{\"@id\":\"https:\\\/\\\/folhapopular.info\\\/#\\\/schema\\\/person\\\/2814e8a0df7643585a9ca38bc6eb9d4b\"},\"breadcrumb\":{\"@id\":\"https:\\\/\\\/folhapopular.info\\\/index.php\\\/2023\\\/04\\\/13\\\/orientacoes-e-atividades-com-profissionais-marcam-semana-de-saude-na-escola-em-imigrante\\\/#breadcrumb\"},\"inLanguage\":\"pt-BR\",\"potentialAction\":[{\"@type\":\"ReadAction\",\"target\":[\"https:\\\/\\\/folhapopular.info\\\/index.php\\\/2023\\\/04\\\/13\\\/orientacoes-e-atividades-com-profissionais-marcam-semana-de-saude-na-escola-em-imigrante\\\/\"]}]},{\"@type\":\"ImageObject\",\"inLanguage\":\"pt-BR\",\"@id\":\"https:\\\/\\\/folhapopular.info\\\/index.php\\\/2023\\\/04\\\/13\\\/orientacoes-e-atividades-com-profissionais-marcam-semana-de-saude-na-escola-em-imigrante\\\/#primaryimage\",\"url\":\"https:\\\/\\\/folhapopular.info\\\/wp-content\\\/uploads\\\/2023\\\/04\\\/SAUDE-BNA-ESCOLA-OFTALMO-4-scaled.jpg\",\"contentUrl\":\"https:\\\/\\\/folhapopular.info\\\/wp-content\\\/uploads\\\/2023\\\/04\\\/SAUDE-BNA-ESCOLA-OFTALMO-4-scaled.jpg\",\"width\":2560,\"height\":1918,\"caption\":\"Cr\u00e9ditos: Carlos Eduardo Schneider \\\/ AI Prefeitura de Imigrante\"},{\"@type\":\"BreadcrumbList\",\"@id\":\"https:\\\/\\\/folhapopular.info\\\/index.php\\\/2023\\\/04\\\/13\\\/orientacoes-e-atividades-com-profissionais-marcam-semana-de-saude-na-escola-em-imigrante\\\/#breadcrumb\",\"itemListElement\":[{\"@type\":\"ListItem\",\"position\":1,\"name\":\"In\u00edcio\",\"item\":\"https:\\\/\\\/folhapopular.info\\\/\"},{\"@type\":\"ListItem\",\"position\":2,\"name\":\"Orienta\u00e7\u00f5es e atividades com profissionais marcam Semana de Sa\u00fade na Escola em Imigrante\"}]},{\"@type\":\"WebSite\",\"@id\":\"https:\\\/\\\/folhapopular.info\\\/#website\",\"url\":\"https:\\\/\\\/folhapopular.info\\\/\",\"name\":\"Folha Popular\",\"description\":\"Onde voc\u00ea tem vez e voz\",\"potentialAction\":[{\"@type\":\"SearchAction\",\"target\":{\"@type\":\"EntryPoint\",\"urlTemplate\":\"https:\\\/\\\/folhapopular.info\\\/?s={search_term_string}\"},\"query-input\":{\"@type\":\"PropertyValueSpecification\",\"valueRequired\":true,\"valueName\":\"search_term_string\"}}],\"inLanguage\":\"pt-BR\"},{\"@type\":\"Person\",\"@id\":\"https:\\\/\\\/folhapopular.info\\\/#\\\/schema\\\/person\\\/2814e8a0df7643585a9ca38bc6eb9d4b\",\"name\":\"Reda\u00e7\u00e3o Folha Popular\",\"image\":{\"@type\":\"ImageObject\",\"inLanguage\":\"pt-BR\",\"@id\":\"https:\\\/\\\/folhapopular.info\\\/wp-content\\\/uploads\\\/2026\\\/04\\\/Folha-1.webp\",\"url\":\"https:\\\/\\\/folhapopular.info\\\/wp-content\\\/uploads\\\/2026\\\/04\\\/Folha-1.webp\",\"contentUrl\":\"https:\\\/\\\/folhapopular.info\\\/wp-content\\\/uploads\\\/2026\\\/04\\\/Folha-1.webp\",\"caption\":\"Reda\u00e7\u00e3o Folha Popular\"},\"url\":\"https:\\\/\\\/folhapopular.info\\\/index.php\\\/author\\\/redacao\\\/\"}]}<\/script>\n<!-- \/ Yoast SEO plugin. -->","yoast_head_json":{"title":"Orienta\u00e7\u00f5es e atividades com profissionais marcam Semana de Sa\u00fade na Escola em Imigrante - Folha Popular","robots":{"index":"index","follow":"follow","max-snippet":"max-snippet:-1","max-image-preview":"max-image-preview:large","max-video-preview":"max-video-preview:-1"},"canonical":"https:\/\/folhapopular.info\/index.php\/2023\/04\/13\/orientacoes-e-atividades-com-profissionais-marcam-semana-de-saude-na-escola-em-imigrante\/","og_locale":"pt_BR","og_type":"article","og_title":"Orienta\u00e7\u00f5es e atividades com profissionais marcam Semana de Sa\u00fade na Escola em Imigrante - Folha Popular","og_description":"As secretarias de Sa\u00fade e Assist\u00eancia Social e de Educa\u00e7\u00e3o realizam, nesta semana (10 a 14 de abril), a Semana de Sa\u00fade na Escola. As a\u00e7\u00f5es ocorrem nas Escolas Municipais de Educa\u00e7\u00e3o Fundamental (Emefs) Arco-\u00cdris e Santo Ant\u00f4nio, com alunos do ensino fundamental. Os jovens receberam orienta\u00e7\u00f5es e realizaram atividades com dentistas, nutricionista e t\u00e9cnica [&hellip;]","og_url":"https:\/\/folhapopular.info\/index.php\/2023\/04\/13\/orientacoes-e-atividades-com-profissionais-marcam-semana-de-saude-na-escola-em-imigrante\/","og_site_name":"Folha Popular","article_published_time":"2023-04-13T19:39:03+00:00","article_modified_time":"2023-04-13T19:39:05+00:00","og_image":[{"width":2560,"height":1918,"url":"http:\/\/folhapopular.info\/wp-content\/uploads\/2023\/04\/SAUDE-BNA-ESCOLA-OFTALMO-4-scaled.jpg","type":"image\/jpeg"}],"author":"Reda\u00e7\u00e3o Folha Popular","twitter_card":"summary_large_image","twitter_misc":{"Escrito por":"Reda\u00e7\u00e3o Folha Popular","Est. tempo de leitura":"3 minutos"},"schema":{"@context":"https:\/\/schema.org","@graph":[{"@type":"Article","@id":"https:\/\/folhapopular.info\/index.php\/2023\/04\/13\/orientacoes-e-atividades-com-profissionais-marcam-semana-de-saude-na-escola-em-imigrante\/#article","isPartOf":{"@id":"https:\/\/folhapopular.info\/index.php\/2023\/04\/13\/orientacoes-e-atividades-com-profissionais-marcam-semana-de-saude-na-escola-em-imigrante\/"},"author":{"name":"Reda\u00e7\u00e3o Folha Popular","@id":"https:\/\/folhapopular.info\/#\/schema\/person\/2814e8a0df7643585a9ca38bc6eb9d4b"},"headline":"Orienta\u00e7\u00f5es e atividades com profissionais marcam Semana de Sa\u00fade na Escola em Imigrante","datePublished":"2023-04-13T19:39:03+00:00","dateModified":"2023-04-13T19:39:05+00:00","mainEntityOfPage":{"@id":"https:\/\/folhapopular.info\/index.php\/2023\/04\/13\/orientacoes-e-atividades-com-profissionais-marcam-semana-de-saude-na-escola-em-imigrante\/"},"wordCount":588,"commentCount":0,"image":{"@id":"https:\/\/folhapopular.info\/index.php\/2023\/04\/13\/orientacoes-e-atividades-com-profissionais-marcam-semana-de-saude-na-escola-em-imigrante\/#primaryimage"},"thumbnailUrl":"https:\/\/folhapopular.info\/wp-content\/uploads\/2023\/04\/SAUDE-BNA-ESCOLA-OFTALMO-4-scaled.jpg","keywords":["Escola","Imigrante","Sa\u00fade","semana de sa\u00fade na escola"],"articleSection":["Destaques","Geral","Servi\u00e7os"],"inLanguage":"pt-BR","potentialAction":[{"@type":"CommentAction","name":"Comment","target":["https:\/\/folhapopular.info\/index.php\/2023\/04\/13\/orientacoes-e-atividades-com-profissionais-marcam-semana-de-saude-na-escola-em-imigrante\/#respond"]}]},{"@type":"WebPage","@id":"https:\/\/folhapopular.info\/index.php\/2023\/04\/13\/orientacoes-e-atividades-com-profissionais-marcam-semana-de-saude-na-escola-em-imigrante\/","url":"https:\/\/folhapopular.info\/index.php\/2023\/04\/13\/orientacoes-e-atividades-com-profissionais-marcam-semana-de-saude-na-escola-em-imigrante\/","name":"Orienta\u00e7\u00f5es e atividades com profissionais marcam Semana de Sa\u00fade na Escola em Imigrante - Folha Popular","isPartOf":{"@id":"https:\/\/folhapopular.info\/#website"},"primaryImageOfPage":{"@id":"https:\/\/folhapopular.info\/index.php\/2023\/04\/13\/orientacoes-e-atividades-com-profissionais-marcam-semana-de-saude-na-escola-em-imigrante\/#primaryimage"},"image":{"@id":"https:\/\/folhapopular.info\/index.php\/2023\/04\/13\/orientacoes-e-atividades-com-profissionais-marcam-semana-de-saude-na-escola-em-imigrante\/#primaryimage"},"thumbnailUrl":"https:\/\/folhapopular.info\/wp-content\/uploads\/2023\/04\/SAUDE-BNA-ESCOLA-OFTALMO-4-scaled.jpg","datePublished":"2023-04-13T19:39:03+00:00","dateModified":"2023-04-13T19:39:05+00:00","author":{"@id":"https:\/\/folhapopular.info\/#\/schema\/person\/2814e8a0df7643585a9ca38bc6eb9d4b"},"breadcrumb":{"@id":"https:\/\/folhapopular.info\/index.php\/2023\/04\/13\/orientacoes-e-atividades-com-profissionais-marcam-semana-de-saude-na-escola-em-imigrante\/#breadcrumb"},"inLanguage":"pt-BR","potentialAction":[{"@type":"ReadAction","target":["https:\/\/folhapopular.info\/index.php\/2023\/04\/13\/orientacoes-e-atividades-com-profissionais-marcam-semana-de-saude-na-escola-em-imigrante\/"]}]},{"@type":"ImageObject","inLanguage":"pt-BR","@id":"https:\/\/folhapopular.info\/index.php\/2023\/04\/13\/orientacoes-e-atividades-com-profissionais-marcam-semana-de-saude-na-escola-em-imigrante\/#primaryimage","url":"https:\/\/folhapopular.info\/wp-content\/uploads\/2023\/04\/SAUDE-BNA-ESCOLA-OFTALMO-4-scaled.jpg","contentUrl":"https:\/\/folhapopular.info\/wp-content\/uploads\/2023\/04\/SAUDE-BNA-ESCOLA-OFTALMO-4-scaled.jpg","width":2560,"height":1918,"caption":"Cr\u00e9ditos: Carlos Eduardo Schneider \/ AI Prefeitura de Imigrante"},{"@type":"BreadcrumbList","@id":"https:\/\/folhapopular.info\/index.php\/2023\/04\/13\/orientacoes-e-atividades-com-profissionais-marcam-semana-de-saude-na-escola-em-imigrante\/#breadcrumb","itemListElement":[{"@type":"ListItem","position":1,"name":"In\u00edcio","item":"https:\/\/folhapopular.info\/"},{"@type":"ListItem","position":2,"name":"Orienta\u00e7\u00f5es e atividades com profissionais marcam Semana de Sa\u00fade na Escola em Imigrante"}]},{"@type":"WebSite","@id":"https:\/\/folhapopular.info\/#website","url":"https:\/\/folhapopular.info\/","name":"Folha Popular","description":"Onde voc\u00ea tem vez e voz","potentialAction":[{"@type":"SearchAction","target":{"@type":"EntryPoint","urlTemplate":"https:\/\/folhapopular.info\/?s={search_term_string}"},"query-input":{"@type":"PropertyValueSpecification","valueRequired":true,"valueName":"search_term_string"}}],"inLanguage":"pt-BR"},{"@type":"Person","@id":"https:\/\/folhapopular.info\/#\/schema\/person\/2814e8a0df7643585a9ca38bc6eb9d4b","name":"Reda\u00e7\u00e3o Folha Popular","image":{"@type":"ImageObject","inLanguage":"pt-BR","@id":"https:\/\/folhapopular.info\/wp-content\/uploads\/2026\/04\/Folha-1.webp","url":"https:\/\/folhapopular.info\/wp-content\/uploads\/2026\/04\/Folha-1.webp","contentUrl":"https:\/\/folhapopular.info\/wp-content\/uploads\/2026\/04\/Folha-1.webp","caption":"Reda\u00e7\u00e3o Folha Popular"},"url":"https:\/\/folhapopular.info\/index.php\/author\/redacao\/"}]}},"jetpack_featured_media_url":"https:\/\/folhapopular.info\/wp-content\/uploads\/2023\/04\/SAUDE-BNA-ESCOLA-OFTALMO-4-scaled.jpg","jetpack_sharing_enabled":true,"amp_enabled":true,"_links":{"self":[{"href":"https:\/\/folhapopular.info\/index.php\/wp-json\/wp\/v2\/posts\/125736","targetHints":{"allow":["GET"]}}],"collection":[{"href":"https:\/\/folhapopular.info\/index.php\/wp-json\/wp\/v2\/posts"}],"about":[{"href":"https:\/\/folhapopular.info\/index.php\/wp-json\/wp\/v2\/types\/post"}],"author":[{"embeddable":true,"href":"https:\/\/folhapopular.info\/index.php\/wp-json\/wp\/v2\/users\/8"}],"replies":[{"embeddable":true,"href":"https:\/\/folhapopular.info\/index.php\/wp-json\/wp\/v2\/comments?post=125736"}],"version-history":[{"count":0,"href":"https:\/\/folhapopular.info\/index.php\/wp-json\/wp\/v2\/posts\/125736\/revisions"}],"wp:featuredmedia":[{"embeddable":true,"href":"https:\/\/folhapopular.info\/index.php\/wp-json\/wp\/v2\/media\/125737"}],"wp:attachment":[{"href":"https:\/\/folhapopular.info\/index.php\/wp-json\/wp\/v2\/media?parent=125736"}],"wp:term":[{"taxonomy":"category","embeddable":true,"href":"https:\/\/folhapopular.info\/index.php\/wp-json\/wp\/v2\/categories?post=125736"},{"taxonomy":"post_tag","embeddable":true,"href":"https:\/\/folhapopular.info\/index.php\/wp-json\/wp\/v2\/tags?post=125736"}],"curies":[{"name":"wp","href":"https:\/\/api.w.org\/{rel}","templated":true}]}}