{"id":125741,"date":"2023-04-13T17:10:00","date_gmt":"2023-04-13T20:10:00","guid":{"rendered":"https:\/\/folhapopular.info\/?p=125741"},"modified":"2023-04-14T14:46:39","modified_gmt":"2023-04-14T17:46:39","slug":"teutonia-completa-dois-anos-sem-homicidios-feminicidios-e-latrocinios","status":"publish","type":"post","link":"https:\/\/folhapopular.info\/index.php\/2023\/04\/13\/teutonia-completa-dois-anos-sem-homicidios-feminicidios-e-latrocinios\/","title":{"rendered":"Teut\u00f4nia completa dois anos sem homic\u00eddios, feminic\u00eddios e latroc\u00ednios"},"content":{"rendered":"\n<p>Na segunda-feira (10\/04) Teut\u00f4nia completou dois anos sem crimes violentos letais intencionais. Isso significa que, no per\u00edodo de 24 meses, n\u00e3o houve homic\u00eddios, feminic\u00eddios ou latroc\u00ednios. &#8220;Essa marca \u00e9 considerada hist\u00f3rica. Ao menos nos \u00faltimos 10 anos, n\u00e3o h\u00e1 registros de um per\u00edodo t\u00e3o longo sem anota\u00e7\u00f5es desses crimes, que por sua natureza, s\u00e3o considerados os mais graves&#8221;, observa o capit\u00e3o F\u00e1bio Bilhar, comandante da 2\u00b0 Companhia do 40\u00ba Batalh\u00e3o de Pol\u00edcia Militar (BPM) com sede em Teut\u00f4nia.<\/p>\n\n\n\n<p>Ele ressalta que grande parte essa marca se deve \u00e0 estrat\u00e9gia de incansavelmente combater o tr\u00e1fico de drogas, a\u00e7\u00e3o que \u00e9 realizada em Teut\u00f4nia pela Brigada Militar por entender que essa modalidade de crime traz de arrasto os demais delitos como homic\u00eddios, roubos e furtos, entre outros. <\/p>\n\n\n\n<p>&#8220;Como exemplo a gente pode ver que houve uma redu\u00e7\u00e3o de 85% nos roubos desde 2019, caindo de 61 casos para somente nove em 2022. Tamb\u00e9m, houve redu\u00e7\u00e3o de 80% nos furtos de ve\u00edculos e de 50% nos demais furtos em geral, o que mostra que essa estrat\u00e9gia de combater o tr\u00e1fico de fato acaba impactando os outros crimes&#8221;, afirma o comandante.<\/p>\n\n\n\n<p>De acordo com os dados dispon\u00edveis no site da Secretaria de Seguran\u00e7a P\u00fablica do Estado, cidades com o porte parecido com o de Teut\u00f4nia tiveram n\u00fameros bem mais elevados nesse mesmo per\u00edodo em termos de homic\u00eddios. O munic\u00edpio de Taquari teve sete homic\u00eddios em 2022, e Estrela teve tr\u00eas homic\u00eddios somente nos tr\u00eas primeiros meses de 2023. Teut\u00f4nia \u00e9 a segunda maior cidade em termos populacionais dos 37 munic\u00edpios do Vale do Taquari.<\/p>\n\n\n\n<p>O comandante ressalta que a dr\u00e1stica redu\u00e7\u00e3o dos \u00edndices criminais tamb\u00e9m \u00e9 fruto da abnega\u00e7\u00e3o do trabalho de todos os policiais militares da companhia, bem como da integra\u00e7\u00e3o e do trabalho de outras institui\u00e7\u00f5es, como a Pol\u00edcia Civil.<\/p>\n\n\n\n<p>Mesmo considerando os n\u00fameros de Teut\u00f4nia satisfat\u00f3rios, o comandante da Brigada Militar ressalta que as institui\u00e7\u00f5es p\u00fablicas devem ter sempre em mente o aperfei\u00e7oamento cont\u00ednuo. &#8220;N\u00e3o podemos parar e devemos cada vez mais buscar prestar um servi\u00e7o de qualidade para a popula\u00e7\u00e3o, assim como Teut\u00f4nia merece e certamente deve ter orgulho da Brigada Militar que tem&#8221;, conclui Bilhar.<\/p>\n","protected":false},"excerpt":{"rendered":"<p>Na segunda-feira (10\/04) Teut\u00f4nia completou dois anos sem crimes violentos letais intencionais. Isso significa que, no per\u00edodo de 24 meses, n\u00e3o houve homic\u00eddios, feminic\u00eddios ou latroc\u00ednios. &#8220;Essa marca \u00e9 considerada hist\u00f3rica. Ao menos nos \u00faltimos 10 anos, n\u00e3o h\u00e1 registros de um per\u00edodo t\u00e3o longo sem anota\u00e7\u00f5es desses crimes, que por sua natureza, s\u00e3o considerados [&hellip;]<\/p>\n","protected":false},"author":646,"featured_media":125742,"comment_status":"open","ping_status":"open","sticky":false,"template":"","format":"standard","meta":{"pmpro_default_level":"","_jetpack_memberships_contains_paid_content":false,"footnotes":""},"categories":[2,10982,7],"tags":[251,11789,5619,11790,180,26],"class_list":{"0":"post-125741","1":"post","2":"type-post","3":"status-publish","4":"format-standard","5":"has-post-thumbnail","7":"category-featured","8":"category-policia","9":"category-seguranca","10":"tag-brigada-militar","11":"tag-feminicidios","12":"tag-homicidios","13":"tag-latrocinios","14":"tag-seguranca","15":"tag-teutonia","16":"pmpro-has-access"},"yoast_head":"<!-- This site is optimized with the Yoast SEO plugin v27.5 - https:\/\/yoast.com\/product\/yoast-seo-wordpress\/ -->\n<title>Teut\u00f4nia completa dois anos sem homic\u00eddios, feminic\u00eddios e latroc\u00ednios - Folha Popular<\/title>\n<meta name=\"robots\" content=\"index, follow, max-snippet:-1, max-image-preview:large, max-video-preview:-1\" \/>\n<link rel=\"canonical\" href=\"https:\/\/folhapopular.info\/index.php\/2023\/04\/13\/teutonia-completa-dois-anos-sem-homicidios-feminicidios-e-latrocinios\/\" \/>\n<meta property=\"og:locale\" content=\"pt_BR\" \/>\n<meta property=\"og:type\" content=\"article\" \/>\n<meta property=\"og:title\" content=\"Teut\u00f4nia completa dois anos sem homic\u00eddios, feminic\u00eddios e latroc\u00ednios - Folha Popular\" \/>\n<meta property=\"og:description\" content=\"Na segunda-feira (10\/04) Teut\u00f4nia completou dois anos sem crimes violentos letais intencionais. Isso significa que, no per\u00edodo de 24 meses, n\u00e3o houve homic\u00eddios, feminic\u00eddios ou latroc\u00ednios. &#8220;Essa marca \u00e9 considerada hist\u00f3rica. Ao menos nos \u00faltimos 10 anos, n\u00e3o h\u00e1 registros de um per\u00edodo t\u00e3o longo sem anota\u00e7\u00f5es desses crimes, que por sua natureza, s\u00e3o considerados [&hellip;]\" \/>\n<meta property=\"og:url\" content=\"https:\/\/folhapopular.info\/index.php\/2023\/04\/13\/teutonia-completa-dois-anos-sem-homicidios-feminicidios-e-latrocinios\/\" \/>\n<meta property=\"og:site_name\" content=\"Folha Popular\" \/>\n<meta property=\"article:published_time\" content=\"2023-04-13T20:10:00+00:00\" \/>\n<meta property=\"article:modified_time\" content=\"2023-04-14T17:46:39+00:00\" \/>\n<meta property=\"og:image\" content=\"http:\/\/folhapopular.info\/wp-content\/uploads\/2023\/04\/WhatsApp-Image-2023-04-12-at-21.35.48.jpeg\" \/>\n\t<meta property=\"og:image:width\" content=\"696\" \/>\n\t<meta property=\"og:image:height\" content=\"392\" \/>\n\t<meta property=\"og:image:type\" content=\"image\/jpeg\" \/>\n<meta name=\"author\" content=\"J\u00falio C\u00e9sar Lenhard\" \/>\n<meta name=\"twitter:card\" content=\"summary_large_image\" \/>\n<meta name=\"twitter:label1\" content=\"Escrito por\" \/>\n\t<meta name=\"twitter:data1\" content=\"J\u00falio C\u00e9sar Lenhard\" \/>\n\t<meta name=\"twitter:label2\" content=\"Est. tempo de leitura\" \/>\n\t<meta name=\"twitter:data2\" content=\"2 minutos\" \/>\n<script type=\"application\/ld+json\" class=\"yoast-schema-graph\">{\"@context\":\"https:\\\/\\\/schema.org\",\"@graph\":[{\"@type\":\"Article\",\"@id\":\"https:\\\/\\\/folhapopular.info\\\/index.php\\\/2023\\\/04\\\/13\\\/teutonia-completa-dois-anos-sem-homicidios-feminicidios-e-latrocinios\\\/#article\",\"isPartOf\":{\"@id\":\"https:\\\/\\\/folhapopular.info\\\/index.php\\\/2023\\\/04\\\/13\\\/teutonia-completa-dois-anos-sem-homicidios-feminicidios-e-latrocinios\\\/\"},\"author\":{\"name\":\"J\u00falio C\u00e9sar Lenhard\",\"@id\":\"https:\\\/\\\/folhapopular.info\\\/#\\\/schema\\\/person\\\/2c678f1be6a810fa1aa8786f135b80d8\"},\"headline\":\"Teut\u00f4nia completa dois anos sem homic\u00eddios, feminic\u00eddios e latroc\u00ednios\",\"datePublished\":\"2023-04-13T20:10:00+00:00\",\"dateModified\":\"2023-04-14T17:46:39+00:00\",\"mainEntityOfPage\":{\"@id\":\"https:\\\/\\\/folhapopular.info\\\/index.php\\\/2023\\\/04\\\/13\\\/teutonia-completa-dois-anos-sem-homicidios-feminicidios-e-latrocinios\\\/\"},\"wordCount\":410,\"commentCount\":0,\"image\":{\"@id\":\"https:\\\/\\\/folhapopular.info\\\/index.php\\\/2023\\\/04\\\/13\\\/teutonia-completa-dois-anos-sem-homicidios-feminicidios-e-latrocinios\\\/#primaryimage\"},\"thumbnailUrl\":\"https:\\\/\\\/folhapopular.info\\\/wp-content\\\/uploads\\\/2023\\\/04\\\/WhatsApp-Image-2023-04-12-at-21.35.48.jpeg\",\"keywords\":[\"Brigada Militar\",\"feminic\u00eddios\",\"homic\u00eddios\",\"latroc\u00ednios\",\"Seguran\u00e7a\",\"Teut\u00f4nia\"],\"articleSection\":[\"Destaques\",\"Pol\u00edcia\",\"Seguran\u00e7a\"],\"inLanguage\":\"pt-BR\",\"potentialAction\":[{\"@type\":\"CommentAction\",\"name\":\"Comment\",\"target\":[\"https:\\\/\\\/folhapopular.info\\\/index.php\\\/2023\\\/04\\\/13\\\/teutonia-completa-dois-anos-sem-homicidios-feminicidios-e-latrocinios\\\/#respond\"]}]},{\"@type\":\"WebPage\",\"@id\":\"https:\\\/\\\/folhapopular.info\\\/index.php\\\/2023\\\/04\\\/13\\\/teutonia-completa-dois-anos-sem-homicidios-feminicidios-e-latrocinios\\\/\",\"url\":\"https:\\\/\\\/folhapopular.info\\\/index.php\\\/2023\\\/04\\\/13\\\/teutonia-completa-dois-anos-sem-homicidios-feminicidios-e-latrocinios\\\/\",\"name\":\"Teut\u00f4nia completa dois anos sem homic\u00eddios, feminic\u00eddios e latroc\u00ednios - Folha Popular\",\"isPartOf\":{\"@id\":\"https:\\\/\\\/folhapopular.info\\\/#website\"},\"primaryImageOfPage\":{\"@id\":\"https:\\\/\\\/folhapopular.info\\\/index.php\\\/2023\\\/04\\\/13\\\/teutonia-completa-dois-anos-sem-homicidios-feminicidios-e-latrocinios\\\/#primaryimage\"},\"image\":{\"@id\":\"https:\\\/\\\/folhapopular.info\\\/index.php\\\/2023\\\/04\\\/13\\\/teutonia-completa-dois-anos-sem-homicidios-feminicidios-e-latrocinios\\\/#primaryimage\"},\"thumbnailUrl\":\"https:\\\/\\\/folhapopular.info\\\/wp-content\\\/uploads\\\/2023\\\/04\\\/WhatsApp-Image-2023-04-12-at-21.35.48.jpeg\",\"datePublished\":\"2023-04-13T20:10:00+00:00\",\"dateModified\":\"2023-04-14T17:46:39+00:00\",\"author\":{\"@id\":\"https:\\\/\\\/folhapopular.info\\\/#\\\/schema\\\/person\\\/2c678f1be6a810fa1aa8786f135b80d8\"},\"breadcrumb\":{\"@id\":\"https:\\\/\\\/folhapopular.info\\\/index.php\\\/2023\\\/04\\\/13\\\/teutonia-completa-dois-anos-sem-homicidios-feminicidios-e-latrocinios\\\/#breadcrumb\"},\"inLanguage\":\"pt-BR\",\"potentialAction\":[{\"@type\":\"ReadAction\",\"target\":[\"https:\\\/\\\/folhapopular.info\\\/index.php\\\/2023\\\/04\\\/13\\\/teutonia-completa-dois-anos-sem-homicidios-feminicidios-e-latrocinios\\\/\"]}]},{\"@type\":\"ImageObject\",\"inLanguage\":\"pt-BR\",\"@id\":\"https:\\\/\\\/folhapopular.info\\\/index.php\\\/2023\\\/04\\\/13\\\/teutonia-completa-dois-anos-sem-homicidios-feminicidios-e-latrocinios\\\/#primaryimage\",\"url\":\"https:\\\/\\\/folhapopular.info\\\/wp-content\\\/uploads\\\/2023\\\/04\\\/WhatsApp-Image-2023-04-12-at-21.35.48.jpeg\",\"contentUrl\":\"https:\\\/\\\/folhapopular.info\\\/wp-content\\\/uploads\\\/2023\\\/04\\\/WhatsApp-Image-2023-04-12-at-21.35.48.jpeg\",\"width\":696,\"height\":392,\"caption\":\"Cr\u00e9ditos: Arquivo Folha Popular\"},{\"@type\":\"BreadcrumbList\",\"@id\":\"https:\\\/\\\/folhapopular.info\\\/index.php\\\/2023\\\/04\\\/13\\\/teutonia-completa-dois-anos-sem-homicidios-feminicidios-e-latrocinios\\\/#breadcrumb\",\"itemListElement\":[{\"@type\":\"ListItem\",\"position\":1,\"name\":\"In\u00edcio\",\"item\":\"https:\\\/\\\/folhapopular.info\\\/\"},{\"@type\":\"ListItem\",\"position\":2,\"name\":\"Teut\u00f4nia completa dois anos sem homic\u00eddios, feminic\u00eddios e latroc\u00ednios\"}]},{\"@type\":\"WebSite\",\"@id\":\"https:\\\/\\\/folhapopular.info\\\/#website\",\"url\":\"https:\\\/\\\/folhapopular.info\\\/\",\"name\":\"Folha Popular\",\"description\":\"Onde voc\u00ea tem vez e voz\",\"potentialAction\":[{\"@type\":\"SearchAction\",\"target\":{\"@type\":\"EntryPoint\",\"urlTemplate\":\"https:\\\/\\\/folhapopular.info\\\/?s={search_term_string}\"},\"query-input\":{\"@type\":\"PropertyValueSpecification\",\"valueRequired\":true,\"valueName\":\"search_term_string\"}}],\"inLanguage\":\"pt-BR\"},{\"@type\":\"Person\",\"@id\":\"https:\\\/\\\/folhapopular.info\\\/#\\\/schema\\\/person\\\/2c678f1be6a810fa1aa8786f135b80d8\",\"name\":\"J\u00falio C\u00e9sar Lenhard\",\"image\":{\"@type\":\"ImageObject\",\"inLanguage\":\"pt-BR\",\"@id\":\"https:\\\/\\\/secure.gravatar.com\\\/avatar\\\/5fc145ba28daff4b7a20678a28e78dc0d1082681a40346a925de39665b5d8cd6?s=96&d=mm&r=g\",\"url\":\"https:\\\/\\\/secure.gravatar.com\\\/avatar\\\/5fc145ba28daff4b7a20678a28e78dc0d1082681a40346a925de39665b5d8cd6?s=96&d=mm&r=g\",\"contentUrl\":\"https:\\\/\\\/secure.gravatar.com\\\/avatar\\\/5fc145ba28daff4b7a20678a28e78dc0d1082681a40346a925de39665b5d8cd6?s=96&d=mm&r=g\",\"caption\":\"J\u00falio C\u00e9sar Lenhard\"},\"url\":\"https:\\\/\\\/folhapopular.info\\\/index.php\\\/author\\\/julio_lenhardhotmail-com\\\/\"}]}<\/script>\n<!-- \/ Yoast SEO plugin. -->","yoast_head_json":{"title":"Teut\u00f4nia completa dois anos sem homic\u00eddios, feminic\u00eddios e latroc\u00ednios - Folha Popular","robots":{"index":"index","follow":"follow","max-snippet":"max-snippet:-1","max-image-preview":"max-image-preview:large","max-video-preview":"max-video-preview:-1"},"canonical":"https:\/\/folhapopular.info\/index.php\/2023\/04\/13\/teutonia-completa-dois-anos-sem-homicidios-feminicidios-e-latrocinios\/","og_locale":"pt_BR","og_type":"article","og_title":"Teut\u00f4nia completa dois anos sem homic\u00eddios, feminic\u00eddios e latroc\u00ednios - Folha Popular","og_description":"Na segunda-feira (10\/04) Teut\u00f4nia completou dois anos sem crimes violentos letais intencionais. Isso significa que, no per\u00edodo de 24 meses, n\u00e3o houve homic\u00eddios, feminic\u00eddios ou latroc\u00ednios. &#8220;Essa marca \u00e9 considerada hist\u00f3rica. Ao menos nos \u00faltimos 10 anos, n\u00e3o h\u00e1 registros de um per\u00edodo t\u00e3o longo sem anota\u00e7\u00f5es desses crimes, que por sua natureza, s\u00e3o considerados [&hellip;]","og_url":"https:\/\/folhapopular.info\/index.php\/2023\/04\/13\/teutonia-completa-dois-anos-sem-homicidios-feminicidios-e-latrocinios\/","og_site_name":"Folha Popular","article_published_time":"2023-04-13T20:10:00+00:00","article_modified_time":"2023-04-14T17:46:39+00:00","og_image":[{"width":696,"height":392,"url":"http:\/\/folhapopular.info\/wp-content\/uploads\/2023\/04\/WhatsApp-Image-2023-04-12-at-21.35.48.jpeg","type":"image\/jpeg"}],"author":"J\u00falio C\u00e9sar Lenhard","twitter_card":"summary_large_image","twitter_misc":{"Escrito por":"J\u00falio C\u00e9sar Lenhard","Est. tempo de leitura":"2 minutos"},"schema":{"@context":"https:\/\/schema.org","@graph":[{"@type":"Article","@id":"https:\/\/folhapopular.info\/index.php\/2023\/04\/13\/teutonia-completa-dois-anos-sem-homicidios-feminicidios-e-latrocinios\/#article","isPartOf":{"@id":"https:\/\/folhapopular.info\/index.php\/2023\/04\/13\/teutonia-completa-dois-anos-sem-homicidios-feminicidios-e-latrocinios\/"},"author":{"name":"J\u00falio C\u00e9sar Lenhard","@id":"https:\/\/folhapopular.info\/#\/schema\/person\/2c678f1be6a810fa1aa8786f135b80d8"},"headline":"Teut\u00f4nia completa dois anos sem homic\u00eddios, feminic\u00eddios e latroc\u00ednios","datePublished":"2023-04-13T20:10:00+00:00","dateModified":"2023-04-14T17:46:39+00:00","mainEntityOfPage":{"@id":"https:\/\/folhapopular.info\/index.php\/2023\/04\/13\/teutonia-completa-dois-anos-sem-homicidios-feminicidios-e-latrocinios\/"},"wordCount":410,"commentCount":0,"image":{"@id":"https:\/\/folhapopular.info\/index.php\/2023\/04\/13\/teutonia-completa-dois-anos-sem-homicidios-feminicidios-e-latrocinios\/#primaryimage"},"thumbnailUrl":"https:\/\/folhapopular.info\/wp-content\/uploads\/2023\/04\/WhatsApp-Image-2023-04-12-at-21.35.48.jpeg","keywords":["Brigada Militar","feminic\u00eddios","homic\u00eddios","latroc\u00ednios","Seguran\u00e7a","Teut\u00f4nia"],"articleSection":["Destaques","Pol\u00edcia","Seguran\u00e7a"],"inLanguage":"pt-BR","potentialAction":[{"@type":"CommentAction","name":"Comment","target":["https:\/\/folhapopular.info\/index.php\/2023\/04\/13\/teutonia-completa-dois-anos-sem-homicidios-feminicidios-e-latrocinios\/#respond"]}]},{"@type":"WebPage","@id":"https:\/\/folhapopular.info\/index.php\/2023\/04\/13\/teutonia-completa-dois-anos-sem-homicidios-feminicidios-e-latrocinios\/","url":"https:\/\/folhapopular.info\/index.php\/2023\/04\/13\/teutonia-completa-dois-anos-sem-homicidios-feminicidios-e-latrocinios\/","name":"Teut\u00f4nia completa dois anos sem homic\u00eddios, feminic\u00eddios e latroc\u00ednios - Folha Popular","isPartOf":{"@id":"https:\/\/folhapopular.info\/#website"},"primaryImageOfPage":{"@id":"https:\/\/folhapopular.info\/index.php\/2023\/04\/13\/teutonia-completa-dois-anos-sem-homicidios-feminicidios-e-latrocinios\/#primaryimage"},"image":{"@id":"https:\/\/folhapopular.info\/index.php\/2023\/04\/13\/teutonia-completa-dois-anos-sem-homicidios-feminicidios-e-latrocinios\/#primaryimage"},"thumbnailUrl":"https:\/\/folhapopular.info\/wp-content\/uploads\/2023\/04\/WhatsApp-Image-2023-04-12-at-21.35.48.jpeg","datePublished":"2023-04-13T20:10:00+00:00","dateModified":"2023-04-14T17:46:39+00:00","author":{"@id":"https:\/\/folhapopular.info\/#\/schema\/person\/2c678f1be6a810fa1aa8786f135b80d8"},"breadcrumb":{"@id":"https:\/\/folhapopular.info\/index.php\/2023\/04\/13\/teutonia-completa-dois-anos-sem-homicidios-feminicidios-e-latrocinios\/#breadcrumb"},"inLanguage":"pt-BR","potentialAction":[{"@type":"ReadAction","target":["https:\/\/folhapopular.info\/index.php\/2023\/04\/13\/teutonia-completa-dois-anos-sem-homicidios-feminicidios-e-latrocinios\/"]}]},{"@type":"ImageObject","inLanguage":"pt-BR","@id":"https:\/\/folhapopular.info\/index.php\/2023\/04\/13\/teutonia-completa-dois-anos-sem-homicidios-feminicidios-e-latrocinios\/#primaryimage","url":"https:\/\/folhapopular.info\/wp-content\/uploads\/2023\/04\/WhatsApp-Image-2023-04-12-at-21.35.48.jpeg","contentUrl":"https:\/\/folhapopular.info\/wp-content\/uploads\/2023\/04\/WhatsApp-Image-2023-04-12-at-21.35.48.jpeg","width":696,"height":392,"caption":"Cr\u00e9ditos: Arquivo Folha Popular"},{"@type":"BreadcrumbList","@id":"https:\/\/folhapopular.info\/index.php\/2023\/04\/13\/teutonia-completa-dois-anos-sem-homicidios-feminicidios-e-latrocinios\/#breadcrumb","itemListElement":[{"@type":"ListItem","position":1,"name":"In\u00edcio","item":"https:\/\/folhapopular.info\/"},{"@type":"ListItem","position":2,"name":"Teut\u00f4nia completa dois anos sem homic\u00eddios, feminic\u00eddios e latroc\u00ednios"}]},{"@type":"WebSite","@id":"https:\/\/folhapopular.info\/#website","url":"https:\/\/folhapopular.info\/","name":"Folha Popular","description":"Onde voc\u00ea tem vez e voz","potentialAction":[{"@type":"SearchAction","target":{"@type":"EntryPoint","urlTemplate":"https:\/\/folhapopular.info\/?s={search_term_string}"},"query-input":{"@type":"PropertyValueSpecification","valueRequired":true,"valueName":"search_term_string"}}],"inLanguage":"pt-BR"},{"@type":"Person","@id":"https:\/\/folhapopular.info\/#\/schema\/person\/2c678f1be6a810fa1aa8786f135b80d8","name":"J\u00falio C\u00e9sar Lenhard","image":{"@type":"ImageObject","inLanguage":"pt-BR","@id":"https:\/\/secure.gravatar.com\/avatar\/5fc145ba28daff4b7a20678a28e78dc0d1082681a40346a925de39665b5d8cd6?s=96&d=mm&r=g","url":"https:\/\/secure.gravatar.com\/avatar\/5fc145ba28daff4b7a20678a28e78dc0d1082681a40346a925de39665b5d8cd6?s=96&d=mm&r=g","contentUrl":"https:\/\/secure.gravatar.com\/avatar\/5fc145ba28daff4b7a20678a28e78dc0d1082681a40346a925de39665b5d8cd6?s=96&d=mm&r=g","caption":"J\u00falio C\u00e9sar Lenhard"},"url":"https:\/\/folhapopular.info\/index.php\/author\/julio_lenhardhotmail-com\/"}]}},"jetpack_featured_media_url":"https:\/\/folhapopular.info\/wp-content\/uploads\/2023\/04\/WhatsApp-Image-2023-04-12-at-21.35.48.jpeg","jetpack_sharing_enabled":true,"amp_enabled":true,"_links":{"self":[{"href":"https:\/\/folhapopular.info\/index.php\/wp-json\/wp\/v2\/posts\/125741","targetHints":{"allow":["GET"]}}],"collection":[{"href":"https:\/\/folhapopular.info\/index.php\/wp-json\/wp\/v2\/posts"}],"about":[{"href":"https:\/\/folhapopular.info\/index.php\/wp-json\/wp\/v2\/types\/post"}],"author":[{"embeddable":true,"href":"https:\/\/folhapopular.info\/index.php\/wp-json\/wp\/v2\/users\/646"}],"replies":[{"embeddable":true,"href":"https:\/\/folhapopular.info\/index.php\/wp-json\/wp\/v2\/comments?post=125741"}],"version-history":[{"count":0,"href":"https:\/\/folhapopular.info\/index.php\/wp-json\/wp\/v2\/posts\/125741\/revisions"}],"wp:featuredmedia":[{"embeddable":true,"href":"https:\/\/folhapopular.info\/index.php\/wp-json\/wp\/v2\/media\/125742"}],"wp:attachment":[{"href":"https:\/\/folhapopular.info\/index.php\/wp-json\/wp\/v2\/media?parent=125741"}],"wp:term":[{"taxonomy":"category","embeddable":true,"href":"https:\/\/folhapopular.info\/index.php\/wp-json\/wp\/v2\/categories?post=125741"},{"taxonomy":"post_tag","embeddable":true,"href":"https:\/\/folhapopular.info\/index.php\/wp-json\/wp\/v2\/tags?post=125741"}],"curies":[{"name":"wp","href":"https:\/\/api.w.org\/{rel}","templated":true}]}}