{"id":125844,"date":"2023-04-15T08:25:00","date_gmt":"2023-04-15T11:25:00","guid":{"rendered":"https:\/\/folhapopular.info\/?p=125844"},"modified":"2023-04-15T08:38:25","modified_gmt":"2023-04-15T11:38:25","slug":"economista-chefe-do-sicredi-aborda-perspectivas-e-cenarios-para-a-economia","status":"publish","type":"post","link":"https:\/\/folhapopular.info\/index.php\/2023\/04\/15\/economista-chefe-do-sicredi-aborda-perspectivas-e-cenarios-para-a-economia\/","title":{"rendered":"Economista-chefe do Sicredi aborda perspectivas e cen\u00e1rios para a economia"},"content":{"rendered":"\n<p>A C\u00e2mara de Com\u00e9rcio, Ind\u00fastria, Servi\u00e7os e Agroneg\u00f3cio (Cacis) de Estrela realizou nesta sexta-feira (14\/4) a segunda reuni\u00e3o-almo\u00e7o do ano, com o convidado Andr\u00e9 Nunes de Nunes, economista-chefe do Sicredi. O evento foi alusivo \u00e0 campanha do Dia Nacional do Associativismo, comemorado no dia 30 de abril.<\/p>\n\n\n\n<p>O palestrante abordou o tema \u201cCen\u00e1rios econ\u00f4micos e perspectivas para a economia\u201d, apresentando as proje\u00e7\u00f5es para os principais indicadores da economia internacional e brasileira.<\/p>\n\n\n\n<p>Nunes observou que a infla\u00e7\u00e3o permanece elevada nas economias avan\u00e7adas, como nos Estados Unidos. \u201cUm mercado de trabalho forte sugere que a atividade deve precisar desacelerar para a infla\u00e7\u00e3o arrefecer. J\u00e1 na zona do euro a infla\u00e7\u00e3o cai lentamente, puxada por pre\u00e7os de energia. Enquanto isso, o n\u00facleo acelera, apesar de j\u00e1 haver sinais de fraqueza na atividade\u201d, pontuou.<\/p>\n\n\n\n<p>Nesta linha, colocou que a taxa de juros nos Estados Unidos pode atingir o maior patamar em 16 anos. \u201cAtualmente, as previs\u00f5es s\u00e3o de pouso suave da economia americana. Por\u00e9m, a eleva\u00e7\u00e3o da taxa de juros tem sido, historicamente, acompanhada por per\u00edodos de recess\u00e3o. Em geral, as recess\u00f5es come\u00e7am ap\u00f3s v\u00e1rios meses de juros elevados\u201d, ressaltou.<\/p>\n\n\n\n<p>O economista acrescentou que o aumento das taxas de juros j\u00e1 produz efeitos em mercados e empresas mais fr\u00e1geis. Da mesma forma, colocou que o conflito entre a Ucr\u00e2nia e a R\u00fassia sem desfecho \u00e9 uma constante fonte de risco, uma vez que o mesmo est\u00e1 demorando mais que o previsto e tem causado um desgaste das lideran\u00e7as pol\u00edticas da R\u00fassia, Estados Unidos, China e Uni\u00e3o Europeia.<\/p>\n\n\n\n<h2 class=\"wp-block-heading\"><strong>Brasil<\/strong><\/h2>\n\n\n\n<p>Nunes salientou que o cen\u00e1rio externo est\u00e1 mais desfavor\u00e1vel ao Brasil, tendo em vista que os pre\u00e7os de <em>commodities<\/em> est\u00e3o perdendo for\u00e7a, h\u00e1 menor demanda por exporta\u00e7\u00f5es e menor apetite ao risco. O d\u00f3lar est\u00e1 valorizado e o risco \u00e9 de recess\u00e3o. \u201cA boa not\u00edcia \u00e9 que este cen\u00e1rio global ajuda na desinfla\u00e7\u00e3o no Brasil\u201d, afirmou.<\/p>\n\n\n\n<p>Para o economista, essa melhora possibilitou forte queda no desemprego. Contudo, n\u00e3o se espera que esse cen\u00e1rio se mantenha em 2023. \u201cA massa de rendimentos dever\u00e1 crescer mais devagar, o que ter\u00e1 impacto sobre o consumo das fam\u00edlias. Mas mesmo com expectativa de desacelera\u00e7\u00e3o, o mercado de trabalho ainda dever\u00e1 ser um vetor positivo para o crescimento em 2023\u201d, exp\u00f4s.<\/p>\n\n\n\n<p>Neste cen\u00e1rio nacional, o economista observou que o varejo mostra resili\u00eancia, mas deve desacelerar; a queda na produ\u00e7\u00e3o e venda de ve\u00edculos em janeiro e fevereiro; o endividamento das fam\u00edlias, que se mant\u00e9m em patamar elevado; a inadimpl\u00eancia do cr\u00e9dito livre segue em eleva\u00e7\u00e3o e carteira de cr\u00e9dito do Sistema Financeiro Nacional desacelera.<\/p>\n\n\n\n<p>Ele acrescentou que a recupera\u00e7\u00e3o p\u00f3s-pandemia foi intensa. \u201cPara 2023, projetamos desacelera\u00e7\u00e3o devido ao esgotamento do efeito vacina\u00e7\u00e3o, situa\u00e7\u00e3o das fam\u00edlias desfavor\u00e1vel, desacelera\u00e7\u00e3o global e desvaloriza\u00e7\u00e3o de <em>commodities<\/em>, al\u00e9m da taxa Selic ainda muito elevada\u201d, ressaltou.<\/p>\n\n\n\n<p>Nunes ressaltou tamb\u00e9m que o Brasil est\u00e1 entrando em uma fase de desacelera\u00e7\u00e3o c\u00edclica, por conta da necessidade de taxas de juros mais elevadas para controlar a infla\u00e7\u00e3o. \u201cNa compara\u00e7\u00e3o com os demais emergentes, o Brasil est\u00e1 melhor no relativo, por conta da sua crescente oferta de <em>commodities<\/em>, estabilidade geopol\u00edtica e elevada utiliza\u00e7\u00e3o de energia limpa. Existe ainda uma grande incerteza de qual o plano para o crescimento de longo prazo para o Brasil e como o pa\u00eds enfrentar\u00e1 os gargalos que travam a competitividade e produtividade. Esse ser\u00e1 o principal desafio do novo governo\u201d, finalizou.<\/p>\n","protected":false},"excerpt":{"rendered":"<p>A C\u00e2mara de Com\u00e9rcio, Ind\u00fastria, Servi\u00e7os e Agroneg\u00f3cio (Cacis) de Estrela realizou nesta sexta-feira (14\/4) a segunda reuni\u00e3o-almo\u00e7o do ano, com o convidado Andr\u00e9 Nunes de Nunes, economista-chefe do Sicredi. O evento foi alusivo \u00e0 campanha do Dia Nacional do Associativismo, comemorado no dia 30 de abril. O palestrante abordou o tema \u201cCen\u00e1rios econ\u00f4micos e [&hellip;]<\/p>\n","protected":false},"author":8,"featured_media":125845,"comment_status":"open","ping_status":"open","sticky":false,"template":"","format":"standard","meta":{"pmpro_default_level":"","_jetpack_memberships_contains_paid_content":false,"footnotes":""},"categories":[2,10991],"tags":[944,746,11818,45,292],"class_list":{"0":"post-125844","1":"post","2":"type-post","3":"status-publish","4":"format-standard","5":"has-post-thumbnail","7":"category-featured","8":"category-economia","9":"tag-cacis","10":"tag-economia","11":"tag-economista","12":"tag-palestra","13":"tag-sicredi","14":"pmpro-has-access"},"yoast_head":"<!-- This site is optimized with the Yoast SEO plugin v27.5 - https:\/\/yoast.com\/product\/yoast-seo-wordpress\/ -->\n<title>Economista-chefe do Sicredi aborda perspectivas e cen\u00e1rios para a economia - Folha Popular<\/title>\n<meta name=\"robots\" content=\"index, follow, max-snippet:-1, max-image-preview:large, max-video-preview:-1\" \/>\n<link rel=\"canonical\" href=\"https:\/\/folhapopular.info\/index.php\/2023\/04\/15\/economista-chefe-do-sicredi-aborda-perspectivas-e-cenarios-para-a-economia\/\" \/>\n<meta property=\"og:locale\" content=\"pt_BR\" \/>\n<meta property=\"og:type\" content=\"article\" \/>\n<meta property=\"og:title\" content=\"Economista-chefe do Sicredi aborda perspectivas e cen\u00e1rios para a economia - Folha Popular\" \/>\n<meta property=\"og:description\" content=\"A C\u00e2mara de Com\u00e9rcio, Ind\u00fastria, Servi\u00e7os e Agroneg\u00f3cio (Cacis) de Estrela realizou nesta sexta-feira (14\/4) a segunda reuni\u00e3o-almo\u00e7o do ano, com o convidado Andr\u00e9 Nunes de Nunes, economista-chefe do Sicredi. O evento foi alusivo \u00e0 campanha do Dia Nacional do Associativismo, comemorado no dia 30 de abril. O palestrante abordou o tema \u201cCen\u00e1rios econ\u00f4micos e [&hellip;]\" \/>\n<meta property=\"og:url\" content=\"https:\/\/folhapopular.info\/index.php\/2023\/04\/15\/economista-chefe-do-sicredi-aborda-perspectivas-e-cenarios-para-a-economia\/\" \/>\n<meta property=\"og:site_name\" content=\"Folha Popular\" \/>\n<meta property=\"article:published_time\" content=\"2023-04-15T11:25:00+00:00\" \/>\n<meta property=\"article:modified_time\" content=\"2023-04-15T11:38:25+00:00\" \/>\n<meta property=\"og:image\" content=\"http:\/\/folhapopular.info\/wp-content\/uploads\/2023\/04\/2023_04_14_ESTRELA_RA-Cacis_Edson-Luis-Schaeffer-scaled-e1681557132145.jpg\" \/>\n\t<meta property=\"og:image:width\" content=\"1200\" \/>\n\t<meta property=\"og:image:height\" content=\"697\" \/>\n\t<meta property=\"og:image:type\" content=\"image\/jpeg\" \/>\n<meta name=\"author\" content=\"Reda\u00e7\u00e3o Folha Popular\" \/>\n<meta name=\"twitter:card\" content=\"summary_large_image\" \/>\n<meta name=\"twitter:label1\" content=\"Escrito por\" \/>\n\t<meta name=\"twitter:data1\" content=\"Reda\u00e7\u00e3o Folha Popular\" \/>\n\t<meta name=\"twitter:label2\" content=\"Est. tempo de leitura\" \/>\n\t<meta name=\"twitter:data2\" content=\"4 minutos\" \/>\n<script type=\"application\/ld+json\" class=\"yoast-schema-graph\">{\"@context\":\"https:\\\/\\\/schema.org\",\"@graph\":[{\"@type\":\"Article\",\"@id\":\"https:\\\/\\\/folhapopular.info\\\/index.php\\\/2023\\\/04\\\/15\\\/economista-chefe-do-sicredi-aborda-perspectivas-e-cenarios-para-a-economia\\\/#article\",\"isPartOf\":{\"@id\":\"https:\\\/\\\/folhapopular.info\\\/index.php\\\/2023\\\/04\\\/15\\\/economista-chefe-do-sicredi-aborda-perspectivas-e-cenarios-para-a-economia\\\/\"},\"author\":{\"name\":\"Reda\u00e7\u00e3o Folha Popular\",\"@id\":\"https:\\\/\\\/folhapopular.info\\\/#\\\/schema\\\/person\\\/2814e8a0df7643585a9ca38bc6eb9d4b\"},\"headline\":\"Economista-chefe do Sicredi aborda perspectivas e cen\u00e1rios para a economia\",\"datePublished\":\"2023-04-15T11:25:00+00:00\",\"dateModified\":\"2023-04-15T11:38:25+00:00\",\"mainEntityOfPage\":{\"@id\":\"https:\\\/\\\/folhapopular.info\\\/index.php\\\/2023\\\/04\\\/15\\\/economista-chefe-do-sicredi-aborda-perspectivas-e-cenarios-para-a-economia\\\/\"},\"wordCount\":633,\"commentCount\":0,\"image\":{\"@id\":\"https:\\\/\\\/folhapopular.info\\\/index.php\\\/2023\\\/04\\\/15\\\/economista-chefe-do-sicredi-aborda-perspectivas-e-cenarios-para-a-economia\\\/#primaryimage\"},\"thumbnailUrl\":\"https:\\\/\\\/folhapopular.info\\\/wp-content\\\/uploads\\\/2023\\\/04\\\/2023_04_14_ESTRELA_RA-Cacis_Edson-Luis-Schaeffer-scaled-e1681557132145.jpg\",\"keywords\":[\"CACIS\",\"Economia\",\"Economista\",\"palestra\",\"Sicredi\"],\"articleSection\":[\"Destaques\",\"Economia\"],\"inLanguage\":\"pt-BR\",\"potentialAction\":[{\"@type\":\"CommentAction\",\"name\":\"Comment\",\"target\":[\"https:\\\/\\\/folhapopular.info\\\/index.php\\\/2023\\\/04\\\/15\\\/economista-chefe-do-sicredi-aborda-perspectivas-e-cenarios-para-a-economia\\\/#respond\"]}]},{\"@type\":\"WebPage\",\"@id\":\"https:\\\/\\\/folhapopular.info\\\/index.php\\\/2023\\\/04\\\/15\\\/economista-chefe-do-sicredi-aborda-perspectivas-e-cenarios-para-a-economia\\\/\",\"url\":\"https:\\\/\\\/folhapopular.info\\\/index.php\\\/2023\\\/04\\\/15\\\/economista-chefe-do-sicredi-aborda-perspectivas-e-cenarios-para-a-economia\\\/\",\"name\":\"Economista-chefe do Sicredi aborda perspectivas e cen\u00e1rios para a economia - Folha Popular\",\"isPartOf\":{\"@id\":\"https:\\\/\\\/folhapopular.info\\\/#website\"},\"primaryImageOfPage\":{\"@id\":\"https:\\\/\\\/folhapopular.info\\\/index.php\\\/2023\\\/04\\\/15\\\/economista-chefe-do-sicredi-aborda-perspectivas-e-cenarios-para-a-economia\\\/#primaryimage\"},\"image\":{\"@id\":\"https:\\\/\\\/folhapopular.info\\\/index.php\\\/2023\\\/04\\\/15\\\/economista-chefe-do-sicredi-aborda-perspectivas-e-cenarios-para-a-economia\\\/#primaryimage\"},\"thumbnailUrl\":\"https:\\\/\\\/folhapopular.info\\\/wp-content\\\/uploads\\\/2023\\\/04\\\/2023_04_14_ESTRELA_RA-Cacis_Edson-Luis-Schaeffer-scaled-e1681557132145.jpg\",\"datePublished\":\"2023-04-15T11:25:00+00:00\",\"dateModified\":\"2023-04-15T11:38:25+00:00\",\"author\":{\"@id\":\"https:\\\/\\\/folhapopular.info\\\/#\\\/schema\\\/person\\\/2814e8a0df7643585a9ca38bc6eb9d4b\"},\"breadcrumb\":{\"@id\":\"https:\\\/\\\/folhapopular.info\\\/index.php\\\/2023\\\/04\\\/15\\\/economista-chefe-do-sicredi-aborda-perspectivas-e-cenarios-para-a-economia\\\/#breadcrumb\"},\"inLanguage\":\"pt-BR\",\"potentialAction\":[{\"@type\":\"ReadAction\",\"target\":[\"https:\\\/\\\/folhapopular.info\\\/index.php\\\/2023\\\/04\\\/15\\\/economista-chefe-do-sicredi-aborda-perspectivas-e-cenarios-para-a-economia\\\/\"]}]},{\"@type\":\"ImageObject\",\"inLanguage\":\"pt-BR\",\"@id\":\"https:\\\/\\\/folhapopular.info\\\/index.php\\\/2023\\\/04\\\/15\\\/economista-chefe-do-sicredi-aborda-perspectivas-e-cenarios-para-a-economia\\\/#primaryimage\",\"url\":\"https:\\\/\\\/folhapopular.info\\\/wp-content\\\/uploads\\\/2023\\\/04\\\/2023_04_14_ESTRELA_RA-Cacis_Edson-Luis-Schaeffer-scaled-e1681557132145.jpg\",\"contentUrl\":\"https:\\\/\\\/folhapopular.info\\\/wp-content\\\/uploads\\\/2023\\\/04\\\/2023_04_14_ESTRELA_RA-Cacis_Edson-Luis-Schaeffer-scaled-e1681557132145.jpg\",\"width\":1200,\"height\":697,\"caption\":\"Para Andr\u00e9 Nunes, a condu\u00e7\u00e3o da pol\u00edtica fiscal e as futuras indica\u00e7\u00f5es para o Banco Central s\u00e3o fontes de incerteza para o mercado \\\/ Cr\u00e9dito: Edson Lu\u00eds Schaeffer \\\/ Divulga\u00e7\u00e3o\"},{\"@type\":\"BreadcrumbList\",\"@id\":\"https:\\\/\\\/folhapopular.info\\\/index.php\\\/2023\\\/04\\\/15\\\/economista-chefe-do-sicredi-aborda-perspectivas-e-cenarios-para-a-economia\\\/#breadcrumb\",\"itemListElement\":[{\"@type\":\"ListItem\",\"position\":1,\"name\":\"In\u00edcio\",\"item\":\"https:\\\/\\\/folhapopular.info\\\/\"},{\"@type\":\"ListItem\",\"position\":2,\"name\":\"Economista-chefe do Sicredi aborda perspectivas e cen\u00e1rios para a economia\"}]},{\"@type\":\"WebSite\",\"@id\":\"https:\\\/\\\/folhapopular.info\\\/#website\",\"url\":\"https:\\\/\\\/folhapopular.info\\\/\",\"name\":\"Folha Popular\",\"description\":\"Onde voc\u00ea tem vez e voz\",\"potentialAction\":[{\"@type\":\"SearchAction\",\"target\":{\"@type\":\"EntryPoint\",\"urlTemplate\":\"https:\\\/\\\/folhapopular.info\\\/?s={search_term_string}\"},\"query-input\":{\"@type\":\"PropertyValueSpecification\",\"valueRequired\":true,\"valueName\":\"search_term_string\"}}],\"inLanguage\":\"pt-BR\"},{\"@type\":\"Person\",\"@id\":\"https:\\\/\\\/folhapopular.info\\\/#\\\/schema\\\/person\\\/2814e8a0df7643585a9ca38bc6eb9d4b\",\"name\":\"Reda\u00e7\u00e3o Folha Popular\",\"image\":{\"@type\":\"ImageObject\",\"inLanguage\":\"pt-BR\",\"@id\":\"https:\\\/\\\/folhapopular.info\\\/wp-content\\\/uploads\\\/2026\\\/04\\\/Folha-1.webp\",\"url\":\"https:\\\/\\\/folhapopular.info\\\/wp-content\\\/uploads\\\/2026\\\/04\\\/Folha-1.webp\",\"contentUrl\":\"https:\\\/\\\/folhapopular.info\\\/wp-content\\\/uploads\\\/2026\\\/04\\\/Folha-1.webp\",\"caption\":\"Reda\u00e7\u00e3o Folha Popular\"},\"url\":\"https:\\\/\\\/folhapopular.info\\\/index.php\\\/author\\\/redacao\\\/\"}]}<\/script>\n<!-- \/ Yoast SEO plugin. -->","yoast_head_json":{"title":"Economista-chefe do Sicredi aborda perspectivas e cen\u00e1rios para a economia - Folha Popular","robots":{"index":"index","follow":"follow","max-snippet":"max-snippet:-1","max-image-preview":"max-image-preview:large","max-video-preview":"max-video-preview:-1"},"canonical":"https:\/\/folhapopular.info\/index.php\/2023\/04\/15\/economista-chefe-do-sicredi-aborda-perspectivas-e-cenarios-para-a-economia\/","og_locale":"pt_BR","og_type":"article","og_title":"Economista-chefe do Sicredi aborda perspectivas e cen\u00e1rios para a economia - Folha Popular","og_description":"A C\u00e2mara de Com\u00e9rcio, Ind\u00fastria, Servi\u00e7os e Agroneg\u00f3cio (Cacis) de Estrela realizou nesta sexta-feira (14\/4) a segunda reuni\u00e3o-almo\u00e7o do ano, com o convidado Andr\u00e9 Nunes de Nunes, economista-chefe do Sicredi. O evento foi alusivo \u00e0 campanha do Dia Nacional do Associativismo, comemorado no dia 30 de abril. O palestrante abordou o tema \u201cCen\u00e1rios econ\u00f4micos e [&hellip;]","og_url":"https:\/\/folhapopular.info\/index.php\/2023\/04\/15\/economista-chefe-do-sicredi-aborda-perspectivas-e-cenarios-para-a-economia\/","og_site_name":"Folha Popular","article_published_time":"2023-04-15T11:25:00+00:00","article_modified_time":"2023-04-15T11:38:25+00:00","og_image":[{"width":1200,"height":697,"url":"http:\/\/folhapopular.info\/wp-content\/uploads\/2023\/04\/2023_04_14_ESTRELA_RA-Cacis_Edson-Luis-Schaeffer-scaled-e1681557132145.jpg","type":"image\/jpeg"}],"author":"Reda\u00e7\u00e3o Folha Popular","twitter_card":"summary_large_image","twitter_misc":{"Escrito por":"Reda\u00e7\u00e3o Folha Popular","Est. tempo de leitura":"4 minutos"},"schema":{"@context":"https:\/\/schema.org","@graph":[{"@type":"Article","@id":"https:\/\/folhapopular.info\/index.php\/2023\/04\/15\/economista-chefe-do-sicredi-aborda-perspectivas-e-cenarios-para-a-economia\/#article","isPartOf":{"@id":"https:\/\/folhapopular.info\/index.php\/2023\/04\/15\/economista-chefe-do-sicredi-aborda-perspectivas-e-cenarios-para-a-economia\/"},"author":{"name":"Reda\u00e7\u00e3o Folha Popular","@id":"https:\/\/folhapopular.info\/#\/schema\/person\/2814e8a0df7643585a9ca38bc6eb9d4b"},"headline":"Economista-chefe do Sicredi aborda perspectivas e cen\u00e1rios para a economia","datePublished":"2023-04-15T11:25:00+00:00","dateModified":"2023-04-15T11:38:25+00:00","mainEntityOfPage":{"@id":"https:\/\/folhapopular.info\/index.php\/2023\/04\/15\/economista-chefe-do-sicredi-aborda-perspectivas-e-cenarios-para-a-economia\/"},"wordCount":633,"commentCount":0,"image":{"@id":"https:\/\/folhapopular.info\/index.php\/2023\/04\/15\/economista-chefe-do-sicredi-aborda-perspectivas-e-cenarios-para-a-economia\/#primaryimage"},"thumbnailUrl":"https:\/\/folhapopular.info\/wp-content\/uploads\/2023\/04\/2023_04_14_ESTRELA_RA-Cacis_Edson-Luis-Schaeffer-scaled-e1681557132145.jpg","keywords":["CACIS","Economia","Economista","palestra","Sicredi"],"articleSection":["Destaques","Economia"],"inLanguage":"pt-BR","potentialAction":[{"@type":"CommentAction","name":"Comment","target":["https:\/\/folhapopular.info\/index.php\/2023\/04\/15\/economista-chefe-do-sicredi-aborda-perspectivas-e-cenarios-para-a-economia\/#respond"]}]},{"@type":"WebPage","@id":"https:\/\/folhapopular.info\/index.php\/2023\/04\/15\/economista-chefe-do-sicredi-aborda-perspectivas-e-cenarios-para-a-economia\/","url":"https:\/\/folhapopular.info\/index.php\/2023\/04\/15\/economista-chefe-do-sicredi-aborda-perspectivas-e-cenarios-para-a-economia\/","name":"Economista-chefe do Sicredi aborda perspectivas e cen\u00e1rios para a economia - Folha Popular","isPartOf":{"@id":"https:\/\/folhapopular.info\/#website"},"primaryImageOfPage":{"@id":"https:\/\/folhapopular.info\/index.php\/2023\/04\/15\/economista-chefe-do-sicredi-aborda-perspectivas-e-cenarios-para-a-economia\/#primaryimage"},"image":{"@id":"https:\/\/folhapopular.info\/index.php\/2023\/04\/15\/economista-chefe-do-sicredi-aborda-perspectivas-e-cenarios-para-a-economia\/#primaryimage"},"thumbnailUrl":"https:\/\/folhapopular.info\/wp-content\/uploads\/2023\/04\/2023_04_14_ESTRELA_RA-Cacis_Edson-Luis-Schaeffer-scaled-e1681557132145.jpg","datePublished":"2023-04-15T11:25:00+00:00","dateModified":"2023-04-15T11:38:25+00:00","author":{"@id":"https:\/\/folhapopular.info\/#\/schema\/person\/2814e8a0df7643585a9ca38bc6eb9d4b"},"breadcrumb":{"@id":"https:\/\/folhapopular.info\/index.php\/2023\/04\/15\/economista-chefe-do-sicredi-aborda-perspectivas-e-cenarios-para-a-economia\/#breadcrumb"},"inLanguage":"pt-BR","potentialAction":[{"@type":"ReadAction","target":["https:\/\/folhapopular.info\/index.php\/2023\/04\/15\/economista-chefe-do-sicredi-aborda-perspectivas-e-cenarios-para-a-economia\/"]}]},{"@type":"ImageObject","inLanguage":"pt-BR","@id":"https:\/\/folhapopular.info\/index.php\/2023\/04\/15\/economista-chefe-do-sicredi-aborda-perspectivas-e-cenarios-para-a-economia\/#primaryimage","url":"https:\/\/folhapopular.info\/wp-content\/uploads\/2023\/04\/2023_04_14_ESTRELA_RA-Cacis_Edson-Luis-Schaeffer-scaled-e1681557132145.jpg","contentUrl":"https:\/\/folhapopular.info\/wp-content\/uploads\/2023\/04\/2023_04_14_ESTRELA_RA-Cacis_Edson-Luis-Schaeffer-scaled-e1681557132145.jpg","width":1200,"height":697,"caption":"Para Andr\u00e9 Nunes, a condu\u00e7\u00e3o da pol\u00edtica fiscal e as futuras indica\u00e7\u00f5es para o Banco Central s\u00e3o fontes de incerteza para o mercado \/ Cr\u00e9dito: Edson Lu\u00eds Schaeffer \/ Divulga\u00e7\u00e3o"},{"@type":"BreadcrumbList","@id":"https:\/\/folhapopular.info\/index.php\/2023\/04\/15\/economista-chefe-do-sicredi-aborda-perspectivas-e-cenarios-para-a-economia\/#breadcrumb","itemListElement":[{"@type":"ListItem","position":1,"name":"In\u00edcio","item":"https:\/\/folhapopular.info\/"},{"@type":"ListItem","position":2,"name":"Economista-chefe do Sicredi aborda perspectivas e cen\u00e1rios para a economia"}]},{"@type":"WebSite","@id":"https:\/\/folhapopular.info\/#website","url":"https:\/\/folhapopular.info\/","name":"Folha Popular","description":"Onde voc\u00ea tem vez e voz","potentialAction":[{"@type":"SearchAction","target":{"@type":"EntryPoint","urlTemplate":"https:\/\/folhapopular.info\/?s={search_term_string}"},"query-input":{"@type":"PropertyValueSpecification","valueRequired":true,"valueName":"search_term_string"}}],"inLanguage":"pt-BR"},{"@type":"Person","@id":"https:\/\/folhapopular.info\/#\/schema\/person\/2814e8a0df7643585a9ca38bc6eb9d4b","name":"Reda\u00e7\u00e3o Folha Popular","image":{"@type":"ImageObject","inLanguage":"pt-BR","@id":"https:\/\/folhapopular.info\/wp-content\/uploads\/2026\/04\/Folha-1.webp","url":"https:\/\/folhapopular.info\/wp-content\/uploads\/2026\/04\/Folha-1.webp","contentUrl":"https:\/\/folhapopular.info\/wp-content\/uploads\/2026\/04\/Folha-1.webp","caption":"Reda\u00e7\u00e3o Folha Popular"},"url":"https:\/\/folhapopular.info\/index.php\/author\/redacao\/"}]}},"jetpack_featured_media_url":"https:\/\/folhapopular.info\/wp-content\/uploads\/2023\/04\/2023_04_14_ESTRELA_RA-Cacis_Edson-Luis-Schaeffer-scaled-e1681557132145.jpg","jetpack_sharing_enabled":true,"amp_enabled":true,"_links":{"self":[{"href":"https:\/\/folhapopular.info\/index.php\/wp-json\/wp\/v2\/posts\/125844","targetHints":{"allow":["GET"]}}],"collection":[{"href":"https:\/\/folhapopular.info\/index.php\/wp-json\/wp\/v2\/posts"}],"about":[{"href":"https:\/\/folhapopular.info\/index.php\/wp-json\/wp\/v2\/types\/post"}],"author":[{"embeddable":true,"href":"https:\/\/folhapopular.info\/index.php\/wp-json\/wp\/v2\/users\/8"}],"replies":[{"embeddable":true,"href":"https:\/\/folhapopular.info\/index.php\/wp-json\/wp\/v2\/comments?post=125844"}],"version-history":[{"count":0,"href":"https:\/\/folhapopular.info\/index.php\/wp-json\/wp\/v2\/posts\/125844\/revisions"}],"wp:featuredmedia":[{"embeddable":true,"href":"https:\/\/folhapopular.info\/index.php\/wp-json\/wp\/v2\/media\/125845"}],"wp:attachment":[{"href":"https:\/\/folhapopular.info\/index.php\/wp-json\/wp\/v2\/media?parent=125844"}],"wp:term":[{"taxonomy":"category","embeddable":true,"href":"https:\/\/folhapopular.info\/index.php\/wp-json\/wp\/v2\/categories?post=125844"},{"taxonomy":"post_tag","embeddable":true,"href":"https:\/\/folhapopular.info\/index.php\/wp-json\/wp\/v2\/tags?post=125844"}],"curies":[{"name":"wp","href":"https:\/\/api.w.org\/{rel}","templated":true}]}}