{"id":125847,"date":"2023-04-15T09:35:00","date_gmt":"2023-04-15T12:35:00","guid":{"rendered":"https:\/\/folhapopular.info\/?p=125847"},"modified":"2023-04-15T08:19:28","modified_gmt":"2023-04-15T11:19:28","slug":"escolas-poder-publico-e-familias-unidos-no-enfrentamento-a-violencia","status":"publish","type":"post","link":"https:\/\/folhapopular.info\/index.php\/2023\/04\/15\/escolas-poder-publico-e-familias-unidos-no-enfrentamento-a-violencia\/","title":{"rendered":"Escolas, poder p\u00fablico e fam\u00edlias unidos no enfrentamento \u00e0 viol\u00eancia"},"content":{"rendered":"\n<p>Di\u00e1logo e envolvimento. Ambas as palavras parecem ser consenso entre a maioria dos profissionais das \u00e1reas de seguran\u00e7a e educa\u00e7\u00e3o diante do amontoado de sentimentos vivido por muitas fam\u00edlias em fun\u00e7\u00e3o das ondas de crimes cometidos com crian\u00e7as e em escolas anunciados recentemente.<\/p>\n\n\n\n<p>Conforme a psic\u00f3loga Erica Franceschini, n\u00e3o \u00e9 poss\u00edvel evitar o medo, uma vez que os crimes ocorridos n\u00e3o foram apenas amea\u00e7as, mas situa\u00e7\u00f5es reais. \u201cA amea\u00e7a \u00e9 um modo de colocar as pessoas de frente com a inseguran\u00e7a, e hoje as escolas est\u00e3o nesse imagin\u00e1rio: estamos ou n\u00e3o seguros nas institui\u00e7\u00f5es de ensino? Pela idade, as crian\u00e7as n\u00e3o sabem como nomear os sentimentos. A ansiedade faz parte da nossa constitui\u00e7\u00e3o emocional, para que possamos nos cuidar, mas se n\u00e3o for externada e ressignificada, podem se intensificar, causando transtornos mentais\u201d, cita.<\/p>\n\n\n\n<p>Segundo ela, um importante papel dos pais e cuidadores \u00e9 conversar com os filhos sobre o que est\u00e3o sentindo. \u201cN\u00e3o preservar a crian\u00e7a ou o jovem sobre o assunto, mas sim colocar a situa\u00e7\u00e3o de forma assertiva e direcionada, considerando a casa um local seguro e protetivo. Aquilo sobre o que n\u00e3o conversamos gera imagin\u00e1rios &#8211; n\u00e3o falar tamb\u00e9m alimenta a amea\u00e7a. \u00c9 importante que os protetores estejam atentos\u201d, explica.<\/p>\n\n\n\n<p>Erica comenta que \u00e9 preciso traduzir para as crian\u00e7as e adolescentes o que est\u00e1 acontecendo, mas tamb\u00e9m colocar o que est\u00e1 sendo feito em resposta e dar espa\u00e7o para que elaborem o que est\u00e3o sentindo. \u201c\u00c9 identificar com eles o quanto essas situa\u00e7\u00f5es podem estar ampliando outros sintomas j\u00e1 enfrentados\u201d.<\/p>\n\n\n\n<p>Erica tamb\u00e9m pontua que uma das formas de reduzir a inquietude quanto ao tema \u00e9 buscar identificar as medidas de seguran\u00e7a que est\u00e3o sendo tomadas nos espa\u00e7os escolares, para que se tenha uma percep\u00e7\u00e3o de seguran\u00e7a mais real, materializada.<\/p>\n\n\n\n<p>A psic\u00f3loga acredita que toda a comunidade precisa atuar. \u201c\u00c9 necess\u00e1rio um preparo coletivo, uma rede de cuidado ampliada para direcionar da melhor forma essas situa\u00e7\u00f5es. \u00c9 importante que as escolas possuam protocolos para casos de amea\u00e7as ou situa\u00e7\u00f5es mais concretas, mas que tamb\u00e9m se transformem em um local onde os alunos saibam que ser\u00e3o acolhidos e poder\u00e3o falar abertamente sobre o que est\u00e1 acontecendo. Que o aluno possa se aliar com professores e colegas numa troca e forma de acolhimento, com espa\u00e7os de fala e de escuta. Assim deve ser tamb\u00e9m em casa e nos meios p\u00fablicos\u201d, enfatiza.<\/p>\n\n\n\n<h2 class=\"wp-block-heading\"><strong>A\u00e7\u00f5es necess\u00e1rias<\/strong><\/h2>\n\n\n\n<p>A assistente social e instrutora de Justi\u00e7a Restaurativa, T\u00e2nia Fr\u00f6hlich Rodrigues, explica que as pessoas t\u00eam se preocupado muito com a seguran\u00e7a f\u00edsica e esquecido da psicol\u00f3gica. \u201cAntigamente, nossos pais n\u00e3o falavam alguns assuntos na roda de chimarr\u00e3o quando as crian\u00e7as estavam junto. Parece que hoje perdemos esse filtro enquanto adultos, e as coisas est\u00e3o muito acess\u00edveis para as crian\u00e7as e jovens nas redes sociais, nos notici\u00e1rios\u201d, situa.<\/p>\n\n\n\n<p>Segundo ela, \u00e9 importante refletir sobre como temos cuidado com a seguran\u00e7a dentro do nosso espa\u00e7o, do nosso lar. \u201cComo estamos abordando essas informa\u00e7\u00f5es com nossos filhos? Em casa, tamb\u00e9m \u00e9 preciso aten\u00e7\u00e3o com o que falamos e como agimos, para n\u00e3o causarmos p\u00e2nico, medos e incertezas. N\u00e3o h\u00e1 como controlar o acontecimento, mas sim o modo como nos posicionamos diante deles\u201d, enfatiza.<\/p>\n\n\n\n<p>T\u00e2nia acredita que n\u00e3o s\u00f3 a comunidade escolar precisa buscar alternativas, mas tamb\u00e9m o Munic\u00edpio. Para ela, apenas a\u00e7\u00f5es em busca de paz n\u00e3o s\u00e3o suficientes. \u201cTemos cada vez mais que promover c\u00edrculos de conversa, onde cada um tenha a liberdade de falar sobre o que lhe incomoda ou aflige. Quando escutamos o outro, passamos a nos identificar com sua fala e ent\u00e3o conseguimos ter empatia\u201d, destaca.<\/p>\n\n\n\n<p>Ela comenta que o di\u00e1logo n\u00e3o acontece da noite para o dia. \u201cSabemos que \u00e9 um trabalho lento, mas precisamos come\u00e7ar. \u00c9 preciso unir for\u00e7as para que as rodas de conversa sejam cada vez mais frequentes e que as pessoas possam ter um espa\u00e7o para solucionar suas quest\u00f5es e evitar conflitos\u201d, finaliza.<\/p>\n","protected":false},"excerpt":{"rendered":"<p>Di\u00e1logo e envolvimento. Ambas as palavras parecem ser consenso entre a maioria dos profissionais das \u00e1reas de seguran\u00e7a e educa\u00e7\u00e3o diante do amontoado de sentimentos vivido por muitas fam\u00edlias em fun\u00e7\u00e3o das ondas de crimes cometidos com crian\u00e7as e em escolas anunciados recentemente. Conforme a psic\u00f3loga Erica Franceschini, n\u00e3o \u00e9 poss\u00edvel evitar o medo, uma [&hellip;]<\/p>\n","protected":false},"author":639,"featured_media":125848,"comment_status":"open","ping_status":"open","sticky":false,"template":"","format":"standard","meta":{"pmpro_default_level":"","_jetpack_memberships_contains_paid_content":false,"footnotes":""},"categories":[2,10988,3],"tags":[5155,135,142,7856,11819,2428],"class_list":{"0":"post-125847","1":"post","2":"type-post","3":"status-publish","4":"format-standard","5":"has-post-thumbnail","7":"category-featured","8":"category-educacao","9":"category-geral","10":"tag-alunos","11":"tag-criancas","12":"tag-escolas","13":"tag-pais-2","14":"tag-poder-publico","15":"tag-violencia","16":"pmpro-has-access"},"yoast_head":"<!-- This site is optimized with the Yoast SEO plugin v27.5 - https:\/\/yoast.com\/product\/yoast-seo-wordpress\/ -->\n<title>Escolas, poder p\u00fablico e fam\u00edlias unidos no enfrentamento \u00e0 viol\u00eancia - Folha Popular<\/title>\n<meta name=\"robots\" content=\"index, follow, max-snippet:-1, max-image-preview:large, max-video-preview:-1\" \/>\n<link rel=\"canonical\" href=\"https:\/\/folhapopular.info\/index.php\/2023\/04\/15\/escolas-poder-publico-e-familias-unidos-no-enfrentamento-a-violencia\/\" \/>\n<meta property=\"og:locale\" content=\"pt_BR\" \/>\n<meta property=\"og:type\" content=\"article\" \/>\n<meta property=\"og:title\" content=\"Escolas, poder p\u00fablico e fam\u00edlias unidos no enfrentamento \u00e0 viol\u00eancia - Folha Popular\" \/>\n<meta property=\"og:description\" content=\"Di\u00e1logo e envolvimento. Ambas as palavras parecem ser consenso entre a maioria dos profissionais das \u00e1reas de seguran\u00e7a e educa\u00e7\u00e3o diante do amontoado de sentimentos vivido por muitas fam\u00edlias em fun\u00e7\u00e3o das ondas de crimes cometidos com crian\u00e7as e em escolas anunciados recentemente. Conforme a psic\u00f3loga Erica Franceschini, n\u00e3o \u00e9 poss\u00edvel evitar o medo, uma [&hellip;]\" \/>\n<meta property=\"og:url\" content=\"https:\/\/folhapopular.info\/index.php\/2023\/04\/15\/escolas-poder-publico-e-familias-unidos-no-enfrentamento-a-violencia\/\" \/>\n<meta property=\"og:site_name\" content=\"Folha Popular\" \/>\n<meta property=\"article:published_time\" content=\"2023-04-15T12:35:00+00:00\" \/>\n<meta property=\"og:image\" content=\"https:\/\/folhapopular.info\/wp-content\/uploads\/2023\/04\/pexels-diva-plavalaguna-6146703-scaled-e1681557420990.jpg\" \/>\n\t<meta property=\"og:image:width\" content=\"1200\" \/>\n\t<meta property=\"og:image:height\" content=\"800\" \/>\n\t<meta property=\"og:image:type\" content=\"image\/jpeg\" \/>\n<meta name=\"author\" content=\"Camille Lenz da Silva\" \/>\n<meta name=\"twitter:card\" content=\"summary_large_image\" \/>\n<meta name=\"twitter:label1\" content=\"Escrito por\" \/>\n\t<meta name=\"twitter:data1\" content=\"Camille Lenz da Silva\" \/>\n\t<meta name=\"twitter:label2\" content=\"Est. tempo de leitura\" \/>\n\t<meta name=\"twitter:data2\" content=\"4 minutos\" \/>\n<script type=\"application\/ld+json\" class=\"yoast-schema-graph\">{\"@context\":\"https:\\\/\\\/schema.org\",\"@graph\":[{\"@type\":\"Article\",\"@id\":\"https:\\\/\\\/folhapopular.info\\\/index.php\\\/2023\\\/04\\\/15\\\/escolas-poder-publico-e-familias-unidos-no-enfrentamento-a-violencia\\\/#article\",\"isPartOf\":{\"@id\":\"https:\\\/\\\/folhapopular.info\\\/index.php\\\/2023\\\/04\\\/15\\\/escolas-poder-publico-e-familias-unidos-no-enfrentamento-a-violencia\\\/\"},\"author\":{\"name\":\"Camille Lenz da Silva\",\"@id\":\"https:\\\/\\\/folhapopular.info\\\/#\\\/schema\\\/person\\\/f0b811f932ef2505faf473ffaef49df5\"},\"headline\":\"Escolas, poder p\u00fablico e fam\u00edlias unidos no enfrentamento \u00e0 viol\u00eancia\",\"datePublished\":\"2023-04-15T12:35:00+00:00\",\"mainEntityOfPage\":{\"@id\":\"https:\\\/\\\/folhapopular.info\\\/index.php\\\/2023\\\/04\\\/15\\\/escolas-poder-publico-e-familias-unidos-no-enfrentamento-a-violencia\\\/\"},\"wordCount\":734,\"commentCount\":0,\"image\":{\"@id\":\"https:\\\/\\\/folhapopular.info\\\/index.php\\\/2023\\\/04\\\/15\\\/escolas-poder-publico-e-familias-unidos-no-enfrentamento-a-violencia\\\/#primaryimage\"},\"thumbnailUrl\":\"https:\\\/\\\/folhapopular.info\\\/wp-content\\\/uploads\\\/2023\\\/04\\\/pexels-diva-plavalaguna-6146703-scaled-e1681557420990.jpg\",\"keywords\":[\"alunos\",\"Crian\u00e7as\",\"Escolas\",\"Pais\",\"Poder p\u00fablico\",\"Viol\u00eancia\"],\"articleSection\":[\"Destaques\",\"Educa\u00e7\u00e3o\",\"Geral\"],\"inLanguage\":\"pt-BR\",\"potentialAction\":[{\"@type\":\"CommentAction\",\"name\":\"Comment\",\"target\":[\"https:\\\/\\\/folhapopular.info\\\/index.php\\\/2023\\\/04\\\/15\\\/escolas-poder-publico-e-familias-unidos-no-enfrentamento-a-violencia\\\/#respond\"]}]},{\"@type\":\"WebPage\",\"@id\":\"https:\\\/\\\/folhapopular.info\\\/index.php\\\/2023\\\/04\\\/15\\\/escolas-poder-publico-e-familias-unidos-no-enfrentamento-a-violencia\\\/\",\"url\":\"https:\\\/\\\/folhapopular.info\\\/index.php\\\/2023\\\/04\\\/15\\\/escolas-poder-publico-e-familias-unidos-no-enfrentamento-a-violencia\\\/\",\"name\":\"Escolas, poder p\u00fablico e fam\u00edlias unidos no enfrentamento \u00e0 viol\u00eancia - Folha Popular\",\"isPartOf\":{\"@id\":\"https:\\\/\\\/folhapopular.info\\\/#website\"},\"primaryImageOfPage\":{\"@id\":\"https:\\\/\\\/folhapopular.info\\\/index.php\\\/2023\\\/04\\\/15\\\/escolas-poder-publico-e-familias-unidos-no-enfrentamento-a-violencia\\\/#primaryimage\"},\"image\":{\"@id\":\"https:\\\/\\\/folhapopular.info\\\/index.php\\\/2023\\\/04\\\/15\\\/escolas-poder-publico-e-familias-unidos-no-enfrentamento-a-violencia\\\/#primaryimage\"},\"thumbnailUrl\":\"https:\\\/\\\/folhapopular.info\\\/wp-content\\\/uploads\\\/2023\\\/04\\\/pexels-diva-plavalaguna-6146703-scaled-e1681557420990.jpg\",\"datePublished\":\"2023-04-15T12:35:00+00:00\",\"author\":{\"@id\":\"https:\\\/\\\/folhapopular.info\\\/#\\\/schema\\\/person\\\/f0b811f932ef2505faf473ffaef49df5\"},\"breadcrumb\":{\"@id\":\"https:\\\/\\\/folhapopular.info\\\/index.php\\\/2023\\\/04\\\/15\\\/escolas-poder-publico-e-familias-unidos-no-enfrentamento-a-violencia\\\/#breadcrumb\"},\"inLanguage\":\"pt-BR\",\"potentialAction\":[{\"@type\":\"ReadAction\",\"target\":[\"https:\\\/\\\/folhapopular.info\\\/index.php\\\/2023\\\/04\\\/15\\\/escolas-poder-publico-e-familias-unidos-no-enfrentamento-a-violencia\\\/\"]}]},{\"@type\":\"ImageObject\",\"inLanguage\":\"pt-BR\",\"@id\":\"https:\\\/\\\/folhapopular.info\\\/index.php\\\/2023\\\/04\\\/15\\\/escolas-poder-publico-e-familias-unidos-no-enfrentamento-a-violencia\\\/#primaryimage\",\"url\":\"https:\\\/\\\/folhapopular.info\\\/wp-content\\\/uploads\\\/2023\\\/04\\\/pexels-diva-plavalaguna-6146703-scaled-e1681557420990.jpg\",\"contentUrl\":\"https:\\\/\\\/folhapopular.info\\\/wp-content\\\/uploads\\\/2023\\\/04\\\/pexels-diva-plavalaguna-6146703-scaled-e1681557420990.jpg\",\"width\":1200,\"height\":800,\"caption\":\"Conforme psic\u00f3loga e assistente social, \u00e9 preciso ter amparo emocional \\\/ Cr\u00e9dito: Pexels\"},{\"@type\":\"BreadcrumbList\",\"@id\":\"https:\\\/\\\/folhapopular.info\\\/index.php\\\/2023\\\/04\\\/15\\\/escolas-poder-publico-e-familias-unidos-no-enfrentamento-a-violencia\\\/#breadcrumb\",\"itemListElement\":[{\"@type\":\"ListItem\",\"position\":1,\"name\":\"In\u00edcio\",\"item\":\"https:\\\/\\\/folhapopular.info\\\/\"},{\"@type\":\"ListItem\",\"position\":2,\"name\":\"Escolas, poder p\u00fablico e fam\u00edlias unidos no enfrentamento \u00e0 viol\u00eancia\"}]},{\"@type\":\"WebSite\",\"@id\":\"https:\\\/\\\/folhapopular.info\\\/#website\",\"url\":\"https:\\\/\\\/folhapopular.info\\\/\",\"name\":\"Folha Popular\",\"description\":\"Onde voc\u00ea tem vez e voz\",\"potentialAction\":[{\"@type\":\"SearchAction\",\"target\":{\"@type\":\"EntryPoint\",\"urlTemplate\":\"https:\\\/\\\/folhapopular.info\\\/?s={search_term_string}\"},\"query-input\":{\"@type\":\"PropertyValueSpecification\",\"valueRequired\":true,\"valueName\":\"search_term_string\"}}],\"inLanguage\":\"pt-BR\"},{\"@type\":\"Person\",\"@id\":\"https:\\\/\\\/folhapopular.info\\\/#\\\/schema\\\/person\\\/f0b811f932ef2505faf473ffaef49df5\",\"name\":\"Camille Lenz da Silva\",\"image\":{\"@type\":\"ImageObject\",\"inLanguage\":\"pt-BR\",\"@id\":\"https:\\\/\\\/secure.gravatar.com\\\/avatar\\\/50be826d73ca259ec0e0a88a407f5de800c576c46cfdc57e50ef28551e216fff?s=96&d=mm&r=g\",\"url\":\"https:\\\/\\\/secure.gravatar.com\\\/avatar\\\/50be826d73ca259ec0e0a88a407f5de800c576c46cfdc57e50ef28551e216fff?s=96&d=mm&r=g\",\"contentUrl\":\"https:\\\/\\\/secure.gravatar.com\\\/avatar\\\/50be826d73ca259ec0e0a88a407f5de800c576c46cfdc57e50ef28551e216fff?s=96&d=mm&r=g\",\"caption\":\"Camille Lenz da Silva\"},\"url\":\"https:\\\/\\\/folhapopular.info\\\/index.php\\\/author\\\/camillelenzgmail-com\\\/\"}]}<\/script>\n<!-- \/ Yoast SEO plugin. -->","yoast_head_json":{"title":"Escolas, poder p\u00fablico e fam\u00edlias unidos no enfrentamento \u00e0 viol\u00eancia - Folha Popular","robots":{"index":"index","follow":"follow","max-snippet":"max-snippet:-1","max-image-preview":"max-image-preview:large","max-video-preview":"max-video-preview:-1"},"canonical":"https:\/\/folhapopular.info\/index.php\/2023\/04\/15\/escolas-poder-publico-e-familias-unidos-no-enfrentamento-a-violencia\/","og_locale":"pt_BR","og_type":"article","og_title":"Escolas, poder p\u00fablico e fam\u00edlias unidos no enfrentamento \u00e0 viol\u00eancia - Folha Popular","og_description":"Di\u00e1logo e envolvimento. Ambas as palavras parecem ser consenso entre a maioria dos profissionais das \u00e1reas de seguran\u00e7a e educa\u00e7\u00e3o diante do amontoado de sentimentos vivido por muitas fam\u00edlias em fun\u00e7\u00e3o das ondas de crimes cometidos com crian\u00e7as e em escolas anunciados recentemente. Conforme a psic\u00f3loga Erica Franceschini, n\u00e3o \u00e9 poss\u00edvel evitar o medo, uma [&hellip;]","og_url":"https:\/\/folhapopular.info\/index.php\/2023\/04\/15\/escolas-poder-publico-e-familias-unidos-no-enfrentamento-a-violencia\/","og_site_name":"Folha Popular","article_published_time":"2023-04-15T12:35:00+00:00","og_image":[{"width":1200,"height":800,"url":"https:\/\/folhapopular.info\/wp-content\/uploads\/2023\/04\/pexels-diva-plavalaguna-6146703-scaled-e1681557420990.jpg","type":"image\/jpeg"}],"author":"Camille Lenz da Silva","twitter_card":"summary_large_image","twitter_misc":{"Escrito por":"Camille Lenz da Silva","Est. tempo de leitura":"4 minutos"},"schema":{"@context":"https:\/\/schema.org","@graph":[{"@type":"Article","@id":"https:\/\/folhapopular.info\/index.php\/2023\/04\/15\/escolas-poder-publico-e-familias-unidos-no-enfrentamento-a-violencia\/#article","isPartOf":{"@id":"https:\/\/folhapopular.info\/index.php\/2023\/04\/15\/escolas-poder-publico-e-familias-unidos-no-enfrentamento-a-violencia\/"},"author":{"name":"Camille Lenz da Silva","@id":"https:\/\/folhapopular.info\/#\/schema\/person\/f0b811f932ef2505faf473ffaef49df5"},"headline":"Escolas, poder p\u00fablico e fam\u00edlias unidos no enfrentamento \u00e0 viol\u00eancia","datePublished":"2023-04-15T12:35:00+00:00","mainEntityOfPage":{"@id":"https:\/\/folhapopular.info\/index.php\/2023\/04\/15\/escolas-poder-publico-e-familias-unidos-no-enfrentamento-a-violencia\/"},"wordCount":734,"commentCount":0,"image":{"@id":"https:\/\/folhapopular.info\/index.php\/2023\/04\/15\/escolas-poder-publico-e-familias-unidos-no-enfrentamento-a-violencia\/#primaryimage"},"thumbnailUrl":"https:\/\/folhapopular.info\/wp-content\/uploads\/2023\/04\/pexels-diva-plavalaguna-6146703-scaled-e1681557420990.jpg","keywords":["alunos","Crian\u00e7as","Escolas","Pais","Poder p\u00fablico","Viol\u00eancia"],"articleSection":["Destaques","Educa\u00e7\u00e3o","Geral"],"inLanguage":"pt-BR","potentialAction":[{"@type":"CommentAction","name":"Comment","target":["https:\/\/folhapopular.info\/index.php\/2023\/04\/15\/escolas-poder-publico-e-familias-unidos-no-enfrentamento-a-violencia\/#respond"]}]},{"@type":"WebPage","@id":"https:\/\/folhapopular.info\/index.php\/2023\/04\/15\/escolas-poder-publico-e-familias-unidos-no-enfrentamento-a-violencia\/","url":"https:\/\/folhapopular.info\/index.php\/2023\/04\/15\/escolas-poder-publico-e-familias-unidos-no-enfrentamento-a-violencia\/","name":"Escolas, poder p\u00fablico e fam\u00edlias unidos no enfrentamento \u00e0 viol\u00eancia - Folha Popular","isPartOf":{"@id":"https:\/\/folhapopular.info\/#website"},"primaryImageOfPage":{"@id":"https:\/\/folhapopular.info\/index.php\/2023\/04\/15\/escolas-poder-publico-e-familias-unidos-no-enfrentamento-a-violencia\/#primaryimage"},"image":{"@id":"https:\/\/folhapopular.info\/index.php\/2023\/04\/15\/escolas-poder-publico-e-familias-unidos-no-enfrentamento-a-violencia\/#primaryimage"},"thumbnailUrl":"https:\/\/folhapopular.info\/wp-content\/uploads\/2023\/04\/pexels-diva-plavalaguna-6146703-scaled-e1681557420990.jpg","datePublished":"2023-04-15T12:35:00+00:00","author":{"@id":"https:\/\/folhapopular.info\/#\/schema\/person\/f0b811f932ef2505faf473ffaef49df5"},"breadcrumb":{"@id":"https:\/\/folhapopular.info\/index.php\/2023\/04\/15\/escolas-poder-publico-e-familias-unidos-no-enfrentamento-a-violencia\/#breadcrumb"},"inLanguage":"pt-BR","potentialAction":[{"@type":"ReadAction","target":["https:\/\/folhapopular.info\/index.php\/2023\/04\/15\/escolas-poder-publico-e-familias-unidos-no-enfrentamento-a-violencia\/"]}]},{"@type":"ImageObject","inLanguage":"pt-BR","@id":"https:\/\/folhapopular.info\/index.php\/2023\/04\/15\/escolas-poder-publico-e-familias-unidos-no-enfrentamento-a-violencia\/#primaryimage","url":"https:\/\/folhapopular.info\/wp-content\/uploads\/2023\/04\/pexels-diva-plavalaguna-6146703-scaled-e1681557420990.jpg","contentUrl":"https:\/\/folhapopular.info\/wp-content\/uploads\/2023\/04\/pexels-diva-plavalaguna-6146703-scaled-e1681557420990.jpg","width":1200,"height":800,"caption":"Conforme psic\u00f3loga e assistente social, \u00e9 preciso ter amparo emocional \/ Cr\u00e9dito: Pexels"},{"@type":"BreadcrumbList","@id":"https:\/\/folhapopular.info\/index.php\/2023\/04\/15\/escolas-poder-publico-e-familias-unidos-no-enfrentamento-a-violencia\/#breadcrumb","itemListElement":[{"@type":"ListItem","position":1,"name":"In\u00edcio","item":"https:\/\/folhapopular.info\/"},{"@type":"ListItem","position":2,"name":"Escolas, poder p\u00fablico e fam\u00edlias unidos no enfrentamento \u00e0 viol\u00eancia"}]},{"@type":"WebSite","@id":"https:\/\/folhapopular.info\/#website","url":"https:\/\/folhapopular.info\/","name":"Folha Popular","description":"Onde voc\u00ea tem vez e voz","potentialAction":[{"@type":"SearchAction","target":{"@type":"EntryPoint","urlTemplate":"https:\/\/folhapopular.info\/?s={search_term_string}"},"query-input":{"@type":"PropertyValueSpecification","valueRequired":true,"valueName":"search_term_string"}}],"inLanguage":"pt-BR"},{"@type":"Person","@id":"https:\/\/folhapopular.info\/#\/schema\/person\/f0b811f932ef2505faf473ffaef49df5","name":"Camille Lenz da Silva","image":{"@type":"ImageObject","inLanguage":"pt-BR","@id":"https:\/\/secure.gravatar.com\/avatar\/50be826d73ca259ec0e0a88a407f5de800c576c46cfdc57e50ef28551e216fff?s=96&d=mm&r=g","url":"https:\/\/secure.gravatar.com\/avatar\/50be826d73ca259ec0e0a88a407f5de800c576c46cfdc57e50ef28551e216fff?s=96&d=mm&r=g","contentUrl":"https:\/\/secure.gravatar.com\/avatar\/50be826d73ca259ec0e0a88a407f5de800c576c46cfdc57e50ef28551e216fff?s=96&d=mm&r=g","caption":"Camille Lenz da Silva"},"url":"https:\/\/folhapopular.info\/index.php\/author\/camillelenzgmail-com\/"}]}},"jetpack_featured_media_url":"https:\/\/folhapopular.info\/wp-content\/uploads\/2023\/04\/pexels-diva-plavalaguna-6146703-scaled-e1681557420990.jpg","jetpack_sharing_enabled":true,"amp_enabled":true,"_links":{"self":[{"href":"https:\/\/folhapopular.info\/index.php\/wp-json\/wp\/v2\/posts\/125847","targetHints":{"allow":["GET"]}}],"collection":[{"href":"https:\/\/folhapopular.info\/index.php\/wp-json\/wp\/v2\/posts"}],"about":[{"href":"https:\/\/folhapopular.info\/index.php\/wp-json\/wp\/v2\/types\/post"}],"author":[{"embeddable":true,"href":"https:\/\/folhapopular.info\/index.php\/wp-json\/wp\/v2\/users\/639"}],"replies":[{"embeddable":true,"href":"https:\/\/folhapopular.info\/index.php\/wp-json\/wp\/v2\/comments?post=125847"}],"version-history":[{"count":0,"href":"https:\/\/folhapopular.info\/index.php\/wp-json\/wp\/v2\/posts\/125847\/revisions"}],"wp:featuredmedia":[{"embeddable":true,"href":"https:\/\/folhapopular.info\/index.php\/wp-json\/wp\/v2\/media\/125848"}],"wp:attachment":[{"href":"https:\/\/folhapopular.info\/index.php\/wp-json\/wp\/v2\/media?parent=125847"}],"wp:term":[{"taxonomy":"category","embeddable":true,"href":"https:\/\/folhapopular.info\/index.php\/wp-json\/wp\/v2\/categories?post=125847"},{"taxonomy":"post_tag","embeddable":true,"href":"https:\/\/folhapopular.info\/index.php\/wp-json\/wp\/v2\/tags?post=125847"}],"curies":[{"name":"wp","href":"https:\/\/api.w.org\/{rel}","templated":true}]}}