{"id":125915,"date":"2023-04-16T15:47:13","date_gmt":"2023-04-16T18:47:13","guid":{"rendered":"https:\/\/folhapopular.info\/?p=125915"},"modified":"2023-04-16T15:47:16","modified_gmt":"2023-04-16T18:47:16","slug":"equipes-diretivas-e-cpms-de-imigrante-decidem-colocar-vigilancia-nas-escolas","status":"publish","type":"post","link":"https:\/\/folhapopular.info\/index.php\/2023\/04\/16\/equipes-diretivas-e-cpms-de-imigrante-decidem-colocar-vigilancia-nas-escolas\/","title":{"rendered":"Equipes diretivas e CPMs de Imigrante decidem colocar vigil\u00e2ncia nas escolas"},"content":{"rendered":"\n<p>A Administra\u00e7\u00e3o Municipal de Imigrante reuniu, nessa sexta-feira (14\/4), equipes diretivas e Conselhos de Pais e Mestres (CPMs) das escolas municipais. O intuito era decidir, de forma \u00e1gil, quais a\u00e7\u00f5es de seguran\u00e7a seriam adotadas nos educand\u00e1rios. <\/p>\n\n\n\n<p>Em decis\u00e3o un\u00e2nime entre os presentes, houve a defini\u00e7\u00e3o de contratar, com urg\u00eancia, vigilantes para atuarem nas seis escolas municipais, mais a escola 25 de Maio, j\u00e1 na ter\u00e7a-feira desta pr\u00f3xima semana (18\/4).<\/p>\n\n\n\n<p>\u201cEssa decis\u00e3o foi tomada de forma imediata, tendo em vista os \u00faltimos acontecimentos em ambiente escolar e o que vem sendo disseminado nas redes sociais. Embora as informa\u00e7\u00f5es veiculadas na internet possam ser apenas \u2018<em>fake news<\/em>\u2019, n\u00e3o podemos ficar inertes frente a essa quest\u00e3o. Por isso estamos tomando essas provid\u00eancias, de forma r\u00e1pida\u201d, declarou o prefeito Germano Stevens.<\/p>\n\n\n\n<p>Ele lembra que a vigil\u00e2ncia ser\u00e1 colocada nas escolas enquanto houver a necessidade, e durante o per\u00edodo em que ser\u00e3o instaladas c\u00e2meras de videomonitoramento nos ambientes escolares do munic\u00edpio. \u201cNossa inten\u00e7\u00e3o \u00e9 dar mais seguran\u00e7a para alunos, professores, pais e familiares\u201d, refor\u00e7a.<\/p>\n\n\n\n<p>\u201cBuscamos esse di\u00e1logo com quem atua diretamente nos educand\u00e1rios. Eles \u00e9 que t\u00eam o conhecimento de causa para nos passarem um parecer preciso da dimens\u00e3o do problema que estamos enfrentando. Por outro lado, somos pais, parentes, familiares de alunos, e temos que agir preventivamente\u201d, afirmou Stevens.<\/p>\n\n\n\n<p>O munic\u00edpio j\u00e1 vem adotando a\u00e7\u00f5es para garantir a seguran\u00e7a nas escolas. Algumas das a\u00e7\u00f5es s\u00e3o a restri\u00e7\u00e3o do acesso, renova\u00e7\u00e3o do cercamento e revis\u00e3o dos espa\u00e7os escolares.<\/p>\n\n\n\n<p>Presentes na reuni\u00e3o estiveram o secret\u00e1rio de Educa\u00e7\u00e3o, Carlos Alexandre Lutterbeck, o sargento da Brigada Militar Valdir Schwarz, o presidente do Consepro, Cleibler Mattuella, o secret\u00e1rio de Administra\u00e7\u00e3o, Planejamento e Finan\u00e7as Edson Heck e o secret\u00e1rio de Agricultura, Meio Ambiente e Desenvolvimento Econ\u00f4mico, Gilnei Dahmer.<\/p>\n","protected":false},"excerpt":{"rendered":"<p>A Administra\u00e7\u00e3o Municipal de Imigrante reuniu, nessa sexta-feira (14\/4), equipes diretivas e Conselhos de Pais e Mestres (CPMs) das escolas municipais. O intuito era decidir, de forma \u00e1gil, quais a\u00e7\u00f5es de seguran\u00e7a seriam adotadas nos educand\u00e1rios. Em decis\u00e3o un\u00e2nime entre os presentes, houve a defini\u00e7\u00e3o de contratar, com urg\u00eancia, vigilantes para atuarem nas seis escolas [&hellip;]<\/p>\n","protected":false},"author":8,"featured_media":125917,"comment_status":"open","ping_status":"open","sticky":false,"template":"","format":"standard","meta":{"pmpro_default_level":"","_jetpack_memberships_contains_paid_content":false,"footnotes":""},"categories":[2,10988,3],"tags":[73,4890,180,11779],"class_list":{"0":"post-125915","1":"post","2":"type-post","3":"status-publish","4":"format-standard","5":"has-post-thumbnail","7":"category-featured","8":"category-educacao","9":"category-geral","10":"tag-educacao","11":"tag-ensino","12":"tag-seguranca","13":"tag-seguranca-escolar","14":"pmpro-has-access"},"yoast_head":"<!-- This site is optimized with the Yoast SEO plugin v27.5 - https:\/\/yoast.com\/product\/yoast-seo-wordpress\/ -->\n<title>Equipes diretivas e CPMs de Imigrante decidem colocar vigil\u00e2ncia nas escolas - Folha Popular<\/title>\n<meta name=\"robots\" content=\"index, follow, max-snippet:-1, max-image-preview:large, max-video-preview:-1\" \/>\n<link rel=\"canonical\" href=\"https:\/\/folhapopular.info\/index.php\/2023\/04\/16\/equipes-diretivas-e-cpms-de-imigrante-decidem-colocar-vigilancia-nas-escolas\/\" \/>\n<meta property=\"og:locale\" content=\"pt_BR\" \/>\n<meta property=\"og:type\" content=\"article\" \/>\n<meta property=\"og:title\" content=\"Equipes diretivas e CPMs de Imigrante decidem colocar vigil\u00e2ncia nas escolas - Folha Popular\" \/>\n<meta property=\"og:description\" content=\"A Administra\u00e7\u00e3o Municipal de Imigrante reuniu, nessa sexta-feira (14\/4), equipes diretivas e Conselhos de Pais e Mestres (CPMs) das escolas municipais. O intuito era decidir, de forma \u00e1gil, quais a\u00e7\u00f5es de seguran\u00e7a seriam adotadas nos educand\u00e1rios. Em decis\u00e3o un\u00e2nime entre os presentes, houve a defini\u00e7\u00e3o de contratar, com urg\u00eancia, vigilantes para atuarem nas seis escolas [&hellip;]\" \/>\n<meta property=\"og:url\" content=\"https:\/\/folhapopular.info\/index.php\/2023\/04\/16\/equipes-diretivas-e-cpms-de-imigrante-decidem-colocar-vigilancia-nas-escolas\/\" \/>\n<meta property=\"og:site_name\" content=\"Folha Popular\" \/>\n<meta property=\"article:published_time\" content=\"2023-04-16T18:47:13+00:00\" \/>\n<meta property=\"article:modified_time\" content=\"2023-04-16T18:47:16+00:00\" \/>\n<meta property=\"og:image\" content=\"http:\/\/folhapopular.info\/wp-content\/uploads\/2023\/04\/DSC_2379-scaled.jpg\" \/>\n\t<meta property=\"og:image:width\" content=\"2560\" \/>\n\t<meta property=\"og:image:height\" content=\"1910\" \/>\n\t<meta property=\"og:image:type\" content=\"image\/jpeg\" \/>\n<meta name=\"author\" content=\"Reda\u00e7\u00e3o Folha Popular\" \/>\n<meta name=\"twitter:card\" content=\"summary_large_image\" \/>\n<meta name=\"twitter:label1\" content=\"Escrito por\" \/>\n\t<meta name=\"twitter:data1\" content=\"Reda\u00e7\u00e3o Folha Popular\" \/>\n\t<meta name=\"twitter:label2\" content=\"Est. tempo de leitura\" \/>\n\t<meta name=\"twitter:data2\" content=\"2 minutos\" \/>\n<script type=\"application\/ld+json\" class=\"yoast-schema-graph\">{\"@context\":\"https:\\\/\\\/schema.org\",\"@graph\":[{\"@type\":\"Article\",\"@id\":\"https:\\\/\\\/folhapopular.info\\\/index.php\\\/2023\\\/04\\\/16\\\/equipes-diretivas-e-cpms-de-imigrante-decidem-colocar-vigilancia-nas-escolas\\\/#article\",\"isPartOf\":{\"@id\":\"https:\\\/\\\/folhapopular.info\\\/index.php\\\/2023\\\/04\\\/16\\\/equipes-diretivas-e-cpms-de-imigrante-decidem-colocar-vigilancia-nas-escolas\\\/\"},\"author\":{\"name\":\"Reda\u00e7\u00e3o Folha Popular\",\"@id\":\"https:\\\/\\\/folhapopular.info\\\/#\\\/schema\\\/person\\\/2814e8a0df7643585a9ca38bc6eb9d4b\"},\"headline\":\"Equipes diretivas e CPMs de Imigrante decidem colocar vigil\u00e2ncia nas escolas\",\"datePublished\":\"2023-04-16T18:47:13+00:00\",\"dateModified\":\"2023-04-16T18:47:16+00:00\",\"mainEntityOfPage\":{\"@id\":\"https:\\\/\\\/folhapopular.info\\\/index.php\\\/2023\\\/04\\\/16\\\/equipes-diretivas-e-cpms-de-imigrante-decidem-colocar-vigilancia-nas-escolas\\\/\"},\"wordCount\":340,\"commentCount\":0,\"image\":{\"@id\":\"https:\\\/\\\/folhapopular.info\\\/index.php\\\/2023\\\/04\\\/16\\\/equipes-diretivas-e-cpms-de-imigrante-decidem-colocar-vigilancia-nas-escolas\\\/#primaryimage\"},\"thumbnailUrl\":\"https:\\\/\\\/folhapopular.info\\\/wp-content\\\/uploads\\\/2023\\\/04\\\/DSC_2379-scaled.jpg\",\"keywords\":[\"Educa\u00e7\u00e3o\",\"Ensino\",\"Seguran\u00e7a\",\"Seguran\u00e7a Escolar\"],\"articleSection\":[\"Destaques\",\"Educa\u00e7\u00e3o\",\"Geral\"],\"inLanguage\":\"pt-BR\",\"potentialAction\":[{\"@type\":\"CommentAction\",\"name\":\"Comment\",\"target\":[\"https:\\\/\\\/folhapopular.info\\\/index.php\\\/2023\\\/04\\\/16\\\/equipes-diretivas-e-cpms-de-imigrante-decidem-colocar-vigilancia-nas-escolas\\\/#respond\"]}]},{\"@type\":\"WebPage\",\"@id\":\"https:\\\/\\\/folhapopular.info\\\/index.php\\\/2023\\\/04\\\/16\\\/equipes-diretivas-e-cpms-de-imigrante-decidem-colocar-vigilancia-nas-escolas\\\/\",\"url\":\"https:\\\/\\\/folhapopular.info\\\/index.php\\\/2023\\\/04\\\/16\\\/equipes-diretivas-e-cpms-de-imigrante-decidem-colocar-vigilancia-nas-escolas\\\/\",\"name\":\"Equipes diretivas e CPMs de Imigrante decidem colocar vigil\u00e2ncia nas escolas - Folha Popular\",\"isPartOf\":{\"@id\":\"https:\\\/\\\/folhapopular.info\\\/#website\"},\"primaryImageOfPage\":{\"@id\":\"https:\\\/\\\/folhapopular.info\\\/index.php\\\/2023\\\/04\\\/16\\\/equipes-diretivas-e-cpms-de-imigrante-decidem-colocar-vigilancia-nas-escolas\\\/#primaryimage\"},\"image\":{\"@id\":\"https:\\\/\\\/folhapopular.info\\\/index.php\\\/2023\\\/04\\\/16\\\/equipes-diretivas-e-cpms-de-imigrante-decidem-colocar-vigilancia-nas-escolas\\\/#primaryimage\"},\"thumbnailUrl\":\"https:\\\/\\\/folhapopular.info\\\/wp-content\\\/uploads\\\/2023\\\/04\\\/DSC_2379-scaled.jpg\",\"datePublished\":\"2023-04-16T18:47:13+00:00\",\"dateModified\":\"2023-04-16T18:47:16+00:00\",\"author\":{\"@id\":\"https:\\\/\\\/folhapopular.info\\\/#\\\/schema\\\/person\\\/2814e8a0df7643585a9ca38bc6eb9d4b\"},\"breadcrumb\":{\"@id\":\"https:\\\/\\\/folhapopular.info\\\/index.php\\\/2023\\\/04\\\/16\\\/equipes-diretivas-e-cpms-de-imigrante-decidem-colocar-vigilancia-nas-escolas\\\/#breadcrumb\"},\"inLanguage\":\"pt-BR\",\"potentialAction\":[{\"@type\":\"ReadAction\",\"target\":[\"https:\\\/\\\/folhapopular.info\\\/index.php\\\/2023\\\/04\\\/16\\\/equipes-diretivas-e-cpms-de-imigrante-decidem-colocar-vigilancia-nas-escolas\\\/\"]}]},{\"@type\":\"ImageObject\",\"inLanguage\":\"pt-BR\",\"@id\":\"https:\\\/\\\/folhapopular.info\\\/index.php\\\/2023\\\/04\\\/16\\\/equipes-diretivas-e-cpms-de-imigrante-decidem-colocar-vigilancia-nas-escolas\\\/#primaryimage\",\"url\":\"https:\\\/\\\/folhapopular.info\\\/wp-content\\\/uploads\\\/2023\\\/04\\\/DSC_2379-scaled.jpg\",\"contentUrl\":\"https:\\\/\\\/folhapopular.info\\\/wp-content\\\/uploads\\\/2023\\\/04\\\/DSC_2379-scaled.jpg\",\"width\":2560,\"height\":1910,\"caption\":\"Cr\u00e9ditos: Carlos Eduardo Schneider \\\/ AI Prefeitura de Imigrante\"},{\"@type\":\"BreadcrumbList\",\"@id\":\"https:\\\/\\\/folhapopular.info\\\/index.php\\\/2023\\\/04\\\/16\\\/equipes-diretivas-e-cpms-de-imigrante-decidem-colocar-vigilancia-nas-escolas\\\/#breadcrumb\",\"itemListElement\":[{\"@type\":\"ListItem\",\"position\":1,\"name\":\"In\u00edcio\",\"item\":\"https:\\\/\\\/folhapopular.info\\\/\"},{\"@type\":\"ListItem\",\"position\":2,\"name\":\"Equipes diretivas e CPMs de Imigrante decidem colocar vigil\u00e2ncia nas escolas\"}]},{\"@type\":\"WebSite\",\"@id\":\"https:\\\/\\\/folhapopular.info\\\/#website\",\"url\":\"https:\\\/\\\/folhapopular.info\\\/\",\"name\":\"Folha Popular\",\"description\":\"Onde voc\u00ea tem vez e voz\",\"potentialAction\":[{\"@type\":\"SearchAction\",\"target\":{\"@type\":\"EntryPoint\",\"urlTemplate\":\"https:\\\/\\\/folhapopular.info\\\/?s={search_term_string}\"},\"query-input\":{\"@type\":\"PropertyValueSpecification\",\"valueRequired\":true,\"valueName\":\"search_term_string\"}}],\"inLanguage\":\"pt-BR\"},{\"@type\":\"Person\",\"@id\":\"https:\\\/\\\/folhapopular.info\\\/#\\\/schema\\\/person\\\/2814e8a0df7643585a9ca38bc6eb9d4b\",\"name\":\"Reda\u00e7\u00e3o Folha Popular\",\"image\":{\"@type\":\"ImageObject\",\"inLanguage\":\"pt-BR\",\"@id\":\"https:\\\/\\\/folhapopular.info\\\/wp-content\\\/uploads\\\/2026\\\/04\\\/Folha-1.webp\",\"url\":\"https:\\\/\\\/folhapopular.info\\\/wp-content\\\/uploads\\\/2026\\\/04\\\/Folha-1.webp\",\"contentUrl\":\"https:\\\/\\\/folhapopular.info\\\/wp-content\\\/uploads\\\/2026\\\/04\\\/Folha-1.webp\",\"caption\":\"Reda\u00e7\u00e3o Folha Popular\"},\"url\":\"https:\\\/\\\/folhapopular.info\\\/index.php\\\/author\\\/redacao\\\/\"}]}<\/script>\n<!-- \/ Yoast SEO plugin. -->","yoast_head_json":{"title":"Equipes diretivas e CPMs de Imigrante decidem colocar vigil\u00e2ncia nas escolas - Folha Popular","robots":{"index":"index","follow":"follow","max-snippet":"max-snippet:-1","max-image-preview":"max-image-preview:large","max-video-preview":"max-video-preview:-1"},"canonical":"https:\/\/folhapopular.info\/index.php\/2023\/04\/16\/equipes-diretivas-e-cpms-de-imigrante-decidem-colocar-vigilancia-nas-escolas\/","og_locale":"pt_BR","og_type":"article","og_title":"Equipes diretivas e CPMs de Imigrante decidem colocar vigil\u00e2ncia nas escolas - Folha Popular","og_description":"A Administra\u00e7\u00e3o Municipal de Imigrante reuniu, nessa sexta-feira (14\/4), equipes diretivas e Conselhos de Pais e Mestres (CPMs) das escolas municipais. O intuito era decidir, de forma \u00e1gil, quais a\u00e7\u00f5es de seguran\u00e7a seriam adotadas nos educand\u00e1rios. Em decis\u00e3o un\u00e2nime entre os presentes, houve a defini\u00e7\u00e3o de contratar, com urg\u00eancia, vigilantes para atuarem nas seis escolas [&hellip;]","og_url":"https:\/\/folhapopular.info\/index.php\/2023\/04\/16\/equipes-diretivas-e-cpms-de-imigrante-decidem-colocar-vigilancia-nas-escolas\/","og_site_name":"Folha Popular","article_published_time":"2023-04-16T18:47:13+00:00","article_modified_time":"2023-04-16T18:47:16+00:00","og_image":[{"width":2560,"height":1910,"url":"http:\/\/folhapopular.info\/wp-content\/uploads\/2023\/04\/DSC_2379-scaled.jpg","type":"image\/jpeg"}],"author":"Reda\u00e7\u00e3o Folha Popular","twitter_card":"summary_large_image","twitter_misc":{"Escrito por":"Reda\u00e7\u00e3o Folha Popular","Est. tempo de leitura":"2 minutos"},"schema":{"@context":"https:\/\/schema.org","@graph":[{"@type":"Article","@id":"https:\/\/folhapopular.info\/index.php\/2023\/04\/16\/equipes-diretivas-e-cpms-de-imigrante-decidem-colocar-vigilancia-nas-escolas\/#article","isPartOf":{"@id":"https:\/\/folhapopular.info\/index.php\/2023\/04\/16\/equipes-diretivas-e-cpms-de-imigrante-decidem-colocar-vigilancia-nas-escolas\/"},"author":{"name":"Reda\u00e7\u00e3o Folha Popular","@id":"https:\/\/folhapopular.info\/#\/schema\/person\/2814e8a0df7643585a9ca38bc6eb9d4b"},"headline":"Equipes diretivas e CPMs de Imigrante decidem colocar vigil\u00e2ncia nas escolas","datePublished":"2023-04-16T18:47:13+00:00","dateModified":"2023-04-16T18:47:16+00:00","mainEntityOfPage":{"@id":"https:\/\/folhapopular.info\/index.php\/2023\/04\/16\/equipes-diretivas-e-cpms-de-imigrante-decidem-colocar-vigilancia-nas-escolas\/"},"wordCount":340,"commentCount":0,"image":{"@id":"https:\/\/folhapopular.info\/index.php\/2023\/04\/16\/equipes-diretivas-e-cpms-de-imigrante-decidem-colocar-vigilancia-nas-escolas\/#primaryimage"},"thumbnailUrl":"https:\/\/folhapopular.info\/wp-content\/uploads\/2023\/04\/DSC_2379-scaled.jpg","keywords":["Educa\u00e7\u00e3o","Ensino","Seguran\u00e7a","Seguran\u00e7a Escolar"],"articleSection":["Destaques","Educa\u00e7\u00e3o","Geral"],"inLanguage":"pt-BR","potentialAction":[{"@type":"CommentAction","name":"Comment","target":["https:\/\/folhapopular.info\/index.php\/2023\/04\/16\/equipes-diretivas-e-cpms-de-imigrante-decidem-colocar-vigilancia-nas-escolas\/#respond"]}]},{"@type":"WebPage","@id":"https:\/\/folhapopular.info\/index.php\/2023\/04\/16\/equipes-diretivas-e-cpms-de-imigrante-decidem-colocar-vigilancia-nas-escolas\/","url":"https:\/\/folhapopular.info\/index.php\/2023\/04\/16\/equipes-diretivas-e-cpms-de-imigrante-decidem-colocar-vigilancia-nas-escolas\/","name":"Equipes diretivas e CPMs de Imigrante decidem colocar vigil\u00e2ncia nas escolas - Folha Popular","isPartOf":{"@id":"https:\/\/folhapopular.info\/#website"},"primaryImageOfPage":{"@id":"https:\/\/folhapopular.info\/index.php\/2023\/04\/16\/equipes-diretivas-e-cpms-de-imigrante-decidem-colocar-vigilancia-nas-escolas\/#primaryimage"},"image":{"@id":"https:\/\/folhapopular.info\/index.php\/2023\/04\/16\/equipes-diretivas-e-cpms-de-imigrante-decidem-colocar-vigilancia-nas-escolas\/#primaryimage"},"thumbnailUrl":"https:\/\/folhapopular.info\/wp-content\/uploads\/2023\/04\/DSC_2379-scaled.jpg","datePublished":"2023-04-16T18:47:13+00:00","dateModified":"2023-04-16T18:47:16+00:00","author":{"@id":"https:\/\/folhapopular.info\/#\/schema\/person\/2814e8a0df7643585a9ca38bc6eb9d4b"},"breadcrumb":{"@id":"https:\/\/folhapopular.info\/index.php\/2023\/04\/16\/equipes-diretivas-e-cpms-de-imigrante-decidem-colocar-vigilancia-nas-escolas\/#breadcrumb"},"inLanguage":"pt-BR","potentialAction":[{"@type":"ReadAction","target":["https:\/\/folhapopular.info\/index.php\/2023\/04\/16\/equipes-diretivas-e-cpms-de-imigrante-decidem-colocar-vigilancia-nas-escolas\/"]}]},{"@type":"ImageObject","inLanguage":"pt-BR","@id":"https:\/\/folhapopular.info\/index.php\/2023\/04\/16\/equipes-diretivas-e-cpms-de-imigrante-decidem-colocar-vigilancia-nas-escolas\/#primaryimage","url":"https:\/\/folhapopular.info\/wp-content\/uploads\/2023\/04\/DSC_2379-scaled.jpg","contentUrl":"https:\/\/folhapopular.info\/wp-content\/uploads\/2023\/04\/DSC_2379-scaled.jpg","width":2560,"height":1910,"caption":"Cr\u00e9ditos: Carlos Eduardo Schneider \/ AI Prefeitura de Imigrante"},{"@type":"BreadcrumbList","@id":"https:\/\/folhapopular.info\/index.php\/2023\/04\/16\/equipes-diretivas-e-cpms-de-imigrante-decidem-colocar-vigilancia-nas-escolas\/#breadcrumb","itemListElement":[{"@type":"ListItem","position":1,"name":"In\u00edcio","item":"https:\/\/folhapopular.info\/"},{"@type":"ListItem","position":2,"name":"Equipes diretivas e CPMs de Imigrante decidem colocar vigil\u00e2ncia nas escolas"}]},{"@type":"WebSite","@id":"https:\/\/folhapopular.info\/#website","url":"https:\/\/folhapopular.info\/","name":"Folha Popular","description":"Onde voc\u00ea tem vez e voz","potentialAction":[{"@type":"SearchAction","target":{"@type":"EntryPoint","urlTemplate":"https:\/\/folhapopular.info\/?s={search_term_string}"},"query-input":{"@type":"PropertyValueSpecification","valueRequired":true,"valueName":"search_term_string"}}],"inLanguage":"pt-BR"},{"@type":"Person","@id":"https:\/\/folhapopular.info\/#\/schema\/person\/2814e8a0df7643585a9ca38bc6eb9d4b","name":"Reda\u00e7\u00e3o Folha Popular","image":{"@type":"ImageObject","inLanguage":"pt-BR","@id":"https:\/\/folhapopular.info\/wp-content\/uploads\/2026\/04\/Folha-1.webp","url":"https:\/\/folhapopular.info\/wp-content\/uploads\/2026\/04\/Folha-1.webp","contentUrl":"https:\/\/folhapopular.info\/wp-content\/uploads\/2026\/04\/Folha-1.webp","caption":"Reda\u00e7\u00e3o Folha Popular"},"url":"https:\/\/folhapopular.info\/index.php\/author\/redacao\/"}]}},"jetpack_featured_media_url":"https:\/\/folhapopular.info\/wp-content\/uploads\/2023\/04\/DSC_2379-scaled.jpg","jetpack_sharing_enabled":true,"amp_enabled":true,"_links":{"self":[{"href":"https:\/\/folhapopular.info\/index.php\/wp-json\/wp\/v2\/posts\/125915","targetHints":{"allow":["GET"]}}],"collection":[{"href":"https:\/\/folhapopular.info\/index.php\/wp-json\/wp\/v2\/posts"}],"about":[{"href":"https:\/\/folhapopular.info\/index.php\/wp-json\/wp\/v2\/types\/post"}],"author":[{"embeddable":true,"href":"https:\/\/folhapopular.info\/index.php\/wp-json\/wp\/v2\/users\/8"}],"replies":[{"embeddable":true,"href":"https:\/\/folhapopular.info\/index.php\/wp-json\/wp\/v2\/comments?post=125915"}],"version-history":[{"count":0,"href":"https:\/\/folhapopular.info\/index.php\/wp-json\/wp\/v2\/posts\/125915\/revisions"}],"wp:featuredmedia":[{"embeddable":true,"href":"https:\/\/folhapopular.info\/index.php\/wp-json\/wp\/v2\/media\/125917"}],"wp:attachment":[{"href":"https:\/\/folhapopular.info\/index.php\/wp-json\/wp\/v2\/media?parent=125915"}],"wp:term":[{"taxonomy":"category","embeddable":true,"href":"https:\/\/folhapopular.info\/index.php\/wp-json\/wp\/v2\/categories?post=125915"},{"taxonomy":"post_tag","embeddable":true,"href":"https:\/\/folhapopular.info\/index.php\/wp-json\/wp\/v2\/tags?post=125915"}],"curies":[{"name":"wp","href":"https:\/\/api.w.org\/{rel}","templated":true}]}}