{"id":125927,"date":"2023-04-16T18:40:00","date_gmt":"2023-04-16T21:40:00","guid":{"rendered":"https:\/\/folhapopular.info\/?p=125927"},"modified":"2023-04-16T16:32:41","modified_gmt":"2023-04-16T19:32:41","slug":"apl-ab-vt-e-sebrae-vtrp-realizam-palestra-sobre-o-futuro-dos-alimentos","status":"publish","type":"post","link":"https:\/\/folhapopular.info\/index.php\/2023\/04\/16\/apl-ab-vt-e-sebrae-vtrp-realizam-palestra-sobre-o-futuro-dos-alimentos\/","title":{"rendered":"APL AB VT e Sebrae VTRP realizam palestra sobre o futuro dos alimentos"},"content":{"rendered":"\n<p>O Arranjo Produtivo Local Alimentos e Bebidas do Vale do Taquari (APL AB VT), em parceria com o Sebrae Vales do Taquari e Rio Pardo (VTRP) realiza, no dia 24 de abril, palestra sobre \u201cO Futuro dos Alimentos\u201d.<\/p>\n\n\n\n<p>O encontro tem como objetivo apresentar as caracter\u00edsticas do \u201cVale dos Alimentos\u201d e conferir as principais tend\u00eancias, informa\u00e7\u00f5es e direcionamentos para o setor de Alimentos e Bebidas da regi\u00e3o do Vale do Taquari.<\/p>\n\n\n\n<p>A programa\u00e7\u00e3o iniciar\u00e1 com a apresenta\u00e7\u00e3o da pesquisa sobre os motivos que levam regi\u00e3o a ser conhecida como \u201cVale dos alimentos\u201d, realizada por Jankel Dal\u2019Ostro. Na sequ\u00eancia, ser\u00e1 divulgado o <em>foresight<\/em> de alimentos e bebidas do Vale do Taquari, um estudo realizado pelo consultor Em\u00edlio Beltrami. J\u00e1 o encerramento da tarde fica a cargo do especialista de A&amp;B do Sebrae RS, Roger Klafke, que trar\u00e1 as principais tend\u00eancias, informa\u00e7\u00f5es e oportunidades para o setor.<\/p>\n\n\n\n<p>O evento \u00e9 gratuito e ocorrer\u00e1 das 14h \u00e0s 17h no audit\u00f3rio do Sesc Lajeado. As inscri\u00e7\u00f5es s\u00e3o limitadas e podem ser feitas atrav\u00e9s do telefone\/WhatsApp \u00a0(51)\u00a03710-1697.<\/p>\n","protected":false},"excerpt":{"rendered":"<p>O Arranjo Produtivo Local Alimentos e Bebidas do Vale do Taquari (APL AB VT), em parceria com o Sebrae Vales do Taquari e Rio Pardo (VTRP) realiza, no dia 24 de abril, palestra sobre \u201cO Futuro dos Alimentos\u201d. O encontro tem como objetivo apresentar as caracter\u00edsticas do \u201cVale dos Alimentos\u201d e conferir as principais tend\u00eancias, [&hellip;]<\/p>\n","protected":false},"author":8,"featured_media":121306,"comment_status":"open","ping_status":"open","sticky":false,"template":"","format":"standard","meta":{"pmpro_default_level":"","_jetpack_memberships_contains_paid_content":false,"footnotes":""},"categories":[10992,2],"tags":[2988,11834,8904,3123,156,11835],"class_list":{"0":"post-125927","1":"post","2":"type-post","3":"status-publish","4":"format-standard","5":"has-post-thumbnail","7":"category-coopop","8":"category-featured","9":"tag-alimentacao","10":"tag-alimentos-e-bebidas","11":"tag-apl","12":"tag-sebrae","13":"tag-vale-do-taquari","14":"tag-vale-dos-alimentos","15":"pmpro-has-access"},"yoast_head":"<!-- This site is optimized with the Yoast SEO plugin v27.5 - https:\/\/yoast.com\/product\/yoast-seo-wordpress\/ -->\n<title>APL AB VT e Sebrae VTRP realizam palestra sobre o futuro dos alimentos - Folha Popular<\/title>\n<meta name=\"robots\" content=\"index, follow, max-snippet:-1, max-image-preview:large, max-video-preview:-1\" \/>\n<link rel=\"canonical\" href=\"https:\/\/folhapopular.info\/index.php\/2023\/04\/16\/apl-ab-vt-e-sebrae-vtrp-realizam-palestra-sobre-o-futuro-dos-alimentos\/\" \/>\n<meta property=\"og:locale\" content=\"pt_BR\" \/>\n<meta property=\"og:type\" content=\"article\" \/>\n<meta property=\"og:title\" content=\"APL AB VT e Sebrae VTRP realizam palestra sobre o futuro dos alimentos - Folha Popular\" \/>\n<meta property=\"og:description\" content=\"O Arranjo Produtivo Local Alimentos e Bebidas do Vale do Taquari (APL AB VT), em parceria com o Sebrae Vales do Taquari e Rio Pardo (VTRP) realiza, no dia 24 de abril, palestra sobre \u201cO Futuro dos Alimentos\u201d. O encontro tem como objetivo apresentar as caracter\u00edsticas do \u201cVale dos Alimentos\u201d e conferir as principais tend\u00eancias, [&hellip;]\" \/>\n<meta property=\"og:url\" content=\"https:\/\/folhapopular.info\/index.php\/2023\/04\/16\/apl-ab-vt-e-sebrae-vtrp-realizam-palestra-sobre-o-futuro-dos-alimentos\/\" \/>\n<meta property=\"og:site_name\" content=\"Folha Popular\" \/>\n<meta property=\"article:published_time\" content=\"2023-04-16T21:40:00+00:00\" \/>\n<meta property=\"og:image\" content=\"https:\/\/folhapopular.info\/wp-content\/uploads\/2023\/02\/Logo-Apl-Vale-do-Taquari-Curvas-x7-1_page-0001.jpg\" \/>\n\t<meta property=\"og:image:width\" content=\"960\" \/>\n\t<meta property=\"og:image:height\" content=\"540\" \/>\n\t<meta property=\"og:image:type\" content=\"image\/jpeg\" \/>\n<meta name=\"author\" content=\"Reda\u00e7\u00e3o Folha Popular\" \/>\n<meta name=\"twitter:card\" content=\"summary_large_image\" \/>\n<meta name=\"twitter:label1\" content=\"Escrito por\" \/>\n\t<meta name=\"twitter:data1\" content=\"Reda\u00e7\u00e3o Folha Popular\" \/>\n\t<meta name=\"twitter:label2\" content=\"Est. tempo de leitura\" \/>\n\t<meta name=\"twitter:data2\" content=\"1 minuto\" \/>\n<script type=\"application\/ld+json\" class=\"yoast-schema-graph\">{\"@context\":\"https:\\\/\\\/schema.org\",\"@graph\":[{\"@type\":\"Article\",\"@id\":\"https:\\\/\\\/folhapopular.info\\\/index.php\\\/2023\\\/04\\\/16\\\/apl-ab-vt-e-sebrae-vtrp-realizam-palestra-sobre-o-futuro-dos-alimentos\\\/#article\",\"isPartOf\":{\"@id\":\"https:\\\/\\\/folhapopular.info\\\/index.php\\\/2023\\\/04\\\/16\\\/apl-ab-vt-e-sebrae-vtrp-realizam-palestra-sobre-o-futuro-dos-alimentos\\\/\"},\"author\":{\"name\":\"Reda\u00e7\u00e3o Folha Popular\",\"@id\":\"https:\\\/\\\/folhapopular.info\\\/#\\\/schema\\\/person\\\/2814e8a0df7643585a9ca38bc6eb9d4b\"},\"headline\":\"APL AB VT e Sebrae VTRP realizam palestra sobre o futuro dos alimentos\",\"datePublished\":\"2023-04-16T21:40:00+00:00\",\"mainEntityOfPage\":{\"@id\":\"https:\\\/\\\/folhapopular.info\\\/index.php\\\/2023\\\/04\\\/16\\\/apl-ab-vt-e-sebrae-vtrp-realizam-palestra-sobre-o-futuro-dos-alimentos\\\/\"},\"wordCount\":202,\"commentCount\":0,\"image\":{\"@id\":\"https:\\\/\\\/folhapopular.info\\\/index.php\\\/2023\\\/04\\\/16\\\/apl-ab-vt-e-sebrae-vtrp-realizam-palestra-sobre-o-futuro-dos-alimentos\\\/#primaryimage\"},\"thumbnailUrl\":\"https:\\\/\\\/folhapopular.info\\\/wp-content\\\/uploads\\\/2023\\\/02\\\/Logo-Apl-Vale-do-Taquari-Curvas-x7-1_page-0001.jpg\",\"keywords\":[\"Alimenta\u00e7\u00e3o\",\"alimentos e bebidas\",\"APL\",\"Sebrae\",\"Vale do Taquari\",\"vale dos alimentos\"],\"articleSection\":[\"Coopop\",\"Destaques\"],\"inLanguage\":\"pt-BR\",\"potentialAction\":[{\"@type\":\"CommentAction\",\"name\":\"Comment\",\"target\":[\"https:\\\/\\\/folhapopular.info\\\/index.php\\\/2023\\\/04\\\/16\\\/apl-ab-vt-e-sebrae-vtrp-realizam-palestra-sobre-o-futuro-dos-alimentos\\\/#respond\"]}]},{\"@type\":\"WebPage\",\"@id\":\"https:\\\/\\\/folhapopular.info\\\/index.php\\\/2023\\\/04\\\/16\\\/apl-ab-vt-e-sebrae-vtrp-realizam-palestra-sobre-o-futuro-dos-alimentos\\\/\",\"url\":\"https:\\\/\\\/folhapopular.info\\\/index.php\\\/2023\\\/04\\\/16\\\/apl-ab-vt-e-sebrae-vtrp-realizam-palestra-sobre-o-futuro-dos-alimentos\\\/\",\"name\":\"APL AB VT e Sebrae VTRP realizam palestra sobre o futuro dos alimentos - Folha Popular\",\"isPartOf\":{\"@id\":\"https:\\\/\\\/folhapopular.info\\\/#website\"},\"primaryImageOfPage\":{\"@id\":\"https:\\\/\\\/folhapopular.info\\\/index.php\\\/2023\\\/04\\\/16\\\/apl-ab-vt-e-sebrae-vtrp-realizam-palestra-sobre-o-futuro-dos-alimentos\\\/#primaryimage\"},\"image\":{\"@id\":\"https:\\\/\\\/folhapopular.info\\\/index.php\\\/2023\\\/04\\\/16\\\/apl-ab-vt-e-sebrae-vtrp-realizam-palestra-sobre-o-futuro-dos-alimentos\\\/#primaryimage\"},\"thumbnailUrl\":\"https:\\\/\\\/folhapopular.info\\\/wp-content\\\/uploads\\\/2023\\\/02\\\/Logo-Apl-Vale-do-Taquari-Curvas-x7-1_page-0001.jpg\",\"datePublished\":\"2023-04-16T21:40:00+00:00\",\"author\":{\"@id\":\"https:\\\/\\\/folhapopular.info\\\/#\\\/schema\\\/person\\\/2814e8a0df7643585a9ca38bc6eb9d4b\"},\"breadcrumb\":{\"@id\":\"https:\\\/\\\/folhapopular.info\\\/index.php\\\/2023\\\/04\\\/16\\\/apl-ab-vt-e-sebrae-vtrp-realizam-palestra-sobre-o-futuro-dos-alimentos\\\/#breadcrumb\"},\"inLanguage\":\"pt-BR\",\"potentialAction\":[{\"@type\":\"ReadAction\",\"target\":[\"https:\\\/\\\/folhapopular.info\\\/index.php\\\/2023\\\/04\\\/16\\\/apl-ab-vt-e-sebrae-vtrp-realizam-palestra-sobre-o-futuro-dos-alimentos\\\/\"]}]},{\"@type\":\"ImageObject\",\"inLanguage\":\"pt-BR\",\"@id\":\"https:\\\/\\\/folhapopular.info\\\/index.php\\\/2023\\\/04\\\/16\\\/apl-ab-vt-e-sebrae-vtrp-realizam-palestra-sobre-o-futuro-dos-alimentos\\\/#primaryimage\",\"url\":\"https:\\\/\\\/folhapopular.info\\\/wp-content\\\/uploads\\\/2023\\\/02\\\/Logo-Apl-Vale-do-Taquari-Curvas-x7-1_page-0001.jpg\",\"contentUrl\":\"https:\\\/\\\/folhapopular.info\\\/wp-content\\\/uploads\\\/2023\\\/02\\\/Logo-Apl-Vale-do-Taquari-Curvas-x7-1_page-0001.jpg\",\"width\":960,\"height\":540,\"caption\":\"Cr\u00e9ditos: APL AB VT \\\/ divulga\u00e7\u00e3o\"},{\"@type\":\"BreadcrumbList\",\"@id\":\"https:\\\/\\\/folhapopular.info\\\/index.php\\\/2023\\\/04\\\/16\\\/apl-ab-vt-e-sebrae-vtrp-realizam-palestra-sobre-o-futuro-dos-alimentos\\\/#breadcrumb\",\"itemListElement\":[{\"@type\":\"ListItem\",\"position\":1,\"name\":\"In\u00edcio\",\"item\":\"https:\\\/\\\/folhapopular.info\\\/\"},{\"@type\":\"ListItem\",\"position\":2,\"name\":\"APL AB VT e Sebrae VTRP realizam palestra sobre o futuro dos alimentos\"}]},{\"@type\":\"WebSite\",\"@id\":\"https:\\\/\\\/folhapopular.info\\\/#website\",\"url\":\"https:\\\/\\\/folhapopular.info\\\/\",\"name\":\"Folha Popular\",\"description\":\"Onde voc\u00ea tem vez e voz\",\"potentialAction\":[{\"@type\":\"SearchAction\",\"target\":{\"@type\":\"EntryPoint\",\"urlTemplate\":\"https:\\\/\\\/folhapopular.info\\\/?s={search_term_string}\"},\"query-input\":{\"@type\":\"PropertyValueSpecification\",\"valueRequired\":true,\"valueName\":\"search_term_string\"}}],\"inLanguage\":\"pt-BR\"},{\"@type\":\"Person\",\"@id\":\"https:\\\/\\\/folhapopular.info\\\/#\\\/schema\\\/person\\\/2814e8a0df7643585a9ca38bc6eb9d4b\",\"name\":\"Reda\u00e7\u00e3o Folha Popular\",\"image\":{\"@type\":\"ImageObject\",\"inLanguage\":\"pt-BR\",\"@id\":\"https:\\\/\\\/folhapopular.info\\\/wp-content\\\/uploads\\\/2026\\\/04\\\/Folha-1.webp\",\"url\":\"https:\\\/\\\/folhapopular.info\\\/wp-content\\\/uploads\\\/2026\\\/04\\\/Folha-1.webp\",\"contentUrl\":\"https:\\\/\\\/folhapopular.info\\\/wp-content\\\/uploads\\\/2026\\\/04\\\/Folha-1.webp\",\"caption\":\"Reda\u00e7\u00e3o Folha Popular\"},\"url\":\"https:\\\/\\\/folhapopular.info\\\/index.php\\\/author\\\/redacao\\\/\"}]}<\/script>\n<!-- \/ Yoast SEO plugin. -->","yoast_head_json":{"title":"APL AB VT e Sebrae VTRP realizam palestra sobre o futuro dos alimentos - Folha Popular","robots":{"index":"index","follow":"follow","max-snippet":"max-snippet:-1","max-image-preview":"max-image-preview:large","max-video-preview":"max-video-preview:-1"},"canonical":"https:\/\/folhapopular.info\/index.php\/2023\/04\/16\/apl-ab-vt-e-sebrae-vtrp-realizam-palestra-sobre-o-futuro-dos-alimentos\/","og_locale":"pt_BR","og_type":"article","og_title":"APL AB VT e Sebrae VTRP realizam palestra sobre o futuro dos alimentos - Folha Popular","og_description":"O Arranjo Produtivo Local Alimentos e Bebidas do Vale do Taquari (APL AB VT), em parceria com o Sebrae Vales do Taquari e Rio Pardo (VTRP) realiza, no dia 24 de abril, palestra sobre \u201cO Futuro dos Alimentos\u201d. O encontro tem como objetivo apresentar as caracter\u00edsticas do \u201cVale dos Alimentos\u201d e conferir as principais tend\u00eancias, [&hellip;]","og_url":"https:\/\/folhapopular.info\/index.php\/2023\/04\/16\/apl-ab-vt-e-sebrae-vtrp-realizam-palestra-sobre-o-futuro-dos-alimentos\/","og_site_name":"Folha Popular","article_published_time":"2023-04-16T21:40:00+00:00","og_image":[{"width":960,"height":540,"url":"https:\/\/folhapopular.info\/wp-content\/uploads\/2023\/02\/Logo-Apl-Vale-do-Taquari-Curvas-x7-1_page-0001.jpg","type":"image\/jpeg"}],"author":"Reda\u00e7\u00e3o Folha Popular","twitter_card":"summary_large_image","twitter_misc":{"Escrito por":"Reda\u00e7\u00e3o Folha Popular","Est. tempo de leitura":"1 minuto"},"schema":{"@context":"https:\/\/schema.org","@graph":[{"@type":"Article","@id":"https:\/\/folhapopular.info\/index.php\/2023\/04\/16\/apl-ab-vt-e-sebrae-vtrp-realizam-palestra-sobre-o-futuro-dos-alimentos\/#article","isPartOf":{"@id":"https:\/\/folhapopular.info\/index.php\/2023\/04\/16\/apl-ab-vt-e-sebrae-vtrp-realizam-palestra-sobre-o-futuro-dos-alimentos\/"},"author":{"name":"Reda\u00e7\u00e3o Folha Popular","@id":"https:\/\/folhapopular.info\/#\/schema\/person\/2814e8a0df7643585a9ca38bc6eb9d4b"},"headline":"APL AB VT e Sebrae VTRP realizam palestra sobre o futuro dos alimentos","datePublished":"2023-04-16T21:40:00+00:00","mainEntityOfPage":{"@id":"https:\/\/folhapopular.info\/index.php\/2023\/04\/16\/apl-ab-vt-e-sebrae-vtrp-realizam-palestra-sobre-o-futuro-dos-alimentos\/"},"wordCount":202,"commentCount":0,"image":{"@id":"https:\/\/folhapopular.info\/index.php\/2023\/04\/16\/apl-ab-vt-e-sebrae-vtrp-realizam-palestra-sobre-o-futuro-dos-alimentos\/#primaryimage"},"thumbnailUrl":"https:\/\/folhapopular.info\/wp-content\/uploads\/2023\/02\/Logo-Apl-Vale-do-Taquari-Curvas-x7-1_page-0001.jpg","keywords":["Alimenta\u00e7\u00e3o","alimentos e bebidas","APL","Sebrae","Vale do Taquari","vale dos alimentos"],"articleSection":["Coopop","Destaques"],"inLanguage":"pt-BR","potentialAction":[{"@type":"CommentAction","name":"Comment","target":["https:\/\/folhapopular.info\/index.php\/2023\/04\/16\/apl-ab-vt-e-sebrae-vtrp-realizam-palestra-sobre-o-futuro-dos-alimentos\/#respond"]}]},{"@type":"WebPage","@id":"https:\/\/folhapopular.info\/index.php\/2023\/04\/16\/apl-ab-vt-e-sebrae-vtrp-realizam-palestra-sobre-o-futuro-dos-alimentos\/","url":"https:\/\/folhapopular.info\/index.php\/2023\/04\/16\/apl-ab-vt-e-sebrae-vtrp-realizam-palestra-sobre-o-futuro-dos-alimentos\/","name":"APL AB VT e Sebrae VTRP realizam palestra sobre o futuro dos alimentos - Folha Popular","isPartOf":{"@id":"https:\/\/folhapopular.info\/#website"},"primaryImageOfPage":{"@id":"https:\/\/folhapopular.info\/index.php\/2023\/04\/16\/apl-ab-vt-e-sebrae-vtrp-realizam-palestra-sobre-o-futuro-dos-alimentos\/#primaryimage"},"image":{"@id":"https:\/\/folhapopular.info\/index.php\/2023\/04\/16\/apl-ab-vt-e-sebrae-vtrp-realizam-palestra-sobre-o-futuro-dos-alimentos\/#primaryimage"},"thumbnailUrl":"https:\/\/folhapopular.info\/wp-content\/uploads\/2023\/02\/Logo-Apl-Vale-do-Taquari-Curvas-x7-1_page-0001.jpg","datePublished":"2023-04-16T21:40:00+00:00","author":{"@id":"https:\/\/folhapopular.info\/#\/schema\/person\/2814e8a0df7643585a9ca38bc6eb9d4b"},"breadcrumb":{"@id":"https:\/\/folhapopular.info\/index.php\/2023\/04\/16\/apl-ab-vt-e-sebrae-vtrp-realizam-palestra-sobre-o-futuro-dos-alimentos\/#breadcrumb"},"inLanguage":"pt-BR","potentialAction":[{"@type":"ReadAction","target":["https:\/\/folhapopular.info\/index.php\/2023\/04\/16\/apl-ab-vt-e-sebrae-vtrp-realizam-palestra-sobre-o-futuro-dos-alimentos\/"]}]},{"@type":"ImageObject","inLanguage":"pt-BR","@id":"https:\/\/folhapopular.info\/index.php\/2023\/04\/16\/apl-ab-vt-e-sebrae-vtrp-realizam-palestra-sobre-o-futuro-dos-alimentos\/#primaryimage","url":"https:\/\/folhapopular.info\/wp-content\/uploads\/2023\/02\/Logo-Apl-Vale-do-Taquari-Curvas-x7-1_page-0001.jpg","contentUrl":"https:\/\/folhapopular.info\/wp-content\/uploads\/2023\/02\/Logo-Apl-Vale-do-Taquari-Curvas-x7-1_page-0001.jpg","width":960,"height":540,"caption":"Cr\u00e9ditos: APL AB VT \/ divulga\u00e7\u00e3o"},{"@type":"BreadcrumbList","@id":"https:\/\/folhapopular.info\/index.php\/2023\/04\/16\/apl-ab-vt-e-sebrae-vtrp-realizam-palestra-sobre-o-futuro-dos-alimentos\/#breadcrumb","itemListElement":[{"@type":"ListItem","position":1,"name":"In\u00edcio","item":"https:\/\/folhapopular.info\/"},{"@type":"ListItem","position":2,"name":"APL AB VT e Sebrae VTRP realizam palestra sobre o futuro dos alimentos"}]},{"@type":"WebSite","@id":"https:\/\/folhapopular.info\/#website","url":"https:\/\/folhapopular.info\/","name":"Folha Popular","description":"Onde voc\u00ea tem vez e voz","potentialAction":[{"@type":"SearchAction","target":{"@type":"EntryPoint","urlTemplate":"https:\/\/folhapopular.info\/?s={search_term_string}"},"query-input":{"@type":"PropertyValueSpecification","valueRequired":true,"valueName":"search_term_string"}}],"inLanguage":"pt-BR"},{"@type":"Person","@id":"https:\/\/folhapopular.info\/#\/schema\/person\/2814e8a0df7643585a9ca38bc6eb9d4b","name":"Reda\u00e7\u00e3o Folha Popular","image":{"@type":"ImageObject","inLanguage":"pt-BR","@id":"https:\/\/folhapopular.info\/wp-content\/uploads\/2026\/04\/Folha-1.webp","url":"https:\/\/folhapopular.info\/wp-content\/uploads\/2026\/04\/Folha-1.webp","contentUrl":"https:\/\/folhapopular.info\/wp-content\/uploads\/2026\/04\/Folha-1.webp","caption":"Reda\u00e7\u00e3o Folha Popular"},"url":"https:\/\/folhapopular.info\/index.php\/author\/redacao\/"}]}},"jetpack_featured_media_url":"https:\/\/folhapopular.info\/wp-content\/uploads\/2023\/02\/Logo-Apl-Vale-do-Taquari-Curvas-x7-1_page-0001.jpg","jetpack_sharing_enabled":true,"amp_enabled":true,"_links":{"self":[{"href":"https:\/\/folhapopular.info\/index.php\/wp-json\/wp\/v2\/posts\/125927","targetHints":{"allow":["GET"]}}],"collection":[{"href":"https:\/\/folhapopular.info\/index.php\/wp-json\/wp\/v2\/posts"}],"about":[{"href":"https:\/\/folhapopular.info\/index.php\/wp-json\/wp\/v2\/types\/post"}],"author":[{"embeddable":true,"href":"https:\/\/folhapopular.info\/index.php\/wp-json\/wp\/v2\/users\/8"}],"replies":[{"embeddable":true,"href":"https:\/\/folhapopular.info\/index.php\/wp-json\/wp\/v2\/comments?post=125927"}],"version-history":[{"count":0,"href":"https:\/\/folhapopular.info\/index.php\/wp-json\/wp\/v2\/posts\/125927\/revisions"}],"wp:featuredmedia":[{"embeddable":true,"href":"https:\/\/folhapopular.info\/index.php\/wp-json\/wp\/v2\/media\/121306"}],"wp:attachment":[{"href":"https:\/\/folhapopular.info\/index.php\/wp-json\/wp\/v2\/media?parent=125927"}],"wp:term":[{"taxonomy":"category","embeddable":true,"href":"https:\/\/folhapopular.info\/index.php\/wp-json\/wp\/v2\/categories?post=125927"},{"taxonomy":"post_tag","embeddable":true,"href":"https:\/\/folhapopular.info\/index.php\/wp-json\/wp\/v2\/tags?post=125927"}],"curies":[{"name":"wp","href":"https:\/\/api.w.org\/{rel}","templated":true}]}}