{"id":125957,"date":"2023-04-17T08:03:03","date_gmt":"2023-04-17T11:03:03","guid":{"rendered":"https:\/\/folhapopular.info\/?p=125957"},"modified":"2023-04-17T08:03:07","modified_gmt":"2023-04-17T11:03:07","slug":"em-fazenda-vilanova-bm-recupera-moto-antes-do-proprietario-perceber-o-furto","status":"publish","type":"post","link":"https:\/\/folhapopular.info\/index.php\/2023\/04\/17\/em-fazenda-vilanova-bm-recupera-moto-antes-do-proprietario-perceber-o-furto\/","title":{"rendered":"Em Fazenda Vilanova, BM recupera moto antes do propriet\u00e1rio perceber o furto"},"content":{"rendered":"\n<p>Uma motocicleta em situa\u00e7\u00e3o de furto foi recuperada no in\u00edcio da madrugada desta segunda-feira (17\/4) em Fazenda Vilanova. A Brigada Militar encontrou uma motocicleta Honda CG Titan abandonada \u00e0s margens da BR-386, na localidade de Concei\u00e7\u00e3o.<\/p>\n\n\n\n<p>Quando consultaram o sistema, os policiais n\u00e3o encontraram irregularidades, e ent\u00e3o fizeram contato com o propriet\u00e1rio do ve\u00edculo, que foi verificar e percebeu que sua moto n\u00e3o estava mais onde a havia estacionado.<\/p>\n\n\n\n<p>O propriet\u00e1rio fez o registro de furto na delegacia e tamb\u00e9m o registro de recupera\u00e7\u00e3o. O ve\u00edculo foi encaminhado ao dep\u00f3sito.<\/p>\n","protected":false},"excerpt":{"rendered":"<p>Uma motocicleta em situa\u00e7\u00e3o de furto foi recuperada no in\u00edcio da madrugada desta segunda-feira (17\/4) em Fazenda Vilanova. A Brigada Militar encontrou uma motocicleta Honda CG Titan abandonada \u00e0s margens da BR-386, na localidade de Concei\u00e7\u00e3o. Quando consultaram o sistema, os policiais n\u00e3o encontraram irregularidades, e ent\u00e3o fizeram contato com o propriet\u00e1rio do ve\u00edculo, que [&hellip;]<\/p>\n","protected":false},"author":646,"featured_media":99769,"comment_status":"open","ping_status":"open","sticky":false,"template":"","format":"standard","meta":{"pmpro_default_level":"","_jetpack_memberships_contains_paid_content":false,"footnotes":""},"categories":[10982,7],"tags":[251,801,71,180],"class_list":{"0":"post-125957","1":"post","2":"type-post","3":"status-publish","4":"format-standard","5":"has-post-thumbnail","7":"category-policia","8":"category-seguranca","9":"tag-brigada-militar","10":"tag-fazenda-vilanova","11":"tag-furto","12":"tag-seguranca","13":"pmpro-has-access"},"yoast_head":"<!-- This site is optimized with the Yoast SEO plugin v27.5 - https:\/\/yoast.com\/product\/yoast-seo-wordpress\/ -->\n<title>Em Fazenda Vilanova, BM recupera moto antes do propriet\u00e1rio perceber o furto - Folha Popular<\/title>\n<meta name=\"robots\" content=\"index, follow, max-snippet:-1, max-image-preview:large, max-video-preview:-1\" \/>\n<link rel=\"canonical\" href=\"https:\/\/folhapopular.info\/index.php\/2023\/04\/17\/em-fazenda-vilanova-bm-recupera-moto-antes-do-proprietario-perceber-o-furto\/\" \/>\n<meta property=\"og:locale\" content=\"pt_BR\" \/>\n<meta property=\"og:type\" content=\"article\" \/>\n<meta property=\"og:title\" content=\"Em Fazenda Vilanova, BM recupera moto antes do propriet\u00e1rio perceber o furto - Folha Popular\" \/>\n<meta property=\"og:description\" content=\"Uma motocicleta em situa\u00e7\u00e3o de furto foi recuperada no in\u00edcio da madrugada desta segunda-feira (17\/4) em Fazenda Vilanova. A Brigada Militar encontrou uma motocicleta Honda CG Titan abandonada \u00e0s margens da BR-386, na localidade de Concei\u00e7\u00e3o. Quando consultaram o sistema, os policiais n\u00e3o encontraram irregularidades, e ent\u00e3o fizeram contato com o propriet\u00e1rio do ve\u00edculo, que [&hellip;]\" \/>\n<meta property=\"og:url\" content=\"https:\/\/folhapopular.info\/index.php\/2023\/04\/17\/em-fazenda-vilanova-bm-recupera-moto-antes-do-proprietario-perceber-o-furto\/\" \/>\n<meta property=\"og:site_name\" content=\"Folha Popular\" \/>\n<meta property=\"article:published_time\" content=\"2023-04-17T11:03:03+00:00\" \/>\n<meta property=\"article:modified_time\" content=\"2023-04-17T11:03:07+00:00\" \/>\n<meta property=\"og:image\" content=\"http:\/\/folhapopular.info\/wp-content\/uploads\/2022\/03\/Policia-1024x721-1-e1648995568516.jpg\" \/>\n\t<meta property=\"og:image:width\" content=\"800\" \/>\n\t<meta property=\"og:image:height\" content=\"563\" \/>\n\t<meta property=\"og:image:type\" content=\"image\/jpeg\" \/>\n<meta name=\"author\" content=\"J\u00falio C\u00e9sar Lenhard\" \/>\n<meta name=\"twitter:card\" content=\"summary_large_image\" \/>\n<meta name=\"twitter:label1\" content=\"Escrito por\" \/>\n\t<meta name=\"twitter:data1\" content=\"J\u00falio C\u00e9sar Lenhard\" \/>\n\t<meta name=\"twitter:label2\" content=\"Est. tempo de leitura\" \/>\n\t<meta name=\"twitter:data2\" content=\"1 minuto\" \/>\n<script type=\"application\/ld+json\" class=\"yoast-schema-graph\">{\"@context\":\"https:\\\/\\\/schema.org\",\"@graph\":[{\"@type\":\"Article\",\"@id\":\"https:\\\/\\\/folhapopular.info\\\/index.php\\\/2023\\\/04\\\/17\\\/em-fazenda-vilanova-bm-recupera-moto-antes-do-proprietario-perceber-o-furto\\\/#article\",\"isPartOf\":{\"@id\":\"https:\\\/\\\/folhapopular.info\\\/index.php\\\/2023\\\/04\\\/17\\\/em-fazenda-vilanova-bm-recupera-moto-antes-do-proprietario-perceber-o-furto\\\/\"},\"author\":{\"name\":\"J\u00falio C\u00e9sar Lenhard\",\"@id\":\"https:\\\/\\\/folhapopular.info\\\/#\\\/schema\\\/person\\\/2c678f1be6a810fa1aa8786f135b80d8\"},\"headline\":\"Em Fazenda Vilanova, BM recupera moto antes do propriet\u00e1rio perceber o furto\",\"datePublished\":\"2023-04-17T11:03:03+00:00\",\"dateModified\":\"2023-04-17T11:03:07+00:00\",\"mainEntityOfPage\":{\"@id\":\"https:\\\/\\\/folhapopular.info\\\/index.php\\\/2023\\\/04\\\/17\\\/em-fazenda-vilanova-bm-recupera-moto-antes-do-proprietario-perceber-o-furto\\\/\"},\"wordCount\":115,\"commentCount\":0,\"image\":{\"@id\":\"https:\\\/\\\/folhapopular.info\\\/index.php\\\/2023\\\/04\\\/17\\\/em-fazenda-vilanova-bm-recupera-moto-antes-do-proprietario-perceber-o-furto\\\/#primaryimage\"},\"thumbnailUrl\":\"https:\\\/\\\/folhapopular.info\\\/wp-content\\\/uploads\\\/2022\\\/03\\\/Policia-1024x721-1-e1648995568516.jpg\",\"keywords\":[\"Brigada Militar\",\"Fazenda Vilanova\",\"furto\",\"Seguran\u00e7a\"],\"articleSection\":[\"Pol\u00edcia\",\"Seguran\u00e7a\"],\"inLanguage\":\"pt-BR\",\"potentialAction\":[{\"@type\":\"CommentAction\",\"name\":\"Comment\",\"target\":[\"https:\\\/\\\/folhapopular.info\\\/index.php\\\/2023\\\/04\\\/17\\\/em-fazenda-vilanova-bm-recupera-moto-antes-do-proprietario-perceber-o-furto\\\/#respond\"]}]},{\"@type\":\"WebPage\",\"@id\":\"https:\\\/\\\/folhapopular.info\\\/index.php\\\/2023\\\/04\\\/17\\\/em-fazenda-vilanova-bm-recupera-moto-antes-do-proprietario-perceber-o-furto\\\/\",\"url\":\"https:\\\/\\\/folhapopular.info\\\/index.php\\\/2023\\\/04\\\/17\\\/em-fazenda-vilanova-bm-recupera-moto-antes-do-proprietario-perceber-o-furto\\\/\",\"name\":\"Em Fazenda Vilanova, BM recupera moto antes do propriet\u00e1rio perceber o furto - Folha Popular\",\"isPartOf\":{\"@id\":\"https:\\\/\\\/folhapopular.info\\\/#website\"},\"primaryImageOfPage\":{\"@id\":\"https:\\\/\\\/folhapopular.info\\\/index.php\\\/2023\\\/04\\\/17\\\/em-fazenda-vilanova-bm-recupera-moto-antes-do-proprietario-perceber-o-furto\\\/#primaryimage\"},\"image\":{\"@id\":\"https:\\\/\\\/folhapopular.info\\\/index.php\\\/2023\\\/04\\\/17\\\/em-fazenda-vilanova-bm-recupera-moto-antes-do-proprietario-perceber-o-furto\\\/#primaryimage\"},\"thumbnailUrl\":\"https:\\\/\\\/folhapopular.info\\\/wp-content\\\/uploads\\\/2022\\\/03\\\/Policia-1024x721-1-e1648995568516.jpg\",\"datePublished\":\"2023-04-17T11:03:03+00:00\",\"dateModified\":\"2023-04-17T11:03:07+00:00\",\"author\":{\"@id\":\"https:\\\/\\\/folhapopular.info\\\/#\\\/schema\\\/person\\\/2c678f1be6a810fa1aa8786f135b80d8\"},\"breadcrumb\":{\"@id\":\"https:\\\/\\\/folhapopular.info\\\/index.php\\\/2023\\\/04\\\/17\\\/em-fazenda-vilanova-bm-recupera-moto-antes-do-proprietario-perceber-o-furto\\\/#breadcrumb\"},\"inLanguage\":\"pt-BR\",\"potentialAction\":[{\"@type\":\"ReadAction\",\"target\":[\"https:\\\/\\\/folhapopular.info\\\/index.php\\\/2023\\\/04\\\/17\\\/em-fazenda-vilanova-bm-recupera-moto-antes-do-proprietario-perceber-o-furto\\\/\"]}]},{\"@type\":\"ImageObject\",\"inLanguage\":\"pt-BR\",\"@id\":\"https:\\\/\\\/folhapopular.info\\\/index.php\\\/2023\\\/04\\\/17\\\/em-fazenda-vilanova-bm-recupera-moto-antes-do-proprietario-perceber-o-furto\\\/#primaryimage\",\"url\":\"https:\\\/\\\/folhapopular.info\\\/wp-content\\\/uploads\\\/2022\\\/03\\\/Policia-1024x721-1-e1648995568516.jpg\",\"contentUrl\":\"https:\\\/\\\/folhapopular.info\\\/wp-content\\\/uploads\\\/2022\\\/03\\\/Policia-1024x721-1-e1648995568516.jpg\",\"width\":800,\"height\":563,\"caption\":\"Cr\u00e9dito da arte: J\u00falia Caroline Geib \\\/ Divulga\u00e7\u00e3o\"},{\"@type\":\"BreadcrumbList\",\"@id\":\"https:\\\/\\\/folhapopular.info\\\/index.php\\\/2023\\\/04\\\/17\\\/em-fazenda-vilanova-bm-recupera-moto-antes-do-proprietario-perceber-o-furto\\\/#breadcrumb\",\"itemListElement\":[{\"@type\":\"ListItem\",\"position\":1,\"name\":\"In\u00edcio\",\"item\":\"https:\\\/\\\/folhapopular.info\\\/\"},{\"@type\":\"ListItem\",\"position\":2,\"name\":\"Em Fazenda Vilanova, BM recupera moto antes do propriet\u00e1rio perceber o furto\"}]},{\"@type\":\"WebSite\",\"@id\":\"https:\\\/\\\/folhapopular.info\\\/#website\",\"url\":\"https:\\\/\\\/folhapopular.info\\\/\",\"name\":\"Folha Popular\",\"description\":\"Onde voc\u00ea tem vez e voz\",\"potentialAction\":[{\"@type\":\"SearchAction\",\"target\":{\"@type\":\"EntryPoint\",\"urlTemplate\":\"https:\\\/\\\/folhapopular.info\\\/?s={search_term_string}\"},\"query-input\":{\"@type\":\"PropertyValueSpecification\",\"valueRequired\":true,\"valueName\":\"search_term_string\"}}],\"inLanguage\":\"pt-BR\"},{\"@type\":\"Person\",\"@id\":\"https:\\\/\\\/folhapopular.info\\\/#\\\/schema\\\/person\\\/2c678f1be6a810fa1aa8786f135b80d8\",\"name\":\"J\u00falio C\u00e9sar Lenhard\",\"image\":{\"@type\":\"ImageObject\",\"inLanguage\":\"pt-BR\",\"@id\":\"https:\\\/\\\/secure.gravatar.com\\\/avatar\\\/5fc145ba28daff4b7a20678a28e78dc0d1082681a40346a925de39665b5d8cd6?s=96&d=mm&r=g\",\"url\":\"https:\\\/\\\/secure.gravatar.com\\\/avatar\\\/5fc145ba28daff4b7a20678a28e78dc0d1082681a40346a925de39665b5d8cd6?s=96&d=mm&r=g\",\"contentUrl\":\"https:\\\/\\\/secure.gravatar.com\\\/avatar\\\/5fc145ba28daff4b7a20678a28e78dc0d1082681a40346a925de39665b5d8cd6?s=96&d=mm&r=g\",\"caption\":\"J\u00falio C\u00e9sar Lenhard\"},\"url\":\"https:\\\/\\\/folhapopular.info\\\/index.php\\\/author\\\/julio_lenhardhotmail-com\\\/\"}]}<\/script>\n<!-- \/ Yoast SEO plugin. -->","yoast_head_json":{"title":"Em Fazenda Vilanova, BM recupera moto antes do propriet\u00e1rio perceber o furto - Folha Popular","robots":{"index":"index","follow":"follow","max-snippet":"max-snippet:-1","max-image-preview":"max-image-preview:large","max-video-preview":"max-video-preview:-1"},"canonical":"https:\/\/folhapopular.info\/index.php\/2023\/04\/17\/em-fazenda-vilanova-bm-recupera-moto-antes-do-proprietario-perceber-o-furto\/","og_locale":"pt_BR","og_type":"article","og_title":"Em Fazenda Vilanova, BM recupera moto antes do propriet\u00e1rio perceber o furto - Folha Popular","og_description":"Uma motocicleta em situa\u00e7\u00e3o de furto foi recuperada no in\u00edcio da madrugada desta segunda-feira (17\/4) em Fazenda Vilanova. A Brigada Militar encontrou uma motocicleta Honda CG Titan abandonada \u00e0s margens da BR-386, na localidade de Concei\u00e7\u00e3o. Quando consultaram o sistema, os policiais n\u00e3o encontraram irregularidades, e ent\u00e3o fizeram contato com o propriet\u00e1rio do ve\u00edculo, que [&hellip;]","og_url":"https:\/\/folhapopular.info\/index.php\/2023\/04\/17\/em-fazenda-vilanova-bm-recupera-moto-antes-do-proprietario-perceber-o-furto\/","og_site_name":"Folha Popular","article_published_time":"2023-04-17T11:03:03+00:00","article_modified_time":"2023-04-17T11:03:07+00:00","og_image":[{"width":800,"height":563,"url":"http:\/\/folhapopular.info\/wp-content\/uploads\/2022\/03\/Policia-1024x721-1-e1648995568516.jpg","type":"image\/jpeg"}],"author":"J\u00falio C\u00e9sar Lenhard","twitter_card":"summary_large_image","twitter_misc":{"Escrito por":"J\u00falio C\u00e9sar Lenhard","Est. tempo de leitura":"1 minuto"},"schema":{"@context":"https:\/\/schema.org","@graph":[{"@type":"Article","@id":"https:\/\/folhapopular.info\/index.php\/2023\/04\/17\/em-fazenda-vilanova-bm-recupera-moto-antes-do-proprietario-perceber-o-furto\/#article","isPartOf":{"@id":"https:\/\/folhapopular.info\/index.php\/2023\/04\/17\/em-fazenda-vilanova-bm-recupera-moto-antes-do-proprietario-perceber-o-furto\/"},"author":{"name":"J\u00falio C\u00e9sar Lenhard","@id":"https:\/\/folhapopular.info\/#\/schema\/person\/2c678f1be6a810fa1aa8786f135b80d8"},"headline":"Em Fazenda Vilanova, BM recupera moto antes do propriet\u00e1rio perceber o furto","datePublished":"2023-04-17T11:03:03+00:00","dateModified":"2023-04-17T11:03:07+00:00","mainEntityOfPage":{"@id":"https:\/\/folhapopular.info\/index.php\/2023\/04\/17\/em-fazenda-vilanova-bm-recupera-moto-antes-do-proprietario-perceber-o-furto\/"},"wordCount":115,"commentCount":0,"image":{"@id":"https:\/\/folhapopular.info\/index.php\/2023\/04\/17\/em-fazenda-vilanova-bm-recupera-moto-antes-do-proprietario-perceber-o-furto\/#primaryimage"},"thumbnailUrl":"https:\/\/folhapopular.info\/wp-content\/uploads\/2022\/03\/Policia-1024x721-1-e1648995568516.jpg","keywords":["Brigada Militar","Fazenda Vilanova","furto","Seguran\u00e7a"],"articleSection":["Pol\u00edcia","Seguran\u00e7a"],"inLanguage":"pt-BR","potentialAction":[{"@type":"CommentAction","name":"Comment","target":["https:\/\/folhapopular.info\/index.php\/2023\/04\/17\/em-fazenda-vilanova-bm-recupera-moto-antes-do-proprietario-perceber-o-furto\/#respond"]}]},{"@type":"WebPage","@id":"https:\/\/folhapopular.info\/index.php\/2023\/04\/17\/em-fazenda-vilanova-bm-recupera-moto-antes-do-proprietario-perceber-o-furto\/","url":"https:\/\/folhapopular.info\/index.php\/2023\/04\/17\/em-fazenda-vilanova-bm-recupera-moto-antes-do-proprietario-perceber-o-furto\/","name":"Em Fazenda Vilanova, BM recupera moto antes do propriet\u00e1rio perceber o furto - Folha Popular","isPartOf":{"@id":"https:\/\/folhapopular.info\/#website"},"primaryImageOfPage":{"@id":"https:\/\/folhapopular.info\/index.php\/2023\/04\/17\/em-fazenda-vilanova-bm-recupera-moto-antes-do-proprietario-perceber-o-furto\/#primaryimage"},"image":{"@id":"https:\/\/folhapopular.info\/index.php\/2023\/04\/17\/em-fazenda-vilanova-bm-recupera-moto-antes-do-proprietario-perceber-o-furto\/#primaryimage"},"thumbnailUrl":"https:\/\/folhapopular.info\/wp-content\/uploads\/2022\/03\/Policia-1024x721-1-e1648995568516.jpg","datePublished":"2023-04-17T11:03:03+00:00","dateModified":"2023-04-17T11:03:07+00:00","author":{"@id":"https:\/\/folhapopular.info\/#\/schema\/person\/2c678f1be6a810fa1aa8786f135b80d8"},"breadcrumb":{"@id":"https:\/\/folhapopular.info\/index.php\/2023\/04\/17\/em-fazenda-vilanova-bm-recupera-moto-antes-do-proprietario-perceber-o-furto\/#breadcrumb"},"inLanguage":"pt-BR","potentialAction":[{"@type":"ReadAction","target":["https:\/\/folhapopular.info\/index.php\/2023\/04\/17\/em-fazenda-vilanova-bm-recupera-moto-antes-do-proprietario-perceber-o-furto\/"]}]},{"@type":"ImageObject","inLanguage":"pt-BR","@id":"https:\/\/folhapopular.info\/index.php\/2023\/04\/17\/em-fazenda-vilanova-bm-recupera-moto-antes-do-proprietario-perceber-o-furto\/#primaryimage","url":"https:\/\/folhapopular.info\/wp-content\/uploads\/2022\/03\/Policia-1024x721-1-e1648995568516.jpg","contentUrl":"https:\/\/folhapopular.info\/wp-content\/uploads\/2022\/03\/Policia-1024x721-1-e1648995568516.jpg","width":800,"height":563,"caption":"Cr\u00e9dito da arte: J\u00falia Caroline Geib \/ Divulga\u00e7\u00e3o"},{"@type":"BreadcrumbList","@id":"https:\/\/folhapopular.info\/index.php\/2023\/04\/17\/em-fazenda-vilanova-bm-recupera-moto-antes-do-proprietario-perceber-o-furto\/#breadcrumb","itemListElement":[{"@type":"ListItem","position":1,"name":"In\u00edcio","item":"https:\/\/folhapopular.info\/"},{"@type":"ListItem","position":2,"name":"Em Fazenda Vilanova, BM recupera moto antes do propriet\u00e1rio perceber o furto"}]},{"@type":"WebSite","@id":"https:\/\/folhapopular.info\/#website","url":"https:\/\/folhapopular.info\/","name":"Folha Popular","description":"Onde voc\u00ea tem vez e voz","potentialAction":[{"@type":"SearchAction","target":{"@type":"EntryPoint","urlTemplate":"https:\/\/folhapopular.info\/?s={search_term_string}"},"query-input":{"@type":"PropertyValueSpecification","valueRequired":true,"valueName":"search_term_string"}}],"inLanguage":"pt-BR"},{"@type":"Person","@id":"https:\/\/folhapopular.info\/#\/schema\/person\/2c678f1be6a810fa1aa8786f135b80d8","name":"J\u00falio C\u00e9sar Lenhard","image":{"@type":"ImageObject","inLanguage":"pt-BR","@id":"https:\/\/secure.gravatar.com\/avatar\/5fc145ba28daff4b7a20678a28e78dc0d1082681a40346a925de39665b5d8cd6?s=96&d=mm&r=g","url":"https:\/\/secure.gravatar.com\/avatar\/5fc145ba28daff4b7a20678a28e78dc0d1082681a40346a925de39665b5d8cd6?s=96&d=mm&r=g","contentUrl":"https:\/\/secure.gravatar.com\/avatar\/5fc145ba28daff4b7a20678a28e78dc0d1082681a40346a925de39665b5d8cd6?s=96&d=mm&r=g","caption":"J\u00falio C\u00e9sar Lenhard"},"url":"https:\/\/folhapopular.info\/index.php\/author\/julio_lenhardhotmail-com\/"}]}},"jetpack_featured_media_url":"https:\/\/folhapopular.info\/wp-content\/uploads\/2022\/03\/Policia-1024x721-1-e1648995568516.jpg","jetpack_sharing_enabled":true,"amp_enabled":true,"_links":{"self":[{"href":"https:\/\/folhapopular.info\/index.php\/wp-json\/wp\/v2\/posts\/125957","targetHints":{"allow":["GET"]}}],"collection":[{"href":"https:\/\/folhapopular.info\/index.php\/wp-json\/wp\/v2\/posts"}],"about":[{"href":"https:\/\/folhapopular.info\/index.php\/wp-json\/wp\/v2\/types\/post"}],"author":[{"embeddable":true,"href":"https:\/\/folhapopular.info\/index.php\/wp-json\/wp\/v2\/users\/646"}],"replies":[{"embeddable":true,"href":"https:\/\/folhapopular.info\/index.php\/wp-json\/wp\/v2\/comments?post=125957"}],"version-history":[{"count":0,"href":"https:\/\/folhapopular.info\/index.php\/wp-json\/wp\/v2\/posts\/125957\/revisions"}],"wp:featuredmedia":[{"embeddable":true,"href":"https:\/\/folhapopular.info\/index.php\/wp-json\/wp\/v2\/media\/99769"}],"wp:attachment":[{"href":"https:\/\/folhapopular.info\/index.php\/wp-json\/wp\/v2\/media?parent=125957"}],"wp:term":[{"taxonomy":"category","embeddable":true,"href":"https:\/\/folhapopular.info\/index.php\/wp-json\/wp\/v2\/categories?post=125957"},{"taxonomy":"post_tag","embeddable":true,"href":"https:\/\/folhapopular.info\/index.php\/wp-json\/wp\/v2\/tags?post=125957"}],"curies":[{"name":"wp","href":"https:\/\/api.w.org\/{rel}","templated":true}]}}