{"id":125977,"date":"2023-04-17T11:15:00","date_gmt":"2023-04-17T14:15:00","guid":{"rendered":"https:\/\/folhapopular.info\/?p=125977"},"modified":"2023-04-17T11:11:41","modified_gmt":"2023-04-17T14:11:41","slug":"vereadores-de-imigrante-aprovam-por-unanimidade-vigilancia-nas-escolas","status":"publish","type":"post","link":"https:\/\/folhapopular.info\/index.php\/2023\/04\/17\/vereadores-de-imigrante-aprovam-por-unanimidade-vigilancia-nas-escolas\/","title":{"rendered":"Vereadores de Imigrante aprovam por unanimidade vigil\u00e2ncia nas escolas"},"content":{"rendered":"\n<p>O prefeito Germano Stevens foi \u00e0 C\u00e2mara de Vereadores, na noite de sexta-feira (14\/4), explanar <a href=\"https:\/\/folhapopular.info\/index.php\/2023\/04\/16\/equipes-diretivas-e-cpms-de-imigrante-decidem-colocar-vigilancia-nas-escolas\/\" target=\"_blank\" rel=\"noreferrer noopener\">a medida que implantar\u00e1 vigil\u00e2ncia nas escolas de Imigrante<\/a> durante uma sess\u00e3o extraordin\u00e1ria.<\/p>\n\n\n\n<p>&#8220;Juntamente a essa vigil\u00e2ncia e todas as provid\u00eancias que estamos tomando, vamos realizar campanhas de preven\u00e7\u00e3o, aumentando a seguran\u00e7a no ambiente escolar&#8221;, disse o prefeito.<\/p>\n\n\n\n<p>&#8220;Considero muito importante a participa\u00e7\u00e3o de todos nessa discuss\u00e3o entre os poderes, dada a import\u00e2ncia do assunto e pela representatividade do Poder Legislativo entre a popula\u00e7\u00e3o do nosso munic\u00edpio&#8221;, acrescentou.<\/p>\n\n\n\n<p>&#8220;A vigil\u00e2ncia vai permanecer nas escolas at\u00e9 que o clima de alerta se atenue, e que o sistema de videomonitoramento esteja instalado&#8221;, explicou o secretario de Administra\u00e7\u00e3o, Planejamento e Finan\u00e7as, Edson Heck, presente na ocasi\u00e3o.<\/p>\n\n\n\n<p>Os vereadores parabenizaram a Administra\u00e7\u00e3o Municipal pela iniciativa. &#8220;N\u00e3o podemos nos manter alheios a esses acontecimentos. Temos que proteger os alunos. Parab\u00e9ns \u00e0 Administra\u00e7\u00e3o Municipal pelas medidas que est\u00e3o sendo adotadas&#8221; disse o vereador Paulo Roberto dos Santos (PP), acompanhado dos demais parlamentares.<\/p>\n\n\n\n<p>&#8220;Foi uma medida necess\u00e1ria, uma forma muito importante de preven\u00e7\u00e3o, para que os pais possam ficar tranquilos enquanto os filhos est\u00e3o na escola&#8221;, considerou o presidente do Legislativo, Jairo Pott (PSDB).<\/p>\n","protected":false},"excerpt":{"rendered":"<p>O prefeito Germano Stevens foi \u00e0 C\u00e2mara de Vereadores, na noite de sexta-feira (14\/4), explanar a medida que implantar\u00e1 vigil\u00e2ncia nas escolas de Imigrante durante uma sess\u00e3o extraordin\u00e1ria. &#8220;Juntamente a essa vigil\u00e2ncia e todas as provid\u00eancias que estamos tomando, vamos realizar campanhas de preven\u00e7\u00e3o, aumentando a seguran\u00e7a no ambiente escolar&#8221;, disse o prefeito. &#8220;Considero muito [&hellip;]<\/p>\n","protected":false},"author":8,"featured_media":125978,"comment_status":"open","ping_status":"open","sticky":false,"template":"","format":"standard","meta":{"pmpro_default_level":"","_jetpack_memberships_contains_paid_content":false,"footnotes":""},"categories":[2,3],"tags":[11846,8947,34,180,11847],"class_list":{"0":"post-125977","1":"post","2":"type-post","3":"status-publish","4":"format-standard","5":"has-post-thumbnail","7":"category-featured","8":"category-geral","9":"tag-camara-de-vereadores-de-imigrante","10":"tag-germano-stevens","11":"tag-imigrante","12":"tag-seguranca","13":"tag-vigilancia-nas-escolas","14":"pmpro-has-access"},"yoast_head":"<!-- This site is optimized with the Yoast SEO plugin v27.5 - https:\/\/yoast.com\/product\/yoast-seo-wordpress\/ -->\n<title>Vereadores de Imigrante aprovam por unanimidade vigil\u00e2ncia nas escolas - Folha Popular<\/title>\n<meta name=\"robots\" content=\"index, follow, max-snippet:-1, max-image-preview:large, max-video-preview:-1\" \/>\n<link rel=\"canonical\" href=\"https:\/\/folhapopular.info\/index.php\/2023\/04\/17\/vereadores-de-imigrante-aprovam-por-unanimidade-vigilancia-nas-escolas\/\" \/>\n<meta property=\"og:locale\" content=\"pt_BR\" \/>\n<meta property=\"og:type\" content=\"article\" \/>\n<meta property=\"og:title\" content=\"Vereadores de Imigrante aprovam por unanimidade vigil\u00e2ncia nas escolas - Folha Popular\" \/>\n<meta property=\"og:description\" content=\"O prefeito Germano Stevens foi \u00e0 C\u00e2mara de Vereadores, na noite de sexta-feira (14\/4), explanar a medida que implantar\u00e1 vigil\u00e2ncia nas escolas de Imigrante durante uma sess\u00e3o extraordin\u00e1ria. &#8220;Juntamente a essa vigil\u00e2ncia e todas as provid\u00eancias que estamos tomando, vamos realizar campanhas de preven\u00e7\u00e3o, aumentando a seguran\u00e7a no ambiente escolar&#8221;, disse o prefeito. &#8220;Considero muito [&hellip;]\" \/>\n<meta property=\"og:url\" content=\"https:\/\/folhapopular.info\/index.php\/2023\/04\/17\/vereadores-de-imigrante-aprovam-por-unanimidade-vigilancia-nas-escolas\/\" \/>\n<meta property=\"og:site_name\" content=\"Folha Popular\" \/>\n<meta property=\"article:published_time\" content=\"2023-04-17T14:15:00+00:00\" \/>\n<meta property=\"og:image\" content=\"https:\/\/folhapopular.info\/wp-content\/uploads\/2023\/04\/imigrante.png\" \/>\n\t<meta property=\"og:image:width\" content=\"882\" \/>\n\t<meta property=\"og:image:height\" content=\"588\" \/>\n\t<meta property=\"og:image:type\" content=\"image\/png\" \/>\n<meta name=\"author\" content=\"Reda\u00e7\u00e3o Folha Popular\" \/>\n<meta name=\"twitter:card\" content=\"summary_large_image\" \/>\n<meta name=\"twitter:label1\" content=\"Escrito por\" \/>\n\t<meta name=\"twitter:data1\" content=\"Reda\u00e7\u00e3o Folha Popular\" \/>\n\t<meta name=\"twitter:label2\" content=\"Est. tempo de leitura\" \/>\n\t<meta name=\"twitter:data2\" content=\"2 minutos\" \/>\n<script type=\"application\/ld+json\" class=\"yoast-schema-graph\">{\"@context\":\"https:\\\/\\\/schema.org\",\"@graph\":[{\"@type\":\"Article\",\"@id\":\"https:\\\/\\\/folhapopular.info\\\/index.php\\\/2023\\\/04\\\/17\\\/vereadores-de-imigrante-aprovam-por-unanimidade-vigilancia-nas-escolas\\\/#article\",\"isPartOf\":{\"@id\":\"https:\\\/\\\/folhapopular.info\\\/index.php\\\/2023\\\/04\\\/17\\\/vereadores-de-imigrante-aprovam-por-unanimidade-vigilancia-nas-escolas\\\/\"},\"author\":{\"name\":\"Reda\u00e7\u00e3o Folha Popular\",\"@id\":\"https:\\\/\\\/folhapopular.info\\\/#\\\/schema\\\/person\\\/2814e8a0df7643585a9ca38bc6eb9d4b\"},\"headline\":\"Vereadores de Imigrante aprovam por unanimidade vigil\u00e2ncia nas escolas\",\"datePublished\":\"2023-04-17T14:15:00+00:00\",\"mainEntityOfPage\":{\"@id\":\"https:\\\/\\\/folhapopular.info\\\/index.php\\\/2023\\\/04\\\/17\\\/vereadores-de-imigrante-aprovam-por-unanimidade-vigilancia-nas-escolas\\\/\"},\"wordCount\":224,\"commentCount\":0,\"image\":{\"@id\":\"https:\\\/\\\/folhapopular.info\\\/index.php\\\/2023\\\/04\\\/17\\\/vereadores-de-imigrante-aprovam-por-unanimidade-vigilancia-nas-escolas\\\/#primaryimage\"},\"thumbnailUrl\":\"https:\\\/\\\/folhapopular.info\\\/wp-content\\\/uploads\\\/2023\\\/04\\\/imigrante.png\",\"keywords\":[\"c\u00e2mara de vereadores de imigrante\",\"Germano Stevens\",\"Imigrante\",\"Seguran\u00e7a\",\"vigil\u00e2ncia nas escolas\"],\"articleSection\":[\"Destaques\",\"Geral\"],\"inLanguage\":\"pt-BR\",\"potentialAction\":[{\"@type\":\"CommentAction\",\"name\":\"Comment\",\"target\":[\"https:\\\/\\\/folhapopular.info\\\/index.php\\\/2023\\\/04\\\/17\\\/vereadores-de-imigrante-aprovam-por-unanimidade-vigilancia-nas-escolas\\\/#respond\"]}]},{\"@type\":\"WebPage\",\"@id\":\"https:\\\/\\\/folhapopular.info\\\/index.php\\\/2023\\\/04\\\/17\\\/vereadores-de-imigrante-aprovam-por-unanimidade-vigilancia-nas-escolas\\\/\",\"url\":\"https:\\\/\\\/folhapopular.info\\\/index.php\\\/2023\\\/04\\\/17\\\/vereadores-de-imigrante-aprovam-por-unanimidade-vigilancia-nas-escolas\\\/\",\"name\":\"Vereadores de Imigrante aprovam por unanimidade vigil\u00e2ncia nas escolas - Folha Popular\",\"isPartOf\":{\"@id\":\"https:\\\/\\\/folhapopular.info\\\/#website\"},\"primaryImageOfPage\":{\"@id\":\"https:\\\/\\\/folhapopular.info\\\/index.php\\\/2023\\\/04\\\/17\\\/vereadores-de-imigrante-aprovam-por-unanimidade-vigilancia-nas-escolas\\\/#primaryimage\"},\"image\":{\"@id\":\"https:\\\/\\\/folhapopular.info\\\/index.php\\\/2023\\\/04\\\/17\\\/vereadores-de-imigrante-aprovam-por-unanimidade-vigilancia-nas-escolas\\\/#primaryimage\"},\"thumbnailUrl\":\"https:\\\/\\\/folhapopular.info\\\/wp-content\\\/uploads\\\/2023\\\/04\\\/imigrante.png\",\"datePublished\":\"2023-04-17T14:15:00+00:00\",\"author\":{\"@id\":\"https:\\\/\\\/folhapopular.info\\\/#\\\/schema\\\/person\\\/2814e8a0df7643585a9ca38bc6eb9d4b\"},\"breadcrumb\":{\"@id\":\"https:\\\/\\\/folhapopular.info\\\/index.php\\\/2023\\\/04\\\/17\\\/vereadores-de-imigrante-aprovam-por-unanimidade-vigilancia-nas-escolas\\\/#breadcrumb\"},\"inLanguage\":\"pt-BR\",\"potentialAction\":[{\"@type\":\"ReadAction\",\"target\":[\"https:\\\/\\\/folhapopular.info\\\/index.php\\\/2023\\\/04\\\/17\\\/vereadores-de-imigrante-aprovam-por-unanimidade-vigilancia-nas-escolas\\\/\"]}]},{\"@type\":\"ImageObject\",\"inLanguage\":\"pt-BR\",\"@id\":\"https:\\\/\\\/folhapopular.info\\\/index.php\\\/2023\\\/04\\\/17\\\/vereadores-de-imigrante-aprovam-por-unanimidade-vigilancia-nas-escolas\\\/#primaryimage\",\"url\":\"https:\\\/\\\/folhapopular.info\\\/wp-content\\\/uploads\\\/2023\\\/04\\\/imigrante.png\",\"contentUrl\":\"https:\\\/\\\/folhapopular.info\\\/wp-content\\\/uploads\\\/2023\\\/04\\\/imigrante.png\",\"width\":882,\"height\":588,\"caption\":\"Cr\u00e9ditos: Divulga\u00e7\u00e3o\"},{\"@type\":\"BreadcrumbList\",\"@id\":\"https:\\\/\\\/folhapopular.info\\\/index.php\\\/2023\\\/04\\\/17\\\/vereadores-de-imigrante-aprovam-por-unanimidade-vigilancia-nas-escolas\\\/#breadcrumb\",\"itemListElement\":[{\"@type\":\"ListItem\",\"position\":1,\"name\":\"In\u00edcio\",\"item\":\"https:\\\/\\\/folhapopular.info\\\/\"},{\"@type\":\"ListItem\",\"position\":2,\"name\":\"Vereadores de Imigrante aprovam por unanimidade vigil\u00e2ncia nas escolas\"}]},{\"@type\":\"WebSite\",\"@id\":\"https:\\\/\\\/folhapopular.info\\\/#website\",\"url\":\"https:\\\/\\\/folhapopular.info\\\/\",\"name\":\"Folha Popular\",\"description\":\"Onde voc\u00ea tem vez e voz\",\"potentialAction\":[{\"@type\":\"SearchAction\",\"target\":{\"@type\":\"EntryPoint\",\"urlTemplate\":\"https:\\\/\\\/folhapopular.info\\\/?s={search_term_string}\"},\"query-input\":{\"@type\":\"PropertyValueSpecification\",\"valueRequired\":true,\"valueName\":\"search_term_string\"}}],\"inLanguage\":\"pt-BR\"},{\"@type\":\"Person\",\"@id\":\"https:\\\/\\\/folhapopular.info\\\/#\\\/schema\\\/person\\\/2814e8a0df7643585a9ca38bc6eb9d4b\",\"name\":\"Reda\u00e7\u00e3o Folha Popular\",\"image\":{\"@type\":\"ImageObject\",\"inLanguage\":\"pt-BR\",\"@id\":\"https:\\\/\\\/folhapopular.info\\\/wp-content\\\/uploads\\\/2026\\\/04\\\/Folha-1.webp\",\"url\":\"https:\\\/\\\/folhapopular.info\\\/wp-content\\\/uploads\\\/2026\\\/04\\\/Folha-1.webp\",\"contentUrl\":\"https:\\\/\\\/folhapopular.info\\\/wp-content\\\/uploads\\\/2026\\\/04\\\/Folha-1.webp\",\"caption\":\"Reda\u00e7\u00e3o Folha Popular\"},\"url\":\"https:\\\/\\\/folhapopular.info\\\/index.php\\\/author\\\/redacao\\\/\"}]}<\/script>\n<!-- \/ Yoast SEO plugin. -->","yoast_head_json":{"title":"Vereadores de Imigrante aprovam por unanimidade vigil\u00e2ncia nas escolas - Folha Popular","robots":{"index":"index","follow":"follow","max-snippet":"max-snippet:-1","max-image-preview":"max-image-preview:large","max-video-preview":"max-video-preview:-1"},"canonical":"https:\/\/folhapopular.info\/index.php\/2023\/04\/17\/vereadores-de-imigrante-aprovam-por-unanimidade-vigilancia-nas-escolas\/","og_locale":"pt_BR","og_type":"article","og_title":"Vereadores de Imigrante aprovam por unanimidade vigil\u00e2ncia nas escolas - Folha Popular","og_description":"O prefeito Germano Stevens foi \u00e0 C\u00e2mara de Vereadores, na noite de sexta-feira (14\/4), explanar a medida que implantar\u00e1 vigil\u00e2ncia nas escolas de Imigrante durante uma sess\u00e3o extraordin\u00e1ria. &#8220;Juntamente a essa vigil\u00e2ncia e todas as provid\u00eancias que estamos tomando, vamos realizar campanhas de preven\u00e7\u00e3o, aumentando a seguran\u00e7a no ambiente escolar&#8221;, disse o prefeito. &#8220;Considero muito [&hellip;]","og_url":"https:\/\/folhapopular.info\/index.php\/2023\/04\/17\/vereadores-de-imigrante-aprovam-por-unanimidade-vigilancia-nas-escolas\/","og_site_name":"Folha Popular","article_published_time":"2023-04-17T14:15:00+00:00","og_image":[{"width":882,"height":588,"url":"https:\/\/folhapopular.info\/wp-content\/uploads\/2023\/04\/imigrante.png","type":"image\/png"}],"author":"Reda\u00e7\u00e3o Folha Popular","twitter_card":"summary_large_image","twitter_misc":{"Escrito por":"Reda\u00e7\u00e3o Folha Popular","Est. tempo de leitura":"2 minutos"},"schema":{"@context":"https:\/\/schema.org","@graph":[{"@type":"Article","@id":"https:\/\/folhapopular.info\/index.php\/2023\/04\/17\/vereadores-de-imigrante-aprovam-por-unanimidade-vigilancia-nas-escolas\/#article","isPartOf":{"@id":"https:\/\/folhapopular.info\/index.php\/2023\/04\/17\/vereadores-de-imigrante-aprovam-por-unanimidade-vigilancia-nas-escolas\/"},"author":{"name":"Reda\u00e7\u00e3o Folha Popular","@id":"https:\/\/folhapopular.info\/#\/schema\/person\/2814e8a0df7643585a9ca38bc6eb9d4b"},"headline":"Vereadores de Imigrante aprovam por unanimidade vigil\u00e2ncia nas escolas","datePublished":"2023-04-17T14:15:00+00:00","mainEntityOfPage":{"@id":"https:\/\/folhapopular.info\/index.php\/2023\/04\/17\/vereadores-de-imigrante-aprovam-por-unanimidade-vigilancia-nas-escolas\/"},"wordCount":224,"commentCount":0,"image":{"@id":"https:\/\/folhapopular.info\/index.php\/2023\/04\/17\/vereadores-de-imigrante-aprovam-por-unanimidade-vigilancia-nas-escolas\/#primaryimage"},"thumbnailUrl":"https:\/\/folhapopular.info\/wp-content\/uploads\/2023\/04\/imigrante.png","keywords":["c\u00e2mara de vereadores de imigrante","Germano Stevens","Imigrante","Seguran\u00e7a","vigil\u00e2ncia nas escolas"],"articleSection":["Destaques","Geral"],"inLanguage":"pt-BR","potentialAction":[{"@type":"CommentAction","name":"Comment","target":["https:\/\/folhapopular.info\/index.php\/2023\/04\/17\/vereadores-de-imigrante-aprovam-por-unanimidade-vigilancia-nas-escolas\/#respond"]}]},{"@type":"WebPage","@id":"https:\/\/folhapopular.info\/index.php\/2023\/04\/17\/vereadores-de-imigrante-aprovam-por-unanimidade-vigilancia-nas-escolas\/","url":"https:\/\/folhapopular.info\/index.php\/2023\/04\/17\/vereadores-de-imigrante-aprovam-por-unanimidade-vigilancia-nas-escolas\/","name":"Vereadores de Imigrante aprovam por unanimidade vigil\u00e2ncia nas escolas - Folha Popular","isPartOf":{"@id":"https:\/\/folhapopular.info\/#website"},"primaryImageOfPage":{"@id":"https:\/\/folhapopular.info\/index.php\/2023\/04\/17\/vereadores-de-imigrante-aprovam-por-unanimidade-vigilancia-nas-escolas\/#primaryimage"},"image":{"@id":"https:\/\/folhapopular.info\/index.php\/2023\/04\/17\/vereadores-de-imigrante-aprovam-por-unanimidade-vigilancia-nas-escolas\/#primaryimage"},"thumbnailUrl":"https:\/\/folhapopular.info\/wp-content\/uploads\/2023\/04\/imigrante.png","datePublished":"2023-04-17T14:15:00+00:00","author":{"@id":"https:\/\/folhapopular.info\/#\/schema\/person\/2814e8a0df7643585a9ca38bc6eb9d4b"},"breadcrumb":{"@id":"https:\/\/folhapopular.info\/index.php\/2023\/04\/17\/vereadores-de-imigrante-aprovam-por-unanimidade-vigilancia-nas-escolas\/#breadcrumb"},"inLanguage":"pt-BR","potentialAction":[{"@type":"ReadAction","target":["https:\/\/folhapopular.info\/index.php\/2023\/04\/17\/vereadores-de-imigrante-aprovam-por-unanimidade-vigilancia-nas-escolas\/"]}]},{"@type":"ImageObject","inLanguage":"pt-BR","@id":"https:\/\/folhapopular.info\/index.php\/2023\/04\/17\/vereadores-de-imigrante-aprovam-por-unanimidade-vigilancia-nas-escolas\/#primaryimage","url":"https:\/\/folhapopular.info\/wp-content\/uploads\/2023\/04\/imigrante.png","contentUrl":"https:\/\/folhapopular.info\/wp-content\/uploads\/2023\/04\/imigrante.png","width":882,"height":588,"caption":"Cr\u00e9ditos: Divulga\u00e7\u00e3o"},{"@type":"BreadcrumbList","@id":"https:\/\/folhapopular.info\/index.php\/2023\/04\/17\/vereadores-de-imigrante-aprovam-por-unanimidade-vigilancia-nas-escolas\/#breadcrumb","itemListElement":[{"@type":"ListItem","position":1,"name":"In\u00edcio","item":"https:\/\/folhapopular.info\/"},{"@type":"ListItem","position":2,"name":"Vereadores de Imigrante aprovam por unanimidade vigil\u00e2ncia nas escolas"}]},{"@type":"WebSite","@id":"https:\/\/folhapopular.info\/#website","url":"https:\/\/folhapopular.info\/","name":"Folha Popular","description":"Onde voc\u00ea tem vez e voz","potentialAction":[{"@type":"SearchAction","target":{"@type":"EntryPoint","urlTemplate":"https:\/\/folhapopular.info\/?s={search_term_string}"},"query-input":{"@type":"PropertyValueSpecification","valueRequired":true,"valueName":"search_term_string"}}],"inLanguage":"pt-BR"},{"@type":"Person","@id":"https:\/\/folhapopular.info\/#\/schema\/person\/2814e8a0df7643585a9ca38bc6eb9d4b","name":"Reda\u00e7\u00e3o Folha Popular","image":{"@type":"ImageObject","inLanguage":"pt-BR","@id":"https:\/\/folhapopular.info\/wp-content\/uploads\/2026\/04\/Folha-1.webp","url":"https:\/\/folhapopular.info\/wp-content\/uploads\/2026\/04\/Folha-1.webp","contentUrl":"https:\/\/folhapopular.info\/wp-content\/uploads\/2026\/04\/Folha-1.webp","caption":"Reda\u00e7\u00e3o Folha Popular"},"url":"https:\/\/folhapopular.info\/index.php\/author\/redacao\/"}]}},"jetpack_featured_media_url":"https:\/\/folhapopular.info\/wp-content\/uploads\/2023\/04\/imigrante.png","jetpack_sharing_enabled":true,"amp_enabled":true,"_links":{"self":[{"href":"https:\/\/folhapopular.info\/index.php\/wp-json\/wp\/v2\/posts\/125977","targetHints":{"allow":["GET"]}}],"collection":[{"href":"https:\/\/folhapopular.info\/index.php\/wp-json\/wp\/v2\/posts"}],"about":[{"href":"https:\/\/folhapopular.info\/index.php\/wp-json\/wp\/v2\/types\/post"}],"author":[{"embeddable":true,"href":"https:\/\/folhapopular.info\/index.php\/wp-json\/wp\/v2\/users\/8"}],"replies":[{"embeddable":true,"href":"https:\/\/folhapopular.info\/index.php\/wp-json\/wp\/v2\/comments?post=125977"}],"version-history":[{"count":0,"href":"https:\/\/folhapopular.info\/index.php\/wp-json\/wp\/v2\/posts\/125977\/revisions"}],"wp:featuredmedia":[{"embeddable":true,"href":"https:\/\/folhapopular.info\/index.php\/wp-json\/wp\/v2\/media\/125978"}],"wp:attachment":[{"href":"https:\/\/folhapopular.info\/index.php\/wp-json\/wp\/v2\/media?parent=125977"}],"wp:term":[{"taxonomy":"category","embeddable":true,"href":"https:\/\/folhapopular.info\/index.php\/wp-json\/wp\/v2\/categories?post=125977"},{"taxonomy":"post_tag","embeddable":true,"href":"https:\/\/folhapopular.info\/index.php\/wp-json\/wp\/v2\/tags?post=125977"}],"curies":[{"name":"wp","href":"https:\/\/api.w.org\/{rel}","templated":true}]}}