{"id":126116,"date":"2023-04-19T08:06:25","date_gmt":"2023-04-19T11:06:25","guid":{"rendered":"https:\/\/folhapopular.info\/?p=126116"},"modified":"2023-04-19T08:07:02","modified_gmt":"2023-04-19T11:07:02","slug":"encontro-da-bm-de-teutonia-com-escolas-da-regiao-reune-equipes-diretivas-e-pais","status":"publish","type":"post","link":"https:\/\/folhapopular.info\/index.php\/2023\/04\/19\/encontro-da-bm-de-teutonia-com-escolas-da-regiao-reune-equipes-diretivas-e-pais\/","title":{"rendered":"Encontro da BM de Teut\u00f4nia com escolas da regi\u00e3o re\u00fane equipes diretivas e pais"},"content":{"rendered":"\n<p>Mais de 260 pessoas participaram do projeto Encontro com as Escolas na segunda-feira (17\/4), realizado pela Brigada Militar em parceria com as Prefeituras de Teut\u00f4nia, Po\u00e7o das Antas, Westf\u00e1lia e Paverama. O evento reuniu as equipes diretivas das escolas da rede p\u00fablica municipal, estadual e comunit\u00e1ria, da rede privada dos munic\u00edpios, al\u00e9m de pais representantes de cada institui\u00e7\u00e3o de ensino.<\/p>\n\n\n\n<p>Na ocasi\u00e3o, o capit\u00e3o da Brigada Militar de Teut\u00f4nia, F\u00e1bio Bilhar, abordou os \u00edndices reduzidos de criminalidade em Teut\u00f4nia, em virtude do trabalho preventivo desenvolvido pelo efetivo, nos munic\u00edpios atendidos pela 2\u00aa Companhia do 40\u00ba Batalh\u00e3o da Pol\u00edcia Militar.<\/p>\n\n\n\n<p>Na sequ\u00eancia, o comandante orientou sobre as principais a\u00e7\u00f5es a serem desenvolvidas a fim de ampliar o sistema de seguran\u00e7a nas escolas, desde medidas simples, como o controle de acesso na portaria com identifica\u00e7\u00e3o de entrada e sa\u00edda de pessoas, a treinamentos e protocolos de rea\u00e7\u00e3o para casos de ataques.<\/p>\n\n\n\n<p>Na oportunidade, a Secretaria de Educa\u00e7\u00e3o realizar\u00e1 treinamento para os profissionais das escolas do munic\u00edpio, das redes p\u00fablica e privada, incluindo as comunit\u00e1rias, com objetivo de incrementar o sistema de seguran\u00e7a j\u00e1 existente nas institui\u00e7\u00f5es. A grande maioria das escolas municipais j\u00e1 conta com port\u00e3o eletr\u00f4nico e sistema de monitoramento por c\u00e2meras, sendo que os educand\u00e1rios que ainda n\u00e3o possuem, receber\u00e3o o investimento.<\/p>\n\n\n\n<figure class=\"wp-block-image size-large is-resized\"><img loading=\"lazy\" decoding=\"async\" src=\"https:\/\/folhapopular.info\/wp-content\/uploads\/2023\/04\/WhatsApp-Image-2023-04-18-at-18.45.15-1-1024x768.jpeg\" alt=\"\" class=\"wp-image-126117\" width=\"746\" height=\"575\"\/><figcaption class=\"wp-element-caption\">Cr\u00e9ditos: Brigada Militar de Teut\u00f4nia<\/figcaption><\/figure>\n\n\n\n<p>Bilhar reiterou a necessidade dos profissionais da Educa\u00e7\u00e3o acionarem, imediatamente, a Brigada Militar em qualquer situa\u00e7\u00e3o suspeita, de risco ou a\u00e7\u00e3o criminosa, por meio do contato 190. Bilhar tamb\u00e9m pediu \u00e0 comunidade que ficasse atenta \u00e0s informa\u00e7\u00f5es falsas repassadas em grupos de WhatsApp, disseminadas de forma criminosa, a fim de causar p\u00e2nico na popula\u00e7\u00e3o.<\/p>\n\n\n\n<p>O capit\u00e3o refor\u00e7ou a import\u00e2ncia de denunciar a\u00e7\u00f5es como esta, bem como atitudes suspeitas pr\u00f3ximas \u00e0s escolas, entre outras situa\u00e7\u00f5es, quando for o caso. Para isso, disponibilizou o WhatsApp Den\u00fancia da Brigada Militar: (51) 99802 6428.<\/p>\n","protected":false},"excerpt":{"rendered":"<p>Mais de 260 pessoas participaram do projeto Encontro com as Escolas na segunda-feira (17\/4), realizado pela Brigada Militar em parceria com as Prefeituras de Teut\u00f4nia, Po\u00e7o das Antas, Westf\u00e1lia e Paverama. O evento reuniu as equipes diretivas das escolas da rede p\u00fablica municipal, estadual e comunit\u00e1ria, da rede privada dos munic\u00edpios, al\u00e9m de pais representantes [&hellip;]<\/p>\n","protected":false},"author":646,"featured_media":126118,"comment_status":"open","ping_status":"open","sticky":false,"template":"","format":"standard","meta":{"pmpro_default_level":"","_jetpack_memberships_contains_paid_content":false,"footnotes":""},"categories":[2,10988,3,7],"tags":[11873,73,46,40,180,26,25],"class_list":{"0":"post-126116","1":"post","2":"type-post","3":"status-publish","4":"format-standard","5":"has-post-thumbnail","7":"category-featured","8":"category-educacao","9":"category-geral","10":"category-seguranca","11":"tag-brigada-militar-teutonia","12":"tag-educacao","13":"tag-paverama","14":"tag-poco-das-antas","15":"tag-seguranca","16":"tag-teutonia","17":"tag-westfalia","18":"pmpro-has-access"},"yoast_head":"<!-- This site is optimized with the Yoast SEO plugin v27.5 - https:\/\/yoast.com\/product\/yoast-seo-wordpress\/ -->\n<title>Encontro da BM de Teut\u00f4nia com escolas da regi\u00e3o re\u00fane equipes diretivas e pais - Folha Popular<\/title>\n<meta name=\"robots\" content=\"index, follow, max-snippet:-1, max-image-preview:large, max-video-preview:-1\" \/>\n<link rel=\"canonical\" href=\"https:\/\/folhapopular.info\/index.php\/2023\/04\/19\/encontro-da-bm-de-teutonia-com-escolas-da-regiao-reune-equipes-diretivas-e-pais\/\" \/>\n<meta property=\"og:locale\" content=\"pt_BR\" \/>\n<meta property=\"og:type\" content=\"article\" \/>\n<meta property=\"og:title\" content=\"Encontro da BM de Teut\u00f4nia com escolas da regi\u00e3o re\u00fane equipes diretivas e pais - Folha Popular\" \/>\n<meta property=\"og:description\" content=\"Mais de 260 pessoas participaram do projeto Encontro com as Escolas na segunda-feira (17\/4), realizado pela Brigada Militar em parceria com as Prefeituras de Teut\u00f4nia, Po\u00e7o das Antas, Westf\u00e1lia e Paverama. O evento reuniu as equipes diretivas das escolas da rede p\u00fablica municipal, estadual e comunit\u00e1ria, da rede privada dos munic\u00edpios, al\u00e9m de pais representantes [&hellip;]\" \/>\n<meta property=\"og:url\" content=\"https:\/\/folhapopular.info\/index.php\/2023\/04\/19\/encontro-da-bm-de-teutonia-com-escolas-da-regiao-reune-equipes-diretivas-e-pais\/\" \/>\n<meta property=\"og:site_name\" content=\"Folha Popular\" \/>\n<meta property=\"article:published_time\" content=\"2023-04-19T11:06:25+00:00\" \/>\n<meta property=\"article:modified_time\" content=\"2023-04-19T11:07:02+00:00\" \/>\n<meta property=\"og:image\" content=\"http:\/\/folhapopular.info\/wp-content\/uploads\/2023\/04\/WhatsApp-Image-2023-04-18-at-18.45.15.jpeg\" \/>\n\t<meta property=\"og:image:width\" content=\"1600\" \/>\n\t<meta property=\"og:image:height\" content=\"1200\" \/>\n\t<meta property=\"og:image:type\" content=\"image\/jpeg\" \/>\n<meta name=\"author\" content=\"J\u00falio C\u00e9sar Lenhard\" \/>\n<meta name=\"twitter:card\" content=\"summary_large_image\" \/>\n<meta name=\"twitter:label1\" content=\"Escrito por\" \/>\n\t<meta name=\"twitter:data1\" content=\"J\u00falio C\u00e9sar Lenhard\" \/>\n\t<meta name=\"twitter:label2\" content=\"Est. tempo de leitura\" \/>\n\t<meta name=\"twitter:data2\" content=\"2 minutos\" \/>\n<script type=\"application\/ld+json\" class=\"yoast-schema-graph\">{\"@context\":\"https:\\\/\\\/schema.org\",\"@graph\":[{\"@type\":\"Article\",\"@id\":\"https:\\\/\\\/folhapopular.info\\\/index.php\\\/2023\\\/04\\\/19\\\/encontro-da-bm-de-teutonia-com-escolas-da-regiao-reune-equipes-diretivas-e-pais\\\/#article\",\"isPartOf\":{\"@id\":\"https:\\\/\\\/folhapopular.info\\\/index.php\\\/2023\\\/04\\\/19\\\/encontro-da-bm-de-teutonia-com-escolas-da-regiao-reune-equipes-diretivas-e-pais\\\/\"},\"author\":{\"name\":\"J\u00falio C\u00e9sar Lenhard\",\"@id\":\"https:\\\/\\\/folhapopular.info\\\/#\\\/schema\\\/person\\\/2c678f1be6a810fa1aa8786f135b80d8\"},\"headline\":\"Encontro da BM de Teut\u00f4nia com escolas da regi\u00e3o re\u00fane equipes diretivas e pais\",\"datePublished\":\"2023-04-19T11:06:25+00:00\",\"dateModified\":\"2023-04-19T11:07:02+00:00\",\"mainEntityOfPage\":{\"@id\":\"https:\\\/\\\/folhapopular.info\\\/index.php\\\/2023\\\/04\\\/19\\\/encontro-da-bm-de-teutonia-com-escolas-da-regiao-reune-equipes-diretivas-e-pais\\\/\"},\"wordCount\":365,\"commentCount\":0,\"image\":{\"@id\":\"https:\\\/\\\/folhapopular.info\\\/index.php\\\/2023\\\/04\\\/19\\\/encontro-da-bm-de-teutonia-com-escolas-da-regiao-reune-equipes-diretivas-e-pais\\\/#primaryimage\"},\"thumbnailUrl\":\"https:\\\/\\\/folhapopular.info\\\/wp-content\\\/uploads\\\/2023\\\/04\\\/WhatsApp-Image-2023-04-18-at-18.45.15.jpeg\",\"keywords\":[\"brigada militar teut\u00f4nia\",\"Educa\u00e7\u00e3o\",\"Paverama\",\"Po\u00e7o das Antas\",\"Seguran\u00e7a\",\"Teut\u00f4nia\",\"Westf\u00e1lia\"],\"articleSection\":[\"Destaques\",\"Educa\u00e7\u00e3o\",\"Geral\",\"Seguran\u00e7a\"],\"inLanguage\":\"pt-BR\",\"potentialAction\":[{\"@type\":\"CommentAction\",\"name\":\"Comment\",\"target\":[\"https:\\\/\\\/folhapopular.info\\\/index.php\\\/2023\\\/04\\\/19\\\/encontro-da-bm-de-teutonia-com-escolas-da-regiao-reune-equipes-diretivas-e-pais\\\/#respond\"]}]},{\"@type\":\"WebPage\",\"@id\":\"https:\\\/\\\/folhapopular.info\\\/index.php\\\/2023\\\/04\\\/19\\\/encontro-da-bm-de-teutonia-com-escolas-da-regiao-reune-equipes-diretivas-e-pais\\\/\",\"url\":\"https:\\\/\\\/folhapopular.info\\\/index.php\\\/2023\\\/04\\\/19\\\/encontro-da-bm-de-teutonia-com-escolas-da-regiao-reune-equipes-diretivas-e-pais\\\/\",\"name\":\"Encontro da BM de Teut\u00f4nia com escolas da regi\u00e3o re\u00fane equipes diretivas e pais - Folha Popular\",\"isPartOf\":{\"@id\":\"https:\\\/\\\/folhapopular.info\\\/#website\"},\"primaryImageOfPage\":{\"@id\":\"https:\\\/\\\/folhapopular.info\\\/index.php\\\/2023\\\/04\\\/19\\\/encontro-da-bm-de-teutonia-com-escolas-da-regiao-reune-equipes-diretivas-e-pais\\\/#primaryimage\"},\"image\":{\"@id\":\"https:\\\/\\\/folhapopular.info\\\/index.php\\\/2023\\\/04\\\/19\\\/encontro-da-bm-de-teutonia-com-escolas-da-regiao-reune-equipes-diretivas-e-pais\\\/#primaryimage\"},\"thumbnailUrl\":\"https:\\\/\\\/folhapopular.info\\\/wp-content\\\/uploads\\\/2023\\\/04\\\/WhatsApp-Image-2023-04-18-at-18.45.15.jpeg\",\"datePublished\":\"2023-04-19T11:06:25+00:00\",\"dateModified\":\"2023-04-19T11:07:02+00:00\",\"author\":{\"@id\":\"https:\\\/\\\/folhapopular.info\\\/#\\\/schema\\\/person\\\/2c678f1be6a810fa1aa8786f135b80d8\"},\"breadcrumb\":{\"@id\":\"https:\\\/\\\/folhapopular.info\\\/index.php\\\/2023\\\/04\\\/19\\\/encontro-da-bm-de-teutonia-com-escolas-da-regiao-reune-equipes-diretivas-e-pais\\\/#breadcrumb\"},\"inLanguage\":\"pt-BR\",\"potentialAction\":[{\"@type\":\"ReadAction\",\"target\":[\"https:\\\/\\\/folhapopular.info\\\/index.php\\\/2023\\\/04\\\/19\\\/encontro-da-bm-de-teutonia-com-escolas-da-regiao-reune-equipes-diretivas-e-pais\\\/\"]}]},{\"@type\":\"ImageObject\",\"inLanguage\":\"pt-BR\",\"@id\":\"https:\\\/\\\/folhapopular.info\\\/index.php\\\/2023\\\/04\\\/19\\\/encontro-da-bm-de-teutonia-com-escolas-da-regiao-reune-equipes-diretivas-e-pais\\\/#primaryimage\",\"url\":\"https:\\\/\\\/folhapopular.info\\\/wp-content\\\/uploads\\\/2023\\\/04\\\/WhatsApp-Image-2023-04-18-at-18.45.15.jpeg\",\"contentUrl\":\"https:\\\/\\\/folhapopular.info\\\/wp-content\\\/uploads\\\/2023\\\/04\\\/WhatsApp-Image-2023-04-18-at-18.45.15.jpeg\",\"width\":1600,\"height\":1200,\"caption\":\"Cr\u00e9ditos: Brigada Militar de Teut\u00f4nia\"},{\"@type\":\"BreadcrumbList\",\"@id\":\"https:\\\/\\\/folhapopular.info\\\/index.php\\\/2023\\\/04\\\/19\\\/encontro-da-bm-de-teutonia-com-escolas-da-regiao-reune-equipes-diretivas-e-pais\\\/#breadcrumb\",\"itemListElement\":[{\"@type\":\"ListItem\",\"position\":1,\"name\":\"In\u00edcio\",\"item\":\"https:\\\/\\\/folhapopular.info\\\/\"},{\"@type\":\"ListItem\",\"position\":2,\"name\":\"Encontro da BM de Teut\u00f4nia com escolas da regi\u00e3o re\u00fane equipes diretivas e pais\"}]},{\"@type\":\"WebSite\",\"@id\":\"https:\\\/\\\/folhapopular.info\\\/#website\",\"url\":\"https:\\\/\\\/folhapopular.info\\\/\",\"name\":\"Folha Popular\",\"description\":\"Onde voc\u00ea tem vez e voz\",\"potentialAction\":[{\"@type\":\"SearchAction\",\"target\":{\"@type\":\"EntryPoint\",\"urlTemplate\":\"https:\\\/\\\/folhapopular.info\\\/?s={search_term_string}\"},\"query-input\":{\"@type\":\"PropertyValueSpecification\",\"valueRequired\":true,\"valueName\":\"search_term_string\"}}],\"inLanguage\":\"pt-BR\"},{\"@type\":\"Person\",\"@id\":\"https:\\\/\\\/folhapopular.info\\\/#\\\/schema\\\/person\\\/2c678f1be6a810fa1aa8786f135b80d8\",\"name\":\"J\u00falio C\u00e9sar Lenhard\",\"image\":{\"@type\":\"ImageObject\",\"inLanguage\":\"pt-BR\",\"@id\":\"https:\\\/\\\/secure.gravatar.com\\\/avatar\\\/5fc145ba28daff4b7a20678a28e78dc0d1082681a40346a925de39665b5d8cd6?s=96&d=mm&r=g\",\"url\":\"https:\\\/\\\/secure.gravatar.com\\\/avatar\\\/5fc145ba28daff4b7a20678a28e78dc0d1082681a40346a925de39665b5d8cd6?s=96&d=mm&r=g\",\"contentUrl\":\"https:\\\/\\\/secure.gravatar.com\\\/avatar\\\/5fc145ba28daff4b7a20678a28e78dc0d1082681a40346a925de39665b5d8cd6?s=96&d=mm&r=g\",\"caption\":\"J\u00falio C\u00e9sar Lenhard\"},\"url\":\"https:\\\/\\\/folhapopular.info\\\/index.php\\\/author\\\/julio_lenhardhotmail-com\\\/\"}]}<\/script>\n<!-- \/ Yoast SEO plugin. -->","yoast_head_json":{"title":"Encontro da BM de Teut\u00f4nia com escolas da regi\u00e3o re\u00fane equipes diretivas e pais - Folha Popular","robots":{"index":"index","follow":"follow","max-snippet":"max-snippet:-1","max-image-preview":"max-image-preview:large","max-video-preview":"max-video-preview:-1"},"canonical":"https:\/\/folhapopular.info\/index.php\/2023\/04\/19\/encontro-da-bm-de-teutonia-com-escolas-da-regiao-reune-equipes-diretivas-e-pais\/","og_locale":"pt_BR","og_type":"article","og_title":"Encontro da BM de Teut\u00f4nia com escolas da regi\u00e3o re\u00fane equipes diretivas e pais - Folha Popular","og_description":"Mais de 260 pessoas participaram do projeto Encontro com as Escolas na segunda-feira (17\/4), realizado pela Brigada Militar em parceria com as Prefeituras de Teut\u00f4nia, Po\u00e7o das Antas, Westf\u00e1lia e Paverama. O evento reuniu as equipes diretivas das escolas da rede p\u00fablica municipal, estadual e comunit\u00e1ria, da rede privada dos munic\u00edpios, al\u00e9m de pais representantes [&hellip;]","og_url":"https:\/\/folhapopular.info\/index.php\/2023\/04\/19\/encontro-da-bm-de-teutonia-com-escolas-da-regiao-reune-equipes-diretivas-e-pais\/","og_site_name":"Folha Popular","article_published_time":"2023-04-19T11:06:25+00:00","article_modified_time":"2023-04-19T11:07:02+00:00","og_image":[{"width":1600,"height":1200,"url":"http:\/\/folhapopular.info\/wp-content\/uploads\/2023\/04\/WhatsApp-Image-2023-04-18-at-18.45.15.jpeg","type":"image\/jpeg"}],"author":"J\u00falio C\u00e9sar Lenhard","twitter_card":"summary_large_image","twitter_misc":{"Escrito por":"J\u00falio C\u00e9sar Lenhard","Est. tempo de leitura":"2 minutos"},"schema":{"@context":"https:\/\/schema.org","@graph":[{"@type":"Article","@id":"https:\/\/folhapopular.info\/index.php\/2023\/04\/19\/encontro-da-bm-de-teutonia-com-escolas-da-regiao-reune-equipes-diretivas-e-pais\/#article","isPartOf":{"@id":"https:\/\/folhapopular.info\/index.php\/2023\/04\/19\/encontro-da-bm-de-teutonia-com-escolas-da-regiao-reune-equipes-diretivas-e-pais\/"},"author":{"name":"J\u00falio C\u00e9sar Lenhard","@id":"https:\/\/folhapopular.info\/#\/schema\/person\/2c678f1be6a810fa1aa8786f135b80d8"},"headline":"Encontro da BM de Teut\u00f4nia com escolas da regi\u00e3o re\u00fane equipes diretivas e pais","datePublished":"2023-04-19T11:06:25+00:00","dateModified":"2023-04-19T11:07:02+00:00","mainEntityOfPage":{"@id":"https:\/\/folhapopular.info\/index.php\/2023\/04\/19\/encontro-da-bm-de-teutonia-com-escolas-da-regiao-reune-equipes-diretivas-e-pais\/"},"wordCount":365,"commentCount":0,"image":{"@id":"https:\/\/folhapopular.info\/index.php\/2023\/04\/19\/encontro-da-bm-de-teutonia-com-escolas-da-regiao-reune-equipes-diretivas-e-pais\/#primaryimage"},"thumbnailUrl":"https:\/\/folhapopular.info\/wp-content\/uploads\/2023\/04\/WhatsApp-Image-2023-04-18-at-18.45.15.jpeg","keywords":["brigada militar teut\u00f4nia","Educa\u00e7\u00e3o","Paverama","Po\u00e7o das Antas","Seguran\u00e7a","Teut\u00f4nia","Westf\u00e1lia"],"articleSection":["Destaques","Educa\u00e7\u00e3o","Geral","Seguran\u00e7a"],"inLanguage":"pt-BR","potentialAction":[{"@type":"CommentAction","name":"Comment","target":["https:\/\/folhapopular.info\/index.php\/2023\/04\/19\/encontro-da-bm-de-teutonia-com-escolas-da-regiao-reune-equipes-diretivas-e-pais\/#respond"]}]},{"@type":"WebPage","@id":"https:\/\/folhapopular.info\/index.php\/2023\/04\/19\/encontro-da-bm-de-teutonia-com-escolas-da-regiao-reune-equipes-diretivas-e-pais\/","url":"https:\/\/folhapopular.info\/index.php\/2023\/04\/19\/encontro-da-bm-de-teutonia-com-escolas-da-regiao-reune-equipes-diretivas-e-pais\/","name":"Encontro da BM de Teut\u00f4nia com escolas da regi\u00e3o re\u00fane equipes diretivas e pais - Folha Popular","isPartOf":{"@id":"https:\/\/folhapopular.info\/#website"},"primaryImageOfPage":{"@id":"https:\/\/folhapopular.info\/index.php\/2023\/04\/19\/encontro-da-bm-de-teutonia-com-escolas-da-regiao-reune-equipes-diretivas-e-pais\/#primaryimage"},"image":{"@id":"https:\/\/folhapopular.info\/index.php\/2023\/04\/19\/encontro-da-bm-de-teutonia-com-escolas-da-regiao-reune-equipes-diretivas-e-pais\/#primaryimage"},"thumbnailUrl":"https:\/\/folhapopular.info\/wp-content\/uploads\/2023\/04\/WhatsApp-Image-2023-04-18-at-18.45.15.jpeg","datePublished":"2023-04-19T11:06:25+00:00","dateModified":"2023-04-19T11:07:02+00:00","author":{"@id":"https:\/\/folhapopular.info\/#\/schema\/person\/2c678f1be6a810fa1aa8786f135b80d8"},"breadcrumb":{"@id":"https:\/\/folhapopular.info\/index.php\/2023\/04\/19\/encontro-da-bm-de-teutonia-com-escolas-da-regiao-reune-equipes-diretivas-e-pais\/#breadcrumb"},"inLanguage":"pt-BR","potentialAction":[{"@type":"ReadAction","target":["https:\/\/folhapopular.info\/index.php\/2023\/04\/19\/encontro-da-bm-de-teutonia-com-escolas-da-regiao-reune-equipes-diretivas-e-pais\/"]}]},{"@type":"ImageObject","inLanguage":"pt-BR","@id":"https:\/\/folhapopular.info\/index.php\/2023\/04\/19\/encontro-da-bm-de-teutonia-com-escolas-da-regiao-reune-equipes-diretivas-e-pais\/#primaryimage","url":"https:\/\/folhapopular.info\/wp-content\/uploads\/2023\/04\/WhatsApp-Image-2023-04-18-at-18.45.15.jpeg","contentUrl":"https:\/\/folhapopular.info\/wp-content\/uploads\/2023\/04\/WhatsApp-Image-2023-04-18-at-18.45.15.jpeg","width":1600,"height":1200,"caption":"Cr\u00e9ditos: Brigada Militar de Teut\u00f4nia"},{"@type":"BreadcrumbList","@id":"https:\/\/folhapopular.info\/index.php\/2023\/04\/19\/encontro-da-bm-de-teutonia-com-escolas-da-regiao-reune-equipes-diretivas-e-pais\/#breadcrumb","itemListElement":[{"@type":"ListItem","position":1,"name":"In\u00edcio","item":"https:\/\/folhapopular.info\/"},{"@type":"ListItem","position":2,"name":"Encontro da BM de Teut\u00f4nia com escolas da regi\u00e3o re\u00fane equipes diretivas e pais"}]},{"@type":"WebSite","@id":"https:\/\/folhapopular.info\/#website","url":"https:\/\/folhapopular.info\/","name":"Folha Popular","description":"Onde voc\u00ea tem vez e voz","potentialAction":[{"@type":"SearchAction","target":{"@type":"EntryPoint","urlTemplate":"https:\/\/folhapopular.info\/?s={search_term_string}"},"query-input":{"@type":"PropertyValueSpecification","valueRequired":true,"valueName":"search_term_string"}}],"inLanguage":"pt-BR"},{"@type":"Person","@id":"https:\/\/folhapopular.info\/#\/schema\/person\/2c678f1be6a810fa1aa8786f135b80d8","name":"J\u00falio C\u00e9sar Lenhard","image":{"@type":"ImageObject","inLanguage":"pt-BR","@id":"https:\/\/secure.gravatar.com\/avatar\/5fc145ba28daff4b7a20678a28e78dc0d1082681a40346a925de39665b5d8cd6?s=96&d=mm&r=g","url":"https:\/\/secure.gravatar.com\/avatar\/5fc145ba28daff4b7a20678a28e78dc0d1082681a40346a925de39665b5d8cd6?s=96&d=mm&r=g","contentUrl":"https:\/\/secure.gravatar.com\/avatar\/5fc145ba28daff4b7a20678a28e78dc0d1082681a40346a925de39665b5d8cd6?s=96&d=mm&r=g","caption":"J\u00falio C\u00e9sar Lenhard"},"url":"https:\/\/folhapopular.info\/index.php\/author\/julio_lenhardhotmail-com\/"}]}},"jetpack_featured_media_url":"https:\/\/folhapopular.info\/wp-content\/uploads\/2023\/04\/WhatsApp-Image-2023-04-18-at-18.45.15.jpeg","jetpack_sharing_enabled":true,"amp_enabled":true,"_links":{"self":[{"href":"https:\/\/folhapopular.info\/index.php\/wp-json\/wp\/v2\/posts\/126116","targetHints":{"allow":["GET"]}}],"collection":[{"href":"https:\/\/folhapopular.info\/index.php\/wp-json\/wp\/v2\/posts"}],"about":[{"href":"https:\/\/folhapopular.info\/index.php\/wp-json\/wp\/v2\/types\/post"}],"author":[{"embeddable":true,"href":"https:\/\/folhapopular.info\/index.php\/wp-json\/wp\/v2\/users\/646"}],"replies":[{"embeddable":true,"href":"https:\/\/folhapopular.info\/index.php\/wp-json\/wp\/v2\/comments?post=126116"}],"version-history":[{"count":0,"href":"https:\/\/folhapopular.info\/index.php\/wp-json\/wp\/v2\/posts\/126116\/revisions"}],"wp:featuredmedia":[{"embeddable":true,"href":"https:\/\/folhapopular.info\/index.php\/wp-json\/wp\/v2\/media\/126118"}],"wp:attachment":[{"href":"https:\/\/folhapopular.info\/index.php\/wp-json\/wp\/v2\/media?parent=126116"}],"wp:term":[{"taxonomy":"category","embeddable":true,"href":"https:\/\/folhapopular.info\/index.php\/wp-json\/wp\/v2\/categories?post=126116"},{"taxonomy":"post_tag","embeddable":true,"href":"https:\/\/folhapopular.info\/index.php\/wp-json\/wp\/v2\/tags?post=126116"}],"curies":[{"name":"wp","href":"https:\/\/api.w.org\/{rel}","templated":true}]}}