{"id":126167,"date":"2023-04-19T13:44:11","date_gmt":"2023-04-19T16:44:11","guid":{"rendered":"https:\/\/folhapopular.info\/?p=126167"},"modified":"2023-04-19T13:44:14","modified_gmt":"2023-04-19T16:44:14","slug":"prf-prende-mulher-com-pistola-e-municoes-em-lajeado","status":"publish","type":"post","link":"https:\/\/folhapopular.info\/index.php\/2023\/04\/19\/prf-prende-mulher-com-pistola-e-municoes-em-lajeado\/","title":{"rendered":"PRF prende mulher com pistola e muni\u00e7\u00f5es em Lajeado"},"content":{"rendered":"\n<p>Na manh\u00e3 desta quarta-feira (19\/4), na BR-386, a Pol\u00edcia Rodovi\u00e1ria Federal prendeu uma mulher transportando uma pistola dentro de uma sacola. Ela viajava em um \u00f4nibus.<\/p>\n\n\n\n<p>Os policiais realizavam opera\u00e7\u00e3o de enfrentamento \u00e0 criminalidade na rodovia quando abordaram um \u00f4nibus que fazia linha Foz do Igua\u00e7u-Porto Alegre.<\/p>\n\n\n\n<p>Durante a identifica\u00e7\u00e3o dos ocupantes, os policiais viram que uma das passageiras tentou esconder uma sacola pl\u00e1stica embaixo de uma manta sobre o banco, instante em que verificaram o seu interior e encontraram uma pistola calibre 9mm, quatro carregadores e seis muni\u00e7\u00f5es.<\/p>\n\n\n\n<p>A dona da sacola, de 19 anos, natural de Foz do Igua\u00e7u\/PR, n\u00e3o possu\u00eda antecedentes criminais e disse aos policiais que receberia R$ 1.500  para fazer o transporte da arma de Foz do Igua\u00e7u at\u00e9 Porto Alegre. Ela foi presa por tr\u00e1fico internacional de arma de fogo e conduzida \u00e0 pol\u00edcia judici\u00e1ria em Santa Cruz do Sul.<\/p>\n","protected":false},"excerpt":{"rendered":"<p>Na manh\u00e3 desta quarta-feira (19\/4), na BR-386, a Pol\u00edcia Rodovi\u00e1ria Federal prendeu uma mulher transportando uma pistola dentro de uma sacola. Ela viajava em um \u00f4nibus. Os policiais realizavam opera\u00e7\u00e3o de enfrentamento \u00e0 criminalidade na rodovia quando abordaram um \u00f4nibus que fazia linha Foz do Igua\u00e7u-Porto Alegre. Durante a identifica\u00e7\u00e3o dos ocupantes, os policiais viram [&hellip;]<\/p>\n","protected":false},"author":646,"featured_media":126168,"comment_status":"open","ping_status":"open","sticky":false,"template":"","format":"standard","meta":{"pmpro_default_level":"","_jetpack_memberships_contains_paid_content":false,"footnotes":""},"categories":[10982,7],"tags":[1833,27,106,293,540],"class_list":{"0":"post-126167","1":"post","2":"type-post","3":"status-publish","4":"format-standard","5":"has-post-thumbnail","7":"category-policia","8":"category-seguranca","9":"tag-arma-de-fogo","10":"tag-lajeado","11":"tag-policia","12":"tag-policia-rodoviaria-federal","13":"tag-trafico","14":"pmpro-has-access"},"yoast_head":"<!-- This site is optimized with the Yoast SEO plugin v27.5 - https:\/\/yoast.com\/product\/yoast-seo-wordpress\/ -->\n<title>PRF prende mulher com pistola e muni\u00e7\u00f5es em Lajeado - Folha Popular<\/title>\n<meta name=\"robots\" content=\"index, follow, max-snippet:-1, max-image-preview:large, max-video-preview:-1\" \/>\n<link rel=\"canonical\" href=\"https:\/\/folhapopular.info\/index.php\/2023\/04\/19\/prf-prende-mulher-com-pistola-e-municoes-em-lajeado\/\" \/>\n<meta property=\"og:locale\" content=\"pt_BR\" \/>\n<meta property=\"og:type\" content=\"article\" \/>\n<meta property=\"og:title\" content=\"PRF prende mulher com pistola e muni\u00e7\u00f5es em Lajeado - Folha Popular\" \/>\n<meta property=\"og:description\" content=\"Na manh\u00e3 desta quarta-feira (19\/4), na BR-386, a Pol\u00edcia Rodovi\u00e1ria Federal prendeu uma mulher transportando uma pistola dentro de uma sacola. Ela viajava em um \u00f4nibus. Os policiais realizavam opera\u00e7\u00e3o de enfrentamento \u00e0 criminalidade na rodovia quando abordaram um \u00f4nibus que fazia linha Foz do Igua\u00e7u-Porto Alegre. Durante a identifica\u00e7\u00e3o dos ocupantes, os policiais viram [&hellip;]\" \/>\n<meta property=\"og:url\" content=\"https:\/\/folhapopular.info\/index.php\/2023\/04\/19\/prf-prende-mulher-com-pistola-e-municoes-em-lajeado\/\" \/>\n<meta property=\"og:site_name\" content=\"Folha Popular\" \/>\n<meta property=\"article:published_time\" content=\"2023-04-19T16:44:11+00:00\" \/>\n<meta property=\"article:modified_time\" content=\"2023-04-19T16:44:14+00:00\" \/>\n<meta property=\"og:image\" content=\"http:\/\/folhapopular.info\/wp-content\/uploads\/2023\/04\/WhatsApp-Image-2023-04-19-at-13.10.27.jpeg\" \/>\n\t<meta property=\"og:image:width\" content=\"1600\" \/>\n\t<meta property=\"og:image:height\" content=\"900\" \/>\n\t<meta property=\"og:image:type\" content=\"image\/jpeg\" \/>\n<meta name=\"author\" content=\"J\u00falio C\u00e9sar Lenhard\" \/>\n<meta name=\"twitter:card\" content=\"summary_large_image\" \/>\n<meta name=\"twitter:label1\" content=\"Escrito por\" \/>\n\t<meta name=\"twitter:data1\" content=\"J\u00falio C\u00e9sar Lenhard\" \/>\n\t<meta name=\"twitter:label2\" content=\"Est. tempo de leitura\" \/>\n\t<meta name=\"twitter:data2\" content=\"1 minuto\" \/>\n<script type=\"application\/ld+json\" class=\"yoast-schema-graph\">{\"@context\":\"https:\\\/\\\/schema.org\",\"@graph\":[{\"@type\":\"Article\",\"@id\":\"https:\\\/\\\/folhapopular.info\\\/index.php\\\/2023\\\/04\\\/19\\\/prf-prende-mulher-com-pistola-e-municoes-em-lajeado\\\/#article\",\"isPartOf\":{\"@id\":\"https:\\\/\\\/folhapopular.info\\\/index.php\\\/2023\\\/04\\\/19\\\/prf-prende-mulher-com-pistola-e-municoes-em-lajeado\\\/\"},\"author\":{\"name\":\"J\u00falio C\u00e9sar Lenhard\",\"@id\":\"https:\\\/\\\/folhapopular.info\\\/#\\\/schema\\\/person\\\/2c678f1be6a810fa1aa8786f135b80d8\"},\"headline\":\"PRF prende mulher com pistola e muni\u00e7\u00f5es em Lajeado\",\"datePublished\":\"2023-04-19T16:44:11+00:00\",\"dateModified\":\"2023-04-19T16:44:14+00:00\",\"mainEntityOfPage\":{\"@id\":\"https:\\\/\\\/folhapopular.info\\\/index.php\\\/2023\\\/04\\\/19\\\/prf-prende-mulher-com-pistola-e-municoes-em-lajeado\\\/\"},\"wordCount\":166,\"commentCount\":0,\"image\":{\"@id\":\"https:\\\/\\\/folhapopular.info\\\/index.php\\\/2023\\\/04\\\/19\\\/prf-prende-mulher-com-pistola-e-municoes-em-lajeado\\\/#primaryimage\"},\"thumbnailUrl\":\"https:\\\/\\\/folhapopular.info\\\/wp-content\\\/uploads\\\/2023\\\/04\\\/WhatsApp-Image-2023-04-19-at-13.10.27.jpeg\",\"keywords\":[\"arma de fogo\",\"Lajeado\",\"Pol\u00edcia\",\"Pol\u00edcia Rodovi\u00e1ria Federal\",\"tr\u00e1fico\"],\"articleSection\":[\"Pol\u00edcia\",\"Seguran\u00e7a\"],\"inLanguage\":\"pt-BR\",\"potentialAction\":[{\"@type\":\"CommentAction\",\"name\":\"Comment\",\"target\":[\"https:\\\/\\\/folhapopular.info\\\/index.php\\\/2023\\\/04\\\/19\\\/prf-prende-mulher-com-pistola-e-municoes-em-lajeado\\\/#respond\"]}]},{\"@type\":\"WebPage\",\"@id\":\"https:\\\/\\\/folhapopular.info\\\/index.php\\\/2023\\\/04\\\/19\\\/prf-prende-mulher-com-pistola-e-municoes-em-lajeado\\\/\",\"url\":\"https:\\\/\\\/folhapopular.info\\\/index.php\\\/2023\\\/04\\\/19\\\/prf-prende-mulher-com-pistola-e-municoes-em-lajeado\\\/\",\"name\":\"PRF prende mulher com pistola e muni\u00e7\u00f5es em Lajeado - Folha Popular\",\"isPartOf\":{\"@id\":\"https:\\\/\\\/folhapopular.info\\\/#website\"},\"primaryImageOfPage\":{\"@id\":\"https:\\\/\\\/folhapopular.info\\\/index.php\\\/2023\\\/04\\\/19\\\/prf-prende-mulher-com-pistola-e-municoes-em-lajeado\\\/#primaryimage\"},\"image\":{\"@id\":\"https:\\\/\\\/folhapopular.info\\\/index.php\\\/2023\\\/04\\\/19\\\/prf-prende-mulher-com-pistola-e-municoes-em-lajeado\\\/#primaryimage\"},\"thumbnailUrl\":\"https:\\\/\\\/folhapopular.info\\\/wp-content\\\/uploads\\\/2023\\\/04\\\/WhatsApp-Image-2023-04-19-at-13.10.27.jpeg\",\"datePublished\":\"2023-04-19T16:44:11+00:00\",\"dateModified\":\"2023-04-19T16:44:14+00:00\",\"author\":{\"@id\":\"https:\\\/\\\/folhapopular.info\\\/#\\\/schema\\\/person\\\/2c678f1be6a810fa1aa8786f135b80d8\"},\"breadcrumb\":{\"@id\":\"https:\\\/\\\/folhapopular.info\\\/index.php\\\/2023\\\/04\\\/19\\\/prf-prende-mulher-com-pistola-e-municoes-em-lajeado\\\/#breadcrumb\"},\"inLanguage\":\"pt-BR\",\"potentialAction\":[{\"@type\":\"ReadAction\",\"target\":[\"https:\\\/\\\/folhapopular.info\\\/index.php\\\/2023\\\/04\\\/19\\\/prf-prende-mulher-com-pistola-e-municoes-em-lajeado\\\/\"]}]},{\"@type\":\"ImageObject\",\"inLanguage\":\"pt-BR\",\"@id\":\"https:\\\/\\\/folhapopular.info\\\/index.php\\\/2023\\\/04\\\/19\\\/prf-prende-mulher-com-pistola-e-municoes-em-lajeado\\\/#primaryimage\",\"url\":\"https:\\\/\\\/folhapopular.info\\\/wp-content\\\/uploads\\\/2023\\\/04\\\/WhatsApp-Image-2023-04-19-at-13.10.27.jpeg\",\"contentUrl\":\"https:\\\/\\\/folhapopular.info\\\/wp-content\\\/uploads\\\/2023\\\/04\\\/WhatsApp-Image-2023-04-19-at-13.10.27.jpeg\",\"width\":1600,\"height\":900,\"caption\":\"Cr\u00e9dito: PRF\"},{\"@type\":\"BreadcrumbList\",\"@id\":\"https:\\\/\\\/folhapopular.info\\\/index.php\\\/2023\\\/04\\\/19\\\/prf-prende-mulher-com-pistola-e-municoes-em-lajeado\\\/#breadcrumb\",\"itemListElement\":[{\"@type\":\"ListItem\",\"position\":1,\"name\":\"In\u00edcio\",\"item\":\"https:\\\/\\\/folhapopular.info\\\/\"},{\"@type\":\"ListItem\",\"position\":2,\"name\":\"PRF prende mulher com pistola e muni\u00e7\u00f5es em Lajeado\"}]},{\"@type\":\"WebSite\",\"@id\":\"https:\\\/\\\/folhapopular.info\\\/#website\",\"url\":\"https:\\\/\\\/folhapopular.info\\\/\",\"name\":\"Folha Popular\",\"description\":\"Onde voc\u00ea tem vez e voz\",\"potentialAction\":[{\"@type\":\"SearchAction\",\"target\":{\"@type\":\"EntryPoint\",\"urlTemplate\":\"https:\\\/\\\/folhapopular.info\\\/?s={search_term_string}\"},\"query-input\":{\"@type\":\"PropertyValueSpecification\",\"valueRequired\":true,\"valueName\":\"search_term_string\"}}],\"inLanguage\":\"pt-BR\"},{\"@type\":\"Person\",\"@id\":\"https:\\\/\\\/folhapopular.info\\\/#\\\/schema\\\/person\\\/2c678f1be6a810fa1aa8786f135b80d8\",\"name\":\"J\u00falio C\u00e9sar Lenhard\",\"image\":{\"@type\":\"ImageObject\",\"inLanguage\":\"pt-BR\",\"@id\":\"https:\\\/\\\/secure.gravatar.com\\\/avatar\\\/5fc145ba28daff4b7a20678a28e78dc0d1082681a40346a925de39665b5d8cd6?s=96&d=mm&r=g\",\"url\":\"https:\\\/\\\/secure.gravatar.com\\\/avatar\\\/5fc145ba28daff4b7a20678a28e78dc0d1082681a40346a925de39665b5d8cd6?s=96&d=mm&r=g\",\"contentUrl\":\"https:\\\/\\\/secure.gravatar.com\\\/avatar\\\/5fc145ba28daff4b7a20678a28e78dc0d1082681a40346a925de39665b5d8cd6?s=96&d=mm&r=g\",\"caption\":\"J\u00falio C\u00e9sar Lenhard\"},\"url\":\"https:\\\/\\\/folhapopular.info\\\/index.php\\\/author\\\/julio_lenhardhotmail-com\\\/\"}]}<\/script>\n<!-- \/ Yoast SEO plugin. -->","yoast_head_json":{"title":"PRF prende mulher com pistola e muni\u00e7\u00f5es em Lajeado - Folha Popular","robots":{"index":"index","follow":"follow","max-snippet":"max-snippet:-1","max-image-preview":"max-image-preview:large","max-video-preview":"max-video-preview:-1"},"canonical":"https:\/\/folhapopular.info\/index.php\/2023\/04\/19\/prf-prende-mulher-com-pistola-e-municoes-em-lajeado\/","og_locale":"pt_BR","og_type":"article","og_title":"PRF prende mulher com pistola e muni\u00e7\u00f5es em Lajeado - Folha Popular","og_description":"Na manh\u00e3 desta quarta-feira (19\/4), na BR-386, a Pol\u00edcia Rodovi\u00e1ria Federal prendeu uma mulher transportando uma pistola dentro de uma sacola. Ela viajava em um \u00f4nibus. Os policiais realizavam opera\u00e7\u00e3o de enfrentamento \u00e0 criminalidade na rodovia quando abordaram um \u00f4nibus que fazia linha Foz do Igua\u00e7u-Porto Alegre. Durante a identifica\u00e7\u00e3o dos ocupantes, os policiais viram [&hellip;]","og_url":"https:\/\/folhapopular.info\/index.php\/2023\/04\/19\/prf-prende-mulher-com-pistola-e-municoes-em-lajeado\/","og_site_name":"Folha Popular","article_published_time":"2023-04-19T16:44:11+00:00","article_modified_time":"2023-04-19T16:44:14+00:00","og_image":[{"width":1600,"height":900,"url":"http:\/\/folhapopular.info\/wp-content\/uploads\/2023\/04\/WhatsApp-Image-2023-04-19-at-13.10.27.jpeg","type":"image\/jpeg"}],"author":"J\u00falio C\u00e9sar Lenhard","twitter_card":"summary_large_image","twitter_misc":{"Escrito por":"J\u00falio C\u00e9sar Lenhard","Est. tempo de leitura":"1 minuto"},"schema":{"@context":"https:\/\/schema.org","@graph":[{"@type":"Article","@id":"https:\/\/folhapopular.info\/index.php\/2023\/04\/19\/prf-prende-mulher-com-pistola-e-municoes-em-lajeado\/#article","isPartOf":{"@id":"https:\/\/folhapopular.info\/index.php\/2023\/04\/19\/prf-prende-mulher-com-pistola-e-municoes-em-lajeado\/"},"author":{"name":"J\u00falio C\u00e9sar Lenhard","@id":"https:\/\/folhapopular.info\/#\/schema\/person\/2c678f1be6a810fa1aa8786f135b80d8"},"headline":"PRF prende mulher com pistola e muni\u00e7\u00f5es em Lajeado","datePublished":"2023-04-19T16:44:11+00:00","dateModified":"2023-04-19T16:44:14+00:00","mainEntityOfPage":{"@id":"https:\/\/folhapopular.info\/index.php\/2023\/04\/19\/prf-prende-mulher-com-pistola-e-municoes-em-lajeado\/"},"wordCount":166,"commentCount":0,"image":{"@id":"https:\/\/folhapopular.info\/index.php\/2023\/04\/19\/prf-prende-mulher-com-pistola-e-municoes-em-lajeado\/#primaryimage"},"thumbnailUrl":"https:\/\/folhapopular.info\/wp-content\/uploads\/2023\/04\/WhatsApp-Image-2023-04-19-at-13.10.27.jpeg","keywords":["arma de fogo","Lajeado","Pol\u00edcia","Pol\u00edcia Rodovi\u00e1ria Federal","tr\u00e1fico"],"articleSection":["Pol\u00edcia","Seguran\u00e7a"],"inLanguage":"pt-BR","potentialAction":[{"@type":"CommentAction","name":"Comment","target":["https:\/\/folhapopular.info\/index.php\/2023\/04\/19\/prf-prende-mulher-com-pistola-e-municoes-em-lajeado\/#respond"]}]},{"@type":"WebPage","@id":"https:\/\/folhapopular.info\/index.php\/2023\/04\/19\/prf-prende-mulher-com-pistola-e-municoes-em-lajeado\/","url":"https:\/\/folhapopular.info\/index.php\/2023\/04\/19\/prf-prende-mulher-com-pistola-e-municoes-em-lajeado\/","name":"PRF prende mulher com pistola e muni\u00e7\u00f5es em Lajeado - Folha Popular","isPartOf":{"@id":"https:\/\/folhapopular.info\/#website"},"primaryImageOfPage":{"@id":"https:\/\/folhapopular.info\/index.php\/2023\/04\/19\/prf-prende-mulher-com-pistola-e-municoes-em-lajeado\/#primaryimage"},"image":{"@id":"https:\/\/folhapopular.info\/index.php\/2023\/04\/19\/prf-prende-mulher-com-pistola-e-municoes-em-lajeado\/#primaryimage"},"thumbnailUrl":"https:\/\/folhapopular.info\/wp-content\/uploads\/2023\/04\/WhatsApp-Image-2023-04-19-at-13.10.27.jpeg","datePublished":"2023-04-19T16:44:11+00:00","dateModified":"2023-04-19T16:44:14+00:00","author":{"@id":"https:\/\/folhapopular.info\/#\/schema\/person\/2c678f1be6a810fa1aa8786f135b80d8"},"breadcrumb":{"@id":"https:\/\/folhapopular.info\/index.php\/2023\/04\/19\/prf-prende-mulher-com-pistola-e-municoes-em-lajeado\/#breadcrumb"},"inLanguage":"pt-BR","potentialAction":[{"@type":"ReadAction","target":["https:\/\/folhapopular.info\/index.php\/2023\/04\/19\/prf-prende-mulher-com-pistola-e-municoes-em-lajeado\/"]}]},{"@type":"ImageObject","inLanguage":"pt-BR","@id":"https:\/\/folhapopular.info\/index.php\/2023\/04\/19\/prf-prende-mulher-com-pistola-e-municoes-em-lajeado\/#primaryimage","url":"https:\/\/folhapopular.info\/wp-content\/uploads\/2023\/04\/WhatsApp-Image-2023-04-19-at-13.10.27.jpeg","contentUrl":"https:\/\/folhapopular.info\/wp-content\/uploads\/2023\/04\/WhatsApp-Image-2023-04-19-at-13.10.27.jpeg","width":1600,"height":900,"caption":"Cr\u00e9dito: PRF"},{"@type":"BreadcrumbList","@id":"https:\/\/folhapopular.info\/index.php\/2023\/04\/19\/prf-prende-mulher-com-pistola-e-municoes-em-lajeado\/#breadcrumb","itemListElement":[{"@type":"ListItem","position":1,"name":"In\u00edcio","item":"https:\/\/folhapopular.info\/"},{"@type":"ListItem","position":2,"name":"PRF prende mulher com pistola e muni\u00e7\u00f5es em Lajeado"}]},{"@type":"WebSite","@id":"https:\/\/folhapopular.info\/#website","url":"https:\/\/folhapopular.info\/","name":"Folha Popular","description":"Onde voc\u00ea tem vez e voz","potentialAction":[{"@type":"SearchAction","target":{"@type":"EntryPoint","urlTemplate":"https:\/\/folhapopular.info\/?s={search_term_string}"},"query-input":{"@type":"PropertyValueSpecification","valueRequired":true,"valueName":"search_term_string"}}],"inLanguage":"pt-BR"},{"@type":"Person","@id":"https:\/\/folhapopular.info\/#\/schema\/person\/2c678f1be6a810fa1aa8786f135b80d8","name":"J\u00falio C\u00e9sar Lenhard","image":{"@type":"ImageObject","inLanguage":"pt-BR","@id":"https:\/\/secure.gravatar.com\/avatar\/5fc145ba28daff4b7a20678a28e78dc0d1082681a40346a925de39665b5d8cd6?s=96&d=mm&r=g","url":"https:\/\/secure.gravatar.com\/avatar\/5fc145ba28daff4b7a20678a28e78dc0d1082681a40346a925de39665b5d8cd6?s=96&d=mm&r=g","contentUrl":"https:\/\/secure.gravatar.com\/avatar\/5fc145ba28daff4b7a20678a28e78dc0d1082681a40346a925de39665b5d8cd6?s=96&d=mm&r=g","caption":"J\u00falio C\u00e9sar Lenhard"},"url":"https:\/\/folhapopular.info\/index.php\/author\/julio_lenhardhotmail-com\/"}]}},"jetpack_featured_media_url":"https:\/\/folhapopular.info\/wp-content\/uploads\/2023\/04\/WhatsApp-Image-2023-04-19-at-13.10.27.jpeg","jetpack_sharing_enabled":true,"amp_enabled":true,"_links":{"self":[{"href":"https:\/\/folhapopular.info\/index.php\/wp-json\/wp\/v2\/posts\/126167","targetHints":{"allow":["GET"]}}],"collection":[{"href":"https:\/\/folhapopular.info\/index.php\/wp-json\/wp\/v2\/posts"}],"about":[{"href":"https:\/\/folhapopular.info\/index.php\/wp-json\/wp\/v2\/types\/post"}],"author":[{"embeddable":true,"href":"https:\/\/folhapopular.info\/index.php\/wp-json\/wp\/v2\/users\/646"}],"replies":[{"embeddable":true,"href":"https:\/\/folhapopular.info\/index.php\/wp-json\/wp\/v2\/comments?post=126167"}],"version-history":[{"count":0,"href":"https:\/\/folhapopular.info\/index.php\/wp-json\/wp\/v2\/posts\/126167\/revisions"}],"wp:featuredmedia":[{"embeddable":true,"href":"https:\/\/folhapopular.info\/index.php\/wp-json\/wp\/v2\/media\/126168"}],"wp:attachment":[{"href":"https:\/\/folhapopular.info\/index.php\/wp-json\/wp\/v2\/media?parent=126167"}],"wp:term":[{"taxonomy":"category","embeddable":true,"href":"https:\/\/folhapopular.info\/index.php\/wp-json\/wp\/v2\/categories?post=126167"},{"taxonomy":"post_tag","embeddable":true,"href":"https:\/\/folhapopular.info\/index.php\/wp-json\/wp\/v2\/tags?post=126167"}],"curies":[{"name":"wp","href":"https:\/\/api.w.org\/{rel}","templated":true}]}}