{"id":126176,"date":"2023-04-19T18:00:00","date_gmt":"2023-04-19T21:00:00","guid":{"rendered":"https:\/\/folhapopular.info\/?p=126176"},"modified":"2023-04-19T14:01:31","modified_gmt":"2023-04-19T17:01:31","slug":"professoras-da-univates-publicam-livros-infantis","status":"publish","type":"post","link":"https:\/\/folhapopular.info\/index.php\/2023\/04\/19\/professoras-da-univates-publicam-livros-infantis\/","title":{"rendered":"Professoras da Univates publicam livros infantis"},"content":{"rendered":"\n<p>Atrav\u00e9s da Editora Appris duas docentes da <a href=\"http:\/\/www.univates.br\/\" target=\"_blank\" rel=\"noreferrer noopener\">Universidade do Vale do Taquari (Univates)<\/a>, Morgana Dom\u00eanica Hattge e Suzana Feldens Schwertner, compartilham hist\u00f3rias infantis.<\/p>\n\n\n\n<p>As obras podem ser adquiridas <em>on-line<\/em> ou diretamente com as docentes, por meio de contato pelo WhatsApp (51) 998089823 (Suzana) e <a href=\"https:\/\/www.instagram.com\/maria_najanela\/\" target=\"_blank\" rel=\"noreferrer noopener\">deste <em>link<\/em><\/a> (Morgana). Ambos os livros ser\u00e3o lan\u00e7ados no dia 25 de abril, em evento aberto ao p\u00fablico a partir das 18h30min no Laborat\u00f3rio Labrinque, da Univates. <\/p>\n\n\n\n<p>Morgana Dom\u00eanica Hattge \u00e9 doutora em Educa\u00e7\u00e3o e atua nos cursos da \u00e1rea das Ci\u00eancias Humanas e Sociais Aplicadas e no Programa de P\u00f3s-Gradua\u00e7\u00e3o em Ensino (PPGEnsino) na Univates. Suzana Feldens Schwertner \u00e9 doutora em Educa\u00e7\u00e3o e atua nos cursos de gradua\u00e7\u00e3o da \u00e1rea de Ci\u00eancias da Vida, bem como no PPGEnsino. O lan\u00e7amento da obra faz parte da programa\u00e7\u00e3o do<a href=\"https:\/\/www.univates.br\/eventos\/evento\/9883-observatorio-da-literatura-infantil-e-juvenil\" target=\"_blank\" rel=\"noreferrer noopener\"> Observat\u00f3rio da literatura infantil e juvenil da Univates<\/a>.\u00a0<\/p>\n\n\n\n<p><strong>\u201cPor qu\u00ea?\u201d<\/strong><\/p>\n\n\n\n<p>O livro \u201cPor qu\u00ea?\u201d, de Morgana Dom\u00eanica Hattge, \u00e9 um elogio \u00e0s perguntas das crian\u00e7as, os famosos porqu\u00eas, muitas vezes amados e em certos momentos temidos pelas fam\u00edlias. \u201cNo livro ilustrado, a imagem n\u00e3o representa o que est\u00e1 escrito, simplesmente, mas acrescenta outras nuances \u00e0 hist\u00f3ria, traz elementos novos e convida o leitor a demorar-se na frui\u00e7\u00e3o do livro\u201d, explica a professora.&nbsp; Morgana destaca que as perguntas das crian\u00e7as s\u00e3o genu\u00ednas, n\u00e3o s\u00e3o perguntas ret\u00f3ricas. \u201cElas nos d\u00e3o a chance de ver o mundo de novo com um olhar de primeira vez. O livro quer celebrar o encantamento das crian\u00e7as, a curiosidade. Mas, para al\u00e9m disso, a hist\u00f3ria provoca os adultos a pensarem acerca da necessidade vital que temos de perguntar. Ainda, \u201cPor qu\u00ea?\u201d quer mostrar a pot\u00eancia da inf\u00e2ncia e convidar os adultos a uma escuta atenta e sens\u00edvel das crian\u00e7as com as quais convivem\u201d, detalha ela sobre a obra.&nbsp;&nbsp;<\/p>\n\n\n\n<p><strong>\u201cO sono tem dono?\u201d<\/strong><\/p>\n\n\n\n<p>No livro \u201cO sono tem dono?\u201d, um menino inquieto e que n\u00e3o consegue dormir vai em busca de respostas para essa dificuldade, encontrando no pai um interlocutor que o instiga ainda mais. Juntos, eles v\u00e3o elaborando poss\u00edveis respostas para descobrir quem \u00e9 o dono do sono. \u201cA ideia do livro j\u00e1 borbulhava h\u00e1 mais de tr\u00eas anos, em especial a partir da pandemia, em meio aos atendimentos de crian\u00e7as e adultos que realizo no consult\u00f3rio como psic\u00f3loga. A higiene do sono tem sido um tema dos mais importantes na atualidade &#8211; afinal, como estamos cuidando do nosso momento de descanso, t\u00e3o necess\u00e1rio ao final de cada dia?\u201d, questiona a docente. \u201cEntendo que o livro ilustrado pode abordar assuntos universais para adultos e crian\u00e7as, aproximando-os e os fazendo sentir e pensar de outros modos, mais liter\u00e1rios, mais livres e criativos\u201d, acrescenta ela.\u00a0<\/p>\n\n\n\n<figure class=\"wp-block-image size-full\"><img loading=\"lazy\" decoding=\"async\" width=\"739\" height=\"732\" src=\"https:\/\/folhapopular.info\/wp-content\/uploads\/2023\/04\/2-Divulgacao-da-obra-O-sono-tem-dono-Credito-Divulgacao.jpg\" alt=\"\" class=\"wp-image-126180\" srcset=\"https:\/\/folhapopular.info\/wp-content\/uploads\/2023\/04\/2-Divulgacao-da-obra-O-sono-tem-dono-Credito-Divulgacao.jpg 739w, https:\/\/folhapopular.info\/wp-content\/uploads\/2023\/04\/2-Divulgacao-da-obra-O-sono-tem-dono-Credito-Divulgacao-300x297.jpg 300w, https:\/\/folhapopular.info\/wp-content\/uploads\/2023\/04\/2-Divulgacao-da-obra-O-sono-tem-dono-Credito-Divulgacao-150x150.jpg 150w, https:\/\/folhapopular.info\/wp-content\/uploads\/2023\/04\/2-Divulgacao-da-obra-O-sono-tem-dono-Credito-Divulgacao-696x689.jpg 696w\" sizes=\"auto, (max-width: 739px) 100vw, 739px\" \/><figcaption class=\"wp-element-caption\">Obra &#8216;O sono tem dono?&#8217; \/ Cr\u00e9dito: AI<\/figcaption><\/figure>\n","protected":false},"excerpt":{"rendered":"<p>Atrav\u00e9s da Editora Appris duas docentes da Universidade do Vale do Taquari (Univates), Morgana Dom\u00eanica Hattge e Suzana Feldens Schwertner, compartilham hist\u00f3rias infantis. As obras podem ser adquiridas on-line ou diretamente com as docentes, por meio de contato pelo WhatsApp (51) 998089823 (Suzana) e deste link (Morgana). Ambos os livros ser\u00e3o lan\u00e7ados no dia 25 [&hellip;]<\/p>\n","protected":false},"author":8,"featured_media":126179,"comment_status":"open","ping_status":"open","sticky":false,"template":"","format":"standard","meta":{"pmpro_default_level":"","_jetpack_memberships_contains_paid_content":false,"footnotes":""},"categories":[10997],"tags":[2688,11893,5311,5294,8555,11890,9994,11889,83],"class_list":{"0":"post-126176","1":"post","2":"type-post","3":"status-publish","4":"format-standard","5":"has-post-thumbnail","7":"category-variedades","8":"tag-crianca","9":"tag-escritoras","10":"tag-infantil","11":"tag-livro","12":"tag-livro-infantil","13":"tag-por-que","14":"tag-professoras","15":"tag-sono","16":"tag-univates","17":"pmpro-has-access"},"yoast_head":"<!-- This site is optimized with the Yoast SEO plugin v27.5 - https:\/\/yoast.com\/product\/yoast-seo-wordpress\/ -->\n<title>Professoras da Univates publicam livros infantis - Folha Popular<\/title>\n<meta name=\"robots\" content=\"index, follow, max-snippet:-1, max-image-preview:large, max-video-preview:-1\" \/>\n<link rel=\"canonical\" href=\"https:\/\/folhapopular.info\/index.php\/2023\/04\/19\/professoras-da-univates-publicam-livros-infantis\/\" \/>\n<meta property=\"og:locale\" content=\"pt_BR\" \/>\n<meta property=\"og:type\" content=\"article\" \/>\n<meta property=\"og:title\" content=\"Professoras da Univates publicam livros infantis - Folha Popular\" \/>\n<meta property=\"og:description\" content=\"Atrav\u00e9s da Editora Appris duas docentes da Universidade do Vale do Taquari (Univates), Morgana Dom\u00eanica Hattge e Suzana Feldens Schwertner, compartilham hist\u00f3rias infantis. As obras podem ser adquiridas on-line ou diretamente com as docentes, por meio de contato pelo WhatsApp (51) 998089823 (Suzana) e deste link (Morgana). Ambos os livros ser\u00e3o lan\u00e7ados no dia 25 [&hellip;]\" \/>\n<meta property=\"og:url\" content=\"https:\/\/folhapopular.info\/index.php\/2023\/04\/19\/professoras-da-univates-publicam-livros-infantis\/\" \/>\n<meta property=\"og:site_name\" content=\"Folha Popular\" \/>\n<meta property=\"article:published_time\" content=\"2023-04-19T21:00:00+00:00\" \/>\n<meta property=\"og:image\" content=\"https:\/\/folhapopular.info\/wp-content\/uploads\/2023\/04\/5-Divulgacao-da-obra-Por-que-Credito-Divulgacao.jpg\" \/>\n\t<meta property=\"og:image:width\" content=\"1600\" \/>\n\t<meta property=\"og:image:height\" content=\"1437\" \/>\n\t<meta property=\"og:image:type\" content=\"image\/jpeg\" \/>\n<meta name=\"author\" content=\"Reda\u00e7\u00e3o Folha Popular\" \/>\n<meta name=\"twitter:card\" content=\"summary_large_image\" \/>\n<meta name=\"twitter:label1\" content=\"Escrito por\" \/>\n\t<meta name=\"twitter:data1\" content=\"Reda\u00e7\u00e3o Folha Popular\" \/>\n\t<meta name=\"twitter:label2\" content=\"Est. tempo de leitura\" \/>\n\t<meta name=\"twitter:data2\" content=\"3 minutos\" \/>\n<script type=\"application\/ld+json\" class=\"yoast-schema-graph\">{\"@context\":\"https:\\\/\\\/schema.org\",\"@graph\":[{\"@type\":\"Article\",\"@id\":\"https:\\\/\\\/folhapopular.info\\\/index.php\\\/2023\\\/04\\\/19\\\/professoras-da-univates-publicam-livros-infantis\\\/#article\",\"isPartOf\":{\"@id\":\"https:\\\/\\\/folhapopular.info\\\/index.php\\\/2023\\\/04\\\/19\\\/professoras-da-univates-publicam-livros-infantis\\\/\"},\"author\":{\"name\":\"Reda\u00e7\u00e3o Folha Popular\",\"@id\":\"https:\\\/\\\/folhapopular.info\\\/#\\\/schema\\\/person\\\/2814e8a0df7643585a9ca38bc6eb9d4b\"},\"headline\":\"Professoras da Univates publicam livros infantis\",\"datePublished\":\"2023-04-19T21:00:00+00:00\",\"mainEntityOfPage\":{\"@id\":\"https:\\\/\\\/folhapopular.info\\\/index.php\\\/2023\\\/04\\\/19\\\/professoras-da-univates-publicam-livros-infantis\\\/\"},\"wordCount\":498,\"commentCount\":0,\"image\":{\"@id\":\"https:\\\/\\\/folhapopular.info\\\/index.php\\\/2023\\\/04\\\/19\\\/professoras-da-univates-publicam-livros-infantis\\\/#primaryimage\"},\"thumbnailUrl\":\"https:\\\/\\\/folhapopular.info\\\/wp-content\\\/uploads\\\/2023\\\/04\\\/5-Divulgacao-da-obra-Por-que-Credito-Divulgacao.jpg\",\"keywords\":[\"crian\u00e7a\",\"escritoras\",\"infantil\",\"livro\",\"Livro infantil\",\"por que\",\"Professoras\",\"sono\",\"Univates\"],\"articleSection\":[\"Variedades\"],\"inLanguage\":\"pt-BR\",\"potentialAction\":[{\"@type\":\"CommentAction\",\"name\":\"Comment\",\"target\":[\"https:\\\/\\\/folhapopular.info\\\/index.php\\\/2023\\\/04\\\/19\\\/professoras-da-univates-publicam-livros-infantis\\\/#respond\"]}]},{\"@type\":\"WebPage\",\"@id\":\"https:\\\/\\\/folhapopular.info\\\/index.php\\\/2023\\\/04\\\/19\\\/professoras-da-univates-publicam-livros-infantis\\\/\",\"url\":\"https:\\\/\\\/folhapopular.info\\\/index.php\\\/2023\\\/04\\\/19\\\/professoras-da-univates-publicam-livros-infantis\\\/\",\"name\":\"Professoras da Univates publicam livros infantis - Folha Popular\",\"isPartOf\":{\"@id\":\"https:\\\/\\\/folhapopular.info\\\/#website\"},\"primaryImageOfPage\":{\"@id\":\"https:\\\/\\\/folhapopular.info\\\/index.php\\\/2023\\\/04\\\/19\\\/professoras-da-univates-publicam-livros-infantis\\\/#primaryimage\"},\"image\":{\"@id\":\"https:\\\/\\\/folhapopular.info\\\/index.php\\\/2023\\\/04\\\/19\\\/professoras-da-univates-publicam-livros-infantis\\\/#primaryimage\"},\"thumbnailUrl\":\"https:\\\/\\\/folhapopular.info\\\/wp-content\\\/uploads\\\/2023\\\/04\\\/5-Divulgacao-da-obra-Por-que-Credito-Divulgacao.jpg\",\"datePublished\":\"2023-04-19T21:00:00+00:00\",\"author\":{\"@id\":\"https:\\\/\\\/folhapopular.info\\\/#\\\/schema\\\/person\\\/2814e8a0df7643585a9ca38bc6eb9d4b\"},\"breadcrumb\":{\"@id\":\"https:\\\/\\\/folhapopular.info\\\/index.php\\\/2023\\\/04\\\/19\\\/professoras-da-univates-publicam-livros-infantis\\\/#breadcrumb\"},\"inLanguage\":\"pt-BR\",\"potentialAction\":[{\"@type\":\"ReadAction\",\"target\":[\"https:\\\/\\\/folhapopular.info\\\/index.php\\\/2023\\\/04\\\/19\\\/professoras-da-univates-publicam-livros-infantis\\\/\"]}]},{\"@type\":\"ImageObject\",\"inLanguage\":\"pt-BR\",\"@id\":\"https:\\\/\\\/folhapopular.info\\\/index.php\\\/2023\\\/04\\\/19\\\/professoras-da-univates-publicam-livros-infantis\\\/#primaryimage\",\"url\":\"https:\\\/\\\/folhapopular.info\\\/wp-content\\\/uploads\\\/2023\\\/04\\\/5-Divulgacao-da-obra-Por-que-Credito-Divulgacao.jpg\",\"contentUrl\":\"https:\\\/\\\/folhapopular.info\\\/wp-content\\\/uploads\\\/2023\\\/04\\\/5-Divulgacao-da-obra-Por-que-Credito-Divulgacao.jpg\",\"width\":1600,\"height\":1437,\"caption\":\"Livro Por qu\u00ea? \\\/ Cr\u00e9dito: Divulga\u00e7\u00e3o\"},{\"@type\":\"BreadcrumbList\",\"@id\":\"https:\\\/\\\/folhapopular.info\\\/index.php\\\/2023\\\/04\\\/19\\\/professoras-da-univates-publicam-livros-infantis\\\/#breadcrumb\",\"itemListElement\":[{\"@type\":\"ListItem\",\"position\":1,\"name\":\"In\u00edcio\",\"item\":\"https:\\\/\\\/folhapopular.info\\\/\"},{\"@type\":\"ListItem\",\"position\":2,\"name\":\"Professoras da Univates publicam livros infantis\"}]},{\"@type\":\"WebSite\",\"@id\":\"https:\\\/\\\/folhapopular.info\\\/#website\",\"url\":\"https:\\\/\\\/folhapopular.info\\\/\",\"name\":\"Folha Popular\",\"description\":\"Onde voc\u00ea tem vez e voz\",\"potentialAction\":[{\"@type\":\"SearchAction\",\"target\":{\"@type\":\"EntryPoint\",\"urlTemplate\":\"https:\\\/\\\/folhapopular.info\\\/?s={search_term_string}\"},\"query-input\":{\"@type\":\"PropertyValueSpecification\",\"valueRequired\":true,\"valueName\":\"search_term_string\"}}],\"inLanguage\":\"pt-BR\"},{\"@type\":\"Person\",\"@id\":\"https:\\\/\\\/folhapopular.info\\\/#\\\/schema\\\/person\\\/2814e8a0df7643585a9ca38bc6eb9d4b\",\"name\":\"Reda\u00e7\u00e3o Folha Popular\",\"image\":{\"@type\":\"ImageObject\",\"inLanguage\":\"pt-BR\",\"@id\":\"https:\\\/\\\/folhapopular.info\\\/wp-content\\\/uploads\\\/2026\\\/04\\\/Folha-1.webp\",\"url\":\"https:\\\/\\\/folhapopular.info\\\/wp-content\\\/uploads\\\/2026\\\/04\\\/Folha-1.webp\",\"contentUrl\":\"https:\\\/\\\/folhapopular.info\\\/wp-content\\\/uploads\\\/2026\\\/04\\\/Folha-1.webp\",\"caption\":\"Reda\u00e7\u00e3o Folha Popular\"},\"url\":\"https:\\\/\\\/folhapopular.info\\\/index.php\\\/author\\\/redacao\\\/\"}]}<\/script>\n<!-- \/ Yoast SEO plugin. -->","yoast_head_json":{"title":"Professoras da Univates publicam livros infantis - Folha Popular","robots":{"index":"index","follow":"follow","max-snippet":"max-snippet:-1","max-image-preview":"max-image-preview:large","max-video-preview":"max-video-preview:-1"},"canonical":"https:\/\/folhapopular.info\/index.php\/2023\/04\/19\/professoras-da-univates-publicam-livros-infantis\/","og_locale":"pt_BR","og_type":"article","og_title":"Professoras da Univates publicam livros infantis - Folha Popular","og_description":"Atrav\u00e9s da Editora Appris duas docentes da Universidade do Vale do Taquari (Univates), Morgana Dom\u00eanica Hattge e Suzana Feldens Schwertner, compartilham hist\u00f3rias infantis. As obras podem ser adquiridas on-line ou diretamente com as docentes, por meio de contato pelo WhatsApp (51) 998089823 (Suzana) e deste link (Morgana). Ambos os livros ser\u00e3o lan\u00e7ados no dia 25 [&hellip;]","og_url":"https:\/\/folhapopular.info\/index.php\/2023\/04\/19\/professoras-da-univates-publicam-livros-infantis\/","og_site_name":"Folha Popular","article_published_time":"2023-04-19T21:00:00+00:00","og_image":[{"width":1600,"height":1437,"url":"https:\/\/folhapopular.info\/wp-content\/uploads\/2023\/04\/5-Divulgacao-da-obra-Por-que-Credito-Divulgacao.jpg","type":"image\/jpeg"}],"author":"Reda\u00e7\u00e3o Folha Popular","twitter_card":"summary_large_image","twitter_misc":{"Escrito por":"Reda\u00e7\u00e3o Folha Popular","Est. tempo de leitura":"3 minutos"},"schema":{"@context":"https:\/\/schema.org","@graph":[{"@type":"Article","@id":"https:\/\/folhapopular.info\/index.php\/2023\/04\/19\/professoras-da-univates-publicam-livros-infantis\/#article","isPartOf":{"@id":"https:\/\/folhapopular.info\/index.php\/2023\/04\/19\/professoras-da-univates-publicam-livros-infantis\/"},"author":{"name":"Reda\u00e7\u00e3o Folha Popular","@id":"https:\/\/folhapopular.info\/#\/schema\/person\/2814e8a0df7643585a9ca38bc6eb9d4b"},"headline":"Professoras da Univates publicam livros infantis","datePublished":"2023-04-19T21:00:00+00:00","mainEntityOfPage":{"@id":"https:\/\/folhapopular.info\/index.php\/2023\/04\/19\/professoras-da-univates-publicam-livros-infantis\/"},"wordCount":498,"commentCount":0,"image":{"@id":"https:\/\/folhapopular.info\/index.php\/2023\/04\/19\/professoras-da-univates-publicam-livros-infantis\/#primaryimage"},"thumbnailUrl":"https:\/\/folhapopular.info\/wp-content\/uploads\/2023\/04\/5-Divulgacao-da-obra-Por-que-Credito-Divulgacao.jpg","keywords":["crian\u00e7a","escritoras","infantil","livro","Livro infantil","por que","Professoras","sono","Univates"],"articleSection":["Variedades"],"inLanguage":"pt-BR","potentialAction":[{"@type":"CommentAction","name":"Comment","target":["https:\/\/folhapopular.info\/index.php\/2023\/04\/19\/professoras-da-univates-publicam-livros-infantis\/#respond"]}]},{"@type":"WebPage","@id":"https:\/\/folhapopular.info\/index.php\/2023\/04\/19\/professoras-da-univates-publicam-livros-infantis\/","url":"https:\/\/folhapopular.info\/index.php\/2023\/04\/19\/professoras-da-univates-publicam-livros-infantis\/","name":"Professoras da Univates publicam livros infantis - Folha Popular","isPartOf":{"@id":"https:\/\/folhapopular.info\/#website"},"primaryImageOfPage":{"@id":"https:\/\/folhapopular.info\/index.php\/2023\/04\/19\/professoras-da-univates-publicam-livros-infantis\/#primaryimage"},"image":{"@id":"https:\/\/folhapopular.info\/index.php\/2023\/04\/19\/professoras-da-univates-publicam-livros-infantis\/#primaryimage"},"thumbnailUrl":"https:\/\/folhapopular.info\/wp-content\/uploads\/2023\/04\/5-Divulgacao-da-obra-Por-que-Credito-Divulgacao.jpg","datePublished":"2023-04-19T21:00:00+00:00","author":{"@id":"https:\/\/folhapopular.info\/#\/schema\/person\/2814e8a0df7643585a9ca38bc6eb9d4b"},"breadcrumb":{"@id":"https:\/\/folhapopular.info\/index.php\/2023\/04\/19\/professoras-da-univates-publicam-livros-infantis\/#breadcrumb"},"inLanguage":"pt-BR","potentialAction":[{"@type":"ReadAction","target":["https:\/\/folhapopular.info\/index.php\/2023\/04\/19\/professoras-da-univates-publicam-livros-infantis\/"]}]},{"@type":"ImageObject","inLanguage":"pt-BR","@id":"https:\/\/folhapopular.info\/index.php\/2023\/04\/19\/professoras-da-univates-publicam-livros-infantis\/#primaryimage","url":"https:\/\/folhapopular.info\/wp-content\/uploads\/2023\/04\/5-Divulgacao-da-obra-Por-que-Credito-Divulgacao.jpg","contentUrl":"https:\/\/folhapopular.info\/wp-content\/uploads\/2023\/04\/5-Divulgacao-da-obra-Por-que-Credito-Divulgacao.jpg","width":1600,"height":1437,"caption":"Livro Por qu\u00ea? \/ Cr\u00e9dito: Divulga\u00e7\u00e3o"},{"@type":"BreadcrumbList","@id":"https:\/\/folhapopular.info\/index.php\/2023\/04\/19\/professoras-da-univates-publicam-livros-infantis\/#breadcrumb","itemListElement":[{"@type":"ListItem","position":1,"name":"In\u00edcio","item":"https:\/\/folhapopular.info\/"},{"@type":"ListItem","position":2,"name":"Professoras da Univates publicam livros infantis"}]},{"@type":"WebSite","@id":"https:\/\/folhapopular.info\/#website","url":"https:\/\/folhapopular.info\/","name":"Folha Popular","description":"Onde voc\u00ea tem vez e voz","potentialAction":[{"@type":"SearchAction","target":{"@type":"EntryPoint","urlTemplate":"https:\/\/folhapopular.info\/?s={search_term_string}"},"query-input":{"@type":"PropertyValueSpecification","valueRequired":true,"valueName":"search_term_string"}}],"inLanguage":"pt-BR"},{"@type":"Person","@id":"https:\/\/folhapopular.info\/#\/schema\/person\/2814e8a0df7643585a9ca38bc6eb9d4b","name":"Reda\u00e7\u00e3o Folha Popular","image":{"@type":"ImageObject","inLanguage":"pt-BR","@id":"https:\/\/folhapopular.info\/wp-content\/uploads\/2026\/04\/Folha-1.webp","url":"https:\/\/folhapopular.info\/wp-content\/uploads\/2026\/04\/Folha-1.webp","contentUrl":"https:\/\/folhapopular.info\/wp-content\/uploads\/2026\/04\/Folha-1.webp","caption":"Reda\u00e7\u00e3o Folha Popular"},"url":"https:\/\/folhapopular.info\/index.php\/author\/redacao\/"}]}},"jetpack_featured_media_url":"https:\/\/folhapopular.info\/wp-content\/uploads\/2023\/04\/5-Divulgacao-da-obra-Por-que-Credito-Divulgacao.jpg","jetpack_sharing_enabled":true,"amp_enabled":true,"_links":{"self":[{"href":"https:\/\/folhapopular.info\/index.php\/wp-json\/wp\/v2\/posts\/126176","targetHints":{"allow":["GET"]}}],"collection":[{"href":"https:\/\/folhapopular.info\/index.php\/wp-json\/wp\/v2\/posts"}],"about":[{"href":"https:\/\/folhapopular.info\/index.php\/wp-json\/wp\/v2\/types\/post"}],"author":[{"embeddable":true,"href":"https:\/\/folhapopular.info\/index.php\/wp-json\/wp\/v2\/users\/8"}],"replies":[{"embeddable":true,"href":"https:\/\/folhapopular.info\/index.php\/wp-json\/wp\/v2\/comments?post=126176"}],"version-history":[{"count":0,"href":"https:\/\/folhapopular.info\/index.php\/wp-json\/wp\/v2\/posts\/126176\/revisions"}],"wp:featuredmedia":[{"embeddable":true,"href":"https:\/\/folhapopular.info\/index.php\/wp-json\/wp\/v2\/media\/126179"}],"wp:attachment":[{"href":"https:\/\/folhapopular.info\/index.php\/wp-json\/wp\/v2\/media?parent=126176"}],"wp:term":[{"taxonomy":"category","embeddable":true,"href":"https:\/\/folhapopular.info\/index.php\/wp-json\/wp\/v2\/categories?post=126176"},{"taxonomy":"post_tag","embeddable":true,"href":"https:\/\/folhapopular.info\/index.php\/wp-json\/wp\/v2\/tags?post=126176"}],"curies":[{"name":"wp","href":"https:\/\/api.w.org\/{rel}","templated":true}]}}