{"id":126190,"date":"2023-04-19T19:00:00","date_gmt":"2023-04-19T22:00:00","guid":{"rendered":"https:\/\/folhapopular.info\/?p=126190"},"modified":"2023-04-19T15:23:49","modified_gmt":"2023-04-19T18:23:49","slug":"colegio-teutonia-e-emater-renovam-parceria-para-formacao-voltada-ao-setor-primario","status":"publish","type":"post","link":"https:\/\/folhapopular.info\/index.php\/2023\/04\/19\/colegio-teutonia-e-emater-renovam-parceria-para-formacao-voltada-ao-setor-primario\/","title":{"rendered":"Col\u00e9gio Teut\u00f4nia e Emater renovam parceria para forma\u00e7\u00e3o voltada ao setor prim\u00e1rio"},"content":{"rendered":"\n<p>O Col\u00e9gio Teut\u00f4nia e a Emater\/RS-Ascar assinaram renova\u00e7\u00e3o do termo de coopera\u00e7\u00e3o das atividades do Centro de Treinamento de Agricultores (Certa). A formaliza\u00e7\u00e3o foi assinada pelo diretor do CT, Mauro N\u00fcske, e pelo presidente da Emater\/RS-Ascar, Christian Lemos, em reuni\u00e3o realizada na sede da entidade em Porto Alegre. Acompanharam o ato o coordenador do Certa, Maicon Berwanger, e o gerente regional da Emater, Cristiano Carlos Laste. O\u00a0termo de renova\u00e7\u00e3o tem vig\u00eancia de quatro anos.<\/p>\n\n\n\n<p>A parceria completa 25 anos em 2023. Uma das novidades para o novo contrato \u00e9 a transfer\u00eancia das atividades do Certa para junto da granja da Funda\u00e7\u00e3o Agr\u00edcola Teut\u00f4nia, entidade mantenedora do Col\u00e9gio Teut\u00f4nia. Dessa forma, s\u00e3o aproveitados os investimentos realizados pelo CT na estrutura\u00e7\u00e3o da unidade did\u00e1tica no novo espa\u00e7o, inaugurado em dezembro de 2022.<\/p>\n\n\n\n<p>A partir da renova\u00e7\u00e3o do termo, iniciam os tr\u00e2mites para a libera\u00e7\u00e3o dos recursos para a estrutura\u00e7\u00e3o da unidade do Certa junto \u00e0 granja. A expectativa \u00e9 de iniciar as atividades no novo espa\u00e7o j\u00e1 no segundo semestre de 2023.<\/p>\n\n\n\n<h2 class=\"wp-block-heading\"><strong>Infraestrutura<\/strong><\/h2>\n\n\n\n<p>O Certa funciona em regime\u00a0de\u00a0parceria\u00a0e\u00a0tem sua constitui\u00e7\u00e3o\u00a0legal por meio de Termo de Coopera\u00e7\u00e3o\u00a0Interinstitucional assinado por diversas entidades parceiras em fevereiro de 1998. Utiliza infraestrutura de salas de aula, animais e outras instala\u00e7\u00f5es do Col\u00e9gio Teut\u00f4nia para as pr\u00e1ticas formativas.\u00a0<\/p>\n\n\n\n<p>A estrutura\u00e7\u00e3o do novo espa\u00e7o na granja tamb\u00e9m ter\u00e1 a constru\u00e7\u00e3o de estufa para a produ\u00e7\u00e3o de tomate, oportunizando a oferta do curso \u201cProdu\u00e7\u00e3o de tomate em substrato\u201d.<\/p>\n\n\n\n<p>Atualmente, s\u00e3o parceiros do Centro de Treinamento as cooperativas Certel, Sicredi Ouro Branco e Languiru, Emater, Prefeitura de Teut\u00f4nia e Funda\u00e7\u00e3o Agr\u00edcola Teut\u00f4nia.<\/p>\n\n\n\n<p>O principal objetivo \u00e9 promover o desenvolvimento\u00a0rural sustent\u00e1vel por meio de capacita\u00e7\u00f5es e treinamentos dos agricultores e t\u00e9cnicos, trazendo novas tecnologias e metodologias para os sistemas de produ\u00e7\u00e3o, tanto animal como vegetal.<\/p>\n\n\n\n<p>As unidades did\u00e1ticas servem como importantes estruturas para aulas pr\u00e1ticas, al\u00e9m de serem espa\u00e7os para experimentos e pesquisas aplicadas \u00e0 realidade da regi\u00e3o, como, por exemplo, a valida\u00e7\u00e3o do sistema de produ\u00e7\u00e3o de morangos em substrato sem utiliza\u00e7\u00e3o de agroqu\u00edmicos.<\/p>\n\n\n\n<h2 class=\"wp-block-heading\"><strong>Cursos<\/strong><\/h2>\n\n\n\n<p>Atualmente s\u00e3o oferecidos os cursos de \u201cProdu\u00e7\u00e3o de morango em substrato sem utiliza\u00e7\u00e3o de agroqu\u00edmicos\u201d, \u201cDieta para vacas leiteiras\u201d, \u201cDieta para bovinos de corte\u201d, \u201cBoas Pr\u00e1ticas de Fabrica\u00e7\u00e3o\u201d e \u201cEmpreendedorismo e desenvolvimento para a juventude rural\u201d, alguns desses disponibilizados, tamb\u00e9m, no formato \u00e0 dist\u00e2ncia (EAD).<\/p>\n\n\n\n<h2 class=\"wp-block-heading\"><strong>Resultados<\/strong><\/h2>\n\n\n\n<p>O diretor do Col\u00e9gio Teut\u00f4nia, Mauro N\u00fcske, destaca que a renova\u00e7\u00e3o da parceria confirma a sua relev\u00e2ncia por 25 anos, uma das mais duradouras na hist\u00f3ria de ambas as entidades. \u201cOs resultados desse trabalho conjunto s\u00e3o muito positivos, principalmente para os agricultores, contribuindo para o desenvolvimento das suas atividades e a melhoria da qualidade de vida de todos os envolvidos\u201d, pontua.<\/p>\n\n\n\n<p>O coordenador do Certa, Maicon Berwanger, ressalta que as novas estruturas, mais amplas e modernas, qualificam o atendimento aos participantes dos cursos. \u201cGeram conhecimento aplicado e promovem autonomia dos agricultores na tomada de decis\u00f5es em seus sistemas de produ\u00e7\u00e3o. Estamos atentos \u00e0s mudan\u00e7as das cadeias produtivas e \u00e0s oportunidades que surgem na regi\u00e3o. Nossos treinamentos s\u00e3o baseados nessas an\u00e1lises\u201d, explica.<\/p>\n\n\n\n<p>O\u00a0gerente regional da Emater, Cristiano Carlos Laste, igualmente valoriza as parcerias. \u201cEsse trabalho conjunto \u00e9 fundamental para o desenvolvimento do setor regional. Os agricultores do Vale do Taquari e de todo Estado s\u00e3o os grandes beneficiados pela renova\u00e7\u00e3o do termo de coopera\u00e7\u00e3o e amplia\u00e7\u00e3o das estruturas&#8221;, completa.<\/p>\n","protected":false},"excerpt":{"rendered":"<p>O Col\u00e9gio Teut\u00f4nia e a Emater\/RS-Ascar assinaram renova\u00e7\u00e3o do termo de coopera\u00e7\u00e3o das atividades do Centro de Treinamento de Agricultores (Certa). A formaliza\u00e7\u00e3o foi assinada pelo diretor do CT, Mauro N\u00fcske, e pelo presidente da Emater\/RS-Ascar, Christian Lemos, em reuni\u00e3o realizada na sede da entidade em Porto Alegre. Acompanharam o ato o coordenador do Certa, [&hellip;]<\/p>\n","protected":false},"author":8,"featured_media":126196,"comment_status":"open","ping_status":"open","sticky":false,"template":"","format":"standard","meta":{"pmpro_default_level":"","_jetpack_memberships_contains_paid_content":false,"footnotes":""},"categories":[2,10991,10994],"tags":[11899,131,73,10292,609,11027,2207,26],"class_list":{"0":"post-126190","1":"post","2":"type-post","3":"status-publish","4":"format-standard","5":"has-post-thumbnail","7":"category-featured","8":"category-economia","9":"category-rural","10":"tag-certa","11":"tag-colegio-teutonia","12":"tag-educacao","13":"tag-emater-rs-ascar","14":"tag-granja-rodeio","15":"tag-rural","16":"tag-setor-primario","17":"tag-teutonia","18":"pmpro-has-access"},"yoast_head":"<!-- This site is optimized with the Yoast SEO plugin v27.5 - https:\/\/yoast.com\/product\/yoast-seo-wordpress\/ -->\n<title>Col\u00e9gio Teut\u00f4nia e Emater renovam parceria para forma\u00e7\u00e3o voltada ao setor prim\u00e1rio - Folha Popular<\/title>\n<meta name=\"robots\" content=\"index, follow, max-snippet:-1, max-image-preview:large, max-video-preview:-1\" \/>\n<link rel=\"canonical\" href=\"https:\/\/folhapopular.info\/index.php\/2023\/04\/19\/colegio-teutonia-e-emater-renovam-parceria-para-formacao-voltada-ao-setor-primario\/\" \/>\n<meta property=\"og:locale\" content=\"pt_BR\" \/>\n<meta property=\"og:type\" content=\"article\" \/>\n<meta property=\"og:title\" content=\"Col\u00e9gio Teut\u00f4nia e Emater renovam parceria para forma\u00e7\u00e3o voltada ao setor prim\u00e1rio - Folha Popular\" \/>\n<meta property=\"og:description\" content=\"O Col\u00e9gio Teut\u00f4nia e a Emater\/RS-Ascar assinaram renova\u00e7\u00e3o do termo de coopera\u00e7\u00e3o das atividades do Centro de Treinamento de Agricultores (Certa). A formaliza\u00e7\u00e3o foi assinada pelo diretor do CT, Mauro N\u00fcske, e pelo presidente da Emater\/RS-Ascar, Christian Lemos, em reuni\u00e3o realizada na sede da entidade em Porto Alegre. Acompanharam o ato o coordenador do Certa, [&hellip;]\" \/>\n<meta property=\"og:url\" content=\"https:\/\/folhapopular.info\/index.php\/2023\/04\/19\/colegio-teutonia-e-emater-renovam-parceria-para-formacao-voltada-ao-setor-primario\/\" \/>\n<meta property=\"og:site_name\" content=\"Folha Popular\" \/>\n<meta property=\"article:published_time\" content=\"2023-04-19T22:00:00+00:00\" \/>\n<meta property=\"og:image\" content=\"https:\/\/folhapopular.info\/wp-content\/uploads\/2023\/04\/assinatura-parceria-certa-emater-ct-JORNAL.jpeg\" \/>\n\t<meta property=\"og:image:width\" content=\"1108\" \/>\n\t<meta property=\"og:image:height\" content=\"703\" \/>\n\t<meta property=\"og:image:type\" content=\"image\/jpeg\" \/>\n<meta name=\"author\" content=\"Reda\u00e7\u00e3o Folha Popular\" \/>\n<meta name=\"twitter:card\" content=\"summary_large_image\" \/>\n<meta name=\"twitter:label1\" content=\"Escrito por\" \/>\n\t<meta name=\"twitter:data1\" content=\"Reda\u00e7\u00e3o Folha Popular\" \/>\n\t<meta name=\"twitter:label2\" content=\"Est. tempo de leitura\" \/>\n\t<meta name=\"twitter:data2\" content=\"4 minutos\" \/>\n<script type=\"application\/ld+json\" class=\"yoast-schema-graph\">{\"@context\":\"https:\\\/\\\/schema.org\",\"@graph\":[{\"@type\":\"Article\",\"@id\":\"https:\\\/\\\/folhapopular.info\\\/index.php\\\/2023\\\/04\\\/19\\\/colegio-teutonia-e-emater-renovam-parceria-para-formacao-voltada-ao-setor-primario\\\/#article\",\"isPartOf\":{\"@id\":\"https:\\\/\\\/folhapopular.info\\\/index.php\\\/2023\\\/04\\\/19\\\/colegio-teutonia-e-emater-renovam-parceria-para-formacao-voltada-ao-setor-primario\\\/\"},\"author\":{\"name\":\"Reda\u00e7\u00e3o Folha Popular\",\"@id\":\"https:\\\/\\\/folhapopular.info\\\/#\\\/schema\\\/person\\\/2814e8a0df7643585a9ca38bc6eb9d4b\"},\"headline\":\"Col\u00e9gio Teut\u00f4nia e Emater renovam parceria para forma\u00e7\u00e3o voltada ao setor prim\u00e1rio\",\"datePublished\":\"2023-04-19T22:00:00+00:00\",\"mainEntityOfPage\":{\"@id\":\"https:\\\/\\\/folhapopular.info\\\/index.php\\\/2023\\\/04\\\/19\\\/colegio-teutonia-e-emater-renovam-parceria-para-formacao-voltada-ao-setor-primario\\\/\"},\"wordCount\":641,\"commentCount\":0,\"image\":{\"@id\":\"https:\\\/\\\/folhapopular.info\\\/index.php\\\/2023\\\/04\\\/19\\\/colegio-teutonia-e-emater-renovam-parceria-para-formacao-voltada-ao-setor-primario\\\/#primaryimage\"},\"thumbnailUrl\":\"https:\\\/\\\/folhapopular.info\\\/wp-content\\\/uploads\\\/2023\\\/04\\\/assinatura-parceria-certa-emater-ct-JORNAL.jpeg\",\"keywords\":[\"certa\",\"Col\u00e9gio Teut\u00f4nia\",\"Educa\u00e7\u00e3o\",\"emater\\\/rs-ascar\",\"Granja Rodeio\",\"rural\",\"Setor Prim\u00e1rio\",\"Teut\u00f4nia\"],\"articleSection\":[\"Destaques\",\"Economia\",\"Rural\"],\"inLanguage\":\"pt-BR\",\"potentialAction\":[{\"@type\":\"CommentAction\",\"name\":\"Comment\",\"target\":[\"https:\\\/\\\/folhapopular.info\\\/index.php\\\/2023\\\/04\\\/19\\\/colegio-teutonia-e-emater-renovam-parceria-para-formacao-voltada-ao-setor-primario\\\/#respond\"]}]},{\"@type\":\"WebPage\",\"@id\":\"https:\\\/\\\/folhapopular.info\\\/index.php\\\/2023\\\/04\\\/19\\\/colegio-teutonia-e-emater-renovam-parceria-para-formacao-voltada-ao-setor-primario\\\/\",\"url\":\"https:\\\/\\\/folhapopular.info\\\/index.php\\\/2023\\\/04\\\/19\\\/colegio-teutonia-e-emater-renovam-parceria-para-formacao-voltada-ao-setor-primario\\\/\",\"name\":\"Col\u00e9gio Teut\u00f4nia e Emater renovam parceria para forma\u00e7\u00e3o voltada ao setor prim\u00e1rio - Folha Popular\",\"isPartOf\":{\"@id\":\"https:\\\/\\\/folhapopular.info\\\/#website\"},\"primaryImageOfPage\":{\"@id\":\"https:\\\/\\\/folhapopular.info\\\/index.php\\\/2023\\\/04\\\/19\\\/colegio-teutonia-e-emater-renovam-parceria-para-formacao-voltada-ao-setor-primario\\\/#primaryimage\"},\"image\":{\"@id\":\"https:\\\/\\\/folhapopular.info\\\/index.php\\\/2023\\\/04\\\/19\\\/colegio-teutonia-e-emater-renovam-parceria-para-formacao-voltada-ao-setor-primario\\\/#primaryimage\"},\"thumbnailUrl\":\"https:\\\/\\\/folhapopular.info\\\/wp-content\\\/uploads\\\/2023\\\/04\\\/assinatura-parceria-certa-emater-ct-JORNAL.jpeg\",\"datePublished\":\"2023-04-19T22:00:00+00:00\",\"author\":{\"@id\":\"https:\\\/\\\/folhapopular.info\\\/#\\\/schema\\\/person\\\/2814e8a0df7643585a9ca38bc6eb9d4b\"},\"breadcrumb\":{\"@id\":\"https:\\\/\\\/folhapopular.info\\\/index.php\\\/2023\\\/04\\\/19\\\/colegio-teutonia-e-emater-renovam-parceria-para-formacao-voltada-ao-setor-primario\\\/#breadcrumb\"},\"inLanguage\":\"pt-BR\",\"potentialAction\":[{\"@type\":\"ReadAction\",\"target\":[\"https:\\\/\\\/folhapopular.info\\\/index.php\\\/2023\\\/04\\\/19\\\/colegio-teutonia-e-emater-renovam-parceria-para-formacao-voltada-ao-setor-primario\\\/\"]}]},{\"@type\":\"ImageObject\",\"inLanguage\":\"pt-BR\",\"@id\":\"https:\\\/\\\/folhapopular.info\\\/index.php\\\/2023\\\/04\\\/19\\\/colegio-teutonia-e-emater-renovam-parceria-para-formacao-voltada-ao-setor-primario\\\/#primaryimage\",\"url\":\"https:\\\/\\\/folhapopular.info\\\/wp-content\\\/uploads\\\/2023\\\/04\\\/assinatura-parceria-certa-emater-ct-JORNAL.jpeg\",\"contentUrl\":\"https:\\\/\\\/folhapopular.info\\\/wp-content\\\/uploads\\\/2023\\\/04\\\/assinatura-parceria-certa-emater-ct-JORNAL.jpeg\",\"width\":1108,\"height\":703,\"caption\":\"Cr\u00e9ditos: Col\u00e9gio Teut\u00f4nia \\\/ Divulga\u00e7\u00e3o\"},{\"@type\":\"BreadcrumbList\",\"@id\":\"https:\\\/\\\/folhapopular.info\\\/index.php\\\/2023\\\/04\\\/19\\\/colegio-teutonia-e-emater-renovam-parceria-para-formacao-voltada-ao-setor-primario\\\/#breadcrumb\",\"itemListElement\":[{\"@type\":\"ListItem\",\"position\":1,\"name\":\"In\u00edcio\",\"item\":\"https:\\\/\\\/folhapopular.info\\\/\"},{\"@type\":\"ListItem\",\"position\":2,\"name\":\"Col\u00e9gio Teut\u00f4nia e Emater renovam parceria para forma\u00e7\u00e3o voltada ao setor prim\u00e1rio\"}]},{\"@type\":\"WebSite\",\"@id\":\"https:\\\/\\\/folhapopular.info\\\/#website\",\"url\":\"https:\\\/\\\/folhapopular.info\\\/\",\"name\":\"Folha Popular\",\"description\":\"Onde voc\u00ea tem vez e voz\",\"potentialAction\":[{\"@type\":\"SearchAction\",\"target\":{\"@type\":\"EntryPoint\",\"urlTemplate\":\"https:\\\/\\\/folhapopular.info\\\/?s={search_term_string}\"},\"query-input\":{\"@type\":\"PropertyValueSpecification\",\"valueRequired\":true,\"valueName\":\"search_term_string\"}}],\"inLanguage\":\"pt-BR\"},{\"@type\":\"Person\",\"@id\":\"https:\\\/\\\/folhapopular.info\\\/#\\\/schema\\\/person\\\/2814e8a0df7643585a9ca38bc6eb9d4b\",\"name\":\"Reda\u00e7\u00e3o Folha Popular\",\"image\":{\"@type\":\"ImageObject\",\"inLanguage\":\"pt-BR\",\"@id\":\"https:\\\/\\\/folhapopular.info\\\/wp-content\\\/uploads\\\/2026\\\/04\\\/Folha-1.webp\",\"url\":\"https:\\\/\\\/folhapopular.info\\\/wp-content\\\/uploads\\\/2026\\\/04\\\/Folha-1.webp\",\"contentUrl\":\"https:\\\/\\\/folhapopular.info\\\/wp-content\\\/uploads\\\/2026\\\/04\\\/Folha-1.webp\",\"caption\":\"Reda\u00e7\u00e3o Folha Popular\"},\"url\":\"https:\\\/\\\/folhapopular.info\\\/index.php\\\/author\\\/redacao\\\/\"}]}<\/script>\n<!-- \/ Yoast SEO plugin. -->","yoast_head_json":{"title":"Col\u00e9gio Teut\u00f4nia e Emater renovam parceria para forma\u00e7\u00e3o voltada ao setor prim\u00e1rio - Folha Popular","robots":{"index":"index","follow":"follow","max-snippet":"max-snippet:-1","max-image-preview":"max-image-preview:large","max-video-preview":"max-video-preview:-1"},"canonical":"https:\/\/folhapopular.info\/index.php\/2023\/04\/19\/colegio-teutonia-e-emater-renovam-parceria-para-formacao-voltada-ao-setor-primario\/","og_locale":"pt_BR","og_type":"article","og_title":"Col\u00e9gio Teut\u00f4nia e Emater renovam parceria para forma\u00e7\u00e3o voltada ao setor prim\u00e1rio - Folha Popular","og_description":"O Col\u00e9gio Teut\u00f4nia e a Emater\/RS-Ascar assinaram renova\u00e7\u00e3o do termo de coopera\u00e7\u00e3o das atividades do Centro de Treinamento de Agricultores (Certa). A formaliza\u00e7\u00e3o foi assinada pelo diretor do CT, Mauro N\u00fcske, e pelo presidente da Emater\/RS-Ascar, Christian Lemos, em reuni\u00e3o realizada na sede da entidade em Porto Alegre. Acompanharam o ato o coordenador do Certa, [&hellip;]","og_url":"https:\/\/folhapopular.info\/index.php\/2023\/04\/19\/colegio-teutonia-e-emater-renovam-parceria-para-formacao-voltada-ao-setor-primario\/","og_site_name":"Folha Popular","article_published_time":"2023-04-19T22:00:00+00:00","og_image":[{"width":1108,"height":703,"url":"https:\/\/folhapopular.info\/wp-content\/uploads\/2023\/04\/assinatura-parceria-certa-emater-ct-JORNAL.jpeg","type":"image\/jpeg"}],"author":"Reda\u00e7\u00e3o Folha Popular","twitter_card":"summary_large_image","twitter_misc":{"Escrito por":"Reda\u00e7\u00e3o Folha Popular","Est. tempo de leitura":"4 minutos"},"schema":{"@context":"https:\/\/schema.org","@graph":[{"@type":"Article","@id":"https:\/\/folhapopular.info\/index.php\/2023\/04\/19\/colegio-teutonia-e-emater-renovam-parceria-para-formacao-voltada-ao-setor-primario\/#article","isPartOf":{"@id":"https:\/\/folhapopular.info\/index.php\/2023\/04\/19\/colegio-teutonia-e-emater-renovam-parceria-para-formacao-voltada-ao-setor-primario\/"},"author":{"name":"Reda\u00e7\u00e3o Folha Popular","@id":"https:\/\/folhapopular.info\/#\/schema\/person\/2814e8a0df7643585a9ca38bc6eb9d4b"},"headline":"Col\u00e9gio Teut\u00f4nia e Emater renovam parceria para forma\u00e7\u00e3o voltada ao setor prim\u00e1rio","datePublished":"2023-04-19T22:00:00+00:00","mainEntityOfPage":{"@id":"https:\/\/folhapopular.info\/index.php\/2023\/04\/19\/colegio-teutonia-e-emater-renovam-parceria-para-formacao-voltada-ao-setor-primario\/"},"wordCount":641,"commentCount":0,"image":{"@id":"https:\/\/folhapopular.info\/index.php\/2023\/04\/19\/colegio-teutonia-e-emater-renovam-parceria-para-formacao-voltada-ao-setor-primario\/#primaryimage"},"thumbnailUrl":"https:\/\/folhapopular.info\/wp-content\/uploads\/2023\/04\/assinatura-parceria-certa-emater-ct-JORNAL.jpeg","keywords":["certa","Col\u00e9gio Teut\u00f4nia","Educa\u00e7\u00e3o","emater\/rs-ascar","Granja Rodeio","rural","Setor Prim\u00e1rio","Teut\u00f4nia"],"articleSection":["Destaques","Economia","Rural"],"inLanguage":"pt-BR","potentialAction":[{"@type":"CommentAction","name":"Comment","target":["https:\/\/folhapopular.info\/index.php\/2023\/04\/19\/colegio-teutonia-e-emater-renovam-parceria-para-formacao-voltada-ao-setor-primario\/#respond"]}]},{"@type":"WebPage","@id":"https:\/\/folhapopular.info\/index.php\/2023\/04\/19\/colegio-teutonia-e-emater-renovam-parceria-para-formacao-voltada-ao-setor-primario\/","url":"https:\/\/folhapopular.info\/index.php\/2023\/04\/19\/colegio-teutonia-e-emater-renovam-parceria-para-formacao-voltada-ao-setor-primario\/","name":"Col\u00e9gio Teut\u00f4nia e Emater renovam parceria para forma\u00e7\u00e3o voltada ao setor prim\u00e1rio - Folha Popular","isPartOf":{"@id":"https:\/\/folhapopular.info\/#website"},"primaryImageOfPage":{"@id":"https:\/\/folhapopular.info\/index.php\/2023\/04\/19\/colegio-teutonia-e-emater-renovam-parceria-para-formacao-voltada-ao-setor-primario\/#primaryimage"},"image":{"@id":"https:\/\/folhapopular.info\/index.php\/2023\/04\/19\/colegio-teutonia-e-emater-renovam-parceria-para-formacao-voltada-ao-setor-primario\/#primaryimage"},"thumbnailUrl":"https:\/\/folhapopular.info\/wp-content\/uploads\/2023\/04\/assinatura-parceria-certa-emater-ct-JORNAL.jpeg","datePublished":"2023-04-19T22:00:00+00:00","author":{"@id":"https:\/\/folhapopular.info\/#\/schema\/person\/2814e8a0df7643585a9ca38bc6eb9d4b"},"breadcrumb":{"@id":"https:\/\/folhapopular.info\/index.php\/2023\/04\/19\/colegio-teutonia-e-emater-renovam-parceria-para-formacao-voltada-ao-setor-primario\/#breadcrumb"},"inLanguage":"pt-BR","potentialAction":[{"@type":"ReadAction","target":["https:\/\/folhapopular.info\/index.php\/2023\/04\/19\/colegio-teutonia-e-emater-renovam-parceria-para-formacao-voltada-ao-setor-primario\/"]}]},{"@type":"ImageObject","inLanguage":"pt-BR","@id":"https:\/\/folhapopular.info\/index.php\/2023\/04\/19\/colegio-teutonia-e-emater-renovam-parceria-para-formacao-voltada-ao-setor-primario\/#primaryimage","url":"https:\/\/folhapopular.info\/wp-content\/uploads\/2023\/04\/assinatura-parceria-certa-emater-ct-JORNAL.jpeg","contentUrl":"https:\/\/folhapopular.info\/wp-content\/uploads\/2023\/04\/assinatura-parceria-certa-emater-ct-JORNAL.jpeg","width":1108,"height":703,"caption":"Cr\u00e9ditos: Col\u00e9gio Teut\u00f4nia \/ Divulga\u00e7\u00e3o"},{"@type":"BreadcrumbList","@id":"https:\/\/folhapopular.info\/index.php\/2023\/04\/19\/colegio-teutonia-e-emater-renovam-parceria-para-formacao-voltada-ao-setor-primario\/#breadcrumb","itemListElement":[{"@type":"ListItem","position":1,"name":"In\u00edcio","item":"https:\/\/folhapopular.info\/"},{"@type":"ListItem","position":2,"name":"Col\u00e9gio Teut\u00f4nia e Emater renovam parceria para forma\u00e7\u00e3o voltada ao setor prim\u00e1rio"}]},{"@type":"WebSite","@id":"https:\/\/folhapopular.info\/#website","url":"https:\/\/folhapopular.info\/","name":"Folha Popular","description":"Onde voc\u00ea tem vez e voz","potentialAction":[{"@type":"SearchAction","target":{"@type":"EntryPoint","urlTemplate":"https:\/\/folhapopular.info\/?s={search_term_string}"},"query-input":{"@type":"PropertyValueSpecification","valueRequired":true,"valueName":"search_term_string"}}],"inLanguage":"pt-BR"},{"@type":"Person","@id":"https:\/\/folhapopular.info\/#\/schema\/person\/2814e8a0df7643585a9ca38bc6eb9d4b","name":"Reda\u00e7\u00e3o Folha Popular","image":{"@type":"ImageObject","inLanguage":"pt-BR","@id":"https:\/\/folhapopular.info\/wp-content\/uploads\/2026\/04\/Folha-1.webp","url":"https:\/\/folhapopular.info\/wp-content\/uploads\/2026\/04\/Folha-1.webp","contentUrl":"https:\/\/folhapopular.info\/wp-content\/uploads\/2026\/04\/Folha-1.webp","caption":"Reda\u00e7\u00e3o Folha Popular"},"url":"https:\/\/folhapopular.info\/index.php\/author\/redacao\/"}]}},"jetpack_featured_media_url":"https:\/\/folhapopular.info\/wp-content\/uploads\/2023\/04\/assinatura-parceria-certa-emater-ct-JORNAL.jpeg","jetpack_sharing_enabled":true,"amp_enabled":true,"_links":{"self":[{"href":"https:\/\/folhapopular.info\/index.php\/wp-json\/wp\/v2\/posts\/126190","targetHints":{"allow":["GET"]}}],"collection":[{"href":"https:\/\/folhapopular.info\/index.php\/wp-json\/wp\/v2\/posts"}],"about":[{"href":"https:\/\/folhapopular.info\/index.php\/wp-json\/wp\/v2\/types\/post"}],"author":[{"embeddable":true,"href":"https:\/\/folhapopular.info\/index.php\/wp-json\/wp\/v2\/users\/8"}],"replies":[{"embeddable":true,"href":"https:\/\/folhapopular.info\/index.php\/wp-json\/wp\/v2\/comments?post=126190"}],"version-history":[{"count":0,"href":"https:\/\/folhapopular.info\/index.php\/wp-json\/wp\/v2\/posts\/126190\/revisions"}],"wp:featuredmedia":[{"embeddable":true,"href":"https:\/\/folhapopular.info\/index.php\/wp-json\/wp\/v2\/media\/126196"}],"wp:attachment":[{"href":"https:\/\/folhapopular.info\/index.php\/wp-json\/wp\/v2\/media?parent=126190"}],"wp:term":[{"taxonomy":"category","embeddable":true,"href":"https:\/\/folhapopular.info\/index.php\/wp-json\/wp\/v2\/categories?post=126190"},{"taxonomy":"post_tag","embeddable":true,"href":"https:\/\/folhapopular.info\/index.php\/wp-json\/wp\/v2\/tags?post=126190"}],"curies":[{"name":"wp","href":"https:\/\/api.w.org\/{rel}","templated":true}]}}