{"id":126477,"date":"2023-04-25T15:23:27","date_gmt":"2023-04-25T18:23:27","guid":{"rendered":"https:\/\/folhapopular.info\/?p=126477"},"modified":"2023-04-25T15:23:30","modified_gmt":"2023-04-25T18:23:30","slug":"competicoes-tiveram-definicoes-no-fim-de-semana","status":"publish","type":"post","link":"https:\/\/folhapopular.info\/index.php\/2023\/04\/25\/competicoes-tiveram-definicoes-no-fim-de-semana\/","title":{"rendered":"Competi\u00e7\u00f5es tiveram defini\u00e7\u00f5es no fim de semana"},"content":{"rendered":"\n<p><strong><mark style=\"background-color:#fcb900\" class=\"has-inline-color\">TABEL\u00c3O POPULAR<\/mark><\/strong><\/p>\n\n\n\n<p><strong>MUNICIPAL DE ROCA SALES<\/strong><\/p>\n\n\n\n<p><strong>Semifinal (Volta) \u2013 23\/4 \u2013 Veteranos<\/strong><\/p>\n\n\n\n<p>Ga\u00facho 0x2 XV de novembro<br>Botafogo 2&#215;0 Juventude<\/p>\n\n\n\n<p><strong>Semifinal (Volta) \u2013 S\u00e9rie Ouro \u2013 23\/3<\/strong><\/p>\n\n\n\n<p><strong>2\u00baJogo P\u00eanaltis<\/strong><\/p>\n\n\n\n<p>Botafogo 1&#215;1 Esperan\u00e7a 2&#215;3<\/p>\n\n\n\n<p><strong>Semifinal (Volta) \u2013 S\u00e9rie Ouro \u2013 23\/3<\/strong><\/p>\n\n\n\n<p>Ga\u00facho 3&#215;1 XV de Novembro<\/p>\n\n\n\n<p><strong>MUNICIPAL DE BOM RETIRO DO SUL<\/strong><\/p>\n\n\n\n<p><strong>6\u00aa rodada \u2013 23\/4<\/strong><\/p>\n\n\n\n<p><strong>Titulares Aspirantes<\/strong><\/p>\n\n\n\n<p>Bragantino 3&#215;2 Gr\u00eamio 1&#215;1<\/p>\n\n\n\n<p>Rudibar 0x0 5&#215;4<\/p>\n\n\n\n<p><strong>MUNICIPAL DE BOQUEIR\u00c3O DO LE\u00c3O<\/strong><\/p>\n\n\n\n<p><strong>Semifinal (Ida) \u2013 23\/4<\/strong><\/p>\n\n\n\n<p>Aspirantes S\u00e3o Jos\u00e9 2&#215;0 Esportivo<\/p>\n\n\n\n<p>Titulares S\u00e3o Roque 0x4 Esportivo<\/p>\n\n\n\n<p><strong>MUNICIPAL DE PROGRESSO<\/strong><\/p>\n\n\n\n<p><strong>Semifinal \u2013 22\/4 \u2013 Veteranos<\/strong><\/p>\n\n\n\n<p>*Amizade Morro Azul ganhou do Gr\u00eamio Esportivo Ga\u00facho nos p\u00eanaltis<\/p>\n\n\n\n<p><strong>Semifinal \u2013 22\/4 \u2013 Titulares<\/strong><\/p>\n\n\n\n<p>Flamengo 2&#215;3 Cruzeiro<\/p>\n\n\n\n<p><strong>M<\/strong><strong>UNICIPAL DE ARROIO DO MEIO<\/strong><\/p>\n\n\n\n<p><strong>Semifinal (Volta)\u2013 23\/4 \u2013 Veteranos<\/strong><\/p>\n\n\n\n<p>Cruzeiro 0x5 Guarani<\/p>\n\n\n\n<p><strong>Semifinal (Ida) \u2013 23\/4 \u2013 Aspirantes<\/strong><br>Rui Barbosa 2&#215;2 Cruzeiro<\/p>\n\n\n\n<p><strong>Semifinal (Ida) \u2013 23\/4 \u2013 Titulares<\/strong><br>Palmense 0x1 Rui Barbosa<\/p>\n\n\n\n<p><strong>MUNICIPAL DE TRAVESSEIRO<\/strong><\/p>\n\n\n\n<p><strong>8\u00aa rodada \u2013 23\/4<\/strong><\/p>\n\n\n\n<p><strong>Titulares Aspirantes<\/strong><\/p>\n\n\n\n<p>Guarani 0x4 Travesseirense 1&#215;1<\/p>\n\n\n\n<p>Juventude 1&#215;2 Cultural 2&#215;2<\/p>\n","protected":false},"excerpt":{"rendered":"<p>TABEL\u00c3O POPULAR MUNICIPAL DE ROCA SALES Semifinal (Volta) \u2013 23\/4 \u2013 Veteranos Ga\u00facho 0x2 XV de novembroBotafogo 2&#215;0 Juventude Semifinal (Volta) \u2013 S\u00e9rie Ouro \u2013 23\/3 2\u00baJogo P\u00eanaltis Botafogo 1&#215;1 Esperan\u00e7a 2&#215;3 Semifinal (Volta) \u2013 S\u00e9rie Ouro \u2013 23\/3 Ga\u00facho 3&#215;1 XV de Novembro MUNICIPAL DE BOM RETIRO DO SUL 6\u00aa rodada \u2013 23\/4 Titulares [&hellip;]<\/p>\n","protected":false},"author":8,"featured_media":99314,"comment_status":"open","ping_status":"open","sticky":false,"template":"","format":"standard","meta":{"pmpro_default_level":"","_jetpack_memberships_contains_paid_content":false,"footnotes":""},"categories":[5,240],"tags":[8019,11967,137,6421,8953],"class_list":{"0":"post-126477","1":"post","2":"type-post","3":"status-publish","4":"format-standard","5":"has-post-thumbnail","7":"category-esportes","8":"category-futebol-amador","9":"tag-competicoes","10":"tag-definicoes","11":"tag-esporte","12":"tag-fim-de-semana","13":"tag-tabelao-popular","14":"pmpro-has-access"},"yoast_head":"<!-- This site is optimized with the Yoast SEO plugin v27.5 - https:\/\/yoast.com\/product\/yoast-seo-wordpress\/ -->\n<title>Competi\u00e7\u00f5es tiveram defini\u00e7\u00f5es no fim de semana - Folha Popular<\/title>\n<meta name=\"robots\" content=\"index, follow, max-snippet:-1, max-image-preview:large, max-video-preview:-1\" \/>\n<link rel=\"canonical\" href=\"https:\/\/folhapopular.info\/index.php\/2023\/04\/25\/competicoes-tiveram-definicoes-no-fim-de-semana\/\" \/>\n<meta property=\"og:locale\" content=\"pt_BR\" \/>\n<meta property=\"og:type\" content=\"article\" \/>\n<meta property=\"og:title\" content=\"Competi\u00e7\u00f5es tiveram defini\u00e7\u00f5es no fim de semana - Folha Popular\" \/>\n<meta property=\"og:description\" content=\"TABEL\u00c3O POPULAR MUNICIPAL DE ROCA SALES Semifinal (Volta) \u2013 23\/4 \u2013 Veteranos Ga\u00facho 0x2 XV de novembroBotafogo 2&#215;0 Juventude Semifinal (Volta) \u2013 S\u00e9rie Ouro \u2013 23\/3 2\u00baJogo P\u00eanaltis Botafogo 1&#215;1 Esperan\u00e7a 2&#215;3 Semifinal (Volta) \u2013 S\u00e9rie Ouro \u2013 23\/3 Ga\u00facho 3&#215;1 XV de Novembro MUNICIPAL DE BOM RETIRO DO SUL 6\u00aa rodada \u2013 23\/4 Titulares [&hellip;]\" \/>\n<meta property=\"og:url\" content=\"https:\/\/folhapopular.info\/index.php\/2023\/04\/25\/competicoes-tiveram-definicoes-no-fim-de-semana\/\" \/>\n<meta property=\"og:site_name\" content=\"Folha Popular\" \/>\n<meta property=\"article:published_time\" content=\"2023-04-25T18:23:27+00:00\" \/>\n<meta property=\"article:modified_time\" content=\"2023-04-25T18:23:30+00:00\" \/>\n<meta property=\"og:image\" content=\"http:\/\/folhapopular.info\/wp-content\/uploads\/2022\/02\/Futebol-Amador-retorna-em-Estrela-apos-01-decada-scaled-e1676122022128.jpg\" \/>\n\t<meta property=\"og:image:width\" content=\"801\" \/>\n\t<meta property=\"og:image:height\" content=\"578\" \/>\n\t<meta property=\"og:image:type\" content=\"image\/jpeg\" \/>\n<meta name=\"author\" content=\"Reda\u00e7\u00e3o Folha Popular\" \/>\n<meta name=\"twitter:card\" content=\"summary_large_image\" \/>\n<meta name=\"twitter:label1\" content=\"Escrito por\" \/>\n\t<meta name=\"twitter:data1\" content=\"Reda\u00e7\u00e3o Folha Popular\" \/>\n\t<meta name=\"twitter:label2\" content=\"Est. tempo de leitura\" \/>\n\t<meta name=\"twitter:data2\" content=\"1 minuto\" \/>\n<script type=\"application\/ld+json\" class=\"yoast-schema-graph\">{\"@context\":\"https:\\\/\\\/schema.org\",\"@graph\":[{\"@type\":\"Article\",\"@id\":\"https:\\\/\\\/folhapopular.info\\\/index.php\\\/2023\\\/04\\\/25\\\/competicoes-tiveram-definicoes-no-fim-de-semana\\\/#article\",\"isPartOf\":{\"@id\":\"https:\\\/\\\/folhapopular.info\\\/index.php\\\/2023\\\/04\\\/25\\\/competicoes-tiveram-definicoes-no-fim-de-semana\\\/\"},\"author\":{\"name\":\"Reda\u00e7\u00e3o Folha Popular\",\"@id\":\"https:\\\/\\\/folhapopular.info\\\/#\\\/schema\\\/person\\\/2814e8a0df7643585a9ca38bc6eb9d4b\"},\"headline\":\"Competi\u00e7\u00f5es tiveram defini\u00e7\u00f5es no fim de semana\",\"datePublished\":\"2023-04-25T18:23:27+00:00\",\"dateModified\":\"2023-04-25T18:23:30+00:00\",\"mainEntityOfPage\":{\"@id\":\"https:\\\/\\\/folhapopular.info\\\/index.php\\\/2023\\\/04\\\/25\\\/competicoes-tiveram-definicoes-no-fim-de-semana\\\/\"},\"wordCount\":152,\"commentCount\":0,\"image\":{\"@id\":\"https:\\\/\\\/folhapopular.info\\\/index.php\\\/2023\\\/04\\\/25\\\/competicoes-tiveram-definicoes-no-fim-de-semana\\\/#primaryimage\"},\"thumbnailUrl\":\"https:\\\/\\\/folhapopular.info\\\/wp-content\\\/uploads\\\/2022\\\/02\\\/Futebol-Amador-retorna-em-Estrela-apos-01-decada-scaled-e1676122022128.jpg\",\"keywords\":[\"Competi\u00e7\u00f5es\",\"Defini\u00e7\u00f5es\",\"Esporte\",\"Fim de Semana\",\"Tabel\u00e3o Popular\"],\"articleSection\":[\"Esportes\",\"Futebol Amador\"],\"inLanguage\":\"pt-BR\",\"potentialAction\":[{\"@type\":\"CommentAction\",\"name\":\"Comment\",\"target\":[\"https:\\\/\\\/folhapopular.info\\\/index.php\\\/2023\\\/04\\\/25\\\/competicoes-tiveram-definicoes-no-fim-de-semana\\\/#respond\"]}]},{\"@type\":\"WebPage\",\"@id\":\"https:\\\/\\\/folhapopular.info\\\/index.php\\\/2023\\\/04\\\/25\\\/competicoes-tiveram-definicoes-no-fim-de-semana\\\/\",\"url\":\"https:\\\/\\\/folhapopular.info\\\/index.php\\\/2023\\\/04\\\/25\\\/competicoes-tiveram-definicoes-no-fim-de-semana\\\/\",\"name\":\"Competi\u00e7\u00f5es tiveram defini\u00e7\u00f5es no fim de semana - Folha Popular\",\"isPartOf\":{\"@id\":\"https:\\\/\\\/folhapopular.info\\\/#website\"},\"primaryImageOfPage\":{\"@id\":\"https:\\\/\\\/folhapopular.info\\\/index.php\\\/2023\\\/04\\\/25\\\/competicoes-tiveram-definicoes-no-fim-de-semana\\\/#primaryimage\"},\"image\":{\"@id\":\"https:\\\/\\\/folhapopular.info\\\/index.php\\\/2023\\\/04\\\/25\\\/competicoes-tiveram-definicoes-no-fim-de-semana\\\/#primaryimage\"},\"thumbnailUrl\":\"https:\\\/\\\/folhapopular.info\\\/wp-content\\\/uploads\\\/2022\\\/02\\\/Futebol-Amador-retorna-em-Estrela-apos-01-decada-scaled-e1676122022128.jpg\",\"datePublished\":\"2023-04-25T18:23:27+00:00\",\"dateModified\":\"2023-04-25T18:23:30+00:00\",\"author\":{\"@id\":\"https:\\\/\\\/folhapopular.info\\\/#\\\/schema\\\/person\\\/2814e8a0df7643585a9ca38bc6eb9d4b\"},\"breadcrumb\":{\"@id\":\"https:\\\/\\\/folhapopular.info\\\/index.php\\\/2023\\\/04\\\/25\\\/competicoes-tiveram-definicoes-no-fim-de-semana\\\/#breadcrumb\"},\"inLanguage\":\"pt-BR\",\"potentialAction\":[{\"@type\":\"ReadAction\",\"target\":[\"https:\\\/\\\/folhapopular.info\\\/index.php\\\/2023\\\/04\\\/25\\\/competicoes-tiveram-definicoes-no-fim-de-semana\\\/\"]}]},{\"@type\":\"ImageObject\",\"inLanguage\":\"pt-BR\",\"@id\":\"https:\\\/\\\/folhapopular.info\\\/index.php\\\/2023\\\/04\\\/25\\\/competicoes-tiveram-definicoes-no-fim-de-semana\\\/#primaryimage\",\"url\":\"https:\\\/\\\/folhapopular.info\\\/wp-content\\\/uploads\\\/2022\\\/02\\\/Futebol-Amador-retorna-em-Estrela-apos-01-decada-scaled-e1676122022128.jpg\",\"contentUrl\":\"https:\\\/\\\/folhapopular.info\\\/wp-content\\\/uploads\\\/2022\\\/02\\\/Futebol-Amador-retorna-em-Estrela-apos-01-decada-scaled-e1676122022128.jpg\",\"width\":801,\"height\":578,\"caption\":\"Cr\u00e9dito: Ilocir Jos\u00e9 F\u00fchr \\\/ Especial FP\"},{\"@type\":\"BreadcrumbList\",\"@id\":\"https:\\\/\\\/folhapopular.info\\\/index.php\\\/2023\\\/04\\\/25\\\/competicoes-tiveram-definicoes-no-fim-de-semana\\\/#breadcrumb\",\"itemListElement\":[{\"@type\":\"ListItem\",\"position\":1,\"name\":\"In\u00edcio\",\"item\":\"https:\\\/\\\/folhapopular.info\\\/\"},{\"@type\":\"ListItem\",\"position\":2,\"name\":\"Competi\u00e7\u00f5es tiveram defini\u00e7\u00f5es no fim de semana\"}]},{\"@type\":\"WebSite\",\"@id\":\"https:\\\/\\\/folhapopular.info\\\/#website\",\"url\":\"https:\\\/\\\/folhapopular.info\\\/\",\"name\":\"Folha Popular\",\"description\":\"Onde voc\u00ea tem vez e voz\",\"potentialAction\":[{\"@type\":\"SearchAction\",\"target\":{\"@type\":\"EntryPoint\",\"urlTemplate\":\"https:\\\/\\\/folhapopular.info\\\/?s={search_term_string}\"},\"query-input\":{\"@type\":\"PropertyValueSpecification\",\"valueRequired\":true,\"valueName\":\"search_term_string\"}}],\"inLanguage\":\"pt-BR\"},{\"@type\":\"Person\",\"@id\":\"https:\\\/\\\/folhapopular.info\\\/#\\\/schema\\\/person\\\/2814e8a0df7643585a9ca38bc6eb9d4b\",\"name\":\"Reda\u00e7\u00e3o Folha Popular\",\"image\":{\"@type\":\"ImageObject\",\"inLanguage\":\"pt-BR\",\"@id\":\"https:\\\/\\\/folhapopular.info\\\/wp-content\\\/uploads\\\/2026\\\/04\\\/Folha-1.webp\",\"url\":\"https:\\\/\\\/folhapopular.info\\\/wp-content\\\/uploads\\\/2026\\\/04\\\/Folha-1.webp\",\"contentUrl\":\"https:\\\/\\\/folhapopular.info\\\/wp-content\\\/uploads\\\/2026\\\/04\\\/Folha-1.webp\",\"caption\":\"Reda\u00e7\u00e3o Folha Popular\"},\"url\":\"https:\\\/\\\/folhapopular.info\\\/index.php\\\/author\\\/redacao\\\/\"}]}<\/script>\n<!-- \/ Yoast SEO plugin. -->","yoast_head_json":{"title":"Competi\u00e7\u00f5es tiveram defini\u00e7\u00f5es no fim de semana - Folha Popular","robots":{"index":"index","follow":"follow","max-snippet":"max-snippet:-1","max-image-preview":"max-image-preview:large","max-video-preview":"max-video-preview:-1"},"canonical":"https:\/\/folhapopular.info\/index.php\/2023\/04\/25\/competicoes-tiveram-definicoes-no-fim-de-semana\/","og_locale":"pt_BR","og_type":"article","og_title":"Competi\u00e7\u00f5es tiveram defini\u00e7\u00f5es no fim de semana - Folha Popular","og_description":"TABEL\u00c3O POPULAR MUNICIPAL DE ROCA SALES Semifinal (Volta) \u2013 23\/4 \u2013 Veteranos Ga\u00facho 0x2 XV de novembroBotafogo 2&#215;0 Juventude Semifinal (Volta) \u2013 S\u00e9rie Ouro \u2013 23\/3 2\u00baJogo P\u00eanaltis Botafogo 1&#215;1 Esperan\u00e7a 2&#215;3 Semifinal (Volta) \u2013 S\u00e9rie Ouro \u2013 23\/3 Ga\u00facho 3&#215;1 XV de Novembro MUNICIPAL DE BOM RETIRO DO SUL 6\u00aa rodada \u2013 23\/4 Titulares [&hellip;]","og_url":"https:\/\/folhapopular.info\/index.php\/2023\/04\/25\/competicoes-tiveram-definicoes-no-fim-de-semana\/","og_site_name":"Folha Popular","article_published_time":"2023-04-25T18:23:27+00:00","article_modified_time":"2023-04-25T18:23:30+00:00","og_image":[{"width":801,"height":578,"url":"http:\/\/folhapopular.info\/wp-content\/uploads\/2022\/02\/Futebol-Amador-retorna-em-Estrela-apos-01-decada-scaled-e1676122022128.jpg","type":"image\/jpeg"}],"author":"Reda\u00e7\u00e3o Folha Popular","twitter_card":"summary_large_image","twitter_misc":{"Escrito por":"Reda\u00e7\u00e3o Folha Popular","Est. tempo de leitura":"1 minuto"},"schema":{"@context":"https:\/\/schema.org","@graph":[{"@type":"Article","@id":"https:\/\/folhapopular.info\/index.php\/2023\/04\/25\/competicoes-tiveram-definicoes-no-fim-de-semana\/#article","isPartOf":{"@id":"https:\/\/folhapopular.info\/index.php\/2023\/04\/25\/competicoes-tiveram-definicoes-no-fim-de-semana\/"},"author":{"name":"Reda\u00e7\u00e3o Folha Popular","@id":"https:\/\/folhapopular.info\/#\/schema\/person\/2814e8a0df7643585a9ca38bc6eb9d4b"},"headline":"Competi\u00e7\u00f5es tiveram defini\u00e7\u00f5es no fim de semana","datePublished":"2023-04-25T18:23:27+00:00","dateModified":"2023-04-25T18:23:30+00:00","mainEntityOfPage":{"@id":"https:\/\/folhapopular.info\/index.php\/2023\/04\/25\/competicoes-tiveram-definicoes-no-fim-de-semana\/"},"wordCount":152,"commentCount":0,"image":{"@id":"https:\/\/folhapopular.info\/index.php\/2023\/04\/25\/competicoes-tiveram-definicoes-no-fim-de-semana\/#primaryimage"},"thumbnailUrl":"https:\/\/folhapopular.info\/wp-content\/uploads\/2022\/02\/Futebol-Amador-retorna-em-Estrela-apos-01-decada-scaled-e1676122022128.jpg","keywords":["Competi\u00e7\u00f5es","Defini\u00e7\u00f5es","Esporte","Fim de Semana","Tabel\u00e3o Popular"],"articleSection":["Esportes","Futebol Amador"],"inLanguage":"pt-BR","potentialAction":[{"@type":"CommentAction","name":"Comment","target":["https:\/\/folhapopular.info\/index.php\/2023\/04\/25\/competicoes-tiveram-definicoes-no-fim-de-semana\/#respond"]}]},{"@type":"WebPage","@id":"https:\/\/folhapopular.info\/index.php\/2023\/04\/25\/competicoes-tiveram-definicoes-no-fim-de-semana\/","url":"https:\/\/folhapopular.info\/index.php\/2023\/04\/25\/competicoes-tiveram-definicoes-no-fim-de-semana\/","name":"Competi\u00e7\u00f5es tiveram defini\u00e7\u00f5es no fim de semana - Folha Popular","isPartOf":{"@id":"https:\/\/folhapopular.info\/#website"},"primaryImageOfPage":{"@id":"https:\/\/folhapopular.info\/index.php\/2023\/04\/25\/competicoes-tiveram-definicoes-no-fim-de-semana\/#primaryimage"},"image":{"@id":"https:\/\/folhapopular.info\/index.php\/2023\/04\/25\/competicoes-tiveram-definicoes-no-fim-de-semana\/#primaryimage"},"thumbnailUrl":"https:\/\/folhapopular.info\/wp-content\/uploads\/2022\/02\/Futebol-Amador-retorna-em-Estrela-apos-01-decada-scaled-e1676122022128.jpg","datePublished":"2023-04-25T18:23:27+00:00","dateModified":"2023-04-25T18:23:30+00:00","author":{"@id":"https:\/\/folhapopular.info\/#\/schema\/person\/2814e8a0df7643585a9ca38bc6eb9d4b"},"breadcrumb":{"@id":"https:\/\/folhapopular.info\/index.php\/2023\/04\/25\/competicoes-tiveram-definicoes-no-fim-de-semana\/#breadcrumb"},"inLanguage":"pt-BR","potentialAction":[{"@type":"ReadAction","target":["https:\/\/folhapopular.info\/index.php\/2023\/04\/25\/competicoes-tiveram-definicoes-no-fim-de-semana\/"]}]},{"@type":"ImageObject","inLanguage":"pt-BR","@id":"https:\/\/folhapopular.info\/index.php\/2023\/04\/25\/competicoes-tiveram-definicoes-no-fim-de-semana\/#primaryimage","url":"https:\/\/folhapopular.info\/wp-content\/uploads\/2022\/02\/Futebol-Amador-retorna-em-Estrela-apos-01-decada-scaled-e1676122022128.jpg","contentUrl":"https:\/\/folhapopular.info\/wp-content\/uploads\/2022\/02\/Futebol-Amador-retorna-em-Estrela-apos-01-decada-scaled-e1676122022128.jpg","width":801,"height":578,"caption":"Cr\u00e9dito: Ilocir Jos\u00e9 F\u00fchr \/ Especial FP"},{"@type":"BreadcrumbList","@id":"https:\/\/folhapopular.info\/index.php\/2023\/04\/25\/competicoes-tiveram-definicoes-no-fim-de-semana\/#breadcrumb","itemListElement":[{"@type":"ListItem","position":1,"name":"In\u00edcio","item":"https:\/\/folhapopular.info\/"},{"@type":"ListItem","position":2,"name":"Competi\u00e7\u00f5es tiveram defini\u00e7\u00f5es no fim de semana"}]},{"@type":"WebSite","@id":"https:\/\/folhapopular.info\/#website","url":"https:\/\/folhapopular.info\/","name":"Folha Popular","description":"Onde voc\u00ea tem vez e voz","potentialAction":[{"@type":"SearchAction","target":{"@type":"EntryPoint","urlTemplate":"https:\/\/folhapopular.info\/?s={search_term_string}"},"query-input":{"@type":"PropertyValueSpecification","valueRequired":true,"valueName":"search_term_string"}}],"inLanguage":"pt-BR"},{"@type":"Person","@id":"https:\/\/folhapopular.info\/#\/schema\/person\/2814e8a0df7643585a9ca38bc6eb9d4b","name":"Reda\u00e7\u00e3o Folha Popular","image":{"@type":"ImageObject","inLanguage":"pt-BR","@id":"https:\/\/folhapopular.info\/wp-content\/uploads\/2026\/04\/Folha-1.webp","url":"https:\/\/folhapopular.info\/wp-content\/uploads\/2026\/04\/Folha-1.webp","contentUrl":"https:\/\/folhapopular.info\/wp-content\/uploads\/2026\/04\/Folha-1.webp","caption":"Reda\u00e7\u00e3o Folha Popular"},"url":"https:\/\/folhapopular.info\/index.php\/author\/redacao\/"}]}},"jetpack_featured_media_url":"https:\/\/folhapopular.info\/wp-content\/uploads\/2022\/02\/Futebol-Amador-retorna-em-Estrela-apos-01-decada-scaled-e1676122022128.jpg","jetpack_sharing_enabled":true,"amp_enabled":true,"_links":{"self":[{"href":"https:\/\/folhapopular.info\/index.php\/wp-json\/wp\/v2\/posts\/126477","targetHints":{"allow":["GET"]}}],"collection":[{"href":"https:\/\/folhapopular.info\/index.php\/wp-json\/wp\/v2\/posts"}],"about":[{"href":"https:\/\/folhapopular.info\/index.php\/wp-json\/wp\/v2\/types\/post"}],"author":[{"embeddable":true,"href":"https:\/\/folhapopular.info\/index.php\/wp-json\/wp\/v2\/users\/8"}],"replies":[{"embeddable":true,"href":"https:\/\/folhapopular.info\/index.php\/wp-json\/wp\/v2\/comments?post=126477"}],"version-history":[{"count":0,"href":"https:\/\/folhapopular.info\/index.php\/wp-json\/wp\/v2\/posts\/126477\/revisions"}],"wp:featuredmedia":[{"embeddable":true,"href":"https:\/\/folhapopular.info\/index.php\/wp-json\/wp\/v2\/media\/99314"}],"wp:attachment":[{"href":"https:\/\/folhapopular.info\/index.php\/wp-json\/wp\/v2\/media?parent=126477"}],"wp:term":[{"taxonomy":"category","embeddable":true,"href":"https:\/\/folhapopular.info\/index.php\/wp-json\/wp\/v2\/categories?post=126477"},{"taxonomy":"post_tag","embeddable":true,"href":"https:\/\/folhapopular.info\/index.php\/wp-json\/wp\/v2\/tags?post=126477"}],"curies":[{"name":"wp","href":"https:\/\/api.w.org\/{rel}","templated":true}]}}