{"id":126480,"date":"2023-04-25T15:35:33","date_gmt":"2023-04-25T18:35:33","guid":{"rendered":"https:\/\/folhapopular.info\/?p=126480"},"modified":"2023-04-25T15:35:57","modified_gmt":"2023-04-25T18:35:57","slug":"apos-frustracao-na-festa-de-maio-teutoniense-realiza-sonho-e-entra-no-camarim-de-luan-santana","status":"publish","type":"post","link":"https:\/\/folhapopular.info\/index.php\/2023\/04\/25\/apos-frustracao-na-festa-de-maio-teutoniense-realiza-sonho-e-entra-no-camarim-de-luan-santana\/","title":{"rendered":"Ap\u00f3s frustra\u00e7\u00e3o na Festa de Maio, teutoniense realiza sonho e entra no camarim de Luan Santana"},"content":{"rendered":"\n<p>Quando a carreira de Luan Santana \u201cestourou\u201d nacionalmente, ele cantava a m\u00fasica Meteoro, em que um dos trechos dizia \u201cs\u00f3 quem sonha consegue alcan\u00e7ar\u201d. A f\u00e3 teutoniense do cantor, Morgana Hofst\u00e4tter Horst, levou essa frase muito a s\u00e9rio.<\/p>\n\n\n\n<p>No ano passado, nos meses que antecederam a Festa de Maio, a comunidade de Teut\u00f4nia e regi\u00e3o acompanhou a saga de Morgana e duas amigas em busca do acesso ao camarim do cantor. Ela mobilizaram redes sociais e conquistaram a simpatia das pessoas que torceram pelo sucesso da causa. Por\u00e9m, o desfecho n\u00e3o foi o esperado. Apesar de conseguirem aproveitar o show \u201cem casa\u201d e terem ficado bem perto do palco, de frente para Luan, n\u00e3o tiveram acesso ao camarim.<\/p>\n\n\n\n<p>A frustra\u00e7\u00e3o foi ainda maior para Morgana, j\u00e1 que das tr\u00eas, ela era a \u00fanica que ainda n\u00e3o tinha conseguido entrar no camarim do sertanejo e dar o t\u00e3o sonhado abra\u00e7o. J\u00e1 eram mais de 10 anos esperando pelo momento que ela sonhava que seria poss\u00edvel na sua cidade natal.<\/p>\n\n\n\n<p>Mas n\u00e3o era uma adversidade que faria Morgana desistir. De l\u00e1 para c\u00e1, foram mais shows, e novas inscri\u00e7\u00f5es nos sorteios de acesso realizados pela produ\u00e7\u00e3o de Luan. E na semana passada, finalmente, ela alcan\u00e7ou aquilo que chama de milagre: foi uma das cinco sorteadas para entrar no camarim do cantor em Santo \u00c2ngelo. \u201cS\u00e3o 13 anos de f\u00e3, e 12 anos de tentativas incans\u00e1veis para conhec\u00ea-lo e ter a oportunidade de falar o que ele representa na minha vida. Eu j\u00e1 tinha tido a oportunidade de abra\u00e7\u00e1-lo uma vez em um hotel, por\u00e9m de forma muito r\u00e1pida sem chance alguma de falar qualquer coisa ou expressar o que sinto, contar minha hist\u00f3ria\u201d, conta Morgana.<\/p>\n\n\n\n<p>O t\u00e3o sonhado encontro ocorreu na sexta-feira (21\/4). Ela conta que a equipe do cantor foi muito atenciosa na recep\u00e7\u00e3o e orienta\u00e7\u00e3o. Das cinco ganhadoras, ela foi a \u00faltima a acessar o camarim. \u201cQuando entrei, ele estava parado em frente a um painel, quando o vi lembro de ter falado: \u2018\u00e9 real!\u2019. Ele deu uma risadinha. Eu fui at\u00e9 ele, dei um abra\u00e7o, falei que fazia 12 anos que eu me inscrevia em sorteios para conhec\u00ea-lo\u201d, relembra. Ela conta toda a hist\u00f3ria para ele at\u00e9 chegar no momento. \u201cEle me respondeu: que lindo isso\u201d, complementa. Ela lembra que ao sair do camarim, ainda n\u00e3o assimilava muito bem o acontecido. \u201cAntes de entrar eu mentalizei muito que eu n\u00e3o queria chorar, que eu precisava entrar l\u00e1 e falar para o Luan o que estava no meu cora\u00e7\u00e3o. Eu sempre quis que esse momento fosse uma troca, uma conversa. Foi lindo demais, Luan foi muito atencioso comigo, me tratou de forma super carinhosa e respeitosa\u201d, comenta.<\/p>\n\n\n\n<p><strong>Um milagre na hora certa<\/strong><\/p>\n\n\n\n<p>Para Morgana, a conquista ganhou ares de um milagre. Durante toda semana, ela tinha se mantido confiante de que sua hora estava chegando, inclusive, fazendo postagens em redes sociais. No dia do sorteio, fez um ato de f\u00e9, que conta emocionada. \u201cEu peguei nas minhas m\u00e3os o presente que eu tinha para o Luan dentro do carro, que j\u00e1 havia levado em um show e n\u00e3o consegui entregar, com as minhas duas m\u00e3os e falei em voz alta: \u2018Deus, eu entrego o meu sonho nas tuas m\u00e3os, eu sei que tu pode realizar\u2019. Passei a manh\u00e3 mentalizando que a Central de f\u00e3s do Luan iria me ligar\u201d, revela.<\/p>\n\n\n\n<p>Perto das 11h30, o celular tocou. \u201cFoi um misto de sensa\u00e7\u00f5es. Ao atender ningu\u00e9m falou nada por algum tempo, mas tinha uma m\u00fasica do Luan tocando no fundo da liga\u00e7\u00e3o. Ent\u00e3o logo percebi que eu havia ganhado e que estavam ligando para comunicar\u201d, destaca.<\/p>\n\n\n\n<p>Muito choro se seguiu enquanto conversava com a equipe. \u201cEu s\u00f3 conseguia agradecer por estarem me ligando, falar que eu estava h\u00e1 12 anos esperando essa liga\u00e7\u00e3o e que eu estava muito feliz. Eu tremia demais\u201d, salienta. Mesmo confiante, ela ainda n\u00e3o tinha comprado os ingressos. Al\u00e9m disso, Santo \u00c2ngelo \u00e9 longe de Passo Fundo, onde ela mora, e foi preciso garantir tamb\u00e9m o hotel. \u201cFoi uma loucura\u201d, lembra.<\/p>\n\n\n\n<p>Ela tamb\u00e9m acredita que tudo aconteceu no momento certo. Lembra que ficou muito frustrada com a situa\u00e7\u00e3o do show em Teut\u00f4nia, pois realmente acreditava que seria mais f\u00e1cil conseguir o camarim no show em sua cidade. Isso porque acreditava que haveria mais pulseira de camarim sorteadas, pois h\u00e1 uma parte que \u00e9 entregue aos realizadores do show e normalmente s\u00e3o usadas em promo\u00e7\u00f5es. \u201cSabendo que em Teut\u00f4nia n\u00e3o foi assim e que n\u00e3o tivemos oportunidade alguma, eu de fato me frustrei\u201d, comenta.<\/p>\n\n\n\n<p>Por\u00e9m, agora acredita que n\u00e3o conseguiu em Teut\u00f4nia porque n\u00e3o era sua hora. \u201cTalvez Deus tinha um prop\u00f3sito muito maior do que eu s\u00f3 entrar no camarim e tirar uma foto. Acredito que depois de tantos anos de espera Ele queria que meu momento fosse algo muito maior do que isso e ent\u00e3o ele me presenteou com um dia lindo de sol em Santo \u00c2ngelo, uma noite de estrelada, um v\u00eddeo maravilhoso que relata detalhadamente o que eu vivi naquele dia e o reconhecimento do meu \u00eddolo\u201d, avalia.<\/p>\n\n\n\n<figure class=\"wp-block-image size-large\"><img loading=\"lazy\" decoding=\"async\" width=\"768\" height=\"1024\" src=\"https:\/\/folhapopular.info\/wp-content\/uploads\/2023\/04\/Moga-e-pulseira-768x1024.jpeg\" alt=\"\" class=\"wp-image-126482\" srcset=\"https:\/\/folhapopular.info\/wp-content\/uploads\/2023\/04\/Moga-e-pulseira-768x1024.jpeg 768w, https:\/\/folhapopular.info\/wp-content\/uploads\/2023\/04\/Moga-e-pulseira-225x300.jpeg 225w, https:\/\/folhapopular.info\/wp-content\/uploads\/2023\/04\/Moga-e-pulseira-1152x1536.jpeg 1152w, https:\/\/folhapopular.info\/wp-content\/uploads\/2023\/04\/Moga-e-pulseira-696x928.jpeg 696w, https:\/\/folhapopular.info\/wp-content\/uploads\/2023\/04\/Moga-e-pulseira-1068x1424.jpeg 1068w, https:\/\/folhapopular.info\/wp-content\/uploads\/2023\/04\/Moga-e-pulseira.jpeg 1200w\" sizes=\"auto, (max-width: 768px) 100vw, 768px\" \/><figcaption class=\"wp-element-caption\">Morgana com a pulseira que esperou por 12 anos<\/figcaption><\/figure>\n\n\n\n<p><strong>No<em> feed <\/em>do \u00eddolo<\/strong><\/p>\n\n\n\n<p>Morgana fala isso porque al\u00e9m do t\u00e3o sonhado camarim, ainda foi agraciada sendo protagonista de um v\u00eddeo postado nas redes sociais oficiais de Luan Santana. No v\u00eddeo, ela conta sua hist\u00f3ria com Luan Santana e a caminhada at\u00e9 chegar ao seu sonho. A foto dela com Luan ficou estampada no <em>feed<\/em> do cantor.<\/p>\n\n\n\n<p>Ela conta que foi convidada pela equipe antes de entrar no camarim para gravar o v\u00eddeo, mas que n\u00e3o sabia o que seria feito com ele. \u201cNa hora topei, mas nunca imaginei que fariam um v\u00eddeo lindo daqueles, mostrando minha hist\u00f3ria e meu momento com o Luan. Foi muito mais do que eu sempre sonhei. Estou muito grata por isso, Deus foi mais do que bom comigo\u201d, conta.<\/p>\n\n\n\n<p>Ela afirma que \u00e9 dif\u00edcil expressar tudo que est\u00e1 sentindo. \u201c\u00c9 a minha hist\u00f3ria com o Luan sendo contada para mais de 34 milh\u00f5es de pessoas. Mas n\u00e3o \u00e9 sobre n\u00fameros, \u00e9 sobre saber que meu \u00eddolo agora me conhece e conhece minha hist\u00f3ria. Que sabe do amor que sinto por ele\u201d, declara.<\/p>\n\n\n\n<p><strong>Carinho e reconhecimento<\/strong><\/p>\n\n\n\n<p>Desde que recebeu e publicou a not\u00edcia do sorteio, Morgana tem recebido o carinho de muitas pessoas que acompanham sua saga em busca do camarim, inclusive de pessoas que n\u00e3o conhece. S\u00e3o in\u00fameras mensagens, que aumentaram depois da divulga\u00e7\u00e3o do v\u00eddeo nas p\u00e1ginas do cantor. \u201cMuito mensagens dizendo que minha hist\u00f3ria \u00e9 linda, que eu mere\u00e7o demais tudo isso. Eu s\u00f3 consigo sentir gratid\u00e3o por tudo que estou vivendo. Eu mais uma vez confirmei que eu escolhi o \u00eddolo certo. Se Deus me desse mais 10 vidas, eu escolheria o Luan nas 10\u201d, pontua.<\/p>\n\n\n\n<p>Ela diz que se sente privilegiada, pois s\u00e3o muitos f\u00e3s que gostariam de ter essa oportunidade. \u201cEu agrade\u00e7o demais por ter tido essa oportunidade. Espero que eu possa realizar muitas vezes mais e que n\u00e3o demore mais 12 anos para de repetir. Eu desejo que todos os f\u00e3s de verdade possam algum dia sentir o que estou sentindo\u201d, conclui.<\/p>\n","protected":false},"excerpt":{"rendered":"<p>Quando a carreira de Luan Santana \u201cestourou\u201d nacionalmente, ele cantava a m\u00fasica Meteoro, em que um dos trechos dizia \u201cs\u00f3 quem sonha consegue alcan\u00e7ar\u201d. A f\u00e3 teutoniense do cantor, Morgana Hofst\u00e4tter Horst, levou essa frase muito a s\u00e9rio. No ano passado, nos meses que antecederam a Festa de Maio, a comunidade de Teut\u00f4nia e regi\u00e3o [&hellip;]<\/p>\n","protected":false},"author":5,"featured_media":126481,"comment_status":"open","ping_status":"open","sticky":false,"template":"","format":"standard","meta":{"pmpro_default_level":"","_jetpack_memberships_contains_paid_content":false,"footnotes":""},"categories":[2,10999,6],"tags":[],"class_list":{"0":"post-126480","1":"post","2":"type-post","3":"status-publish","4":"format-standard","5":"has-post-thumbnail","7":"category-featured","8":"category-entretenimento","9":"category-inclusive","10":"pmpro-has-access"},"yoast_head":"<!-- This site is optimized with the Yoast SEO plugin v27.5 - https:\/\/yoast.com\/product\/yoast-seo-wordpress\/ -->\n<title>Ap\u00f3s frustra\u00e7\u00e3o na Festa de Maio, teutoniense realiza sonho e entra no camarim de Luan Santana - Folha Popular<\/title>\n<meta name=\"robots\" content=\"index, follow, max-snippet:-1, max-image-preview:large, max-video-preview:-1\" \/>\n<link rel=\"canonical\" href=\"https:\/\/folhapopular.info\/index.php\/2023\/04\/25\/apos-frustracao-na-festa-de-maio-teutoniense-realiza-sonho-e-entra-no-camarim-de-luan-santana\/\" \/>\n<meta property=\"og:locale\" content=\"pt_BR\" \/>\n<meta property=\"og:type\" content=\"article\" \/>\n<meta property=\"og:title\" content=\"Ap\u00f3s frustra\u00e7\u00e3o na Festa de Maio, teutoniense realiza sonho e entra no camarim de Luan Santana - Folha Popular\" \/>\n<meta property=\"og:description\" content=\"Quando a carreira de Luan Santana \u201cestourou\u201d nacionalmente, ele cantava a m\u00fasica Meteoro, em que um dos trechos dizia \u201cs\u00f3 quem sonha consegue alcan\u00e7ar\u201d. A f\u00e3 teutoniense do cantor, Morgana Hofst\u00e4tter Horst, levou essa frase muito a s\u00e9rio. No ano passado, nos meses que antecederam a Festa de Maio, a comunidade de Teut\u00f4nia e regi\u00e3o [&hellip;]\" \/>\n<meta property=\"og:url\" content=\"https:\/\/folhapopular.info\/index.php\/2023\/04\/25\/apos-frustracao-na-festa-de-maio-teutoniense-realiza-sonho-e-entra-no-camarim-de-luan-santana\/\" \/>\n<meta property=\"og:site_name\" content=\"Folha Popular\" \/>\n<meta property=\"article:published_time\" content=\"2023-04-25T18:35:33+00:00\" \/>\n<meta property=\"article:modified_time\" content=\"2023-04-25T18:35:57+00:00\" \/>\n<meta property=\"og:image\" content=\"http:\/\/folhapopular.info\/wp-content\/uploads\/2023\/04\/Moga-e-Luan.jpeg\" \/>\n\t<meta property=\"og:image:width\" content=\"768\" \/>\n\t<meta property=\"og:image:height\" content=\"1024\" \/>\n\t<meta property=\"og:image:type\" content=\"image\/jpeg\" \/>\n<meta name=\"author\" content=\"Paloma Cristine Griesang\" \/>\n<meta name=\"twitter:card\" content=\"summary_large_image\" \/>\n<meta name=\"twitter:label1\" content=\"Escrito por\" \/>\n\t<meta name=\"twitter:data1\" content=\"Paloma Cristine Griesang\" \/>\n\t<meta name=\"twitter:label2\" content=\"Est. tempo de leitura\" \/>\n\t<meta name=\"twitter:data2\" content=\"7 minutos\" \/>\n<script type=\"application\/ld+json\" class=\"yoast-schema-graph\">{\"@context\":\"https:\\\/\\\/schema.org\",\"@graph\":[{\"@type\":\"Article\",\"@id\":\"https:\\\/\\\/folhapopular.info\\\/index.php\\\/2023\\\/04\\\/25\\\/apos-frustracao-na-festa-de-maio-teutoniense-realiza-sonho-e-entra-no-camarim-de-luan-santana\\\/#article\",\"isPartOf\":{\"@id\":\"https:\\\/\\\/folhapopular.info\\\/index.php\\\/2023\\\/04\\\/25\\\/apos-frustracao-na-festa-de-maio-teutoniense-realiza-sonho-e-entra-no-camarim-de-luan-santana\\\/\"},\"author\":{\"name\":\"Paloma Cristine Griesang\",\"@id\":\"https:\\\/\\\/folhapopular.info\\\/#\\\/schema\\\/person\\\/6441c3adb14a6337552a9700ef5698d2\"},\"headline\":\"Ap\u00f3s frustra\u00e7\u00e3o na Festa de Maio, teutoniense realiza sonho e entra no camarim de Luan Santana\",\"datePublished\":\"2023-04-25T18:35:33+00:00\",\"dateModified\":\"2023-04-25T18:35:57+00:00\",\"mainEntityOfPage\":{\"@id\":\"https:\\\/\\\/folhapopular.info\\\/index.php\\\/2023\\\/04\\\/25\\\/apos-frustracao-na-festa-de-maio-teutoniense-realiza-sonho-e-entra-no-camarim-de-luan-santana\\\/\"},\"wordCount\":1280,\"commentCount\":0,\"image\":{\"@id\":\"https:\\\/\\\/folhapopular.info\\\/index.php\\\/2023\\\/04\\\/25\\\/apos-frustracao-na-festa-de-maio-teutoniense-realiza-sonho-e-entra-no-camarim-de-luan-santana\\\/#primaryimage\"},\"thumbnailUrl\":\"https:\\\/\\\/folhapopular.info\\\/wp-content\\\/uploads\\\/2023\\\/04\\\/Moga-e-Luan.jpeg\",\"articleSection\":[\"Destaques\",\"Entretenimento\",\"Inclusive\"],\"inLanguage\":\"pt-BR\",\"potentialAction\":[{\"@type\":\"CommentAction\",\"name\":\"Comment\",\"target\":[\"https:\\\/\\\/folhapopular.info\\\/index.php\\\/2023\\\/04\\\/25\\\/apos-frustracao-na-festa-de-maio-teutoniense-realiza-sonho-e-entra-no-camarim-de-luan-santana\\\/#respond\"]}]},{\"@type\":\"WebPage\",\"@id\":\"https:\\\/\\\/folhapopular.info\\\/index.php\\\/2023\\\/04\\\/25\\\/apos-frustracao-na-festa-de-maio-teutoniense-realiza-sonho-e-entra-no-camarim-de-luan-santana\\\/\",\"url\":\"https:\\\/\\\/folhapopular.info\\\/index.php\\\/2023\\\/04\\\/25\\\/apos-frustracao-na-festa-de-maio-teutoniense-realiza-sonho-e-entra-no-camarim-de-luan-santana\\\/\",\"name\":\"Ap\u00f3s frustra\u00e7\u00e3o na Festa de Maio, teutoniense realiza sonho e entra no camarim de Luan Santana - Folha Popular\",\"isPartOf\":{\"@id\":\"https:\\\/\\\/folhapopular.info\\\/#website\"},\"primaryImageOfPage\":{\"@id\":\"https:\\\/\\\/folhapopular.info\\\/index.php\\\/2023\\\/04\\\/25\\\/apos-frustracao-na-festa-de-maio-teutoniense-realiza-sonho-e-entra-no-camarim-de-luan-santana\\\/#primaryimage\"},\"image\":{\"@id\":\"https:\\\/\\\/folhapopular.info\\\/index.php\\\/2023\\\/04\\\/25\\\/apos-frustracao-na-festa-de-maio-teutoniense-realiza-sonho-e-entra-no-camarim-de-luan-santana\\\/#primaryimage\"},\"thumbnailUrl\":\"https:\\\/\\\/folhapopular.info\\\/wp-content\\\/uploads\\\/2023\\\/04\\\/Moga-e-Luan.jpeg\",\"datePublished\":\"2023-04-25T18:35:33+00:00\",\"dateModified\":\"2023-04-25T18:35:57+00:00\",\"author\":{\"@id\":\"https:\\\/\\\/folhapopular.info\\\/#\\\/schema\\\/person\\\/6441c3adb14a6337552a9700ef5698d2\"},\"breadcrumb\":{\"@id\":\"https:\\\/\\\/folhapopular.info\\\/index.php\\\/2023\\\/04\\\/25\\\/apos-frustracao-na-festa-de-maio-teutoniense-realiza-sonho-e-entra-no-camarim-de-luan-santana\\\/#breadcrumb\"},\"inLanguage\":\"pt-BR\",\"potentialAction\":[{\"@type\":\"ReadAction\",\"target\":[\"https:\\\/\\\/folhapopular.info\\\/index.php\\\/2023\\\/04\\\/25\\\/apos-frustracao-na-festa-de-maio-teutoniense-realiza-sonho-e-entra-no-camarim-de-luan-santana\\\/\"]}]},{\"@type\":\"ImageObject\",\"inLanguage\":\"pt-BR\",\"@id\":\"https:\\\/\\\/folhapopular.info\\\/index.php\\\/2023\\\/04\\\/25\\\/apos-frustracao-na-festa-de-maio-teutoniense-realiza-sonho-e-entra-no-camarim-de-luan-santana\\\/#primaryimage\",\"url\":\"https:\\\/\\\/folhapopular.info\\\/wp-content\\\/uploads\\\/2023\\\/04\\\/Moga-e-Luan.jpeg\",\"contentUrl\":\"https:\\\/\\\/folhapopular.info\\\/wp-content\\\/uploads\\\/2023\\\/04\\\/Moga-e-Luan.jpeg\",\"width\":768,\"height\":1024,\"caption\":\"A t\u00e3o sonhada foto no camarim do \u00eddolo se tornou realizadores\"},{\"@type\":\"BreadcrumbList\",\"@id\":\"https:\\\/\\\/folhapopular.info\\\/index.php\\\/2023\\\/04\\\/25\\\/apos-frustracao-na-festa-de-maio-teutoniense-realiza-sonho-e-entra-no-camarim-de-luan-santana\\\/#breadcrumb\",\"itemListElement\":[{\"@type\":\"ListItem\",\"position\":1,\"name\":\"In\u00edcio\",\"item\":\"https:\\\/\\\/folhapopular.info\\\/\"},{\"@type\":\"ListItem\",\"position\":2,\"name\":\"Ap\u00f3s frustra\u00e7\u00e3o na Festa de Maio, teutoniense realiza sonho e entra no camarim de Luan Santana\"}]},{\"@type\":\"WebSite\",\"@id\":\"https:\\\/\\\/folhapopular.info\\\/#website\",\"url\":\"https:\\\/\\\/folhapopular.info\\\/\",\"name\":\"Folha Popular\",\"description\":\"Onde voc\u00ea tem vez e voz\",\"potentialAction\":[{\"@type\":\"SearchAction\",\"target\":{\"@type\":\"EntryPoint\",\"urlTemplate\":\"https:\\\/\\\/folhapopular.info\\\/?s={search_term_string}\"},\"query-input\":{\"@type\":\"PropertyValueSpecification\",\"valueRequired\":true,\"valueName\":\"search_term_string\"}}],\"inLanguage\":\"pt-BR\"},{\"@type\":\"Person\",\"@id\":\"https:\\\/\\\/folhapopular.info\\\/#\\\/schema\\\/person\\\/6441c3adb14a6337552a9700ef5698d2\",\"name\":\"Paloma Cristine Griesang\",\"image\":{\"@type\":\"ImageObject\",\"inLanguage\":\"pt-BR\",\"@id\":\"https:\\\/\\\/secure.gravatar.com\\\/avatar\\\/7a1c3f1e1b05846882a13987cf3bd04239fe0ea8fd472d7d16d7f21c265005a5?s=96&d=mm&r=g\",\"url\":\"https:\\\/\\\/secure.gravatar.com\\\/avatar\\\/7a1c3f1e1b05846882a13987cf3bd04239fe0ea8fd472d7d16d7f21c265005a5?s=96&d=mm&r=g\",\"contentUrl\":\"https:\\\/\\\/secure.gravatar.com\\\/avatar\\\/7a1c3f1e1b05846882a13987cf3bd04239fe0ea8fd472d7d16d7f21c265005a5?s=96&d=mm&r=g\",\"caption\":\"Paloma Cristine Griesang\"},\"url\":\"https:\\\/\\\/folhapopular.info\\\/index.php\\\/author\\\/paloma-griesang\\\/\"}]}<\/script>\n<!-- \/ Yoast SEO plugin. -->","yoast_head_json":{"title":"Ap\u00f3s frustra\u00e7\u00e3o na Festa de Maio, teutoniense realiza sonho e entra no camarim de Luan Santana - Folha Popular","robots":{"index":"index","follow":"follow","max-snippet":"max-snippet:-1","max-image-preview":"max-image-preview:large","max-video-preview":"max-video-preview:-1"},"canonical":"https:\/\/folhapopular.info\/index.php\/2023\/04\/25\/apos-frustracao-na-festa-de-maio-teutoniense-realiza-sonho-e-entra-no-camarim-de-luan-santana\/","og_locale":"pt_BR","og_type":"article","og_title":"Ap\u00f3s frustra\u00e7\u00e3o na Festa de Maio, teutoniense realiza sonho e entra no camarim de Luan Santana - Folha Popular","og_description":"Quando a carreira de Luan Santana \u201cestourou\u201d nacionalmente, ele cantava a m\u00fasica Meteoro, em que um dos trechos dizia \u201cs\u00f3 quem sonha consegue alcan\u00e7ar\u201d. A f\u00e3 teutoniense do cantor, Morgana Hofst\u00e4tter Horst, levou essa frase muito a s\u00e9rio. No ano passado, nos meses que antecederam a Festa de Maio, a comunidade de Teut\u00f4nia e regi\u00e3o [&hellip;]","og_url":"https:\/\/folhapopular.info\/index.php\/2023\/04\/25\/apos-frustracao-na-festa-de-maio-teutoniense-realiza-sonho-e-entra-no-camarim-de-luan-santana\/","og_site_name":"Folha Popular","article_published_time":"2023-04-25T18:35:33+00:00","article_modified_time":"2023-04-25T18:35:57+00:00","og_image":[{"width":768,"height":1024,"url":"http:\/\/folhapopular.info\/wp-content\/uploads\/2023\/04\/Moga-e-Luan.jpeg","type":"image\/jpeg"}],"author":"Paloma Cristine Griesang","twitter_card":"summary_large_image","twitter_misc":{"Escrito por":"Paloma Cristine Griesang","Est. tempo de leitura":"7 minutos"},"schema":{"@context":"https:\/\/schema.org","@graph":[{"@type":"Article","@id":"https:\/\/folhapopular.info\/index.php\/2023\/04\/25\/apos-frustracao-na-festa-de-maio-teutoniense-realiza-sonho-e-entra-no-camarim-de-luan-santana\/#article","isPartOf":{"@id":"https:\/\/folhapopular.info\/index.php\/2023\/04\/25\/apos-frustracao-na-festa-de-maio-teutoniense-realiza-sonho-e-entra-no-camarim-de-luan-santana\/"},"author":{"name":"Paloma Cristine Griesang","@id":"https:\/\/folhapopular.info\/#\/schema\/person\/6441c3adb14a6337552a9700ef5698d2"},"headline":"Ap\u00f3s frustra\u00e7\u00e3o na Festa de Maio, teutoniense realiza sonho e entra no camarim de Luan Santana","datePublished":"2023-04-25T18:35:33+00:00","dateModified":"2023-04-25T18:35:57+00:00","mainEntityOfPage":{"@id":"https:\/\/folhapopular.info\/index.php\/2023\/04\/25\/apos-frustracao-na-festa-de-maio-teutoniense-realiza-sonho-e-entra-no-camarim-de-luan-santana\/"},"wordCount":1280,"commentCount":0,"image":{"@id":"https:\/\/folhapopular.info\/index.php\/2023\/04\/25\/apos-frustracao-na-festa-de-maio-teutoniense-realiza-sonho-e-entra-no-camarim-de-luan-santana\/#primaryimage"},"thumbnailUrl":"https:\/\/folhapopular.info\/wp-content\/uploads\/2023\/04\/Moga-e-Luan.jpeg","articleSection":["Destaques","Entretenimento","Inclusive"],"inLanguage":"pt-BR","potentialAction":[{"@type":"CommentAction","name":"Comment","target":["https:\/\/folhapopular.info\/index.php\/2023\/04\/25\/apos-frustracao-na-festa-de-maio-teutoniense-realiza-sonho-e-entra-no-camarim-de-luan-santana\/#respond"]}]},{"@type":"WebPage","@id":"https:\/\/folhapopular.info\/index.php\/2023\/04\/25\/apos-frustracao-na-festa-de-maio-teutoniense-realiza-sonho-e-entra-no-camarim-de-luan-santana\/","url":"https:\/\/folhapopular.info\/index.php\/2023\/04\/25\/apos-frustracao-na-festa-de-maio-teutoniense-realiza-sonho-e-entra-no-camarim-de-luan-santana\/","name":"Ap\u00f3s frustra\u00e7\u00e3o na Festa de Maio, teutoniense realiza sonho e entra no camarim de Luan Santana - Folha Popular","isPartOf":{"@id":"https:\/\/folhapopular.info\/#website"},"primaryImageOfPage":{"@id":"https:\/\/folhapopular.info\/index.php\/2023\/04\/25\/apos-frustracao-na-festa-de-maio-teutoniense-realiza-sonho-e-entra-no-camarim-de-luan-santana\/#primaryimage"},"image":{"@id":"https:\/\/folhapopular.info\/index.php\/2023\/04\/25\/apos-frustracao-na-festa-de-maio-teutoniense-realiza-sonho-e-entra-no-camarim-de-luan-santana\/#primaryimage"},"thumbnailUrl":"https:\/\/folhapopular.info\/wp-content\/uploads\/2023\/04\/Moga-e-Luan.jpeg","datePublished":"2023-04-25T18:35:33+00:00","dateModified":"2023-04-25T18:35:57+00:00","author":{"@id":"https:\/\/folhapopular.info\/#\/schema\/person\/6441c3adb14a6337552a9700ef5698d2"},"breadcrumb":{"@id":"https:\/\/folhapopular.info\/index.php\/2023\/04\/25\/apos-frustracao-na-festa-de-maio-teutoniense-realiza-sonho-e-entra-no-camarim-de-luan-santana\/#breadcrumb"},"inLanguage":"pt-BR","potentialAction":[{"@type":"ReadAction","target":["https:\/\/folhapopular.info\/index.php\/2023\/04\/25\/apos-frustracao-na-festa-de-maio-teutoniense-realiza-sonho-e-entra-no-camarim-de-luan-santana\/"]}]},{"@type":"ImageObject","inLanguage":"pt-BR","@id":"https:\/\/folhapopular.info\/index.php\/2023\/04\/25\/apos-frustracao-na-festa-de-maio-teutoniense-realiza-sonho-e-entra-no-camarim-de-luan-santana\/#primaryimage","url":"https:\/\/folhapopular.info\/wp-content\/uploads\/2023\/04\/Moga-e-Luan.jpeg","contentUrl":"https:\/\/folhapopular.info\/wp-content\/uploads\/2023\/04\/Moga-e-Luan.jpeg","width":768,"height":1024,"caption":"A t\u00e3o sonhada foto no camarim do \u00eddolo se tornou realizadores"},{"@type":"BreadcrumbList","@id":"https:\/\/folhapopular.info\/index.php\/2023\/04\/25\/apos-frustracao-na-festa-de-maio-teutoniense-realiza-sonho-e-entra-no-camarim-de-luan-santana\/#breadcrumb","itemListElement":[{"@type":"ListItem","position":1,"name":"In\u00edcio","item":"https:\/\/folhapopular.info\/"},{"@type":"ListItem","position":2,"name":"Ap\u00f3s frustra\u00e7\u00e3o na Festa de Maio, teutoniense realiza sonho e entra no camarim de Luan Santana"}]},{"@type":"WebSite","@id":"https:\/\/folhapopular.info\/#website","url":"https:\/\/folhapopular.info\/","name":"Folha Popular","description":"Onde voc\u00ea tem vez e voz","potentialAction":[{"@type":"SearchAction","target":{"@type":"EntryPoint","urlTemplate":"https:\/\/folhapopular.info\/?s={search_term_string}"},"query-input":{"@type":"PropertyValueSpecification","valueRequired":true,"valueName":"search_term_string"}}],"inLanguage":"pt-BR"},{"@type":"Person","@id":"https:\/\/folhapopular.info\/#\/schema\/person\/6441c3adb14a6337552a9700ef5698d2","name":"Paloma Cristine Griesang","image":{"@type":"ImageObject","inLanguage":"pt-BR","@id":"https:\/\/secure.gravatar.com\/avatar\/7a1c3f1e1b05846882a13987cf3bd04239fe0ea8fd472d7d16d7f21c265005a5?s=96&d=mm&r=g","url":"https:\/\/secure.gravatar.com\/avatar\/7a1c3f1e1b05846882a13987cf3bd04239fe0ea8fd472d7d16d7f21c265005a5?s=96&d=mm&r=g","contentUrl":"https:\/\/secure.gravatar.com\/avatar\/7a1c3f1e1b05846882a13987cf3bd04239fe0ea8fd472d7d16d7f21c265005a5?s=96&d=mm&r=g","caption":"Paloma Cristine Griesang"},"url":"https:\/\/folhapopular.info\/index.php\/author\/paloma-griesang\/"}]}},"jetpack_featured_media_url":"https:\/\/folhapopular.info\/wp-content\/uploads\/2023\/04\/Moga-e-Luan.jpeg","jetpack_sharing_enabled":true,"amp_enabled":true,"_links":{"self":[{"href":"https:\/\/folhapopular.info\/index.php\/wp-json\/wp\/v2\/posts\/126480","targetHints":{"allow":["GET"]}}],"collection":[{"href":"https:\/\/folhapopular.info\/index.php\/wp-json\/wp\/v2\/posts"}],"about":[{"href":"https:\/\/folhapopular.info\/index.php\/wp-json\/wp\/v2\/types\/post"}],"author":[{"embeddable":true,"href":"https:\/\/folhapopular.info\/index.php\/wp-json\/wp\/v2\/users\/5"}],"replies":[{"embeddable":true,"href":"https:\/\/folhapopular.info\/index.php\/wp-json\/wp\/v2\/comments?post=126480"}],"version-history":[{"count":0,"href":"https:\/\/folhapopular.info\/index.php\/wp-json\/wp\/v2\/posts\/126480\/revisions"}],"wp:featuredmedia":[{"embeddable":true,"href":"https:\/\/folhapopular.info\/index.php\/wp-json\/wp\/v2\/media\/126481"}],"wp:attachment":[{"href":"https:\/\/folhapopular.info\/index.php\/wp-json\/wp\/v2\/media?parent=126480"}],"wp:term":[{"taxonomy":"category","embeddable":true,"href":"https:\/\/folhapopular.info\/index.php\/wp-json\/wp\/v2\/categories?post=126480"},{"taxonomy":"post_tag","embeddable":true,"href":"https:\/\/folhapopular.info\/index.php\/wp-json\/wp\/v2\/tags?post=126480"}],"curies":[{"name":"wp","href":"https:\/\/api.w.org\/{rel}","templated":true}]}}